{"id":7009,"date":"2022-11-03T12:07:24","date_gmt":"2022-11-03T12:07:24","guid":{"rendered":"https:\/\/www.consejoderectores.cl\/?p=7009"},"modified":"2022-11-03T16:47:54","modified_gmt":"2022-11-03T16:47:54","slug":"dr-ricardo-araya-premio-nacional-de-ciencias-aplicadas-y-tecnologicas-2022-tenemos-que-ampliar-nuestro-conocimiento-de-los-problemas-de-los-jovenes-y-aprender-a-escuchar-tambien","status":"publish","type":"post","link":"https:\/\/consejoderectores.cl\/en\/2022\/11\/03\/dr-ricardo-araya-premio-nacional-de-ciencias-aplicadas-y-tecnologicas-2022-tenemos-que-ampliar-nuestro-conocimiento-de-los-problemas-de-los-jovenes-y-aprender-a-escuchar-tambien\/","title":{"rendered":"Dr. Ricardo Araya, National Prize for Applied Sciences and Technologies 2022: \u201cWe need to broaden our understanding of the problems young people face and learn to listen as well.\u201d"},"content":{"rendered":"<blockquote><p>The renowned mental health specialist, a graduate of the University of Chile, professor at King&#039;s College London, and senior researcher at the Millennium Nucleus Imhay, participated in the launch of the Mental Health and Coexistence Commission of the Council of Rectors (CRUCH). This body, which brings together various experts, has the initial objective of developing a mental health assessment of the diverse realities within the universities that comprise the organization.<\/p><\/blockquote>\n<p><span style=\"font-family: verdana, geneva, sans-serif;\">In the Hall of Honor of the Central House of the University of Chile, university authorities, academics and students gathered yesterday, Thursday, November 2nd, to participate in the<strong>\u00a0Launch of the Mental Health and Coexistence Commission belonging to the Council of Rectors (CRUCH), an entity that brings together specialists in the field and rectors of higher education institutions.<\/strong><\/span><\/p>\n<p><span style=\"font-family: verdana, geneva, sans-serif;\">The rector of the University of Chile participated in the meeting,<strong>\u00a0Rosa Dev\u00e9s;\u00a0<\/strong>the vice-rector<strong>, Alejandra Mizala;\u00a0<\/strong>the executive vice president of CRUCH, rector of the University of Tarapac\u00e1,\u00a0<strong>Emilio Rodriguez\u00a0<\/strong>(remotely) the rector of the Metropolitan University of Educational Sciences (UMCE),<strong>\u00a0Elisa Araya;<\/strong>\u00a0 the rector of the Catholic University of Chile,\u00a0<strong>Ignacio S\u00e1nchez<\/strong>; the General Secretary of CRUCH,\u00a0<strong>Mar\u00eda Ang\u00e9lica Bosch<\/strong>; the , Director of Student Welfare and Development at the University of Chile,\u00a0<strong>Pamela D\u00edaz-Romero;\u00a0<\/strong>the vice-rectors\u00a0<strong>Enrique Aliste, Josiane Bonnefoy and Pilar Barba,<\/strong> among other guests.<\/span><\/p>\n<p><span style=\"font-family: verdana, geneva, sans-serif;\">The activity included a talk by\u00a0<strong>2022 National Prize for Applied Sciences and Technologies, Dr. Ricardo Araya<\/strong>, In her address, she referred to the mental health of university students, noting that providing attention in this area is a priority, along with the creation of the Mental Health and Coexistence Commission within the Council of Rectors. \u201cThis initiative is of great importance. Everything done for young people is highly relevant,\u201d she said, adding that\u00a0<strong>\u201cThe future is in the hands of young people,\u201d therefore, what \u201cwe can do is collaborate to help them become more fulfilled individuals, and to contribute to a society that is better than the one we handed them over.\u201d.<\/strong><\/span><\/p>\n<p><span style=\"font-family: verdana, geneva, sans-serif;\">\u201cMental health is very closely linked to what\u2019s happening in society, unlike many physical illnesses. Mental health is very sensitive to what\u2019s going on in society. And these days, a lot is happening for young people,\u201d she said.<\/span><\/p>\n<p><span style=\"font-family: verdana, geneva, sans-serif;\">During his speech, the academic stated that \u201ca significant percentage of young people will have a major disorder, with a high risk<strong>. We have an ethical commitment to do something for young people who need it.\u201d.\u00a0<\/strong>He also said that &quot;a system can be organized to move this forward,&quot; alluding to the initiative put forward by CRUCH.<\/span><\/p>\n<p><span style=\"font-family: verdana, geneva, sans-serif;\">\u201cWe don\u2019t know enough; we need to broaden our understanding of the problems facing young people.\u201d,\u00a0<strong>learning to listen too\u00a0<\/strong>\u201dWe need to develop better detection strategies and more engaging programs that encourage youth participation,\u201d he explained, outlining the challenge. He added that it is necessary to develop interventions that involve young people, starting with programs that have few components and gradually adding more, and thoroughly planning how the chosen program will be implemented, including necessary resources, outreach, monitoring, and evaluation, among other things.<\/span><\/p>\n<p><span style=\"font-family: verdana, geneva, sans-serif;\"><strong>CRUCH Commission on Mental Health and Coexistence\u00a0<\/strong><\/span><\/p>\n<p><span style=\"font-family: verdana, geneva, sans-serif;\">One of the most relevant aspects of the commission, which was presented on November 2nd at the University of Chile, is that it is a<strong>\u00a0This collaborative body includes representatives from various universities within the CRUCH (Council of Rectors of Chilean Universities). The commission is comprised of a group of experts from 14 universities, linked to the areas of student welfare and academic vice-rectorates.\u00a0<\/strong><\/span><\/p>\n<p><span style=\"font-family: verdana, geneva, sans-serif;\">Regarding the lines of work, the first stage involves making a diagnosis of the different realities of the CRUCH universities in order to subsequently evaluate which are the main issues that need to be addressed.<\/span><\/p>\n<p><span style=\"font-family: verdana, geneva, sans-serif;\">The\u00a0<strong>Rector Dev\u00e9s said that \u201ccollectively caring about the well-being of our community, especially our students, is one of the main challenges today.\u00a0<\/strong>Academic work must be based on a cohesive, peaceful, motivated, and safe community. Therefore, encouragement of high-quality work must be coupled with support and care so that everyone can reach their full potential and fulfill their duties with excellence and commitment, while also maintaining a proper balance between university commitments and other aspects of development, such as family and social life.<\/span><\/p>\n<p><span style=\"font-family: verdana, geneva, sans-serif;\">Meanwhile,\u00a0<strong>Rector Elisa Araya pointed out that the creation of the commission means &quot;the possibility of starting a conversation and seeing what each of our institutions is doing in their respective communities.&quot;\u201c<\/strong>. This is because,<strong>\u00a0<\/strong>\u00a0\u201cAlthough it may seem incredible, there are many actions \u2013 I liked Dr. Araya\u2019s idea about &#039;integrated and community solutions&#039; \u2013 that we perhaps need to start promoting in our universities and weaving them together with others, to generate a much more coherent system. That is what we want to start sharing and visualizing,\u2018 he said.<\/span><\/p>\n<p><span style=\"font-family: verdana, geneva, sans-serif;\"><strong>The executive vice president of CRUCH, Emilio Rodr\u00edguez,\u00a0<\/strong>He noted that \u201cas a Council, we have recognized the importance of this issue, given that many of our students, as well as staff and academics, have shown signs of mental health problems upon returning to in-person learning after the pandemic.\u201d He added that this situation affects coexistence and daily life at universities, therefore<strong>\u00a0The possibility of adequately diagnosing this issue, as well as projecting courses of action that allow its solution, are challenges of the utmost importance for CRUCH.<\/strong><\/span><\/p>\n<p><span style=\"font-family: verdana, geneva, sans-serif;\">In a panel discussion that took place during the event, the<strong>\u00a0<\/strong>Director of Student Welfare and Development at the University of Chile,\u00a0<strong>Pamela D\u00edaz-Romero pointed out that &quot;one of the biggest challenges in the interaction with mental health has to do with the role of universities as protective factors<\/strong>, That is, that they are capable of establishing a culture of health promotion and prevention. It is an emerging task, but one that deeply commits us, understanding that student status is temporary. We have a duty to educate active citizens, responsible for their own health.\u00bb.<\/span><\/p>\n<p><span style=\"font-family: verdana, geneva, sans-serif;\">Finally, Dr. Araya reflected on the situation faced by other institutions, noting that \u201cthe educational system \u2013 not just universities \u2013 has historically been based on the idea that you learn skills and then you are evaluated, and the use of evaluation brings with it stress (\u2026) People have different capacities to handle this and we don&#039;t know how many people are capable of handling it, and perhaps a person may have enormous capacity, but not be able to handle the other.\u201d.<\/span><\/p>\n<p><span style=\"font-family: verdana, geneva, sans-serif;\"><b>Experience of Professor Ricardo Araya<\/b><\/span><\/p>\n<p><span style=\"font-weight: 400; font-family: verdana, geneva, sans-serif;\">The psychiatrist and Senior Research Fellow at Imhay has dedicated the last 30 years to finding new types of mental health interventions for diverse vulnerable groups. He began with women in the 1990s, but later broadened his focus\u2014he currently directs the Centre for Global Mental Health at King&#039;s College London\u2014and now one of his main research interests is the mental health of children, adolescents, and young adults.<\/span><\/p>\n<p><span style=\"font-family: verdana, geneva, sans-serif;\"><span style=\"font-weight: 400;\">In 2013, a team led by Dr. Araya published in the American medical journal<\/span><a href=\"https:\/\/jamanetwork.com\/journals\/jamapediatrics\/fullarticle\/1734464\"> <span style=\"font-weight: 400;\">JAMA Pediatrics<\/span><\/a><span style=\"font-weight: 400;\">, The largest randomized clinical trial conducted in Latin America, concerning an intervention in adolescent schoolchildren in Chile. In the following years, he began collaborating with institutions in other countries, and currently, the scientist is conducting a study to develop a care model for young people affected by armed conflict in Colombia. He also participates in another project that seeks to identify resilience factors that help prevent or treat depression and anxiety in young people in Lima, Buenos Aires, and Bogot\u00e1; and in Chile\u2014as a Senior Researcher at the Imhay Center\u2014he is promoting the use of technologies and digital applications in various types of interventions, from games to stimulate basic psychological functions in preschoolers to computational tools to prevent and treat mental illnesses in adolescents and university students.<\/span><\/span><\/p>\n<p><span style=\"font-family: verdana, geneva, sans-serif;\"><strong>Watch the conference at:<\/strong>\u00a0<a href=\"https:\/\/m.youtube.com\/watch?v=TmHHm297St0\">https:\/\/m.youtube.com\/watch?v=TmHHm297St0<\/a><\/span><\/p>\n<p><span style=\"font-family: verdana, geneva, sans-serif;\">Prepared by: University of Chile Press + CRUCH Communications + IMHAY Communications<\/span><\/p>\n<p>&nbsp;<\/p>","protected":false},"excerpt":{"rendered":"<p>El destacado especialista en salud mental, egresado de la Universidad de Chile, acad\u00e9mico del King&#8217;s College London e investigador Senior del N\u00facleo Milenio Imhay, fue parte del lanzamiento de la Comisi\u00f3n de Salud Mental y Convivencia perteneciente al Consejo de Rectores (CRUCH). La instancia, que re\u00fane a diversos expertos y expertas, tiene como objetivo inicial [&hellip;]<\/p>\n","protected":false},"author":1,"featured_media":7015,"comment_status":"open","ping_status":"open","sticky":false,"template":"","format":"standard","meta":{"_acf_changed":false,"footnotes":""},"categories":[3,13],"tags":[],"class_list":["post-7009","post","type-post","status-publish","format-standard","has-post-thumbnail","hentry","category-noticias","category-noticias-carrusel"],"acf":[],"yoast_head":"<!-- This site is optimized with the Yoast SEO plugin v27.1.1 - https:\/\/yoast.com\/product\/yoast-seo-wordpress\/ -->\n<title>Dr. Ricardo Araya, Premio Nacional de Ciencias Aplicadas y Tecnol\u00f3gicas 2022: \u201cTenemos que ampliar nuestro conocimiento de los problemas de los j\u00f3venes y aprender a escuchar tambi\u00e9n\u201d - Consejo de Rectoras y Rectores de las Universidades Chilenas<\/title>\n<meta name=\"robots\" content=\"index, follow, max-snippet:-1, max-image-preview:large, max-video-preview:-1\" \/>\n<link rel=\"canonical\" href=\"https:\/\/consejoderectores.cl\/en\/2022\/11\/03\/dr-ricardo-araya-premio-nacional-de-ciencias-aplicadas-y-tecnologicas-2022-tenemos-que-ampliar-nuestro-conocimiento-de-los-problemas-de-los-jovenes-y-aprender-a-escuchar-tambien\/\" \/>\n<meta property=\"og:locale\" content=\"en_US\" \/>\n<meta property=\"og:type\" content=\"article\" \/>\n<meta property=\"og:title\" content=\"Dr. Ricardo Araya, Premio Nacional de Ciencias Aplicadas y Tecnol\u00f3gicas 2022: \u201cTenemos que ampliar nuestro conocimiento de los problemas de los j\u00f3venes y aprender a escuchar tambi\u00e9n\u201d - Consejo de Rectoras y Rectores de las Universidades Chilenas\" \/>\n<meta property=\"og:description\" content=\"El destacado especialista en salud mental, egresado de la Universidad de Chile, acad\u00e9mico del King&#8217;s College London e investigador Senior del N\u00facleo Milenio Imhay, fue parte del lanzamiento de la Comisi\u00f3n de Salud Mental y Convivencia perteneciente al Consejo de Rectores (CRUCH). La instancia, que re\u00fane a diversos expertos y expertas, tiene como objetivo inicial [&hellip;]\" \/>\n<meta property=\"og:url\" content=\"https:\/\/consejoderectores.cl\/en\/2022\/11\/03\/dr-ricardo-araya-premio-nacional-de-ciencias-aplicadas-y-tecnologicas-2022-tenemos-que-ampliar-nuestro-conocimiento-de-los-problemas-de-los-jovenes-y-aprender-a-escuchar-tambien\/\" \/>\n<meta property=\"og:site_name\" content=\"Consejo de Rectoras y Rectores de las Universidades Chilenas\" \/>\n<meta property=\"article:published_time\" content=\"2022-11-03T12:07:24+00:00\" \/>\n<meta property=\"article:modified_time\" content=\"2022-11-03T16:47:54+00:00\" \/>\n<meta property=\"og:image\" content=\"https:\/\/consejoderectores.cl\/wp-content\/uploads\/2022\/11\/Dr.-Araya.jpg\" \/>\n\t<meta property=\"og:image:width\" content=\"1165\" \/>\n\t<meta property=\"og:image:height\" content=\"559\" \/>\n\t<meta property=\"og:image:type\" content=\"image\/jpeg\" \/>\n<meta name=\"author\" content=\"Consejo de Rectores de las Universidades Chilenas\" \/>\n<meta name=\"twitter:card\" content=\"summary_large_image\" \/>\n<meta name=\"twitter:creator\" content=\"@CRUCH_cl\" \/>\n<meta name=\"twitter:site\" content=\"@CRUCH_cl\" \/>\n<meta name=\"twitter:label1\" content=\"Written by\" \/>\n\t<meta name=\"twitter:data1\" content=\"Consejo de Rectores de las Universidades Chilenas\" \/>\n\t<meta name=\"twitter:label2\" content=\"Est. reading time\" \/>\n\t<meta name=\"twitter:data2\" content=\"7 minutes\" \/>\n<script type=\"application\/ld+json\" class=\"yoast-schema-graph\">{\"@context\":\"https:\/\/schema.org\",\"@graph\":[{\"@type\":\"Article\",\"@id\":\"https:\/\/consejoderectores.cl\/en\/2022\/11\/03\/dr-ricardo-araya-premio-nacional-de-ciencias-aplicadas-y-tecnologicas-2022-tenemos-que-ampliar-nuestro-conocimiento-de-los-problemas-de-los-jovenes-y-aprender-a-escuchar-tambien\/#article\",\"isPartOf\":{\"@id\":\"https:\/\/consejoderectores.cl\/en\/2022\/11\/03\/dr-ricardo-araya-premio-nacional-de-ciencias-aplicadas-y-tecnologicas-2022-tenemos-que-ampliar-nuestro-conocimiento-de-los-problemas-de-los-jovenes-y-aprender-a-escuchar-tambien\/\"},\"author\":{\"name\":\"Consejo de Rectores de las Universidades Chilenas\",\"@id\":\"https:\/\/consejoderectores.cl\/en\/#\/schema\/person\/d863e44afde067fd4b57fac66ced709e\"},\"headline\":\"Dr. Ricardo Araya, Premio Nacional de Ciencias Aplicadas y Tecnol\u00f3gicas 2022: \u201cTenemos que ampliar nuestro conocimiento de los problemas de los j\u00f3venes y aprender a escuchar tambi\u00e9n\u201d\",\"datePublished\":\"2022-11-03T12:07:24+00:00\",\"dateModified\":\"2022-11-03T16:47:54+00:00\",\"mainEntityOfPage\":{\"@id\":\"https:\/\/consejoderectores.cl\/en\/2022\/11\/03\/dr-ricardo-araya-premio-nacional-de-ciencias-aplicadas-y-tecnologicas-2022-tenemos-que-ampliar-nuestro-conocimiento-de-los-problemas-de-los-jovenes-y-aprender-a-escuchar-tambien\/\"},\"wordCount\":1509,\"commentCount\":0,\"publisher\":{\"@id\":\"https:\/\/consejoderectores.cl\/en\/#organization\"},\"image\":{\"@id\":\"https:\/\/consejoderectores.cl\/en\/2022\/11\/03\/dr-ricardo-araya-premio-nacional-de-ciencias-aplicadas-y-tecnologicas-2022-tenemos-que-ampliar-nuestro-conocimiento-de-los-problemas-de-los-jovenes-y-aprender-a-escuchar-tambien\/#primaryimage\"},\"thumbnailUrl\":\"https:\/\/consejoderectores.cl\/wp-content\/uploads\/2022\/11\/Dr.-Araya.jpg\",\"articleSection\":[\"Noticias\",\"Noticias Carrusel\"],\"inLanguage\":\"en-US\",\"potentialAction\":[{\"@type\":\"CommentAction\",\"name\":\"Comment\",\"target\":[\"https:\/\/consejoderectores.cl\/en\/2022\/11\/03\/dr-ricardo-araya-premio-nacional-de-ciencias-aplicadas-y-tecnologicas-2022-tenemos-que-ampliar-nuestro-conocimiento-de-los-problemas-de-los-jovenes-y-aprender-a-escuchar-tambien\/#respond\"]}]},{\"@type\":\"WebPage\",\"@id\":\"https:\/\/consejoderectores.cl\/en\/2022\/11\/03\/dr-ricardo-araya-premio-nacional-de-ciencias-aplicadas-y-tecnologicas-2022-tenemos-que-ampliar-nuestro-conocimiento-de-los-problemas-de-los-jovenes-y-aprender-a-escuchar-tambien\/\",\"url\":\"https:\/\/consejoderectores.cl\/en\/2022\/11\/03\/dr-ricardo-araya-premio-nacional-de-ciencias-aplicadas-y-tecnologicas-2022-tenemos-que-ampliar-nuestro-conocimiento-de-los-problemas-de-los-jovenes-y-aprender-a-escuchar-tambien\/\",\"name\":\"Dr. Ricardo Araya, Premio Nacional de Ciencias Aplicadas y Tecnol\u00f3gicas 2022: \u201cTenemos que ampliar nuestro conocimiento de los problemas de los j\u00f3venes y aprender a escuchar tambi\u00e9n\u201d - Consejo de Rectoras y Rectores de las Universidades Chilenas\",\"isPartOf\":{\"@id\":\"https:\/\/consejoderectores.cl\/en\/#website\"},\"primaryImageOfPage\":{\"@id\":\"https:\/\/consejoderectores.cl\/en\/2022\/11\/03\/dr-ricardo-araya-premio-nacional-de-ciencias-aplicadas-y-tecnologicas-2022-tenemos-que-ampliar-nuestro-conocimiento-de-los-problemas-de-los-jovenes-y-aprender-a-escuchar-tambien\/#primaryimage\"},\"image\":{\"@id\":\"https:\/\/consejoderectores.cl\/en\/2022\/11\/03\/dr-ricardo-araya-premio-nacional-de-ciencias-aplicadas-y-tecnologicas-2022-tenemos-que-ampliar-nuestro-conocimiento-de-los-problemas-de-los-jovenes-y-aprender-a-escuchar-tambien\/#primaryimage\"},\"thumbnailUrl\":\"https:\/\/consejoderectores.cl\/wp-content\/uploads\/2022\/11\/Dr.-Araya.jpg\",\"datePublished\":\"2022-11-03T12:07:24+00:00\",\"dateModified\":\"2022-11-03T16:47:54+00:00\",\"breadcrumb\":{\"@id\":\"https:\/\/consejoderectores.cl\/en\/2022\/11\/03\/dr-ricardo-araya-premio-nacional-de-ciencias-aplicadas-y-tecnologicas-2022-tenemos-que-ampliar-nuestro-conocimiento-de-los-problemas-de-los-jovenes-y-aprender-a-escuchar-tambien\/#breadcrumb\"},\"inLanguage\":\"en-US\",\"potentialAction\":[{\"@type\":\"ReadAction\",\"target\":[\"https:\/\/consejoderectores.cl\/en\/2022\/11\/03\/dr-ricardo-araya-premio-nacional-de-ciencias-aplicadas-y-tecnologicas-2022-tenemos-que-ampliar-nuestro-conocimiento-de-los-problemas-de-los-jovenes-y-aprender-a-escuchar-tambien\/\"]}]},{\"@type\":\"ImageObject\",\"inLanguage\":\"en-US\",\"@id\":\"https:\/\/consejoderectores.cl\/en\/2022\/11\/03\/dr-ricardo-araya-premio-nacional-de-ciencias-aplicadas-y-tecnologicas-2022-tenemos-que-ampliar-nuestro-conocimiento-de-los-problemas-de-los-jovenes-y-aprender-a-escuchar-tambien\/#primaryimage\",\"url\":\"https:\/\/consejoderectores.cl\/wp-content\/uploads\/2022\/11\/Dr.-Araya.jpg\",\"contentUrl\":\"https:\/\/consejoderectores.cl\/wp-content\/uploads\/2022\/11\/Dr.-Araya.jpg\",\"width\":1165,\"height\":559},{\"@type\":\"BreadcrumbList\",\"@id\":\"https:\/\/consejoderectores.cl\/en\/2022\/11\/03\/dr-ricardo-araya-premio-nacional-de-ciencias-aplicadas-y-tecnologicas-2022-tenemos-que-ampliar-nuestro-conocimiento-de-los-problemas-de-los-jovenes-y-aprender-a-escuchar-tambien\/#breadcrumb\",\"itemListElement\":[{\"@type\":\"ListItem\",\"position\":1,\"name\":\"Home\",\"item\":\"https:\/\/consejoderectores.cl\/\"},{\"@type\":\"ListItem\",\"position\":2,\"name\":\"Dr. Ricardo Araya, Premio Nacional de Ciencias Aplicadas y Tecnol\u00f3gicas 2022: \u201cTenemos que ampliar nuestro conocimiento de los problemas de los j\u00f3venes y aprender a escuchar tambi\u00e9n\u201d\"}]},{\"@type\":\"WebSite\",\"@id\":\"https:\/\/consejoderectores.cl\/en\/#website\",\"url\":\"https:\/\/consejoderectores.cl\/en\/\",\"name\":\"Consejo de Rectoras y Rectores de las Universidades Chilenas\",\"description\":\"\",\"publisher\":{\"@id\":\"https:\/\/consejoderectores.cl\/en\/#organization\"},\"potentialAction\":[{\"@type\":\"SearchAction\",\"target\":{\"@type\":\"EntryPoint\",\"urlTemplate\":\"https:\/\/consejoderectores.cl\/en\/?s={search_term_string}\"},\"query-input\":{\"@type\":\"PropertyValueSpecification\",\"valueRequired\":true,\"valueName\":\"search_term_string\"}}],\"inLanguage\":\"en-US\"},{\"@type\":\"Organization\",\"@id\":\"https:\/\/consejoderectores.cl\/en\/#organization\",\"name\":\"Consejo de Rectoras y Rectores de las Universidades Chilenas\",\"url\":\"https:\/\/consejoderectores.cl\/en\/\",\"logo\":{\"@type\":\"ImageObject\",\"inLanguage\":\"en-US\",\"@id\":\"https:\/\/consejoderectores.cl\/en\/#\/schema\/logo\/image\/\",\"url\":\"https:\/\/consejoderectores.cl\/wp-content\/uploads\/2025\/12\/logoheader_2025.png\",\"contentUrl\":\"https:\/\/consejoderectores.cl\/wp-content\/uploads\/2025\/12\/logoheader_2025.png\",\"width\":666,\"height\":305,\"caption\":\"Consejo de Rectoras y Rectores de las Universidades Chilenas\"},\"image\":{\"@id\":\"https:\/\/consejoderectores.cl\/en\/#\/schema\/logo\/image\/\"},\"sameAs\":[\"https:\/\/x.com\/CRUCH_cl\",\"https:\/\/www.instagram.com\/consejoderectores\/\",\"https:\/\/www.linkedin.com\/company\/cruch\/\",\"https:\/\/www.youtube.com\/channel\/UCzgIFRCsDlKoFpimiQmEaOA\"]},{\"@type\":\"Person\",\"@id\":\"https:\/\/consejoderectores.cl\/en\/#\/schema\/person\/d863e44afde067fd4b57fac66ced709e\",\"name\":\"Consejo de Rectores de las Universidades Chilenas\",\"image\":{\"@type\":\"ImageObject\",\"inLanguage\":\"en-US\",\"@id\":\"https:\/\/consejoderectores.cl\/en\/#\/schema\/person\/image\/\",\"url\":\"https:\/\/secure.gravatar.com\/avatar\/c31e2a02401f041926afb8ee21ab666f0925814fe85d25a5c8db80e23722dfc1?s=96&d=mm&r=g\",\"contentUrl\":\"https:\/\/secure.gravatar.com\/avatar\/c31e2a02401f041926afb8ee21ab666f0925814fe85d25a5c8db80e23722dfc1?s=96&d=mm&r=g\",\"caption\":\"Consejo de Rectores de las Universidades Chilenas\"},\"sameAs\":[\"https:\/\/www.consejoderectores.cl\"],\"url\":\"https:\/\/consejoderectores.cl\/en\/author\/cruch\/\"}]}<\/script>\n<!-- \/ Yoast SEO plugin. -->","yoast_head_json":{"title":"Dr. Ricardo Araya, Premio Nacional de Ciencias Aplicadas y Tecnol\u00f3gicas 2022: \u201cTenemos que ampliar nuestro conocimiento de los problemas de los j\u00f3venes y aprender a escuchar tambi\u00e9n\u201d - Consejo de Rectoras y Rectores de las Universidades Chilenas","robots":{"index":"index","follow":"follow","max-snippet":"max-snippet:-1","max-image-preview":"max-image-preview:large","max-video-preview":"max-video-preview:-1"},"canonical":"https:\/\/consejoderectores.cl\/en\/2022\/11\/03\/dr-ricardo-araya-premio-nacional-de-ciencias-aplicadas-y-tecnologicas-2022-tenemos-que-ampliar-nuestro-conocimiento-de-los-problemas-de-los-jovenes-y-aprender-a-escuchar-tambien\/","og_locale":"en_US","og_type":"article","og_title":"Dr. Ricardo Araya, Premio Nacional de Ciencias Aplicadas y Tecnol\u00f3gicas 2022: \u201cTenemos que ampliar nuestro conocimiento de los problemas de los j\u00f3venes y aprender a escuchar tambi\u00e9n\u201d - Consejo de Rectoras y Rectores de las Universidades Chilenas","og_description":"El destacado especialista en salud mental, egresado de la Universidad de Chile, acad\u00e9mico del King&#8217;s College London e investigador Senior del N\u00facleo Milenio Imhay, fue parte del lanzamiento de la Comisi\u00f3n de Salud Mental y Convivencia perteneciente al Consejo de Rectores (CRUCH). La instancia, que re\u00fane a diversos expertos y expertas, tiene como objetivo inicial [&hellip;]","og_url":"https:\/\/consejoderectores.cl\/en\/2022\/11\/03\/dr-ricardo-araya-premio-nacional-de-ciencias-aplicadas-y-tecnologicas-2022-tenemos-que-ampliar-nuestro-conocimiento-de-los-problemas-de-los-jovenes-y-aprender-a-escuchar-tambien\/","og_site_name":"Consejo de Rectoras y Rectores de las Universidades Chilenas","article_published_time":"2022-11-03T12:07:24+00:00","article_modified_time":"2022-11-03T16:47:54+00:00","og_image":[{"width":1165,"height":559,"url":"https:\/\/consejoderectores.cl\/wp-content\/uploads\/2022\/11\/Dr.-Araya.jpg","type":"image\/jpeg"}],"author":"Consejo de Rectores de las Universidades Chilenas","twitter_card":"summary_large_image","twitter_creator":"@CRUCH_cl","twitter_site":"@CRUCH_cl","twitter_misc":{"Written by":"Consejo de Rectores de las Universidades Chilenas","Est. reading time":"7 minutes"},"schema":{"@context":"https:\/\/schema.org","@graph":[{"@type":"Article","@id":"https:\/\/consejoderectores.cl\/en\/2022\/11\/03\/dr-ricardo-araya-premio-nacional-de-ciencias-aplicadas-y-tecnologicas-2022-tenemos-que-ampliar-nuestro-conocimiento-de-los-problemas-de-los-jovenes-y-aprender-a-escuchar-tambien\/#article","isPartOf":{"@id":"https:\/\/consejoderectores.cl\/en\/2022\/11\/03\/dr-ricardo-araya-premio-nacional-de-ciencias-aplicadas-y-tecnologicas-2022-tenemos-que-ampliar-nuestro-conocimiento-de-los-problemas-de-los-jovenes-y-aprender-a-escuchar-tambien\/"},"author":{"name":"Consejo de Rectores de las Universidades Chilenas","@id":"https:\/\/consejoderectores.cl\/en\/#\/schema\/person\/d863e44afde067fd4b57fac66ced709e"},"headline":"Dr. Ricardo Araya, Premio Nacional de Ciencias Aplicadas y Tecnol\u00f3gicas 2022: \u201cTenemos que ampliar nuestro conocimiento de los problemas de los j\u00f3venes y aprender a escuchar tambi\u00e9n\u201d","datePublished":"2022-11-03T12:07:24+00:00","dateModified":"2022-11-03T16:47:54+00:00","mainEntityOfPage":{"@id":"https:\/\/consejoderectores.cl\/en\/2022\/11\/03\/dr-ricardo-araya-premio-nacional-de-ciencias-aplicadas-y-tecnologicas-2022-tenemos-que-ampliar-nuestro-conocimiento-de-los-problemas-de-los-jovenes-y-aprender-a-escuchar-tambien\/"},"wordCount":1509,"commentCount":0,"publisher":{"@id":"https:\/\/consejoderectores.cl\/en\/#organization"},"image":{"@id":"https:\/\/consejoderectores.cl\/en\/2022\/11\/03\/dr-ricardo-araya-premio-nacional-de-ciencias-aplicadas-y-tecnologicas-2022-tenemos-que-ampliar-nuestro-conocimiento-de-los-problemas-de-los-jovenes-y-aprender-a-escuchar-tambien\/#primaryimage"},"thumbnailUrl":"https:\/\/consejoderectores.cl\/wp-content\/uploads\/2022\/11\/Dr.-Araya.jpg","articleSection":["Noticias","Noticias Carrusel"],"inLanguage":"en-US","potentialAction":[{"@type":"CommentAction","name":"Comment","target":["https:\/\/consejoderectores.cl\/en\/2022\/11\/03\/dr-ricardo-araya-premio-nacional-de-ciencias-aplicadas-y-tecnologicas-2022-tenemos-que-ampliar-nuestro-conocimiento-de-los-problemas-de-los-jovenes-y-aprender-a-escuchar-tambien\/#respond"]}]},{"@type":"WebPage","@id":"https:\/\/consejoderectores.cl\/en\/2022\/11\/03\/dr-ricardo-araya-premio-nacional-de-ciencias-aplicadas-y-tecnologicas-2022-tenemos-que-ampliar-nuestro-conocimiento-de-los-problemas-de-los-jovenes-y-aprender-a-escuchar-tambien\/","url":"https:\/\/consejoderectores.cl\/en\/2022\/11\/03\/dr-ricardo-araya-premio-nacional-de-ciencias-aplicadas-y-tecnologicas-2022-tenemos-que-ampliar-nuestro-conocimiento-de-los-problemas-de-los-jovenes-y-aprender-a-escuchar-tambien\/","name":"Dr. Ricardo Araya, Premio Nacional de Ciencias Aplicadas y Tecnol\u00f3gicas 2022: \u201cTenemos que ampliar nuestro conocimiento de los problemas de los j\u00f3venes y aprender a escuchar tambi\u00e9n\u201d - Consejo de Rectoras y Rectores de las Universidades Chilenas","isPartOf":{"@id":"https:\/\/consejoderectores.cl\/en\/#website"},"primaryImageOfPage":{"@id":"https:\/\/consejoderectores.cl\/en\/2022\/11\/03\/dr-ricardo-araya-premio-nacional-de-ciencias-aplicadas-y-tecnologicas-2022-tenemos-que-ampliar-nuestro-conocimiento-de-los-problemas-de-los-jovenes-y-aprender-a-escuchar-tambien\/#primaryimage"},"image":{"@id":"https:\/\/consejoderectores.cl\/en\/2022\/11\/03\/dr-ricardo-araya-premio-nacional-de-ciencias-aplicadas-y-tecnologicas-2022-tenemos-que-ampliar-nuestro-conocimiento-de-los-problemas-de-los-jovenes-y-aprender-a-escuchar-tambien\/#primaryimage"},"thumbnailUrl":"https:\/\/consejoderectores.cl\/wp-content\/uploads\/2022\/11\/Dr.-Araya.jpg","datePublished":"2022-11-03T12:07:24+00:00","dateModified":"2022-11-03T16:47:54+00:00","breadcrumb":{"@id":"https:\/\/consejoderectores.cl\/en\/2022\/11\/03\/dr-ricardo-araya-premio-nacional-de-ciencias-aplicadas-y-tecnologicas-2022-tenemos-que-ampliar-nuestro-conocimiento-de-los-problemas-de-los-jovenes-y-aprender-a-escuchar-tambien\/#breadcrumb"},"inLanguage":"en-US","potentialAction":[{"@type":"ReadAction","target":["https:\/\/consejoderectores.cl\/en\/2022\/11\/03\/dr-ricardo-araya-premio-nacional-de-ciencias-aplicadas-y-tecnologicas-2022-tenemos-que-ampliar-nuestro-conocimiento-de-los-problemas-de-los-jovenes-y-aprender-a-escuchar-tambien\/"]}]},{"@type":"ImageObject","inLanguage":"en-US","@id":"https:\/\/consejoderectores.cl\/en\/2022\/11\/03\/dr-ricardo-araya-premio-nacional-de-ciencias-aplicadas-y-tecnologicas-2022-tenemos-que-ampliar-nuestro-conocimiento-de-los-problemas-de-los-jovenes-y-aprender-a-escuchar-tambien\/#primaryimage","url":"https:\/\/consejoderectores.cl\/wp-content\/uploads\/2022\/11\/Dr.-Araya.jpg","contentUrl":"https:\/\/consejoderectores.cl\/wp-content\/uploads\/2022\/11\/Dr.-Araya.jpg","width":1165,"height":559},{"@type":"BreadcrumbList","@id":"https:\/\/consejoderectores.cl\/en\/2022\/11\/03\/dr-ricardo-araya-premio-nacional-de-ciencias-aplicadas-y-tecnologicas-2022-tenemos-que-ampliar-nuestro-conocimiento-de-los-problemas-de-los-jovenes-y-aprender-a-escuchar-tambien\/#breadcrumb","itemListElement":[{"@type":"ListItem","position":1,"name":"Home","item":"https:\/\/consejoderectores.cl\/"},{"@type":"ListItem","position":2,"name":"Dr. Ricardo Araya, Premio Nacional de Ciencias Aplicadas y Tecnol\u00f3gicas 2022: \u201cTenemos que ampliar nuestro conocimiento de los problemas de los j\u00f3venes y aprender a escuchar tambi\u00e9n\u201d"}]},{"@type":"WebSite","@id":"https:\/\/consejoderectores.cl\/en\/#website","url":"https:\/\/consejoderectores.cl\/en\/","name":"Council of Rectors of Chilean Universities","description":"","publisher":{"@id":"https:\/\/consejoderectores.cl\/en\/#organization"},"potentialAction":[{"@type":"SearchAction","target":{"@type":"EntryPoint","urlTemplate":"https:\/\/consejoderectores.cl\/en\/?s={search_term_string}"},"query-input":{"@type":"PropertyValueSpecification","valueRequired":true,"valueName":"search_term_string"}}],"inLanguage":"en-US"},{"@type":"Organization","@id":"https:\/\/consejoderectores.cl\/en\/#organization","name":"Council of Rectors of Chilean Universities","url":"https:\/\/consejoderectores.cl\/en\/","logo":{"@type":"ImageObject","inLanguage":"en-US","@id":"https:\/\/consejoderectores.cl\/en\/#\/schema\/logo\/image\/","url":"https:\/\/consejoderectores.cl\/wp-content\/uploads\/2025\/12\/logoheader_2025.png","contentUrl":"https:\/\/consejoderectores.cl\/wp-content\/uploads\/2025\/12\/logoheader_2025.png","width":666,"height":305,"caption":"Consejo de Rectoras y Rectores de las Universidades Chilenas"},"image":{"@id":"https:\/\/consejoderectores.cl\/en\/#\/schema\/logo\/image\/"},"sameAs":["https:\/\/x.com\/CRUCH_cl","https:\/\/www.instagram.com\/consejoderectores\/","https:\/\/www.linkedin.com\/company\/cruch\/","https:\/\/www.youtube.com\/channel\/UCzgIFRCsDlKoFpimiQmEaOA"]},{"@type":"Person","@id":"https:\/\/consejoderectores.cl\/en\/#\/schema\/person\/d863e44afde067fd4b57fac66ced709e","name":"Council of Rectors of Chilean Universities","image":{"@type":"ImageObject","inLanguage":"en-US","@id":"https:\/\/consejoderectores.cl\/en\/#\/schema\/person\/image\/","url":"https:\/\/secure.gravatar.com\/avatar\/c31e2a02401f041926afb8ee21ab666f0925814fe85d25a5c8db80e23722dfc1?s=96&d=mm&r=g","contentUrl":"https:\/\/secure.gravatar.com\/avatar\/c31e2a02401f041926afb8ee21ab666f0925814fe85d25a5c8db80e23722dfc1?s=96&d=mm&r=g","caption":"Consejo de Rectores de las Universidades Chilenas"},"sameAs":["https:\/\/www.consejoderectores.cl"],"url":"https:\/\/consejoderectores.cl\/en\/author\/cruch\/"}]}},"_links":{"self":[{"href":"https:\/\/consejoderectores.cl\/en\/wp-json\/wp\/v2\/posts\/7009","targetHints":{"allow":["GET"]}}],"collection":[{"href":"https:\/\/consejoderectores.cl\/en\/wp-json\/wp\/v2\/posts"}],"about":[{"href":"https:\/\/consejoderectores.cl\/en\/wp-json\/wp\/v2\/types\/post"}],"author":[{"embeddable":true,"href":"https:\/\/consejoderectores.cl\/en\/wp-json\/wp\/v2\/users\/1"}],"replies":[{"embeddable":true,"href":"https:\/\/consejoderectores.cl\/en\/wp-json\/wp\/v2\/comments?post=7009"}],"version-history":[{"count":9,"href":"https:\/\/consejoderectores.cl\/en\/wp-json\/wp\/v2\/posts\/7009\/revisions"}],"predecessor-version":[{"id":7024,"href":"https:\/\/consejoderectores.cl\/en\/wp-json\/wp\/v2\/posts\/7009\/revisions\/7024"}],"wp:featuredmedia":[{"embeddable":true,"href":"https:\/\/consejoderectores.cl\/en\/wp-json\/wp\/v2\/media\/7015"}],"wp:attachment":[{"href":"https:\/\/consejoderectores.cl\/en\/wp-json\/wp\/v2\/media?parent=7009"}],"wp:term":[{"taxonomy":"category","embeddable":true,"href":"https:\/\/consejoderectores.cl\/en\/wp-json\/wp\/v2\/categories?post=7009"},{"taxonomy":"post_tag","embeddable":true,"href":"https:\/\/consejoderectores.cl\/en\/wp-json\/wp\/v2\/tags?post=7009"}],"curies":[{"name":"wp","href":"https:\/\/api.w.org\/{rel}","templated":true}]}}