{"id":6759,"date":"2022-08-26T19:44:04","date_gmt":"2022-08-26T19:44:04","guid":{"rendered":"https:\/\/www.consejoderectores.cl\/?p=6759"},"modified":"2022-08-26T19:47:21","modified_gmt":"2022-08-26T19:47:21","slug":"ucm-celebro-un-nuevo-aniversario-marcado-por-el-cambio-de-mando-de-rector","status":"publish","type":"post","link":"https:\/\/consejoderectores.cl\/en\/2022\/08\/26\/ucm-celebro-un-nuevo-aniversario-marcado-por-el-cambio-de-mando-de-rector\/","title":{"rendered":"UCM celebrated a new anniversary marked by the change of leadership of the rector"},"content":{"rendered":"<blockquote><p>National, regional and university authorities arrived at the San Miguel Campus to celebrate a new year.<\/p><\/blockquote>\n<p>Hundreds of attendees came to the ceremony for the anniversary of the Catholic University of Maule, an event in which the change of command took place between the rector, Dr. Diego Dur\u00e1n Jara and the new rector, Dr. Claudio Rojas Mi\u00f1o.<\/p>\n<p>With authorities such as the Undersecretary of Higher Education of the Ministry of Education, Ver\u00f3nica Figueroa Huencho, or the president of the G9 Network and rector of the University of Concepci\u00f3n, Dr. Carlos Saavedra Rubilar, among others, it began with the Eucharist presided over by Monsignor Galo Fern\u00e1ndez, who reviewed the history of the UCM, thanking the legacy left by Dr. Dur\u00e1n after being in office for two terms.<\/p>\n<p>\u201cToday, we especially want to thank Don Diego Dur\u00e1n Jara for his commitment and dedication during these two terms he has served as rector, no less than a third of the University&#039;s autonomous history. It has certainly been a fruitful time, a period of great growth for the UCM, in its size, its scope, its complexity, and its excellence,\u201d said Monsignor Galo Fern\u00e1ndez.<\/p>\n<p>He also highlighted that the largest university in the Maule Region is also the one with the greatest social mobility at the national level.<\/p>\n<p>\u201cAmong the various achievements of this period that one could detail at this moment, I would only like to highlight the recognition we have received as the institution that has fostered the greatest social mobility in the country. There are certainly many more achievements, but I would like to emphasize this one as if it were a precious pearl, because it is so consistent with our mission of serving the region and, in particular, those who have lacked opportunities. Thank you, Don Diego,\u201d he emphasized.<\/p>\n<p>Monsignor also had words for Dr. Claudio Rojas, who had previously been rector of the UCM.<\/p>\n<p>\u201cI trust that she will feel at home and that she will be able to appreciate and value all the new things that have blossomed within her during this time. I am also certain that in this new period she will be able to contribute to us in a new way, with all the wealth of experience in various areas of higher education that she acquired during her time away,\u201d he said.<\/p>\n<h4>10 years of growth<\/h4>\n<p>After the mass, it was time to carry out the traditional public accountability report, an instance in which the rector Dr. Diego Dur\u00e1n reviewed the main milestones of his administration, which was 10 years, divided into two periods.<\/p>\n<p>\u201cIt\u2019s a very emotional moment; so much has happened during these 10 years. I\u2019m very happy with everything that\u2019s been accomplished and the contributions the community has made, with great progress and sacrifices, so I leave happy. All that remains is to invite the university community to continue believing that we are capable of doing much more, such as achieving accreditation for excellence,\u201d he said.<\/p>\n<p>After the academic ceremony, the new UCM rector, Dr. Claudio Rojas Mi\u00f1o, stated that \u201cThe university is currently in a promising position, having grown and developed significantly. It is eager to develop into a comprehensive university, which, it should be noted, also brings many complexities. Undoubtedly, growth in postgraduate studies, doctoral programs, and international relations is part of that complexity,\u201d he said.<\/p>\n<p>\u201cThese are complex times that we must face calmly. There will often be controversial issues, for which we must remain composed and keep a long-term vision, acting accordingly. Part of our institution&#039;s DNA is the spirit of service that we must continue to develop,\u201d added the new UCM rector.<\/p>\n<p><img loading=\"lazy\" decoding=\"async\" class=\"size-medium wp-image-6761 alignleft\" src=\"https:\/\/www.consejoderectores.cl\/wp-content\/uploads\/2022\/08\/Foto-Aniversario-UCM-2022-1-300x200.jpg\" alt=\"\" width=\"300\" height=\"200\" srcset=\"https:\/\/consejoderectores.cl\/wp-content\/uploads\/2022\/08\/Foto-Aniversario-UCM-2022-1-300x200.jpg 300w, https:\/\/consejoderectores.cl\/wp-content\/uploads\/2022\/08\/Foto-Aniversario-UCM-2022-1-1024x683.jpg 1024w, https:\/\/consejoderectores.cl\/wp-content\/uploads\/2022\/08\/Foto-Aniversario-UCM-2022-1-768x512.jpg 768w, https:\/\/consejoderectores.cl\/wp-content\/uploads\/2022\/08\/Foto-Aniversario-UCM-2022-1-1536x1024.jpg 1536w, https:\/\/consejoderectores.cl\/wp-content\/uploads\/2022\/08\/Foto-Aniversario-UCM-2022-1-2048x1366.jpg 2048w, https:\/\/consejoderectores.cl\/wp-content\/uploads\/2022\/08\/Foto-Aniversario-UCM-2022-1-16x12.jpg 16w, https:\/\/consejoderectores.cl\/wp-content\/uploads\/2022\/08\/Foto-Aniversario-UCM-2022-1-848x565.jpg 848w, https:\/\/consejoderectores.cl\/wp-content\/uploads\/2022\/08\/Foto-Aniversario-UCM-2022-1-1140x760.jpg 1140w, https:\/\/consejoderectores.cl\/wp-content\/uploads\/2022\/08\/Foto-Aniversario-UCM-2022-1-1170x780.jpg 1170w, https:\/\/consejoderectores.cl\/wp-content\/uploads\/2022\/08\/Foto-Aniversario-UCM-2022-1-1920x1280.jpg 1920w\" sizes=\"auto, (max-width: 300px) 100vw, 300px\" \/><\/p>\n<p>&nbsp;<\/p>\n<p>&nbsp;<\/p>\n<p>&nbsp;<\/p>\n<p>&nbsp;<\/p>\n<p>&nbsp;<\/p>\n<p>&nbsp;<\/p>\n<p><em>*Press release and images: Communications Department \u2013 Catholic University of Maule<\/em><\/p>\n<p>&nbsp;<\/p>","protected":false},"excerpt":{"rendered":"<p>Autoridades nacionales, regionales y de diversas casas de estudios llegaron hasta el Campus San Miguel, para celebrar un nuevo a\u00f1o. Fueron cientos de asistentes los que llegaron a la ceremonia por el aniversario de la Universidad Cat\u00f3lica del Maule, instancia en la que se registr\u00f3 el cambio de mando, entre el rector, Dr. Diego Dur\u00e1n [&hellip;]<\/p>\n","protected":false},"author":1,"featured_media":6760,"comment_status":"open","ping_status":"open","sticky":false,"template":"","format":"standard","meta":{"_acf_changed":false,"footnotes":""},"categories":[3,13],"tags":[],"class_list":["post-6759","post","type-post","status-publish","format-standard","has-post-thumbnail","hentry","category-noticias","category-noticias-carrusel"],"acf":[],"yoast_head":"<!-- This site is optimized with the Yoast SEO plugin v27.1.1 - https:\/\/yoast.com\/product\/yoast-seo-wordpress\/ -->\n<title>UCM celebr\u00f3 un nuevo aniversario marcado por el cambio de mando de rector - Consejo de Rectoras y Rectores de las Universidades Chilenas<\/title>\n<meta name=\"robots\" content=\"index, follow, max-snippet:-1, max-image-preview:large, max-video-preview:-1\" \/>\n<link rel=\"canonical\" href=\"https:\/\/consejoderectores.cl\/en\/2022\/08\/26\/ucm-celebro-un-nuevo-aniversario-marcado-por-el-cambio-de-mando-de-rector\/\" \/>\n<meta property=\"og:locale\" content=\"en_US\" \/>\n<meta property=\"og:type\" content=\"article\" \/>\n<meta property=\"og:title\" content=\"UCM celebr\u00f3 un nuevo aniversario marcado por el cambio de mando de rector - Consejo de Rectoras y Rectores de las Universidades Chilenas\" \/>\n<meta property=\"og:description\" content=\"Autoridades nacionales, regionales y de diversas casas de estudios llegaron hasta el Campus San Miguel, para celebrar un nuevo a\u00f1o. Fueron cientos de asistentes los que llegaron a la ceremonia por el aniversario de la Universidad Cat\u00f3lica del Maule, instancia en la que se registr\u00f3 el cambio de mando, entre el rector, Dr. Diego Dur\u00e1n [&hellip;]\" \/>\n<meta property=\"og:url\" content=\"https:\/\/consejoderectores.cl\/en\/2022\/08\/26\/ucm-celebro-un-nuevo-aniversario-marcado-por-el-cambio-de-mando-de-rector\/\" \/>\n<meta property=\"og:site_name\" content=\"Consejo de Rectoras y Rectores de las Universidades Chilenas\" \/>\n<meta property=\"article:published_time\" content=\"2022-08-26T19:44:04+00:00\" \/>\n<meta property=\"article:modified_time\" content=\"2022-08-26T19:47:21+00:00\" \/>\n<meta property=\"og:image\" content=\"https:\/\/consejoderectores.cl\/wp-content\/uploads\/2022\/08\/portada-ucm-rector.jpg\" \/>\n\t<meta property=\"og:image:width\" content=\"2449\" \/>\n\t<meta property=\"og:image:height\" content=\"1632\" \/>\n\t<meta property=\"og:image:type\" content=\"image\/jpeg\" \/>\n<meta name=\"author\" content=\"Consejo de Rectores de las Universidades Chilenas\" \/>\n<meta name=\"twitter:card\" content=\"summary_large_image\" \/>\n<meta name=\"twitter:creator\" content=\"@CRUCH_cl\" \/>\n<meta name=\"twitter:site\" content=\"@CRUCH_cl\" \/>\n<meta name=\"twitter:label1\" content=\"Written by\" \/>\n\t<meta name=\"twitter:data1\" content=\"Consejo de Rectores de las Universidades Chilenas\" \/>\n\t<meta name=\"twitter:label2\" content=\"Est. reading time\" \/>\n\t<meta name=\"twitter:data2\" content=\"3 minutes\" \/>\n<script type=\"application\/ld+json\" class=\"yoast-schema-graph\">{\"@context\":\"https:\/\/schema.org\",\"@graph\":[{\"@type\":\"Article\",\"@id\":\"https:\/\/consejoderectores.cl\/2022\/08\/26\/ucm-celebro-un-nuevo-aniversario-marcado-por-el-cambio-de-mando-de-rector\/#article\",\"isPartOf\":{\"@id\":\"https:\/\/consejoderectores.cl\/2022\/08\/26\/ucm-celebro-un-nuevo-aniversario-marcado-por-el-cambio-de-mando-de-rector\/\"},\"author\":{\"name\":\"Consejo de Rectores de las Universidades Chilenas\",\"@id\":\"https:\/\/consejoderectores.cl\/en\/#\/schema\/person\/d863e44afde067fd4b57fac66ced709e\"},\"headline\":\"UCM celebr\u00f3 un nuevo aniversario marcado por el cambio de mando de rector\",\"datePublished\":\"2022-08-26T19:44:04+00:00\",\"dateModified\":\"2022-08-26T19:47:21+00:00\",\"mainEntityOfPage\":{\"@id\":\"https:\/\/consejoderectores.cl\/2022\/08\/26\/ucm-celebro-un-nuevo-aniversario-marcado-por-el-cambio-de-mando-de-rector\/\"},\"wordCount\":697,\"commentCount\":0,\"publisher\":{\"@id\":\"https:\/\/consejoderectores.cl\/en\/#organization\"},\"image\":{\"@id\":\"https:\/\/consejoderectores.cl\/2022\/08\/26\/ucm-celebro-un-nuevo-aniversario-marcado-por-el-cambio-de-mando-de-rector\/#primaryimage\"},\"thumbnailUrl\":\"https:\/\/consejoderectores.cl\/wp-content\/uploads\/2022\/08\/portada-ucm-rector.jpg\",\"articleSection\":[\"Noticias\",\"Noticias Carrusel\"],\"inLanguage\":\"en-US\",\"potentialAction\":[{\"@type\":\"CommentAction\",\"name\":\"Comment\",\"target\":[\"https:\/\/consejoderectores.cl\/2022\/08\/26\/ucm-celebro-un-nuevo-aniversario-marcado-por-el-cambio-de-mando-de-rector\/#respond\"]}]},{\"@type\":\"WebPage\",\"@id\":\"https:\/\/consejoderectores.cl\/2022\/08\/26\/ucm-celebro-un-nuevo-aniversario-marcado-por-el-cambio-de-mando-de-rector\/\",\"url\":\"https:\/\/consejoderectores.cl\/2022\/08\/26\/ucm-celebro-un-nuevo-aniversario-marcado-por-el-cambio-de-mando-de-rector\/\",\"name\":\"UCM celebr\u00f3 un nuevo aniversario marcado por el cambio de mando de rector - Consejo de Rectoras y Rectores de las Universidades Chilenas\",\"isPartOf\":{\"@id\":\"https:\/\/consejoderectores.cl\/en\/#website\"},\"primaryImageOfPage\":{\"@id\":\"https:\/\/consejoderectores.cl\/2022\/08\/26\/ucm-celebro-un-nuevo-aniversario-marcado-por-el-cambio-de-mando-de-rector\/#primaryimage\"},\"image\":{\"@id\":\"https:\/\/consejoderectores.cl\/2022\/08\/26\/ucm-celebro-un-nuevo-aniversario-marcado-por-el-cambio-de-mando-de-rector\/#primaryimage\"},\"thumbnailUrl\":\"https:\/\/consejoderectores.cl\/wp-content\/uploads\/2022\/08\/portada-ucm-rector.jpg\",\"datePublished\":\"2022-08-26T19:44:04+00:00\",\"dateModified\":\"2022-08-26T19:47:21+00:00\",\"breadcrumb\":{\"@id\":\"https:\/\/consejoderectores.cl\/2022\/08\/26\/ucm-celebro-un-nuevo-aniversario-marcado-por-el-cambio-de-mando-de-rector\/#breadcrumb\"},\"inLanguage\":\"en-US\",\"potentialAction\":[{\"@type\":\"ReadAction\",\"target\":[\"https:\/\/consejoderectores.cl\/2022\/08\/26\/ucm-celebro-un-nuevo-aniversario-marcado-por-el-cambio-de-mando-de-rector\/\"]}]},{\"@type\":\"ImageObject\",\"inLanguage\":\"en-US\",\"@id\":\"https:\/\/consejoderectores.cl\/2022\/08\/26\/ucm-celebro-un-nuevo-aniversario-marcado-por-el-cambio-de-mando-de-rector\/#primaryimage\",\"url\":\"https:\/\/consejoderectores.cl\/wp-content\/uploads\/2022\/08\/portada-ucm-rector.jpg\",\"contentUrl\":\"https:\/\/consejoderectores.cl\/wp-content\/uploads\/2022\/08\/portada-ucm-rector.jpg\",\"width\":2449,\"height\":1632},{\"@type\":\"BreadcrumbList\",\"@id\":\"https:\/\/consejoderectores.cl\/2022\/08\/26\/ucm-celebro-un-nuevo-aniversario-marcado-por-el-cambio-de-mando-de-rector\/#breadcrumb\",\"itemListElement\":[{\"@type\":\"ListItem\",\"position\":1,\"name\":\"Home\",\"item\":\"https:\/\/consejoderectores.cl\/\"},{\"@type\":\"ListItem\",\"position\":2,\"name\":\"UCM celebr\u00f3 un nuevo aniversario marcado por el cambio de mando de rector\"}]},{\"@type\":\"WebSite\",\"@id\":\"https:\/\/consejoderectores.cl\/en\/#website\",\"url\":\"https:\/\/consejoderectores.cl\/en\/\",\"name\":\"Consejo de Rectoras y Rectores de las Universidades Chilenas\",\"description\":\"\",\"publisher\":{\"@id\":\"https:\/\/consejoderectores.cl\/en\/#organization\"},\"potentialAction\":[{\"@type\":\"SearchAction\",\"target\":{\"@type\":\"EntryPoint\",\"urlTemplate\":\"https:\/\/consejoderectores.cl\/en\/?s={search_term_string}\"},\"query-input\":{\"@type\":\"PropertyValueSpecification\",\"valueRequired\":true,\"valueName\":\"search_term_string\"}}],\"inLanguage\":\"en-US\"},{\"@type\":\"Organization\",\"@id\":\"https:\/\/consejoderectores.cl\/en\/#organization\",\"name\":\"Consejo de Rectoras y Rectores de las Universidades Chilenas\",\"url\":\"https:\/\/consejoderectores.cl\/en\/\",\"logo\":{\"@type\":\"ImageObject\",\"inLanguage\":\"en-US\",\"@id\":\"https:\/\/consejoderectores.cl\/en\/#\/schema\/logo\/image\/\",\"url\":\"https:\/\/consejoderectores.cl\/wp-content\/uploads\/2025\/12\/logoheader_2025.png\",\"contentUrl\":\"https:\/\/consejoderectores.cl\/wp-content\/uploads\/2025\/12\/logoheader_2025.png\",\"width\":666,\"height\":305,\"caption\":\"Consejo de Rectoras y Rectores de las Universidades Chilenas\"},\"image\":{\"@id\":\"https:\/\/consejoderectores.cl\/en\/#\/schema\/logo\/image\/\"},\"sameAs\":[\"https:\/\/x.com\/CRUCH_cl\",\"https:\/\/www.instagram.com\/consejoderectores\/\",\"https:\/\/www.linkedin.com\/company\/cruch\/\",\"https:\/\/www.youtube.com\/channel\/UCzgIFRCsDlKoFpimiQmEaOA\"]},{\"@type\":\"Person\",\"@id\":\"https:\/\/consejoderectores.cl\/en\/#\/schema\/person\/d863e44afde067fd4b57fac66ced709e\",\"name\":\"Consejo de Rectores de las Universidades Chilenas\",\"image\":{\"@type\":\"ImageObject\",\"inLanguage\":\"en-US\",\"@id\":\"https:\/\/consejoderectores.cl\/en\/#\/schema\/person\/image\/\",\"url\":\"https:\/\/secure.gravatar.com\/avatar\/c31e2a02401f041926afb8ee21ab666f0925814fe85d25a5c8db80e23722dfc1?s=96&d=mm&r=g\",\"contentUrl\":\"https:\/\/secure.gravatar.com\/avatar\/c31e2a02401f041926afb8ee21ab666f0925814fe85d25a5c8db80e23722dfc1?s=96&d=mm&r=g\",\"caption\":\"Consejo de Rectores de las Universidades Chilenas\"},\"sameAs\":[\"https:\/\/www.consejoderectores.cl\"],\"url\":\"https:\/\/consejoderectores.cl\/en\/author\/cruch\/\"}]}<\/script>\n<!-- \/ Yoast SEO plugin. -->","yoast_head_json":{"title":"UCM celebr\u00f3 un nuevo aniversario marcado por el cambio de mando de rector - Consejo de Rectoras y Rectores de las Universidades Chilenas","robots":{"index":"index","follow":"follow","max-snippet":"max-snippet:-1","max-image-preview":"max-image-preview:large","max-video-preview":"max-video-preview:-1"},"canonical":"https:\/\/consejoderectores.cl\/en\/2022\/08\/26\/ucm-celebro-un-nuevo-aniversario-marcado-por-el-cambio-de-mando-de-rector\/","og_locale":"en_US","og_type":"article","og_title":"UCM celebr\u00f3 un nuevo aniversario marcado por el cambio de mando de rector - Consejo de Rectoras y Rectores de las Universidades Chilenas","og_description":"Autoridades nacionales, regionales y de diversas casas de estudios llegaron hasta el Campus San Miguel, para celebrar un nuevo a\u00f1o. Fueron cientos de asistentes los que llegaron a la ceremonia por el aniversario de la Universidad Cat\u00f3lica del Maule, instancia en la que se registr\u00f3 el cambio de mando, entre el rector, Dr. Diego Dur\u00e1n [&hellip;]","og_url":"https:\/\/consejoderectores.cl\/en\/2022\/08\/26\/ucm-celebro-un-nuevo-aniversario-marcado-por-el-cambio-de-mando-de-rector\/","og_site_name":"Consejo de Rectoras y Rectores de las Universidades Chilenas","article_published_time":"2022-08-26T19:44:04+00:00","article_modified_time":"2022-08-26T19:47:21+00:00","og_image":[{"width":2449,"height":1632,"url":"https:\/\/consejoderectores.cl\/wp-content\/uploads\/2022\/08\/portada-ucm-rector.jpg","type":"image\/jpeg"}],"author":"Consejo de Rectores de las Universidades Chilenas","twitter_card":"summary_large_image","twitter_creator":"@CRUCH_cl","twitter_site":"@CRUCH_cl","twitter_misc":{"Written by":"Consejo de Rectores de las Universidades Chilenas","Est. reading time":"3 minutes"},"schema":{"@context":"https:\/\/schema.org","@graph":[{"@type":"Article","@id":"https:\/\/consejoderectores.cl\/2022\/08\/26\/ucm-celebro-un-nuevo-aniversario-marcado-por-el-cambio-de-mando-de-rector\/#article","isPartOf":{"@id":"https:\/\/consejoderectores.cl\/2022\/08\/26\/ucm-celebro-un-nuevo-aniversario-marcado-por-el-cambio-de-mando-de-rector\/"},"author":{"name":"Consejo de Rectores de las Universidades Chilenas","@id":"https:\/\/consejoderectores.cl\/en\/#\/schema\/person\/d863e44afde067fd4b57fac66ced709e"},"headline":"UCM celebr\u00f3 un nuevo aniversario marcado por el cambio de mando de rector","datePublished":"2022-08-26T19:44:04+00:00","dateModified":"2022-08-26T19:47:21+00:00","mainEntityOfPage":{"@id":"https:\/\/consejoderectores.cl\/2022\/08\/26\/ucm-celebro-un-nuevo-aniversario-marcado-por-el-cambio-de-mando-de-rector\/"},"wordCount":697,"commentCount":0,"publisher":{"@id":"https:\/\/consejoderectores.cl\/en\/#organization"},"image":{"@id":"https:\/\/consejoderectores.cl\/2022\/08\/26\/ucm-celebro-un-nuevo-aniversario-marcado-por-el-cambio-de-mando-de-rector\/#primaryimage"},"thumbnailUrl":"https:\/\/consejoderectores.cl\/wp-content\/uploads\/2022\/08\/portada-ucm-rector.jpg","articleSection":["Noticias","Noticias Carrusel"],"inLanguage":"en-US","potentialAction":[{"@type":"CommentAction","name":"Comment","target":["https:\/\/consejoderectores.cl\/2022\/08\/26\/ucm-celebro-un-nuevo-aniversario-marcado-por-el-cambio-de-mando-de-rector\/#respond"]}]},{"@type":"WebPage","@id":"https:\/\/consejoderectores.cl\/2022\/08\/26\/ucm-celebro-un-nuevo-aniversario-marcado-por-el-cambio-de-mando-de-rector\/","url":"https:\/\/consejoderectores.cl\/2022\/08\/26\/ucm-celebro-un-nuevo-aniversario-marcado-por-el-cambio-de-mando-de-rector\/","name":"UCM celebr\u00f3 un nuevo aniversario marcado por el cambio de mando de rector - Consejo de Rectoras y Rectores de las Universidades Chilenas","isPartOf":{"@id":"https:\/\/consejoderectores.cl\/en\/#website"},"primaryImageOfPage":{"@id":"https:\/\/consejoderectores.cl\/2022\/08\/26\/ucm-celebro-un-nuevo-aniversario-marcado-por-el-cambio-de-mando-de-rector\/#primaryimage"},"image":{"@id":"https:\/\/consejoderectores.cl\/2022\/08\/26\/ucm-celebro-un-nuevo-aniversario-marcado-por-el-cambio-de-mando-de-rector\/#primaryimage"},"thumbnailUrl":"https:\/\/consejoderectores.cl\/wp-content\/uploads\/2022\/08\/portada-ucm-rector.jpg","datePublished":"2022-08-26T19:44:04+00:00","dateModified":"2022-08-26T19:47:21+00:00","breadcrumb":{"@id":"https:\/\/consejoderectores.cl\/2022\/08\/26\/ucm-celebro-un-nuevo-aniversario-marcado-por-el-cambio-de-mando-de-rector\/#breadcrumb"},"inLanguage":"en-US","potentialAction":[{"@type":"ReadAction","target":["https:\/\/consejoderectores.cl\/2022\/08\/26\/ucm-celebro-un-nuevo-aniversario-marcado-por-el-cambio-de-mando-de-rector\/"]}]},{"@type":"ImageObject","inLanguage":"en-US","@id":"https:\/\/consejoderectores.cl\/2022\/08\/26\/ucm-celebro-un-nuevo-aniversario-marcado-por-el-cambio-de-mando-de-rector\/#primaryimage","url":"https:\/\/consejoderectores.cl\/wp-content\/uploads\/2022\/08\/portada-ucm-rector.jpg","contentUrl":"https:\/\/consejoderectores.cl\/wp-content\/uploads\/2022\/08\/portada-ucm-rector.jpg","width":2449,"height":1632},{"@type":"BreadcrumbList","@id":"https:\/\/consejoderectores.cl\/2022\/08\/26\/ucm-celebro-un-nuevo-aniversario-marcado-por-el-cambio-de-mando-de-rector\/#breadcrumb","itemListElement":[{"@type":"ListItem","position":1,"name":"Home","item":"https:\/\/consejoderectores.cl\/"},{"@type":"ListItem","position":2,"name":"UCM celebr\u00f3 un nuevo aniversario marcado por el cambio de mando de rector"}]},{"@type":"WebSite","@id":"https:\/\/consejoderectores.cl\/en\/#website","url":"https:\/\/consejoderectores.cl\/en\/","name":"Council of Rectors of Chilean Universities","description":"","publisher":{"@id":"https:\/\/consejoderectores.cl\/en\/#organization"},"potentialAction":[{"@type":"SearchAction","target":{"@type":"EntryPoint","urlTemplate":"https:\/\/consejoderectores.cl\/en\/?s={search_term_string}"},"query-input":{"@type":"PropertyValueSpecification","valueRequired":true,"valueName":"search_term_string"}}],"inLanguage":"en-US"},{"@type":"Organization","@id":"https:\/\/consejoderectores.cl\/en\/#organization","name":"Council of Rectors of Chilean Universities","url":"https:\/\/consejoderectores.cl\/en\/","logo":{"@type":"ImageObject","inLanguage":"en-US","@id":"https:\/\/consejoderectores.cl\/en\/#\/schema\/logo\/image\/","url":"https:\/\/consejoderectores.cl\/wp-content\/uploads\/2025\/12\/logoheader_2025.png","contentUrl":"https:\/\/consejoderectores.cl\/wp-content\/uploads\/2025\/12\/logoheader_2025.png","width":666,"height":305,"caption":"Consejo de Rectoras y Rectores de las Universidades Chilenas"},"image":{"@id":"https:\/\/consejoderectores.cl\/en\/#\/schema\/logo\/image\/"},"sameAs":["https:\/\/x.com\/CRUCH_cl","https:\/\/www.instagram.com\/consejoderectores\/","https:\/\/www.linkedin.com\/company\/cruch\/","https:\/\/www.youtube.com\/channel\/UCzgIFRCsDlKoFpimiQmEaOA"]},{"@type":"Person","@id":"https:\/\/consejoderectores.cl\/en\/#\/schema\/person\/d863e44afde067fd4b57fac66ced709e","name":"Council of Rectors of Chilean Universities","image":{"@type":"ImageObject","inLanguage":"en-US","@id":"https:\/\/consejoderectores.cl\/en\/#\/schema\/person\/image\/","url":"https:\/\/secure.gravatar.com\/avatar\/c31e2a02401f041926afb8ee21ab666f0925814fe85d25a5c8db80e23722dfc1?s=96&d=mm&r=g","contentUrl":"https:\/\/secure.gravatar.com\/avatar\/c31e2a02401f041926afb8ee21ab666f0925814fe85d25a5c8db80e23722dfc1?s=96&d=mm&r=g","caption":"Consejo de Rectores de las Universidades Chilenas"},"sameAs":["https:\/\/www.consejoderectores.cl"],"url":"https:\/\/consejoderectores.cl\/en\/author\/cruch\/"}]}},"_links":{"self":[{"href":"https:\/\/consejoderectores.cl\/en\/wp-json\/wp\/v2\/posts\/6759","targetHints":{"allow":["GET"]}}],"collection":[{"href":"https:\/\/consejoderectores.cl\/en\/wp-json\/wp\/v2\/posts"}],"about":[{"href":"https:\/\/consejoderectores.cl\/en\/wp-json\/wp\/v2\/types\/post"}],"author":[{"embeddable":true,"href":"https:\/\/consejoderectores.cl\/en\/wp-json\/wp\/v2\/users\/1"}],"replies":[{"embeddable":true,"href":"https:\/\/consejoderectores.cl\/en\/wp-json\/wp\/v2\/comments?post=6759"}],"version-history":[{"count":1,"href":"https:\/\/consejoderectores.cl\/en\/wp-json\/wp\/v2\/posts\/6759\/revisions"}],"predecessor-version":[{"id":6762,"href":"https:\/\/consejoderectores.cl\/en\/wp-json\/wp\/v2\/posts\/6759\/revisions\/6762"}],"wp:featuredmedia":[{"embeddable":true,"href":"https:\/\/consejoderectores.cl\/en\/wp-json\/wp\/v2\/media\/6760"}],"wp:attachment":[{"href":"https:\/\/consejoderectores.cl\/en\/wp-json\/wp\/v2\/media?parent=6759"}],"wp:term":[{"taxonomy":"category","embeddable":true,"href":"https:\/\/consejoderectores.cl\/en\/wp-json\/wp\/v2\/categories?post=6759"},{"taxonomy":"post_tag","embeddable":true,"href":"https:\/\/consejoderectores.cl\/en\/wp-json\/wp\/v2\/tags?post=6759"}],"curies":[{"name":"wp","href":"https:\/\/api.w.org\/{rel}","templated":true}]}}