{"id":6709,"date":"2022-08-22T16:13:44","date_gmt":"2022-08-22T16:13:44","guid":{"rendered":"https:\/\/www.consejoderectores.cl\/?p=6709"},"modified":"2022-08-22T16:14:38","modified_gmt":"2022-08-22T16:14:38","slug":"68-anos-del-cruch-algunos-desafios-estrategicos","status":"publish","type":"post","link":"https:\/\/consejoderectores.cl\/en\/2022\/08\/22\/68-anos-del-cruch-algunos-desafios-estrategicos\/","title":{"rendered":"68 years of CRUCH: Some strategic challenges"},"content":{"rendered":"<blockquote><p>In a column published in the newspaper La Tercera, the executive vice president of the Council of Rectors, Emilio Rodr\u00edguez, highlighted the contributions of the institution within the framework of its 68th anniversary.<\/p>\n<p>The rector of the University of Tarapac\u00e1 stated that \u201cat this time, as CRUCH celebrates its 68th anniversary, it once again has the opportunity to adopt a leadership position to meaningfully fulfill its legal mission of advising and formulating proposals to the Ministry of Education on public policies that will define the future of higher education for the coming decades.\u201d.<\/p><\/blockquote>\n<p>In the knowledge age, university education plays a fundamental role in the progress of individuals, nations, and society as a whole. Indeed, the primary source of strategic value creation, in virtually every sphere of human endeavor, lies in the creation and management of knowledge. In turn, universities offer a space to contribute to a more holistic education for individuals.<\/p>\n<p>Certainly, university educational processes influence the development of individuals at the cognitive, psychological, social, and moral levels, strengthening their capacity to navigate an increasingly complex society. Furthermore, these processes foster a more active, participatory citizenry concerned with social development. Higher education also generates advanced knowledge, enabling progress in the field and impacting innovation, social development, economic growth, and the sustainability of territories. Efforts to develop and disseminate culture and the arts are yet another area in which universities benefit their regions.<\/p>\n<p>Thus, the teaching, research, and community engagement carried out by universities, along with other higher education institutions, contribute decisively to the well-being of a country. Consequently, an organization like the Council of Rectors of Chilean Universities (CRUCH) has played a leading role in the development of the Chilean education system, with decisions and actions that have contributed to quality, equity, and territorial development.<\/p>\n<p>It suffices to see that, in the national geography, there is a university of advanced quality or excellence in each region of the country, which belongs to the CRUCH and develops its work with the levels of complexity that are necessary, so that Chile can insert itself and benefit from the opportunities offered by the knowledge economy; without neglecting, of course, the integral formative role and the social commitment that are inherent to universities, which have an indisputable public vocation.<\/p>\n<p>At this time, as CRUCH celebrates its 68th anniversary, it once again has the opportunity to adopt a leadership position to meaningfully fulfill its legal mission of advising and formulating proposals to the Ministry of Education on public policies that will define the future of higher education for the coming decades; promoting, in turn, collaboration among universities that share not only a rich tradition, but also the pursuit of the common good.<\/p>\n<p>Strengthening initial teacher training is an unavoidable challenge for Chile. International research conclusively demonstrates the essential role of early childhood, primary, and secondary education in human development. Another challenge is the integration of digital transformation into university management, especially in educational processes. Teaching through virtual reality, the use of artificial intelligence, combined with cloud computing options (remote software access, file storage, and data processing via the internet), and the use of robotics are some of the many possibilities offered by learning environments. The proposal for an integrated system of universities of excellence from Arica to Magallanes is undoubtedly another challenge to which the Council of Rectors of Chilean Universities (CRUCH) can contribute, from the initial design of the proposal to its implementation in each region of the country.<\/p>\n<p>Incidentally, these are just some examples of the challenges that CRUCH can take on and, with its proposals and actions, can radically influence the course of education in Chile in the coming decades.<\/p>\n<p><em>*This column was published in <a href=\"https:\/\/app.conectamedia.cl\/alert\/view\/6372320\">The Third.<\/a><\/em><\/p>\n<p>&nbsp;<\/p>\n<p>&nbsp;<\/p>","protected":false},"excerpt":{"rendered":"<p>En una columna publicada en diario La Tercera, el vicepresidente ejecutivo del Consejo de Rectores, Emilio Rodr\u00edguez, destac\u00f3 los aportes de la instituci\u00f3n en el marco de su 68\u00b0 aniversario. El rector de la Universidad de Tarapac\u00e1 plante\u00f3 que \u201cen estos momentos, cuando el CRUCH cumple 68 a\u00f1os de vida, tiene nuevamente la opci\u00f3n de [&hellip;]<\/p>\n","protected":false},"author":1,"featured_media":6713,"comment_status":"open","ping_status":"open","sticky":false,"template":"","format":"standard","meta":{"_acf_changed":false,"footnotes":""},"categories":[3,13],"tags":[],"class_list":["post-6709","post","type-post","status-publish","format-standard","has-post-thumbnail","hentry","category-noticias","category-noticias-carrusel"],"acf":[],"yoast_head":"<!-- This site is optimized with the Yoast SEO plugin v27.1.1 - https:\/\/yoast.com\/product\/yoast-seo-wordpress\/ -->\n<title>68 a\u00f1os del CRUCH: Algunos desaf\u00edos estrat\u00e9gicos - Consejo de Rectoras y Rectores de las Universidades Chilenas<\/title>\n<meta name=\"robots\" content=\"index, follow, max-snippet:-1, max-image-preview:large, max-video-preview:-1\" \/>\n<link rel=\"canonical\" href=\"https:\/\/consejoderectores.cl\/en\/2022\/08\/22\/68-anos-del-cruch-algunos-desafios-estrategicos\/\" \/>\n<meta property=\"og:locale\" content=\"en_US\" \/>\n<meta property=\"og:type\" content=\"article\" \/>\n<meta property=\"og:title\" content=\"68 a\u00f1os del CRUCH: Algunos desaf\u00edos estrat\u00e9gicos - Consejo de Rectoras y Rectores de las Universidades Chilenas\" \/>\n<meta property=\"og:description\" content=\"En una columna publicada en diario La Tercera, el vicepresidente ejecutivo del Consejo de Rectores, Emilio Rodr\u00edguez, destac\u00f3 los aportes de la instituci\u00f3n en el marco de su 68\u00b0 aniversario. El rector de la Universidad de Tarapac\u00e1 plante\u00f3 que \u201cen estos momentos, cuando el CRUCH cumple 68 a\u00f1os de vida, tiene nuevamente la opci\u00f3n de [&hellip;]\" \/>\n<meta property=\"og:url\" content=\"https:\/\/consejoderectores.cl\/en\/2022\/08\/22\/68-anos-del-cruch-algunos-desafios-estrategicos\/\" \/>\n<meta property=\"og:site_name\" content=\"Consejo de Rectoras y Rectores de las Universidades Chilenas\" \/>\n<meta property=\"article:published_time\" content=\"2022-08-22T16:13:44+00:00\" \/>\n<meta property=\"article:modified_time\" content=\"2022-08-22T16:14:38+00:00\" \/>\n<meta property=\"og:image\" content=\"https:\/\/consejoderectores.cl\/wp-content\/uploads\/2022\/08\/Portada-columna-LT-2.png\" \/>\n\t<meta property=\"og:image:width\" content=\"1920\" \/>\n\t<meta property=\"og:image:height\" content=\"1080\" \/>\n\t<meta property=\"og:image:type\" content=\"image\/png\" \/>\n<meta name=\"author\" content=\"Consejo de Rectores de las Universidades Chilenas\" \/>\n<meta name=\"twitter:card\" content=\"summary_large_image\" \/>\n<meta name=\"twitter:creator\" content=\"@CRUCH_cl\" \/>\n<meta name=\"twitter:site\" content=\"@CRUCH_cl\" \/>\n<meta name=\"twitter:label1\" content=\"Written by\" \/>\n\t<meta name=\"twitter:data1\" content=\"Consejo de Rectores de las Universidades Chilenas\" \/>\n\t<meta name=\"twitter:label2\" content=\"Est. reading time\" \/>\n\t<meta name=\"twitter:data2\" content=\"4 minutes\" \/>\n<script type=\"application\/ld+json\" class=\"yoast-schema-graph\">{\"@context\":\"https:\/\/schema.org\",\"@graph\":[{\"@type\":\"Article\",\"@id\":\"https:\/\/consejoderectores.cl\/en\/2022\/08\/22\/68-anos-del-cruch-algunos-desafios-estrategicos\/#article\",\"isPartOf\":{\"@id\":\"https:\/\/consejoderectores.cl\/en\/2022\/08\/22\/68-anos-del-cruch-algunos-desafios-estrategicos\/\"},\"author\":{\"name\":\"Consejo de Rectores de las Universidades Chilenas\",\"@id\":\"https:\/\/consejoderectores.cl\/en\/#\/schema\/person\/d863e44afde067fd4b57fac66ced709e\"},\"headline\":\"68 a\u00f1os del CRUCH: Algunos desaf\u00edos estrat\u00e9gicos\",\"datePublished\":\"2022-08-22T16:13:44+00:00\",\"dateModified\":\"2022-08-22T16:14:38+00:00\",\"mainEntityOfPage\":{\"@id\":\"https:\/\/consejoderectores.cl\/en\/2022\/08\/22\/68-anos-del-cruch-algunos-desafios-estrategicos\/\"},\"wordCount\":800,\"commentCount\":0,\"publisher\":{\"@id\":\"https:\/\/consejoderectores.cl\/en\/#organization\"},\"image\":{\"@id\":\"https:\/\/consejoderectores.cl\/en\/2022\/08\/22\/68-anos-del-cruch-algunos-desafios-estrategicos\/#primaryimage\"},\"thumbnailUrl\":\"https:\/\/consejoderectores.cl\/wp-content\/uploads\/2022\/08\/Portada-columna-LT-2.png\",\"articleSection\":[\"Noticias\",\"Noticias Carrusel\"],\"inLanguage\":\"en-US\",\"potentialAction\":[{\"@type\":\"CommentAction\",\"name\":\"Comment\",\"target\":[\"https:\/\/consejoderectores.cl\/en\/2022\/08\/22\/68-anos-del-cruch-algunos-desafios-estrategicos\/#respond\"]}]},{\"@type\":\"WebPage\",\"@id\":\"https:\/\/consejoderectores.cl\/en\/2022\/08\/22\/68-anos-del-cruch-algunos-desafios-estrategicos\/\",\"url\":\"https:\/\/consejoderectores.cl\/en\/2022\/08\/22\/68-anos-del-cruch-algunos-desafios-estrategicos\/\",\"name\":\"68 a\u00f1os del CRUCH: Algunos desaf\u00edos estrat\u00e9gicos - Consejo de Rectoras y Rectores de las Universidades Chilenas\",\"isPartOf\":{\"@id\":\"https:\/\/consejoderectores.cl\/en\/#website\"},\"primaryImageOfPage\":{\"@id\":\"https:\/\/consejoderectores.cl\/en\/2022\/08\/22\/68-anos-del-cruch-algunos-desafios-estrategicos\/#primaryimage\"},\"image\":{\"@id\":\"https:\/\/consejoderectores.cl\/en\/2022\/08\/22\/68-anos-del-cruch-algunos-desafios-estrategicos\/#primaryimage\"},\"thumbnailUrl\":\"https:\/\/consejoderectores.cl\/wp-content\/uploads\/2022\/08\/Portada-columna-LT-2.png\",\"datePublished\":\"2022-08-22T16:13:44+00:00\",\"dateModified\":\"2022-08-22T16:14:38+00:00\",\"breadcrumb\":{\"@id\":\"https:\/\/consejoderectores.cl\/en\/2022\/08\/22\/68-anos-del-cruch-algunos-desafios-estrategicos\/#breadcrumb\"},\"inLanguage\":\"en-US\",\"potentialAction\":[{\"@type\":\"ReadAction\",\"target\":[\"https:\/\/consejoderectores.cl\/en\/2022\/08\/22\/68-anos-del-cruch-algunos-desafios-estrategicos\/\"]}]},{\"@type\":\"ImageObject\",\"inLanguage\":\"en-US\",\"@id\":\"https:\/\/consejoderectores.cl\/en\/2022\/08\/22\/68-anos-del-cruch-algunos-desafios-estrategicos\/#primaryimage\",\"url\":\"https:\/\/consejoderectores.cl\/wp-content\/uploads\/2022\/08\/Portada-columna-LT-2.png\",\"contentUrl\":\"https:\/\/consejoderectores.cl\/wp-content\/uploads\/2022\/08\/Portada-columna-LT-2.png\",\"width\":1920,\"height\":1080},{\"@type\":\"BreadcrumbList\",\"@id\":\"https:\/\/consejoderectores.cl\/en\/2022\/08\/22\/68-anos-del-cruch-algunos-desafios-estrategicos\/#breadcrumb\",\"itemListElement\":[{\"@type\":\"ListItem\",\"position\":1,\"name\":\"Home\",\"item\":\"https:\/\/consejoderectores.cl\/\"},{\"@type\":\"ListItem\",\"position\":2,\"name\":\"68 a\u00f1os del CRUCH: Algunos desaf\u00edos estrat\u00e9gicos\"}]},{\"@type\":\"WebSite\",\"@id\":\"https:\/\/consejoderectores.cl\/en\/#website\",\"url\":\"https:\/\/consejoderectores.cl\/en\/\",\"name\":\"Consejo de Rectoras y Rectores de las Universidades Chilenas\",\"description\":\"\",\"publisher\":{\"@id\":\"https:\/\/consejoderectores.cl\/en\/#organization\"},\"potentialAction\":[{\"@type\":\"SearchAction\",\"target\":{\"@type\":\"EntryPoint\",\"urlTemplate\":\"https:\/\/consejoderectores.cl\/en\/?s={search_term_string}\"},\"query-input\":{\"@type\":\"PropertyValueSpecification\",\"valueRequired\":true,\"valueName\":\"search_term_string\"}}],\"inLanguage\":\"en-US\"},{\"@type\":\"Organization\",\"@id\":\"https:\/\/consejoderectores.cl\/en\/#organization\",\"name\":\"Consejo de Rectoras y Rectores de las Universidades Chilenas\",\"url\":\"https:\/\/consejoderectores.cl\/en\/\",\"logo\":{\"@type\":\"ImageObject\",\"inLanguage\":\"en-US\",\"@id\":\"https:\/\/consejoderectores.cl\/en\/#\/schema\/logo\/image\/\",\"url\":\"https:\/\/consejoderectores.cl\/wp-content\/uploads\/2025\/12\/logoheader_2025.png\",\"contentUrl\":\"https:\/\/consejoderectores.cl\/wp-content\/uploads\/2025\/12\/logoheader_2025.png\",\"width\":666,\"height\":305,\"caption\":\"Consejo de Rectoras y Rectores de las Universidades Chilenas\"},\"image\":{\"@id\":\"https:\/\/consejoderectores.cl\/en\/#\/schema\/logo\/image\/\"},\"sameAs\":[\"https:\/\/x.com\/CRUCH_cl\",\"https:\/\/www.instagram.com\/consejoderectores\/\",\"https:\/\/www.linkedin.com\/company\/cruch\/\",\"https:\/\/www.youtube.com\/channel\/UCzgIFRCsDlKoFpimiQmEaOA\"]},{\"@type\":\"Person\",\"@id\":\"https:\/\/consejoderectores.cl\/en\/#\/schema\/person\/d863e44afde067fd4b57fac66ced709e\",\"name\":\"Consejo de Rectores de las Universidades Chilenas\",\"image\":{\"@type\":\"ImageObject\",\"inLanguage\":\"en-US\",\"@id\":\"https:\/\/consejoderectores.cl\/en\/#\/schema\/person\/image\/\",\"url\":\"https:\/\/secure.gravatar.com\/avatar\/c31e2a02401f041926afb8ee21ab666f0925814fe85d25a5c8db80e23722dfc1?s=96&d=mm&r=g\",\"contentUrl\":\"https:\/\/secure.gravatar.com\/avatar\/c31e2a02401f041926afb8ee21ab666f0925814fe85d25a5c8db80e23722dfc1?s=96&d=mm&r=g\",\"caption\":\"Consejo de Rectores de las Universidades Chilenas\"},\"sameAs\":[\"https:\/\/www.consejoderectores.cl\"],\"url\":\"https:\/\/consejoderectores.cl\/en\/author\/cruch\/\"}]}<\/script>\n<!-- \/ Yoast SEO plugin. -->","yoast_head_json":{"title":"68 a\u00f1os del CRUCH: Algunos desaf\u00edos estrat\u00e9gicos - Consejo de Rectoras y Rectores de las Universidades Chilenas","robots":{"index":"index","follow":"follow","max-snippet":"max-snippet:-1","max-image-preview":"max-image-preview:large","max-video-preview":"max-video-preview:-1"},"canonical":"https:\/\/consejoderectores.cl\/en\/2022\/08\/22\/68-anos-del-cruch-algunos-desafios-estrategicos\/","og_locale":"en_US","og_type":"article","og_title":"68 a\u00f1os del CRUCH: Algunos desaf\u00edos estrat\u00e9gicos - Consejo de Rectoras y Rectores de las Universidades Chilenas","og_description":"En una columna publicada en diario La Tercera, el vicepresidente ejecutivo del Consejo de Rectores, Emilio Rodr\u00edguez, destac\u00f3 los aportes de la instituci\u00f3n en el marco de su 68\u00b0 aniversario. El rector de la Universidad de Tarapac\u00e1 plante\u00f3 que \u201cen estos momentos, cuando el CRUCH cumple 68 a\u00f1os de vida, tiene nuevamente la opci\u00f3n de [&hellip;]","og_url":"https:\/\/consejoderectores.cl\/en\/2022\/08\/22\/68-anos-del-cruch-algunos-desafios-estrategicos\/","og_site_name":"Consejo de Rectoras y Rectores de las Universidades Chilenas","article_published_time":"2022-08-22T16:13:44+00:00","article_modified_time":"2022-08-22T16:14:38+00:00","og_image":[{"width":1920,"height":1080,"url":"https:\/\/consejoderectores.cl\/wp-content\/uploads\/2022\/08\/Portada-columna-LT-2.png","type":"image\/png"}],"author":"Consejo de Rectores de las Universidades Chilenas","twitter_card":"summary_large_image","twitter_creator":"@CRUCH_cl","twitter_site":"@CRUCH_cl","twitter_misc":{"Written by":"Consejo de Rectores de las Universidades Chilenas","Est. reading time":"4 minutes"},"schema":{"@context":"https:\/\/schema.org","@graph":[{"@type":"Article","@id":"https:\/\/consejoderectores.cl\/en\/2022\/08\/22\/68-anos-del-cruch-algunos-desafios-estrategicos\/#article","isPartOf":{"@id":"https:\/\/consejoderectores.cl\/en\/2022\/08\/22\/68-anos-del-cruch-algunos-desafios-estrategicos\/"},"author":{"name":"Consejo de Rectores de las Universidades Chilenas","@id":"https:\/\/consejoderectores.cl\/en\/#\/schema\/person\/d863e44afde067fd4b57fac66ced709e"},"headline":"68 a\u00f1os del CRUCH: Algunos desaf\u00edos estrat\u00e9gicos","datePublished":"2022-08-22T16:13:44+00:00","dateModified":"2022-08-22T16:14:38+00:00","mainEntityOfPage":{"@id":"https:\/\/consejoderectores.cl\/en\/2022\/08\/22\/68-anos-del-cruch-algunos-desafios-estrategicos\/"},"wordCount":800,"commentCount":0,"publisher":{"@id":"https:\/\/consejoderectores.cl\/en\/#organization"},"image":{"@id":"https:\/\/consejoderectores.cl\/en\/2022\/08\/22\/68-anos-del-cruch-algunos-desafios-estrategicos\/#primaryimage"},"thumbnailUrl":"https:\/\/consejoderectores.cl\/wp-content\/uploads\/2022\/08\/Portada-columna-LT-2.png","articleSection":["Noticias","Noticias Carrusel"],"inLanguage":"en-US","potentialAction":[{"@type":"CommentAction","name":"Comment","target":["https:\/\/consejoderectores.cl\/en\/2022\/08\/22\/68-anos-del-cruch-algunos-desafios-estrategicos\/#respond"]}]},{"@type":"WebPage","@id":"https:\/\/consejoderectores.cl\/en\/2022\/08\/22\/68-anos-del-cruch-algunos-desafios-estrategicos\/","url":"https:\/\/consejoderectores.cl\/en\/2022\/08\/22\/68-anos-del-cruch-algunos-desafios-estrategicos\/","name":"68 a\u00f1os del CRUCH: Algunos desaf\u00edos estrat\u00e9gicos - Consejo de Rectoras y Rectores de las Universidades Chilenas","isPartOf":{"@id":"https:\/\/consejoderectores.cl\/en\/#website"},"primaryImageOfPage":{"@id":"https:\/\/consejoderectores.cl\/en\/2022\/08\/22\/68-anos-del-cruch-algunos-desafios-estrategicos\/#primaryimage"},"image":{"@id":"https:\/\/consejoderectores.cl\/en\/2022\/08\/22\/68-anos-del-cruch-algunos-desafios-estrategicos\/#primaryimage"},"thumbnailUrl":"https:\/\/consejoderectores.cl\/wp-content\/uploads\/2022\/08\/Portada-columna-LT-2.png","datePublished":"2022-08-22T16:13:44+00:00","dateModified":"2022-08-22T16:14:38+00:00","breadcrumb":{"@id":"https:\/\/consejoderectores.cl\/en\/2022\/08\/22\/68-anos-del-cruch-algunos-desafios-estrategicos\/#breadcrumb"},"inLanguage":"en-US","potentialAction":[{"@type":"ReadAction","target":["https:\/\/consejoderectores.cl\/en\/2022\/08\/22\/68-anos-del-cruch-algunos-desafios-estrategicos\/"]}]},{"@type":"ImageObject","inLanguage":"en-US","@id":"https:\/\/consejoderectores.cl\/en\/2022\/08\/22\/68-anos-del-cruch-algunos-desafios-estrategicos\/#primaryimage","url":"https:\/\/consejoderectores.cl\/wp-content\/uploads\/2022\/08\/Portada-columna-LT-2.png","contentUrl":"https:\/\/consejoderectores.cl\/wp-content\/uploads\/2022\/08\/Portada-columna-LT-2.png","width":1920,"height":1080},{"@type":"BreadcrumbList","@id":"https:\/\/consejoderectores.cl\/en\/2022\/08\/22\/68-anos-del-cruch-algunos-desafios-estrategicos\/#breadcrumb","itemListElement":[{"@type":"ListItem","position":1,"name":"Home","item":"https:\/\/consejoderectores.cl\/"},{"@type":"ListItem","position":2,"name":"68 a\u00f1os del CRUCH: Algunos desaf\u00edos estrat\u00e9gicos"}]},{"@type":"WebSite","@id":"https:\/\/consejoderectores.cl\/en\/#website","url":"https:\/\/consejoderectores.cl\/en\/","name":"Council of Rectors of Chilean Universities","description":"","publisher":{"@id":"https:\/\/consejoderectores.cl\/en\/#organization"},"potentialAction":[{"@type":"SearchAction","target":{"@type":"EntryPoint","urlTemplate":"https:\/\/consejoderectores.cl\/en\/?s={search_term_string}"},"query-input":{"@type":"PropertyValueSpecification","valueRequired":true,"valueName":"search_term_string"}}],"inLanguage":"en-US"},{"@type":"Organization","@id":"https:\/\/consejoderectores.cl\/en\/#organization","name":"Council of Rectors of Chilean Universities","url":"https:\/\/consejoderectores.cl\/en\/","logo":{"@type":"ImageObject","inLanguage":"en-US","@id":"https:\/\/consejoderectores.cl\/en\/#\/schema\/logo\/image\/","url":"https:\/\/consejoderectores.cl\/wp-content\/uploads\/2025\/12\/logoheader_2025.png","contentUrl":"https:\/\/consejoderectores.cl\/wp-content\/uploads\/2025\/12\/logoheader_2025.png","width":666,"height":305,"caption":"Consejo de Rectoras y Rectores de las Universidades Chilenas"},"image":{"@id":"https:\/\/consejoderectores.cl\/en\/#\/schema\/logo\/image\/"},"sameAs":["https:\/\/x.com\/CRUCH_cl","https:\/\/www.instagram.com\/consejoderectores\/","https:\/\/www.linkedin.com\/company\/cruch\/","https:\/\/www.youtube.com\/channel\/UCzgIFRCsDlKoFpimiQmEaOA"]},{"@type":"Person","@id":"https:\/\/consejoderectores.cl\/en\/#\/schema\/person\/d863e44afde067fd4b57fac66ced709e","name":"Council of Rectors of Chilean Universities","image":{"@type":"ImageObject","inLanguage":"en-US","@id":"https:\/\/consejoderectores.cl\/en\/#\/schema\/person\/image\/","url":"https:\/\/secure.gravatar.com\/avatar\/c31e2a02401f041926afb8ee21ab666f0925814fe85d25a5c8db80e23722dfc1?s=96&d=mm&r=g","contentUrl":"https:\/\/secure.gravatar.com\/avatar\/c31e2a02401f041926afb8ee21ab666f0925814fe85d25a5c8db80e23722dfc1?s=96&d=mm&r=g","caption":"Consejo de Rectores de las Universidades Chilenas"},"sameAs":["https:\/\/www.consejoderectores.cl"],"url":"https:\/\/consejoderectores.cl\/en\/author\/cruch\/"}]}},"_links":{"self":[{"href":"https:\/\/consejoderectores.cl\/en\/wp-json\/wp\/v2\/posts\/6709","targetHints":{"allow":["GET"]}}],"collection":[{"href":"https:\/\/consejoderectores.cl\/en\/wp-json\/wp\/v2\/posts"}],"about":[{"href":"https:\/\/consejoderectores.cl\/en\/wp-json\/wp\/v2\/types\/post"}],"author":[{"embeddable":true,"href":"https:\/\/consejoderectores.cl\/en\/wp-json\/wp\/v2\/users\/1"}],"replies":[{"embeddable":true,"href":"https:\/\/consejoderectores.cl\/en\/wp-json\/wp\/v2\/comments?post=6709"}],"version-history":[{"count":3,"href":"https:\/\/consejoderectores.cl\/en\/wp-json\/wp\/v2\/posts\/6709\/revisions"}],"predecessor-version":[{"id":6715,"href":"https:\/\/consejoderectores.cl\/en\/wp-json\/wp\/v2\/posts\/6709\/revisions\/6715"}],"wp:featuredmedia":[{"embeddable":true,"href":"https:\/\/consejoderectores.cl\/en\/wp-json\/wp\/v2\/media\/6713"}],"wp:attachment":[{"href":"https:\/\/consejoderectores.cl\/en\/wp-json\/wp\/v2\/media?parent=6709"}],"wp:term":[{"taxonomy":"category","embeddable":true,"href":"https:\/\/consejoderectores.cl\/en\/wp-json\/wp\/v2\/categories?post=6709"},{"taxonomy":"post_tag","embeddable":true,"href":"https:\/\/consejoderectores.cl\/en\/wp-json\/wp\/v2\/tags?post=6709"}],"curies":[{"name":"wp","href":"https:\/\/api.w.org\/{rel}","templated":true}]}}