{"id":6603,"date":"2022-07-28T20:07:13","date_gmt":"2022-07-28T20:07:13","guid":{"rendered":"https:\/\/www.consejoderectores.cl\/?p=6603"},"modified":"2022-08-02T13:57:47","modified_gmt":"2022-08-02T13:57:47","slug":"cruch-elige-a-rector-emilio-rodriguez-como-vicepresidente-ejecutivo-para-el-periodo-2022-2024","status":"publish","type":"post","link":"https:\/\/consejoderectores.cl\/en\/2022\/07\/28\/cruch-elige-a-rector-emilio-rodriguez-como-vicepresidente-ejecutivo-para-el-periodo-2022-2024\/","title":{"rendered":"CRUCH elects Rector Emilio Rodr\u00edguez as Executive Vice President for the 2022-2024 term"},"content":{"rendered":"<blockquote><p>The university presidents elected the highest authority of the University of Tarapac\u00e1, who appreciated this support. \u201cA vote of confidence has been given to a regional university (\u2026) This shows the openness of our Council to understand that territorial development is important and that talent is distributed throughout the country.\u201d.<\/p>\n<p>Likewise, the plenary elected the rector of the Austral University of Chile, Hans Richter, as alternate executive vice president.<\/p>\n<p>The outgoing executive vice president, Rector Juan Manuel Zolezzi, stated that \u201cI have a feeling of satisfaction for the work done, and gratitude towards my peers, who elected me twice.\u201d.<\/p><\/blockquote>\n<p>\u201cThis vote of confidence from the plenary is simply an honor and also a privilege that implies a great commitment,\u201d said Emilio Rodr\u00edguez Ponce, who was unanimously elected executive vice president of the Council of Rectors of Chilean Universities (CRUCH).<\/p>\n<p>This definition was developed today, Thursday, within the framework of session No. 635, which took place at the University Museum of Engraving of the University of Playa Ancha of Educational Sciences, in Valpara\u00edso.<\/p>\n<p>Emilio Rodr\u00edguez asserted that this election &quot;represents a vote of confidence in a regional university, located far from major urban centers. This demonstrates our Council&#039;s openness to understanding the importance of territorial development and the fact that talent is distributed throughout the country.&quot;.<\/p>\n<p>Rodr\u00edguez, rector of the University of Tarapac\u00e1, stated that \u201cquality, equity and territorial development are the strategic priorities that we should address as the Council of Rectors, together with those tasks that will emerge during the period.\u201d.<\/p>\n<p>Emilio Rodr\u00edguez is a full professor at the Institute of Advanced Research of the University of Tarapac\u00e1, holds a doctorate in Economic and Business Sciences; a doctorate in Education; a master&#039;s degree in Administration with a specialization in Finance; a university master&#039;s degree in Social Sciences; a master&#039;s Certificate in Finance Series; a commercial engineer; and a bachelor&#039;s degree in Business Administration and a bachelor&#039;s degree in Administration and Management.<\/p>\n<p>He served as rector of the University of Tarapac\u00e1 from 2002 to 2006, from 2010 to 2014, and from 2018 to 2022, and was re-elected for a third term in April of this year. Between 2014 and 2015, he was the regional governor of Arica and Parinacota, and he has received the titles of Distinguished Son of the City of San Marcos de Arica and the Chilean Association of Faculties of Economics and Administration Award (2009).<\/p>\n<h4>Executive committee<\/h4>\n<p>The plenary session of rectors also defined new members of the CRUCH Executive Committee, which will be made up of Rector Rodr\u00edguez and the Rector of the Austral University of Chile, Hans Richter Becerra, unanimously elected as alternate executive vice president, a position held until today by the Rector of the Pontifical Catholic University, Ignacio S\u00e1nchez.<\/p>\n<p>Rector Richter praised this election and maintained that it is positive that \u201csuch an important structure as the Council is showing clear signs of decentralization. We are two universities located practically at opposite ends of the country, and today we are taking the helm of the CRUCH, which is quite symbolic, but it also implies a great challenge, because we are taking up the mantle from two rectors with a strong presence and influence, Juan Manuel Zolezzi and Ignacio S\u00e1nchez.\u201d.<\/p>\n<p>The CRUCH Executive Committee will continue to be composed of the rector of the University of Valpara\u00edso, Osvaldo Corrales, as president of the Consortium of State Universities of Chile (CUECH); the rector of the University of Concepci\u00f3n, Carlos Saavedra, as president of the Non-State Public Universities (G-9); and the rector of the University of Playa Ancha, Patricio Sanhueza, as president of the Association of Regional Universities (AUR).<\/p>\n<p>In addition, the rector of the University of La Frontera, Eduardo Hebel (representing CUECH), and the rector of the Alberto Hurtado University, Eduardo Silva, representing the universities incorporated into the Council according to Law 21.091, were ratified as members.<\/p>\n<p>They are joined by the rector of the Catholic University of the Holy Conception, Cristhian Mellado, elected this Thursday representing the G-9 universities, replacing the rector of the Catholic University of Maule, Diego Dur\u00e1n, who will leave the rectorship in August.<\/p>\n<p>The Executive Committee assumes the management functions of the Council and acts as the liaison between the Council of Rectors and public sector institutions, especially the Ministry of Education. It also oversees the planning of the Council&#039;s own projects and the conduct of its meetings.<\/p>\n<h4>Farewell to Rector Zolezzi<\/h4>\n<p>Thursday&#039;s session was the last one chaired by the rector of the University of Santiago de Chile, Juan Manuel Zolezzi, in his capacity as executive vice president of CRUCH.<\/p>\n<p>On that occasion, he spoke about the main milestones of his administration, with emphasis on the social and health crisis caused by the Covid-19 pandemic, the discussion on regulated tariffs and the implementation of regulations related to the implementation of Law No. 21,091.<\/p>\n<p>After his presentation, Rector Zolezzi said, \u201cI have a feeling of satisfaction for the work done, and gratitude towards my peers, who elected me twice as executive vice president.\u201d.<\/p>\n<p>She also emphasized that \u201cI had to assume this responsibility during the most difficult times of recent decades, because I was in charge during 2011 and 2012, the period of the large student movement marches; and during this time the social uprising and the pandemic occurred. But with everyone&#039;s collaboration, it is possible to move forward and, moreover, to emerge very successfully.\u201d.<\/p>\n<p>The rector of Usach added that &quot;I wish CRUCH all the best&quot; and that he hopes &quot;the country can invest more in science, technology, innovation and fundamentally in education, because the countries that have invested in these areas have made a leap forward.&quot;.<\/p>\n<p>Meanwhile, the Undersecretary of Higher Education, Ver\u00f3nica Figueroa, highlighted the work of Rector Zolezzi at the head of the Council, because &quot;he has given an important imprint, a distinctive character to this space and he will undoubtedly be missed.&quot;.<\/p>\n<p>Figueroa stated that \u201calong the way we have come, we have seen that issues such as gender equality, regulated tuition fees, financing, and quality have been consistently on the CRUCH agenda. It has been a great period, and we hope that whoever takes the reins will continue the path of collaboration that we so desperately need in Higher Education.\u201d.<\/p>\n<p>The Management Report of the Executive Vice Presidency of CRUCH for the period 2020 \u2013 2022 <a href=\"https:\/\/www.consejoderectores.cl\/wp-content\/uploads\/2022\/07\/Informe-de-Gestion-Vicepresidencia-Ejecutiva-CRUCH-2020-2022.pdf\">It is available here<\/a>.<\/p>\n<h4>Farewell to rectors Loyola and Oyarzo<\/h4>\n<p>During the meeting in Valpara\u00edso, the CRUCH said goodbye to the rectors Luis Alberto Loyola (University of Antofagasta) and Juan Oyarzo (University of Magallanes), who will leave their respective rectorships during August.<\/p>\n<p>Luis Loyola is a State Professor of Biology and Chemistry at the University of Chile and holds a PhD in Chemical Sciences from the same institution. He has completed postdoctoral studies in the research training program of the Faculty of Sciences at the University of Chile and at research centers of the Spanish National Research Council (CSIC).<\/p>\n<p>He has led the University of Antofagasta for 16 years, but his connection with the institution spans nearly six decades, beginning with his enrollment as a student and teaching assistant at the Northern Campus of the University of Chile in 1960. Subsequently, he was a professor in the laboratories and an academic in the programs of Chemistry, Chemistry, Chemical Analysis, Medical Technology, Dentistry, and Medicine. He also held administrative positions, serving as Director General of Teaching, Director General of Research, Director of Graduate Studies, and Academic Vice-Rector.<\/p>\n<p>Juan Oyarzo is a civil mechanical engineer from the State Technical University, holds a master&#039;s degree in Mechanical Engineering from the Federal University of Santa Catarina, Brazil, and a doctorate in Renewable Energies from the Polytechnic University of Madrid, Spain (2010). He is an associate professor in the Faculty of Engineering at the University of Magallanes and has served as director of the Department of Mechanical Engineering, dean of the Faculty of Engineering, and academic vice-rector. He assumed the rectorship of UMAG for the period 2014-2018 and was re-elected in 2018 for a term until 2022.<\/p>\n<p>On the other hand, the plenary session welcomed Nelson V\u00e1squez Lara, who assumed the position of rector of the Pontifical Catholic University of Chile on Tuesday, July 26. V\u00e1squez is a professor of History and Geography at the PUCV, a tenured professor at the Institute of History of the same institution, and holds a doctorate in History Didactics from the University of Barcelona, Spain. He served as academic vice-rector of the PUCV until July 2022.<\/p>\n<p><em>*Photographs: CRUCH \u2013 UPLA Communications<\/em><\/p>\n<p><img loading=\"lazy\" decoding=\"async\" class=\"size-medium wp-image-6605 alignright\" src=\"https:\/\/www.consejoderectores.cl\/wp-content\/uploads\/2022\/07\/Foto-Richter-Rodriguez-Zolezzi-252x300.jpeg\" alt=\"\" width=\"252\" height=\"300\" srcset=\"https:\/\/consejoderectores.cl\/wp-content\/uploads\/2022\/07\/Foto-Richter-Rodriguez-Zolezzi-252x300.jpeg 252w, https:\/\/consejoderectores.cl\/wp-content\/uploads\/2022\/07\/Foto-Richter-Rodriguez-Zolezzi-768x913.jpeg 768w, https:\/\/consejoderectores.cl\/wp-content\/uploads\/2022\/07\/Foto-Richter-Rodriguez-Zolezzi-10x12.jpeg 10w, https:\/\/consejoderectores.cl\/wp-content\/uploads\/2022\/07\/Foto-Richter-Rodriguez-Zolezzi-848x1009.jpeg 848w, https:\/\/consejoderectores.cl\/wp-content\/uploads\/2022\/07\/Foto-Richter-Rodriguez-Zolezzi.jpeg 861w\" sizes=\"auto, (max-width: 252px) 100vw, 252px\" \/> <img loading=\"lazy\" decoding=\"async\" class=\"size-medium wp-image-6606 alignleft\" src=\"https:\/\/www.consejoderectores.cl\/wp-content\/uploads\/2022\/07\/foto-sesion-1-300x225.jpg\" alt=\"\" width=\"300\" height=\"225\" srcset=\"https:\/\/consejoderectores.cl\/wp-content\/uploads\/2022\/07\/foto-sesion-1-300x225.jpg 300w, https:\/\/consejoderectores.cl\/wp-content\/uploads\/2022\/07\/foto-sesion-1-1024x768.jpg 1024w, https:\/\/consejoderectores.cl\/wp-content\/uploads\/2022\/07\/foto-sesion-1-768x576.jpg 768w, https:\/\/consejoderectores.cl\/wp-content\/uploads\/2022\/07\/foto-sesion-1-1536x1152.jpg 1536w, https:\/\/consejoderectores.cl\/wp-content\/uploads\/2022\/07\/foto-sesion-1-16x12.jpg 16w, https:\/\/consejoderectores.cl\/wp-content\/uploads\/2022\/07\/foto-sesion-1-848x636.jpg 848w, https:\/\/consejoderectores.cl\/wp-content\/uploads\/2022\/07\/foto-sesion-1-1140x855.jpg 1140w, https:\/\/consejoderectores.cl\/wp-content\/uploads\/2022\/07\/foto-sesion-1-1170x878.jpg 1170w, https:\/\/consejoderectores.cl\/wp-content\/uploads\/2022\/07\/foto-sesion-1-1920x1440.jpg 1920w, https:\/\/consejoderectores.cl\/wp-content\/uploads\/2022\/07\/foto-sesion-1.jpg 2048w\" sizes=\"auto, (max-width: 300px) 100vw, 300px\" \/> <img loading=\"lazy\" decoding=\"async\" class=\"size-medium wp-image-6607 alignleft\" src=\"https:\/\/www.consejoderectores.cl\/wp-content\/uploads\/2022\/07\/foto-sesion-2-300x200.jpg\" alt=\"\" width=\"300\" height=\"200\" srcset=\"https:\/\/consejoderectores.cl\/wp-content\/uploads\/2022\/07\/foto-sesion-2-300x200.jpg 300w, https:\/\/consejoderectores.cl\/wp-content\/uploads\/2022\/07\/foto-sesion-2-1024x683.jpg 1024w, https:\/\/consejoderectores.cl\/wp-content\/uploads\/2022\/07\/foto-sesion-2-768x512.jpg 768w, https:\/\/consejoderectores.cl\/wp-content\/uploads\/2022\/07\/foto-sesion-2-1536x1024.jpg 1536w, https:\/\/consejoderectores.cl\/wp-content\/uploads\/2022\/07\/foto-sesion-2-16x12.jpg 16w, https:\/\/consejoderectores.cl\/wp-content\/uploads\/2022\/07\/foto-sesion-2-848x565.jpg 848w, https:\/\/consejoderectores.cl\/wp-content\/uploads\/2022\/07\/foto-sesion-2-1140x760.jpg 1140w, https:\/\/consejoderectores.cl\/wp-content\/uploads\/2022\/07\/foto-sesion-2-1170x780.jpg 1170w, https:\/\/consejoderectores.cl\/wp-content\/uploads\/2022\/07\/foto-sesion-2-1920x1280.jpg 1920w, https:\/\/consejoderectores.cl\/wp-content\/uploads\/2022\/07\/foto-sesion-2.jpg 2048w\" sizes=\"auto, (max-width: 300px) 100vw, 300px\" \/> <img loading=\"lazy\" decoding=\"async\" class=\"size-medium wp-image-6608 alignright\" src=\"https:\/\/www.consejoderectores.cl\/wp-content\/uploads\/2022\/07\/foto-sesion-3-300x200.jpg\" alt=\"\" width=\"300\" height=\"200\" srcset=\"https:\/\/consejoderectores.cl\/wp-content\/uploads\/2022\/07\/foto-sesion-3-300x200.jpg 300w, https:\/\/consejoderectores.cl\/wp-content\/uploads\/2022\/07\/foto-sesion-3-1024x683.jpg 1024w, https:\/\/consejoderectores.cl\/wp-content\/uploads\/2022\/07\/foto-sesion-3-768x512.jpg 768w, https:\/\/consejoderectores.cl\/wp-content\/uploads\/2022\/07\/foto-sesion-3-1536x1024.jpg 1536w, https:\/\/consejoderectores.cl\/wp-content\/uploads\/2022\/07\/foto-sesion-3-16x12.jpg 16w, https:\/\/consejoderectores.cl\/wp-content\/uploads\/2022\/07\/foto-sesion-3-848x565.jpg 848w, https:\/\/consejoderectores.cl\/wp-content\/uploads\/2022\/07\/foto-sesion-3-1140x760.jpg 1140w, https:\/\/consejoderectores.cl\/wp-content\/uploads\/2022\/07\/foto-sesion-3-1170x780.jpg 1170w, https:\/\/consejoderectores.cl\/wp-content\/uploads\/2022\/07\/foto-sesion-3-1920x1280.jpg 1920w, https:\/\/consejoderectores.cl\/wp-content\/uploads\/2022\/07\/foto-sesion-3.jpg 2048w\" sizes=\"auto, (max-width: 300px) 100vw, 300px\" \/> <img loading=\"lazy\" decoding=\"async\" class=\"size-medium wp-image-6609 alignleft\" src=\"https:\/\/www.consejoderectores.cl\/wp-content\/uploads\/2022\/07\/foto-sesion-4-300x200.jpg\" alt=\"\" width=\"300\" height=\"200\" srcset=\"https:\/\/consejoderectores.cl\/wp-content\/uploads\/2022\/07\/foto-sesion-4-300x200.jpg 300w, https:\/\/consejoderectores.cl\/wp-content\/uploads\/2022\/07\/foto-sesion-4-1024x683.jpg 1024w, https:\/\/consejoderectores.cl\/wp-content\/uploads\/2022\/07\/foto-sesion-4-768x512.jpg 768w, https:\/\/consejoderectores.cl\/wp-content\/uploads\/2022\/07\/foto-sesion-4-1536x1024.jpg 1536w, https:\/\/consejoderectores.cl\/wp-content\/uploads\/2022\/07\/foto-sesion-4-16x12.jpg 16w, https:\/\/consejoderectores.cl\/wp-content\/uploads\/2022\/07\/foto-sesion-4-848x565.jpg 848w, https:\/\/consejoderectores.cl\/wp-content\/uploads\/2022\/07\/foto-sesion-4-1140x760.jpg 1140w, https:\/\/consejoderectores.cl\/wp-content\/uploads\/2022\/07\/foto-sesion-4-1170x780.jpg 1170w, https:\/\/consejoderectores.cl\/wp-content\/uploads\/2022\/07\/foto-sesion-4-1920x1280.jpg 1920w, https:\/\/consejoderectores.cl\/wp-content\/uploads\/2022\/07\/foto-sesion-4.jpg 2048w\" sizes=\"auto, (max-width: 300px) 100vw, 300px\" \/><\/p>","protected":false},"excerpt":{"rendered":"<p>Las rectoras y rectores eligieron a la m\u00e1xima autoridad de la Universidad de Tarapac\u00e1, quien valor\u00f3 este respaldo. \u201cSe ha dado un voto de confianza a una universidad regional (\u2026) Esto muestra la apertura de nuestro Consejo para entender que el desarrollo territorial es importante y que los talentos se distribuyen en todo el pa\u00eds\u201d. [&hellip;]<\/p>\n","protected":false},"author":1,"featured_media":6604,"comment_status":"open","ping_status":"open","sticky":false,"template":"","format":"standard","meta":{"_acf_changed":false,"footnotes":""},"categories":[3,13],"tags":[],"class_list":["post-6603","post","type-post","status-publish","format-standard","has-post-thumbnail","hentry","category-noticias","category-noticias-carrusel"],"acf":[],"yoast_head":"<!-- This site is optimized with the Yoast SEO plugin v27.1.1 - https:\/\/yoast.com\/product\/yoast-seo-wordpress\/ -->\n<title>CRUCH elige a rector Emilio Rodr\u00edguez como vicepresidente ejecutivo para el periodo 2022 -2024 - Consejo de Rectoras y Rectores de las Universidades Chilenas<\/title>\n<meta name=\"robots\" content=\"index, follow, max-snippet:-1, max-image-preview:large, max-video-preview:-1\" \/>\n<link rel=\"canonical\" href=\"https:\/\/consejoderectores.cl\/en\/2022\/07\/28\/cruch-elige-a-rector-emilio-rodriguez-como-vicepresidente-ejecutivo-para-el-periodo-2022-2024\/\" \/>\n<meta property=\"og:locale\" content=\"en_US\" \/>\n<meta property=\"og:type\" content=\"article\" \/>\n<meta property=\"og:title\" content=\"CRUCH elige a rector Emilio Rodr\u00edguez como vicepresidente ejecutivo para el periodo 2022 -2024 - Consejo de Rectoras y Rectores de las Universidades Chilenas\" \/>\n<meta property=\"og:description\" content=\"Las rectoras y rectores eligieron a la m\u00e1xima autoridad de la Universidad de Tarapac\u00e1, quien valor\u00f3 este respaldo. \u201cSe ha dado un voto de confianza a una universidad regional (\u2026) Esto muestra la apertura de nuestro Consejo para entender que el desarrollo territorial es importante y que los talentos se distribuyen en todo el pa\u00eds\u201d. [&hellip;]\" \/>\n<meta property=\"og:url\" content=\"https:\/\/consejoderectores.cl\/en\/2022\/07\/28\/cruch-elige-a-rector-emilio-rodriguez-como-vicepresidente-ejecutivo-para-el-periodo-2022-2024\/\" \/>\n<meta property=\"og:site_name\" content=\"Consejo de Rectoras y Rectores de las Universidades Chilenas\" \/>\n<meta property=\"article:published_time\" content=\"2022-07-28T20:07:13+00:00\" \/>\n<meta property=\"article:modified_time\" content=\"2022-08-02T13:57:47+00:00\" \/>\n<meta property=\"og:image\" content=\"https:\/\/consejoderectores.cl\/wp-content\/uploads\/2022\/07\/FOTO-PRINCIPAL-.jpeg\" \/>\n\t<meta property=\"og:image:width\" content=\"1024\" \/>\n\t<meta property=\"og:image:height\" content=\"768\" \/>\n\t<meta property=\"og:image:type\" content=\"image\/jpeg\" \/>\n<meta name=\"author\" content=\"Consejo de Rectores de las Universidades Chilenas\" \/>\n<meta name=\"twitter:card\" content=\"summary_large_image\" \/>\n<meta name=\"twitter:creator\" content=\"@CRUCH_cl\" \/>\n<meta name=\"twitter:site\" content=\"@CRUCH_cl\" \/>\n<meta name=\"twitter:label1\" content=\"Written by\" \/>\n\t<meta name=\"twitter:data1\" content=\"Consejo de Rectores de las Universidades Chilenas\" \/>\n\t<meta name=\"twitter:label2\" content=\"Est. reading time\" \/>\n\t<meta name=\"twitter:data2\" content=\"8 minutes\" \/>\n<script type=\"application\/ld+json\" class=\"yoast-schema-graph\">{\"@context\":\"https:\/\/schema.org\",\"@graph\":[{\"@type\":\"Article\",\"@id\":\"https:\/\/consejoderectores.cl\/2022\/07\/28\/cruch-elige-a-rector-emilio-rodriguez-como-vicepresidente-ejecutivo-para-el-periodo-2022-2024\/#article\",\"isPartOf\":{\"@id\":\"https:\/\/consejoderectores.cl\/2022\/07\/28\/cruch-elige-a-rector-emilio-rodriguez-como-vicepresidente-ejecutivo-para-el-periodo-2022-2024\/\"},\"author\":{\"name\":\"Consejo de Rectores de las Universidades Chilenas\",\"@id\":\"https:\/\/consejoderectores.cl\/en\/#\/schema\/person\/d863e44afde067fd4b57fac66ced709e\"},\"headline\":\"CRUCH elige a rector Emilio Rodr\u00edguez como vicepresidente ejecutivo para el periodo 2022 -2024\",\"datePublished\":\"2022-07-28T20:07:13+00:00\",\"dateModified\":\"2022-08-02T13:57:47+00:00\",\"mainEntityOfPage\":{\"@id\":\"https:\/\/consejoderectores.cl\/2022\/07\/28\/cruch-elige-a-rector-emilio-rodriguez-como-vicepresidente-ejecutivo-para-el-periodo-2022-2024\/\"},\"wordCount\":1552,\"commentCount\":0,\"publisher\":{\"@id\":\"https:\/\/consejoderectores.cl\/en\/#organization\"},\"image\":{\"@id\":\"https:\/\/consejoderectores.cl\/2022\/07\/28\/cruch-elige-a-rector-emilio-rodriguez-como-vicepresidente-ejecutivo-para-el-periodo-2022-2024\/#primaryimage\"},\"thumbnailUrl\":\"https:\/\/consejoderectores.cl\/wp-content\/uploads\/2022\/07\/FOTO-PRINCIPAL-.jpeg\",\"articleSection\":[\"Noticias\",\"Noticias Carrusel\"],\"inLanguage\":\"en-US\",\"potentialAction\":[{\"@type\":\"CommentAction\",\"name\":\"Comment\",\"target\":[\"https:\/\/consejoderectores.cl\/2022\/07\/28\/cruch-elige-a-rector-emilio-rodriguez-como-vicepresidente-ejecutivo-para-el-periodo-2022-2024\/#respond\"]}]},{\"@type\":\"WebPage\",\"@id\":\"https:\/\/consejoderectores.cl\/2022\/07\/28\/cruch-elige-a-rector-emilio-rodriguez-como-vicepresidente-ejecutivo-para-el-periodo-2022-2024\/\",\"url\":\"https:\/\/consejoderectores.cl\/2022\/07\/28\/cruch-elige-a-rector-emilio-rodriguez-como-vicepresidente-ejecutivo-para-el-periodo-2022-2024\/\",\"name\":\"CRUCH elige a rector Emilio Rodr\u00edguez como vicepresidente ejecutivo para el periodo 2022 -2024 - Consejo de Rectoras y Rectores de las Universidades Chilenas\",\"isPartOf\":{\"@id\":\"https:\/\/consejoderectores.cl\/en\/#website\"},\"primaryImageOfPage\":{\"@id\":\"https:\/\/consejoderectores.cl\/2022\/07\/28\/cruch-elige-a-rector-emilio-rodriguez-como-vicepresidente-ejecutivo-para-el-periodo-2022-2024\/#primaryimage\"},\"image\":{\"@id\":\"https:\/\/consejoderectores.cl\/2022\/07\/28\/cruch-elige-a-rector-emilio-rodriguez-como-vicepresidente-ejecutivo-para-el-periodo-2022-2024\/#primaryimage\"},\"thumbnailUrl\":\"https:\/\/consejoderectores.cl\/wp-content\/uploads\/2022\/07\/FOTO-PRINCIPAL-.jpeg\",\"datePublished\":\"2022-07-28T20:07:13+00:00\",\"dateModified\":\"2022-08-02T13:57:47+00:00\",\"breadcrumb\":{\"@id\":\"https:\/\/consejoderectores.cl\/2022\/07\/28\/cruch-elige-a-rector-emilio-rodriguez-como-vicepresidente-ejecutivo-para-el-periodo-2022-2024\/#breadcrumb\"},\"inLanguage\":\"en-US\",\"potentialAction\":[{\"@type\":\"ReadAction\",\"target\":[\"https:\/\/consejoderectores.cl\/2022\/07\/28\/cruch-elige-a-rector-emilio-rodriguez-como-vicepresidente-ejecutivo-para-el-periodo-2022-2024\/\"]}]},{\"@type\":\"ImageObject\",\"inLanguage\":\"en-US\",\"@id\":\"https:\/\/consejoderectores.cl\/2022\/07\/28\/cruch-elige-a-rector-emilio-rodriguez-como-vicepresidente-ejecutivo-para-el-periodo-2022-2024\/#primaryimage\",\"url\":\"https:\/\/consejoderectores.cl\/wp-content\/uploads\/2022\/07\/FOTO-PRINCIPAL-.jpeg\",\"contentUrl\":\"https:\/\/consejoderectores.cl\/wp-content\/uploads\/2022\/07\/FOTO-PRINCIPAL-.jpeg\",\"width\":1024,\"height\":768},{\"@type\":\"BreadcrumbList\",\"@id\":\"https:\/\/consejoderectores.cl\/2022\/07\/28\/cruch-elige-a-rector-emilio-rodriguez-como-vicepresidente-ejecutivo-para-el-periodo-2022-2024\/#breadcrumb\",\"itemListElement\":[{\"@type\":\"ListItem\",\"position\":1,\"name\":\"Home\",\"item\":\"https:\/\/consejoderectores.cl\/\"},{\"@type\":\"ListItem\",\"position\":2,\"name\":\"CRUCH elige a rector Emilio Rodr\u00edguez como vicepresidente ejecutivo para el periodo 2022 -2024\"}]},{\"@type\":\"WebSite\",\"@id\":\"https:\/\/consejoderectores.cl\/en\/#website\",\"url\":\"https:\/\/consejoderectores.cl\/en\/\",\"name\":\"Consejo de Rectoras y Rectores de las Universidades Chilenas\",\"description\":\"\",\"publisher\":{\"@id\":\"https:\/\/consejoderectores.cl\/en\/#organization\"},\"potentialAction\":[{\"@type\":\"SearchAction\",\"target\":{\"@type\":\"EntryPoint\",\"urlTemplate\":\"https:\/\/consejoderectores.cl\/en\/?s={search_term_string}\"},\"query-input\":{\"@type\":\"PropertyValueSpecification\",\"valueRequired\":true,\"valueName\":\"search_term_string\"}}],\"inLanguage\":\"en-US\"},{\"@type\":\"Organization\",\"@id\":\"https:\/\/consejoderectores.cl\/en\/#organization\",\"name\":\"Consejo de Rectoras y Rectores de las Universidades Chilenas\",\"url\":\"https:\/\/consejoderectores.cl\/en\/\",\"logo\":{\"@type\":\"ImageObject\",\"inLanguage\":\"en-US\",\"@id\":\"https:\/\/consejoderectores.cl\/en\/#\/schema\/logo\/image\/\",\"url\":\"https:\/\/consejoderectores.cl\/wp-content\/uploads\/2025\/12\/logoheader_2025.png\",\"contentUrl\":\"https:\/\/consejoderectores.cl\/wp-content\/uploads\/2025\/12\/logoheader_2025.png\",\"width\":666,\"height\":305,\"caption\":\"Consejo de Rectoras y Rectores de las Universidades Chilenas\"},\"image\":{\"@id\":\"https:\/\/consejoderectores.cl\/en\/#\/schema\/logo\/image\/\"},\"sameAs\":[\"https:\/\/x.com\/CRUCH_cl\",\"https:\/\/www.instagram.com\/consejoderectores\/\",\"https:\/\/www.linkedin.com\/company\/cruch\/\",\"https:\/\/www.youtube.com\/channel\/UCzgIFRCsDlKoFpimiQmEaOA\"]},{\"@type\":\"Person\",\"@id\":\"https:\/\/consejoderectores.cl\/en\/#\/schema\/person\/d863e44afde067fd4b57fac66ced709e\",\"name\":\"Consejo de Rectores de las Universidades Chilenas\",\"image\":{\"@type\":\"ImageObject\",\"inLanguage\":\"en-US\",\"@id\":\"https:\/\/consejoderectores.cl\/en\/#\/schema\/person\/image\/\",\"url\":\"https:\/\/secure.gravatar.com\/avatar\/c31e2a02401f041926afb8ee21ab666f0925814fe85d25a5c8db80e23722dfc1?s=96&d=mm&r=g\",\"contentUrl\":\"https:\/\/secure.gravatar.com\/avatar\/c31e2a02401f041926afb8ee21ab666f0925814fe85d25a5c8db80e23722dfc1?s=96&d=mm&r=g\",\"caption\":\"Consejo de Rectores de las Universidades Chilenas\"},\"sameAs\":[\"https:\/\/www.consejoderectores.cl\"],\"url\":\"https:\/\/consejoderectores.cl\/en\/author\/cruch\/\"}]}<\/script>\n<!-- \/ Yoast SEO plugin. -->","yoast_head_json":{"title":"CRUCH elige a rector Emilio Rodr\u00edguez como vicepresidente ejecutivo para el periodo 2022 -2024 - Consejo de Rectoras y Rectores de las Universidades Chilenas","robots":{"index":"index","follow":"follow","max-snippet":"max-snippet:-1","max-image-preview":"max-image-preview:large","max-video-preview":"max-video-preview:-1"},"canonical":"https:\/\/consejoderectores.cl\/en\/2022\/07\/28\/cruch-elige-a-rector-emilio-rodriguez-como-vicepresidente-ejecutivo-para-el-periodo-2022-2024\/","og_locale":"en_US","og_type":"article","og_title":"CRUCH elige a rector Emilio Rodr\u00edguez como vicepresidente ejecutivo para el periodo 2022 -2024 - Consejo de Rectoras y Rectores de las Universidades Chilenas","og_description":"Las rectoras y rectores eligieron a la m\u00e1xima autoridad de la Universidad de Tarapac\u00e1, quien valor\u00f3 este respaldo. \u201cSe ha dado un voto de confianza a una universidad regional (\u2026) Esto muestra la apertura de nuestro Consejo para entender que el desarrollo territorial es importante y que los talentos se distribuyen en todo el pa\u00eds\u201d. [&hellip;]","og_url":"https:\/\/consejoderectores.cl\/en\/2022\/07\/28\/cruch-elige-a-rector-emilio-rodriguez-como-vicepresidente-ejecutivo-para-el-periodo-2022-2024\/","og_site_name":"Consejo de Rectoras y Rectores de las Universidades Chilenas","article_published_time":"2022-07-28T20:07:13+00:00","article_modified_time":"2022-08-02T13:57:47+00:00","og_image":[{"width":1024,"height":768,"url":"https:\/\/consejoderectores.cl\/wp-content\/uploads\/2022\/07\/FOTO-PRINCIPAL-.jpeg","type":"image\/jpeg"}],"author":"Consejo de Rectores de las Universidades Chilenas","twitter_card":"summary_large_image","twitter_creator":"@CRUCH_cl","twitter_site":"@CRUCH_cl","twitter_misc":{"Written by":"Consejo de Rectores de las Universidades Chilenas","Est. reading time":"8 minutes"},"schema":{"@context":"https:\/\/schema.org","@graph":[{"@type":"Article","@id":"https:\/\/consejoderectores.cl\/2022\/07\/28\/cruch-elige-a-rector-emilio-rodriguez-como-vicepresidente-ejecutivo-para-el-periodo-2022-2024\/#article","isPartOf":{"@id":"https:\/\/consejoderectores.cl\/2022\/07\/28\/cruch-elige-a-rector-emilio-rodriguez-como-vicepresidente-ejecutivo-para-el-periodo-2022-2024\/"},"author":{"name":"Consejo de Rectores de las Universidades Chilenas","@id":"https:\/\/consejoderectores.cl\/en\/#\/schema\/person\/d863e44afde067fd4b57fac66ced709e"},"headline":"CRUCH elige a rector Emilio Rodr\u00edguez como vicepresidente ejecutivo para el periodo 2022 -2024","datePublished":"2022-07-28T20:07:13+00:00","dateModified":"2022-08-02T13:57:47+00:00","mainEntityOfPage":{"@id":"https:\/\/consejoderectores.cl\/2022\/07\/28\/cruch-elige-a-rector-emilio-rodriguez-como-vicepresidente-ejecutivo-para-el-periodo-2022-2024\/"},"wordCount":1552,"commentCount":0,"publisher":{"@id":"https:\/\/consejoderectores.cl\/en\/#organization"},"image":{"@id":"https:\/\/consejoderectores.cl\/2022\/07\/28\/cruch-elige-a-rector-emilio-rodriguez-como-vicepresidente-ejecutivo-para-el-periodo-2022-2024\/#primaryimage"},"thumbnailUrl":"https:\/\/consejoderectores.cl\/wp-content\/uploads\/2022\/07\/FOTO-PRINCIPAL-.jpeg","articleSection":["Noticias","Noticias Carrusel"],"inLanguage":"en-US","potentialAction":[{"@type":"CommentAction","name":"Comment","target":["https:\/\/consejoderectores.cl\/2022\/07\/28\/cruch-elige-a-rector-emilio-rodriguez-como-vicepresidente-ejecutivo-para-el-periodo-2022-2024\/#respond"]}]},{"@type":"WebPage","@id":"https:\/\/consejoderectores.cl\/2022\/07\/28\/cruch-elige-a-rector-emilio-rodriguez-como-vicepresidente-ejecutivo-para-el-periodo-2022-2024\/","url":"https:\/\/consejoderectores.cl\/2022\/07\/28\/cruch-elige-a-rector-emilio-rodriguez-como-vicepresidente-ejecutivo-para-el-periodo-2022-2024\/","name":"CRUCH elige a rector Emilio Rodr\u00edguez como vicepresidente ejecutivo para el periodo 2022 -2024 - Consejo de Rectoras y Rectores de las Universidades Chilenas","isPartOf":{"@id":"https:\/\/consejoderectores.cl\/en\/#website"},"primaryImageOfPage":{"@id":"https:\/\/consejoderectores.cl\/2022\/07\/28\/cruch-elige-a-rector-emilio-rodriguez-como-vicepresidente-ejecutivo-para-el-periodo-2022-2024\/#primaryimage"},"image":{"@id":"https:\/\/consejoderectores.cl\/2022\/07\/28\/cruch-elige-a-rector-emilio-rodriguez-como-vicepresidente-ejecutivo-para-el-periodo-2022-2024\/#primaryimage"},"thumbnailUrl":"https:\/\/consejoderectores.cl\/wp-content\/uploads\/2022\/07\/FOTO-PRINCIPAL-.jpeg","datePublished":"2022-07-28T20:07:13+00:00","dateModified":"2022-08-02T13:57:47+00:00","breadcrumb":{"@id":"https:\/\/consejoderectores.cl\/2022\/07\/28\/cruch-elige-a-rector-emilio-rodriguez-como-vicepresidente-ejecutivo-para-el-periodo-2022-2024\/#breadcrumb"},"inLanguage":"en-US","potentialAction":[{"@type":"ReadAction","target":["https:\/\/consejoderectores.cl\/2022\/07\/28\/cruch-elige-a-rector-emilio-rodriguez-como-vicepresidente-ejecutivo-para-el-periodo-2022-2024\/"]}]},{"@type":"ImageObject","inLanguage":"en-US","@id":"https:\/\/consejoderectores.cl\/2022\/07\/28\/cruch-elige-a-rector-emilio-rodriguez-como-vicepresidente-ejecutivo-para-el-periodo-2022-2024\/#primaryimage","url":"https:\/\/consejoderectores.cl\/wp-content\/uploads\/2022\/07\/FOTO-PRINCIPAL-.jpeg","contentUrl":"https:\/\/consejoderectores.cl\/wp-content\/uploads\/2022\/07\/FOTO-PRINCIPAL-.jpeg","width":1024,"height":768},{"@type":"BreadcrumbList","@id":"https:\/\/consejoderectores.cl\/2022\/07\/28\/cruch-elige-a-rector-emilio-rodriguez-como-vicepresidente-ejecutivo-para-el-periodo-2022-2024\/#breadcrumb","itemListElement":[{"@type":"ListItem","position":1,"name":"Home","item":"https:\/\/consejoderectores.cl\/"},{"@type":"ListItem","position":2,"name":"CRUCH elige a rector Emilio Rodr\u00edguez como vicepresidente ejecutivo para el periodo 2022 -2024"}]},{"@type":"WebSite","@id":"https:\/\/consejoderectores.cl\/en\/#website","url":"https:\/\/consejoderectores.cl\/en\/","name":"Council of Rectors of Chilean Universities","description":"","publisher":{"@id":"https:\/\/consejoderectores.cl\/en\/#organization"},"potentialAction":[{"@type":"SearchAction","target":{"@type":"EntryPoint","urlTemplate":"https:\/\/consejoderectores.cl\/en\/?s={search_term_string}"},"query-input":{"@type":"PropertyValueSpecification","valueRequired":true,"valueName":"search_term_string"}}],"inLanguage":"en-US"},{"@type":"Organization","@id":"https:\/\/consejoderectores.cl\/en\/#organization","name":"Council of Rectors of Chilean Universities","url":"https:\/\/consejoderectores.cl\/en\/","logo":{"@type":"ImageObject","inLanguage":"en-US","@id":"https:\/\/consejoderectores.cl\/en\/#\/schema\/logo\/image\/","url":"https:\/\/consejoderectores.cl\/wp-content\/uploads\/2025\/12\/logoheader_2025.png","contentUrl":"https:\/\/consejoderectores.cl\/wp-content\/uploads\/2025\/12\/logoheader_2025.png","width":666,"height":305,"caption":"Consejo de Rectoras y Rectores de las Universidades Chilenas"},"image":{"@id":"https:\/\/consejoderectores.cl\/en\/#\/schema\/logo\/image\/"},"sameAs":["https:\/\/x.com\/CRUCH_cl","https:\/\/www.instagram.com\/consejoderectores\/","https:\/\/www.linkedin.com\/company\/cruch\/","https:\/\/www.youtube.com\/channel\/UCzgIFRCsDlKoFpimiQmEaOA"]},{"@type":"Person","@id":"https:\/\/consejoderectores.cl\/en\/#\/schema\/person\/d863e44afde067fd4b57fac66ced709e","name":"Council of Rectors of Chilean Universities","image":{"@type":"ImageObject","inLanguage":"en-US","@id":"https:\/\/consejoderectores.cl\/en\/#\/schema\/person\/image\/","url":"https:\/\/secure.gravatar.com\/avatar\/c31e2a02401f041926afb8ee21ab666f0925814fe85d25a5c8db80e23722dfc1?s=96&d=mm&r=g","contentUrl":"https:\/\/secure.gravatar.com\/avatar\/c31e2a02401f041926afb8ee21ab666f0925814fe85d25a5c8db80e23722dfc1?s=96&d=mm&r=g","caption":"Consejo de Rectores de las Universidades Chilenas"},"sameAs":["https:\/\/www.consejoderectores.cl"],"url":"https:\/\/consejoderectores.cl\/en\/author\/cruch\/"}]}},"_links":{"self":[{"href":"https:\/\/consejoderectores.cl\/en\/wp-json\/wp\/v2\/posts\/6603","targetHints":{"allow":["GET"]}}],"collection":[{"href":"https:\/\/consejoderectores.cl\/en\/wp-json\/wp\/v2\/posts"}],"about":[{"href":"https:\/\/consejoderectores.cl\/en\/wp-json\/wp\/v2\/types\/post"}],"author":[{"embeddable":true,"href":"https:\/\/consejoderectores.cl\/en\/wp-json\/wp\/v2\/users\/1"}],"replies":[{"embeddable":true,"href":"https:\/\/consejoderectores.cl\/en\/wp-json\/wp\/v2\/comments?post=6603"}],"version-history":[{"count":2,"href":"https:\/\/consejoderectores.cl\/en\/wp-json\/wp\/v2\/posts\/6603\/revisions"}],"predecessor-version":[{"id":6629,"href":"https:\/\/consejoderectores.cl\/en\/wp-json\/wp\/v2\/posts\/6603\/revisions\/6629"}],"wp:featuredmedia":[{"embeddable":true,"href":"https:\/\/consejoderectores.cl\/en\/wp-json\/wp\/v2\/media\/6604"}],"wp:attachment":[{"href":"https:\/\/consejoderectores.cl\/en\/wp-json\/wp\/v2\/media?parent=6603"}],"wp:term":[{"taxonomy":"category","embeddable":true,"href":"https:\/\/consejoderectores.cl\/en\/wp-json\/wp\/v2\/categories?post=6603"},{"taxonomy":"post_tag","embeddable":true,"href":"https:\/\/consejoderectores.cl\/en\/wp-json\/wp\/v2\/tags?post=6603"}],"curies":[{"name":"wp","href":"https:\/\/api.w.org\/{rel}","templated":true}]}}