{"id":4940,"date":"2016-08-11T11:38:51","date_gmt":"2016-08-11T11:38:51","guid":{"rendered":"https:\/\/www.consejoderectores.cl\/?p=4940"},"modified":"2021-12-20T19:41:49","modified_gmt":"2021-12-20T19:41:49","slug":"cuatro-profesionales-de-las-universidades-del-cruch-obtuvieron-becas-2016-2017-de-fundacion-carolina","status":"publish","type":"post","link":"https:\/\/consejoderectores.cl\/en\/2016\/08\/11\/cuatro-profesionales-de-las-universidades-del-cruch-obtuvieron-becas-2016-2017-de-fundacion-carolina\/","title":{"rendered":"Four professionals from CRUCH Universities obtained scholarships 2016-2017 from Fundaci\u00f3n Carolina"},"content":{"rendered":"<blockquote><p>The professionals who received the scholarships are from the Catholic University of the North (UCN), the University of B\u00edo-B\u00edo (UBB), the University of Concepci\u00f3n (UdeC), and the University of La Frontera (UFRO), respectively. This benefit for the scholarship recipients is made possible through a current Collaboration Agreement between the Council of Rectors and the Carolina Foundation of Spain.<\/p><\/blockquote>\n<p>Of the 6 applicants from the universities of the Council of Rectors to the 2016-2017 Scholarship Call of the Carolina Foundation, four obtained the benefit in a selection process that received 262 applications, of which 132 corresponded to Doctoral degrees and 130 to Short Post-Doctoral Stays.<\/p>\n<p>The professionals who received funding to pursue their doctoral degrees are Eduardo Aguilar Torres from the Catholic University of the North; Xuksa Kramcsak Mu\u00f1oz from the University of Concepci\u00f3n; and Jessica Fuentealba Quilodr\u00e1n from the University of B\u00edo B\u00edo. Meanwhile, Pamela Andrea Mendoza Alonzo from the University of La Frontera received funding to carry out her short-term postdoctoral research stay.<\/p>\n<p>The scholarship recipients will continue their studies and specialization at prominent Spanish institutions such as the University of Barcelona, Pompeu Fabra University, the University of Alcal\u00e1 and Carlos III University.<\/p>\n<p>It is worth noting that this call for scholarships is possible thanks to the current Collaboration Agreement between the Council of Rectors and the Carolina Foundation of Spain, which dates back to 2005, a benefit that can be accessed by all professionals or teachers from universities belonging to the CRUCH.<\/p>","protected":false},"excerpt":{"rendered":"<p>Los profesionales que resultaron beneficiados son de las universidades Cat\u00f3lica del Norte (UCN), del B\u00edo &#8211; B\u00edo (UBB), Concepci\u00f3n (UdeC) y la Frontera (UFRO), respectivamente. Beneficio para los becarios es posible gracias a Convenio de Colaboraci\u00f3n vigente entre el Consejo de Rectores y Fundaci\u00f3n Carolina de Espa\u00f1a. De los 6 postulantes de las universidades del [&hellip;]<\/p>\n","protected":false},"author":1,"featured_media":3592,"comment_status":"open","ping_status":"open","sticky":false,"template":"","format":"standard","meta":{"_acf_changed":false,"footnotes":""},"categories":[3],"tags":[],"class_list":["post-4940","post","type-post","status-publish","format-standard","has-post-thumbnail","hentry","category-noticias"],"acf":[],"yoast_head":"<!-- This site is optimized with the Yoast SEO plugin v27.1.1 - https:\/\/yoast.com\/product\/yoast-seo-wordpress\/ -->\n<title>Cuatro profesionales de las Universidades del CRUCH obtuvieron becas 2016-2017 de Fundaci\u00f3n Carolina - Consejo de Rectoras y Rectores de las Universidades Chilenas<\/title>\n<meta name=\"robots\" content=\"index, follow, max-snippet:-1, max-image-preview:large, max-video-preview:-1\" \/>\n<link rel=\"canonical\" href=\"https:\/\/consejoderectores.cl\/en\/2016\/08\/11\/cuatro-profesionales-de-las-universidades-del-cruch-obtuvieron-becas-2016-2017-de-fundacion-carolina\/\" \/>\n<meta property=\"og:locale\" content=\"en_US\" \/>\n<meta property=\"og:type\" content=\"article\" \/>\n<meta property=\"og:title\" content=\"Cuatro profesionales de las Universidades del CRUCH obtuvieron becas 2016-2017 de Fundaci\u00f3n Carolina - Consejo de Rectoras y Rectores de las Universidades Chilenas\" \/>\n<meta property=\"og:description\" content=\"Los profesionales que resultaron beneficiados son de las universidades Cat\u00f3lica del Norte (UCN), del B\u00edo &#8211; B\u00edo (UBB), Concepci\u00f3n (UdeC) y la Frontera (UFRO), respectivamente. Beneficio para los becarios es posible gracias a Convenio de Colaboraci\u00f3n vigente entre el Consejo de Rectores y Fundaci\u00f3n Carolina de Espa\u00f1a. De los 6 postulantes de las universidades del [&hellip;]\" \/>\n<meta property=\"og:url\" content=\"https:\/\/consejoderectores.cl\/en\/2016\/08\/11\/cuatro-profesionales-de-las-universidades-del-cruch-obtuvieron-becas-2016-2017-de-fundacion-carolina\/\" \/>\n<meta property=\"og:site_name\" content=\"Consejo de Rectoras y Rectores de las Universidades Chilenas\" \/>\n<meta property=\"article:published_time\" content=\"2016-08-11T11:38:51+00:00\" \/>\n<meta property=\"article:modified_time\" content=\"2021-12-20T19:41:49+00:00\" \/>\n<meta property=\"og:image\" content=\"https:\/\/consejoderectores.cl\/wp-content\/uploads\/2021\/10\/declaraciones-publicas.jpg\" \/>\n\t<meta property=\"og:image:width\" content=\"1024\" \/>\n\t<meta property=\"og:image:height\" content=\"500\" \/>\n\t<meta property=\"og:image:type\" content=\"image\/jpeg\" \/>\n<meta name=\"author\" content=\"Consejo de Rectores de las Universidades Chilenas\" \/>\n<meta name=\"twitter:card\" content=\"summary_large_image\" \/>\n<meta name=\"twitter:creator\" content=\"@CRUCH_cl\" \/>\n<meta name=\"twitter:site\" content=\"@CRUCH_cl\" \/>\n<meta name=\"twitter:label1\" content=\"Written by\" \/>\n\t<meta name=\"twitter:data1\" content=\"Consejo de Rectores de las Universidades Chilenas\" \/>\n\t<meta name=\"twitter:label2\" content=\"Est. reading time\" \/>\n\t<meta name=\"twitter:data2\" content=\"1 minute\" \/>\n<script type=\"application\/ld+json\" class=\"yoast-schema-graph\">{\"@context\":\"https:\/\/schema.org\",\"@graph\":[{\"@type\":\"Article\",\"@id\":\"https:\/\/consejoderectores.cl\/2016\/08\/11\/cuatro-profesionales-de-las-universidades-del-cruch-obtuvieron-becas-2016-2017-de-fundacion-carolina\/#article\",\"isPartOf\":{\"@id\":\"https:\/\/consejoderectores.cl\/2016\/08\/11\/cuatro-profesionales-de-las-universidades-del-cruch-obtuvieron-becas-2016-2017-de-fundacion-carolina\/\"},\"author\":{\"name\":\"Consejo de Rectores de las Universidades Chilenas\",\"@id\":\"https:\/\/consejoderectores.cl\/en\/#\/schema\/person\/d863e44afde067fd4b57fac66ced709e\"},\"headline\":\"Cuatro profesionales de las Universidades del CRUCH obtuvieron becas 2016-2017 de Fundaci\u00f3n Carolina\",\"datePublished\":\"2016-08-11T11:38:51+00:00\",\"dateModified\":\"2021-12-20T19:41:49+00:00\",\"mainEntityOfPage\":{\"@id\":\"https:\/\/consejoderectores.cl\/2016\/08\/11\/cuatro-profesionales-de-las-universidades-del-cruch-obtuvieron-becas-2016-2017-de-fundacion-carolina\/\"},\"wordCount\":260,\"commentCount\":0,\"publisher\":{\"@id\":\"https:\/\/consejoderectores.cl\/en\/#organization\"},\"image\":{\"@id\":\"https:\/\/consejoderectores.cl\/2016\/08\/11\/cuatro-profesionales-de-las-universidades-del-cruch-obtuvieron-becas-2016-2017-de-fundacion-carolina\/#primaryimage\"},\"thumbnailUrl\":\"https:\/\/consejoderectores.cl\/wp-content\/uploads\/2021\/10\/declaraciones-publicas.jpg\",\"articleSection\":[\"Noticias\"],\"inLanguage\":\"en-US\",\"potentialAction\":[{\"@type\":\"CommentAction\",\"name\":\"Comment\",\"target\":[\"https:\/\/consejoderectores.cl\/2016\/08\/11\/cuatro-profesionales-de-las-universidades-del-cruch-obtuvieron-becas-2016-2017-de-fundacion-carolina\/#respond\"]}]},{\"@type\":\"WebPage\",\"@id\":\"https:\/\/consejoderectores.cl\/2016\/08\/11\/cuatro-profesionales-de-las-universidades-del-cruch-obtuvieron-becas-2016-2017-de-fundacion-carolina\/\",\"url\":\"https:\/\/consejoderectores.cl\/2016\/08\/11\/cuatro-profesionales-de-las-universidades-del-cruch-obtuvieron-becas-2016-2017-de-fundacion-carolina\/\",\"name\":\"Cuatro profesionales de las Universidades del CRUCH obtuvieron becas 2016-2017 de Fundaci\u00f3n Carolina - Consejo de Rectoras y Rectores de las Universidades Chilenas\",\"isPartOf\":{\"@id\":\"https:\/\/consejoderectores.cl\/en\/#website\"},\"primaryImageOfPage\":{\"@id\":\"https:\/\/consejoderectores.cl\/2016\/08\/11\/cuatro-profesionales-de-las-universidades-del-cruch-obtuvieron-becas-2016-2017-de-fundacion-carolina\/#primaryimage\"},\"image\":{\"@id\":\"https:\/\/consejoderectores.cl\/2016\/08\/11\/cuatro-profesionales-de-las-universidades-del-cruch-obtuvieron-becas-2016-2017-de-fundacion-carolina\/#primaryimage\"},\"thumbnailUrl\":\"https:\/\/consejoderectores.cl\/wp-content\/uploads\/2021\/10\/declaraciones-publicas.jpg\",\"datePublished\":\"2016-08-11T11:38:51+00:00\",\"dateModified\":\"2021-12-20T19:41:49+00:00\",\"breadcrumb\":{\"@id\":\"https:\/\/consejoderectores.cl\/2016\/08\/11\/cuatro-profesionales-de-las-universidades-del-cruch-obtuvieron-becas-2016-2017-de-fundacion-carolina\/#breadcrumb\"},\"inLanguage\":\"en-US\",\"potentialAction\":[{\"@type\":\"ReadAction\",\"target\":[\"https:\/\/consejoderectores.cl\/2016\/08\/11\/cuatro-profesionales-de-las-universidades-del-cruch-obtuvieron-becas-2016-2017-de-fundacion-carolina\/\"]}]},{\"@type\":\"ImageObject\",\"inLanguage\":\"en-US\",\"@id\":\"https:\/\/consejoderectores.cl\/2016\/08\/11\/cuatro-profesionales-de-las-universidades-del-cruch-obtuvieron-becas-2016-2017-de-fundacion-carolina\/#primaryimage\",\"url\":\"https:\/\/consejoderectores.cl\/wp-content\/uploads\/2021\/10\/declaraciones-publicas.jpg\",\"contentUrl\":\"https:\/\/consejoderectores.cl\/wp-content\/uploads\/2021\/10\/declaraciones-publicas.jpg\",\"width\":1024,\"height\":500},{\"@type\":\"BreadcrumbList\",\"@id\":\"https:\/\/consejoderectores.cl\/2016\/08\/11\/cuatro-profesionales-de-las-universidades-del-cruch-obtuvieron-becas-2016-2017-de-fundacion-carolina\/#breadcrumb\",\"itemListElement\":[{\"@type\":\"ListItem\",\"position\":1,\"name\":\"Home\",\"item\":\"https:\/\/consejoderectores.cl\/\"},{\"@type\":\"ListItem\",\"position\":2,\"name\":\"Cuatro profesionales de las Universidades del CRUCH obtuvieron becas 2016-2017 de Fundaci\u00f3n Carolina\"}]},{\"@type\":\"WebSite\",\"@id\":\"https:\/\/consejoderectores.cl\/en\/#website\",\"url\":\"https:\/\/consejoderectores.cl\/en\/\",\"name\":\"Consejo de Rectoras y Rectores de las Universidades Chilenas\",\"description\":\"\",\"publisher\":{\"@id\":\"https:\/\/consejoderectores.cl\/en\/#organization\"},\"potentialAction\":[{\"@type\":\"SearchAction\",\"target\":{\"@type\":\"EntryPoint\",\"urlTemplate\":\"https:\/\/consejoderectores.cl\/en\/?s={search_term_string}\"},\"query-input\":{\"@type\":\"PropertyValueSpecification\",\"valueRequired\":true,\"valueName\":\"search_term_string\"}}],\"inLanguage\":\"en-US\"},{\"@type\":\"Organization\",\"@id\":\"https:\/\/consejoderectores.cl\/en\/#organization\",\"name\":\"Consejo de Rectoras y Rectores de las Universidades Chilenas\",\"url\":\"https:\/\/consejoderectores.cl\/en\/\",\"logo\":{\"@type\":\"ImageObject\",\"inLanguage\":\"en-US\",\"@id\":\"https:\/\/consejoderectores.cl\/en\/#\/schema\/logo\/image\/\",\"url\":\"https:\/\/consejoderectores.cl\/wp-content\/uploads\/2025\/12\/logoheader_2025.png\",\"contentUrl\":\"https:\/\/consejoderectores.cl\/wp-content\/uploads\/2025\/12\/logoheader_2025.png\",\"width\":666,\"height\":305,\"caption\":\"Consejo de Rectoras y Rectores de las Universidades Chilenas\"},\"image\":{\"@id\":\"https:\/\/consejoderectores.cl\/en\/#\/schema\/logo\/image\/\"},\"sameAs\":[\"https:\/\/x.com\/CRUCH_cl\",\"https:\/\/www.instagram.com\/consejoderectores\/\",\"https:\/\/www.linkedin.com\/company\/cruch\/\",\"https:\/\/www.youtube.com\/channel\/UCzgIFRCsDlKoFpimiQmEaOA\"]},{\"@type\":\"Person\",\"@id\":\"https:\/\/consejoderectores.cl\/en\/#\/schema\/person\/d863e44afde067fd4b57fac66ced709e\",\"name\":\"Consejo de Rectores de las Universidades Chilenas\",\"image\":{\"@type\":\"ImageObject\",\"inLanguage\":\"en-US\",\"@id\":\"https:\/\/consejoderectores.cl\/en\/#\/schema\/person\/image\/\",\"url\":\"https:\/\/secure.gravatar.com\/avatar\/c31e2a02401f041926afb8ee21ab666f0925814fe85d25a5c8db80e23722dfc1?s=96&d=mm&r=g\",\"contentUrl\":\"https:\/\/secure.gravatar.com\/avatar\/c31e2a02401f041926afb8ee21ab666f0925814fe85d25a5c8db80e23722dfc1?s=96&d=mm&r=g\",\"caption\":\"Consejo de Rectores de las Universidades Chilenas\"},\"sameAs\":[\"https:\/\/www.consejoderectores.cl\"],\"url\":\"https:\/\/consejoderectores.cl\/en\/author\/cruch\/\"}]}<\/script>\n<!-- \/ Yoast SEO plugin. -->","yoast_head_json":{"title":"Cuatro profesionales de las Universidades del CRUCH obtuvieron becas 2016-2017 de Fundaci\u00f3n Carolina - Consejo de Rectoras y Rectores de las Universidades Chilenas","robots":{"index":"index","follow":"follow","max-snippet":"max-snippet:-1","max-image-preview":"max-image-preview:large","max-video-preview":"max-video-preview:-1"},"canonical":"https:\/\/consejoderectores.cl\/en\/2016\/08\/11\/cuatro-profesionales-de-las-universidades-del-cruch-obtuvieron-becas-2016-2017-de-fundacion-carolina\/","og_locale":"en_US","og_type":"article","og_title":"Cuatro profesionales de las Universidades del CRUCH obtuvieron becas 2016-2017 de Fundaci\u00f3n Carolina - Consejo de Rectoras y Rectores de las Universidades Chilenas","og_description":"Los profesionales que resultaron beneficiados son de las universidades Cat\u00f3lica del Norte (UCN), del B\u00edo &#8211; B\u00edo (UBB), Concepci\u00f3n (UdeC) y la Frontera (UFRO), respectivamente. Beneficio para los becarios es posible gracias a Convenio de Colaboraci\u00f3n vigente entre el Consejo de Rectores y Fundaci\u00f3n Carolina de Espa\u00f1a. De los 6 postulantes de las universidades del [&hellip;]","og_url":"https:\/\/consejoderectores.cl\/en\/2016\/08\/11\/cuatro-profesionales-de-las-universidades-del-cruch-obtuvieron-becas-2016-2017-de-fundacion-carolina\/","og_site_name":"Consejo de Rectoras y Rectores de las Universidades Chilenas","article_published_time":"2016-08-11T11:38:51+00:00","article_modified_time":"2021-12-20T19:41:49+00:00","og_image":[{"width":1024,"height":500,"url":"https:\/\/consejoderectores.cl\/wp-content\/uploads\/2021\/10\/declaraciones-publicas.jpg","type":"image\/jpeg"}],"author":"Consejo de Rectores de las Universidades Chilenas","twitter_card":"summary_large_image","twitter_creator":"@CRUCH_cl","twitter_site":"@CRUCH_cl","twitter_misc":{"Written by":"Consejo de Rectores de las Universidades Chilenas","Est. reading time":"1 minute"},"schema":{"@context":"https:\/\/schema.org","@graph":[{"@type":"Article","@id":"https:\/\/consejoderectores.cl\/2016\/08\/11\/cuatro-profesionales-de-las-universidades-del-cruch-obtuvieron-becas-2016-2017-de-fundacion-carolina\/#article","isPartOf":{"@id":"https:\/\/consejoderectores.cl\/2016\/08\/11\/cuatro-profesionales-de-las-universidades-del-cruch-obtuvieron-becas-2016-2017-de-fundacion-carolina\/"},"author":{"name":"Consejo de Rectores de las Universidades Chilenas","@id":"https:\/\/consejoderectores.cl\/en\/#\/schema\/person\/d863e44afde067fd4b57fac66ced709e"},"headline":"Cuatro profesionales de las Universidades del CRUCH obtuvieron becas 2016-2017 de Fundaci\u00f3n Carolina","datePublished":"2016-08-11T11:38:51+00:00","dateModified":"2021-12-20T19:41:49+00:00","mainEntityOfPage":{"@id":"https:\/\/consejoderectores.cl\/2016\/08\/11\/cuatro-profesionales-de-las-universidades-del-cruch-obtuvieron-becas-2016-2017-de-fundacion-carolina\/"},"wordCount":260,"commentCount":0,"publisher":{"@id":"https:\/\/consejoderectores.cl\/en\/#organization"},"image":{"@id":"https:\/\/consejoderectores.cl\/2016\/08\/11\/cuatro-profesionales-de-las-universidades-del-cruch-obtuvieron-becas-2016-2017-de-fundacion-carolina\/#primaryimage"},"thumbnailUrl":"https:\/\/consejoderectores.cl\/wp-content\/uploads\/2021\/10\/declaraciones-publicas.jpg","articleSection":["Noticias"],"inLanguage":"en-US","potentialAction":[{"@type":"CommentAction","name":"Comment","target":["https:\/\/consejoderectores.cl\/2016\/08\/11\/cuatro-profesionales-de-las-universidades-del-cruch-obtuvieron-becas-2016-2017-de-fundacion-carolina\/#respond"]}]},{"@type":"WebPage","@id":"https:\/\/consejoderectores.cl\/2016\/08\/11\/cuatro-profesionales-de-las-universidades-del-cruch-obtuvieron-becas-2016-2017-de-fundacion-carolina\/","url":"https:\/\/consejoderectores.cl\/2016\/08\/11\/cuatro-profesionales-de-las-universidades-del-cruch-obtuvieron-becas-2016-2017-de-fundacion-carolina\/","name":"Cuatro profesionales de las Universidades del CRUCH obtuvieron becas 2016-2017 de Fundaci\u00f3n Carolina - Consejo de Rectoras y Rectores de las Universidades Chilenas","isPartOf":{"@id":"https:\/\/consejoderectores.cl\/en\/#website"},"primaryImageOfPage":{"@id":"https:\/\/consejoderectores.cl\/2016\/08\/11\/cuatro-profesionales-de-las-universidades-del-cruch-obtuvieron-becas-2016-2017-de-fundacion-carolina\/#primaryimage"},"image":{"@id":"https:\/\/consejoderectores.cl\/2016\/08\/11\/cuatro-profesionales-de-las-universidades-del-cruch-obtuvieron-becas-2016-2017-de-fundacion-carolina\/#primaryimage"},"thumbnailUrl":"https:\/\/consejoderectores.cl\/wp-content\/uploads\/2021\/10\/declaraciones-publicas.jpg","datePublished":"2016-08-11T11:38:51+00:00","dateModified":"2021-12-20T19:41:49+00:00","breadcrumb":{"@id":"https:\/\/consejoderectores.cl\/2016\/08\/11\/cuatro-profesionales-de-las-universidades-del-cruch-obtuvieron-becas-2016-2017-de-fundacion-carolina\/#breadcrumb"},"inLanguage":"en-US","potentialAction":[{"@type":"ReadAction","target":["https:\/\/consejoderectores.cl\/2016\/08\/11\/cuatro-profesionales-de-las-universidades-del-cruch-obtuvieron-becas-2016-2017-de-fundacion-carolina\/"]}]},{"@type":"ImageObject","inLanguage":"en-US","@id":"https:\/\/consejoderectores.cl\/2016\/08\/11\/cuatro-profesionales-de-las-universidades-del-cruch-obtuvieron-becas-2016-2017-de-fundacion-carolina\/#primaryimage","url":"https:\/\/consejoderectores.cl\/wp-content\/uploads\/2021\/10\/declaraciones-publicas.jpg","contentUrl":"https:\/\/consejoderectores.cl\/wp-content\/uploads\/2021\/10\/declaraciones-publicas.jpg","width":1024,"height":500},{"@type":"BreadcrumbList","@id":"https:\/\/consejoderectores.cl\/2016\/08\/11\/cuatro-profesionales-de-las-universidades-del-cruch-obtuvieron-becas-2016-2017-de-fundacion-carolina\/#breadcrumb","itemListElement":[{"@type":"ListItem","position":1,"name":"Home","item":"https:\/\/consejoderectores.cl\/"},{"@type":"ListItem","position":2,"name":"Cuatro profesionales de las Universidades del CRUCH obtuvieron becas 2016-2017 de Fundaci\u00f3n Carolina"}]},{"@type":"WebSite","@id":"https:\/\/consejoderectores.cl\/en\/#website","url":"https:\/\/consejoderectores.cl\/en\/","name":"Council of Rectors of Chilean Universities","description":"","publisher":{"@id":"https:\/\/consejoderectores.cl\/en\/#organization"},"potentialAction":[{"@type":"SearchAction","target":{"@type":"EntryPoint","urlTemplate":"https:\/\/consejoderectores.cl\/en\/?s={search_term_string}"},"query-input":{"@type":"PropertyValueSpecification","valueRequired":true,"valueName":"search_term_string"}}],"inLanguage":"en-US"},{"@type":"Organization","@id":"https:\/\/consejoderectores.cl\/en\/#organization","name":"Council of Rectors of Chilean Universities","url":"https:\/\/consejoderectores.cl\/en\/","logo":{"@type":"ImageObject","inLanguage":"en-US","@id":"https:\/\/consejoderectores.cl\/en\/#\/schema\/logo\/image\/","url":"https:\/\/consejoderectores.cl\/wp-content\/uploads\/2025\/12\/logoheader_2025.png","contentUrl":"https:\/\/consejoderectores.cl\/wp-content\/uploads\/2025\/12\/logoheader_2025.png","width":666,"height":305,"caption":"Consejo de Rectoras y Rectores de las Universidades Chilenas"},"image":{"@id":"https:\/\/consejoderectores.cl\/en\/#\/schema\/logo\/image\/"},"sameAs":["https:\/\/x.com\/CRUCH_cl","https:\/\/www.instagram.com\/consejoderectores\/","https:\/\/www.linkedin.com\/company\/cruch\/","https:\/\/www.youtube.com\/channel\/UCzgIFRCsDlKoFpimiQmEaOA"]},{"@type":"Person","@id":"https:\/\/consejoderectores.cl\/en\/#\/schema\/person\/d863e44afde067fd4b57fac66ced709e","name":"Council of Rectors of Chilean Universities","image":{"@type":"ImageObject","inLanguage":"en-US","@id":"https:\/\/consejoderectores.cl\/en\/#\/schema\/person\/image\/","url":"https:\/\/secure.gravatar.com\/avatar\/c31e2a02401f041926afb8ee21ab666f0925814fe85d25a5c8db80e23722dfc1?s=96&d=mm&r=g","contentUrl":"https:\/\/secure.gravatar.com\/avatar\/c31e2a02401f041926afb8ee21ab666f0925814fe85d25a5c8db80e23722dfc1?s=96&d=mm&r=g","caption":"Consejo de Rectores de las Universidades Chilenas"},"sameAs":["https:\/\/www.consejoderectores.cl"],"url":"https:\/\/consejoderectores.cl\/en\/author\/cruch\/"}]}},"_links":{"self":[{"href":"https:\/\/consejoderectores.cl\/en\/wp-json\/wp\/v2\/posts\/4940","targetHints":{"allow":["GET"]}}],"collection":[{"href":"https:\/\/consejoderectores.cl\/en\/wp-json\/wp\/v2\/posts"}],"about":[{"href":"https:\/\/consejoderectores.cl\/en\/wp-json\/wp\/v2\/types\/post"}],"author":[{"embeddable":true,"href":"https:\/\/consejoderectores.cl\/en\/wp-json\/wp\/v2\/users\/1"}],"replies":[{"embeddable":true,"href":"https:\/\/consejoderectores.cl\/en\/wp-json\/wp\/v2\/comments?post=4940"}],"version-history":[{"count":3,"href":"https:\/\/consejoderectores.cl\/en\/wp-json\/wp\/v2\/posts\/4940\/revisions"}],"predecessor-version":[{"id":4943,"href":"https:\/\/consejoderectores.cl\/en\/wp-json\/wp\/v2\/posts\/4940\/revisions\/4943"}],"wp:featuredmedia":[{"embeddable":true,"href":"https:\/\/consejoderectores.cl\/en\/wp-json\/wp\/v2\/media\/3592"}],"wp:attachment":[{"href":"https:\/\/consejoderectores.cl\/en\/wp-json\/wp\/v2\/media?parent=4940"}],"wp:term":[{"taxonomy":"category","embeddable":true,"href":"https:\/\/consejoderectores.cl\/en\/wp-json\/wp\/v2\/categories?post=4940"},{"taxonomy":"post_tag","embeddable":true,"href":"https:\/\/consejoderectores.cl\/en\/wp-json\/wp\/v2\/tags?post=4940"}],"curies":[{"name":"wp","href":"https:\/\/api.w.org\/{rel}","templated":true}]}}