{"id":4716,"date":"2019-10-15T17:33:23","date_gmt":"2019-10-15T17:33:23","guid":{"rendered":"https:\/\/www.consejoderectores.cl\/?p=4716"},"modified":"2021-12-09T19:50:24","modified_gmt":"2021-12-09T19:50:24","slug":"consejo-de-rectores-anuncia-nueva-admision-especial-para-universidades-situadas-en-zonas-extremas","status":"publish","type":"post","link":"https:\/\/consejoderectores.cl\/en\/2019\/10\/15\/consejo-de-rectores-anuncia-nueva-admision-especial-para-universidades-situadas-en-zonas-extremas\/","title":{"rendered":"Council of Rectors announces new special admission for universities located in extreme areas"},"content":{"rendered":"<blockquote><p>This initiative will focus on the regions of Arica and Parinacota and Tarapac\u00e1, in the north, and Ays\u00e9n and Magallanes, in the south, and the U. de Tarapac\u00e1, U. Arturo Prat, U. de Ays\u00e9n and U. of Magallanes.<\/p>\n<p>The executive vice president of CRUCH, rector Aldo Valle, said that \u201cwe are fully aware that as we move away from the center of the country, deficits or disadvantages are reflected that are not the responsibility of the students or their families, but rather of the social asymmetries of the country \u201d.<\/p><\/blockquote>\n<p>&quot;The great principle that motivates us is inclusion, because this initiative considers vulnerability factors that occur in the territories considered as extreme zones,&quot; said the executive vice president of the Council of Rectors of Chilean Universities (CRUCH), Aldo Valle, at the announce the new special admission for extreme areas.<\/p>\n<p>Together with the director of the Single Admission System (SUA) and general secretary of CRUCH, Mar\u00eda Elena Gonz\u00e1lez, Rector Valle explained that in this pilot plan, which will debut in the 2020 Admission Process, the University of Tarapac\u00e1 and the Arturo Prat University - located in the regions of Arica and Parinacota and Tarapac\u00e1 - will participate, along with the University of Ays\u00e9n and the University of Magallanes, which will cover the regions of the same name in the far south.<\/p>\n<p>Regarding the motivations of the Council of Rectors to implement this special admission, Valle said that through this mechanism the four institutions will be able to \u201cselect students based on their academic potential and correcting involuntary disadvantages. We are fully aware that as we move away from the center of the country and from the cities with the largest urban population, deficits or disadvantages are reflected that are not the responsibility of the students or their families, but of social asymmetries from the country&quot;.<\/p>\n<p>The CRUCH authority also highlighted that this mechanism will give universities greater flexibility in student admissions. They also praised the alignment of this initiative with Law 21.091, which, in addition to creating the new Higher Education Access System, \u201cestablishes that universities may set specific instruments and requirements that address the conditions of their educational projects and the needs arising from the institutions&#039; locations within the national territory.\u201d.<\/p>\n<h4>Requirements for applicants<\/h4>\n<p>The four participating universities will define the programs and available places they will offer through this special admissions process. At these institutions, special admissions will increase by a maximum of 10%, in addition to the 15% established for all universities in the SUA (University System of Asunci\u00f3n), bringing the total special admissions percentage for these institutions to 25%.<\/p>\n<p>The director of the SUA highlighted that this mechanism \u201cis for students graduating from high school in those extreme areas\u201d and added that \u201cthe Council of Rectors firmly believes that talents are distributed throughout the country and that this is a way to give an opportunity to those who cannot access higher education in any other way.\u201d.<\/p>\n<p>Along these lines, he explained that those who wish to apply through this special admission must have completed at least one year of their secondary education in an extreme zone region, a condition that will be exclusionary.<\/p>\n<p>In addition, those who have graduated from 12th grade in the last 5 years, that is, graduates from 2015 to 2019, will be able to apply. Applicants will only be able to choose one career in this admission mechanism.<\/p>\n<h4>Extreme Zone Weighted Score<\/h4>\n<p>Gonz\u00e1lez explained that the application will be in charge of the four study houses, which will evaluate the students through the Weighted Extreme Zone Score (PPZE), which will contemplate 6 weighting criteria:<\/p>\n<p>1) Complete secondary education in the region<\/p>\n<p>2) Belong to the region<\/p>\n<p>3) To be in the top percentage of High School Grades<\/p>\n<p>4) Coming from an establishment with a high School Vulnerability Index (IVE)<\/p>\n<p>5) Having participated in university extension activities<\/p>\n<p>6) Exercise community leadership<\/p>\n<p>The director of the SUA stated that \u201cthis special admission does not require taking the University Selection Tests (PSU); therefore, students apply based on criteria that evaluate their academic record in remote areas and their community involvement.\u201d However, Gonz\u00e1lez cautioned that those wishing to apply through the regular 2020 Admission Process to universities within the CRUCH Unified Admission System must take the PSU.<\/p>\n<p>The application period will run from November 11 to December 22 and will be handled directly by the four universities participating in the initiative. The admission results are scheduled to be announced on January 7, 2020.<\/p>\n<p>Those applying for this special admission and wishing to access the Free Tuition and Student Benefits of the Ministry of Education (MINEDUC) must complete the Single Socioeconomic Accreditation Form (FUAS) and identify which benefits they are requesting, having taken the PSU as an academic requirement.<\/p>\n<p>In this <a href=\"https:\/\/www.consejoderectores.cl\/public\/pdf\/inicio\/Admision_Especial_Zonas_Extremas_para_universidades_CRUCH_14_10_2019.pdf\">link<\/a> Details of the application and evaluation procedure for this special admission are available.<\/p>\n<p><img loading=\"lazy\" decoding=\"async\" class=\"alignright size-medium wp-image-4718\" src=\"https:\/\/www.consejoderectores.cl\/wp-content\/uploads\/2021\/12\/15.10.2019-FOTO-2-ADMISION-ZONAS-EXTREMAS-300x169.png\" alt=\"\" width=\"300\" height=\"169\" srcset=\"https:\/\/consejoderectores.cl\/wp-content\/uploads\/2021\/12\/15.10.2019-FOTO-2-ADMISION-ZONAS-EXTREMAS-300x169.png 300w, https:\/\/consejoderectores.cl\/wp-content\/uploads\/2021\/12\/15.10.2019-FOTO-2-ADMISION-ZONAS-EXTREMAS-1024x576.png 1024w, https:\/\/consejoderectores.cl\/wp-content\/uploads\/2021\/12\/15.10.2019-FOTO-2-ADMISION-ZONAS-EXTREMAS-768x432.png 768w, https:\/\/consejoderectores.cl\/wp-content\/uploads\/2021\/12\/15.10.2019-FOTO-2-ADMISION-ZONAS-EXTREMAS-1536x864.png 1536w, https:\/\/consejoderectores.cl\/wp-content\/uploads\/2021\/12\/15.10.2019-FOTO-2-ADMISION-ZONAS-EXTREMAS-16x9.png 16w, https:\/\/consejoderectores.cl\/wp-content\/uploads\/2021\/12\/15.10.2019-FOTO-2-ADMISION-ZONAS-EXTREMAS-848x477.png 848w, https:\/\/consejoderectores.cl\/wp-content\/uploads\/2021\/12\/15.10.2019-FOTO-2-ADMISION-ZONAS-EXTREMAS-1140x641.png 1140w, https:\/\/consejoderectores.cl\/wp-content\/uploads\/2021\/12\/15.10.2019-FOTO-2-ADMISION-ZONAS-EXTREMAS-1170x658.png 1170w, https:\/\/consejoderectores.cl\/wp-content\/uploads\/2021\/12\/15.10.2019-FOTO-2-ADMISION-ZONAS-EXTREMAS.png 1920w\" sizes=\"auto, (max-width: 300px) 100vw, 300px\" \/><\/p>\n<p><img loading=\"lazy\" decoding=\"async\" class=\"size-medium wp-image-4717 alignleft\" src=\"https:\/\/www.consejoderectores.cl\/wp-content\/uploads\/2021\/12\/15.10.2019-FOTO-DESTACADA-ADMISION-ZONAS-EXTREMAS-300x169.png\" alt=\"\" width=\"300\" height=\"169\" srcset=\"https:\/\/consejoderectores.cl\/wp-content\/uploads\/2021\/12\/15.10.2019-FOTO-DESTACADA-ADMISION-ZONAS-EXTREMAS-300x169.png 300w, https:\/\/consejoderectores.cl\/wp-content\/uploads\/2021\/12\/15.10.2019-FOTO-DESTACADA-ADMISION-ZONAS-EXTREMAS-1024x576.png 1024w, https:\/\/consejoderectores.cl\/wp-content\/uploads\/2021\/12\/15.10.2019-FOTO-DESTACADA-ADMISION-ZONAS-EXTREMAS-768x432.png 768w, https:\/\/consejoderectores.cl\/wp-content\/uploads\/2021\/12\/15.10.2019-FOTO-DESTACADA-ADMISION-ZONAS-EXTREMAS-1536x864.png 1536w, https:\/\/consejoderectores.cl\/wp-content\/uploads\/2021\/12\/15.10.2019-FOTO-DESTACADA-ADMISION-ZONAS-EXTREMAS-16x9.png 16w, https:\/\/consejoderectores.cl\/wp-content\/uploads\/2021\/12\/15.10.2019-FOTO-DESTACADA-ADMISION-ZONAS-EXTREMAS-848x477.png 848w, https:\/\/consejoderectores.cl\/wp-content\/uploads\/2021\/12\/15.10.2019-FOTO-DESTACADA-ADMISION-ZONAS-EXTREMAS-1140x641.png 1140w, https:\/\/consejoderectores.cl\/wp-content\/uploads\/2021\/12\/15.10.2019-FOTO-DESTACADA-ADMISION-ZONAS-EXTREMAS-1170x658.png 1170w, https:\/\/consejoderectores.cl\/wp-content\/uploads\/2021\/12\/15.10.2019-FOTO-DESTACADA-ADMISION-ZONAS-EXTREMAS.png 1920w\" sizes=\"auto, (max-width: 300px) 100vw, 300px\" \/><\/p>","protected":false},"excerpt":{"rendered":"<p>Esta iniciativa se focalizar\u00e1 en las regiones de Arica y Parinacota y Tarapac\u00e1, en el norte, y Ays\u00e9n y Magallanes, en el sur, y participar\u00e1n la U. de Tarapac\u00e1, la U. Arturo Prat, la U. de Ays\u00e9n y la U. de Magallanes. El vicepresidente ejecutivo del CRUCH, rector Aldo Valle, sostuvo que \u201ctenemos plena conciencia [&hellip;]<\/p>\n","protected":false},"author":1,"featured_media":3592,"comment_status":"open","ping_status":"open","sticky":false,"template":"","format":"standard","meta":{"_acf_changed":false,"footnotes":""},"categories":[3],"tags":[],"class_list":["post-4716","post","type-post","status-publish","format-standard","has-post-thumbnail","hentry","category-noticias"],"acf":[],"yoast_head":"<!-- This site is optimized with the Yoast SEO plugin v27.1.1 - https:\/\/yoast.com\/product\/yoast-seo-wordpress\/ -->\n<title>Consejo de Rectores anuncia nueva admisi\u00f3n especial para universidades situadas en zonas extremas - Consejo de Rectoras y Rectores de las Universidades Chilenas<\/title>\n<meta name=\"robots\" content=\"index, follow, max-snippet:-1, max-image-preview:large, max-video-preview:-1\" \/>\n<link rel=\"canonical\" href=\"https:\/\/consejoderectores.cl\/en\/2019\/10\/15\/consejo-de-rectores-anuncia-nueva-admision-especial-para-universidades-situadas-en-zonas-extremas\/\" \/>\n<meta property=\"og:locale\" content=\"en_US\" \/>\n<meta property=\"og:type\" content=\"article\" \/>\n<meta property=\"og:title\" content=\"Consejo de Rectores anuncia nueva admisi\u00f3n especial para universidades situadas en zonas extremas - Consejo de Rectoras y Rectores de las Universidades Chilenas\" \/>\n<meta property=\"og:description\" content=\"Esta iniciativa se focalizar\u00e1 en las regiones de Arica y Parinacota y Tarapac\u00e1, en el norte, y Ays\u00e9n y Magallanes, en el sur, y participar\u00e1n la U. de Tarapac\u00e1, la U. Arturo Prat, la U. de Ays\u00e9n y la U. de Magallanes. El vicepresidente ejecutivo del CRUCH, rector Aldo Valle, sostuvo que \u201ctenemos plena conciencia [&hellip;]\" \/>\n<meta property=\"og:url\" content=\"https:\/\/consejoderectores.cl\/en\/2019\/10\/15\/consejo-de-rectores-anuncia-nueva-admision-especial-para-universidades-situadas-en-zonas-extremas\/\" \/>\n<meta property=\"og:site_name\" content=\"Consejo de Rectoras y Rectores de las Universidades Chilenas\" \/>\n<meta property=\"article:published_time\" content=\"2019-10-15T17:33:23+00:00\" \/>\n<meta property=\"article:modified_time\" content=\"2021-12-09T19:50:24+00:00\" \/>\n<meta property=\"og:image\" content=\"https:\/\/consejoderectores.cl\/wp-content\/uploads\/2021\/10\/declaraciones-publicas.jpg\" \/>\n\t<meta property=\"og:image:width\" content=\"1024\" \/>\n\t<meta property=\"og:image:height\" content=\"500\" \/>\n\t<meta property=\"og:image:type\" content=\"image\/jpeg\" \/>\n<meta name=\"author\" content=\"Consejo de Rectores de las Universidades Chilenas\" \/>\n<meta name=\"twitter:card\" content=\"summary_large_image\" \/>\n<meta name=\"twitter:creator\" content=\"@CRUCH_cl\" \/>\n<meta name=\"twitter:site\" content=\"@CRUCH_cl\" \/>\n<meta name=\"twitter:label1\" content=\"Written by\" \/>\n\t<meta name=\"twitter:data1\" content=\"Consejo de Rectores de las Universidades Chilenas\" \/>\n\t<meta name=\"twitter:label2\" content=\"Est. reading time\" \/>\n\t<meta name=\"twitter:data2\" content=\"5 minutes\" \/>\n<script type=\"application\/ld+json\" class=\"yoast-schema-graph\">{\"@context\":\"https:\/\/schema.org\",\"@graph\":[{\"@type\":\"Article\",\"@id\":\"https:\/\/consejoderectores.cl\/2019\/10\/15\/consejo-de-rectores-anuncia-nueva-admision-especial-para-universidades-situadas-en-zonas-extremas\/#article\",\"isPartOf\":{\"@id\":\"https:\/\/consejoderectores.cl\/2019\/10\/15\/consejo-de-rectores-anuncia-nueva-admision-especial-para-universidades-situadas-en-zonas-extremas\/\"},\"author\":{\"name\":\"Consejo de Rectores de las Universidades Chilenas\",\"@id\":\"https:\/\/consejoderectores.cl\/en\/#\/schema\/person\/d863e44afde067fd4b57fac66ced709e\"},\"headline\":\"Consejo de Rectores anuncia nueva admisi\u00f3n especial para universidades situadas en zonas extremas\",\"datePublished\":\"2019-10-15T17:33:23+00:00\",\"dateModified\":\"2021-12-09T19:50:24+00:00\",\"mainEntityOfPage\":{\"@id\":\"https:\/\/consejoderectores.cl\/2019\/10\/15\/consejo-de-rectores-anuncia-nueva-admision-especial-para-universidades-situadas-en-zonas-extremas\/\"},\"wordCount\":935,\"commentCount\":0,\"publisher\":{\"@id\":\"https:\/\/consejoderectores.cl\/en\/#organization\"},\"image\":{\"@id\":\"https:\/\/consejoderectores.cl\/2019\/10\/15\/consejo-de-rectores-anuncia-nueva-admision-especial-para-universidades-situadas-en-zonas-extremas\/#primaryimage\"},\"thumbnailUrl\":\"https:\/\/consejoderectores.cl\/wp-content\/uploads\/2021\/10\/declaraciones-publicas.jpg\",\"articleSection\":[\"Noticias\"],\"inLanguage\":\"en-US\",\"potentialAction\":[{\"@type\":\"CommentAction\",\"name\":\"Comment\",\"target\":[\"https:\/\/consejoderectores.cl\/2019\/10\/15\/consejo-de-rectores-anuncia-nueva-admision-especial-para-universidades-situadas-en-zonas-extremas\/#respond\"]}]},{\"@type\":\"WebPage\",\"@id\":\"https:\/\/consejoderectores.cl\/2019\/10\/15\/consejo-de-rectores-anuncia-nueva-admision-especial-para-universidades-situadas-en-zonas-extremas\/\",\"url\":\"https:\/\/consejoderectores.cl\/2019\/10\/15\/consejo-de-rectores-anuncia-nueva-admision-especial-para-universidades-situadas-en-zonas-extremas\/\",\"name\":\"Consejo de Rectores anuncia nueva admisi\u00f3n especial para universidades situadas en zonas extremas - Consejo de Rectoras y Rectores de las Universidades Chilenas\",\"isPartOf\":{\"@id\":\"https:\/\/consejoderectores.cl\/en\/#website\"},\"primaryImageOfPage\":{\"@id\":\"https:\/\/consejoderectores.cl\/2019\/10\/15\/consejo-de-rectores-anuncia-nueva-admision-especial-para-universidades-situadas-en-zonas-extremas\/#primaryimage\"},\"image\":{\"@id\":\"https:\/\/consejoderectores.cl\/2019\/10\/15\/consejo-de-rectores-anuncia-nueva-admision-especial-para-universidades-situadas-en-zonas-extremas\/#primaryimage\"},\"thumbnailUrl\":\"https:\/\/consejoderectores.cl\/wp-content\/uploads\/2021\/10\/declaraciones-publicas.jpg\",\"datePublished\":\"2019-10-15T17:33:23+00:00\",\"dateModified\":\"2021-12-09T19:50:24+00:00\",\"breadcrumb\":{\"@id\":\"https:\/\/consejoderectores.cl\/2019\/10\/15\/consejo-de-rectores-anuncia-nueva-admision-especial-para-universidades-situadas-en-zonas-extremas\/#breadcrumb\"},\"inLanguage\":\"en-US\",\"potentialAction\":[{\"@type\":\"ReadAction\",\"target\":[\"https:\/\/consejoderectores.cl\/2019\/10\/15\/consejo-de-rectores-anuncia-nueva-admision-especial-para-universidades-situadas-en-zonas-extremas\/\"]}]},{\"@type\":\"ImageObject\",\"inLanguage\":\"en-US\",\"@id\":\"https:\/\/consejoderectores.cl\/2019\/10\/15\/consejo-de-rectores-anuncia-nueva-admision-especial-para-universidades-situadas-en-zonas-extremas\/#primaryimage\",\"url\":\"https:\/\/consejoderectores.cl\/wp-content\/uploads\/2021\/10\/declaraciones-publicas.jpg\",\"contentUrl\":\"https:\/\/consejoderectores.cl\/wp-content\/uploads\/2021\/10\/declaraciones-publicas.jpg\",\"width\":1024,\"height\":500},{\"@type\":\"BreadcrumbList\",\"@id\":\"https:\/\/consejoderectores.cl\/2019\/10\/15\/consejo-de-rectores-anuncia-nueva-admision-especial-para-universidades-situadas-en-zonas-extremas\/#breadcrumb\",\"itemListElement\":[{\"@type\":\"ListItem\",\"position\":1,\"name\":\"Home\",\"item\":\"https:\/\/consejoderectores.cl\/\"},{\"@type\":\"ListItem\",\"position\":2,\"name\":\"Consejo de Rectores anuncia nueva admisi\u00f3n especial para universidades situadas en zonas extremas\"}]},{\"@type\":\"WebSite\",\"@id\":\"https:\/\/consejoderectores.cl\/en\/#website\",\"url\":\"https:\/\/consejoderectores.cl\/en\/\",\"name\":\"Consejo de Rectoras y Rectores de las Universidades Chilenas\",\"description\":\"\",\"publisher\":{\"@id\":\"https:\/\/consejoderectores.cl\/en\/#organization\"},\"potentialAction\":[{\"@type\":\"SearchAction\",\"target\":{\"@type\":\"EntryPoint\",\"urlTemplate\":\"https:\/\/consejoderectores.cl\/en\/?s={search_term_string}\"},\"query-input\":{\"@type\":\"PropertyValueSpecification\",\"valueRequired\":true,\"valueName\":\"search_term_string\"}}],\"inLanguage\":\"en-US\"},{\"@type\":\"Organization\",\"@id\":\"https:\/\/consejoderectores.cl\/en\/#organization\",\"name\":\"Consejo de Rectoras y Rectores de las Universidades Chilenas\",\"url\":\"https:\/\/consejoderectores.cl\/en\/\",\"logo\":{\"@type\":\"ImageObject\",\"inLanguage\":\"en-US\",\"@id\":\"https:\/\/consejoderectores.cl\/en\/#\/schema\/logo\/image\/\",\"url\":\"https:\/\/consejoderectores.cl\/wp-content\/uploads\/2025\/12\/logoheader_2025.png\",\"contentUrl\":\"https:\/\/consejoderectores.cl\/wp-content\/uploads\/2025\/12\/logoheader_2025.png\",\"width\":666,\"height\":305,\"caption\":\"Consejo de Rectoras y Rectores de las Universidades Chilenas\"},\"image\":{\"@id\":\"https:\/\/consejoderectores.cl\/en\/#\/schema\/logo\/image\/\"},\"sameAs\":[\"https:\/\/x.com\/CRUCH_cl\",\"https:\/\/www.instagram.com\/consejoderectores\/\",\"https:\/\/www.linkedin.com\/company\/cruch\/\",\"https:\/\/www.youtube.com\/channel\/UCzgIFRCsDlKoFpimiQmEaOA\"]},{\"@type\":\"Person\",\"@id\":\"https:\/\/consejoderectores.cl\/en\/#\/schema\/person\/d863e44afde067fd4b57fac66ced709e\",\"name\":\"Consejo de Rectores de las Universidades Chilenas\",\"image\":{\"@type\":\"ImageObject\",\"inLanguage\":\"en-US\",\"@id\":\"https:\/\/consejoderectores.cl\/en\/#\/schema\/person\/image\/\",\"url\":\"https:\/\/secure.gravatar.com\/avatar\/c31e2a02401f041926afb8ee21ab666f0925814fe85d25a5c8db80e23722dfc1?s=96&d=mm&r=g\",\"contentUrl\":\"https:\/\/secure.gravatar.com\/avatar\/c31e2a02401f041926afb8ee21ab666f0925814fe85d25a5c8db80e23722dfc1?s=96&d=mm&r=g\",\"caption\":\"Consejo de Rectores de las Universidades Chilenas\"},\"sameAs\":[\"https:\/\/www.consejoderectores.cl\"],\"url\":\"https:\/\/consejoderectores.cl\/en\/author\/cruch\/\"}]}<\/script>\n<!-- \/ Yoast SEO plugin. -->","yoast_head_json":{"title":"Consejo de Rectores anuncia nueva admisi\u00f3n especial para universidades situadas en zonas extremas - Consejo de Rectoras y Rectores de las Universidades Chilenas","robots":{"index":"index","follow":"follow","max-snippet":"max-snippet:-1","max-image-preview":"max-image-preview:large","max-video-preview":"max-video-preview:-1"},"canonical":"https:\/\/consejoderectores.cl\/en\/2019\/10\/15\/consejo-de-rectores-anuncia-nueva-admision-especial-para-universidades-situadas-en-zonas-extremas\/","og_locale":"en_US","og_type":"article","og_title":"Consejo de Rectores anuncia nueva admisi\u00f3n especial para universidades situadas en zonas extremas - Consejo de Rectoras y Rectores de las Universidades Chilenas","og_description":"Esta iniciativa se focalizar\u00e1 en las regiones de Arica y Parinacota y Tarapac\u00e1, en el norte, y Ays\u00e9n y Magallanes, en el sur, y participar\u00e1n la U. de Tarapac\u00e1, la U. Arturo Prat, la U. de Ays\u00e9n y la U. de Magallanes. El vicepresidente ejecutivo del CRUCH, rector Aldo Valle, sostuvo que \u201ctenemos plena conciencia [&hellip;]","og_url":"https:\/\/consejoderectores.cl\/en\/2019\/10\/15\/consejo-de-rectores-anuncia-nueva-admision-especial-para-universidades-situadas-en-zonas-extremas\/","og_site_name":"Consejo de Rectoras y Rectores de las Universidades Chilenas","article_published_time":"2019-10-15T17:33:23+00:00","article_modified_time":"2021-12-09T19:50:24+00:00","og_image":[{"width":1024,"height":500,"url":"https:\/\/consejoderectores.cl\/wp-content\/uploads\/2021\/10\/declaraciones-publicas.jpg","type":"image\/jpeg"}],"author":"Consejo de Rectores de las Universidades Chilenas","twitter_card":"summary_large_image","twitter_creator":"@CRUCH_cl","twitter_site":"@CRUCH_cl","twitter_misc":{"Written by":"Consejo de Rectores de las Universidades Chilenas","Est. reading time":"5 minutes"},"schema":{"@context":"https:\/\/schema.org","@graph":[{"@type":"Article","@id":"https:\/\/consejoderectores.cl\/2019\/10\/15\/consejo-de-rectores-anuncia-nueva-admision-especial-para-universidades-situadas-en-zonas-extremas\/#article","isPartOf":{"@id":"https:\/\/consejoderectores.cl\/2019\/10\/15\/consejo-de-rectores-anuncia-nueva-admision-especial-para-universidades-situadas-en-zonas-extremas\/"},"author":{"name":"Consejo de Rectores de las Universidades Chilenas","@id":"https:\/\/consejoderectores.cl\/en\/#\/schema\/person\/d863e44afde067fd4b57fac66ced709e"},"headline":"Consejo de Rectores anuncia nueva admisi\u00f3n especial para universidades situadas en zonas extremas","datePublished":"2019-10-15T17:33:23+00:00","dateModified":"2021-12-09T19:50:24+00:00","mainEntityOfPage":{"@id":"https:\/\/consejoderectores.cl\/2019\/10\/15\/consejo-de-rectores-anuncia-nueva-admision-especial-para-universidades-situadas-en-zonas-extremas\/"},"wordCount":935,"commentCount":0,"publisher":{"@id":"https:\/\/consejoderectores.cl\/en\/#organization"},"image":{"@id":"https:\/\/consejoderectores.cl\/2019\/10\/15\/consejo-de-rectores-anuncia-nueva-admision-especial-para-universidades-situadas-en-zonas-extremas\/#primaryimage"},"thumbnailUrl":"https:\/\/consejoderectores.cl\/wp-content\/uploads\/2021\/10\/declaraciones-publicas.jpg","articleSection":["Noticias"],"inLanguage":"en-US","potentialAction":[{"@type":"CommentAction","name":"Comment","target":["https:\/\/consejoderectores.cl\/2019\/10\/15\/consejo-de-rectores-anuncia-nueva-admision-especial-para-universidades-situadas-en-zonas-extremas\/#respond"]}]},{"@type":"WebPage","@id":"https:\/\/consejoderectores.cl\/2019\/10\/15\/consejo-de-rectores-anuncia-nueva-admision-especial-para-universidades-situadas-en-zonas-extremas\/","url":"https:\/\/consejoderectores.cl\/2019\/10\/15\/consejo-de-rectores-anuncia-nueva-admision-especial-para-universidades-situadas-en-zonas-extremas\/","name":"Consejo de Rectores anuncia nueva admisi\u00f3n especial para universidades situadas en zonas extremas - Consejo de Rectoras y Rectores de las Universidades Chilenas","isPartOf":{"@id":"https:\/\/consejoderectores.cl\/en\/#website"},"primaryImageOfPage":{"@id":"https:\/\/consejoderectores.cl\/2019\/10\/15\/consejo-de-rectores-anuncia-nueva-admision-especial-para-universidades-situadas-en-zonas-extremas\/#primaryimage"},"image":{"@id":"https:\/\/consejoderectores.cl\/2019\/10\/15\/consejo-de-rectores-anuncia-nueva-admision-especial-para-universidades-situadas-en-zonas-extremas\/#primaryimage"},"thumbnailUrl":"https:\/\/consejoderectores.cl\/wp-content\/uploads\/2021\/10\/declaraciones-publicas.jpg","datePublished":"2019-10-15T17:33:23+00:00","dateModified":"2021-12-09T19:50:24+00:00","breadcrumb":{"@id":"https:\/\/consejoderectores.cl\/2019\/10\/15\/consejo-de-rectores-anuncia-nueva-admision-especial-para-universidades-situadas-en-zonas-extremas\/#breadcrumb"},"inLanguage":"en-US","potentialAction":[{"@type":"ReadAction","target":["https:\/\/consejoderectores.cl\/2019\/10\/15\/consejo-de-rectores-anuncia-nueva-admision-especial-para-universidades-situadas-en-zonas-extremas\/"]}]},{"@type":"ImageObject","inLanguage":"en-US","@id":"https:\/\/consejoderectores.cl\/2019\/10\/15\/consejo-de-rectores-anuncia-nueva-admision-especial-para-universidades-situadas-en-zonas-extremas\/#primaryimage","url":"https:\/\/consejoderectores.cl\/wp-content\/uploads\/2021\/10\/declaraciones-publicas.jpg","contentUrl":"https:\/\/consejoderectores.cl\/wp-content\/uploads\/2021\/10\/declaraciones-publicas.jpg","width":1024,"height":500},{"@type":"BreadcrumbList","@id":"https:\/\/consejoderectores.cl\/2019\/10\/15\/consejo-de-rectores-anuncia-nueva-admision-especial-para-universidades-situadas-en-zonas-extremas\/#breadcrumb","itemListElement":[{"@type":"ListItem","position":1,"name":"Home","item":"https:\/\/consejoderectores.cl\/"},{"@type":"ListItem","position":2,"name":"Consejo de Rectores anuncia nueva admisi\u00f3n especial para universidades situadas en zonas extremas"}]},{"@type":"WebSite","@id":"https:\/\/consejoderectores.cl\/en\/#website","url":"https:\/\/consejoderectores.cl\/en\/","name":"Council of Rectors of Chilean Universities","description":"","publisher":{"@id":"https:\/\/consejoderectores.cl\/en\/#organization"},"potentialAction":[{"@type":"SearchAction","target":{"@type":"EntryPoint","urlTemplate":"https:\/\/consejoderectores.cl\/en\/?s={search_term_string}"},"query-input":{"@type":"PropertyValueSpecification","valueRequired":true,"valueName":"search_term_string"}}],"inLanguage":"en-US"},{"@type":"Organization","@id":"https:\/\/consejoderectores.cl\/en\/#organization","name":"Council of Rectors of Chilean Universities","url":"https:\/\/consejoderectores.cl\/en\/","logo":{"@type":"ImageObject","inLanguage":"en-US","@id":"https:\/\/consejoderectores.cl\/en\/#\/schema\/logo\/image\/","url":"https:\/\/consejoderectores.cl\/wp-content\/uploads\/2025\/12\/logoheader_2025.png","contentUrl":"https:\/\/consejoderectores.cl\/wp-content\/uploads\/2025\/12\/logoheader_2025.png","width":666,"height":305,"caption":"Consejo de Rectoras y Rectores de las Universidades Chilenas"},"image":{"@id":"https:\/\/consejoderectores.cl\/en\/#\/schema\/logo\/image\/"},"sameAs":["https:\/\/x.com\/CRUCH_cl","https:\/\/www.instagram.com\/consejoderectores\/","https:\/\/www.linkedin.com\/company\/cruch\/","https:\/\/www.youtube.com\/channel\/UCzgIFRCsDlKoFpimiQmEaOA"]},{"@type":"Person","@id":"https:\/\/consejoderectores.cl\/en\/#\/schema\/person\/d863e44afde067fd4b57fac66ced709e","name":"Council of Rectors of Chilean Universities","image":{"@type":"ImageObject","inLanguage":"en-US","@id":"https:\/\/consejoderectores.cl\/en\/#\/schema\/person\/image\/","url":"https:\/\/secure.gravatar.com\/avatar\/c31e2a02401f041926afb8ee21ab666f0925814fe85d25a5c8db80e23722dfc1?s=96&d=mm&r=g","contentUrl":"https:\/\/secure.gravatar.com\/avatar\/c31e2a02401f041926afb8ee21ab666f0925814fe85d25a5c8db80e23722dfc1?s=96&d=mm&r=g","caption":"Consejo de Rectores de las Universidades Chilenas"},"sameAs":["https:\/\/www.consejoderectores.cl"],"url":"https:\/\/consejoderectores.cl\/en\/author\/cruch\/"}]}},"_links":{"self":[{"href":"https:\/\/consejoderectores.cl\/en\/wp-json\/wp\/v2\/posts\/4716","targetHints":{"allow":["GET"]}}],"collection":[{"href":"https:\/\/consejoderectores.cl\/en\/wp-json\/wp\/v2\/posts"}],"about":[{"href":"https:\/\/consejoderectores.cl\/en\/wp-json\/wp\/v2\/types\/post"}],"author":[{"embeddable":true,"href":"https:\/\/consejoderectores.cl\/en\/wp-json\/wp\/v2\/users\/1"}],"replies":[{"embeddable":true,"href":"https:\/\/consejoderectores.cl\/en\/wp-json\/wp\/v2\/comments?post=4716"}],"version-history":[{"count":1,"href":"https:\/\/consejoderectores.cl\/en\/wp-json\/wp\/v2\/posts\/4716\/revisions"}],"predecessor-version":[{"id":4719,"href":"https:\/\/consejoderectores.cl\/en\/wp-json\/wp\/v2\/posts\/4716\/revisions\/4719"}],"wp:featuredmedia":[{"embeddable":true,"href":"https:\/\/consejoderectores.cl\/en\/wp-json\/wp\/v2\/media\/3592"}],"wp:attachment":[{"href":"https:\/\/consejoderectores.cl\/en\/wp-json\/wp\/v2\/media?parent=4716"}],"wp:term":[{"taxonomy":"category","embeddable":true,"href":"https:\/\/consejoderectores.cl\/en\/wp-json\/wp\/v2\/categories?post=4716"},{"taxonomy":"post_tag","embeddable":true,"href":"https:\/\/consejoderectores.cl\/en\/wp-json\/wp\/v2\/tags?post=4716"}],"curies":[{"name":"wp","href":"https:\/\/api.w.org\/{rel}","templated":true}]}}