{"id":4710,"date":"2019-11-06T19:17:30","date_gmt":"2019-11-06T19:17:30","guid":{"rendered":"https:\/\/www.consejoderectores.cl\/?p=4710"},"modified":"2021-12-09T19:22:02","modified_gmt":"2021-12-09T19:22:02","slug":"vicepresidente-del-cruch-aldo-valle-queremos-poner-a-todas-nuestras-universidades-al-servicio-de-un-encuentro-pacifico-e-imprescindible-para-chile","status":"publish","type":"post","link":"https:\/\/consejoderectores.cl\/en\/2019\/11\/06\/vicepresidente-del-cruch-aldo-valle-queremos-poner-a-todas-nuestras-universidades-al-servicio-de-un-encuentro-pacifico-e-imprescindible-para-chile\/","title":{"rendered":"Vice President of CRUCH, Aldo Valle: &quot;We want to put all our universities at the service of a peaceful and essential meeting for Chile&quot;"},"content":{"rendered":"<blockquote><p>In the social context of the country, the Council of Rectors announced today that open dialogues will be held for citizens in its 29 universities, with the purpose of raising proposals to address social demands.<\/p>\n<p>The CRUCH will also carry out internal work to improve social equity within its institutions and will review its undergraduate study plans, to strengthen training in Humanities and civic skills.<\/p><\/blockquote>\n<p>During the extraordinary session of the Council of Rectors, held this Wednesday, November 6 in Santiago, the role of CRUCH universities and their contribution to public deliberation in the current social context of the country, among other issues, was analyzed.<\/p>\n<p>At the end of the meeting, the executive vice president of CRUCH, Aldo Valle, announced four main lines of work agreed upon by the plenary.<\/p>\n<p>The first of these lines of work is the issuance of a public statement urging the authorities &quot;who have powers from a constitutional point of view, with the best political will, hopefully put aside their differences and move forward in a constitutional agreement to pave a way out of this crisis.&quot;.<\/p>\n<p>The also rector of the University of Valpara\u00edso said that &quot;this crisis represents enormous challenges as a country, beyond dwelling on the causes&quot;, so it requires &quot;institutional solutions that allow reestablishing trust, public order, and institutionalism.&quot;<\/p>\n<p>Along these lines, Valle stated that \u201cthe political system has the greatest responsibility, not those who are marching, not those who are in the streets, but those who, precisely by virtue of the current institutional framework, have the powers to carry out a reform to the constitution that allows us to open paths that lead us to a democratic solution, which guarantees the freedoms and rights of the people \u201d.<\/p>\n<h4>Call for citizen dialogues<\/h4>\n<p>The second course of action agreed by the rectors is to hold citizen dialogues in each of the regions of Chile, which will be convened by the 29 CRUCH universities. Although a date has not yet been set for its completion, these instances will be carried out in the short term.<\/p>\n<p>\u201cOur goal is for these dialogues to all take place on the same day and in the same format, so that we can reconcile common visions. These are citizen and civic dialogues; we want communities, organizations, and citizen representatives to meet at universities, putting all our universities at the service of a peaceful, constructive, urgent, and essential meeting for the country,\u201d Valle explained.<\/p>\n<p>The third line of action involves systematizing the dialogues in a document that will express proposals for the institutional crisis, that will gather a common voice from all the institutions that make up the Council of Rectors and that will be shared with the authorities and the public.<\/p>\n<p>\u201cWe will work with the contributions and critical analyses we want to provide to the authorities, aiming, on the one hand, for better institutional development, so that the country can move towards having a political and institutional system that overcomes its current shortcomings,\u201d stated the CRUCH representative. He added that \u201cwe will also address proposals and analyses to correct, in the economic and social spheres, those serious asymmetries that perpetuate an inequality that no one wants and that we have not yet been able to correct.\u201d.<\/p>\n<p>The fourth line of work defined by CRUCH will focus on reviewing the internal work of its universities.<\/p>\n<p>Rector Valle stated that one of the objectives is to develop \u201cinternal proposals so that in our own communities we assume the commitment to achieve higher standards in responsibility and social equity.\u201d.<\/p>\n<p>On the other hand, \u201ca proposal will also be raised to review our undergraduate study plans, to strengthen training in Humanities and civic virtues and skills, because we believe that a more enlightened citizenry and with capacities to understand the challenges that Chilean society has in these times, it is the most appropriate contribution that universities can make \u201d.<\/p>\n<h4>Other topics of the session<\/h4>\n<p>On the other hand, Aldo Valle referred to the resources earmarked for universities in the 2020 Budget Law project, which is being processed in Parliament.<\/p>\n<p>The executive vice president of CRUCH explained that one of the agreements of the session was that \u201ca set of observations and proposals will be presented that seek to improve the condition of the students who lose their Gratuity. This problem is not answered in this project and the situation of those who - having adhered to this policy in 2016, 2017 and 2018 - want to retroactively apply the penalty of loss of Gratuity is much worse, so that we will insist on Congress, before the mixed commission, to find a solution in this area \u201d.<\/p>\n<p>Regarding the dates of the University Selection Tests (PSU), the plenary of rectors ratified the modification of dates for the taking announced last week, that is, for Monday 2 and Tuesday 3 December 2019.<\/p>\n<p>It is worth remembering that these dates were agreed upon jointly by the Executive Committee of CRUCH, the Undersecretariat of Higher Education of the Ministry of Education and the Department of Educational Evaluation, Measurement and Registration (DEMRE) of the University of Chile.<\/p>","protected":false},"excerpt":{"rendered":"<p>En el contexto social del pa\u00eds, el Consejo de Rectores anunci\u00f3 hoy que se realizar\u00e1n di\u00e1logos abiertos a la ciudadan\u00eda en sus 29 universidades, con el prop\u00f3sito de levantar propuestas para abordar las demandas sociales. El CRUCH adem\u00e1s realizar\u00e1 un trabajo interno para mejorar la equidad social dentro de sus instituciones y revisar\u00e1 sus planes [&hellip;]<\/p>\n","protected":false},"author":1,"featured_media":3592,"comment_status":"open","ping_status":"open","sticky":false,"template":"","format":"standard","meta":{"_acf_changed":false,"footnotes":""},"categories":[3],"tags":[],"class_list":["post-4710","post","type-post","status-publish","format-standard","has-post-thumbnail","hentry","category-noticias"],"acf":[],"yoast_head":"<!-- This site is optimized with the Yoast SEO plugin v27.1.1 - https:\/\/yoast.com\/product\/yoast-seo-wordpress\/ -->\n<title>Vicepresidente del CRUCH, Aldo Valle: \u201cQueremos poner a todas nuestras universidades al servicio de un encuentro pac\u00edfico e imprescindible para Chile\u201d - Consejo de Rectoras y Rectores de las Universidades Chilenas<\/title>\n<meta name=\"robots\" content=\"index, follow, max-snippet:-1, max-image-preview:large, max-video-preview:-1\" \/>\n<link rel=\"canonical\" href=\"https:\/\/consejoderectores.cl\/en\/2019\/11\/06\/vicepresidente-del-cruch-aldo-valle-queremos-poner-a-todas-nuestras-universidades-al-servicio-de-un-encuentro-pacifico-e-imprescindible-para-chile\/\" \/>\n<meta property=\"og:locale\" content=\"en_US\" \/>\n<meta property=\"og:type\" content=\"article\" \/>\n<meta property=\"og:title\" content=\"Vicepresidente del CRUCH, Aldo Valle: \u201cQueremos poner a todas nuestras universidades al servicio de un encuentro pac\u00edfico e imprescindible para Chile\u201d - Consejo de Rectoras y Rectores de las Universidades Chilenas\" \/>\n<meta property=\"og:description\" content=\"En el contexto social del pa\u00eds, el Consejo de Rectores anunci\u00f3 hoy que se realizar\u00e1n di\u00e1logos abiertos a la ciudadan\u00eda en sus 29 universidades, con el prop\u00f3sito de levantar propuestas para abordar las demandas sociales. El CRUCH adem\u00e1s realizar\u00e1 un trabajo interno para mejorar la equidad social dentro de sus instituciones y revisar\u00e1 sus planes [&hellip;]\" \/>\n<meta property=\"og:url\" content=\"https:\/\/consejoderectores.cl\/en\/2019\/11\/06\/vicepresidente-del-cruch-aldo-valle-queremos-poner-a-todas-nuestras-universidades-al-servicio-de-un-encuentro-pacifico-e-imprescindible-para-chile\/\" \/>\n<meta property=\"og:site_name\" content=\"Consejo de Rectoras y Rectores de las Universidades Chilenas\" \/>\n<meta property=\"article:published_time\" content=\"2019-11-06T19:17:30+00:00\" \/>\n<meta property=\"article:modified_time\" content=\"2021-12-09T19:22:02+00:00\" \/>\n<meta property=\"og:image\" content=\"https:\/\/consejoderectores.cl\/wp-content\/uploads\/2021\/10\/declaraciones-publicas.jpg\" \/>\n\t<meta property=\"og:image:width\" content=\"1024\" \/>\n\t<meta property=\"og:image:height\" content=\"500\" \/>\n\t<meta property=\"og:image:type\" content=\"image\/jpeg\" \/>\n<meta name=\"author\" content=\"Consejo de Rectores de las Universidades Chilenas\" \/>\n<meta name=\"twitter:card\" content=\"summary_large_image\" \/>\n<meta name=\"twitter:creator\" content=\"@CRUCH_cl\" \/>\n<meta name=\"twitter:site\" content=\"@CRUCH_cl\" \/>\n<meta name=\"twitter:label1\" content=\"Written by\" \/>\n\t<meta name=\"twitter:data1\" content=\"Consejo de Rectores de las Universidades Chilenas\" \/>\n\t<meta name=\"twitter:label2\" content=\"Est. reading time\" \/>\n\t<meta name=\"twitter:data2\" content=\"5 minutes\" \/>\n<script type=\"application\/ld+json\" class=\"yoast-schema-graph\">{\"@context\":\"https:\/\/schema.org\",\"@graph\":[{\"@type\":\"Article\",\"@id\":\"https:\/\/consejoderectores.cl\/2019\/11\/06\/vicepresidente-del-cruch-aldo-valle-queremos-poner-a-todas-nuestras-universidades-al-servicio-de-un-encuentro-pacifico-e-imprescindible-para-chile\/#article\",\"isPartOf\":{\"@id\":\"https:\/\/consejoderectores.cl\/2019\/11\/06\/vicepresidente-del-cruch-aldo-valle-queremos-poner-a-todas-nuestras-universidades-al-servicio-de-un-encuentro-pacifico-e-imprescindible-para-chile\/\"},\"author\":{\"name\":\"Consejo de Rectores de las Universidades Chilenas\",\"@id\":\"https:\/\/consejoderectores.cl\/en\/#\/schema\/person\/d863e44afde067fd4b57fac66ced709e\"},\"headline\":\"Vicepresidente del CRUCH, Aldo Valle: \u201cQueremos poner a todas nuestras universidades al servicio de un encuentro pac\u00edfico e imprescindible para Chile\u201d\",\"datePublished\":\"2019-11-06T19:17:30+00:00\",\"dateModified\":\"2021-12-09T19:22:02+00:00\",\"mainEntityOfPage\":{\"@id\":\"https:\/\/consejoderectores.cl\/2019\/11\/06\/vicepresidente-del-cruch-aldo-valle-queremos-poner-a-todas-nuestras-universidades-al-servicio-de-un-encuentro-pacifico-e-imprescindible-para-chile\/\"},\"wordCount\":985,\"commentCount\":0,\"publisher\":{\"@id\":\"https:\/\/consejoderectores.cl\/en\/#organization\"},\"image\":{\"@id\":\"https:\/\/consejoderectores.cl\/2019\/11\/06\/vicepresidente-del-cruch-aldo-valle-queremos-poner-a-todas-nuestras-universidades-al-servicio-de-un-encuentro-pacifico-e-imprescindible-para-chile\/#primaryimage\"},\"thumbnailUrl\":\"https:\/\/consejoderectores.cl\/wp-content\/uploads\/2021\/10\/declaraciones-publicas.jpg\",\"articleSection\":[\"Noticias\"],\"inLanguage\":\"en-US\",\"potentialAction\":[{\"@type\":\"CommentAction\",\"name\":\"Comment\",\"target\":[\"https:\/\/consejoderectores.cl\/2019\/11\/06\/vicepresidente-del-cruch-aldo-valle-queremos-poner-a-todas-nuestras-universidades-al-servicio-de-un-encuentro-pacifico-e-imprescindible-para-chile\/#respond\"]}]},{\"@type\":\"WebPage\",\"@id\":\"https:\/\/consejoderectores.cl\/2019\/11\/06\/vicepresidente-del-cruch-aldo-valle-queremos-poner-a-todas-nuestras-universidades-al-servicio-de-un-encuentro-pacifico-e-imprescindible-para-chile\/\",\"url\":\"https:\/\/consejoderectores.cl\/2019\/11\/06\/vicepresidente-del-cruch-aldo-valle-queremos-poner-a-todas-nuestras-universidades-al-servicio-de-un-encuentro-pacifico-e-imprescindible-para-chile\/\",\"name\":\"Vicepresidente del CRUCH, Aldo Valle: \u201cQueremos poner a todas nuestras universidades al servicio de un encuentro pac\u00edfico e imprescindible para Chile\u201d - Consejo de Rectoras y Rectores de las Universidades Chilenas\",\"isPartOf\":{\"@id\":\"https:\/\/consejoderectores.cl\/en\/#website\"},\"primaryImageOfPage\":{\"@id\":\"https:\/\/consejoderectores.cl\/2019\/11\/06\/vicepresidente-del-cruch-aldo-valle-queremos-poner-a-todas-nuestras-universidades-al-servicio-de-un-encuentro-pacifico-e-imprescindible-para-chile\/#primaryimage\"},\"image\":{\"@id\":\"https:\/\/consejoderectores.cl\/2019\/11\/06\/vicepresidente-del-cruch-aldo-valle-queremos-poner-a-todas-nuestras-universidades-al-servicio-de-un-encuentro-pacifico-e-imprescindible-para-chile\/#primaryimage\"},\"thumbnailUrl\":\"https:\/\/consejoderectores.cl\/wp-content\/uploads\/2021\/10\/declaraciones-publicas.jpg\",\"datePublished\":\"2019-11-06T19:17:30+00:00\",\"dateModified\":\"2021-12-09T19:22:02+00:00\",\"breadcrumb\":{\"@id\":\"https:\/\/consejoderectores.cl\/2019\/11\/06\/vicepresidente-del-cruch-aldo-valle-queremos-poner-a-todas-nuestras-universidades-al-servicio-de-un-encuentro-pacifico-e-imprescindible-para-chile\/#breadcrumb\"},\"inLanguage\":\"en-US\",\"potentialAction\":[{\"@type\":\"ReadAction\",\"target\":[\"https:\/\/consejoderectores.cl\/2019\/11\/06\/vicepresidente-del-cruch-aldo-valle-queremos-poner-a-todas-nuestras-universidades-al-servicio-de-un-encuentro-pacifico-e-imprescindible-para-chile\/\"]}]},{\"@type\":\"ImageObject\",\"inLanguage\":\"en-US\",\"@id\":\"https:\/\/consejoderectores.cl\/2019\/11\/06\/vicepresidente-del-cruch-aldo-valle-queremos-poner-a-todas-nuestras-universidades-al-servicio-de-un-encuentro-pacifico-e-imprescindible-para-chile\/#primaryimage\",\"url\":\"https:\/\/consejoderectores.cl\/wp-content\/uploads\/2021\/10\/declaraciones-publicas.jpg\",\"contentUrl\":\"https:\/\/consejoderectores.cl\/wp-content\/uploads\/2021\/10\/declaraciones-publicas.jpg\",\"width\":1024,\"height\":500},{\"@type\":\"BreadcrumbList\",\"@id\":\"https:\/\/consejoderectores.cl\/2019\/11\/06\/vicepresidente-del-cruch-aldo-valle-queremos-poner-a-todas-nuestras-universidades-al-servicio-de-un-encuentro-pacifico-e-imprescindible-para-chile\/#breadcrumb\",\"itemListElement\":[{\"@type\":\"ListItem\",\"position\":1,\"name\":\"Home\",\"item\":\"https:\/\/consejoderectores.cl\/\"},{\"@type\":\"ListItem\",\"position\":2,\"name\":\"Vicepresidente del CRUCH, Aldo Valle: \u201cQueremos poner a todas nuestras universidades al servicio de un encuentro pac\u00edfico e imprescindible para Chile\u201d\"}]},{\"@type\":\"WebSite\",\"@id\":\"https:\/\/consejoderectores.cl\/en\/#website\",\"url\":\"https:\/\/consejoderectores.cl\/en\/\",\"name\":\"Consejo de Rectoras y Rectores de las Universidades Chilenas\",\"description\":\"\",\"publisher\":{\"@id\":\"https:\/\/consejoderectores.cl\/en\/#organization\"},\"potentialAction\":[{\"@type\":\"SearchAction\",\"target\":{\"@type\":\"EntryPoint\",\"urlTemplate\":\"https:\/\/consejoderectores.cl\/en\/?s={search_term_string}\"},\"query-input\":{\"@type\":\"PropertyValueSpecification\",\"valueRequired\":true,\"valueName\":\"search_term_string\"}}],\"inLanguage\":\"en-US\"},{\"@type\":\"Organization\",\"@id\":\"https:\/\/consejoderectores.cl\/en\/#organization\",\"name\":\"Consejo de Rectoras y Rectores de las Universidades Chilenas\",\"url\":\"https:\/\/consejoderectores.cl\/en\/\",\"logo\":{\"@type\":\"ImageObject\",\"inLanguage\":\"en-US\",\"@id\":\"https:\/\/consejoderectores.cl\/en\/#\/schema\/logo\/image\/\",\"url\":\"https:\/\/consejoderectores.cl\/wp-content\/uploads\/2025\/12\/logoheader_2025.png\",\"contentUrl\":\"https:\/\/consejoderectores.cl\/wp-content\/uploads\/2025\/12\/logoheader_2025.png\",\"width\":666,\"height\":305,\"caption\":\"Consejo de Rectoras y Rectores de las Universidades Chilenas\"},\"image\":{\"@id\":\"https:\/\/consejoderectores.cl\/en\/#\/schema\/logo\/image\/\"},\"sameAs\":[\"https:\/\/x.com\/CRUCH_cl\",\"https:\/\/www.instagram.com\/consejoderectores\/\",\"https:\/\/www.linkedin.com\/company\/cruch\/\",\"https:\/\/www.youtube.com\/channel\/UCzgIFRCsDlKoFpimiQmEaOA\"]},{\"@type\":\"Person\",\"@id\":\"https:\/\/consejoderectores.cl\/en\/#\/schema\/person\/d863e44afde067fd4b57fac66ced709e\",\"name\":\"Consejo de Rectores de las Universidades Chilenas\",\"image\":{\"@type\":\"ImageObject\",\"inLanguage\":\"en-US\",\"@id\":\"https:\/\/consejoderectores.cl\/en\/#\/schema\/person\/image\/\",\"url\":\"https:\/\/secure.gravatar.com\/avatar\/c31e2a02401f041926afb8ee21ab666f0925814fe85d25a5c8db80e23722dfc1?s=96&d=mm&r=g\",\"contentUrl\":\"https:\/\/secure.gravatar.com\/avatar\/c31e2a02401f041926afb8ee21ab666f0925814fe85d25a5c8db80e23722dfc1?s=96&d=mm&r=g\",\"caption\":\"Consejo de Rectores de las Universidades Chilenas\"},\"sameAs\":[\"https:\/\/www.consejoderectores.cl\"],\"url\":\"https:\/\/consejoderectores.cl\/en\/author\/cruch\/\"}]}<\/script>\n<!-- \/ Yoast SEO plugin. -->","yoast_head_json":{"title":"Vicepresidente del CRUCH, Aldo Valle: \u201cQueremos poner a todas nuestras universidades al servicio de un encuentro pac\u00edfico e imprescindible para Chile\u201d - Consejo de Rectoras y Rectores de las Universidades Chilenas","robots":{"index":"index","follow":"follow","max-snippet":"max-snippet:-1","max-image-preview":"max-image-preview:large","max-video-preview":"max-video-preview:-1"},"canonical":"https:\/\/consejoderectores.cl\/en\/2019\/11\/06\/vicepresidente-del-cruch-aldo-valle-queremos-poner-a-todas-nuestras-universidades-al-servicio-de-un-encuentro-pacifico-e-imprescindible-para-chile\/","og_locale":"en_US","og_type":"article","og_title":"Vicepresidente del CRUCH, Aldo Valle: \u201cQueremos poner a todas nuestras universidades al servicio de un encuentro pac\u00edfico e imprescindible para Chile\u201d - Consejo de Rectoras y Rectores de las Universidades Chilenas","og_description":"En el contexto social del pa\u00eds, el Consejo de Rectores anunci\u00f3 hoy que se realizar\u00e1n di\u00e1logos abiertos a la ciudadan\u00eda en sus 29 universidades, con el prop\u00f3sito de levantar propuestas para abordar las demandas sociales. El CRUCH adem\u00e1s realizar\u00e1 un trabajo interno para mejorar la equidad social dentro de sus instituciones y revisar\u00e1 sus planes [&hellip;]","og_url":"https:\/\/consejoderectores.cl\/en\/2019\/11\/06\/vicepresidente-del-cruch-aldo-valle-queremos-poner-a-todas-nuestras-universidades-al-servicio-de-un-encuentro-pacifico-e-imprescindible-para-chile\/","og_site_name":"Consejo de Rectoras y Rectores de las Universidades Chilenas","article_published_time":"2019-11-06T19:17:30+00:00","article_modified_time":"2021-12-09T19:22:02+00:00","og_image":[{"width":1024,"height":500,"url":"https:\/\/consejoderectores.cl\/wp-content\/uploads\/2021\/10\/declaraciones-publicas.jpg","type":"image\/jpeg"}],"author":"Consejo de Rectores de las Universidades Chilenas","twitter_card":"summary_large_image","twitter_creator":"@CRUCH_cl","twitter_site":"@CRUCH_cl","twitter_misc":{"Written by":"Consejo de Rectores de las Universidades Chilenas","Est. reading time":"5 minutes"},"schema":{"@context":"https:\/\/schema.org","@graph":[{"@type":"Article","@id":"https:\/\/consejoderectores.cl\/2019\/11\/06\/vicepresidente-del-cruch-aldo-valle-queremos-poner-a-todas-nuestras-universidades-al-servicio-de-un-encuentro-pacifico-e-imprescindible-para-chile\/#article","isPartOf":{"@id":"https:\/\/consejoderectores.cl\/2019\/11\/06\/vicepresidente-del-cruch-aldo-valle-queremos-poner-a-todas-nuestras-universidades-al-servicio-de-un-encuentro-pacifico-e-imprescindible-para-chile\/"},"author":{"name":"Consejo de Rectores de las Universidades Chilenas","@id":"https:\/\/consejoderectores.cl\/en\/#\/schema\/person\/d863e44afde067fd4b57fac66ced709e"},"headline":"Vicepresidente del CRUCH, Aldo Valle: \u201cQueremos poner a todas nuestras universidades al servicio de un encuentro pac\u00edfico e imprescindible para Chile\u201d","datePublished":"2019-11-06T19:17:30+00:00","dateModified":"2021-12-09T19:22:02+00:00","mainEntityOfPage":{"@id":"https:\/\/consejoderectores.cl\/2019\/11\/06\/vicepresidente-del-cruch-aldo-valle-queremos-poner-a-todas-nuestras-universidades-al-servicio-de-un-encuentro-pacifico-e-imprescindible-para-chile\/"},"wordCount":985,"commentCount":0,"publisher":{"@id":"https:\/\/consejoderectores.cl\/en\/#organization"},"image":{"@id":"https:\/\/consejoderectores.cl\/2019\/11\/06\/vicepresidente-del-cruch-aldo-valle-queremos-poner-a-todas-nuestras-universidades-al-servicio-de-un-encuentro-pacifico-e-imprescindible-para-chile\/#primaryimage"},"thumbnailUrl":"https:\/\/consejoderectores.cl\/wp-content\/uploads\/2021\/10\/declaraciones-publicas.jpg","articleSection":["Noticias"],"inLanguage":"en-US","potentialAction":[{"@type":"CommentAction","name":"Comment","target":["https:\/\/consejoderectores.cl\/2019\/11\/06\/vicepresidente-del-cruch-aldo-valle-queremos-poner-a-todas-nuestras-universidades-al-servicio-de-un-encuentro-pacifico-e-imprescindible-para-chile\/#respond"]}]},{"@type":"WebPage","@id":"https:\/\/consejoderectores.cl\/2019\/11\/06\/vicepresidente-del-cruch-aldo-valle-queremos-poner-a-todas-nuestras-universidades-al-servicio-de-un-encuentro-pacifico-e-imprescindible-para-chile\/","url":"https:\/\/consejoderectores.cl\/2019\/11\/06\/vicepresidente-del-cruch-aldo-valle-queremos-poner-a-todas-nuestras-universidades-al-servicio-de-un-encuentro-pacifico-e-imprescindible-para-chile\/","name":"Vicepresidente del CRUCH, Aldo Valle: \u201cQueremos poner a todas nuestras universidades al servicio de un encuentro pac\u00edfico e imprescindible para Chile\u201d - Consejo de Rectoras y Rectores de las Universidades Chilenas","isPartOf":{"@id":"https:\/\/consejoderectores.cl\/en\/#website"},"primaryImageOfPage":{"@id":"https:\/\/consejoderectores.cl\/2019\/11\/06\/vicepresidente-del-cruch-aldo-valle-queremos-poner-a-todas-nuestras-universidades-al-servicio-de-un-encuentro-pacifico-e-imprescindible-para-chile\/#primaryimage"},"image":{"@id":"https:\/\/consejoderectores.cl\/2019\/11\/06\/vicepresidente-del-cruch-aldo-valle-queremos-poner-a-todas-nuestras-universidades-al-servicio-de-un-encuentro-pacifico-e-imprescindible-para-chile\/#primaryimage"},"thumbnailUrl":"https:\/\/consejoderectores.cl\/wp-content\/uploads\/2021\/10\/declaraciones-publicas.jpg","datePublished":"2019-11-06T19:17:30+00:00","dateModified":"2021-12-09T19:22:02+00:00","breadcrumb":{"@id":"https:\/\/consejoderectores.cl\/2019\/11\/06\/vicepresidente-del-cruch-aldo-valle-queremos-poner-a-todas-nuestras-universidades-al-servicio-de-un-encuentro-pacifico-e-imprescindible-para-chile\/#breadcrumb"},"inLanguage":"en-US","potentialAction":[{"@type":"ReadAction","target":["https:\/\/consejoderectores.cl\/2019\/11\/06\/vicepresidente-del-cruch-aldo-valle-queremos-poner-a-todas-nuestras-universidades-al-servicio-de-un-encuentro-pacifico-e-imprescindible-para-chile\/"]}]},{"@type":"ImageObject","inLanguage":"en-US","@id":"https:\/\/consejoderectores.cl\/2019\/11\/06\/vicepresidente-del-cruch-aldo-valle-queremos-poner-a-todas-nuestras-universidades-al-servicio-de-un-encuentro-pacifico-e-imprescindible-para-chile\/#primaryimage","url":"https:\/\/consejoderectores.cl\/wp-content\/uploads\/2021\/10\/declaraciones-publicas.jpg","contentUrl":"https:\/\/consejoderectores.cl\/wp-content\/uploads\/2021\/10\/declaraciones-publicas.jpg","width":1024,"height":500},{"@type":"BreadcrumbList","@id":"https:\/\/consejoderectores.cl\/2019\/11\/06\/vicepresidente-del-cruch-aldo-valle-queremos-poner-a-todas-nuestras-universidades-al-servicio-de-un-encuentro-pacifico-e-imprescindible-para-chile\/#breadcrumb","itemListElement":[{"@type":"ListItem","position":1,"name":"Home","item":"https:\/\/consejoderectores.cl\/"},{"@type":"ListItem","position":2,"name":"Vicepresidente del CRUCH, Aldo Valle: \u201cQueremos poner a todas nuestras universidades al servicio de un encuentro pac\u00edfico e imprescindible para Chile\u201d"}]},{"@type":"WebSite","@id":"https:\/\/consejoderectores.cl\/en\/#website","url":"https:\/\/consejoderectores.cl\/en\/","name":"Council of Rectors of Chilean Universities","description":"","publisher":{"@id":"https:\/\/consejoderectores.cl\/en\/#organization"},"potentialAction":[{"@type":"SearchAction","target":{"@type":"EntryPoint","urlTemplate":"https:\/\/consejoderectores.cl\/en\/?s={search_term_string}"},"query-input":{"@type":"PropertyValueSpecification","valueRequired":true,"valueName":"search_term_string"}}],"inLanguage":"en-US"},{"@type":"Organization","@id":"https:\/\/consejoderectores.cl\/en\/#organization","name":"Council of Rectors of Chilean Universities","url":"https:\/\/consejoderectores.cl\/en\/","logo":{"@type":"ImageObject","inLanguage":"en-US","@id":"https:\/\/consejoderectores.cl\/en\/#\/schema\/logo\/image\/","url":"https:\/\/consejoderectores.cl\/wp-content\/uploads\/2025\/12\/logoheader_2025.png","contentUrl":"https:\/\/consejoderectores.cl\/wp-content\/uploads\/2025\/12\/logoheader_2025.png","width":666,"height":305,"caption":"Consejo de Rectoras y Rectores de las Universidades Chilenas"},"image":{"@id":"https:\/\/consejoderectores.cl\/en\/#\/schema\/logo\/image\/"},"sameAs":["https:\/\/x.com\/CRUCH_cl","https:\/\/www.instagram.com\/consejoderectores\/","https:\/\/www.linkedin.com\/company\/cruch\/","https:\/\/www.youtube.com\/channel\/UCzgIFRCsDlKoFpimiQmEaOA"]},{"@type":"Person","@id":"https:\/\/consejoderectores.cl\/en\/#\/schema\/person\/d863e44afde067fd4b57fac66ced709e","name":"Council of Rectors of Chilean Universities","image":{"@type":"ImageObject","inLanguage":"en-US","@id":"https:\/\/consejoderectores.cl\/en\/#\/schema\/person\/image\/","url":"https:\/\/secure.gravatar.com\/avatar\/c31e2a02401f041926afb8ee21ab666f0925814fe85d25a5c8db80e23722dfc1?s=96&d=mm&r=g","contentUrl":"https:\/\/secure.gravatar.com\/avatar\/c31e2a02401f041926afb8ee21ab666f0925814fe85d25a5c8db80e23722dfc1?s=96&d=mm&r=g","caption":"Consejo de Rectores de las Universidades Chilenas"},"sameAs":["https:\/\/www.consejoderectores.cl"],"url":"https:\/\/consejoderectores.cl\/en\/author\/cruch\/"}]}},"_links":{"self":[{"href":"https:\/\/consejoderectores.cl\/en\/wp-json\/wp\/v2\/posts\/4710","targetHints":{"allow":["GET"]}}],"collection":[{"href":"https:\/\/consejoderectores.cl\/en\/wp-json\/wp\/v2\/posts"}],"about":[{"href":"https:\/\/consejoderectores.cl\/en\/wp-json\/wp\/v2\/types\/post"}],"author":[{"embeddable":true,"href":"https:\/\/consejoderectores.cl\/en\/wp-json\/wp\/v2\/users\/1"}],"replies":[{"embeddable":true,"href":"https:\/\/consejoderectores.cl\/en\/wp-json\/wp\/v2\/comments?post=4710"}],"version-history":[{"count":1,"href":"https:\/\/consejoderectores.cl\/en\/wp-json\/wp\/v2\/posts\/4710\/revisions"}],"predecessor-version":[{"id":4711,"href":"https:\/\/consejoderectores.cl\/en\/wp-json\/wp\/v2\/posts\/4710\/revisions\/4711"}],"wp:featuredmedia":[{"embeddable":true,"href":"https:\/\/consejoderectores.cl\/en\/wp-json\/wp\/v2\/media\/3592"}],"wp:attachment":[{"href":"https:\/\/consejoderectores.cl\/en\/wp-json\/wp\/v2\/media?parent=4710"}],"wp:term":[{"taxonomy":"category","embeddable":true,"href":"https:\/\/consejoderectores.cl\/en\/wp-json\/wp\/v2\/categories?post=4710"},{"taxonomy":"post_tag","embeddable":true,"href":"https:\/\/consejoderectores.cl\/en\/wp-json\/wp\/v2\/tags?post=4710"}],"curies":[{"name":"wp","href":"https:\/\/api.w.org\/{rel}","templated":true}]}}