{"id":4699,"date":"2019-11-14T13:52:53","date_gmt":"2019-11-14T13:52:53","guid":{"rendered":"https:\/\/www.consejoderectores.cl\/?p=4699"},"modified":"2021-12-09T19:01:34","modified_gmt":"2021-12-09T19:01:34","slug":"cruch-llamamos-al-sistema-politico-en-su-conjunto-a-que-arribe-a-un-acuerdo-constitucional-que-de-respuesta-a-una-demanda-ciudadana-ya-historica","status":"publish","type":"post","link":"https:\/\/consejoderectores.cl\/en\/2019\/11\/14\/cruch-llamamos-al-sistema-politico-en-su-conjunto-a-que-arribe-a-un-acuerdo-constitucional-que-de-respuesta-a-una-demanda-ciudadana-ya-historica\/","title":{"rendered":"CRUCH: &quot;We call on the political system as a whole to reach a constitutional agreement that responds to an already historic citizen demand&quot;"},"content":{"rendered":"<blockquote><p>Representatives of the Council of Rectors expressed to President Pi\u00f1era the commitment of the universities to social peace.<\/p>\n<p>On the occasion, the executive vice president of CRUCH, Aldo Valle, stated that \u201con the basis of peace, we can effectively advance in the purpose of rebuilding the confidence of citizens in our institutions and advance in the political and institutional changes that the country it requires in an urgent way \u201d.<\/p><\/blockquote>\n<p>On behalf of the Council of Rectors of Chilean Universities (CRUCH), nine rectors attended the meeting convened by the President of the Republic Sebasti\u00e1n Pi\u00f1era to express that the CRUCH universities share his call to commit to social peace.<\/p>\n<p>On that occasion, they presented the president with a letter making this commitment public. \u201cWe do so with the understanding that, based on peace, we can effectively move forward in the purpose of rebuilding citizens&#039; trust in our institutions and advancing the political and institutional changes that the country urgently requires,\u201d stated Aldo Valle, executive vice president of CRUCH, at the end of the meeting on Thursday, November 14.<\/p>\n<p>On the other hand, as the Council of Rectors \u201cwe call on the political system as a whole to hopefully reach a constitutional agreement that responds to an already historic citizen demand so that, ultimately, we have more representative institutions, institutions that do not lose hopefully the trust of society and certainly also so that all the necessary changes are made to provide the most solid foundation that social peace must always have, which is harmony, social cohesion and social justice \u201d, said Valle.<\/p>\n<p>The executive vice president described as &quot;essential&quot; to make this call known &quot;and ask everyone to join in, because social peace is an indispensable condition to achieve the purposes that as a country we are declaring these days.&quot;<\/p>\n<p>In addition to the rector Valle, the alternate executive vice president and rector of the U. T\u00e9cnica Federico Santa Mar\u00eda, Darcy Fuenzalida; the rector of the University of Chile, Ennio Vivaldi; from the Pontifical Catholic University of Chile, Ignacio S\u00e1nchez; from the Pontifical Catholic University of Valpara\u00edso, Claudio El\u00f3rtegui; from the U. T\u00e9cnica Metropolitana, Luis Pinto; from the Metropolitan University of Education Sciences, Jaime Espinosa; from the U. de Playa Ancha, Patricio Sanhueza; and from the U. Alberto Hurtado, Eduardo Silva. In addition, the rector of the DUOC, Ricardo Paredes, accompanied them.<\/p>\n<h4>CRUCH call to the political system<\/h4>\n<p>Regarding the mechanisms for amending the Constitution, Valle stated that \u201cthis is a task and a responsibility of the political system.\u201d He added that \u201cthe greatest effort must be made to effectively restore trust, representativeness, and thus the legitimacy of the political system, because it has undoubtedly been damaged. It is therefore the task of the political system to reach an agreement that provides the answer the country is waiting for and has been demanding for so long.\u201d.<\/p>\n<p><em>Photo: Press Office of the Presidency of the Republic<\/em><\/p>\n<p>&nbsp;<\/p>","protected":false},"excerpt":{"rendered":"<p>Representantes del Consejo de Rectores expresaron al Presidente Pi\u00f1era el compromiso de las universidades con la paz social. En la ocasi\u00f3n, el vicepresidente ejecutivo del CRUCH, Aldo Valle, plante\u00f3 que \u201csobre la base de la paz podemos efectivamente avanzar en el prop\u00f3sito de reconstruir la confianza de los ciudadanos en nuestras instituciones y de avanzar [&hellip;]<\/p>\n","protected":false},"author":1,"featured_media":4701,"comment_status":"open","ping_status":"open","sticky":false,"template":"","format":"standard","meta":{"_acf_changed":false,"footnotes":""},"categories":[3],"tags":[],"class_list":["post-4699","post","type-post","status-publish","format-standard","has-post-thumbnail","hentry","category-noticias"],"acf":[],"yoast_head":"<!-- This site is optimized with the Yoast SEO plugin v27.1.1 - https:\/\/yoast.com\/product\/yoast-seo-wordpress\/ -->\n<title>CRUCH: \u201cLlamamos al sistema pol\u00edtico en su conjunto a que arribe a un acuerdo constitucional que d\u00e9 respuesta a una demanda ciudadana ya hist\u00f3rica\u201d - Consejo de Rectoras y Rectores de las Universidades Chilenas<\/title>\n<meta name=\"robots\" content=\"index, follow, max-snippet:-1, max-image-preview:large, max-video-preview:-1\" \/>\n<link rel=\"canonical\" href=\"https:\/\/consejoderectores.cl\/en\/2019\/11\/14\/cruch-llamamos-al-sistema-politico-en-su-conjunto-a-que-arribe-a-un-acuerdo-constitucional-que-de-respuesta-a-una-demanda-ciudadana-ya-historica\/\" \/>\n<meta property=\"og:locale\" content=\"en_US\" \/>\n<meta property=\"og:type\" content=\"article\" \/>\n<meta property=\"og:title\" content=\"CRUCH: \u201cLlamamos al sistema pol\u00edtico en su conjunto a que arribe a un acuerdo constitucional que d\u00e9 respuesta a una demanda ciudadana ya hist\u00f3rica\u201d - Consejo de Rectoras y Rectores de las Universidades Chilenas\" \/>\n<meta property=\"og:description\" content=\"Representantes del Consejo de Rectores expresaron al Presidente Pi\u00f1era el compromiso de las universidades con la paz social. En la ocasi\u00f3n, el vicepresidente ejecutivo del CRUCH, Aldo Valle, plante\u00f3 que \u201csobre la base de la paz podemos efectivamente avanzar en el prop\u00f3sito de reconstruir la confianza de los ciudadanos en nuestras instituciones y de avanzar [&hellip;]\" \/>\n<meta property=\"og:url\" content=\"https:\/\/consejoderectores.cl\/en\/2019\/11\/14\/cruch-llamamos-al-sistema-politico-en-su-conjunto-a-que-arribe-a-un-acuerdo-constitucional-que-de-respuesta-a-una-demanda-ciudadana-ya-historica\/\" \/>\n<meta property=\"og:site_name\" content=\"Consejo de Rectoras y Rectores de las Universidades Chilenas\" \/>\n<meta property=\"article:published_time\" content=\"2019-11-14T13:52:53+00:00\" \/>\n<meta property=\"article:modified_time\" content=\"2021-12-09T19:01:34+00:00\" \/>\n<meta property=\"og:image\" content=\"https:\/\/consejoderectores.cl\/wp-content\/uploads\/2021\/12\/ok-CRUCH-con-Pdte.-Pinera_14.11.2019.jpg\" \/>\n\t<meta property=\"og:image:width\" content=\"2500\" \/>\n\t<meta property=\"og:image:height\" content=\"1666\" \/>\n\t<meta property=\"og:image:type\" content=\"image\/jpeg\" \/>\n<meta name=\"author\" content=\"Consejo de Rectores de las Universidades Chilenas\" \/>\n<meta name=\"twitter:card\" content=\"summary_large_image\" \/>\n<meta name=\"twitter:creator\" content=\"@CRUCH_cl\" \/>\n<meta name=\"twitter:site\" content=\"@CRUCH_cl\" \/>\n<meta name=\"twitter:label1\" content=\"Written by\" \/>\n\t<meta name=\"twitter:data1\" content=\"Consejo de Rectores de las Universidades Chilenas\" \/>\n\t<meta name=\"twitter:label2\" content=\"Est. reading time\" \/>\n\t<meta name=\"twitter:data2\" content=\"3 minutes\" \/>\n<script type=\"application\/ld+json\" class=\"yoast-schema-graph\">{\"@context\":\"https:\/\/schema.org\",\"@graph\":[{\"@type\":\"Article\",\"@id\":\"https:\/\/consejoderectores.cl\/2019\/11\/14\/cruch-llamamos-al-sistema-politico-en-su-conjunto-a-que-arribe-a-un-acuerdo-constitucional-que-de-respuesta-a-una-demanda-ciudadana-ya-historica\/#article\",\"isPartOf\":{\"@id\":\"https:\/\/consejoderectores.cl\/2019\/11\/14\/cruch-llamamos-al-sistema-politico-en-su-conjunto-a-que-arribe-a-un-acuerdo-constitucional-que-de-respuesta-a-una-demanda-ciudadana-ya-historica\/\"},\"author\":{\"name\":\"Consejo de Rectores de las Universidades Chilenas\",\"@id\":\"https:\/\/consejoderectores.cl\/en\/#\/schema\/person\/d863e44afde067fd4b57fac66ced709e\"},\"headline\":\"CRUCH: \u201cLlamamos al sistema pol\u00edtico en su conjunto a que arribe a un acuerdo constitucional que d\u00e9 respuesta a una demanda ciudadana ya hist\u00f3rica\u201d\",\"datePublished\":\"2019-11-14T13:52:53+00:00\",\"dateModified\":\"2021-12-09T19:01:34+00:00\",\"mainEntityOfPage\":{\"@id\":\"https:\/\/consejoderectores.cl\/2019\/11\/14\/cruch-llamamos-al-sistema-politico-en-su-conjunto-a-que-arribe-a-un-acuerdo-constitucional-que-de-respuesta-a-una-demanda-ciudadana-ya-historica\/\"},\"wordCount\":577,\"commentCount\":0,\"publisher\":{\"@id\":\"https:\/\/consejoderectores.cl\/en\/#organization\"},\"image\":{\"@id\":\"https:\/\/consejoderectores.cl\/2019\/11\/14\/cruch-llamamos-al-sistema-politico-en-su-conjunto-a-que-arribe-a-un-acuerdo-constitucional-que-de-respuesta-a-una-demanda-ciudadana-ya-historica\/#primaryimage\"},\"thumbnailUrl\":\"https:\/\/consejoderectores.cl\/wp-content\/uploads\/2021\/12\/ok-CRUCH-con-Pdte.-Pinera_14.11.2019.jpg\",\"articleSection\":[\"Noticias\"],\"inLanguage\":\"en-US\",\"potentialAction\":[{\"@type\":\"CommentAction\",\"name\":\"Comment\",\"target\":[\"https:\/\/consejoderectores.cl\/2019\/11\/14\/cruch-llamamos-al-sistema-politico-en-su-conjunto-a-que-arribe-a-un-acuerdo-constitucional-que-de-respuesta-a-una-demanda-ciudadana-ya-historica\/#respond\"]}]},{\"@type\":\"WebPage\",\"@id\":\"https:\/\/consejoderectores.cl\/2019\/11\/14\/cruch-llamamos-al-sistema-politico-en-su-conjunto-a-que-arribe-a-un-acuerdo-constitucional-que-de-respuesta-a-una-demanda-ciudadana-ya-historica\/\",\"url\":\"https:\/\/consejoderectores.cl\/2019\/11\/14\/cruch-llamamos-al-sistema-politico-en-su-conjunto-a-que-arribe-a-un-acuerdo-constitucional-que-de-respuesta-a-una-demanda-ciudadana-ya-historica\/\",\"name\":\"CRUCH: \u201cLlamamos al sistema pol\u00edtico en su conjunto a que arribe a un acuerdo constitucional que d\u00e9 respuesta a una demanda ciudadana ya hist\u00f3rica\u201d - Consejo de Rectoras y Rectores de las Universidades Chilenas\",\"isPartOf\":{\"@id\":\"https:\/\/consejoderectores.cl\/en\/#website\"},\"primaryImageOfPage\":{\"@id\":\"https:\/\/consejoderectores.cl\/2019\/11\/14\/cruch-llamamos-al-sistema-politico-en-su-conjunto-a-que-arribe-a-un-acuerdo-constitucional-que-de-respuesta-a-una-demanda-ciudadana-ya-historica\/#primaryimage\"},\"image\":{\"@id\":\"https:\/\/consejoderectores.cl\/2019\/11\/14\/cruch-llamamos-al-sistema-politico-en-su-conjunto-a-que-arribe-a-un-acuerdo-constitucional-que-de-respuesta-a-una-demanda-ciudadana-ya-historica\/#primaryimage\"},\"thumbnailUrl\":\"https:\/\/consejoderectores.cl\/wp-content\/uploads\/2021\/12\/ok-CRUCH-con-Pdte.-Pinera_14.11.2019.jpg\",\"datePublished\":\"2019-11-14T13:52:53+00:00\",\"dateModified\":\"2021-12-09T19:01:34+00:00\",\"breadcrumb\":{\"@id\":\"https:\/\/consejoderectores.cl\/2019\/11\/14\/cruch-llamamos-al-sistema-politico-en-su-conjunto-a-que-arribe-a-un-acuerdo-constitucional-que-de-respuesta-a-una-demanda-ciudadana-ya-historica\/#breadcrumb\"},\"inLanguage\":\"en-US\",\"potentialAction\":[{\"@type\":\"ReadAction\",\"target\":[\"https:\/\/consejoderectores.cl\/2019\/11\/14\/cruch-llamamos-al-sistema-politico-en-su-conjunto-a-que-arribe-a-un-acuerdo-constitucional-que-de-respuesta-a-una-demanda-ciudadana-ya-historica\/\"]}]},{\"@type\":\"ImageObject\",\"inLanguage\":\"en-US\",\"@id\":\"https:\/\/consejoderectores.cl\/2019\/11\/14\/cruch-llamamos-al-sistema-politico-en-su-conjunto-a-que-arribe-a-un-acuerdo-constitucional-que-de-respuesta-a-una-demanda-ciudadana-ya-historica\/#primaryimage\",\"url\":\"https:\/\/consejoderectores.cl\/wp-content\/uploads\/2021\/12\/ok-CRUCH-con-Pdte.-Pinera_14.11.2019.jpg\",\"contentUrl\":\"https:\/\/consejoderectores.cl\/wp-content\/uploads\/2021\/12\/ok-CRUCH-con-Pdte.-Pinera_14.11.2019.jpg\",\"width\":2500,\"height\":1666},{\"@type\":\"BreadcrumbList\",\"@id\":\"https:\/\/consejoderectores.cl\/2019\/11\/14\/cruch-llamamos-al-sistema-politico-en-su-conjunto-a-que-arribe-a-un-acuerdo-constitucional-que-de-respuesta-a-una-demanda-ciudadana-ya-historica\/#breadcrumb\",\"itemListElement\":[{\"@type\":\"ListItem\",\"position\":1,\"name\":\"Home\",\"item\":\"https:\/\/consejoderectores.cl\/\"},{\"@type\":\"ListItem\",\"position\":2,\"name\":\"CRUCH: \u201cLlamamos al sistema pol\u00edtico en su conjunto a que arribe a un acuerdo constitucional que d\u00e9 respuesta a una demanda ciudadana ya hist\u00f3rica\u201d\"}]},{\"@type\":\"WebSite\",\"@id\":\"https:\/\/consejoderectores.cl\/en\/#website\",\"url\":\"https:\/\/consejoderectores.cl\/en\/\",\"name\":\"Consejo de Rectoras y Rectores de las Universidades Chilenas\",\"description\":\"\",\"publisher\":{\"@id\":\"https:\/\/consejoderectores.cl\/en\/#organization\"},\"potentialAction\":[{\"@type\":\"SearchAction\",\"target\":{\"@type\":\"EntryPoint\",\"urlTemplate\":\"https:\/\/consejoderectores.cl\/en\/?s={search_term_string}\"},\"query-input\":{\"@type\":\"PropertyValueSpecification\",\"valueRequired\":true,\"valueName\":\"search_term_string\"}}],\"inLanguage\":\"en-US\"},{\"@type\":\"Organization\",\"@id\":\"https:\/\/consejoderectores.cl\/en\/#organization\",\"name\":\"Consejo de Rectoras y Rectores de las Universidades Chilenas\",\"url\":\"https:\/\/consejoderectores.cl\/en\/\",\"logo\":{\"@type\":\"ImageObject\",\"inLanguage\":\"en-US\",\"@id\":\"https:\/\/consejoderectores.cl\/en\/#\/schema\/logo\/image\/\",\"url\":\"https:\/\/consejoderectores.cl\/wp-content\/uploads\/2025\/12\/logoheader_2025.png\",\"contentUrl\":\"https:\/\/consejoderectores.cl\/wp-content\/uploads\/2025\/12\/logoheader_2025.png\",\"width\":666,\"height\":305,\"caption\":\"Consejo de Rectoras y Rectores de las Universidades Chilenas\"},\"image\":{\"@id\":\"https:\/\/consejoderectores.cl\/en\/#\/schema\/logo\/image\/\"},\"sameAs\":[\"https:\/\/x.com\/CRUCH_cl\",\"https:\/\/www.instagram.com\/consejoderectores\/\",\"https:\/\/www.linkedin.com\/company\/cruch\/\",\"https:\/\/www.youtube.com\/channel\/UCzgIFRCsDlKoFpimiQmEaOA\"]},{\"@type\":\"Person\",\"@id\":\"https:\/\/consejoderectores.cl\/en\/#\/schema\/person\/d863e44afde067fd4b57fac66ced709e\",\"name\":\"Consejo de Rectores de las Universidades Chilenas\",\"image\":{\"@type\":\"ImageObject\",\"inLanguage\":\"en-US\",\"@id\":\"https:\/\/consejoderectores.cl\/en\/#\/schema\/person\/image\/\",\"url\":\"https:\/\/secure.gravatar.com\/avatar\/c31e2a02401f041926afb8ee21ab666f0925814fe85d25a5c8db80e23722dfc1?s=96&d=mm&r=g\",\"contentUrl\":\"https:\/\/secure.gravatar.com\/avatar\/c31e2a02401f041926afb8ee21ab666f0925814fe85d25a5c8db80e23722dfc1?s=96&d=mm&r=g\",\"caption\":\"Consejo de Rectores de las Universidades Chilenas\"},\"sameAs\":[\"https:\/\/www.consejoderectores.cl\"],\"url\":\"https:\/\/consejoderectores.cl\/en\/author\/cruch\/\"}]}<\/script>\n<!-- \/ Yoast SEO plugin. -->","yoast_head_json":{"title":"CRUCH: \u201cLlamamos al sistema pol\u00edtico en su conjunto a que arribe a un acuerdo constitucional que d\u00e9 respuesta a una demanda ciudadana ya hist\u00f3rica\u201d - Consejo de Rectoras y Rectores de las Universidades Chilenas","robots":{"index":"index","follow":"follow","max-snippet":"max-snippet:-1","max-image-preview":"max-image-preview:large","max-video-preview":"max-video-preview:-1"},"canonical":"https:\/\/consejoderectores.cl\/en\/2019\/11\/14\/cruch-llamamos-al-sistema-politico-en-su-conjunto-a-que-arribe-a-un-acuerdo-constitucional-que-de-respuesta-a-una-demanda-ciudadana-ya-historica\/","og_locale":"en_US","og_type":"article","og_title":"CRUCH: \u201cLlamamos al sistema pol\u00edtico en su conjunto a que arribe a un acuerdo constitucional que d\u00e9 respuesta a una demanda ciudadana ya hist\u00f3rica\u201d - Consejo de Rectoras y Rectores de las Universidades Chilenas","og_description":"Representantes del Consejo de Rectores expresaron al Presidente Pi\u00f1era el compromiso de las universidades con la paz social. En la ocasi\u00f3n, el vicepresidente ejecutivo del CRUCH, Aldo Valle, plante\u00f3 que \u201csobre la base de la paz podemos efectivamente avanzar en el prop\u00f3sito de reconstruir la confianza de los ciudadanos en nuestras instituciones y de avanzar [&hellip;]","og_url":"https:\/\/consejoderectores.cl\/en\/2019\/11\/14\/cruch-llamamos-al-sistema-politico-en-su-conjunto-a-que-arribe-a-un-acuerdo-constitucional-que-de-respuesta-a-una-demanda-ciudadana-ya-historica\/","og_site_name":"Consejo de Rectoras y Rectores de las Universidades Chilenas","article_published_time":"2019-11-14T13:52:53+00:00","article_modified_time":"2021-12-09T19:01:34+00:00","og_image":[{"width":2500,"height":1666,"url":"https:\/\/consejoderectores.cl\/wp-content\/uploads\/2021\/12\/ok-CRUCH-con-Pdte.-Pinera_14.11.2019.jpg","type":"image\/jpeg"}],"author":"Consejo de Rectores de las Universidades Chilenas","twitter_card":"summary_large_image","twitter_creator":"@CRUCH_cl","twitter_site":"@CRUCH_cl","twitter_misc":{"Written by":"Consejo de Rectores de las Universidades Chilenas","Est. reading time":"3 minutes"},"schema":{"@context":"https:\/\/schema.org","@graph":[{"@type":"Article","@id":"https:\/\/consejoderectores.cl\/2019\/11\/14\/cruch-llamamos-al-sistema-politico-en-su-conjunto-a-que-arribe-a-un-acuerdo-constitucional-que-de-respuesta-a-una-demanda-ciudadana-ya-historica\/#article","isPartOf":{"@id":"https:\/\/consejoderectores.cl\/2019\/11\/14\/cruch-llamamos-al-sistema-politico-en-su-conjunto-a-que-arribe-a-un-acuerdo-constitucional-que-de-respuesta-a-una-demanda-ciudadana-ya-historica\/"},"author":{"name":"Consejo de Rectores de las Universidades Chilenas","@id":"https:\/\/consejoderectores.cl\/en\/#\/schema\/person\/d863e44afde067fd4b57fac66ced709e"},"headline":"CRUCH: \u201cLlamamos al sistema pol\u00edtico en su conjunto a que arribe a un acuerdo constitucional que d\u00e9 respuesta a una demanda ciudadana ya hist\u00f3rica\u201d","datePublished":"2019-11-14T13:52:53+00:00","dateModified":"2021-12-09T19:01:34+00:00","mainEntityOfPage":{"@id":"https:\/\/consejoderectores.cl\/2019\/11\/14\/cruch-llamamos-al-sistema-politico-en-su-conjunto-a-que-arribe-a-un-acuerdo-constitucional-que-de-respuesta-a-una-demanda-ciudadana-ya-historica\/"},"wordCount":577,"commentCount":0,"publisher":{"@id":"https:\/\/consejoderectores.cl\/en\/#organization"},"image":{"@id":"https:\/\/consejoderectores.cl\/2019\/11\/14\/cruch-llamamos-al-sistema-politico-en-su-conjunto-a-que-arribe-a-un-acuerdo-constitucional-que-de-respuesta-a-una-demanda-ciudadana-ya-historica\/#primaryimage"},"thumbnailUrl":"https:\/\/consejoderectores.cl\/wp-content\/uploads\/2021\/12\/ok-CRUCH-con-Pdte.-Pinera_14.11.2019.jpg","articleSection":["Noticias"],"inLanguage":"en-US","potentialAction":[{"@type":"CommentAction","name":"Comment","target":["https:\/\/consejoderectores.cl\/2019\/11\/14\/cruch-llamamos-al-sistema-politico-en-su-conjunto-a-que-arribe-a-un-acuerdo-constitucional-que-de-respuesta-a-una-demanda-ciudadana-ya-historica\/#respond"]}]},{"@type":"WebPage","@id":"https:\/\/consejoderectores.cl\/2019\/11\/14\/cruch-llamamos-al-sistema-politico-en-su-conjunto-a-que-arribe-a-un-acuerdo-constitucional-que-de-respuesta-a-una-demanda-ciudadana-ya-historica\/","url":"https:\/\/consejoderectores.cl\/2019\/11\/14\/cruch-llamamos-al-sistema-politico-en-su-conjunto-a-que-arribe-a-un-acuerdo-constitucional-que-de-respuesta-a-una-demanda-ciudadana-ya-historica\/","name":"CRUCH: \u201cLlamamos al sistema pol\u00edtico en su conjunto a que arribe a un acuerdo constitucional que d\u00e9 respuesta a una demanda ciudadana ya hist\u00f3rica\u201d - Consejo de Rectoras y Rectores de las Universidades Chilenas","isPartOf":{"@id":"https:\/\/consejoderectores.cl\/en\/#website"},"primaryImageOfPage":{"@id":"https:\/\/consejoderectores.cl\/2019\/11\/14\/cruch-llamamos-al-sistema-politico-en-su-conjunto-a-que-arribe-a-un-acuerdo-constitucional-que-de-respuesta-a-una-demanda-ciudadana-ya-historica\/#primaryimage"},"image":{"@id":"https:\/\/consejoderectores.cl\/2019\/11\/14\/cruch-llamamos-al-sistema-politico-en-su-conjunto-a-que-arribe-a-un-acuerdo-constitucional-que-de-respuesta-a-una-demanda-ciudadana-ya-historica\/#primaryimage"},"thumbnailUrl":"https:\/\/consejoderectores.cl\/wp-content\/uploads\/2021\/12\/ok-CRUCH-con-Pdte.-Pinera_14.11.2019.jpg","datePublished":"2019-11-14T13:52:53+00:00","dateModified":"2021-12-09T19:01:34+00:00","breadcrumb":{"@id":"https:\/\/consejoderectores.cl\/2019\/11\/14\/cruch-llamamos-al-sistema-politico-en-su-conjunto-a-que-arribe-a-un-acuerdo-constitucional-que-de-respuesta-a-una-demanda-ciudadana-ya-historica\/#breadcrumb"},"inLanguage":"en-US","potentialAction":[{"@type":"ReadAction","target":["https:\/\/consejoderectores.cl\/2019\/11\/14\/cruch-llamamos-al-sistema-politico-en-su-conjunto-a-que-arribe-a-un-acuerdo-constitucional-que-de-respuesta-a-una-demanda-ciudadana-ya-historica\/"]}]},{"@type":"ImageObject","inLanguage":"en-US","@id":"https:\/\/consejoderectores.cl\/2019\/11\/14\/cruch-llamamos-al-sistema-politico-en-su-conjunto-a-que-arribe-a-un-acuerdo-constitucional-que-de-respuesta-a-una-demanda-ciudadana-ya-historica\/#primaryimage","url":"https:\/\/consejoderectores.cl\/wp-content\/uploads\/2021\/12\/ok-CRUCH-con-Pdte.-Pinera_14.11.2019.jpg","contentUrl":"https:\/\/consejoderectores.cl\/wp-content\/uploads\/2021\/12\/ok-CRUCH-con-Pdte.-Pinera_14.11.2019.jpg","width":2500,"height":1666},{"@type":"BreadcrumbList","@id":"https:\/\/consejoderectores.cl\/2019\/11\/14\/cruch-llamamos-al-sistema-politico-en-su-conjunto-a-que-arribe-a-un-acuerdo-constitucional-que-de-respuesta-a-una-demanda-ciudadana-ya-historica\/#breadcrumb","itemListElement":[{"@type":"ListItem","position":1,"name":"Home","item":"https:\/\/consejoderectores.cl\/"},{"@type":"ListItem","position":2,"name":"CRUCH: \u201cLlamamos al sistema pol\u00edtico en su conjunto a que arribe a un acuerdo constitucional que d\u00e9 respuesta a una demanda ciudadana ya hist\u00f3rica\u201d"}]},{"@type":"WebSite","@id":"https:\/\/consejoderectores.cl\/en\/#website","url":"https:\/\/consejoderectores.cl\/en\/","name":"Council of Rectors of Chilean Universities","description":"","publisher":{"@id":"https:\/\/consejoderectores.cl\/en\/#organization"},"potentialAction":[{"@type":"SearchAction","target":{"@type":"EntryPoint","urlTemplate":"https:\/\/consejoderectores.cl\/en\/?s={search_term_string}"},"query-input":{"@type":"PropertyValueSpecification","valueRequired":true,"valueName":"search_term_string"}}],"inLanguage":"en-US"},{"@type":"Organization","@id":"https:\/\/consejoderectores.cl\/en\/#organization","name":"Council of Rectors of Chilean Universities","url":"https:\/\/consejoderectores.cl\/en\/","logo":{"@type":"ImageObject","inLanguage":"en-US","@id":"https:\/\/consejoderectores.cl\/en\/#\/schema\/logo\/image\/","url":"https:\/\/consejoderectores.cl\/wp-content\/uploads\/2025\/12\/logoheader_2025.png","contentUrl":"https:\/\/consejoderectores.cl\/wp-content\/uploads\/2025\/12\/logoheader_2025.png","width":666,"height":305,"caption":"Consejo de Rectoras y Rectores de las Universidades Chilenas"},"image":{"@id":"https:\/\/consejoderectores.cl\/en\/#\/schema\/logo\/image\/"},"sameAs":["https:\/\/x.com\/CRUCH_cl","https:\/\/www.instagram.com\/consejoderectores\/","https:\/\/www.linkedin.com\/company\/cruch\/","https:\/\/www.youtube.com\/channel\/UCzgIFRCsDlKoFpimiQmEaOA"]},{"@type":"Person","@id":"https:\/\/consejoderectores.cl\/en\/#\/schema\/person\/d863e44afde067fd4b57fac66ced709e","name":"Council of Rectors of Chilean Universities","image":{"@type":"ImageObject","inLanguage":"en-US","@id":"https:\/\/consejoderectores.cl\/en\/#\/schema\/person\/image\/","url":"https:\/\/secure.gravatar.com\/avatar\/c31e2a02401f041926afb8ee21ab666f0925814fe85d25a5c8db80e23722dfc1?s=96&d=mm&r=g","contentUrl":"https:\/\/secure.gravatar.com\/avatar\/c31e2a02401f041926afb8ee21ab666f0925814fe85d25a5c8db80e23722dfc1?s=96&d=mm&r=g","caption":"Consejo de Rectores de las Universidades Chilenas"},"sameAs":["https:\/\/www.consejoderectores.cl"],"url":"https:\/\/consejoderectores.cl\/en\/author\/cruch\/"}]}},"_links":{"self":[{"href":"https:\/\/consejoderectores.cl\/en\/wp-json\/wp\/v2\/posts\/4699","targetHints":{"allow":["GET"]}}],"collection":[{"href":"https:\/\/consejoderectores.cl\/en\/wp-json\/wp\/v2\/posts"}],"about":[{"href":"https:\/\/consejoderectores.cl\/en\/wp-json\/wp\/v2\/types\/post"}],"author":[{"embeddable":true,"href":"https:\/\/consejoderectores.cl\/en\/wp-json\/wp\/v2\/users\/1"}],"replies":[{"embeddable":true,"href":"https:\/\/consejoderectores.cl\/en\/wp-json\/wp\/v2\/comments?post=4699"}],"version-history":[{"count":1,"href":"https:\/\/consejoderectores.cl\/en\/wp-json\/wp\/v2\/posts\/4699\/revisions"}],"predecessor-version":[{"id":4702,"href":"https:\/\/consejoderectores.cl\/en\/wp-json\/wp\/v2\/posts\/4699\/revisions\/4702"}],"wp:featuredmedia":[{"embeddable":true,"href":"https:\/\/consejoderectores.cl\/en\/wp-json\/wp\/v2\/media\/4701"}],"wp:attachment":[{"href":"https:\/\/consejoderectores.cl\/en\/wp-json\/wp\/v2\/media?parent=4699"}],"wp:term":[{"taxonomy":"category","embeddable":true,"href":"https:\/\/consejoderectores.cl\/en\/wp-json\/wp\/v2\/categories?post=4699"},{"taxonomy":"post_tag","embeddable":true,"href":"https:\/\/consejoderectores.cl\/en\/wp-json\/wp\/v2\/tags?post=4699"}],"curies":[{"name":"wp","href":"https:\/\/api.w.org\/{rel}","templated":true}]}}