{"id":4691,"date":"2019-12-03T18:43:26","date_gmt":"2019-12-03T18:43:26","guid":{"rendered":"https:\/\/www.consejoderectores.cl\/?p=4691"},"modified":"2021-12-09T18:46:56","modified_gmt":"2021-12-09T18:46:56","slug":"consejo-de-rectores-ratifica-nuevas-fechas-del-calendario-del-proceso-de-admision-2020","status":"publish","type":"post","link":"https:\/\/consejoderectores.cl\/en\/2019\/12\/03\/consejo-de-rectores-ratifica-nuevas-fechas-del-calendario-del-proceso-de-admision-2020\/","title":{"rendered":"Council of Rectors ratifies new dates of the 2020 Admission Process calendar"},"content":{"rendered":"<blockquote><p>The University Selection Tests will be administered on January 6 and 7, 2020, and the results will be published on Tuesday, January 28. The application period will run from that day until January 31, while enrollment will take place during the first half of March 2020.<\/p><\/blockquote>\n<p>After the modifications to the date of delivery of the University Selection Tests (PSU), due to the current social and political situation of the country, the Council of Rectors of Chilean Universities (CRUCH) confirmed the new calendar of the Admission Process 2020 .<\/p>\n<p>The dates were jointly defined by the CRUCH, the Ministry of Education and the Department of Evaluation, Measurement and Educational Registration (DEMRE) of the University of Chile, so that the students can take the tests in a context of greater tranquility. and have the possibility of traveling to the places of surrender chosen by them without difficulties.<\/p>\n<p>Likewise, this new schedule adjusts the application, selection and enrollment stages with the requirements of the universities, reconciling the deadlines of their academic calendars with the security and confidence with which the results of the admission process must be reviewed and delivered.<\/p>\n<p>As announced during November, on Monday, January 6, the PSU of Language and Communication will be given, at 9:00 a.m., and the elective test of Sciences, from 14:30. On Tuesday, January 7, it will be the turn of the PSU of Mathematics (9.00 am) and the elective test of History, Geography and Social Sciences (2.30 pm).<\/p>\n<p>Subsequently, on Tuesday, January 28, at 8:00 a.m., the PSU results will be published on the Applicant Portal (https:\/\/psu.demre.cl\/). That same Tuesday, January 28, starting at 9:00 a.m., the application period will begin for the programs offered by the 41 universities that comprise the Unified Admission System (SUA). This process will continue until 6:00 p.m. on Friday, January 31.<\/p>\n<p>The results of applications and student selection will be published on March 2nd on the Applicant Portal and on the websites of the institutions affiliated with the SUA (University Admission System). The first registration period will take place from March 3rd to 5th, and the second from March 6th to 12th; the withdrawal period will run from March 3rd to 12th, 2020.<\/p>","protected":false},"excerpt":{"rendered":"<p>Las Pruebas de Selecci\u00f3n Universitaria se rendir\u00e1n los d\u00edas 6 y 7 de enero de 2020 y sus resultados se publicar\u00e1n el martes 28 de enero. A partir de ese d\u00eda y hasta el 31 de enero ser\u00e1 la etapa de postulaciones, mientras que las matr\u00edculas se concretar\u00e1n durante la primera quincena de marzo de [&hellip;]<\/p>\n","protected":false},"author":1,"featured_media":3592,"comment_status":"open","ping_status":"open","sticky":false,"template":"","format":"standard","meta":{"_acf_changed":false,"footnotes":""},"categories":[3],"tags":[],"class_list":["post-4691","post","type-post","status-publish","format-standard","has-post-thumbnail","hentry","category-noticias"],"acf":[],"yoast_head":"<!-- This site is optimized with the Yoast SEO plugin v27.1.1 - https:\/\/yoast.com\/product\/yoast-seo-wordpress\/ -->\n<title>Consejo de Rectores ratifica nuevas fechas del calendario del Proceso de Admisi\u00f3n 2020 - Consejo de Rectoras y Rectores de las Universidades Chilenas<\/title>\n<meta name=\"robots\" content=\"index, follow, max-snippet:-1, max-image-preview:large, max-video-preview:-1\" \/>\n<link rel=\"canonical\" href=\"https:\/\/consejoderectores.cl\/en\/2019\/12\/03\/consejo-de-rectores-ratifica-nuevas-fechas-del-calendario-del-proceso-de-admision-2020\/\" \/>\n<meta property=\"og:locale\" content=\"en_US\" \/>\n<meta property=\"og:type\" content=\"article\" \/>\n<meta property=\"og:title\" content=\"Consejo de Rectores ratifica nuevas fechas del calendario del Proceso de Admisi\u00f3n 2020 - Consejo de Rectoras y Rectores de las Universidades Chilenas\" \/>\n<meta property=\"og:description\" content=\"Las Pruebas de Selecci\u00f3n Universitaria se rendir\u00e1n los d\u00edas 6 y 7 de enero de 2020 y sus resultados se publicar\u00e1n el martes 28 de enero. A partir de ese d\u00eda y hasta el 31 de enero ser\u00e1 la etapa de postulaciones, mientras que las matr\u00edculas se concretar\u00e1n durante la primera quincena de marzo de [&hellip;]\" \/>\n<meta property=\"og:url\" content=\"https:\/\/consejoderectores.cl\/en\/2019\/12\/03\/consejo-de-rectores-ratifica-nuevas-fechas-del-calendario-del-proceso-de-admision-2020\/\" \/>\n<meta property=\"og:site_name\" content=\"Consejo de Rectoras y Rectores de las Universidades Chilenas\" \/>\n<meta property=\"article:published_time\" content=\"2019-12-03T18:43:26+00:00\" \/>\n<meta property=\"article:modified_time\" content=\"2021-12-09T18:46:56+00:00\" \/>\n<meta property=\"og:image\" content=\"https:\/\/consejoderectores.cl\/wp-content\/uploads\/2021\/10\/declaraciones-publicas.jpg\" \/>\n\t<meta property=\"og:image:width\" content=\"1024\" \/>\n\t<meta property=\"og:image:height\" content=\"500\" \/>\n\t<meta property=\"og:image:type\" content=\"image\/jpeg\" \/>\n<meta name=\"author\" content=\"Consejo de Rectores de las Universidades Chilenas\" \/>\n<meta name=\"twitter:card\" content=\"summary_large_image\" \/>\n<meta name=\"twitter:creator\" content=\"@CRUCH_cl\" \/>\n<meta name=\"twitter:site\" content=\"@CRUCH_cl\" \/>\n<meta name=\"twitter:label1\" content=\"Written by\" \/>\n\t<meta name=\"twitter:data1\" content=\"Consejo de Rectores de las Universidades Chilenas\" \/>\n\t<meta name=\"twitter:label2\" content=\"Est. reading time\" \/>\n\t<meta name=\"twitter:data2\" content=\"2 minutes\" \/>\n<script type=\"application\/ld+json\" class=\"yoast-schema-graph\">{\"@context\":\"https:\/\/schema.org\",\"@graph\":[{\"@type\":\"Article\",\"@id\":\"https:\/\/consejoderectores.cl\/2019\/12\/03\/consejo-de-rectores-ratifica-nuevas-fechas-del-calendario-del-proceso-de-admision-2020\/#article\",\"isPartOf\":{\"@id\":\"https:\/\/consejoderectores.cl\/2019\/12\/03\/consejo-de-rectores-ratifica-nuevas-fechas-del-calendario-del-proceso-de-admision-2020\/\"},\"author\":{\"name\":\"Consejo de Rectores de las Universidades Chilenas\",\"@id\":\"https:\/\/consejoderectores.cl\/en\/#\/schema\/person\/d863e44afde067fd4b57fac66ced709e\"},\"headline\":\"Consejo de Rectores ratifica nuevas fechas del calendario del Proceso de Admisi\u00f3n 2020\",\"datePublished\":\"2019-12-03T18:43:26+00:00\",\"dateModified\":\"2021-12-09T18:46:56+00:00\",\"mainEntityOfPage\":{\"@id\":\"https:\/\/consejoderectores.cl\/2019\/12\/03\/consejo-de-rectores-ratifica-nuevas-fechas-del-calendario-del-proceso-de-admision-2020\/\"},\"wordCount\":434,\"commentCount\":0,\"publisher\":{\"@id\":\"https:\/\/consejoderectores.cl\/en\/#organization\"},\"image\":{\"@id\":\"https:\/\/consejoderectores.cl\/2019\/12\/03\/consejo-de-rectores-ratifica-nuevas-fechas-del-calendario-del-proceso-de-admision-2020\/#primaryimage\"},\"thumbnailUrl\":\"https:\/\/consejoderectores.cl\/wp-content\/uploads\/2021\/10\/declaraciones-publicas.jpg\",\"articleSection\":[\"Noticias\"],\"inLanguage\":\"en-US\",\"potentialAction\":[{\"@type\":\"CommentAction\",\"name\":\"Comment\",\"target\":[\"https:\/\/consejoderectores.cl\/2019\/12\/03\/consejo-de-rectores-ratifica-nuevas-fechas-del-calendario-del-proceso-de-admision-2020\/#respond\"]}]},{\"@type\":\"WebPage\",\"@id\":\"https:\/\/consejoderectores.cl\/2019\/12\/03\/consejo-de-rectores-ratifica-nuevas-fechas-del-calendario-del-proceso-de-admision-2020\/\",\"url\":\"https:\/\/consejoderectores.cl\/2019\/12\/03\/consejo-de-rectores-ratifica-nuevas-fechas-del-calendario-del-proceso-de-admision-2020\/\",\"name\":\"Consejo de Rectores ratifica nuevas fechas del calendario del Proceso de Admisi\u00f3n 2020 - Consejo de Rectoras y Rectores de las Universidades Chilenas\",\"isPartOf\":{\"@id\":\"https:\/\/consejoderectores.cl\/en\/#website\"},\"primaryImageOfPage\":{\"@id\":\"https:\/\/consejoderectores.cl\/2019\/12\/03\/consejo-de-rectores-ratifica-nuevas-fechas-del-calendario-del-proceso-de-admision-2020\/#primaryimage\"},\"image\":{\"@id\":\"https:\/\/consejoderectores.cl\/2019\/12\/03\/consejo-de-rectores-ratifica-nuevas-fechas-del-calendario-del-proceso-de-admision-2020\/#primaryimage\"},\"thumbnailUrl\":\"https:\/\/consejoderectores.cl\/wp-content\/uploads\/2021\/10\/declaraciones-publicas.jpg\",\"datePublished\":\"2019-12-03T18:43:26+00:00\",\"dateModified\":\"2021-12-09T18:46:56+00:00\",\"breadcrumb\":{\"@id\":\"https:\/\/consejoderectores.cl\/2019\/12\/03\/consejo-de-rectores-ratifica-nuevas-fechas-del-calendario-del-proceso-de-admision-2020\/#breadcrumb\"},\"inLanguage\":\"en-US\",\"potentialAction\":[{\"@type\":\"ReadAction\",\"target\":[\"https:\/\/consejoderectores.cl\/2019\/12\/03\/consejo-de-rectores-ratifica-nuevas-fechas-del-calendario-del-proceso-de-admision-2020\/\"]}]},{\"@type\":\"ImageObject\",\"inLanguage\":\"en-US\",\"@id\":\"https:\/\/consejoderectores.cl\/2019\/12\/03\/consejo-de-rectores-ratifica-nuevas-fechas-del-calendario-del-proceso-de-admision-2020\/#primaryimage\",\"url\":\"https:\/\/consejoderectores.cl\/wp-content\/uploads\/2021\/10\/declaraciones-publicas.jpg\",\"contentUrl\":\"https:\/\/consejoderectores.cl\/wp-content\/uploads\/2021\/10\/declaraciones-publicas.jpg\",\"width\":1024,\"height\":500},{\"@type\":\"BreadcrumbList\",\"@id\":\"https:\/\/consejoderectores.cl\/2019\/12\/03\/consejo-de-rectores-ratifica-nuevas-fechas-del-calendario-del-proceso-de-admision-2020\/#breadcrumb\",\"itemListElement\":[{\"@type\":\"ListItem\",\"position\":1,\"name\":\"Home\",\"item\":\"https:\/\/consejoderectores.cl\/\"},{\"@type\":\"ListItem\",\"position\":2,\"name\":\"Consejo de Rectores ratifica nuevas fechas del calendario del Proceso de Admisi\u00f3n 2020\"}]},{\"@type\":\"WebSite\",\"@id\":\"https:\/\/consejoderectores.cl\/en\/#website\",\"url\":\"https:\/\/consejoderectores.cl\/en\/\",\"name\":\"Consejo de Rectoras y Rectores de las Universidades Chilenas\",\"description\":\"\",\"publisher\":{\"@id\":\"https:\/\/consejoderectores.cl\/en\/#organization\"},\"potentialAction\":[{\"@type\":\"SearchAction\",\"target\":{\"@type\":\"EntryPoint\",\"urlTemplate\":\"https:\/\/consejoderectores.cl\/en\/?s={search_term_string}\"},\"query-input\":{\"@type\":\"PropertyValueSpecification\",\"valueRequired\":true,\"valueName\":\"search_term_string\"}}],\"inLanguage\":\"en-US\"},{\"@type\":\"Organization\",\"@id\":\"https:\/\/consejoderectores.cl\/en\/#organization\",\"name\":\"Consejo de Rectoras y Rectores de las Universidades Chilenas\",\"url\":\"https:\/\/consejoderectores.cl\/en\/\",\"logo\":{\"@type\":\"ImageObject\",\"inLanguage\":\"en-US\",\"@id\":\"https:\/\/consejoderectores.cl\/en\/#\/schema\/logo\/image\/\",\"url\":\"https:\/\/consejoderectores.cl\/wp-content\/uploads\/2025\/12\/logoheader_2025.png\",\"contentUrl\":\"https:\/\/consejoderectores.cl\/wp-content\/uploads\/2025\/12\/logoheader_2025.png\",\"width\":666,\"height\":305,\"caption\":\"Consejo de Rectoras y Rectores de las Universidades Chilenas\"},\"image\":{\"@id\":\"https:\/\/consejoderectores.cl\/en\/#\/schema\/logo\/image\/\"},\"sameAs\":[\"https:\/\/x.com\/CRUCH_cl\",\"https:\/\/www.instagram.com\/consejoderectores\/\",\"https:\/\/www.linkedin.com\/company\/cruch\/\",\"https:\/\/www.youtube.com\/channel\/UCzgIFRCsDlKoFpimiQmEaOA\"]},{\"@type\":\"Person\",\"@id\":\"https:\/\/consejoderectores.cl\/en\/#\/schema\/person\/d863e44afde067fd4b57fac66ced709e\",\"name\":\"Consejo de Rectores de las Universidades Chilenas\",\"image\":{\"@type\":\"ImageObject\",\"inLanguage\":\"en-US\",\"@id\":\"https:\/\/consejoderectores.cl\/en\/#\/schema\/person\/image\/\",\"url\":\"https:\/\/secure.gravatar.com\/avatar\/c31e2a02401f041926afb8ee21ab666f0925814fe85d25a5c8db80e23722dfc1?s=96&d=mm&r=g\",\"contentUrl\":\"https:\/\/secure.gravatar.com\/avatar\/c31e2a02401f041926afb8ee21ab666f0925814fe85d25a5c8db80e23722dfc1?s=96&d=mm&r=g\",\"caption\":\"Consejo de Rectores de las Universidades Chilenas\"},\"sameAs\":[\"https:\/\/www.consejoderectores.cl\"],\"url\":\"https:\/\/consejoderectores.cl\/en\/author\/cruch\/\"}]}<\/script>\n<!-- \/ Yoast SEO plugin. -->","yoast_head_json":{"title":"Consejo de Rectores ratifica nuevas fechas del calendario del Proceso de Admisi\u00f3n 2020 - Consejo de Rectoras y Rectores de las Universidades Chilenas","robots":{"index":"index","follow":"follow","max-snippet":"max-snippet:-1","max-image-preview":"max-image-preview:large","max-video-preview":"max-video-preview:-1"},"canonical":"https:\/\/consejoderectores.cl\/en\/2019\/12\/03\/consejo-de-rectores-ratifica-nuevas-fechas-del-calendario-del-proceso-de-admision-2020\/","og_locale":"en_US","og_type":"article","og_title":"Consejo de Rectores ratifica nuevas fechas del calendario del Proceso de Admisi\u00f3n 2020 - Consejo de Rectoras y Rectores de las Universidades Chilenas","og_description":"Las Pruebas de Selecci\u00f3n Universitaria se rendir\u00e1n los d\u00edas 6 y 7 de enero de 2020 y sus resultados se publicar\u00e1n el martes 28 de enero. A partir de ese d\u00eda y hasta el 31 de enero ser\u00e1 la etapa de postulaciones, mientras que las matr\u00edculas se concretar\u00e1n durante la primera quincena de marzo de [&hellip;]","og_url":"https:\/\/consejoderectores.cl\/en\/2019\/12\/03\/consejo-de-rectores-ratifica-nuevas-fechas-del-calendario-del-proceso-de-admision-2020\/","og_site_name":"Consejo de Rectoras y Rectores de las Universidades Chilenas","article_published_time":"2019-12-03T18:43:26+00:00","article_modified_time":"2021-12-09T18:46:56+00:00","og_image":[{"width":1024,"height":500,"url":"https:\/\/consejoderectores.cl\/wp-content\/uploads\/2021\/10\/declaraciones-publicas.jpg","type":"image\/jpeg"}],"author":"Consejo de Rectores de las Universidades Chilenas","twitter_card":"summary_large_image","twitter_creator":"@CRUCH_cl","twitter_site":"@CRUCH_cl","twitter_misc":{"Written by":"Consejo de Rectores de las Universidades Chilenas","Est. reading time":"2 minutes"},"schema":{"@context":"https:\/\/schema.org","@graph":[{"@type":"Article","@id":"https:\/\/consejoderectores.cl\/2019\/12\/03\/consejo-de-rectores-ratifica-nuevas-fechas-del-calendario-del-proceso-de-admision-2020\/#article","isPartOf":{"@id":"https:\/\/consejoderectores.cl\/2019\/12\/03\/consejo-de-rectores-ratifica-nuevas-fechas-del-calendario-del-proceso-de-admision-2020\/"},"author":{"name":"Consejo de Rectores de las Universidades Chilenas","@id":"https:\/\/consejoderectores.cl\/en\/#\/schema\/person\/d863e44afde067fd4b57fac66ced709e"},"headline":"Consejo de Rectores ratifica nuevas fechas del calendario del Proceso de Admisi\u00f3n 2020","datePublished":"2019-12-03T18:43:26+00:00","dateModified":"2021-12-09T18:46:56+00:00","mainEntityOfPage":{"@id":"https:\/\/consejoderectores.cl\/2019\/12\/03\/consejo-de-rectores-ratifica-nuevas-fechas-del-calendario-del-proceso-de-admision-2020\/"},"wordCount":434,"commentCount":0,"publisher":{"@id":"https:\/\/consejoderectores.cl\/en\/#organization"},"image":{"@id":"https:\/\/consejoderectores.cl\/2019\/12\/03\/consejo-de-rectores-ratifica-nuevas-fechas-del-calendario-del-proceso-de-admision-2020\/#primaryimage"},"thumbnailUrl":"https:\/\/consejoderectores.cl\/wp-content\/uploads\/2021\/10\/declaraciones-publicas.jpg","articleSection":["Noticias"],"inLanguage":"en-US","potentialAction":[{"@type":"CommentAction","name":"Comment","target":["https:\/\/consejoderectores.cl\/2019\/12\/03\/consejo-de-rectores-ratifica-nuevas-fechas-del-calendario-del-proceso-de-admision-2020\/#respond"]}]},{"@type":"WebPage","@id":"https:\/\/consejoderectores.cl\/2019\/12\/03\/consejo-de-rectores-ratifica-nuevas-fechas-del-calendario-del-proceso-de-admision-2020\/","url":"https:\/\/consejoderectores.cl\/2019\/12\/03\/consejo-de-rectores-ratifica-nuevas-fechas-del-calendario-del-proceso-de-admision-2020\/","name":"Consejo de Rectores ratifica nuevas fechas del calendario del Proceso de Admisi\u00f3n 2020 - Consejo de Rectoras y Rectores de las Universidades Chilenas","isPartOf":{"@id":"https:\/\/consejoderectores.cl\/en\/#website"},"primaryImageOfPage":{"@id":"https:\/\/consejoderectores.cl\/2019\/12\/03\/consejo-de-rectores-ratifica-nuevas-fechas-del-calendario-del-proceso-de-admision-2020\/#primaryimage"},"image":{"@id":"https:\/\/consejoderectores.cl\/2019\/12\/03\/consejo-de-rectores-ratifica-nuevas-fechas-del-calendario-del-proceso-de-admision-2020\/#primaryimage"},"thumbnailUrl":"https:\/\/consejoderectores.cl\/wp-content\/uploads\/2021\/10\/declaraciones-publicas.jpg","datePublished":"2019-12-03T18:43:26+00:00","dateModified":"2021-12-09T18:46:56+00:00","breadcrumb":{"@id":"https:\/\/consejoderectores.cl\/2019\/12\/03\/consejo-de-rectores-ratifica-nuevas-fechas-del-calendario-del-proceso-de-admision-2020\/#breadcrumb"},"inLanguage":"en-US","potentialAction":[{"@type":"ReadAction","target":["https:\/\/consejoderectores.cl\/2019\/12\/03\/consejo-de-rectores-ratifica-nuevas-fechas-del-calendario-del-proceso-de-admision-2020\/"]}]},{"@type":"ImageObject","inLanguage":"en-US","@id":"https:\/\/consejoderectores.cl\/2019\/12\/03\/consejo-de-rectores-ratifica-nuevas-fechas-del-calendario-del-proceso-de-admision-2020\/#primaryimage","url":"https:\/\/consejoderectores.cl\/wp-content\/uploads\/2021\/10\/declaraciones-publicas.jpg","contentUrl":"https:\/\/consejoderectores.cl\/wp-content\/uploads\/2021\/10\/declaraciones-publicas.jpg","width":1024,"height":500},{"@type":"BreadcrumbList","@id":"https:\/\/consejoderectores.cl\/2019\/12\/03\/consejo-de-rectores-ratifica-nuevas-fechas-del-calendario-del-proceso-de-admision-2020\/#breadcrumb","itemListElement":[{"@type":"ListItem","position":1,"name":"Home","item":"https:\/\/consejoderectores.cl\/"},{"@type":"ListItem","position":2,"name":"Consejo de Rectores ratifica nuevas fechas del calendario del Proceso de Admisi\u00f3n 2020"}]},{"@type":"WebSite","@id":"https:\/\/consejoderectores.cl\/en\/#website","url":"https:\/\/consejoderectores.cl\/en\/","name":"Council of Rectors of Chilean Universities","description":"","publisher":{"@id":"https:\/\/consejoderectores.cl\/en\/#organization"},"potentialAction":[{"@type":"SearchAction","target":{"@type":"EntryPoint","urlTemplate":"https:\/\/consejoderectores.cl\/en\/?s={search_term_string}"},"query-input":{"@type":"PropertyValueSpecification","valueRequired":true,"valueName":"search_term_string"}}],"inLanguage":"en-US"},{"@type":"Organization","@id":"https:\/\/consejoderectores.cl\/en\/#organization","name":"Council of Rectors of Chilean Universities","url":"https:\/\/consejoderectores.cl\/en\/","logo":{"@type":"ImageObject","inLanguage":"en-US","@id":"https:\/\/consejoderectores.cl\/en\/#\/schema\/logo\/image\/","url":"https:\/\/consejoderectores.cl\/wp-content\/uploads\/2025\/12\/logoheader_2025.png","contentUrl":"https:\/\/consejoderectores.cl\/wp-content\/uploads\/2025\/12\/logoheader_2025.png","width":666,"height":305,"caption":"Consejo de Rectoras y Rectores de las Universidades Chilenas"},"image":{"@id":"https:\/\/consejoderectores.cl\/en\/#\/schema\/logo\/image\/"},"sameAs":["https:\/\/x.com\/CRUCH_cl","https:\/\/www.instagram.com\/consejoderectores\/","https:\/\/www.linkedin.com\/company\/cruch\/","https:\/\/www.youtube.com\/channel\/UCzgIFRCsDlKoFpimiQmEaOA"]},{"@type":"Person","@id":"https:\/\/consejoderectores.cl\/en\/#\/schema\/person\/d863e44afde067fd4b57fac66ced709e","name":"Council of Rectors of Chilean Universities","image":{"@type":"ImageObject","inLanguage":"en-US","@id":"https:\/\/consejoderectores.cl\/en\/#\/schema\/person\/image\/","url":"https:\/\/secure.gravatar.com\/avatar\/c31e2a02401f041926afb8ee21ab666f0925814fe85d25a5c8db80e23722dfc1?s=96&d=mm&r=g","contentUrl":"https:\/\/secure.gravatar.com\/avatar\/c31e2a02401f041926afb8ee21ab666f0925814fe85d25a5c8db80e23722dfc1?s=96&d=mm&r=g","caption":"Consejo de Rectores de las Universidades Chilenas"},"sameAs":["https:\/\/www.consejoderectores.cl"],"url":"https:\/\/consejoderectores.cl\/en\/author\/cruch\/"}]}},"_links":{"self":[{"href":"https:\/\/consejoderectores.cl\/en\/wp-json\/wp\/v2\/posts\/4691","targetHints":{"allow":["GET"]}}],"collection":[{"href":"https:\/\/consejoderectores.cl\/en\/wp-json\/wp\/v2\/posts"}],"about":[{"href":"https:\/\/consejoderectores.cl\/en\/wp-json\/wp\/v2\/types\/post"}],"author":[{"embeddable":true,"href":"https:\/\/consejoderectores.cl\/en\/wp-json\/wp\/v2\/users\/1"}],"replies":[{"embeddable":true,"href":"https:\/\/consejoderectores.cl\/en\/wp-json\/wp\/v2\/comments?post=4691"}],"version-history":[{"count":1,"href":"https:\/\/consejoderectores.cl\/en\/wp-json\/wp\/v2\/posts\/4691\/revisions"}],"predecessor-version":[{"id":4692,"href":"https:\/\/consejoderectores.cl\/en\/wp-json\/wp\/v2\/posts\/4691\/revisions\/4692"}],"wp:featuredmedia":[{"embeddable":true,"href":"https:\/\/consejoderectores.cl\/en\/wp-json\/wp\/v2\/media\/3592"}],"wp:attachment":[{"href":"https:\/\/consejoderectores.cl\/en\/wp-json\/wp\/v2\/media?parent=4691"}],"wp:term":[{"taxonomy":"category","embeddable":true,"href":"https:\/\/consejoderectores.cl\/en\/wp-json\/wp\/v2\/categories?post=4691"},{"taxonomy":"post_tag","embeddable":true,"href":"https:\/\/consejoderectores.cl\/en\/wp-json\/wp\/v2\/tags?post=4691"}],"curies":[{"name":"wp","href":"https:\/\/api.w.org\/{rel}","templated":true}]}}