{"id":4476,"date":"2021-11-24T09:22:31","date_gmt":"2021-11-24T09:22:31","guid":{"rendered":""},"modified":"2021-11-24T09:22:31","modified_gmt":"2021-11-24T09:22:31","slug":"magister-de-diseno-en-tecnologia-e-innovacion-social-619e2e87c6c35","status":"publish","type":"post","link":"https:\/\/consejoderectores.cl\/en\/2021\/11\/24\/magister-de-diseno-en-tecnologia-e-innovacion-social-619e2e87c6c35\/","title":{"rendered":"Master&#039;s degree in design in technology and social innovation"},"content":{"rendered":"<div class=\"postgrado-container\">\n<div class=\"area-wrap d-flex\">\n<div class=\"area\">\n<h6>Area<\/h6>\n<h3 class=\"area-title\">Humanities<\/h3>\n<\/div>\n<div class=\"subdisciplina\">\n<h6>Sub-Discipline<\/h6>\n<h3 class=\"subdisciplina-title\">Other humanities<\/h3>\n<\/div>\n<\/div>\n<div class=\"universidad-wrap d-flex\">\n<div class=\"logo-u\"><img decoding=\"async\" src=\"https:\/\/www.consejoderectores.cl\/wp-content\/uploads\/2021\/01\/duo_umce.jpg\" alt=\"Universidad Tecnol\u00f3gica Metropolitana\" \/><\/div>\n<div class=\"info-u\">\n<h3 class=\"u-title\">Metropolitan Technological University<\/h3>\n<ul>\n<li class=\"u-comuna\">City: Santiago,<\/li>\n<li class=\"u-ciudad\">Commune: Santiago,<\/li>\n<li class=\"u-region\">Region: Metropolitan Region<\/li>\n<\/ul>\n<\/div>\n<\/div>\n<div class=\"descripcion-wrap\">\n<div class=\"objetivos\">\n<h6>goals<\/h6>\n<p>To train specialists with a master&#039;s degree, capable of generating, directing and\/or coordinating interdisciplinary teams oriented towards the development of complex projects of creation, technology and social innovation in the area of Design, applying project methodologies and with a strategic and prospective vision, that contribute to the sustainable development of the country and social equity.<\/p><\/div>\n<div class=\"postulante\">\n<h6>Applicant Profile<\/h6>\n<p>Hold an Academic Degree of Bachelor or Professional Title from a career of at least 8 semesters, in areas of design, architecture, engineering, applied arts careers or related careers, belonging to a higher education institution recognized by the State.<\/p><\/div>\n<div class=\"postulante\">\n<h6>Graduate profile<\/h6>\n<p>Graduates of the Master&#039;s Program in Design, Technology, and Social Innovation at UTEM are capable of generating, leading, and\/or coordinating interdisciplinary teams focused on developing complex projects in design, technology, and social innovation. They apply design methodologies with a strategic and forward-looking vision, contributing to the country&#039;s sustainable development and social equity. Furthermore, they are skilled in developing and communicating their creative proposals for public and private funding opportunities. They demonstrate specialized theoretical and practical knowledge in their discipline, applying it to the development areas of Technology and Sustainability in Design; Language and Communication in Design; and Management and Innovation in Design. Graduates have acquired the necessary competencies to work autonomously and with an interdisciplinary foundation in project strategy and social innovation within government agencies and public services; in the private sector; in civil society organizations; and in their own ventures through individual initiatives.\n<\/p><\/div>\n<div class=\"investigacion\">\n<h6>Lines of investigation<\/h6>\n<p>Research Line 1: Technology and Sustainability in Design.<\/p>\n<p>Research Line 2: Language and Communication in Design.<\/p>\n<p>Research Line 3: Management and Innovation in Design.<\/p><\/div>\n<\/div>\n<div class=\"contacto-wrap d-flex\">\n<div class=\"enlace\">\n<h6>Link<\/h6>\n<p><a href=\"https:\/\/postgrado.utem.cl\/magister-de-diseno\/\" target=\"_blank\" rel=\"noopener\">Go to link<\/a><\/div>\n<div class=\"correo-contacto\">\n<h6>Contact<\/h6>\n<p><a href=\"mailto:magister.diseno@utem.cl\" target=\"_blank\" rel=\"noopener\">magister.diseno@utem.cl<\/a><\/div>\n<\/div>\n<\/div>","protected":false},"excerpt":{"rendered":"<p>\u00c1rea Humanidades Sub-Disciplina Otras Humanidades Universidad Tecnol\u00f3gica Metropolitana Ciudad: Santiago, Comuna: Santiago, Regi\u00f3n: Regi\u00f3n Metropolitana Objetivos Formar especialistas con grado de mag\u00edster, capaces de generar, dirigir y\/o coordinar equipos interdisciplinarios orientados al desarrollo de proyectos complejos de creaci\u00f3n, tecnolog\u00eda e innovaci\u00f3n social en el \u00e1rea del Dise\u00f1o, aplicando metodolog\u00edas proyectuales y con una visi\u00f3n estrat\u00e9gica [&hellip;]<\/p>\n","protected":false},"author":1,"featured_media":3293,"comment_status":"open","ping_status":"open","sticky":false,"template":"","format":"standard","meta":{"_acf_changed":false,"footnotes":""},"categories":[88,168,41],"tags":[175,205],"class_list":["post-4476","post","type-post","status-publish","format-standard","has-post-thumbnail","hentry","category-magister","category-m6e-otras-humanidades","category-postgrado","tag-region-metropolitana-de-santiago","tag-universidad-tecnologica-metropolitana"],"acf":[],"yoast_head":"<!-- This site is optimized with the Yoast SEO plugin v27.1.1 - https:\/\/yoast.com\/product\/yoast-seo-wordpress\/ -->\n<title>Mag\u00edster de dise\u00f1o en tecnolog\u00eda e innovaci\u00f3n social - Consejo de Rectoras y Rectores de las Universidades Chilenas<\/title>\n<meta name=\"robots\" content=\"index, follow, max-snippet:-1, max-image-preview:large, max-video-preview:-1\" \/>\n<link rel=\"canonical\" href=\"https:\/\/consejoderectores.cl\/en\/2021\/11\/24\/magister-de-diseno-en-tecnologia-e-innovacion-social-619e2e87c6c35\/\" \/>\n<meta property=\"og:locale\" content=\"en_US\" \/>\n<meta property=\"og:type\" content=\"article\" \/>\n<meta property=\"og:title\" content=\"Mag\u00edster de dise\u00f1o en tecnolog\u00eda e innovaci\u00f3n social - Consejo de Rectoras y Rectores de las Universidades Chilenas\" \/>\n<meta property=\"og:description\" content=\"\u00c1rea Humanidades Sub-Disciplina Otras Humanidades Universidad Tecnol\u00f3gica Metropolitana Ciudad: Santiago, Comuna: Santiago, Regi\u00f3n: Regi\u00f3n Metropolitana Objetivos Formar especialistas con grado de mag\u00edster, capaces de generar, dirigir y\/o coordinar equipos interdisciplinarios orientados al desarrollo de proyectos complejos de creaci\u00f3n, tecnolog\u00eda e innovaci\u00f3n social en el \u00e1rea del Dise\u00f1o, aplicando metodolog\u00edas proyectuales y con una visi\u00f3n estrat\u00e9gica [&hellip;]\" \/>\n<meta property=\"og:url\" content=\"https:\/\/consejoderectores.cl\/en\/2021\/11\/24\/magister-de-diseno-en-tecnologia-e-innovacion-social-619e2e87c6c35\/\" \/>\n<meta property=\"og:site_name\" content=\"Consejo de Rectoras y Rectores de las Universidades Chilenas\" \/>\n<meta property=\"article:published_time\" content=\"2021-11-24T09:22:31+00:00\" \/>\n<meta property=\"og:image\" content=\"https:\/\/consejoderectores.cl\/wp-content\/uploads\/2021\/09\/huma.jpg\" \/>\n\t<meta property=\"og:image:width\" content=\"1200\" \/>\n\t<meta property=\"og:image:height\" content=\"446\" \/>\n\t<meta property=\"og:image:type\" content=\"image\/jpeg\" \/>\n<meta name=\"author\" content=\"Consejo de Rectores de las Universidades Chilenas\" \/>\n<meta name=\"twitter:card\" content=\"summary_large_image\" \/>\n<meta name=\"twitter:creator\" content=\"@CRUCH_cl\" \/>\n<meta name=\"twitter:site\" content=\"@CRUCH_cl\" \/>\n<meta name=\"twitter:label1\" content=\"Written by\" \/>\n\t<meta name=\"twitter:data1\" content=\"Consejo de Rectores de las Universidades Chilenas\" \/>\n\t<meta name=\"twitter:label2\" content=\"Est. reading time\" \/>\n\t<meta name=\"twitter:data2\" content=\"2 minutes\" \/>\n<script type=\"application\/ld+json\" class=\"yoast-schema-graph\">{\"@context\":\"https:\/\/schema.org\",\"@graph\":[{\"@type\":\"Article\",\"@id\":\"https:\/\/consejoderectores.cl\/2021\/11\/24\/magister-de-diseno-en-tecnologia-e-innovacion-social-619e2e87c6c35\/#article\",\"isPartOf\":{\"@id\":\"https:\/\/consejoderectores.cl\/2021\/11\/24\/magister-de-diseno-en-tecnologia-e-innovacion-social-619e2e87c6c35\/\"},\"author\":{\"name\":\"Consejo de Rectores de las Universidades Chilenas\",\"@id\":\"https:\/\/consejoderectores.cl\/en\/#\/schema\/person\/d863e44afde067fd4b57fac66ced709e\"},\"headline\":\"Mag\u00edster de dise\u00f1o en tecnolog\u00eda e innovaci\u00f3n social\",\"datePublished\":\"2021-11-24T09:22:31+00:00\",\"mainEntityOfPage\":{\"@id\":\"https:\/\/consejoderectores.cl\/2021\/11\/24\/magister-de-diseno-en-tecnologia-e-innovacion-social-619e2e87c6c35\/\"},\"wordCount\":399,\"commentCount\":0,\"publisher\":{\"@id\":\"https:\/\/consejoderectores.cl\/en\/#organization\"},\"image\":{\"@id\":\"https:\/\/consejoderectores.cl\/2021\/11\/24\/magister-de-diseno-en-tecnologia-e-innovacion-social-619e2e87c6c35\/#primaryimage\"},\"thumbnailUrl\":\"https:\/\/consejoderectores.cl\/wp-content\/uploads\/2021\/09\/huma.jpg\",\"keywords\":[\"Regi\u00f3n Metropolitana de Santiago\",\"Universidad Tecnol\u00f3gica Metropolitana\"],\"articleSection\":[\"Mag\u00edster\",\"Otras Humanidades\",\"Postgrado\"],\"inLanguage\":\"en-US\",\"potentialAction\":[{\"@type\":\"CommentAction\",\"name\":\"Comment\",\"target\":[\"https:\/\/consejoderectores.cl\/2021\/11\/24\/magister-de-diseno-en-tecnologia-e-innovacion-social-619e2e87c6c35\/#respond\"]}]},{\"@type\":\"WebPage\",\"@id\":\"https:\/\/consejoderectores.cl\/2021\/11\/24\/magister-de-diseno-en-tecnologia-e-innovacion-social-619e2e87c6c35\/\",\"url\":\"https:\/\/consejoderectores.cl\/2021\/11\/24\/magister-de-diseno-en-tecnologia-e-innovacion-social-619e2e87c6c35\/\",\"name\":\"Mag\u00edster de dise\u00f1o en tecnolog\u00eda e innovaci\u00f3n social - Consejo de Rectoras y Rectores de las Universidades Chilenas\",\"isPartOf\":{\"@id\":\"https:\/\/consejoderectores.cl\/en\/#website\"},\"primaryImageOfPage\":{\"@id\":\"https:\/\/consejoderectores.cl\/2021\/11\/24\/magister-de-diseno-en-tecnologia-e-innovacion-social-619e2e87c6c35\/#primaryimage\"},\"image\":{\"@id\":\"https:\/\/consejoderectores.cl\/2021\/11\/24\/magister-de-diseno-en-tecnologia-e-innovacion-social-619e2e87c6c35\/#primaryimage\"},\"thumbnailUrl\":\"https:\/\/consejoderectores.cl\/wp-content\/uploads\/2021\/09\/huma.jpg\",\"datePublished\":\"2021-11-24T09:22:31+00:00\",\"breadcrumb\":{\"@id\":\"https:\/\/consejoderectores.cl\/2021\/11\/24\/magister-de-diseno-en-tecnologia-e-innovacion-social-619e2e87c6c35\/#breadcrumb\"},\"inLanguage\":\"en-US\",\"potentialAction\":[{\"@type\":\"ReadAction\",\"target\":[\"https:\/\/consejoderectores.cl\/2021\/11\/24\/magister-de-diseno-en-tecnologia-e-innovacion-social-619e2e87c6c35\/\"]}]},{\"@type\":\"ImageObject\",\"inLanguage\":\"en-US\",\"@id\":\"https:\/\/consejoderectores.cl\/2021\/11\/24\/magister-de-diseno-en-tecnologia-e-innovacion-social-619e2e87c6c35\/#primaryimage\",\"url\":\"https:\/\/consejoderectores.cl\/wp-content\/uploads\/2021\/09\/huma.jpg\",\"contentUrl\":\"https:\/\/consejoderectores.cl\/wp-content\/uploads\/2021\/09\/huma.jpg\",\"width\":1200,\"height\":446},{\"@type\":\"BreadcrumbList\",\"@id\":\"https:\/\/consejoderectores.cl\/2021\/11\/24\/magister-de-diseno-en-tecnologia-e-innovacion-social-619e2e87c6c35\/#breadcrumb\",\"itemListElement\":[{\"@type\":\"ListItem\",\"position\":1,\"name\":\"Home\",\"item\":\"https:\/\/consejoderectores.cl\/\"},{\"@type\":\"ListItem\",\"position\":2,\"name\":\"Mag\u00edster de dise\u00f1o en tecnolog\u00eda e innovaci\u00f3n social\"}]},{\"@type\":\"WebSite\",\"@id\":\"https:\/\/consejoderectores.cl\/en\/#website\",\"url\":\"https:\/\/consejoderectores.cl\/en\/\",\"name\":\"Consejo de Rectoras y Rectores de las Universidades Chilenas\",\"description\":\"\",\"publisher\":{\"@id\":\"https:\/\/consejoderectores.cl\/en\/#organization\"},\"potentialAction\":[{\"@type\":\"SearchAction\",\"target\":{\"@type\":\"EntryPoint\",\"urlTemplate\":\"https:\/\/consejoderectores.cl\/en\/?s={search_term_string}\"},\"query-input\":{\"@type\":\"PropertyValueSpecification\",\"valueRequired\":true,\"valueName\":\"search_term_string\"}}],\"inLanguage\":\"en-US\"},{\"@type\":\"Organization\",\"@id\":\"https:\/\/consejoderectores.cl\/en\/#organization\",\"name\":\"Consejo de Rectoras y Rectores de las Universidades Chilenas\",\"url\":\"https:\/\/consejoderectores.cl\/en\/\",\"logo\":{\"@type\":\"ImageObject\",\"inLanguage\":\"en-US\",\"@id\":\"https:\/\/consejoderectores.cl\/en\/#\/schema\/logo\/image\/\",\"url\":\"https:\/\/consejoderectores.cl\/wp-content\/uploads\/2025\/12\/logoheader_2025.png\",\"contentUrl\":\"https:\/\/consejoderectores.cl\/wp-content\/uploads\/2025\/12\/logoheader_2025.png\",\"width\":666,\"height\":305,\"caption\":\"Consejo de Rectoras y Rectores de las Universidades Chilenas\"},\"image\":{\"@id\":\"https:\/\/consejoderectores.cl\/en\/#\/schema\/logo\/image\/\"},\"sameAs\":[\"https:\/\/x.com\/CRUCH_cl\",\"https:\/\/www.instagram.com\/consejoderectores\/\",\"https:\/\/www.linkedin.com\/company\/cruch\/\",\"https:\/\/www.youtube.com\/channel\/UCzgIFRCsDlKoFpimiQmEaOA\"]},{\"@type\":\"Person\",\"@id\":\"https:\/\/consejoderectores.cl\/en\/#\/schema\/person\/d863e44afde067fd4b57fac66ced709e\",\"name\":\"Consejo de Rectores de las Universidades Chilenas\",\"image\":{\"@type\":\"ImageObject\",\"inLanguage\":\"en-US\",\"@id\":\"https:\/\/consejoderectores.cl\/en\/#\/schema\/person\/image\/\",\"url\":\"https:\/\/secure.gravatar.com\/avatar\/c31e2a02401f041926afb8ee21ab666f0925814fe85d25a5c8db80e23722dfc1?s=96&d=mm&r=g\",\"contentUrl\":\"https:\/\/secure.gravatar.com\/avatar\/c31e2a02401f041926afb8ee21ab666f0925814fe85d25a5c8db80e23722dfc1?s=96&d=mm&r=g\",\"caption\":\"Consejo de Rectores de las Universidades Chilenas\"},\"sameAs\":[\"https:\/\/www.consejoderectores.cl\"],\"url\":\"https:\/\/consejoderectores.cl\/en\/author\/cruch\/\"}]}<\/script>\n<!-- \/ Yoast SEO plugin. -->","yoast_head_json":{"title":"Mag\u00edster de dise\u00f1o en tecnolog\u00eda e innovaci\u00f3n social - Consejo de Rectoras y Rectores de las Universidades Chilenas","robots":{"index":"index","follow":"follow","max-snippet":"max-snippet:-1","max-image-preview":"max-image-preview:large","max-video-preview":"max-video-preview:-1"},"canonical":"https:\/\/consejoderectores.cl\/en\/2021\/11\/24\/magister-de-diseno-en-tecnologia-e-innovacion-social-619e2e87c6c35\/","og_locale":"en_US","og_type":"article","og_title":"Mag\u00edster de dise\u00f1o en tecnolog\u00eda e innovaci\u00f3n social - Consejo de Rectoras y Rectores de las Universidades Chilenas","og_description":"\u00c1rea Humanidades Sub-Disciplina Otras Humanidades Universidad Tecnol\u00f3gica Metropolitana Ciudad: Santiago, Comuna: Santiago, Regi\u00f3n: Regi\u00f3n Metropolitana Objetivos Formar especialistas con grado de mag\u00edster, capaces de generar, dirigir y\/o coordinar equipos interdisciplinarios orientados al desarrollo de proyectos complejos de creaci\u00f3n, tecnolog\u00eda e innovaci\u00f3n social en el \u00e1rea del Dise\u00f1o, aplicando metodolog\u00edas proyectuales y con una visi\u00f3n estrat\u00e9gica [&hellip;]","og_url":"https:\/\/consejoderectores.cl\/en\/2021\/11\/24\/magister-de-diseno-en-tecnologia-e-innovacion-social-619e2e87c6c35\/","og_site_name":"Consejo de Rectoras y Rectores de las Universidades Chilenas","article_published_time":"2021-11-24T09:22:31+00:00","og_image":[{"width":1200,"height":446,"url":"https:\/\/consejoderectores.cl\/wp-content\/uploads\/2021\/09\/huma.jpg","type":"image\/jpeg"}],"author":"Consejo de Rectores de las Universidades Chilenas","twitter_card":"summary_large_image","twitter_creator":"@CRUCH_cl","twitter_site":"@CRUCH_cl","twitter_misc":{"Written by":"Consejo de Rectores de las Universidades Chilenas","Est. reading time":"2 minutes"},"schema":{"@context":"https:\/\/schema.org","@graph":[{"@type":"Article","@id":"https:\/\/consejoderectores.cl\/2021\/11\/24\/magister-de-diseno-en-tecnologia-e-innovacion-social-619e2e87c6c35\/#article","isPartOf":{"@id":"https:\/\/consejoderectores.cl\/2021\/11\/24\/magister-de-diseno-en-tecnologia-e-innovacion-social-619e2e87c6c35\/"},"author":{"name":"Consejo de Rectores de las Universidades Chilenas","@id":"https:\/\/consejoderectores.cl\/en\/#\/schema\/person\/d863e44afde067fd4b57fac66ced709e"},"headline":"Mag\u00edster de dise\u00f1o en tecnolog\u00eda e innovaci\u00f3n social","datePublished":"2021-11-24T09:22:31+00:00","mainEntityOfPage":{"@id":"https:\/\/consejoderectores.cl\/2021\/11\/24\/magister-de-diseno-en-tecnologia-e-innovacion-social-619e2e87c6c35\/"},"wordCount":399,"commentCount":0,"publisher":{"@id":"https:\/\/consejoderectores.cl\/en\/#organization"},"image":{"@id":"https:\/\/consejoderectores.cl\/2021\/11\/24\/magister-de-diseno-en-tecnologia-e-innovacion-social-619e2e87c6c35\/#primaryimage"},"thumbnailUrl":"https:\/\/consejoderectores.cl\/wp-content\/uploads\/2021\/09\/huma.jpg","keywords":["Regi\u00f3n Metropolitana de Santiago","Universidad Tecnol\u00f3gica Metropolitana"],"articleSection":["Mag\u00edster","Otras Humanidades","Postgrado"],"inLanguage":"en-US","potentialAction":[{"@type":"CommentAction","name":"Comment","target":["https:\/\/consejoderectores.cl\/2021\/11\/24\/magister-de-diseno-en-tecnologia-e-innovacion-social-619e2e87c6c35\/#respond"]}]},{"@type":"WebPage","@id":"https:\/\/consejoderectores.cl\/2021\/11\/24\/magister-de-diseno-en-tecnologia-e-innovacion-social-619e2e87c6c35\/","url":"https:\/\/consejoderectores.cl\/2021\/11\/24\/magister-de-diseno-en-tecnologia-e-innovacion-social-619e2e87c6c35\/","name":"Mag\u00edster de dise\u00f1o en tecnolog\u00eda e innovaci\u00f3n social - Consejo de Rectoras y Rectores de las Universidades Chilenas","isPartOf":{"@id":"https:\/\/consejoderectores.cl\/en\/#website"},"primaryImageOfPage":{"@id":"https:\/\/consejoderectores.cl\/2021\/11\/24\/magister-de-diseno-en-tecnologia-e-innovacion-social-619e2e87c6c35\/#primaryimage"},"image":{"@id":"https:\/\/consejoderectores.cl\/2021\/11\/24\/magister-de-diseno-en-tecnologia-e-innovacion-social-619e2e87c6c35\/#primaryimage"},"thumbnailUrl":"https:\/\/consejoderectores.cl\/wp-content\/uploads\/2021\/09\/huma.jpg","datePublished":"2021-11-24T09:22:31+00:00","breadcrumb":{"@id":"https:\/\/consejoderectores.cl\/2021\/11\/24\/magister-de-diseno-en-tecnologia-e-innovacion-social-619e2e87c6c35\/#breadcrumb"},"inLanguage":"en-US","potentialAction":[{"@type":"ReadAction","target":["https:\/\/consejoderectores.cl\/2021\/11\/24\/magister-de-diseno-en-tecnologia-e-innovacion-social-619e2e87c6c35\/"]}]},{"@type":"ImageObject","inLanguage":"en-US","@id":"https:\/\/consejoderectores.cl\/2021\/11\/24\/magister-de-diseno-en-tecnologia-e-innovacion-social-619e2e87c6c35\/#primaryimage","url":"https:\/\/consejoderectores.cl\/wp-content\/uploads\/2021\/09\/huma.jpg","contentUrl":"https:\/\/consejoderectores.cl\/wp-content\/uploads\/2021\/09\/huma.jpg","width":1200,"height":446},{"@type":"BreadcrumbList","@id":"https:\/\/consejoderectores.cl\/2021\/11\/24\/magister-de-diseno-en-tecnologia-e-innovacion-social-619e2e87c6c35\/#breadcrumb","itemListElement":[{"@type":"ListItem","position":1,"name":"Home","item":"https:\/\/consejoderectores.cl\/"},{"@type":"ListItem","position":2,"name":"Mag\u00edster de dise\u00f1o en tecnolog\u00eda e innovaci\u00f3n social"}]},{"@type":"WebSite","@id":"https:\/\/consejoderectores.cl\/en\/#website","url":"https:\/\/consejoderectores.cl\/en\/","name":"Council of Rectors of Chilean Universities","description":"","publisher":{"@id":"https:\/\/consejoderectores.cl\/en\/#organization"},"potentialAction":[{"@type":"SearchAction","target":{"@type":"EntryPoint","urlTemplate":"https:\/\/consejoderectores.cl\/en\/?s={search_term_string}"},"query-input":{"@type":"PropertyValueSpecification","valueRequired":true,"valueName":"search_term_string"}}],"inLanguage":"en-US"},{"@type":"Organization","@id":"https:\/\/consejoderectores.cl\/en\/#organization","name":"Council of Rectors of Chilean Universities","url":"https:\/\/consejoderectores.cl\/en\/","logo":{"@type":"ImageObject","inLanguage":"en-US","@id":"https:\/\/consejoderectores.cl\/en\/#\/schema\/logo\/image\/","url":"https:\/\/consejoderectores.cl\/wp-content\/uploads\/2025\/12\/logoheader_2025.png","contentUrl":"https:\/\/consejoderectores.cl\/wp-content\/uploads\/2025\/12\/logoheader_2025.png","width":666,"height":305,"caption":"Consejo de Rectoras y Rectores de las Universidades Chilenas"},"image":{"@id":"https:\/\/consejoderectores.cl\/en\/#\/schema\/logo\/image\/"},"sameAs":["https:\/\/x.com\/CRUCH_cl","https:\/\/www.instagram.com\/consejoderectores\/","https:\/\/www.linkedin.com\/company\/cruch\/","https:\/\/www.youtube.com\/channel\/UCzgIFRCsDlKoFpimiQmEaOA"]},{"@type":"Person","@id":"https:\/\/consejoderectores.cl\/en\/#\/schema\/person\/d863e44afde067fd4b57fac66ced709e","name":"Council of Rectors of Chilean Universities","image":{"@type":"ImageObject","inLanguage":"en-US","@id":"https:\/\/consejoderectores.cl\/en\/#\/schema\/person\/image\/","url":"https:\/\/secure.gravatar.com\/avatar\/c31e2a02401f041926afb8ee21ab666f0925814fe85d25a5c8db80e23722dfc1?s=96&d=mm&r=g","contentUrl":"https:\/\/secure.gravatar.com\/avatar\/c31e2a02401f041926afb8ee21ab666f0925814fe85d25a5c8db80e23722dfc1?s=96&d=mm&r=g","caption":"Consejo de Rectores de las Universidades Chilenas"},"sameAs":["https:\/\/www.consejoderectores.cl"],"url":"https:\/\/consejoderectores.cl\/en\/author\/cruch\/"}]}},"_links":{"self":[{"href":"https:\/\/consejoderectores.cl\/en\/wp-json\/wp\/v2\/posts\/4476","targetHints":{"allow":["GET"]}}],"collection":[{"href":"https:\/\/consejoderectores.cl\/en\/wp-json\/wp\/v2\/posts"}],"about":[{"href":"https:\/\/consejoderectores.cl\/en\/wp-json\/wp\/v2\/types\/post"}],"author":[{"embeddable":true,"href":"https:\/\/consejoderectores.cl\/en\/wp-json\/wp\/v2\/users\/1"}],"replies":[{"embeddable":true,"href":"https:\/\/consejoderectores.cl\/en\/wp-json\/wp\/v2\/comments?post=4476"}],"version-history":[{"count":0,"href":"https:\/\/consejoderectores.cl\/en\/wp-json\/wp\/v2\/posts\/4476\/revisions"}],"wp:featuredmedia":[{"embeddable":true,"href":"https:\/\/consejoderectores.cl\/en\/wp-json\/wp\/v2\/media\/3293"}],"wp:attachment":[{"href":"https:\/\/consejoderectores.cl\/en\/wp-json\/wp\/v2\/media?parent=4476"}],"wp:term":[{"taxonomy":"category","embeddable":true,"href":"https:\/\/consejoderectores.cl\/en\/wp-json\/wp\/v2\/categories?post=4476"},{"taxonomy":"post_tag","embeddable":true,"href":"https:\/\/consejoderectores.cl\/en\/wp-json\/wp\/v2\/tags?post=4476"}],"curies":[{"name":"wp","href":"https:\/\/api.w.org\/{rel}","templated":true}]}}