{"id":4279,"date":"2021-11-24T09:22:31","date_gmt":"2021-11-24T09:22:31","guid":{"rendered":""},"modified":"2021-11-24T09:22:31","modified_gmt":"2021-11-24T09:22:31","slug":"magister-en-ciencias-con-mencion-en-fisica-619e2e87c0246","status":"publish","type":"post","link":"https:\/\/consejoderectores.cl\/en\/2021\/11\/24\/magister-en-ciencias-con-mencion-en-fisica-619e2e87c0246\/","title":{"rendered":"Master of Science with a specialization in Physics"},"content":{"rendered":"<div class=\"postgrado-container\">\n<div class=\"area-wrap d-flex\">\n<div class=\"area\">\n<h6>Area<\/h6>\n<h3 class=\"area-title\">natural Sciences<\/h3>\n<\/div>\n<div class=\"subdisciplina\">\n<h6>Sub-Discipline<\/h6>\n<h3 class=\"subdisciplina-title\">Physical sciences<\/h3>\n<\/div>\n<\/div>\n<div class=\"universidad-wrap d-flex\">\n<div class=\"logo-u\"><img decoding=\"async\" src=\"https:\/\/www.consejoderectores.cl\/wp-content\/uploads\/2021\/01\/duo_chile.jpg\" alt=\"Universidad de Chile\" \/><\/div>\n<div class=\"info-u\">\n<h3 class=\"u-title\">University of Chile<\/h3>\n<ul>\n<li class=\"u-comuna\">City: Santiago,<\/li>\n<li class=\"u-ciudad\">Municipality: Santiago<br \/>\n\u00d1u\u00f1oa,<\/li>\n<li class=\"u-region\">Region: Metropolitan Region<\/li>\n<\/ul>\n<\/div>\n<\/div>\n<div class=\"descripcion-wrap\">\n<div class=\"objetivos\">\n<h6>goals<\/h6>\n<p>Its purpose is to train graduates capable of carrying out original research at the highest level compatible with a Master&#039;s or Doctoral degree, whose results constitute a substantial contribution to Physics and its applications<\/p>\n<p>This program is jointly developed by the Faculties of Science and Physical and Mathematical Sciences.<\/p><\/div>\n<div class=\"postulante\">\n<h6>Applicant Profile<\/h6>\n<p>Those who meet the following requirements may apply to the program:<br \/>\nThose holding a Bachelor of Science degree with a specialization in Physics are eligible. Additionally, individuals holding an academic degree or professional title whose level, content, and duration of studies correspond to equivalent training, as determined by the Academic Committee, may apply.<br \/>\nThe Academic Committee may establish, for certain candidates, leveling activities and deadlines for their completion, as a prerequisite for their admission to the program.<br \/>\nAll applicants must have an adequate knowledge of the English language, enabling them to read technical and scientific literature.<\/p><\/div>\n<div class=\"postulante\">\n<h6>Graduate profile<\/h6>\n<p>Graduates will have a solid conceptual grasp of general physics as well as in-depth, up-to-date knowledge of their area of specialization, based on research work. They will have developed the skills to clearly and precisely present the knowledge acquired and the results of their research, both verbally and in writing. They will be able to work independently and in groups. Graduates of the Master&#039;s program will have had cutting-edge research experience. They will be able to understand recent developments in their area of specialization.<\/p><\/div>\n<div class=\"investigacion\">\n<h6>Lines of investigation<\/h6>\n<p>1.- Nuclear Physics<br \/>\n2. Magnetism<br \/>\n3. Nonlinear Physics and Complex Systems<br \/>\n4. Computational Physics<br \/>\n5.- Surface Physics<br \/>\n6.- Condensed Matter Physics<br \/>\n7. Gravitation and Cosmology<br \/>\n8. Plasma Astrophysics and Space Sciences<br \/>\n9.- Optics<br \/>\n10.- Fluids<br \/>\n11. Matter out of equilibrium<br \/>\n12.- Theoretical Physical Chemistry<br \/>\n13. Nanoscience<br \/>\n14.- Acoustics and mechanical properties of materials<br \/>\n15.- Biophysics<br \/>\n16.- Granular materials<br \/>\n17.- Condensed Matter Theory<br \/>\n18.- Crystallography<\/p><\/div>\n<\/div>\n<div class=\"contacto-wrap d-flex\">\n<div class=\"enlace\">\n<h6>Link<\/h6>\n<p><a href=\"https:\/\/www.uchile.cl\/postgrados\/112854\/ciencias-con-mencion-en-fisicahttp:\/\/www.dfi.uchile.cl\/docencia\/magister-doctorado\/\" target=\"_blank\" rel=\"noopener\">Go to link<\/a><\/div>\n<div class=\"correo-contacto\">\n<h6>Contact<\/h6>\n<p><a href=\"mailto:epocas@uchile.clclurruti@uchile.cl\" target=\"_blank\" rel=\"noopener\">epocas@uchile.cl<br \/>\nclurruti@uchile.cl<\/a><\/div>\n<\/div>\n<\/div>","protected":false},"excerpt":{"rendered":"<p>\u00c1rea Ciencias Naturales Sub-Disciplina Ciencias F\u00edsicas Universidad de Chile Ciudad: Santiago, Comuna: Santiago \u00d1u\u00f1oa, Regi\u00f3n: Regi\u00f3n Metropolitana Objetivos Tiene como finalidad la formaci\u00f3n de graduados aptos para realizar investigaciones originales al m\u00e1s alto nivel compatible con el Grado de Mag\u00cdster o de Doctor, cuyos resultados constituyan un aporte sustancial a la F\u00edsica y sus aplicaciones [&hellip;]<\/p>\n","protected":false},"author":1,"featured_media":3290,"comment_status":"open","ping_status":"open","sticky":false,"template":"","format":"standard","meta":{"_acf_changed":false,"footnotes":""},"categories":[91,88,41,1],"tags":[175,185],"class_list":["post-4279","post","type-post","status-publish","format-standard","has-post-thumbnail","hentry","category-m1c-ciencias-fisicas","category-magister","category-postgrado","category-sin-categoria","tag-region-metropolitana-de-santiago","tag-universidad-de-chile"],"acf":[],"yoast_head":"<!-- This site is optimized with the Yoast SEO plugin v27.1.1 - https:\/\/yoast.com\/product\/yoast-seo-wordpress\/ -->\n<title>Mag\u00edster en ciencias con menci\u00f3n en f\u00edsica - Consejo de Rectoras y Rectores de las Universidades Chilenas<\/title>\n<meta name=\"robots\" content=\"index, follow, max-snippet:-1, max-image-preview:large, max-video-preview:-1\" \/>\n<link rel=\"canonical\" href=\"http:\/\/consejoderectores.cl\/en\/2021\/11\/24\/magister-en-ciencias-con-mencion-en-fisica-619e2e87c0246\/\" \/>\n<meta property=\"og:locale\" content=\"en_US\" \/>\n<meta property=\"og:type\" content=\"article\" \/>\n<meta property=\"og:title\" content=\"Mag\u00edster en ciencias con menci\u00f3n en f\u00edsica - Consejo de Rectoras y Rectores de las Universidades Chilenas\" \/>\n<meta property=\"og:description\" content=\"\u00c1rea Ciencias Naturales Sub-Disciplina Ciencias F\u00edsicas Universidad de Chile Ciudad: Santiago, Comuna: Santiago \u00d1u\u00f1oa, Regi\u00f3n: Regi\u00f3n Metropolitana Objetivos Tiene como finalidad la formaci\u00f3n de graduados aptos para realizar investigaciones originales al m\u00e1s alto nivel compatible con el Grado de Mag\u00cdster o de Doctor, cuyos resultados constituyan un aporte sustancial a la F\u00edsica y sus aplicaciones [&hellip;]\" \/>\n<meta property=\"og:url\" content=\"http:\/\/consejoderectores.cl\/en\/2021\/11\/24\/magister-en-ciencias-con-mencion-en-fisica-619e2e87c0246\/\" \/>\n<meta property=\"og:site_name\" content=\"Consejo de Rectoras y Rectores de las Universidades Chilenas\" \/>\n<meta property=\"article:published_time\" content=\"2021-11-24T09:22:31+00:00\" \/>\n<meta property=\"og:image\" content=\"https:\/\/consejoderectores.cl\/wp-content\/uploads\/2021\/09\/Ciencias_Naturales-min-1.jpg\" \/>\n\t<meta property=\"og:image:width\" content=\"1000\" \/>\n\t<meta property=\"og:image:height\" content=\"663\" \/>\n\t<meta property=\"og:image:type\" content=\"image\/jpeg\" \/>\n<meta name=\"author\" content=\"Consejo de Rectores de las Universidades Chilenas\" \/>\n<meta name=\"twitter:card\" content=\"summary_large_image\" \/>\n<meta name=\"twitter:creator\" content=\"@CRUCH_cl\" \/>\n<meta name=\"twitter:site\" content=\"@CRUCH_cl\" \/>\n<meta name=\"twitter:label1\" content=\"Written by\" \/>\n\t<meta name=\"twitter:data1\" content=\"Consejo de Rectores de las Universidades Chilenas\" \/>\n\t<meta name=\"twitter:label2\" content=\"Est. reading time\" \/>\n\t<meta name=\"twitter:data2\" content=\"2 minutes\" \/>\n<script type=\"application\/ld+json\" class=\"yoast-schema-graph\">{\"@context\":\"https:\/\/schema.org\",\"@graph\":[{\"@type\":\"Article\",\"@id\":\"http:\/\/consejoderectores.cl\/en\/2021\/11\/24\/magister-en-ciencias-con-mencion-en-fisica-619e2e87c0246\/#article\",\"isPartOf\":{\"@id\":\"http:\/\/consejoderectores.cl\/en\/2021\/11\/24\/magister-en-ciencias-con-mencion-en-fisica-619e2e87c0246\/\"},\"author\":{\"name\":\"Consejo de Rectores de las Universidades Chilenas\",\"@id\":\"https:\/\/consejoderectores.cl\/en\/#\/schema\/person\/d863e44afde067fd4b57fac66ced709e\"},\"headline\":\"Mag\u00edster en ciencias con menci\u00f3n en f\u00edsica\",\"datePublished\":\"2021-11-24T09:22:31+00:00\",\"mainEntityOfPage\":{\"@id\":\"http:\/\/consejoderectores.cl\/en\/2021\/11\/24\/magister-en-ciencias-con-mencion-en-fisica-619e2e87c0246\/\"},\"wordCount\":416,\"commentCount\":0,\"publisher\":{\"@id\":\"https:\/\/consejoderectores.cl\/en\/#organization\"},\"image\":{\"@id\":\"http:\/\/consejoderectores.cl\/en\/2021\/11\/24\/magister-en-ciencias-con-mencion-en-fisica-619e2e87c0246\/#primaryimage\"},\"thumbnailUrl\":\"https:\/\/consejoderectores.cl\/wp-content\/uploads\/2021\/09\/Ciencias_Naturales-min-1.jpg\",\"keywords\":[\"Regi\u00f3n Metropolitana de Santiago\",\"Universidad de Chile\"],\"articleSection\":[\"Ciencias F\u00edsicas\",\"Mag\u00edster\",\"Postgrado\",\"Sin categor\u00eda\"],\"inLanguage\":\"en-US\",\"potentialAction\":[{\"@type\":\"CommentAction\",\"name\":\"Comment\",\"target\":[\"http:\/\/consejoderectores.cl\/en\/2021\/11\/24\/magister-en-ciencias-con-mencion-en-fisica-619e2e87c0246\/#respond\"]}]},{\"@type\":\"WebPage\",\"@id\":\"http:\/\/consejoderectores.cl\/en\/2021\/11\/24\/magister-en-ciencias-con-mencion-en-fisica-619e2e87c0246\/\",\"url\":\"http:\/\/consejoderectores.cl\/en\/2021\/11\/24\/magister-en-ciencias-con-mencion-en-fisica-619e2e87c0246\/\",\"name\":\"Mag\u00edster en ciencias con menci\u00f3n en f\u00edsica - Consejo de Rectoras y Rectores de las Universidades Chilenas\",\"isPartOf\":{\"@id\":\"https:\/\/consejoderectores.cl\/en\/#website\"},\"primaryImageOfPage\":{\"@id\":\"http:\/\/consejoderectores.cl\/en\/2021\/11\/24\/magister-en-ciencias-con-mencion-en-fisica-619e2e87c0246\/#primaryimage\"},\"image\":{\"@id\":\"http:\/\/consejoderectores.cl\/en\/2021\/11\/24\/magister-en-ciencias-con-mencion-en-fisica-619e2e87c0246\/#primaryimage\"},\"thumbnailUrl\":\"https:\/\/consejoderectores.cl\/wp-content\/uploads\/2021\/09\/Ciencias_Naturales-min-1.jpg\",\"datePublished\":\"2021-11-24T09:22:31+00:00\",\"breadcrumb\":{\"@id\":\"http:\/\/consejoderectores.cl\/en\/2021\/11\/24\/magister-en-ciencias-con-mencion-en-fisica-619e2e87c0246\/#breadcrumb\"},\"inLanguage\":\"en-US\",\"potentialAction\":[{\"@type\":\"ReadAction\",\"target\":[\"http:\/\/consejoderectores.cl\/en\/2021\/11\/24\/magister-en-ciencias-con-mencion-en-fisica-619e2e87c0246\/\"]}]},{\"@type\":\"ImageObject\",\"inLanguage\":\"en-US\",\"@id\":\"http:\/\/consejoderectores.cl\/en\/2021\/11\/24\/magister-en-ciencias-con-mencion-en-fisica-619e2e87c0246\/#primaryimage\",\"url\":\"https:\/\/consejoderectores.cl\/wp-content\/uploads\/2021\/09\/Ciencias_Naturales-min-1.jpg\",\"contentUrl\":\"https:\/\/consejoderectores.cl\/wp-content\/uploads\/2021\/09\/Ciencias_Naturales-min-1.jpg\",\"width\":1000,\"height\":663},{\"@type\":\"BreadcrumbList\",\"@id\":\"http:\/\/consejoderectores.cl\/en\/2021\/11\/24\/magister-en-ciencias-con-mencion-en-fisica-619e2e87c0246\/#breadcrumb\",\"itemListElement\":[{\"@type\":\"ListItem\",\"position\":1,\"name\":\"Home\",\"item\":\"https:\/\/consejoderectores.cl\/\"},{\"@type\":\"ListItem\",\"position\":2,\"name\":\"Mag\u00edster en ciencias con menci\u00f3n en f\u00edsica\"}]},{\"@type\":\"WebSite\",\"@id\":\"https:\/\/consejoderectores.cl\/en\/#website\",\"url\":\"https:\/\/consejoderectores.cl\/en\/\",\"name\":\"Consejo de Rectoras y Rectores de las Universidades Chilenas\",\"description\":\"\",\"publisher\":{\"@id\":\"https:\/\/consejoderectores.cl\/en\/#organization\"},\"potentialAction\":[{\"@type\":\"SearchAction\",\"target\":{\"@type\":\"EntryPoint\",\"urlTemplate\":\"https:\/\/consejoderectores.cl\/en\/?s={search_term_string}\"},\"query-input\":{\"@type\":\"PropertyValueSpecification\",\"valueRequired\":true,\"valueName\":\"search_term_string\"}}],\"inLanguage\":\"en-US\"},{\"@type\":\"Organization\",\"@id\":\"https:\/\/consejoderectores.cl\/en\/#organization\",\"name\":\"Consejo de Rectoras y Rectores de las Universidades Chilenas\",\"url\":\"https:\/\/consejoderectores.cl\/en\/\",\"logo\":{\"@type\":\"ImageObject\",\"inLanguage\":\"en-US\",\"@id\":\"https:\/\/consejoderectores.cl\/en\/#\/schema\/logo\/image\/\",\"url\":\"https:\/\/consejoderectores.cl\/wp-content\/uploads\/2025\/12\/logoheader_2025.png\",\"contentUrl\":\"https:\/\/consejoderectores.cl\/wp-content\/uploads\/2025\/12\/logoheader_2025.png\",\"width\":666,\"height\":305,\"caption\":\"Consejo de Rectoras y Rectores de las Universidades Chilenas\"},\"image\":{\"@id\":\"https:\/\/consejoderectores.cl\/en\/#\/schema\/logo\/image\/\"},\"sameAs\":[\"https:\/\/x.com\/CRUCH_cl\",\"https:\/\/www.instagram.com\/consejoderectores\/\",\"https:\/\/www.linkedin.com\/company\/cruch\/\",\"https:\/\/www.youtube.com\/channel\/UCzgIFRCsDlKoFpimiQmEaOA\"]},{\"@type\":\"Person\",\"@id\":\"https:\/\/consejoderectores.cl\/en\/#\/schema\/person\/d863e44afde067fd4b57fac66ced709e\",\"name\":\"Consejo de Rectores de las Universidades Chilenas\",\"image\":{\"@type\":\"ImageObject\",\"inLanguage\":\"en-US\",\"@id\":\"https:\/\/consejoderectores.cl\/en\/#\/schema\/person\/image\/\",\"url\":\"https:\/\/secure.gravatar.com\/avatar\/c31e2a02401f041926afb8ee21ab666f0925814fe85d25a5c8db80e23722dfc1?s=96&d=mm&r=g\",\"contentUrl\":\"https:\/\/secure.gravatar.com\/avatar\/c31e2a02401f041926afb8ee21ab666f0925814fe85d25a5c8db80e23722dfc1?s=96&d=mm&r=g\",\"caption\":\"Consejo de Rectores de las Universidades Chilenas\"},\"sameAs\":[\"https:\/\/www.consejoderectores.cl\"],\"url\":\"https:\/\/consejoderectores.cl\/en\/author\/cruch\/\"}]}<\/script>\n<!-- \/ Yoast SEO plugin. -->","yoast_head_json":{"title":"Mag\u00edster en ciencias con menci\u00f3n en f\u00edsica - Consejo de Rectoras y Rectores de las Universidades Chilenas","robots":{"index":"index","follow":"follow","max-snippet":"max-snippet:-1","max-image-preview":"max-image-preview:large","max-video-preview":"max-video-preview:-1"},"canonical":"http:\/\/consejoderectores.cl\/en\/2021\/11\/24\/magister-en-ciencias-con-mencion-en-fisica-619e2e87c0246\/","og_locale":"en_US","og_type":"article","og_title":"Mag\u00edster en ciencias con menci\u00f3n en f\u00edsica - Consejo de Rectoras y Rectores de las Universidades Chilenas","og_description":"\u00c1rea Ciencias Naturales Sub-Disciplina Ciencias F\u00edsicas Universidad de Chile Ciudad: Santiago, Comuna: Santiago \u00d1u\u00f1oa, Regi\u00f3n: Regi\u00f3n Metropolitana Objetivos Tiene como finalidad la formaci\u00f3n de graduados aptos para realizar investigaciones originales al m\u00e1s alto nivel compatible con el Grado de Mag\u00cdster o de Doctor, cuyos resultados constituyan un aporte sustancial a la F\u00edsica y sus aplicaciones [&hellip;]","og_url":"http:\/\/consejoderectores.cl\/en\/2021\/11\/24\/magister-en-ciencias-con-mencion-en-fisica-619e2e87c0246\/","og_site_name":"Consejo de Rectoras y Rectores de las Universidades Chilenas","article_published_time":"2021-11-24T09:22:31+00:00","og_image":[{"width":1000,"height":663,"url":"https:\/\/consejoderectores.cl\/wp-content\/uploads\/2021\/09\/Ciencias_Naturales-min-1.jpg","type":"image\/jpeg"}],"author":"Consejo de Rectores de las Universidades Chilenas","twitter_card":"summary_large_image","twitter_creator":"@CRUCH_cl","twitter_site":"@CRUCH_cl","twitter_misc":{"Written by":"Consejo de Rectores de las Universidades Chilenas","Est. reading time":"2 minutes"},"schema":{"@context":"https:\/\/schema.org","@graph":[{"@type":"Article","@id":"http:\/\/consejoderectores.cl\/en\/2021\/11\/24\/magister-en-ciencias-con-mencion-en-fisica-619e2e87c0246\/#article","isPartOf":{"@id":"http:\/\/consejoderectores.cl\/en\/2021\/11\/24\/magister-en-ciencias-con-mencion-en-fisica-619e2e87c0246\/"},"author":{"name":"Consejo de Rectores de las Universidades Chilenas","@id":"https:\/\/consejoderectores.cl\/en\/#\/schema\/person\/d863e44afde067fd4b57fac66ced709e"},"headline":"Mag\u00edster en ciencias con menci\u00f3n en f\u00edsica","datePublished":"2021-11-24T09:22:31+00:00","mainEntityOfPage":{"@id":"http:\/\/consejoderectores.cl\/en\/2021\/11\/24\/magister-en-ciencias-con-mencion-en-fisica-619e2e87c0246\/"},"wordCount":416,"commentCount":0,"publisher":{"@id":"https:\/\/consejoderectores.cl\/en\/#organization"},"image":{"@id":"http:\/\/consejoderectores.cl\/en\/2021\/11\/24\/magister-en-ciencias-con-mencion-en-fisica-619e2e87c0246\/#primaryimage"},"thumbnailUrl":"https:\/\/consejoderectores.cl\/wp-content\/uploads\/2021\/09\/Ciencias_Naturales-min-1.jpg","keywords":["Regi\u00f3n Metropolitana de Santiago","Universidad de Chile"],"articleSection":["Ciencias F\u00edsicas","Mag\u00edster","Postgrado","Sin categor\u00eda"],"inLanguage":"en-US","potentialAction":[{"@type":"CommentAction","name":"Comment","target":["http:\/\/consejoderectores.cl\/en\/2021\/11\/24\/magister-en-ciencias-con-mencion-en-fisica-619e2e87c0246\/#respond"]}]},{"@type":"WebPage","@id":"http:\/\/consejoderectores.cl\/en\/2021\/11\/24\/magister-en-ciencias-con-mencion-en-fisica-619e2e87c0246\/","url":"http:\/\/consejoderectores.cl\/en\/2021\/11\/24\/magister-en-ciencias-con-mencion-en-fisica-619e2e87c0246\/","name":"Mag\u00edster en ciencias con menci\u00f3n en f\u00edsica - Consejo de Rectoras y Rectores de las Universidades Chilenas","isPartOf":{"@id":"https:\/\/consejoderectores.cl\/en\/#website"},"primaryImageOfPage":{"@id":"http:\/\/consejoderectores.cl\/en\/2021\/11\/24\/magister-en-ciencias-con-mencion-en-fisica-619e2e87c0246\/#primaryimage"},"image":{"@id":"http:\/\/consejoderectores.cl\/en\/2021\/11\/24\/magister-en-ciencias-con-mencion-en-fisica-619e2e87c0246\/#primaryimage"},"thumbnailUrl":"https:\/\/consejoderectores.cl\/wp-content\/uploads\/2021\/09\/Ciencias_Naturales-min-1.jpg","datePublished":"2021-11-24T09:22:31+00:00","breadcrumb":{"@id":"http:\/\/consejoderectores.cl\/en\/2021\/11\/24\/magister-en-ciencias-con-mencion-en-fisica-619e2e87c0246\/#breadcrumb"},"inLanguage":"en-US","potentialAction":[{"@type":"ReadAction","target":["http:\/\/consejoderectores.cl\/en\/2021\/11\/24\/magister-en-ciencias-con-mencion-en-fisica-619e2e87c0246\/"]}]},{"@type":"ImageObject","inLanguage":"en-US","@id":"http:\/\/consejoderectores.cl\/en\/2021\/11\/24\/magister-en-ciencias-con-mencion-en-fisica-619e2e87c0246\/#primaryimage","url":"https:\/\/consejoderectores.cl\/wp-content\/uploads\/2021\/09\/Ciencias_Naturales-min-1.jpg","contentUrl":"https:\/\/consejoderectores.cl\/wp-content\/uploads\/2021\/09\/Ciencias_Naturales-min-1.jpg","width":1000,"height":663},{"@type":"BreadcrumbList","@id":"http:\/\/consejoderectores.cl\/en\/2021\/11\/24\/magister-en-ciencias-con-mencion-en-fisica-619e2e87c0246\/#breadcrumb","itemListElement":[{"@type":"ListItem","position":1,"name":"Home","item":"https:\/\/consejoderectores.cl\/"},{"@type":"ListItem","position":2,"name":"Mag\u00edster en ciencias con menci\u00f3n en f\u00edsica"}]},{"@type":"WebSite","@id":"https:\/\/consejoderectores.cl\/en\/#website","url":"https:\/\/consejoderectores.cl\/en\/","name":"Council of Rectors of Chilean Universities","description":"","publisher":{"@id":"https:\/\/consejoderectores.cl\/en\/#organization"},"potentialAction":[{"@type":"SearchAction","target":{"@type":"EntryPoint","urlTemplate":"https:\/\/consejoderectores.cl\/en\/?s={search_term_string}"},"query-input":{"@type":"PropertyValueSpecification","valueRequired":true,"valueName":"search_term_string"}}],"inLanguage":"en-US"},{"@type":"Organization","@id":"https:\/\/consejoderectores.cl\/en\/#organization","name":"Council of Rectors of Chilean Universities","url":"https:\/\/consejoderectores.cl\/en\/","logo":{"@type":"ImageObject","inLanguage":"en-US","@id":"https:\/\/consejoderectores.cl\/en\/#\/schema\/logo\/image\/","url":"https:\/\/consejoderectores.cl\/wp-content\/uploads\/2025\/12\/logoheader_2025.png","contentUrl":"https:\/\/consejoderectores.cl\/wp-content\/uploads\/2025\/12\/logoheader_2025.png","width":666,"height":305,"caption":"Consejo de Rectoras y Rectores de las Universidades Chilenas"},"image":{"@id":"https:\/\/consejoderectores.cl\/en\/#\/schema\/logo\/image\/"},"sameAs":["https:\/\/x.com\/CRUCH_cl","https:\/\/www.instagram.com\/consejoderectores\/","https:\/\/www.linkedin.com\/company\/cruch\/","https:\/\/www.youtube.com\/channel\/UCzgIFRCsDlKoFpimiQmEaOA"]},{"@type":"Person","@id":"https:\/\/consejoderectores.cl\/en\/#\/schema\/person\/d863e44afde067fd4b57fac66ced709e","name":"Council of Rectors of Chilean Universities","image":{"@type":"ImageObject","inLanguage":"en-US","@id":"https:\/\/consejoderectores.cl\/en\/#\/schema\/person\/image\/","url":"https:\/\/secure.gravatar.com\/avatar\/c31e2a02401f041926afb8ee21ab666f0925814fe85d25a5c8db80e23722dfc1?s=96&d=mm&r=g","contentUrl":"https:\/\/secure.gravatar.com\/avatar\/c31e2a02401f041926afb8ee21ab666f0925814fe85d25a5c8db80e23722dfc1?s=96&d=mm&r=g","caption":"Consejo de Rectores de las Universidades Chilenas"},"sameAs":["https:\/\/www.consejoderectores.cl"],"url":"https:\/\/consejoderectores.cl\/en\/author\/cruch\/"}]}},"_links":{"self":[{"href":"https:\/\/consejoderectores.cl\/en\/wp-json\/wp\/v2\/posts\/4279","targetHints":{"allow":["GET"]}}],"collection":[{"href":"https:\/\/consejoderectores.cl\/en\/wp-json\/wp\/v2\/posts"}],"about":[{"href":"https:\/\/consejoderectores.cl\/en\/wp-json\/wp\/v2\/types\/post"}],"author":[{"embeddable":true,"href":"https:\/\/consejoderectores.cl\/en\/wp-json\/wp\/v2\/users\/1"}],"replies":[{"embeddable":true,"href":"https:\/\/consejoderectores.cl\/en\/wp-json\/wp\/v2\/comments?post=4279"}],"version-history":[{"count":0,"href":"https:\/\/consejoderectores.cl\/en\/wp-json\/wp\/v2\/posts\/4279\/revisions"}],"wp:featuredmedia":[{"embeddable":true,"href":"https:\/\/consejoderectores.cl\/en\/wp-json\/wp\/v2\/media\/3290"}],"wp:attachment":[{"href":"https:\/\/consejoderectores.cl\/en\/wp-json\/wp\/v2\/media?parent=4279"}],"wp:term":[{"taxonomy":"category","embeddable":true,"href":"https:\/\/consejoderectores.cl\/en\/wp-json\/wp\/v2\/categories?post=4279"},{"taxonomy":"post_tag","embeddable":true,"href":"https:\/\/consejoderectores.cl\/en\/wp-json\/wp\/v2\/tags?post=4279"}],"curies":[{"name":"wp","href":"https:\/\/api.w.org\/{rel}","templated":true}]}}