{"id":4266,"date":"2021-11-24T09:22:31","date_gmt":"2021-11-24T09:22:31","guid":{"rendered":""},"modified":"2021-11-24T09:22:31","modified_gmt":"2021-11-24T09:22:31","slug":"magister-en-politicas-publicas-619e2e87bfb6b","status":"publish","type":"post","link":"https:\/\/consejoderectores.cl\/en\/2021\/11\/24\/magister-en-politicas-publicas-619e2e87bfb6b\/","title":{"rendered":"Master&#039;s degree in public policy"},"content":{"rendered":"<div class=\"postgrado-container\">\n<div class=\"area-wrap d-flex\">\n<div class=\"area\">\n<h6>Area<\/h6>\n<h3 class=\"area-title\">social Sciences<\/h3>\n<\/div>\n<div class=\"subdisciplina\">\n<h6>Sub-Discipline<\/h6>\n<h3 class=\"subdisciplina-title\">Economy and business<\/h3>\n<\/div>\n<\/div>\n<div class=\"universidad-wrap d-flex\">\n<div class=\"logo-u\"><img decoding=\"async\" src=\"https:\/\/www.consejoderectores.cl\/wp-content\/uploads\/2021\/01\/duo_chile.jpg\" alt=\"Universidad de Chile\" \/><\/div>\n<div class=\"info-u\">\n<h3 class=\"u-title\">University of Chile<\/h3>\n<ul>\n<li class=\"u-comuna\">City: Santiago,<\/li>\n<li class=\"u-ciudad\">Commune: Santiago,<\/li>\n<li class=\"u-region\">Region: Metropolitan Region<\/li>\n<\/ul>\n<\/div>\n<\/div>\n<div class=\"descripcion-wrap\">\n<div class=\"objetivos\">\n<h6>goals<\/h6>\n<p>The goal of the Master&#039;s in Public Policy is to train professionals capable of designing public policies and successfully leading their implementation. Specifically, the program aims to equip students with the tools they need to accelerate growth and improve the quality of life in developing countries.<\/p><\/div>\n<div class=\"postulante\">\n<h6>Applicant Profile<\/h6>\n<p>Those who meet the following requirements may apply to the program leading to the Master&#039;s degree in Public Policy:<br \/>\n1.- To hold a Bachelor&#039;s degree or professional title whose level, content and duration of studies correspond to training equivalent to that of a Bachelor&#039;s degree at the University of Chile, as determined by the Academic Committee<br \/>\n2. Demonstrate prior training relevant to the aims and requirements of the Master&#039;s Program in Public Policy. The Academic Committee may require that, in addition to reviewing the applicant&#039;s background, their knowledge and skills in the Program&#039;s disciplines be evaluated. This evaluation may consist of an examination or other mechanisms that objectively assess their level of preparation.<\/p><\/div>\n<div class=\"postulante\">\n<h6>Graduate profile<\/h6>\n<p>A graduate of the Master&#039;s in Public Policy should be able to quickly become familiar with a variety of public policy issues, both in Chile and in other countries, and be capable of conducting economic, statistical, and institutional analyses that provide useful information for decision-making at the highest level. Furthermore, graduates should be able to express themselves clearly and effectively, both orally and in writing, to promote and lead changes in the field of public policy.<\/p><\/div>\n<div class=\"investigacion\">\n<h6>Lines of investigation<\/h6>\n<p>1. Innovation and Entrepreneurship Policies<br \/>\n2. Regulation and Competition<br \/>\n3. Public Policies in Education<br \/>\n4. Social and Labor Policy<br \/>\n5. Evaluation of the Impact of Public Policies<br \/>\n6.- Strategic Governmental, Local and Budget Management<\/p><\/div>\n<\/div>\n<div class=\"contacto-wrap d-flex\">\n<div class=\"enlace\">\n<h6>Link<\/h6>\n<p><a href=\"https:\/\/www.postgradouchile.cl\/programa\/magister\/magister-en-politicas-publicas\/\" target=\"_blank\" rel=\"noopener\">Go to link<\/a><\/div>\n<div class=\"correo-contacto\">\n<h6>Contact<\/h6>\n<p><a href=\"mailto:contacto@postgradouchile.clcontacto@fen.postgradouchile.cl\" target=\"_blank\" rel=\"noopener\">contacto@postgradouchile.cl<br \/>\ncontacto@fen.postgradouchile.cl<\/a><\/div>\n<\/div>\n<\/div>","protected":false},"excerpt":{"rendered":"<p>\u00c1rea Ciencias Sociales Sub-Disciplina Econom\u00eda y Negocios Universidad de Chile Ciudad: Santiago, Comuna: Santiago, Regi\u00f3n: Regi\u00f3n Metropolitana Objetivos El objetivo del Mag\u00edster en Pol\u00edticas P\u00fablicas es formar profesionales capaces de dise\u00f1ar pol\u00edticas p\u00fablicas y liderar con \u00e9xito su implementaci\u00f3n. En particular, el Mag\u00edster busca preparar a los alumnos dot\u00e1ndolos de las herramientas que requieren para [&hellip;]<\/p>\n","protected":false},"author":1,"featured_media":3292,"comment_status":"open","ping_status":"open","sticky":false,"template":"","format":"standard","meta":{"_acf_changed":false,"footnotes":""},"categories":[145,88,41],"tags":[175,185],"class_list":["post-4266","post","type-post","status-publish","format-standard","has-post-thumbnail","hentry","category-m5b-economia-y-negocios","category-magister","category-postgrado","tag-region-metropolitana-de-santiago","tag-universidad-de-chile"],"acf":[],"yoast_head":"<!-- This site is optimized with the Yoast SEO plugin v27.1.1 - https:\/\/yoast.com\/product\/yoast-seo-wordpress\/ -->\n<title>Mag\u00edster en pol\u00edticas p\u00fablicas - Consejo de Rectoras y Rectores de las Universidades Chilenas<\/title>\n<meta name=\"robots\" content=\"index, follow, max-snippet:-1, max-image-preview:large, max-video-preview:-1\" \/>\n<link rel=\"canonical\" href=\"https:\/\/consejoderectores.cl\/en\/2021\/11\/24\/magister-en-politicas-publicas-619e2e87bfb6b\/\" \/>\n<meta property=\"og:locale\" content=\"en_US\" \/>\n<meta property=\"og:type\" content=\"article\" \/>\n<meta property=\"og:title\" content=\"Mag\u00edster en pol\u00edticas p\u00fablicas - Consejo de Rectoras y Rectores de las Universidades Chilenas\" \/>\n<meta property=\"og:description\" content=\"\u00c1rea Ciencias Sociales Sub-Disciplina Econom\u00eda y Negocios Universidad de Chile Ciudad: Santiago, Comuna: Santiago, Regi\u00f3n: Regi\u00f3n Metropolitana Objetivos El objetivo del Mag\u00edster en Pol\u00edticas P\u00fablicas es formar profesionales capaces de dise\u00f1ar pol\u00edticas p\u00fablicas y liderar con \u00e9xito su implementaci\u00f3n. En particular, el Mag\u00edster busca preparar a los alumnos dot\u00e1ndolos de las herramientas que requieren para [&hellip;]\" \/>\n<meta property=\"og:url\" content=\"https:\/\/consejoderectores.cl\/en\/2021\/11\/24\/magister-en-politicas-publicas-619e2e87bfb6b\/\" \/>\n<meta property=\"og:site_name\" content=\"Consejo de Rectoras y Rectores de las Universidades Chilenas\" \/>\n<meta property=\"article:published_time\" content=\"2021-11-24T09:22:31+00:00\" \/>\n<meta property=\"og:image\" content=\"https:\/\/consejoderectores.cl\/wp-content\/uploads\/2021\/09\/CsSociales-min-1.jpg\" \/>\n\t<meta property=\"og:image:width\" content=\"1000\" \/>\n\t<meta property=\"og:image:height\" content=\"667\" \/>\n\t<meta property=\"og:image:type\" content=\"image\/jpeg\" \/>\n<meta name=\"author\" content=\"Consejo de Rectores de las Universidades Chilenas\" \/>\n<meta name=\"twitter:card\" content=\"summary_large_image\" \/>\n<meta name=\"twitter:creator\" content=\"@CRUCH_cl\" \/>\n<meta name=\"twitter:site\" content=\"@CRUCH_cl\" \/>\n<meta name=\"twitter:label1\" content=\"Written by\" \/>\n\t<meta name=\"twitter:data1\" content=\"Consejo de Rectores de las Universidades Chilenas\" \/>\n\t<meta name=\"twitter:label2\" content=\"Est. reading time\" \/>\n\t<meta name=\"twitter:data2\" content=\"2 minutes\" \/>\n<script type=\"application\/ld+json\" class=\"yoast-schema-graph\">{\"@context\":\"https:\/\/schema.org\",\"@graph\":[{\"@type\":\"Article\",\"@id\":\"https:\/\/consejoderectores.cl\/2021\/11\/24\/magister-en-politicas-publicas-619e2e87bfb6b\/#article\",\"isPartOf\":{\"@id\":\"https:\/\/consejoderectores.cl\/2021\/11\/24\/magister-en-politicas-publicas-619e2e87bfb6b\/\"},\"author\":{\"name\":\"Consejo de Rectores de las Universidades Chilenas\",\"@id\":\"https:\/\/consejoderectores.cl\/en\/#\/schema\/person\/d863e44afde067fd4b57fac66ced709e\"},\"headline\":\"Mag\u00edster en pol\u00edticas p\u00fablicas\",\"datePublished\":\"2021-11-24T09:22:31+00:00\",\"mainEntityOfPage\":{\"@id\":\"https:\/\/consejoderectores.cl\/2021\/11\/24\/magister-en-politicas-publicas-619e2e87bfb6b\/\"},\"wordCount\":383,\"commentCount\":0,\"publisher\":{\"@id\":\"https:\/\/consejoderectores.cl\/en\/#organization\"},\"image\":{\"@id\":\"https:\/\/consejoderectores.cl\/2021\/11\/24\/magister-en-politicas-publicas-619e2e87bfb6b\/#primaryimage\"},\"thumbnailUrl\":\"https:\/\/consejoderectores.cl\/wp-content\/uploads\/2021\/09\/CsSociales-min-1.jpg\",\"keywords\":[\"Regi\u00f3n Metropolitana de Santiago\",\"Universidad de Chile\"],\"articleSection\":[\"Econom\u00eda y Negocios\",\"Mag\u00edster\",\"Postgrado\"],\"inLanguage\":\"en-US\",\"potentialAction\":[{\"@type\":\"CommentAction\",\"name\":\"Comment\",\"target\":[\"https:\/\/consejoderectores.cl\/2021\/11\/24\/magister-en-politicas-publicas-619e2e87bfb6b\/#respond\"]}]},{\"@type\":\"WebPage\",\"@id\":\"https:\/\/consejoderectores.cl\/2021\/11\/24\/magister-en-politicas-publicas-619e2e87bfb6b\/\",\"url\":\"https:\/\/consejoderectores.cl\/2021\/11\/24\/magister-en-politicas-publicas-619e2e87bfb6b\/\",\"name\":\"Mag\u00edster en pol\u00edticas p\u00fablicas - Consejo de Rectoras y Rectores de las Universidades Chilenas\",\"isPartOf\":{\"@id\":\"https:\/\/consejoderectores.cl\/en\/#website\"},\"primaryImageOfPage\":{\"@id\":\"https:\/\/consejoderectores.cl\/2021\/11\/24\/magister-en-politicas-publicas-619e2e87bfb6b\/#primaryimage\"},\"image\":{\"@id\":\"https:\/\/consejoderectores.cl\/2021\/11\/24\/magister-en-politicas-publicas-619e2e87bfb6b\/#primaryimage\"},\"thumbnailUrl\":\"https:\/\/consejoderectores.cl\/wp-content\/uploads\/2021\/09\/CsSociales-min-1.jpg\",\"datePublished\":\"2021-11-24T09:22:31+00:00\",\"breadcrumb\":{\"@id\":\"https:\/\/consejoderectores.cl\/2021\/11\/24\/magister-en-politicas-publicas-619e2e87bfb6b\/#breadcrumb\"},\"inLanguage\":\"en-US\",\"potentialAction\":[{\"@type\":\"ReadAction\",\"target\":[\"https:\/\/consejoderectores.cl\/2021\/11\/24\/magister-en-politicas-publicas-619e2e87bfb6b\/\"]}]},{\"@type\":\"ImageObject\",\"inLanguage\":\"en-US\",\"@id\":\"https:\/\/consejoderectores.cl\/2021\/11\/24\/magister-en-politicas-publicas-619e2e87bfb6b\/#primaryimage\",\"url\":\"https:\/\/consejoderectores.cl\/wp-content\/uploads\/2021\/09\/CsSociales-min-1.jpg\",\"contentUrl\":\"https:\/\/consejoderectores.cl\/wp-content\/uploads\/2021\/09\/CsSociales-min-1.jpg\",\"width\":1000,\"height\":667},{\"@type\":\"BreadcrumbList\",\"@id\":\"https:\/\/consejoderectores.cl\/2021\/11\/24\/magister-en-politicas-publicas-619e2e87bfb6b\/#breadcrumb\",\"itemListElement\":[{\"@type\":\"ListItem\",\"position\":1,\"name\":\"Home\",\"item\":\"https:\/\/consejoderectores.cl\/\"},{\"@type\":\"ListItem\",\"position\":2,\"name\":\"Mag\u00edster en pol\u00edticas p\u00fablicas\"}]},{\"@type\":\"WebSite\",\"@id\":\"https:\/\/consejoderectores.cl\/en\/#website\",\"url\":\"https:\/\/consejoderectores.cl\/en\/\",\"name\":\"Consejo de Rectoras y Rectores de las Universidades Chilenas\",\"description\":\"\",\"publisher\":{\"@id\":\"https:\/\/consejoderectores.cl\/en\/#organization\"},\"potentialAction\":[{\"@type\":\"SearchAction\",\"target\":{\"@type\":\"EntryPoint\",\"urlTemplate\":\"https:\/\/consejoderectores.cl\/en\/?s={search_term_string}\"},\"query-input\":{\"@type\":\"PropertyValueSpecification\",\"valueRequired\":true,\"valueName\":\"search_term_string\"}}],\"inLanguage\":\"en-US\"},{\"@type\":\"Organization\",\"@id\":\"https:\/\/consejoderectores.cl\/en\/#organization\",\"name\":\"Consejo de Rectoras y Rectores de las Universidades Chilenas\",\"url\":\"https:\/\/consejoderectores.cl\/en\/\",\"logo\":{\"@type\":\"ImageObject\",\"inLanguage\":\"en-US\",\"@id\":\"https:\/\/consejoderectores.cl\/en\/#\/schema\/logo\/image\/\",\"url\":\"https:\/\/consejoderectores.cl\/wp-content\/uploads\/2025\/12\/logoheader_2025.png\",\"contentUrl\":\"https:\/\/consejoderectores.cl\/wp-content\/uploads\/2025\/12\/logoheader_2025.png\",\"width\":666,\"height\":305,\"caption\":\"Consejo de Rectoras y Rectores de las Universidades Chilenas\"},\"image\":{\"@id\":\"https:\/\/consejoderectores.cl\/en\/#\/schema\/logo\/image\/\"},\"sameAs\":[\"https:\/\/x.com\/CRUCH_cl\",\"https:\/\/www.instagram.com\/consejoderectores\/\",\"https:\/\/www.linkedin.com\/company\/cruch\/\",\"https:\/\/www.youtube.com\/channel\/UCzgIFRCsDlKoFpimiQmEaOA\"]},{\"@type\":\"Person\",\"@id\":\"https:\/\/consejoderectores.cl\/en\/#\/schema\/person\/d863e44afde067fd4b57fac66ced709e\",\"name\":\"Consejo de Rectores de las Universidades Chilenas\",\"image\":{\"@type\":\"ImageObject\",\"inLanguage\":\"en-US\",\"@id\":\"https:\/\/consejoderectores.cl\/en\/#\/schema\/person\/image\/\",\"url\":\"https:\/\/secure.gravatar.com\/avatar\/c31e2a02401f041926afb8ee21ab666f0925814fe85d25a5c8db80e23722dfc1?s=96&d=mm&r=g\",\"contentUrl\":\"https:\/\/secure.gravatar.com\/avatar\/c31e2a02401f041926afb8ee21ab666f0925814fe85d25a5c8db80e23722dfc1?s=96&d=mm&r=g\",\"caption\":\"Consejo de Rectores de las Universidades Chilenas\"},\"sameAs\":[\"https:\/\/www.consejoderectores.cl\"],\"url\":\"https:\/\/consejoderectores.cl\/en\/author\/cruch\/\"}]}<\/script>\n<!-- \/ Yoast SEO plugin. -->","yoast_head_json":{"title":"Mag\u00edster en pol\u00edticas p\u00fablicas - Consejo de Rectoras y Rectores de las Universidades Chilenas","robots":{"index":"index","follow":"follow","max-snippet":"max-snippet:-1","max-image-preview":"max-image-preview:large","max-video-preview":"max-video-preview:-1"},"canonical":"https:\/\/consejoderectores.cl\/en\/2021\/11\/24\/magister-en-politicas-publicas-619e2e87bfb6b\/","og_locale":"en_US","og_type":"article","og_title":"Mag\u00edster en pol\u00edticas p\u00fablicas - Consejo de Rectoras y Rectores de las Universidades Chilenas","og_description":"\u00c1rea Ciencias Sociales Sub-Disciplina Econom\u00eda y Negocios Universidad de Chile Ciudad: Santiago, Comuna: Santiago, Regi\u00f3n: Regi\u00f3n Metropolitana Objetivos El objetivo del Mag\u00edster en Pol\u00edticas P\u00fablicas es formar profesionales capaces de dise\u00f1ar pol\u00edticas p\u00fablicas y liderar con \u00e9xito su implementaci\u00f3n. En particular, el Mag\u00edster busca preparar a los alumnos dot\u00e1ndolos de las herramientas que requieren para [&hellip;]","og_url":"https:\/\/consejoderectores.cl\/en\/2021\/11\/24\/magister-en-politicas-publicas-619e2e87bfb6b\/","og_site_name":"Consejo de Rectoras y Rectores de las Universidades Chilenas","article_published_time":"2021-11-24T09:22:31+00:00","og_image":[{"width":1000,"height":667,"url":"https:\/\/consejoderectores.cl\/wp-content\/uploads\/2021\/09\/CsSociales-min-1.jpg","type":"image\/jpeg"}],"author":"Consejo de Rectores de las Universidades Chilenas","twitter_card":"summary_large_image","twitter_creator":"@CRUCH_cl","twitter_site":"@CRUCH_cl","twitter_misc":{"Written by":"Consejo de Rectores de las Universidades Chilenas","Est. reading time":"2 minutes"},"schema":{"@context":"https:\/\/schema.org","@graph":[{"@type":"Article","@id":"https:\/\/consejoderectores.cl\/2021\/11\/24\/magister-en-politicas-publicas-619e2e87bfb6b\/#article","isPartOf":{"@id":"https:\/\/consejoderectores.cl\/2021\/11\/24\/magister-en-politicas-publicas-619e2e87bfb6b\/"},"author":{"name":"Consejo de Rectores de las Universidades Chilenas","@id":"https:\/\/consejoderectores.cl\/en\/#\/schema\/person\/d863e44afde067fd4b57fac66ced709e"},"headline":"Mag\u00edster en pol\u00edticas p\u00fablicas","datePublished":"2021-11-24T09:22:31+00:00","mainEntityOfPage":{"@id":"https:\/\/consejoderectores.cl\/2021\/11\/24\/magister-en-politicas-publicas-619e2e87bfb6b\/"},"wordCount":383,"commentCount":0,"publisher":{"@id":"https:\/\/consejoderectores.cl\/en\/#organization"},"image":{"@id":"https:\/\/consejoderectores.cl\/2021\/11\/24\/magister-en-politicas-publicas-619e2e87bfb6b\/#primaryimage"},"thumbnailUrl":"https:\/\/consejoderectores.cl\/wp-content\/uploads\/2021\/09\/CsSociales-min-1.jpg","keywords":["Regi\u00f3n Metropolitana de Santiago","Universidad de Chile"],"articleSection":["Econom\u00eda y Negocios","Mag\u00edster","Postgrado"],"inLanguage":"en-US","potentialAction":[{"@type":"CommentAction","name":"Comment","target":["https:\/\/consejoderectores.cl\/2021\/11\/24\/magister-en-politicas-publicas-619e2e87bfb6b\/#respond"]}]},{"@type":"WebPage","@id":"https:\/\/consejoderectores.cl\/2021\/11\/24\/magister-en-politicas-publicas-619e2e87bfb6b\/","url":"https:\/\/consejoderectores.cl\/2021\/11\/24\/magister-en-politicas-publicas-619e2e87bfb6b\/","name":"Mag\u00edster en pol\u00edticas p\u00fablicas - Consejo de Rectoras y Rectores de las Universidades Chilenas","isPartOf":{"@id":"https:\/\/consejoderectores.cl\/en\/#website"},"primaryImageOfPage":{"@id":"https:\/\/consejoderectores.cl\/2021\/11\/24\/magister-en-politicas-publicas-619e2e87bfb6b\/#primaryimage"},"image":{"@id":"https:\/\/consejoderectores.cl\/2021\/11\/24\/magister-en-politicas-publicas-619e2e87bfb6b\/#primaryimage"},"thumbnailUrl":"https:\/\/consejoderectores.cl\/wp-content\/uploads\/2021\/09\/CsSociales-min-1.jpg","datePublished":"2021-11-24T09:22:31+00:00","breadcrumb":{"@id":"https:\/\/consejoderectores.cl\/2021\/11\/24\/magister-en-politicas-publicas-619e2e87bfb6b\/#breadcrumb"},"inLanguage":"en-US","potentialAction":[{"@type":"ReadAction","target":["https:\/\/consejoderectores.cl\/2021\/11\/24\/magister-en-politicas-publicas-619e2e87bfb6b\/"]}]},{"@type":"ImageObject","inLanguage":"en-US","@id":"https:\/\/consejoderectores.cl\/2021\/11\/24\/magister-en-politicas-publicas-619e2e87bfb6b\/#primaryimage","url":"https:\/\/consejoderectores.cl\/wp-content\/uploads\/2021\/09\/CsSociales-min-1.jpg","contentUrl":"https:\/\/consejoderectores.cl\/wp-content\/uploads\/2021\/09\/CsSociales-min-1.jpg","width":1000,"height":667},{"@type":"BreadcrumbList","@id":"https:\/\/consejoderectores.cl\/2021\/11\/24\/magister-en-politicas-publicas-619e2e87bfb6b\/#breadcrumb","itemListElement":[{"@type":"ListItem","position":1,"name":"Home","item":"https:\/\/consejoderectores.cl\/"},{"@type":"ListItem","position":2,"name":"Mag\u00edster en pol\u00edticas p\u00fablicas"}]},{"@type":"WebSite","@id":"https:\/\/consejoderectores.cl\/en\/#website","url":"https:\/\/consejoderectores.cl\/en\/","name":"Council of Rectors of Chilean Universities","description":"","publisher":{"@id":"https:\/\/consejoderectores.cl\/en\/#organization"},"potentialAction":[{"@type":"SearchAction","target":{"@type":"EntryPoint","urlTemplate":"https:\/\/consejoderectores.cl\/en\/?s={search_term_string}"},"query-input":{"@type":"PropertyValueSpecification","valueRequired":true,"valueName":"search_term_string"}}],"inLanguage":"en-US"},{"@type":"Organization","@id":"https:\/\/consejoderectores.cl\/en\/#organization","name":"Council of Rectors of Chilean Universities","url":"https:\/\/consejoderectores.cl\/en\/","logo":{"@type":"ImageObject","inLanguage":"en-US","@id":"https:\/\/consejoderectores.cl\/en\/#\/schema\/logo\/image\/","url":"https:\/\/consejoderectores.cl\/wp-content\/uploads\/2025\/12\/logoheader_2025.png","contentUrl":"https:\/\/consejoderectores.cl\/wp-content\/uploads\/2025\/12\/logoheader_2025.png","width":666,"height":305,"caption":"Consejo de Rectoras y Rectores de las Universidades Chilenas"},"image":{"@id":"https:\/\/consejoderectores.cl\/en\/#\/schema\/logo\/image\/"},"sameAs":["https:\/\/x.com\/CRUCH_cl","https:\/\/www.instagram.com\/consejoderectores\/","https:\/\/www.linkedin.com\/company\/cruch\/","https:\/\/www.youtube.com\/channel\/UCzgIFRCsDlKoFpimiQmEaOA"]},{"@type":"Person","@id":"https:\/\/consejoderectores.cl\/en\/#\/schema\/person\/d863e44afde067fd4b57fac66ced709e","name":"Council of Rectors of Chilean Universities","image":{"@type":"ImageObject","inLanguage":"en-US","@id":"https:\/\/consejoderectores.cl\/en\/#\/schema\/person\/image\/","url":"https:\/\/secure.gravatar.com\/avatar\/c31e2a02401f041926afb8ee21ab666f0925814fe85d25a5c8db80e23722dfc1?s=96&d=mm&r=g","contentUrl":"https:\/\/secure.gravatar.com\/avatar\/c31e2a02401f041926afb8ee21ab666f0925814fe85d25a5c8db80e23722dfc1?s=96&d=mm&r=g","caption":"Consejo de Rectores de las Universidades Chilenas"},"sameAs":["https:\/\/www.consejoderectores.cl"],"url":"https:\/\/consejoderectores.cl\/en\/author\/cruch\/"}]}},"_links":{"self":[{"href":"https:\/\/consejoderectores.cl\/en\/wp-json\/wp\/v2\/posts\/4266","targetHints":{"allow":["GET"]}}],"collection":[{"href":"https:\/\/consejoderectores.cl\/en\/wp-json\/wp\/v2\/posts"}],"about":[{"href":"https:\/\/consejoderectores.cl\/en\/wp-json\/wp\/v2\/types\/post"}],"author":[{"embeddable":true,"href":"https:\/\/consejoderectores.cl\/en\/wp-json\/wp\/v2\/users\/1"}],"replies":[{"embeddable":true,"href":"https:\/\/consejoderectores.cl\/en\/wp-json\/wp\/v2\/comments?post=4266"}],"version-history":[{"count":0,"href":"https:\/\/consejoderectores.cl\/en\/wp-json\/wp\/v2\/posts\/4266\/revisions"}],"wp:featuredmedia":[{"embeddable":true,"href":"https:\/\/consejoderectores.cl\/en\/wp-json\/wp\/v2\/media\/3292"}],"wp:attachment":[{"href":"https:\/\/consejoderectores.cl\/en\/wp-json\/wp\/v2\/media?parent=4266"}],"wp:term":[{"taxonomy":"category","embeddable":true,"href":"https:\/\/consejoderectores.cl\/en\/wp-json\/wp\/v2\/categories?post=4266"},{"taxonomy":"post_tag","embeddable":true,"href":"https:\/\/consejoderectores.cl\/en\/wp-json\/wp\/v2\/tags?post=4266"}],"curies":[{"name":"wp","href":"https:\/\/api.w.org\/{rel}","templated":true}]}}