{"id":4231,"date":"2021-11-24T09:22:31","date_gmt":"2021-11-24T09:22:31","guid":{"rendered":""},"modified":"2021-11-24T09:22:31","modified_gmt":"2021-11-24T09:22:31","slug":"magister-en-clinica-relacional-con-ninos-y-sus-padres-619e2e87be8a0","status":"publish","type":"post","link":"https:\/\/consejoderectores.cl\/en\/2021\/11\/24\/magister-en-clinica-relacional-con-ninos-y-sus-padres-619e2e87be8a0\/","title":{"rendered":"Master&#039;s degree in relational clinical work with children and their parents"},"content":{"rendered":"<div class=\"postgrado-container\">\n<div class=\"area-wrap d-flex\">\n<div class=\"area\">\n<h6>Area<\/h6>\n<h3 class=\"area-title\">social Sciences<\/h3>\n<\/div>\n<div class=\"subdisciplina\">\n<h6>Sub-Discipline<\/h6>\n<h3 class=\"subdisciplina-title\">Psychology<\/h3>\n<\/div>\n<\/div>\n<div class=\"universidad-wrap d-flex\">\n<div class=\"logo-u\"><img decoding=\"async\" src=\"https:\/\/www.consejoderectores.cl\/wp-content\/uploads\/2021\/02\/duo_alberto-300x300.jpg\" alt=\"Universidad Alberto Hurtado\" \/><\/div>\n<div class=\"info-u\">\n<h3 class=\"u-title\">Alberto Hurtado University<\/h3>\n<ul>\n<li class=\"u-comuna\">City: Santiago,<\/li>\n<li class=\"u-ciudad\">Commune: Santiago,<\/li>\n<li class=\"u-region\">Region: Metropolitan Region<\/li>\n<\/ul>\n<\/div>\n<\/div>\n<div class=\"descripcion-wrap\">\n<div class=\"objetivos\">\n<h6>goals<\/h6>\n<p>To obtain a solid theoretical and technical-professional training in mental health and child clinical practice from a relational perspective.<\/p><\/div>\n<div class=\"postulante\">\n<h6>Applicant Profile<\/h6>\n<p>\u2022 Professional title of psychologist or psychiatrist.<br \/>\n\u2022 Professionals who are not psychologists or psychiatrists<br \/>\nThey must demonstrate clinical experience in<br \/>\nI work with children and\/or adolescents, whether in the<br \/>\narea of health, education or intervention<br \/>\npsychosocial.<\/p><\/div>\n<div class=\"postulante\">\n<h6>Graduate profile<\/h6>\n<p>The Master&#039;s program in Relational Clinical Practice with Children and their Parents seeks to train professionals who, capable of developing studies that address clinical problems of childhood in Chile, also demonstrate skills to sustain a rigorous clinical practice concerned with the singularities of each patient. <\/p>\n<p>In this regard, it is expected that its graduates will be able to:<\/p>\n<p>\u2022 Possess advanced knowledge of the foundations and theoretical developments of psycho-dynamic and relational clinical psychology applied to childhood problems.<br \/>\n\u2022 Develop diagnostic hypotheses and conduct interventions with children and their families, based on an understanding of the particularities of children&#039;s expressiveness from a psychodynamic and relational perspective.<br \/>\n\u2022 Demonstrate skills to develop qualitative and quantitative clinical research focused on investigating the subjective, family, social, political and institutional determinants that participate in the destinies, presentations, variations or evolutions of child psychopathology and its psychotherapeutic approaches.<br \/>\n\u2022 To be able to develop work and active participation in teams, both intra- and interdisciplinary, with a view to facing common tasks and objectives.<br \/>\n\u2022 To be able to account for their practice and facilitate the development of a joint reflection with peers and colleagues from different disciplinary fields.<br \/>\n\u2022 To carry out professional actions inspired by fundamental ethical aspects for working with children, favoring the defense of their rights, the preservation of their subjectivity and the promotion of their integral development.\n<\/p><\/div>\n<div class=\"investigacion\">\n<h6>Lines of investigation<\/h6>\n<\/div>\n<\/div>\n<div class=\"contacto-wrap d-flex\">\n<div class=\"enlace\">\n<h6>Link<\/h6>\n<p><a href=\"https:\/\/postgrados.uahurtado.cl\/programa\/magister-en-clinica-relacional-con-ninos-y-sus-padres\/\" target=\"_blank\" rel=\"noopener\">Go to link<\/a><\/div>\n<div class=\"correo-contacto\">\n<h6>Contact<\/h6>\n<p><a href=\"mailto:maperez@uahurtado.cl\" target=\"_blank\" rel=\"noopener\">maperez@uahurtado.cl<\/a><\/div>\n<\/div>\n<\/div>","protected":false},"excerpt":{"rendered":"<p>\u00c1rea Ciencias Sociales Sub-Disciplina Psicolog\u00eda Universidad Alberto Hurtado Ciudad: Santiago, Comuna: Santiago, Regi\u00f3n: Regi\u00f3n Metropolitana Objetivos Obtener una s\u00f3lida formaci\u00f3n te\u00f3rica y t\u00e9cnicoprofesional en salud mental y cl\u00ednica infantil desde una perspectiva relacional. Perfil Postulante \u2022 T\u00edtulo profesional de psic\u00f3logo o psiquiatra. \u2022 Profesionales no psic\u00f3logos ni psiquiatras deber\u00e1n demostrar experiencia cl\u00ednica en trabajo con [&hellip;]<\/p>\n","protected":false},"author":1,"featured_media":3292,"comment_status":"open","ping_status":"open","sticky":false,"template":"","format":"standard","meta":{"_acf_changed":false,"footnotes":""},"categories":[88,41,143],"tags":[175,213],"class_list":["post-4231","post","type-post","status-publish","format-standard","has-post-thumbnail","hentry","category-magister","category-postgrado","category-m5a-psicologia","tag-region-metropolitana-de-santiago","tag-universidad-alberto-hurtado"],"acf":[],"yoast_head":"<!-- This site is optimized with the Yoast SEO plugin v27.1.1 - https:\/\/yoast.com\/product\/yoast-seo-wordpress\/ -->\n<title>Mag\u00edster en cl\u00ednica relacional con ni\u00f1os y sus padres - Consejo de Rectoras y Rectores de las Universidades Chilenas<\/title>\n<meta name=\"robots\" content=\"index, follow, max-snippet:-1, max-image-preview:large, max-video-preview:-1\" \/>\n<link rel=\"canonical\" href=\"https:\/\/consejoderectores.cl\/en\/2021\/11\/24\/magister-en-clinica-relacional-con-ninos-y-sus-padres-619e2e87be8a0\/\" \/>\n<meta property=\"og:locale\" content=\"en_US\" \/>\n<meta property=\"og:type\" content=\"article\" \/>\n<meta property=\"og:title\" content=\"Mag\u00edster en cl\u00ednica relacional con ni\u00f1os y sus padres - Consejo de Rectoras y Rectores de las Universidades Chilenas\" \/>\n<meta property=\"og:description\" content=\"\u00c1rea Ciencias Sociales Sub-Disciplina Psicolog\u00eda Universidad Alberto Hurtado Ciudad: Santiago, Comuna: Santiago, Regi\u00f3n: Regi\u00f3n Metropolitana Objetivos Obtener una s\u00f3lida formaci\u00f3n te\u00f3rica y t\u00e9cnicoprofesional en salud mental y cl\u00ednica infantil desde una perspectiva relacional. Perfil Postulante \u2022 T\u00edtulo profesional de psic\u00f3logo o psiquiatra. \u2022 Profesionales no psic\u00f3logos ni psiquiatras deber\u00e1n demostrar experiencia cl\u00ednica en trabajo con [&hellip;]\" \/>\n<meta property=\"og:url\" content=\"https:\/\/consejoderectores.cl\/en\/2021\/11\/24\/magister-en-clinica-relacional-con-ninos-y-sus-padres-619e2e87be8a0\/\" \/>\n<meta property=\"og:site_name\" content=\"Consejo de Rectoras y Rectores de las Universidades Chilenas\" \/>\n<meta property=\"article:published_time\" content=\"2021-11-24T09:22:31+00:00\" \/>\n<meta property=\"og:image\" content=\"https:\/\/consejoderectores.cl\/wp-content\/uploads\/2021\/09\/CsSociales-min-1.jpg\" \/>\n\t<meta property=\"og:image:width\" content=\"1000\" \/>\n\t<meta property=\"og:image:height\" content=\"667\" \/>\n\t<meta property=\"og:image:type\" content=\"image\/jpeg\" \/>\n<meta name=\"author\" content=\"Consejo de Rectores de las Universidades Chilenas\" \/>\n<meta name=\"twitter:card\" content=\"summary_large_image\" \/>\n<meta name=\"twitter:creator\" content=\"@CRUCH_cl\" \/>\n<meta name=\"twitter:site\" content=\"@CRUCH_cl\" \/>\n<meta name=\"twitter:label1\" content=\"Written by\" \/>\n\t<meta name=\"twitter:data1\" content=\"Consejo de Rectores de las Universidades Chilenas\" \/>\n\t<meta name=\"twitter:label2\" content=\"Est. reading time\" \/>\n\t<meta name=\"twitter:data2\" content=\"2 minutes\" \/>\n<script type=\"application\/ld+json\" class=\"yoast-schema-graph\">{\"@context\":\"https:\/\/schema.org\",\"@graph\":[{\"@type\":\"Article\",\"@id\":\"https:\/\/consejoderectores.cl\/en\/2021\/11\/24\/magister-en-clinica-relacional-con-ninos-y-sus-padres-619e2e87be8a0\/#article\",\"isPartOf\":{\"@id\":\"https:\/\/consejoderectores.cl\/en\/2021\/11\/24\/magister-en-clinica-relacional-con-ninos-y-sus-padres-619e2e87be8a0\/\"},\"author\":{\"name\":\"Consejo de Rectores de las Universidades Chilenas\",\"@id\":\"https:\/\/consejoderectores.cl\/en\/#\/schema\/person\/d863e44afde067fd4b57fac66ced709e\"},\"headline\":\"Mag\u00edster en cl\u00ednica relacional con ni\u00f1os y sus padres\",\"datePublished\":\"2021-11-24T09:22:31+00:00\",\"mainEntityOfPage\":{\"@id\":\"https:\/\/consejoderectores.cl\/en\/2021\/11\/24\/magister-en-clinica-relacional-con-ninos-y-sus-padres-619e2e87be8a0\/\"},\"wordCount\":376,\"commentCount\":0,\"publisher\":{\"@id\":\"https:\/\/consejoderectores.cl\/en\/#organization\"},\"image\":{\"@id\":\"https:\/\/consejoderectores.cl\/en\/2021\/11\/24\/magister-en-clinica-relacional-con-ninos-y-sus-padres-619e2e87be8a0\/#primaryimage\"},\"thumbnailUrl\":\"https:\/\/consejoderectores.cl\/wp-content\/uploads\/2021\/09\/CsSociales-min-1.jpg\",\"keywords\":[\"Regi\u00f3n Metropolitana de Santiago\",\"Universidad Alberto Hurtado\"],\"articleSection\":[\"Mag\u00edster\",\"Postgrado\",\"Psicolog\u00eda\"],\"inLanguage\":\"en-US\",\"potentialAction\":[{\"@type\":\"CommentAction\",\"name\":\"Comment\",\"target\":[\"https:\/\/consejoderectores.cl\/en\/2021\/11\/24\/magister-en-clinica-relacional-con-ninos-y-sus-padres-619e2e87be8a0\/#respond\"]}]},{\"@type\":\"WebPage\",\"@id\":\"https:\/\/consejoderectores.cl\/en\/2021\/11\/24\/magister-en-clinica-relacional-con-ninos-y-sus-padres-619e2e87be8a0\/\",\"url\":\"https:\/\/consejoderectores.cl\/en\/2021\/11\/24\/magister-en-clinica-relacional-con-ninos-y-sus-padres-619e2e87be8a0\/\",\"name\":\"Mag\u00edster en cl\u00ednica relacional con ni\u00f1os y sus padres - Consejo de Rectoras y Rectores de las Universidades Chilenas\",\"isPartOf\":{\"@id\":\"https:\/\/consejoderectores.cl\/en\/#website\"},\"primaryImageOfPage\":{\"@id\":\"https:\/\/consejoderectores.cl\/en\/2021\/11\/24\/magister-en-clinica-relacional-con-ninos-y-sus-padres-619e2e87be8a0\/#primaryimage\"},\"image\":{\"@id\":\"https:\/\/consejoderectores.cl\/en\/2021\/11\/24\/magister-en-clinica-relacional-con-ninos-y-sus-padres-619e2e87be8a0\/#primaryimage\"},\"thumbnailUrl\":\"https:\/\/consejoderectores.cl\/wp-content\/uploads\/2021\/09\/CsSociales-min-1.jpg\",\"datePublished\":\"2021-11-24T09:22:31+00:00\",\"breadcrumb\":{\"@id\":\"https:\/\/consejoderectores.cl\/en\/2021\/11\/24\/magister-en-clinica-relacional-con-ninos-y-sus-padres-619e2e87be8a0\/#breadcrumb\"},\"inLanguage\":\"en-US\",\"potentialAction\":[{\"@type\":\"ReadAction\",\"target\":[\"https:\/\/consejoderectores.cl\/en\/2021\/11\/24\/magister-en-clinica-relacional-con-ninos-y-sus-padres-619e2e87be8a0\/\"]}]},{\"@type\":\"ImageObject\",\"inLanguage\":\"en-US\",\"@id\":\"https:\/\/consejoderectores.cl\/en\/2021\/11\/24\/magister-en-clinica-relacional-con-ninos-y-sus-padres-619e2e87be8a0\/#primaryimage\",\"url\":\"https:\/\/consejoderectores.cl\/wp-content\/uploads\/2021\/09\/CsSociales-min-1.jpg\",\"contentUrl\":\"https:\/\/consejoderectores.cl\/wp-content\/uploads\/2021\/09\/CsSociales-min-1.jpg\",\"width\":1000,\"height\":667},{\"@type\":\"BreadcrumbList\",\"@id\":\"https:\/\/consejoderectores.cl\/en\/2021\/11\/24\/magister-en-clinica-relacional-con-ninos-y-sus-padres-619e2e87be8a0\/#breadcrumb\",\"itemListElement\":[{\"@type\":\"ListItem\",\"position\":1,\"name\":\"Home\",\"item\":\"https:\/\/consejoderectores.cl\/\"},{\"@type\":\"ListItem\",\"position\":2,\"name\":\"Mag\u00edster en cl\u00ednica relacional con ni\u00f1os y sus padres\"}]},{\"@type\":\"WebSite\",\"@id\":\"https:\/\/consejoderectores.cl\/en\/#website\",\"url\":\"https:\/\/consejoderectores.cl\/en\/\",\"name\":\"Consejo de Rectoras y Rectores de las Universidades Chilenas\",\"description\":\"\",\"publisher\":{\"@id\":\"https:\/\/consejoderectores.cl\/en\/#organization\"},\"potentialAction\":[{\"@type\":\"SearchAction\",\"target\":{\"@type\":\"EntryPoint\",\"urlTemplate\":\"https:\/\/consejoderectores.cl\/en\/?s={search_term_string}\"},\"query-input\":{\"@type\":\"PropertyValueSpecification\",\"valueRequired\":true,\"valueName\":\"search_term_string\"}}],\"inLanguage\":\"en-US\"},{\"@type\":\"Organization\",\"@id\":\"https:\/\/consejoderectores.cl\/en\/#organization\",\"name\":\"Consejo de Rectoras y Rectores de las Universidades Chilenas\",\"url\":\"https:\/\/consejoderectores.cl\/en\/\",\"logo\":{\"@type\":\"ImageObject\",\"inLanguage\":\"en-US\",\"@id\":\"https:\/\/consejoderectores.cl\/en\/#\/schema\/logo\/image\/\",\"url\":\"https:\/\/consejoderectores.cl\/wp-content\/uploads\/2025\/12\/logoheader_2025.png\",\"contentUrl\":\"https:\/\/consejoderectores.cl\/wp-content\/uploads\/2025\/12\/logoheader_2025.png\",\"width\":666,\"height\":305,\"caption\":\"Consejo de Rectoras y Rectores de las Universidades Chilenas\"},\"image\":{\"@id\":\"https:\/\/consejoderectores.cl\/en\/#\/schema\/logo\/image\/\"},\"sameAs\":[\"https:\/\/x.com\/CRUCH_cl\",\"https:\/\/www.instagram.com\/consejoderectores\/\",\"https:\/\/www.linkedin.com\/company\/cruch\/\",\"https:\/\/www.youtube.com\/channel\/UCzgIFRCsDlKoFpimiQmEaOA\"]},{\"@type\":\"Person\",\"@id\":\"https:\/\/consejoderectores.cl\/en\/#\/schema\/person\/d863e44afde067fd4b57fac66ced709e\",\"name\":\"Consejo de Rectores de las Universidades Chilenas\",\"image\":{\"@type\":\"ImageObject\",\"inLanguage\":\"en-US\",\"@id\":\"https:\/\/consejoderectores.cl\/en\/#\/schema\/person\/image\/\",\"url\":\"https:\/\/secure.gravatar.com\/avatar\/c31e2a02401f041926afb8ee21ab666f0925814fe85d25a5c8db80e23722dfc1?s=96&d=mm&r=g\",\"contentUrl\":\"https:\/\/secure.gravatar.com\/avatar\/c31e2a02401f041926afb8ee21ab666f0925814fe85d25a5c8db80e23722dfc1?s=96&d=mm&r=g\",\"caption\":\"Consejo de Rectores de las Universidades Chilenas\"},\"sameAs\":[\"https:\/\/www.consejoderectores.cl\"],\"url\":\"https:\/\/consejoderectores.cl\/en\/author\/cruch\/\"}]}<\/script>\n<!-- \/ Yoast SEO plugin. -->","yoast_head_json":{"title":"Mag\u00edster en cl\u00ednica relacional con ni\u00f1os y sus padres - Consejo de Rectoras y Rectores de las Universidades Chilenas","robots":{"index":"index","follow":"follow","max-snippet":"max-snippet:-1","max-image-preview":"max-image-preview:large","max-video-preview":"max-video-preview:-1"},"canonical":"https:\/\/consejoderectores.cl\/en\/2021\/11\/24\/magister-en-clinica-relacional-con-ninos-y-sus-padres-619e2e87be8a0\/","og_locale":"en_US","og_type":"article","og_title":"Mag\u00edster en cl\u00ednica relacional con ni\u00f1os y sus padres - Consejo de Rectoras y Rectores de las Universidades Chilenas","og_description":"\u00c1rea Ciencias Sociales Sub-Disciplina Psicolog\u00eda Universidad Alberto Hurtado Ciudad: Santiago, Comuna: Santiago, Regi\u00f3n: Regi\u00f3n Metropolitana Objetivos Obtener una s\u00f3lida formaci\u00f3n te\u00f3rica y t\u00e9cnicoprofesional en salud mental y cl\u00ednica infantil desde una perspectiva relacional. Perfil Postulante \u2022 T\u00edtulo profesional de psic\u00f3logo o psiquiatra. \u2022 Profesionales no psic\u00f3logos ni psiquiatras deber\u00e1n demostrar experiencia cl\u00ednica en trabajo con [&hellip;]","og_url":"https:\/\/consejoderectores.cl\/en\/2021\/11\/24\/magister-en-clinica-relacional-con-ninos-y-sus-padres-619e2e87be8a0\/","og_site_name":"Consejo de Rectoras y Rectores de las Universidades Chilenas","article_published_time":"2021-11-24T09:22:31+00:00","og_image":[{"width":1000,"height":667,"url":"https:\/\/consejoderectores.cl\/wp-content\/uploads\/2021\/09\/CsSociales-min-1.jpg","type":"image\/jpeg"}],"author":"Consejo de Rectores de las Universidades Chilenas","twitter_card":"summary_large_image","twitter_creator":"@CRUCH_cl","twitter_site":"@CRUCH_cl","twitter_misc":{"Written by":"Consejo de Rectores de las Universidades Chilenas","Est. reading time":"2 minutes"},"schema":{"@context":"https:\/\/schema.org","@graph":[{"@type":"Article","@id":"https:\/\/consejoderectores.cl\/en\/2021\/11\/24\/magister-en-clinica-relacional-con-ninos-y-sus-padres-619e2e87be8a0\/#article","isPartOf":{"@id":"https:\/\/consejoderectores.cl\/en\/2021\/11\/24\/magister-en-clinica-relacional-con-ninos-y-sus-padres-619e2e87be8a0\/"},"author":{"name":"Consejo de Rectores de las Universidades Chilenas","@id":"https:\/\/consejoderectores.cl\/en\/#\/schema\/person\/d863e44afde067fd4b57fac66ced709e"},"headline":"Mag\u00edster en cl\u00ednica relacional con ni\u00f1os y sus padres","datePublished":"2021-11-24T09:22:31+00:00","mainEntityOfPage":{"@id":"https:\/\/consejoderectores.cl\/en\/2021\/11\/24\/magister-en-clinica-relacional-con-ninos-y-sus-padres-619e2e87be8a0\/"},"wordCount":376,"commentCount":0,"publisher":{"@id":"https:\/\/consejoderectores.cl\/en\/#organization"},"image":{"@id":"https:\/\/consejoderectores.cl\/en\/2021\/11\/24\/magister-en-clinica-relacional-con-ninos-y-sus-padres-619e2e87be8a0\/#primaryimage"},"thumbnailUrl":"https:\/\/consejoderectores.cl\/wp-content\/uploads\/2021\/09\/CsSociales-min-1.jpg","keywords":["Regi\u00f3n Metropolitana de Santiago","Universidad Alberto Hurtado"],"articleSection":["Mag\u00edster","Postgrado","Psicolog\u00eda"],"inLanguage":"en-US","potentialAction":[{"@type":"CommentAction","name":"Comment","target":["https:\/\/consejoderectores.cl\/en\/2021\/11\/24\/magister-en-clinica-relacional-con-ninos-y-sus-padres-619e2e87be8a0\/#respond"]}]},{"@type":"WebPage","@id":"https:\/\/consejoderectores.cl\/en\/2021\/11\/24\/magister-en-clinica-relacional-con-ninos-y-sus-padres-619e2e87be8a0\/","url":"https:\/\/consejoderectores.cl\/en\/2021\/11\/24\/magister-en-clinica-relacional-con-ninos-y-sus-padres-619e2e87be8a0\/","name":"Mag\u00edster en cl\u00ednica relacional con ni\u00f1os y sus padres - Consejo de Rectoras y Rectores de las Universidades Chilenas","isPartOf":{"@id":"https:\/\/consejoderectores.cl\/en\/#website"},"primaryImageOfPage":{"@id":"https:\/\/consejoderectores.cl\/en\/2021\/11\/24\/magister-en-clinica-relacional-con-ninos-y-sus-padres-619e2e87be8a0\/#primaryimage"},"image":{"@id":"https:\/\/consejoderectores.cl\/en\/2021\/11\/24\/magister-en-clinica-relacional-con-ninos-y-sus-padres-619e2e87be8a0\/#primaryimage"},"thumbnailUrl":"https:\/\/consejoderectores.cl\/wp-content\/uploads\/2021\/09\/CsSociales-min-1.jpg","datePublished":"2021-11-24T09:22:31+00:00","breadcrumb":{"@id":"https:\/\/consejoderectores.cl\/en\/2021\/11\/24\/magister-en-clinica-relacional-con-ninos-y-sus-padres-619e2e87be8a0\/#breadcrumb"},"inLanguage":"en-US","potentialAction":[{"@type":"ReadAction","target":["https:\/\/consejoderectores.cl\/en\/2021\/11\/24\/magister-en-clinica-relacional-con-ninos-y-sus-padres-619e2e87be8a0\/"]}]},{"@type":"ImageObject","inLanguage":"en-US","@id":"https:\/\/consejoderectores.cl\/en\/2021\/11\/24\/magister-en-clinica-relacional-con-ninos-y-sus-padres-619e2e87be8a0\/#primaryimage","url":"https:\/\/consejoderectores.cl\/wp-content\/uploads\/2021\/09\/CsSociales-min-1.jpg","contentUrl":"https:\/\/consejoderectores.cl\/wp-content\/uploads\/2021\/09\/CsSociales-min-1.jpg","width":1000,"height":667},{"@type":"BreadcrumbList","@id":"https:\/\/consejoderectores.cl\/en\/2021\/11\/24\/magister-en-clinica-relacional-con-ninos-y-sus-padres-619e2e87be8a0\/#breadcrumb","itemListElement":[{"@type":"ListItem","position":1,"name":"Home","item":"https:\/\/consejoderectores.cl\/"},{"@type":"ListItem","position":2,"name":"Mag\u00edster en cl\u00ednica relacional con ni\u00f1os y sus padres"}]},{"@type":"WebSite","@id":"https:\/\/consejoderectores.cl\/en\/#website","url":"https:\/\/consejoderectores.cl\/en\/","name":"Council of Rectors of Chilean Universities","description":"","publisher":{"@id":"https:\/\/consejoderectores.cl\/en\/#organization"},"potentialAction":[{"@type":"SearchAction","target":{"@type":"EntryPoint","urlTemplate":"https:\/\/consejoderectores.cl\/en\/?s={search_term_string}"},"query-input":{"@type":"PropertyValueSpecification","valueRequired":true,"valueName":"search_term_string"}}],"inLanguage":"en-US"},{"@type":"Organization","@id":"https:\/\/consejoderectores.cl\/en\/#organization","name":"Council of Rectors of Chilean Universities","url":"https:\/\/consejoderectores.cl\/en\/","logo":{"@type":"ImageObject","inLanguage":"en-US","@id":"https:\/\/consejoderectores.cl\/en\/#\/schema\/logo\/image\/","url":"https:\/\/consejoderectores.cl\/wp-content\/uploads\/2025\/12\/logoheader_2025.png","contentUrl":"https:\/\/consejoderectores.cl\/wp-content\/uploads\/2025\/12\/logoheader_2025.png","width":666,"height":305,"caption":"Consejo de Rectoras y Rectores de las Universidades Chilenas"},"image":{"@id":"https:\/\/consejoderectores.cl\/en\/#\/schema\/logo\/image\/"},"sameAs":["https:\/\/x.com\/CRUCH_cl","https:\/\/www.instagram.com\/consejoderectores\/","https:\/\/www.linkedin.com\/company\/cruch\/","https:\/\/www.youtube.com\/channel\/UCzgIFRCsDlKoFpimiQmEaOA"]},{"@type":"Person","@id":"https:\/\/consejoderectores.cl\/en\/#\/schema\/person\/d863e44afde067fd4b57fac66ced709e","name":"Council of Rectors of Chilean Universities","image":{"@type":"ImageObject","inLanguage":"en-US","@id":"https:\/\/consejoderectores.cl\/en\/#\/schema\/person\/image\/","url":"https:\/\/secure.gravatar.com\/avatar\/c31e2a02401f041926afb8ee21ab666f0925814fe85d25a5c8db80e23722dfc1?s=96&d=mm&r=g","contentUrl":"https:\/\/secure.gravatar.com\/avatar\/c31e2a02401f041926afb8ee21ab666f0925814fe85d25a5c8db80e23722dfc1?s=96&d=mm&r=g","caption":"Consejo de Rectores de las Universidades Chilenas"},"sameAs":["https:\/\/www.consejoderectores.cl"],"url":"https:\/\/consejoderectores.cl\/en\/author\/cruch\/"}]}},"_links":{"self":[{"href":"https:\/\/consejoderectores.cl\/en\/wp-json\/wp\/v2\/posts\/4231","targetHints":{"allow":["GET"]}}],"collection":[{"href":"https:\/\/consejoderectores.cl\/en\/wp-json\/wp\/v2\/posts"}],"about":[{"href":"https:\/\/consejoderectores.cl\/en\/wp-json\/wp\/v2\/types\/post"}],"author":[{"embeddable":true,"href":"https:\/\/consejoderectores.cl\/en\/wp-json\/wp\/v2\/users\/1"}],"replies":[{"embeddable":true,"href":"https:\/\/consejoderectores.cl\/en\/wp-json\/wp\/v2\/comments?post=4231"}],"version-history":[{"count":0,"href":"https:\/\/consejoderectores.cl\/en\/wp-json\/wp\/v2\/posts\/4231\/revisions"}],"wp:featuredmedia":[{"embeddable":true,"href":"https:\/\/consejoderectores.cl\/en\/wp-json\/wp\/v2\/media\/3292"}],"wp:attachment":[{"href":"https:\/\/consejoderectores.cl\/en\/wp-json\/wp\/v2\/media?parent=4231"}],"wp:term":[{"taxonomy":"category","embeddable":true,"href":"https:\/\/consejoderectores.cl\/en\/wp-json\/wp\/v2\/categories?post=4231"},{"taxonomy":"post_tag","embeddable":true,"href":"https:\/\/consejoderectores.cl\/en\/wp-json\/wp\/v2\/tags?post=4231"}],"curies":[{"name":"wp","href":"https:\/\/api.w.org\/{rel}","templated":true}]}}