{"id":4125,"date":"2021-11-24T09:22:31","date_gmt":"2021-11-24T09:22:31","guid":{"rendered":""},"modified":"2021-11-24T09:22:31","modified_gmt":"2021-11-24T09:22:31","slug":"magister-en-didactica-de-la-matematica-619e2e87baf82","status":"publish","type":"post","link":"https:\/\/consejoderectores.cl\/en\/2021\/11\/24\/magister-en-didactica-de-la-matematica-619e2e87baf82\/","title":{"rendered":"Master&#039;s degree in mathematics education"},"content":{"rendered":"<div class=\"postgrado-container\">\n<div class=\"area-wrap d-flex\">\n<div class=\"area\">\n<h6>Area<\/h6>\n<h3 class=\"area-title\">social Sciences<\/h3>\n<\/div>\n<div class=\"subdisciplina\">\n<h6>Sub-Discipline<\/h6>\n<h3 class=\"subdisciplina-title\">Education Sciences<\/h3>\n<\/div>\n<\/div>\n<div class=\"universidad-wrap d-flex\">\n<div class=\"logo-u\"><img decoding=\"async\" src=\"https:\/\/www.consejoderectores.cl\/wp-content\/uploads\/2021\/01\/duo_catolicamaule.jpg\" alt=\"Universidad Cat\u00f3lica del Maule\" \/><\/div>\n<div class=\"info-u\">\n<h3 class=\"u-title\">Catholic University of Maule<\/h3>\n<ul>\n<li class=\"u-comuna\">City: Talca,<\/li>\n<li class=\"u-ciudad\">Commune: Talca,<\/li>\n<li class=\"u-region\">Region: Maule Region<\/li>\n<\/ul>\n<\/div>\n<\/div>\n<div class=\"descripcion-wrap\">\n<div class=\"objetivos\">\n<h6>goals<\/h6>\n<p>To establish the existing relationship of Mathematics, in its condition as a basic exact science, with the Didactics of Mathematics, which arises to answer all the problems related to the processes involved in learning, teaching and the genesis of thought in the constructive perspective of said knowledge.<\/p><\/div>\n<div class=\"postulante\">\n<h6>Applicant Profile<\/h6>\n<p>The admission requirements for applicants to the Master&#039;s Program in Mathematics Didactics are as follows: a) Graduates with a teaching degree and\/or a Bachelor&#039;s degree in Mathematics, at any of the three levels of the education system. b) Graduates of mathematics and computer science education programs from the Catholic University of Maule who are interested in entering a continuing education program. c) Special cases: Recent graduates who are not currently teaching but hold a teaching degree or a Bachelor&#039;s degree in mathematics or education will be admitted. Physics teachers, special education teachers, or those with related training may also be admitted to the program; their qualifications will be evaluated by the [unclear - possibly &quot;the program committee&quot;].<br \/>\nAcademic Advisory Committee.<\/p><\/div>\n<div class=\"postulante\">\n<h6>Graduate profile<\/h6>\n<p>The graduate with a Master&#039;s degree in Mathematics Education will possess:<\/p>\n<p>A solid foundation in the fundamental content of mathematics as a scientific discipline.<br \/>\nInterdisciplinary knowledge and dialogue, with other areas of knowledge, with people and their development.<br \/>\nAbility to resolve different situations in a timely manner, work in a team, lead study groups, reflection groups and pedagogical planning groups aimed at the training of students, produce didactic situations, develop teaching material, propose, design and develop pedagogical projects.<br \/>\nSolid values-based education, reflecting the mission of our University, which allows for the constant pursuit of personal development, recognizing both potential and limitations.<\/p><\/div>\n<div class=\"investigacion\">\n<h6>Lines of investigation<\/h6>\n<p>1) Problem Solving and Mathematical Modeling<br \/>\n2) Mathematical Reasoning and Visualization<br \/>\n3) Training of Mathematics Teachers<br \/>\n4) Development of Mathematical Thinking<\/p><\/div>\n<\/div>\n<div class=\"contacto-wrap d-flex\">\n<div class=\"enlace\">\n<h6>Link<\/h6>\n<p><a href=\"http:\/\/vrip.ucm.cl\/magister-en-didactica-de-la-matematica\/\" target=\"_blank\" rel=\"noopener\">Go to link<\/a><\/div>\n<div class=\"correo-contacto\">\n<h6>Contact<\/h6>\n<p><a href=\"mailto:Director: Danilo D\u00edaz Levicoy \/ ddiazl@ucm.cl - Asistente: Ver\u00f3nica Mu\u00f1oz G\u00f3mez \/ vmunoz@ucm.cl\" target=\"_blank\" rel=\"noopener\">Director: Danilo D\u00edaz Levicoy \/ ddiazl@ucm.cl \u2013 Assistant: Ver\u00f3nica Mu\u00f1oz G\u00f3mez \/ vmunoz@ucm.cl<\/a><\/div>\n<\/div>\n<\/div>","protected":false},"excerpt":{"rendered":"<p>\u00c1rea Ciencias Sociales Sub-Disciplina Ciencias de la Educaci\u00f3n Universidad Cat\u00f3lica del Maule Ciudad: Talca, Comuna: Talca, Regi\u00f3n: Regi\u00f3n del Maule Objetivos Establecer la relaci\u00f3n existente de la Matem\u00e1tica, en su condici\u00f3n de ciencia b\u00e1sica exacta, con la Did\u00e1ctica de la Matem\u00e1tica, que nace para dar respuesta a todos los problemas relacionados con los procesos involucrados [&hellip;]<\/p>\n","protected":false},"author":1,"featured_media":3292,"comment_status":"open","ping_status":"open","sticky":false,"template":"","format":"standard","meta":{"_acf_changed":false,"footnotes":""},"categories":[147,88,41],"tags":[177,207],"class_list":["post-4125","post","type-post","status-publish","format-standard","has-post-thumbnail","hentry","category-m5c-ciencias-de-la-educacion","category-magister","category-postgrado","tag-region-del-maule","tag-universidad-catolica-del-maule"],"acf":[],"yoast_head":"<!-- This site is optimized with the Yoast SEO plugin v27.1.1 - https:\/\/yoast.com\/product\/yoast-seo-wordpress\/ -->\n<title>Mag\u00edster en did\u00e1ctica de la matem\u00e1tica  - Consejo de Rectoras y Rectores de las Universidades Chilenas<\/title>\n<meta name=\"robots\" content=\"index, follow, max-snippet:-1, max-image-preview:large, max-video-preview:-1\" \/>\n<link rel=\"canonical\" href=\"https:\/\/consejoderectores.cl\/en\/2021\/11\/24\/magister-en-didactica-de-la-matematica-619e2e87baf82\/\" \/>\n<meta property=\"og:locale\" content=\"en_US\" \/>\n<meta property=\"og:type\" content=\"article\" \/>\n<meta property=\"og:title\" content=\"Mag\u00edster en did\u00e1ctica de la matem\u00e1tica  - Consejo de Rectoras y Rectores de las Universidades Chilenas\" \/>\n<meta property=\"og:description\" content=\"\u00c1rea Ciencias Sociales Sub-Disciplina Ciencias de la Educaci\u00f3n Universidad Cat\u00f3lica del Maule Ciudad: Talca, Comuna: Talca, Regi\u00f3n: Regi\u00f3n del Maule Objetivos Establecer la relaci\u00f3n existente de la Matem\u00e1tica, en su condici\u00f3n de ciencia b\u00e1sica exacta, con la Did\u00e1ctica de la Matem\u00e1tica, que nace para dar respuesta a todos los problemas relacionados con los procesos involucrados [&hellip;]\" \/>\n<meta property=\"og:url\" content=\"https:\/\/consejoderectores.cl\/en\/2021\/11\/24\/magister-en-didactica-de-la-matematica-619e2e87baf82\/\" \/>\n<meta property=\"og:site_name\" content=\"Consejo de Rectoras y Rectores de las Universidades Chilenas\" \/>\n<meta property=\"article:published_time\" content=\"2021-11-24T09:22:31+00:00\" \/>\n<meta property=\"og:image\" content=\"https:\/\/consejoderectores.cl\/wp-content\/uploads\/2021\/09\/CsSociales-min-1.jpg\" \/>\n\t<meta property=\"og:image:width\" content=\"1000\" \/>\n\t<meta property=\"og:image:height\" content=\"667\" \/>\n\t<meta property=\"og:image:type\" content=\"image\/jpeg\" \/>\n<meta name=\"author\" content=\"Consejo de Rectores de las Universidades Chilenas\" \/>\n<meta name=\"twitter:card\" content=\"summary_large_image\" \/>\n<meta name=\"twitter:creator\" content=\"@CRUCH_cl\" \/>\n<meta name=\"twitter:site\" content=\"@CRUCH_cl\" \/>\n<meta name=\"twitter:label1\" content=\"Written by\" \/>\n\t<meta name=\"twitter:data1\" content=\"Consejo de Rectores de las Universidades Chilenas\" \/>\n\t<meta name=\"twitter:label2\" content=\"Est. reading time\" \/>\n\t<meta name=\"twitter:data2\" content=\"2 minutes\" \/>\n<script type=\"application\/ld+json\" class=\"yoast-schema-graph\">{\"@context\":\"https:\/\/schema.org\",\"@graph\":[{\"@type\":\"Article\",\"@id\":\"https:\/\/consejoderectores.cl\/2021\/11\/24\/magister-en-didactica-de-la-matematica-619e2e87baf82\/#article\",\"isPartOf\":{\"@id\":\"https:\/\/consejoderectores.cl\/2021\/11\/24\/magister-en-didactica-de-la-matematica-619e2e87baf82\/\"},\"author\":{\"name\":\"Consejo de Rectores de las Universidades Chilenas\",\"@id\":\"https:\/\/consejoderectores.cl\/en\/#\/schema\/person\/d863e44afde067fd4b57fac66ced709e\"},\"headline\":\"Mag\u00edster en did\u00e1ctica de la matem\u00e1tica\",\"datePublished\":\"2021-11-24T09:22:31+00:00\",\"mainEntityOfPage\":{\"@id\":\"https:\/\/consejoderectores.cl\/2021\/11\/24\/magister-en-didactica-de-la-matematica-619e2e87baf82\/\"},\"wordCount\":415,\"commentCount\":0,\"publisher\":{\"@id\":\"https:\/\/consejoderectores.cl\/en\/#organization\"},\"image\":{\"@id\":\"https:\/\/consejoderectores.cl\/2021\/11\/24\/magister-en-didactica-de-la-matematica-619e2e87baf82\/#primaryimage\"},\"thumbnailUrl\":\"https:\/\/consejoderectores.cl\/wp-content\/uploads\/2021\/09\/CsSociales-min-1.jpg\",\"keywords\":[\"Regi\u00f3n del Maule\",\"Universidad Cat\u00f3lica del Maule\"],\"articleSection\":[\"Ciencias de la Educaci\u00f3n\",\"Mag\u00edster\",\"Postgrado\"],\"inLanguage\":\"en-US\",\"potentialAction\":[{\"@type\":\"CommentAction\",\"name\":\"Comment\",\"target\":[\"https:\/\/consejoderectores.cl\/2021\/11\/24\/magister-en-didactica-de-la-matematica-619e2e87baf82\/#respond\"]}]},{\"@type\":\"WebPage\",\"@id\":\"https:\/\/consejoderectores.cl\/2021\/11\/24\/magister-en-didactica-de-la-matematica-619e2e87baf82\/\",\"url\":\"https:\/\/consejoderectores.cl\/2021\/11\/24\/magister-en-didactica-de-la-matematica-619e2e87baf82\/\",\"name\":\"Mag\u00edster en did\u00e1ctica de la matem\u00e1tica - Consejo de Rectoras y Rectores de las Universidades Chilenas\",\"isPartOf\":{\"@id\":\"https:\/\/consejoderectores.cl\/en\/#website\"},\"primaryImageOfPage\":{\"@id\":\"https:\/\/consejoderectores.cl\/2021\/11\/24\/magister-en-didactica-de-la-matematica-619e2e87baf82\/#primaryimage\"},\"image\":{\"@id\":\"https:\/\/consejoderectores.cl\/2021\/11\/24\/magister-en-didactica-de-la-matematica-619e2e87baf82\/#primaryimage\"},\"thumbnailUrl\":\"https:\/\/consejoderectores.cl\/wp-content\/uploads\/2021\/09\/CsSociales-min-1.jpg\",\"datePublished\":\"2021-11-24T09:22:31+00:00\",\"breadcrumb\":{\"@id\":\"https:\/\/consejoderectores.cl\/2021\/11\/24\/magister-en-didactica-de-la-matematica-619e2e87baf82\/#breadcrumb\"},\"inLanguage\":\"en-US\",\"potentialAction\":[{\"@type\":\"ReadAction\",\"target\":[\"https:\/\/consejoderectores.cl\/2021\/11\/24\/magister-en-didactica-de-la-matematica-619e2e87baf82\/\"]}]},{\"@type\":\"ImageObject\",\"inLanguage\":\"en-US\",\"@id\":\"https:\/\/consejoderectores.cl\/2021\/11\/24\/magister-en-didactica-de-la-matematica-619e2e87baf82\/#primaryimage\",\"url\":\"https:\/\/consejoderectores.cl\/wp-content\/uploads\/2021\/09\/CsSociales-min-1.jpg\",\"contentUrl\":\"https:\/\/consejoderectores.cl\/wp-content\/uploads\/2021\/09\/CsSociales-min-1.jpg\",\"width\":1000,\"height\":667},{\"@type\":\"BreadcrumbList\",\"@id\":\"https:\/\/consejoderectores.cl\/2021\/11\/24\/magister-en-didactica-de-la-matematica-619e2e87baf82\/#breadcrumb\",\"itemListElement\":[{\"@type\":\"ListItem\",\"position\":1,\"name\":\"Home\",\"item\":\"https:\/\/consejoderectores.cl\/\"},{\"@type\":\"ListItem\",\"position\":2,\"name\":\"Mag\u00edster en did\u00e1ctica de la matem\u00e1tica\"}]},{\"@type\":\"WebSite\",\"@id\":\"https:\/\/consejoderectores.cl\/en\/#website\",\"url\":\"https:\/\/consejoderectores.cl\/en\/\",\"name\":\"Consejo de Rectoras y Rectores de las Universidades Chilenas\",\"description\":\"\",\"publisher\":{\"@id\":\"https:\/\/consejoderectores.cl\/en\/#organization\"},\"potentialAction\":[{\"@type\":\"SearchAction\",\"target\":{\"@type\":\"EntryPoint\",\"urlTemplate\":\"https:\/\/consejoderectores.cl\/en\/?s={search_term_string}\"},\"query-input\":{\"@type\":\"PropertyValueSpecification\",\"valueRequired\":true,\"valueName\":\"search_term_string\"}}],\"inLanguage\":\"en-US\"},{\"@type\":\"Organization\",\"@id\":\"https:\/\/consejoderectores.cl\/en\/#organization\",\"name\":\"Consejo de Rectoras y Rectores de las Universidades Chilenas\",\"url\":\"https:\/\/consejoderectores.cl\/en\/\",\"logo\":{\"@type\":\"ImageObject\",\"inLanguage\":\"en-US\",\"@id\":\"https:\/\/consejoderectores.cl\/en\/#\/schema\/logo\/image\/\",\"url\":\"https:\/\/consejoderectores.cl\/wp-content\/uploads\/2025\/12\/logoheader_2025.png\",\"contentUrl\":\"https:\/\/consejoderectores.cl\/wp-content\/uploads\/2025\/12\/logoheader_2025.png\",\"width\":666,\"height\":305,\"caption\":\"Consejo de Rectoras y Rectores de las Universidades Chilenas\"},\"image\":{\"@id\":\"https:\/\/consejoderectores.cl\/en\/#\/schema\/logo\/image\/\"},\"sameAs\":[\"https:\/\/x.com\/CRUCH_cl\",\"https:\/\/www.instagram.com\/consejoderectores\/\",\"https:\/\/www.linkedin.com\/company\/cruch\/\",\"https:\/\/www.youtube.com\/channel\/UCzgIFRCsDlKoFpimiQmEaOA\"]},{\"@type\":\"Person\",\"@id\":\"https:\/\/consejoderectores.cl\/en\/#\/schema\/person\/d863e44afde067fd4b57fac66ced709e\",\"name\":\"Consejo de Rectores de las Universidades Chilenas\",\"image\":{\"@type\":\"ImageObject\",\"inLanguage\":\"en-US\",\"@id\":\"https:\/\/consejoderectores.cl\/en\/#\/schema\/person\/image\/\",\"url\":\"https:\/\/secure.gravatar.com\/avatar\/c31e2a02401f041926afb8ee21ab666f0925814fe85d25a5c8db80e23722dfc1?s=96&d=mm&r=g\",\"contentUrl\":\"https:\/\/secure.gravatar.com\/avatar\/c31e2a02401f041926afb8ee21ab666f0925814fe85d25a5c8db80e23722dfc1?s=96&d=mm&r=g\",\"caption\":\"Consejo de Rectores de las Universidades Chilenas\"},\"sameAs\":[\"https:\/\/www.consejoderectores.cl\"],\"url\":\"https:\/\/consejoderectores.cl\/en\/author\/cruch\/\"}]}<\/script>\n<!-- \/ Yoast SEO plugin. -->","yoast_head_json":{"title":"Mag\u00edster en did\u00e1ctica de la matem\u00e1tica  - Consejo de Rectoras y Rectores de las Universidades Chilenas","robots":{"index":"index","follow":"follow","max-snippet":"max-snippet:-1","max-image-preview":"max-image-preview:large","max-video-preview":"max-video-preview:-1"},"canonical":"https:\/\/consejoderectores.cl\/en\/2021\/11\/24\/magister-en-didactica-de-la-matematica-619e2e87baf82\/","og_locale":"en_US","og_type":"article","og_title":"Mag\u00edster en did\u00e1ctica de la matem\u00e1tica  - Consejo de Rectoras y Rectores de las Universidades Chilenas","og_description":"\u00c1rea Ciencias Sociales Sub-Disciplina Ciencias de la Educaci\u00f3n Universidad Cat\u00f3lica del Maule Ciudad: Talca, Comuna: Talca, Regi\u00f3n: Regi\u00f3n del Maule Objetivos Establecer la relaci\u00f3n existente de la Matem\u00e1tica, en su condici\u00f3n de ciencia b\u00e1sica exacta, con la Did\u00e1ctica de la Matem\u00e1tica, que nace para dar respuesta a todos los problemas relacionados con los procesos involucrados [&hellip;]","og_url":"https:\/\/consejoderectores.cl\/en\/2021\/11\/24\/magister-en-didactica-de-la-matematica-619e2e87baf82\/","og_site_name":"Consejo de Rectoras y Rectores de las Universidades Chilenas","article_published_time":"2021-11-24T09:22:31+00:00","og_image":[{"width":1000,"height":667,"url":"https:\/\/consejoderectores.cl\/wp-content\/uploads\/2021\/09\/CsSociales-min-1.jpg","type":"image\/jpeg"}],"author":"Consejo de Rectores de las Universidades Chilenas","twitter_card":"summary_large_image","twitter_creator":"@CRUCH_cl","twitter_site":"@CRUCH_cl","twitter_misc":{"Written by":"Consejo de Rectores de las Universidades Chilenas","Est. reading time":"2 minutes"},"schema":{"@context":"https:\/\/schema.org","@graph":[{"@type":"Article","@id":"https:\/\/consejoderectores.cl\/2021\/11\/24\/magister-en-didactica-de-la-matematica-619e2e87baf82\/#article","isPartOf":{"@id":"https:\/\/consejoderectores.cl\/2021\/11\/24\/magister-en-didactica-de-la-matematica-619e2e87baf82\/"},"author":{"name":"Consejo de Rectores de las Universidades Chilenas","@id":"https:\/\/consejoderectores.cl\/en\/#\/schema\/person\/d863e44afde067fd4b57fac66ced709e"},"headline":"Mag\u00edster en did\u00e1ctica de la matem\u00e1tica","datePublished":"2021-11-24T09:22:31+00:00","mainEntityOfPage":{"@id":"https:\/\/consejoderectores.cl\/2021\/11\/24\/magister-en-didactica-de-la-matematica-619e2e87baf82\/"},"wordCount":415,"commentCount":0,"publisher":{"@id":"https:\/\/consejoderectores.cl\/en\/#organization"},"image":{"@id":"https:\/\/consejoderectores.cl\/2021\/11\/24\/magister-en-didactica-de-la-matematica-619e2e87baf82\/#primaryimage"},"thumbnailUrl":"https:\/\/consejoderectores.cl\/wp-content\/uploads\/2021\/09\/CsSociales-min-1.jpg","keywords":["Regi\u00f3n del Maule","Universidad Cat\u00f3lica del Maule"],"articleSection":["Ciencias de la Educaci\u00f3n","Mag\u00edster","Postgrado"],"inLanguage":"en-US","potentialAction":[{"@type":"CommentAction","name":"Comment","target":["https:\/\/consejoderectores.cl\/2021\/11\/24\/magister-en-didactica-de-la-matematica-619e2e87baf82\/#respond"]}]},{"@type":"WebPage","@id":"https:\/\/consejoderectores.cl\/2021\/11\/24\/magister-en-didactica-de-la-matematica-619e2e87baf82\/","url":"https:\/\/consejoderectores.cl\/2021\/11\/24\/magister-en-didactica-de-la-matematica-619e2e87baf82\/","name":"Mag\u00edster en did\u00e1ctica de la matem\u00e1tica - Consejo de Rectoras y Rectores de las Universidades Chilenas","isPartOf":{"@id":"https:\/\/consejoderectores.cl\/en\/#website"},"primaryImageOfPage":{"@id":"https:\/\/consejoderectores.cl\/2021\/11\/24\/magister-en-didactica-de-la-matematica-619e2e87baf82\/#primaryimage"},"image":{"@id":"https:\/\/consejoderectores.cl\/2021\/11\/24\/magister-en-didactica-de-la-matematica-619e2e87baf82\/#primaryimage"},"thumbnailUrl":"https:\/\/consejoderectores.cl\/wp-content\/uploads\/2021\/09\/CsSociales-min-1.jpg","datePublished":"2021-11-24T09:22:31+00:00","breadcrumb":{"@id":"https:\/\/consejoderectores.cl\/2021\/11\/24\/magister-en-didactica-de-la-matematica-619e2e87baf82\/#breadcrumb"},"inLanguage":"en-US","potentialAction":[{"@type":"ReadAction","target":["https:\/\/consejoderectores.cl\/2021\/11\/24\/magister-en-didactica-de-la-matematica-619e2e87baf82\/"]}]},{"@type":"ImageObject","inLanguage":"en-US","@id":"https:\/\/consejoderectores.cl\/2021\/11\/24\/magister-en-didactica-de-la-matematica-619e2e87baf82\/#primaryimage","url":"https:\/\/consejoderectores.cl\/wp-content\/uploads\/2021\/09\/CsSociales-min-1.jpg","contentUrl":"https:\/\/consejoderectores.cl\/wp-content\/uploads\/2021\/09\/CsSociales-min-1.jpg","width":1000,"height":667},{"@type":"BreadcrumbList","@id":"https:\/\/consejoderectores.cl\/2021\/11\/24\/magister-en-didactica-de-la-matematica-619e2e87baf82\/#breadcrumb","itemListElement":[{"@type":"ListItem","position":1,"name":"Home","item":"https:\/\/consejoderectores.cl\/"},{"@type":"ListItem","position":2,"name":"Mag\u00edster en did\u00e1ctica de la matem\u00e1tica"}]},{"@type":"WebSite","@id":"https:\/\/consejoderectores.cl\/en\/#website","url":"https:\/\/consejoderectores.cl\/en\/","name":"Council of Rectors of Chilean Universities","description":"","publisher":{"@id":"https:\/\/consejoderectores.cl\/en\/#organization"},"potentialAction":[{"@type":"SearchAction","target":{"@type":"EntryPoint","urlTemplate":"https:\/\/consejoderectores.cl\/en\/?s={search_term_string}"},"query-input":{"@type":"PropertyValueSpecification","valueRequired":true,"valueName":"search_term_string"}}],"inLanguage":"en-US"},{"@type":"Organization","@id":"https:\/\/consejoderectores.cl\/en\/#organization","name":"Council of Rectors of Chilean Universities","url":"https:\/\/consejoderectores.cl\/en\/","logo":{"@type":"ImageObject","inLanguage":"en-US","@id":"https:\/\/consejoderectores.cl\/en\/#\/schema\/logo\/image\/","url":"https:\/\/consejoderectores.cl\/wp-content\/uploads\/2025\/12\/logoheader_2025.png","contentUrl":"https:\/\/consejoderectores.cl\/wp-content\/uploads\/2025\/12\/logoheader_2025.png","width":666,"height":305,"caption":"Consejo de Rectoras y Rectores de las Universidades Chilenas"},"image":{"@id":"https:\/\/consejoderectores.cl\/en\/#\/schema\/logo\/image\/"},"sameAs":["https:\/\/x.com\/CRUCH_cl","https:\/\/www.instagram.com\/consejoderectores\/","https:\/\/www.linkedin.com\/company\/cruch\/","https:\/\/www.youtube.com\/channel\/UCzgIFRCsDlKoFpimiQmEaOA"]},{"@type":"Person","@id":"https:\/\/consejoderectores.cl\/en\/#\/schema\/person\/d863e44afde067fd4b57fac66ced709e","name":"Council of Rectors of Chilean Universities","image":{"@type":"ImageObject","inLanguage":"en-US","@id":"https:\/\/consejoderectores.cl\/en\/#\/schema\/person\/image\/","url":"https:\/\/secure.gravatar.com\/avatar\/c31e2a02401f041926afb8ee21ab666f0925814fe85d25a5c8db80e23722dfc1?s=96&d=mm&r=g","contentUrl":"https:\/\/secure.gravatar.com\/avatar\/c31e2a02401f041926afb8ee21ab666f0925814fe85d25a5c8db80e23722dfc1?s=96&d=mm&r=g","caption":"Consejo de Rectores de las Universidades Chilenas"},"sameAs":["https:\/\/www.consejoderectores.cl"],"url":"https:\/\/consejoderectores.cl\/en\/author\/cruch\/"}]}},"_links":{"self":[{"href":"https:\/\/consejoderectores.cl\/en\/wp-json\/wp\/v2\/posts\/4125","targetHints":{"allow":["GET"]}}],"collection":[{"href":"https:\/\/consejoderectores.cl\/en\/wp-json\/wp\/v2\/posts"}],"about":[{"href":"https:\/\/consejoderectores.cl\/en\/wp-json\/wp\/v2\/types\/post"}],"author":[{"embeddable":true,"href":"https:\/\/consejoderectores.cl\/en\/wp-json\/wp\/v2\/users\/1"}],"replies":[{"embeddable":true,"href":"https:\/\/consejoderectores.cl\/en\/wp-json\/wp\/v2\/comments?post=4125"}],"version-history":[{"count":0,"href":"https:\/\/consejoderectores.cl\/en\/wp-json\/wp\/v2\/posts\/4125\/revisions"}],"wp:featuredmedia":[{"embeddable":true,"href":"https:\/\/consejoderectores.cl\/en\/wp-json\/wp\/v2\/media\/3292"}],"wp:attachment":[{"href":"https:\/\/consejoderectores.cl\/en\/wp-json\/wp\/v2\/media?parent=4125"}],"wp:term":[{"taxonomy":"category","embeddable":true,"href":"https:\/\/consejoderectores.cl\/en\/wp-json\/wp\/v2\/categories?post=4125"},{"taxonomy":"post_tag","embeddable":true,"href":"https:\/\/consejoderectores.cl\/en\/wp-json\/wp\/v2\/tags?post=4125"}],"curies":[{"name":"wp","href":"https:\/\/api.w.org\/{rel}","templated":true}]}}