{"id":4118,"date":"2021-11-24T09:22:31","date_gmt":"2021-11-24T09:22:31","guid":{"rendered":""},"modified":"2021-11-24T09:22:31","modified_gmt":"2021-11-24T09:22:31","slug":"magister-en-ciencias-fisicas-619e2e87babd3","status":"publish","type":"post","link":"https:\/\/consejoderectores.cl\/en\/2021\/11\/24\/magister-en-ciencias-fisicas-619e2e87babd3\/","title":{"rendered":"Master of Science in Physics"},"content":{"rendered":"<div class=\"postgrado-container\">\n<div class=\"area-wrap d-flex\">\n<div class=\"area\">\n<h6>Area<\/h6>\n<h3 class=\"area-title\">natural Sciences<\/h3>\n<\/div>\n<div class=\"subdisciplina\">\n<h6>Sub-Discipline<\/h6>\n<h3 class=\"subdisciplina-title\">Physical sciences<\/h3>\n<\/div>\n<\/div>\n<div class=\"universidad-wrap d-flex\">\n<div class=\"logo-u\"><img decoding=\"async\" src=\"https:\/\/www.consejoderectores.cl\/wp-content\/uploads\/2021\/01\/duo_biobio.jpg\" alt=\"Universidad del B\u00edo-B\u00edo\" \/><\/div>\n<div class=\"info-u\">\n<h3 class=\"u-title\">Bio Bio University<\/h3>\n<ul>\n<li class=\"u-comuna\">City: Concepcion,<\/li>\n<li class=\"u-ciudad\">Commune: Concepci\u00f3n,<\/li>\n<li class=\"u-region\">Region: Biob\u00edo Region<\/li>\n<\/ul>\n<\/div>\n<\/div>\n<div class=\"descripcion-wrap\">\n<div class=\"objetivos\">\n<h6>goals<\/h6>\n<p>To train graduates with fundamental disciplinary knowledge in theoretical and\/or applied physics, enabling them to develop research in the lines declared by the program; contributing to the development of the area, solving problems of contemporary physics, communicating the fundamentals and results of their scientific research at the national and international level.<\/p><\/div>\n<div class=\"postulante\">\n<h6>Applicant Profile<\/h6>\n<p>The program is primarily intended for graduates in Physics, graduates in Engineering Sciences, Physics or Physics and Mathematics teachers, professionals with a degree or title with fundamental knowledge in Physics and Mathematics, and Engineering graduates with a technological base of at least 8 academic semesters<\/p><\/div>\n<div class=\"postulante\">\n<h6>Graduate profile<\/h6>\n<p>Graduates of this program possess a fundamental knowledge of physics, understanding and applying the discipline&#039;s laws and utilizing the necessary tools to describe natural phenomena. They are also equipped to develop solutions to physical problems through theoretical development, modeling, or experimentation via research within the program&#039;s defined areas of focus. Furthermore, graduates contribute to solving modern-day problems with a scientific approach, contributing to the scientific community&#039;s discussions by communicating their findings at both national and international levels.<\/p><\/div>\n<div class=\"investigacion\">\n<h6>Lines of investigation<\/h6>\n<p>Line 1: Applied Physics<br \/>\nLine 2: Cosmology \u2013 Gravitation and Elementary Particles<\/p><\/div>\n<\/div>\n<div class=\"contacto-wrap d-flex\">\n<div class=\"enlace\">\n<h6>Link<\/h6>\n<p><a href=\"http:\/\/www.ubiobio.cl\/mcf\/\" target=\"_blank\" rel=\"noopener\">Go to link<\/a><\/div>\n<div class=\"correo-contacto\">\n<h6>Contact<\/h6>\n<p><a href=\"mailto:mcf@ubiobio.cl\" target=\"_blank\" rel=\"noopener\">mcf@ubiobio.cl<\/a><\/div>\n<\/div>\n<\/div>","protected":false},"excerpt":{"rendered":"<p>\u00c1rea Ciencias Naturales Sub-Disciplina Ciencias F\u00edsicas Universidad del B\u00edo-B\u00edo Ciudad: Concepci\u00f3n, Comuna: Concepci\u00f3n, Regi\u00f3n: Regi\u00f3n del B\u00edo-B\u00edo Objetivos Formar graduados con conocimientos disciplinarios de car\u00e1cter fundamental, en f\u00edsica te\u00f3rica y\/o aplicada, que le permita desarrollar investigaci\u00f3n en las l\u00edneas declaradas por el programa; contribuyendo al desarrollo del \u00e1rea, resolviendo problemas de la f\u00edsica contempor\u00e1nea, comunicando [&hellip;]<\/p>\n","protected":false},"author":1,"featured_media":3290,"comment_status":"open","ping_status":"open","sticky":false,"template":"","format":"standard","meta":{"_acf_changed":false,"footnotes":""},"categories":[91,88,41,1],"tags":[179,196],"class_list":["post-4118","post","type-post","status-publish","format-standard","has-post-thumbnail","hentry","category-m1c-ciencias-fisicas","category-magister","category-postgrado","category-sin-categoria","tag-region-del-biobio","tag-universidad-del-bio-bio"],"acf":[],"yoast_head":"<!-- This site is optimized with the Yoast SEO plugin v27.1.1 - https:\/\/yoast.com\/product\/yoast-seo-wordpress\/ -->\n<title>Magister en ciencias f\u00edsicas - Consejo de Rectoras y Rectores de las Universidades Chilenas<\/title>\n<meta name=\"robots\" content=\"index, follow, max-snippet:-1, max-image-preview:large, max-video-preview:-1\" \/>\n<link rel=\"canonical\" href=\"http:\/\/consejoderectores.cl\/en\/2021\/11\/24\/magister-en-ciencias-fisicas-619e2e87babd3\/\" \/>\n<meta property=\"og:locale\" content=\"en_US\" \/>\n<meta property=\"og:type\" content=\"article\" \/>\n<meta property=\"og:title\" content=\"Magister en ciencias f\u00edsicas - Consejo de Rectoras y Rectores de las Universidades Chilenas\" \/>\n<meta property=\"og:description\" content=\"\u00c1rea Ciencias Naturales Sub-Disciplina Ciencias F\u00edsicas Universidad del B\u00edo-B\u00edo Ciudad: Concepci\u00f3n, Comuna: Concepci\u00f3n, Regi\u00f3n: Regi\u00f3n del B\u00edo-B\u00edo Objetivos Formar graduados con conocimientos disciplinarios de car\u00e1cter fundamental, en f\u00edsica te\u00f3rica y\/o aplicada, que le permita desarrollar investigaci\u00f3n en las l\u00edneas declaradas por el programa; contribuyendo al desarrollo del \u00e1rea, resolviendo problemas de la f\u00edsica contempor\u00e1nea, comunicando [&hellip;]\" \/>\n<meta property=\"og:url\" content=\"http:\/\/consejoderectores.cl\/en\/2021\/11\/24\/magister-en-ciencias-fisicas-619e2e87babd3\/\" \/>\n<meta property=\"og:site_name\" content=\"Consejo de Rectoras y Rectores de las Universidades Chilenas\" \/>\n<meta property=\"article:published_time\" content=\"2021-11-24T09:22:31+00:00\" \/>\n<meta property=\"og:image\" content=\"https:\/\/consejoderectores.cl\/wp-content\/uploads\/2021\/09\/Ciencias_Naturales-min-1.jpg\" \/>\n\t<meta property=\"og:image:width\" content=\"1000\" \/>\n\t<meta property=\"og:image:height\" content=\"663\" \/>\n\t<meta property=\"og:image:type\" content=\"image\/jpeg\" \/>\n<meta name=\"author\" content=\"Consejo de Rectores de las Universidades Chilenas\" \/>\n<meta name=\"twitter:card\" content=\"summary_large_image\" \/>\n<meta name=\"twitter:creator\" content=\"@CRUCH_cl\" \/>\n<meta name=\"twitter:site\" content=\"@CRUCH_cl\" \/>\n<meta name=\"twitter:label1\" content=\"Written by\" \/>\n\t<meta name=\"twitter:data1\" content=\"Consejo de Rectores de las Universidades Chilenas\" \/>\n\t<meta name=\"twitter:label2\" content=\"Est. reading time\" \/>\n\t<meta name=\"twitter:data2\" content=\"1 minute\" \/>\n<script type=\"application\/ld+json\" class=\"yoast-schema-graph\">{\"@context\":\"https:\/\/schema.org\",\"@graph\":[{\"@type\":\"Article\",\"@id\":\"http:\/\/consejoderectores.cl\/en\/2021\/11\/24\/magister-en-ciencias-fisicas-619e2e87babd3\/#article\",\"isPartOf\":{\"@id\":\"http:\/\/consejoderectores.cl\/en\/2021\/11\/24\/magister-en-ciencias-fisicas-619e2e87babd3\/\"},\"author\":{\"name\":\"Consejo de Rectores de las Universidades Chilenas\",\"@id\":\"https:\/\/consejoderectores.cl\/en\/#\/schema\/person\/d863e44afde067fd4b57fac66ced709e\"},\"headline\":\"Magister en ciencias f\u00edsicas\",\"datePublished\":\"2021-11-24T09:22:31+00:00\",\"mainEntityOfPage\":{\"@id\":\"http:\/\/consejoderectores.cl\/en\/2021\/11\/24\/magister-en-ciencias-fisicas-619e2e87babd3\/\"},\"wordCount\":294,\"commentCount\":0,\"publisher\":{\"@id\":\"https:\/\/consejoderectores.cl\/en\/#organization\"},\"image\":{\"@id\":\"http:\/\/consejoderectores.cl\/en\/2021\/11\/24\/magister-en-ciencias-fisicas-619e2e87babd3\/#primaryimage\"},\"thumbnailUrl\":\"https:\/\/consejoderectores.cl\/wp-content\/uploads\/2021\/09\/Ciencias_Naturales-min-1.jpg\",\"keywords\":[\"Regi\u00f3n del Biob\u00edo\",\"Universidad del B\u00edo - B\u00edo\"],\"articleSection\":[\"Ciencias F\u00edsicas\",\"Mag\u00edster\",\"Postgrado\",\"Sin categor\u00eda\"],\"inLanguage\":\"en-US\",\"potentialAction\":[{\"@type\":\"CommentAction\",\"name\":\"Comment\",\"target\":[\"http:\/\/consejoderectores.cl\/en\/2021\/11\/24\/magister-en-ciencias-fisicas-619e2e87babd3\/#respond\"]}]},{\"@type\":\"WebPage\",\"@id\":\"http:\/\/consejoderectores.cl\/en\/2021\/11\/24\/magister-en-ciencias-fisicas-619e2e87babd3\/\",\"url\":\"http:\/\/consejoderectores.cl\/en\/2021\/11\/24\/magister-en-ciencias-fisicas-619e2e87babd3\/\",\"name\":\"Magister en ciencias f\u00edsicas - Consejo de Rectoras y Rectores de las Universidades Chilenas\",\"isPartOf\":{\"@id\":\"https:\/\/consejoderectores.cl\/en\/#website\"},\"primaryImageOfPage\":{\"@id\":\"http:\/\/consejoderectores.cl\/en\/2021\/11\/24\/magister-en-ciencias-fisicas-619e2e87babd3\/#primaryimage\"},\"image\":{\"@id\":\"http:\/\/consejoderectores.cl\/en\/2021\/11\/24\/magister-en-ciencias-fisicas-619e2e87babd3\/#primaryimage\"},\"thumbnailUrl\":\"https:\/\/consejoderectores.cl\/wp-content\/uploads\/2021\/09\/Ciencias_Naturales-min-1.jpg\",\"datePublished\":\"2021-11-24T09:22:31+00:00\",\"breadcrumb\":{\"@id\":\"http:\/\/consejoderectores.cl\/en\/2021\/11\/24\/magister-en-ciencias-fisicas-619e2e87babd3\/#breadcrumb\"},\"inLanguage\":\"en-US\",\"potentialAction\":[{\"@type\":\"ReadAction\",\"target\":[\"http:\/\/consejoderectores.cl\/en\/2021\/11\/24\/magister-en-ciencias-fisicas-619e2e87babd3\/\"]}]},{\"@type\":\"ImageObject\",\"inLanguage\":\"en-US\",\"@id\":\"http:\/\/consejoderectores.cl\/en\/2021\/11\/24\/magister-en-ciencias-fisicas-619e2e87babd3\/#primaryimage\",\"url\":\"https:\/\/consejoderectores.cl\/wp-content\/uploads\/2021\/09\/Ciencias_Naturales-min-1.jpg\",\"contentUrl\":\"https:\/\/consejoderectores.cl\/wp-content\/uploads\/2021\/09\/Ciencias_Naturales-min-1.jpg\",\"width\":1000,\"height\":663},{\"@type\":\"BreadcrumbList\",\"@id\":\"http:\/\/consejoderectores.cl\/en\/2021\/11\/24\/magister-en-ciencias-fisicas-619e2e87babd3\/#breadcrumb\",\"itemListElement\":[{\"@type\":\"ListItem\",\"position\":1,\"name\":\"Home\",\"item\":\"https:\/\/consejoderectores.cl\/\"},{\"@type\":\"ListItem\",\"position\":2,\"name\":\"Magister en ciencias f\u00edsicas\"}]},{\"@type\":\"WebSite\",\"@id\":\"https:\/\/consejoderectores.cl\/en\/#website\",\"url\":\"https:\/\/consejoderectores.cl\/en\/\",\"name\":\"Consejo de Rectoras y Rectores de las Universidades Chilenas\",\"description\":\"\",\"publisher\":{\"@id\":\"https:\/\/consejoderectores.cl\/en\/#organization\"},\"potentialAction\":[{\"@type\":\"SearchAction\",\"target\":{\"@type\":\"EntryPoint\",\"urlTemplate\":\"https:\/\/consejoderectores.cl\/en\/?s={search_term_string}\"},\"query-input\":{\"@type\":\"PropertyValueSpecification\",\"valueRequired\":true,\"valueName\":\"search_term_string\"}}],\"inLanguage\":\"en-US\"},{\"@type\":\"Organization\",\"@id\":\"https:\/\/consejoderectores.cl\/en\/#organization\",\"name\":\"Consejo de Rectoras y Rectores de las Universidades Chilenas\",\"url\":\"https:\/\/consejoderectores.cl\/en\/\",\"logo\":{\"@type\":\"ImageObject\",\"inLanguage\":\"en-US\",\"@id\":\"https:\/\/consejoderectores.cl\/en\/#\/schema\/logo\/image\/\",\"url\":\"https:\/\/consejoderectores.cl\/wp-content\/uploads\/2025\/12\/logoheader_2025.png\",\"contentUrl\":\"https:\/\/consejoderectores.cl\/wp-content\/uploads\/2025\/12\/logoheader_2025.png\",\"width\":666,\"height\":305,\"caption\":\"Consejo de Rectoras y Rectores de las Universidades Chilenas\"},\"image\":{\"@id\":\"https:\/\/consejoderectores.cl\/en\/#\/schema\/logo\/image\/\"},\"sameAs\":[\"https:\/\/x.com\/CRUCH_cl\",\"https:\/\/www.instagram.com\/consejoderectores\/\",\"https:\/\/www.linkedin.com\/company\/cruch\/\",\"https:\/\/www.youtube.com\/channel\/UCzgIFRCsDlKoFpimiQmEaOA\"]},{\"@type\":\"Person\",\"@id\":\"https:\/\/consejoderectores.cl\/en\/#\/schema\/person\/d863e44afde067fd4b57fac66ced709e\",\"name\":\"Consejo de Rectores de las Universidades Chilenas\",\"image\":{\"@type\":\"ImageObject\",\"inLanguage\":\"en-US\",\"@id\":\"https:\/\/consejoderectores.cl\/en\/#\/schema\/person\/image\/\",\"url\":\"https:\/\/secure.gravatar.com\/avatar\/c31e2a02401f041926afb8ee21ab666f0925814fe85d25a5c8db80e23722dfc1?s=96&d=mm&r=g\",\"contentUrl\":\"https:\/\/secure.gravatar.com\/avatar\/c31e2a02401f041926afb8ee21ab666f0925814fe85d25a5c8db80e23722dfc1?s=96&d=mm&r=g\",\"caption\":\"Consejo de Rectores de las Universidades Chilenas\"},\"sameAs\":[\"https:\/\/www.consejoderectores.cl\"],\"url\":\"https:\/\/consejoderectores.cl\/en\/author\/cruch\/\"}]}<\/script>\n<!-- \/ Yoast SEO plugin. -->","yoast_head_json":{"title":"Magister en ciencias f\u00edsicas - Consejo de Rectoras y Rectores de las Universidades Chilenas","robots":{"index":"index","follow":"follow","max-snippet":"max-snippet:-1","max-image-preview":"max-image-preview:large","max-video-preview":"max-video-preview:-1"},"canonical":"http:\/\/consejoderectores.cl\/en\/2021\/11\/24\/magister-en-ciencias-fisicas-619e2e87babd3\/","og_locale":"en_US","og_type":"article","og_title":"Magister en ciencias f\u00edsicas - Consejo de Rectoras y Rectores de las Universidades Chilenas","og_description":"\u00c1rea Ciencias Naturales Sub-Disciplina Ciencias F\u00edsicas Universidad del B\u00edo-B\u00edo Ciudad: Concepci\u00f3n, Comuna: Concepci\u00f3n, Regi\u00f3n: Regi\u00f3n del B\u00edo-B\u00edo Objetivos Formar graduados con conocimientos disciplinarios de car\u00e1cter fundamental, en f\u00edsica te\u00f3rica y\/o aplicada, que le permita desarrollar investigaci\u00f3n en las l\u00edneas declaradas por el programa; contribuyendo al desarrollo del \u00e1rea, resolviendo problemas de la f\u00edsica contempor\u00e1nea, comunicando [&hellip;]","og_url":"http:\/\/consejoderectores.cl\/en\/2021\/11\/24\/magister-en-ciencias-fisicas-619e2e87babd3\/","og_site_name":"Consejo de Rectoras y Rectores de las Universidades Chilenas","article_published_time":"2021-11-24T09:22:31+00:00","og_image":[{"width":1000,"height":663,"url":"https:\/\/consejoderectores.cl\/wp-content\/uploads\/2021\/09\/Ciencias_Naturales-min-1.jpg","type":"image\/jpeg"}],"author":"Consejo de Rectores de las Universidades Chilenas","twitter_card":"summary_large_image","twitter_creator":"@CRUCH_cl","twitter_site":"@CRUCH_cl","twitter_misc":{"Written by":"Consejo de Rectores de las Universidades Chilenas","Est. reading time":"1 minute"},"schema":{"@context":"https:\/\/schema.org","@graph":[{"@type":"Article","@id":"http:\/\/consejoderectores.cl\/en\/2021\/11\/24\/magister-en-ciencias-fisicas-619e2e87babd3\/#article","isPartOf":{"@id":"http:\/\/consejoderectores.cl\/en\/2021\/11\/24\/magister-en-ciencias-fisicas-619e2e87babd3\/"},"author":{"name":"Consejo de Rectores de las Universidades Chilenas","@id":"https:\/\/consejoderectores.cl\/en\/#\/schema\/person\/d863e44afde067fd4b57fac66ced709e"},"headline":"Magister en ciencias f\u00edsicas","datePublished":"2021-11-24T09:22:31+00:00","mainEntityOfPage":{"@id":"http:\/\/consejoderectores.cl\/en\/2021\/11\/24\/magister-en-ciencias-fisicas-619e2e87babd3\/"},"wordCount":294,"commentCount":0,"publisher":{"@id":"https:\/\/consejoderectores.cl\/en\/#organization"},"image":{"@id":"http:\/\/consejoderectores.cl\/en\/2021\/11\/24\/magister-en-ciencias-fisicas-619e2e87babd3\/#primaryimage"},"thumbnailUrl":"https:\/\/consejoderectores.cl\/wp-content\/uploads\/2021\/09\/Ciencias_Naturales-min-1.jpg","keywords":["Regi\u00f3n del Biob\u00edo","Universidad del B\u00edo - B\u00edo"],"articleSection":["Ciencias F\u00edsicas","Mag\u00edster","Postgrado","Sin categor\u00eda"],"inLanguage":"en-US","potentialAction":[{"@type":"CommentAction","name":"Comment","target":["http:\/\/consejoderectores.cl\/en\/2021\/11\/24\/magister-en-ciencias-fisicas-619e2e87babd3\/#respond"]}]},{"@type":"WebPage","@id":"http:\/\/consejoderectores.cl\/en\/2021\/11\/24\/magister-en-ciencias-fisicas-619e2e87babd3\/","url":"http:\/\/consejoderectores.cl\/en\/2021\/11\/24\/magister-en-ciencias-fisicas-619e2e87babd3\/","name":"Magister en ciencias f\u00edsicas - Consejo de Rectoras y Rectores de las Universidades Chilenas","isPartOf":{"@id":"https:\/\/consejoderectores.cl\/en\/#website"},"primaryImageOfPage":{"@id":"http:\/\/consejoderectores.cl\/en\/2021\/11\/24\/magister-en-ciencias-fisicas-619e2e87babd3\/#primaryimage"},"image":{"@id":"http:\/\/consejoderectores.cl\/en\/2021\/11\/24\/magister-en-ciencias-fisicas-619e2e87babd3\/#primaryimage"},"thumbnailUrl":"https:\/\/consejoderectores.cl\/wp-content\/uploads\/2021\/09\/Ciencias_Naturales-min-1.jpg","datePublished":"2021-11-24T09:22:31+00:00","breadcrumb":{"@id":"http:\/\/consejoderectores.cl\/en\/2021\/11\/24\/magister-en-ciencias-fisicas-619e2e87babd3\/#breadcrumb"},"inLanguage":"en-US","potentialAction":[{"@type":"ReadAction","target":["http:\/\/consejoderectores.cl\/en\/2021\/11\/24\/magister-en-ciencias-fisicas-619e2e87babd3\/"]}]},{"@type":"ImageObject","inLanguage":"en-US","@id":"http:\/\/consejoderectores.cl\/en\/2021\/11\/24\/magister-en-ciencias-fisicas-619e2e87babd3\/#primaryimage","url":"https:\/\/consejoderectores.cl\/wp-content\/uploads\/2021\/09\/Ciencias_Naturales-min-1.jpg","contentUrl":"https:\/\/consejoderectores.cl\/wp-content\/uploads\/2021\/09\/Ciencias_Naturales-min-1.jpg","width":1000,"height":663},{"@type":"BreadcrumbList","@id":"http:\/\/consejoderectores.cl\/en\/2021\/11\/24\/magister-en-ciencias-fisicas-619e2e87babd3\/#breadcrumb","itemListElement":[{"@type":"ListItem","position":1,"name":"Home","item":"https:\/\/consejoderectores.cl\/"},{"@type":"ListItem","position":2,"name":"Magister en ciencias f\u00edsicas"}]},{"@type":"WebSite","@id":"https:\/\/consejoderectores.cl\/en\/#website","url":"https:\/\/consejoderectores.cl\/en\/","name":"Council of Rectors of Chilean Universities","description":"","publisher":{"@id":"https:\/\/consejoderectores.cl\/en\/#organization"},"potentialAction":[{"@type":"SearchAction","target":{"@type":"EntryPoint","urlTemplate":"https:\/\/consejoderectores.cl\/en\/?s={search_term_string}"},"query-input":{"@type":"PropertyValueSpecification","valueRequired":true,"valueName":"search_term_string"}}],"inLanguage":"en-US"},{"@type":"Organization","@id":"https:\/\/consejoderectores.cl\/en\/#organization","name":"Council of Rectors of Chilean Universities","url":"https:\/\/consejoderectores.cl\/en\/","logo":{"@type":"ImageObject","inLanguage":"en-US","@id":"https:\/\/consejoderectores.cl\/en\/#\/schema\/logo\/image\/","url":"https:\/\/consejoderectores.cl\/wp-content\/uploads\/2025\/12\/logoheader_2025.png","contentUrl":"https:\/\/consejoderectores.cl\/wp-content\/uploads\/2025\/12\/logoheader_2025.png","width":666,"height":305,"caption":"Consejo de Rectoras y Rectores de las Universidades Chilenas"},"image":{"@id":"https:\/\/consejoderectores.cl\/en\/#\/schema\/logo\/image\/"},"sameAs":["https:\/\/x.com\/CRUCH_cl","https:\/\/www.instagram.com\/consejoderectores\/","https:\/\/www.linkedin.com\/company\/cruch\/","https:\/\/www.youtube.com\/channel\/UCzgIFRCsDlKoFpimiQmEaOA"]},{"@type":"Person","@id":"https:\/\/consejoderectores.cl\/en\/#\/schema\/person\/d863e44afde067fd4b57fac66ced709e","name":"Council of Rectors of Chilean Universities","image":{"@type":"ImageObject","inLanguage":"en-US","@id":"https:\/\/consejoderectores.cl\/en\/#\/schema\/person\/image\/","url":"https:\/\/secure.gravatar.com\/avatar\/c31e2a02401f041926afb8ee21ab666f0925814fe85d25a5c8db80e23722dfc1?s=96&d=mm&r=g","contentUrl":"https:\/\/secure.gravatar.com\/avatar\/c31e2a02401f041926afb8ee21ab666f0925814fe85d25a5c8db80e23722dfc1?s=96&d=mm&r=g","caption":"Consejo de Rectores de las Universidades Chilenas"},"sameAs":["https:\/\/www.consejoderectores.cl"],"url":"https:\/\/consejoderectores.cl\/en\/author\/cruch\/"}]}},"_links":{"self":[{"href":"https:\/\/consejoderectores.cl\/en\/wp-json\/wp\/v2\/posts\/4118","targetHints":{"allow":["GET"]}}],"collection":[{"href":"https:\/\/consejoderectores.cl\/en\/wp-json\/wp\/v2\/posts"}],"about":[{"href":"https:\/\/consejoderectores.cl\/en\/wp-json\/wp\/v2\/types\/post"}],"author":[{"embeddable":true,"href":"https:\/\/consejoderectores.cl\/en\/wp-json\/wp\/v2\/users\/1"}],"replies":[{"embeddable":true,"href":"https:\/\/consejoderectores.cl\/en\/wp-json\/wp\/v2\/comments?post=4118"}],"version-history":[{"count":0,"href":"https:\/\/consejoderectores.cl\/en\/wp-json\/wp\/v2\/posts\/4118\/revisions"}],"wp:featuredmedia":[{"embeddable":true,"href":"https:\/\/consejoderectores.cl\/en\/wp-json\/wp\/v2\/media\/3290"}],"wp:attachment":[{"href":"https:\/\/consejoderectores.cl\/en\/wp-json\/wp\/v2\/media?parent=4118"}],"wp:term":[{"taxonomy":"category","embeddable":true,"href":"https:\/\/consejoderectores.cl\/en\/wp-json\/wp\/v2\/categories?post=4118"},{"taxonomy":"post_tag","embeddable":true,"href":"https:\/\/consejoderectores.cl\/en\/wp-json\/wp\/v2\/tags?post=4118"}],"curies":[{"name":"wp","href":"https:\/\/api.w.org\/{rel}","templated":true}]}}