{"id":3978,"date":"2021-11-24T09:22:31","date_gmt":"2021-11-24T09:22:31","guid":{"rendered":"https:\/\/www.consejoderectores.cl\/?p=3978"},"modified":"2021-11-24T09:22:31","modified_gmt":"2021-11-24T09:22:31","slug":"magister-en-bioactividad-de-productos-naturales-y-de-sintesis-619e2e87b600f","status":"publish","type":"post","link":"https:\/\/consejoderectores.cl\/en\/2021\/11\/24\/magister-en-bioactividad-de-productos-naturales-y-de-sintesis-619e2e87b600f\/","title":{"rendered":"Master&#039;s degree in bioactivity of natural and synthetic products"},"content":{"rendered":"<div class=\"postgrado-container\">\n<div class=\"area-wrap d-flex\">\n<div class=\"area\">\n<h6>Area<\/h6>\n<h3 class=\"area-title\">natural Sciences<\/h3>\n<\/div>\n<div class=\"subdisciplina\">\n<h6>Sub-Discipline<\/h6>\n<h3 class=\"subdisciplina-title\">Sciences<\/h3>\n<\/div>\n<\/div>\n<div class=\"universidad-wrap d-flex\">\n<div class=\"logo-u\"><img decoding=\"async\" src=\"https:\/\/www.consejoderectores.cl\/wp-content\/uploads\/2021\/01\/duo_valparaiso.jpg\" alt=\"Universidad de Valpara\u00edso\" \/><\/div>\n<div class=\"info-u\">\n<h3 class=\"u-title\">University of Valpara\u00edso<\/h3>\n<ul>\n<li class=\"u-comuna\">City: Valpara\u00edso,<\/li>\n<li class=\"u-ciudad\">Commune: Valpara\u00edso,<\/li>\n<li class=\"u-region\">Region: Valpara\u00edso Region<\/li>\n<\/ul>\n<\/div>\n<\/div>\n<div class=\"descripcion-wrap\">\n<div class=\"objetivos\">\n<h6>goals<\/h6>\n<p>To train graduates who develop research projects focused on the analysis, evaluation and production of natural and synthetic bioactive compounds that contribute to the promotion and recovery of the population&#039;s health.<\/p><\/div>\n<div class=\"postulante\">\n<h6>Applicant Profile<\/h6>\n<p>Candidates for the program must hold a bachelor&#039;s degree or professional title with studies equivalent to a bachelor&#039;s degree, granted by Chilean universities recognized by the State or foreign universities in programs of biological, chemical, biochemical, pharmaceutical, health sciences or other related disciplines.<\/p><\/div>\n<div class=\"postulante\">\n<h6>Graduate profile<\/h6>\n<p>Graduates of this program design and develop research projects on the bioactivity of natural and synthetic products that contribute to promoting and restoring public health. They manage their learning critically, efficiently, and creatively, working collaboratively and responsibly based on ethical principles. Furthermore, they value intellectual property as a resource for the appropriation of their research results, with a focus on technology transfer.<\/p><\/div>\n<div class=\"investigacion\">\n<h6>Lines of investigation<\/h6>\n<p>1. Chemistry of bioactive products<br \/>\n2. Bioactivity assessment<br \/>\n3. Technology transfer<\/p><\/div>\n<\/div>\n<div class=\"contacto-wrap d-flex\">\n<div class=\"enlace\">\n<h6>Link<\/h6>\n<p><a href=\"https:\/\/postgrados.uv.cl\/magister\/bioactividad-de-productos-naturales-y-de-sintesis\" target=\"_blank\" rel=\"noopener\">Go to link<\/a><\/div>\n<div class=\"correo-contacto\">\n<h6>Contact<\/h6>\n<p><a href=\"mailto:caroline.weinstein@uv.clpostgrado.farmacia@uv.cl\" target=\"_blank\" rel=\"noopener\">caroline.weinstein@uv.cl<br \/>\npostgrado.farmacia@uv.cl<\/a><\/div>\n<\/div>\n<\/div>","protected":false},"excerpt":{"rendered":"<p>\u00c1rea Ciencias Naturales Sub-Disciplina Ciencias Universidad de Valpara\u00edso Ciudad: Valpara\u00edso, Comuna: Valpara\u00edso, Regi\u00f3n: Regi\u00f3n de Valpara\u00edso Objetivos Formar graduados que desarrollen proyectos de investigaci\u00f3n orientada al an\u00e1lisis, evaluaci\u00f3n y producci\u00f3n de compuestos bioactivos naturales y de s\u00edntesis que contribuya a la promoci\u00f3n y recuperaci\u00f3n de la salud de la poblaci\u00f3n. Perfil Postulante Los candidatos al [&hellip;]<\/p>\n","protected":false},"author":1,"featured_media":3290,"comment_status":"open","ping_status":"open","sticky":false,"template":"","format":"standard","meta":{"_acf_changed":false,"footnotes":""},"categories":[35,88,41,1],"tags":[174,193],"class_list":["post-3978","post","type-post","status-publish","format-standard","has-post-thumbnail","hentry","category-m1-ciencias-naturales","category-magister","category-postgrado","category-sin-categoria","tag-region-de-valparaiso","tag-universidad-de-valparaiso"],"acf":[],"yoast_head":"<!-- This site is optimized with the Yoast SEO plugin v27.1.1 - https:\/\/yoast.com\/product\/yoast-seo-wordpress\/ -->\n<title>Mag\u00edster en bioactividad de productos naturales y de s\u00edntesis - Consejo de Rectoras y Rectores de las Universidades Chilenas<\/title>\n<meta name=\"robots\" content=\"index, follow, max-snippet:-1, max-image-preview:large, max-video-preview:-1\" \/>\n<link rel=\"canonical\" href=\"https:\/\/consejoderectores.cl\/en\/2021\/11\/24\/magister-en-bioactividad-de-productos-naturales-y-de-sintesis-619e2e87b600f\/\" \/>\n<meta property=\"og:locale\" content=\"en_US\" \/>\n<meta property=\"og:type\" content=\"article\" \/>\n<meta property=\"og:title\" content=\"Mag\u00edster en bioactividad de productos naturales y de s\u00edntesis - Consejo de Rectoras y Rectores de las Universidades Chilenas\" \/>\n<meta property=\"og:description\" content=\"\u00c1rea Ciencias Naturales Sub-Disciplina Ciencias Universidad de Valpara\u00edso Ciudad: Valpara\u00edso, Comuna: Valpara\u00edso, Regi\u00f3n: Regi\u00f3n de Valpara\u00edso Objetivos Formar graduados que desarrollen proyectos de investigaci\u00f3n orientada al an\u00e1lisis, evaluaci\u00f3n y producci\u00f3n de compuestos bioactivos naturales y de s\u00edntesis que contribuya a la promoci\u00f3n y recuperaci\u00f3n de la salud de la poblaci\u00f3n. Perfil Postulante Los candidatos al [&hellip;]\" \/>\n<meta property=\"og:url\" content=\"https:\/\/consejoderectores.cl\/en\/2021\/11\/24\/magister-en-bioactividad-de-productos-naturales-y-de-sintesis-619e2e87b600f\/\" \/>\n<meta property=\"og:site_name\" content=\"Consejo de Rectoras y Rectores de las Universidades Chilenas\" \/>\n<meta property=\"article:published_time\" content=\"2021-11-24T09:22:31+00:00\" \/>\n<meta property=\"og:image\" content=\"https:\/\/consejoderectores.cl\/wp-content\/uploads\/2021\/09\/Ciencias_Naturales-min-1.jpg\" \/>\n\t<meta property=\"og:image:width\" content=\"1000\" \/>\n\t<meta property=\"og:image:height\" content=\"663\" \/>\n\t<meta property=\"og:image:type\" content=\"image\/jpeg\" \/>\n<meta name=\"author\" content=\"Consejo de Rectores de las Universidades Chilenas\" \/>\n<meta name=\"twitter:card\" content=\"summary_large_image\" \/>\n<meta name=\"twitter:creator\" content=\"@CRUCH_cl\" \/>\n<meta name=\"twitter:site\" content=\"@CRUCH_cl\" \/>\n<meta name=\"twitter:label1\" content=\"Written by\" \/>\n\t<meta name=\"twitter:data1\" content=\"Consejo de Rectores de las Universidades Chilenas\" \/>\n\t<meta name=\"twitter:label2\" content=\"Est. reading time\" \/>\n\t<meta name=\"twitter:data2\" content=\"1 minute\" \/>\n<script type=\"application\/ld+json\" class=\"yoast-schema-graph\">{\"@context\":\"https:\/\/schema.org\",\"@graph\":[{\"@type\":\"Article\",\"@id\":\"https:\/\/consejoderectores.cl\/2021\/11\/24\/magister-en-bioactividad-de-productos-naturales-y-de-sintesis-619e2e87b600f\/#article\",\"isPartOf\":{\"@id\":\"https:\/\/consejoderectores.cl\/2021\/11\/24\/magister-en-bioactividad-de-productos-naturales-y-de-sintesis-619e2e87b600f\/\"},\"author\":{\"name\":\"Consejo de Rectores de las Universidades Chilenas\",\"@id\":\"https:\/\/consejoderectores.cl\/en\/#\/schema\/person\/d863e44afde067fd4b57fac66ced709e\"},\"headline\":\"Mag\u00edster en bioactividad de productos naturales y de s\u00edntesis\",\"datePublished\":\"2021-11-24T09:22:31+00:00\",\"mainEntityOfPage\":{\"@id\":\"https:\/\/consejoderectores.cl\/2021\/11\/24\/magister-en-bioactividad-de-productos-naturales-y-de-sintesis-619e2e87b600f\/\"},\"wordCount\":241,\"commentCount\":0,\"publisher\":{\"@id\":\"https:\/\/consejoderectores.cl\/en\/#organization\"},\"image\":{\"@id\":\"https:\/\/consejoderectores.cl\/2021\/11\/24\/magister-en-bioactividad-de-productos-naturales-y-de-sintesis-619e2e87b600f\/#primaryimage\"},\"thumbnailUrl\":\"https:\/\/consejoderectores.cl\/wp-content\/uploads\/2021\/09\/Ciencias_Naturales-min-1.jpg\",\"keywords\":[\"Regi\u00f3n de Valpara\u00edso\",\"Universidad de Valpara\u00edso\"],\"articleSection\":[\"Ciencias Naturales\",\"Mag\u00edster\",\"Postgrado\",\"Sin categor\u00eda\"],\"inLanguage\":\"en-US\",\"potentialAction\":[{\"@type\":\"CommentAction\",\"name\":\"Comment\",\"target\":[\"https:\/\/consejoderectores.cl\/2021\/11\/24\/magister-en-bioactividad-de-productos-naturales-y-de-sintesis-619e2e87b600f\/#respond\"]}]},{\"@type\":\"WebPage\",\"@id\":\"https:\/\/consejoderectores.cl\/2021\/11\/24\/magister-en-bioactividad-de-productos-naturales-y-de-sintesis-619e2e87b600f\/\",\"url\":\"https:\/\/consejoderectores.cl\/2021\/11\/24\/magister-en-bioactividad-de-productos-naturales-y-de-sintesis-619e2e87b600f\/\",\"name\":\"Mag\u00edster en bioactividad de productos naturales y de s\u00edntesis - Consejo de Rectoras y Rectores de las Universidades Chilenas\",\"isPartOf\":{\"@id\":\"https:\/\/consejoderectores.cl\/en\/#website\"},\"primaryImageOfPage\":{\"@id\":\"https:\/\/consejoderectores.cl\/2021\/11\/24\/magister-en-bioactividad-de-productos-naturales-y-de-sintesis-619e2e87b600f\/#primaryimage\"},\"image\":{\"@id\":\"https:\/\/consejoderectores.cl\/2021\/11\/24\/magister-en-bioactividad-de-productos-naturales-y-de-sintesis-619e2e87b600f\/#primaryimage\"},\"thumbnailUrl\":\"https:\/\/consejoderectores.cl\/wp-content\/uploads\/2021\/09\/Ciencias_Naturales-min-1.jpg\",\"datePublished\":\"2021-11-24T09:22:31+00:00\",\"breadcrumb\":{\"@id\":\"https:\/\/consejoderectores.cl\/2021\/11\/24\/magister-en-bioactividad-de-productos-naturales-y-de-sintesis-619e2e87b600f\/#breadcrumb\"},\"inLanguage\":\"en-US\",\"potentialAction\":[{\"@type\":\"ReadAction\",\"target\":[\"https:\/\/consejoderectores.cl\/2021\/11\/24\/magister-en-bioactividad-de-productos-naturales-y-de-sintesis-619e2e87b600f\/\"]}]},{\"@type\":\"ImageObject\",\"inLanguage\":\"en-US\",\"@id\":\"https:\/\/consejoderectores.cl\/2021\/11\/24\/magister-en-bioactividad-de-productos-naturales-y-de-sintesis-619e2e87b600f\/#primaryimage\",\"url\":\"https:\/\/consejoderectores.cl\/wp-content\/uploads\/2021\/09\/Ciencias_Naturales-min-1.jpg\",\"contentUrl\":\"https:\/\/consejoderectores.cl\/wp-content\/uploads\/2021\/09\/Ciencias_Naturales-min-1.jpg\",\"width\":1000,\"height\":663},{\"@type\":\"BreadcrumbList\",\"@id\":\"https:\/\/consejoderectores.cl\/2021\/11\/24\/magister-en-bioactividad-de-productos-naturales-y-de-sintesis-619e2e87b600f\/#breadcrumb\",\"itemListElement\":[{\"@type\":\"ListItem\",\"position\":1,\"name\":\"Home\",\"item\":\"https:\/\/consejoderectores.cl\/\"},{\"@type\":\"ListItem\",\"position\":2,\"name\":\"Mag\u00edster en bioactividad de productos naturales y de s\u00edntesis\"}]},{\"@type\":\"WebSite\",\"@id\":\"https:\/\/consejoderectores.cl\/en\/#website\",\"url\":\"https:\/\/consejoderectores.cl\/en\/\",\"name\":\"Consejo de Rectoras y Rectores de las Universidades Chilenas\",\"description\":\"\",\"publisher\":{\"@id\":\"https:\/\/consejoderectores.cl\/en\/#organization\"},\"potentialAction\":[{\"@type\":\"SearchAction\",\"target\":{\"@type\":\"EntryPoint\",\"urlTemplate\":\"https:\/\/consejoderectores.cl\/en\/?s={search_term_string}\"},\"query-input\":{\"@type\":\"PropertyValueSpecification\",\"valueRequired\":true,\"valueName\":\"search_term_string\"}}],\"inLanguage\":\"en-US\"},{\"@type\":\"Organization\",\"@id\":\"https:\/\/consejoderectores.cl\/en\/#organization\",\"name\":\"Consejo de Rectoras y Rectores de las Universidades Chilenas\",\"url\":\"https:\/\/consejoderectores.cl\/en\/\",\"logo\":{\"@type\":\"ImageObject\",\"inLanguage\":\"en-US\",\"@id\":\"https:\/\/consejoderectores.cl\/en\/#\/schema\/logo\/image\/\",\"url\":\"https:\/\/consejoderectores.cl\/wp-content\/uploads\/2025\/12\/logoheader_2025.png\",\"contentUrl\":\"https:\/\/consejoderectores.cl\/wp-content\/uploads\/2025\/12\/logoheader_2025.png\",\"width\":666,\"height\":305,\"caption\":\"Consejo de Rectoras y Rectores de las Universidades Chilenas\"},\"image\":{\"@id\":\"https:\/\/consejoderectores.cl\/en\/#\/schema\/logo\/image\/\"},\"sameAs\":[\"https:\/\/x.com\/CRUCH_cl\",\"https:\/\/www.instagram.com\/consejoderectores\/\",\"https:\/\/www.linkedin.com\/company\/cruch\/\",\"https:\/\/www.youtube.com\/channel\/UCzgIFRCsDlKoFpimiQmEaOA\"]},{\"@type\":\"Person\",\"@id\":\"https:\/\/consejoderectores.cl\/en\/#\/schema\/person\/d863e44afde067fd4b57fac66ced709e\",\"name\":\"Consejo de Rectores de las Universidades Chilenas\",\"image\":{\"@type\":\"ImageObject\",\"inLanguage\":\"en-US\",\"@id\":\"https:\/\/consejoderectores.cl\/en\/#\/schema\/person\/image\/\",\"url\":\"https:\/\/secure.gravatar.com\/avatar\/c31e2a02401f041926afb8ee21ab666f0925814fe85d25a5c8db80e23722dfc1?s=96&d=mm&r=g\",\"contentUrl\":\"https:\/\/secure.gravatar.com\/avatar\/c31e2a02401f041926afb8ee21ab666f0925814fe85d25a5c8db80e23722dfc1?s=96&d=mm&r=g\",\"caption\":\"Consejo de Rectores de las Universidades Chilenas\"},\"sameAs\":[\"https:\/\/www.consejoderectores.cl\"],\"url\":\"https:\/\/consejoderectores.cl\/en\/author\/cruch\/\"}]}<\/script>\n<!-- \/ Yoast SEO plugin. -->","yoast_head_json":{"title":"Mag\u00edster en bioactividad de productos naturales y de s\u00edntesis - Consejo de Rectoras y Rectores de las Universidades Chilenas","robots":{"index":"index","follow":"follow","max-snippet":"max-snippet:-1","max-image-preview":"max-image-preview:large","max-video-preview":"max-video-preview:-1"},"canonical":"https:\/\/consejoderectores.cl\/en\/2021\/11\/24\/magister-en-bioactividad-de-productos-naturales-y-de-sintesis-619e2e87b600f\/","og_locale":"en_US","og_type":"article","og_title":"Mag\u00edster en bioactividad de productos naturales y de s\u00edntesis - Consejo de Rectoras y Rectores de las Universidades Chilenas","og_description":"\u00c1rea Ciencias Naturales Sub-Disciplina Ciencias Universidad de Valpara\u00edso Ciudad: Valpara\u00edso, Comuna: Valpara\u00edso, Regi\u00f3n: Regi\u00f3n de Valpara\u00edso Objetivos Formar graduados que desarrollen proyectos de investigaci\u00f3n orientada al an\u00e1lisis, evaluaci\u00f3n y producci\u00f3n de compuestos bioactivos naturales y de s\u00edntesis que contribuya a la promoci\u00f3n y recuperaci\u00f3n de la salud de la poblaci\u00f3n. Perfil Postulante Los candidatos al [&hellip;]","og_url":"https:\/\/consejoderectores.cl\/en\/2021\/11\/24\/magister-en-bioactividad-de-productos-naturales-y-de-sintesis-619e2e87b600f\/","og_site_name":"Consejo de Rectoras y Rectores de las Universidades Chilenas","article_published_time":"2021-11-24T09:22:31+00:00","og_image":[{"width":1000,"height":663,"url":"https:\/\/consejoderectores.cl\/wp-content\/uploads\/2021\/09\/Ciencias_Naturales-min-1.jpg","type":"image\/jpeg"}],"author":"Consejo de Rectores de las Universidades Chilenas","twitter_card":"summary_large_image","twitter_creator":"@CRUCH_cl","twitter_site":"@CRUCH_cl","twitter_misc":{"Written by":"Consejo de Rectores de las Universidades Chilenas","Est. reading time":"1 minute"},"schema":{"@context":"https:\/\/schema.org","@graph":[{"@type":"Article","@id":"https:\/\/consejoderectores.cl\/2021\/11\/24\/magister-en-bioactividad-de-productos-naturales-y-de-sintesis-619e2e87b600f\/#article","isPartOf":{"@id":"https:\/\/consejoderectores.cl\/2021\/11\/24\/magister-en-bioactividad-de-productos-naturales-y-de-sintesis-619e2e87b600f\/"},"author":{"name":"Consejo de Rectores de las Universidades Chilenas","@id":"https:\/\/consejoderectores.cl\/en\/#\/schema\/person\/d863e44afde067fd4b57fac66ced709e"},"headline":"Mag\u00edster en bioactividad de productos naturales y de s\u00edntesis","datePublished":"2021-11-24T09:22:31+00:00","mainEntityOfPage":{"@id":"https:\/\/consejoderectores.cl\/2021\/11\/24\/magister-en-bioactividad-de-productos-naturales-y-de-sintesis-619e2e87b600f\/"},"wordCount":241,"commentCount":0,"publisher":{"@id":"https:\/\/consejoderectores.cl\/en\/#organization"},"image":{"@id":"https:\/\/consejoderectores.cl\/2021\/11\/24\/magister-en-bioactividad-de-productos-naturales-y-de-sintesis-619e2e87b600f\/#primaryimage"},"thumbnailUrl":"https:\/\/consejoderectores.cl\/wp-content\/uploads\/2021\/09\/Ciencias_Naturales-min-1.jpg","keywords":["Regi\u00f3n de Valpara\u00edso","Universidad de Valpara\u00edso"],"articleSection":["Ciencias Naturales","Mag\u00edster","Postgrado","Sin categor\u00eda"],"inLanguage":"en-US","potentialAction":[{"@type":"CommentAction","name":"Comment","target":["https:\/\/consejoderectores.cl\/2021\/11\/24\/magister-en-bioactividad-de-productos-naturales-y-de-sintesis-619e2e87b600f\/#respond"]}]},{"@type":"WebPage","@id":"https:\/\/consejoderectores.cl\/2021\/11\/24\/magister-en-bioactividad-de-productos-naturales-y-de-sintesis-619e2e87b600f\/","url":"https:\/\/consejoderectores.cl\/2021\/11\/24\/magister-en-bioactividad-de-productos-naturales-y-de-sintesis-619e2e87b600f\/","name":"Mag\u00edster en bioactividad de productos naturales y de s\u00edntesis - Consejo de Rectoras y Rectores de las Universidades Chilenas","isPartOf":{"@id":"https:\/\/consejoderectores.cl\/en\/#website"},"primaryImageOfPage":{"@id":"https:\/\/consejoderectores.cl\/2021\/11\/24\/magister-en-bioactividad-de-productos-naturales-y-de-sintesis-619e2e87b600f\/#primaryimage"},"image":{"@id":"https:\/\/consejoderectores.cl\/2021\/11\/24\/magister-en-bioactividad-de-productos-naturales-y-de-sintesis-619e2e87b600f\/#primaryimage"},"thumbnailUrl":"https:\/\/consejoderectores.cl\/wp-content\/uploads\/2021\/09\/Ciencias_Naturales-min-1.jpg","datePublished":"2021-11-24T09:22:31+00:00","breadcrumb":{"@id":"https:\/\/consejoderectores.cl\/2021\/11\/24\/magister-en-bioactividad-de-productos-naturales-y-de-sintesis-619e2e87b600f\/#breadcrumb"},"inLanguage":"en-US","potentialAction":[{"@type":"ReadAction","target":["https:\/\/consejoderectores.cl\/2021\/11\/24\/magister-en-bioactividad-de-productos-naturales-y-de-sintesis-619e2e87b600f\/"]}]},{"@type":"ImageObject","inLanguage":"en-US","@id":"https:\/\/consejoderectores.cl\/2021\/11\/24\/magister-en-bioactividad-de-productos-naturales-y-de-sintesis-619e2e87b600f\/#primaryimage","url":"https:\/\/consejoderectores.cl\/wp-content\/uploads\/2021\/09\/Ciencias_Naturales-min-1.jpg","contentUrl":"https:\/\/consejoderectores.cl\/wp-content\/uploads\/2021\/09\/Ciencias_Naturales-min-1.jpg","width":1000,"height":663},{"@type":"BreadcrumbList","@id":"https:\/\/consejoderectores.cl\/2021\/11\/24\/magister-en-bioactividad-de-productos-naturales-y-de-sintesis-619e2e87b600f\/#breadcrumb","itemListElement":[{"@type":"ListItem","position":1,"name":"Home","item":"https:\/\/consejoderectores.cl\/"},{"@type":"ListItem","position":2,"name":"Mag\u00edster en bioactividad de productos naturales y de s\u00edntesis"}]},{"@type":"WebSite","@id":"https:\/\/consejoderectores.cl\/en\/#website","url":"https:\/\/consejoderectores.cl\/en\/","name":"Council of Rectors of Chilean Universities","description":"","publisher":{"@id":"https:\/\/consejoderectores.cl\/en\/#organization"},"potentialAction":[{"@type":"SearchAction","target":{"@type":"EntryPoint","urlTemplate":"https:\/\/consejoderectores.cl\/en\/?s={search_term_string}"},"query-input":{"@type":"PropertyValueSpecification","valueRequired":true,"valueName":"search_term_string"}}],"inLanguage":"en-US"},{"@type":"Organization","@id":"https:\/\/consejoderectores.cl\/en\/#organization","name":"Council of Rectors of Chilean Universities","url":"https:\/\/consejoderectores.cl\/en\/","logo":{"@type":"ImageObject","inLanguage":"en-US","@id":"https:\/\/consejoderectores.cl\/en\/#\/schema\/logo\/image\/","url":"https:\/\/consejoderectores.cl\/wp-content\/uploads\/2025\/12\/logoheader_2025.png","contentUrl":"https:\/\/consejoderectores.cl\/wp-content\/uploads\/2025\/12\/logoheader_2025.png","width":666,"height":305,"caption":"Consejo de Rectoras y Rectores de las Universidades Chilenas"},"image":{"@id":"https:\/\/consejoderectores.cl\/en\/#\/schema\/logo\/image\/"},"sameAs":["https:\/\/x.com\/CRUCH_cl","https:\/\/www.instagram.com\/consejoderectores\/","https:\/\/www.linkedin.com\/company\/cruch\/","https:\/\/www.youtube.com\/channel\/UCzgIFRCsDlKoFpimiQmEaOA"]},{"@type":"Person","@id":"https:\/\/consejoderectores.cl\/en\/#\/schema\/person\/d863e44afde067fd4b57fac66ced709e","name":"Council of Rectors of Chilean Universities","image":{"@type":"ImageObject","inLanguage":"en-US","@id":"https:\/\/consejoderectores.cl\/en\/#\/schema\/person\/image\/","url":"https:\/\/secure.gravatar.com\/avatar\/c31e2a02401f041926afb8ee21ab666f0925814fe85d25a5c8db80e23722dfc1?s=96&d=mm&r=g","contentUrl":"https:\/\/secure.gravatar.com\/avatar\/c31e2a02401f041926afb8ee21ab666f0925814fe85d25a5c8db80e23722dfc1?s=96&d=mm&r=g","caption":"Consejo de Rectores de las Universidades Chilenas"},"sameAs":["https:\/\/www.consejoderectores.cl"],"url":"https:\/\/consejoderectores.cl\/en\/author\/cruch\/"}]}},"_links":{"self":[{"href":"https:\/\/consejoderectores.cl\/en\/wp-json\/wp\/v2\/posts\/3978","targetHints":{"allow":["GET"]}}],"collection":[{"href":"https:\/\/consejoderectores.cl\/en\/wp-json\/wp\/v2\/posts"}],"about":[{"href":"https:\/\/consejoderectores.cl\/en\/wp-json\/wp\/v2\/types\/post"}],"author":[{"embeddable":true,"href":"https:\/\/consejoderectores.cl\/en\/wp-json\/wp\/v2\/users\/1"}],"replies":[{"embeddable":true,"href":"https:\/\/consejoderectores.cl\/en\/wp-json\/wp\/v2\/comments?post=3978"}],"version-history":[{"count":0,"href":"https:\/\/consejoderectores.cl\/en\/wp-json\/wp\/v2\/posts\/3978\/revisions"}],"wp:featuredmedia":[{"embeddable":true,"href":"https:\/\/consejoderectores.cl\/en\/wp-json\/wp\/v2\/media\/3290"}],"wp:attachment":[{"href":"https:\/\/consejoderectores.cl\/en\/wp-json\/wp\/v2\/media?parent=3978"}],"wp:term":[{"taxonomy":"category","embeddable":true,"href":"https:\/\/consejoderectores.cl\/en\/wp-json\/wp\/v2\/categories?post=3978"},{"taxonomy":"post_tag","embeddable":true,"href":"https:\/\/consejoderectores.cl\/en\/wp-json\/wp\/v2\/tags?post=3978"}],"curies":[{"name":"wp","href":"https:\/\/api.w.org\/{rel}","templated":true}]}}