{"id":3328,"date":"2021-10-21T15:25:07","date_gmt":"2021-10-21T15:25:07","guid":{"rendered":""},"modified":"2021-10-21T15:25:07","modified_gmt":"2021-10-21T15:25:07","slug":"doctorado-en-geografia-6171b08339216","status":"publish","type":"post","link":"https:\/\/consejoderectores.cl\/en\/2021\/10\/21\/doctorado-en-geografia-6171b08339216\/","title":{"rendered":"PhD in Geography"},"content":{"rendered":"<div class=\"postgrado-container\">\n<div class=\"area-wrap d-flex\">\n<div class=\"area\">\n<h6>Area<\/h6>\n<h3 class=\"area-title\">social Sciences<\/h3>\n<\/div>\n<div class=\"subdisciplina\">\n<h6>Sub-Discipline<\/h6>\n<h3 class=\"subdisciplina-title\">Social and Economic Geography<\/h3>\n<\/div>\n<\/div>\n<div class=\"universidad-wrap d-flex\">\n<div class=\"logo-u\"><img decoding=\"async\" src=\"https:\/\/www.consejoderectores.cl\/wp-content\/uploads\/2021\/01\/duo_catolica.jpg\" alt=\"Pontificia Universidad Catolica de Chile (Campus San Joaqu\u00edn)\" \/><\/div>\n<div class=\"info-u\">\n<h3 class=\"u-title\">Pontifical Catholic University of Chile (San Joaqu\u00edn Campus)<\/h3>\n<ul>\n<li class=\"u-comuna\">City: Macul,<\/li>\n<li class=\"u-ciudad\">Commune: Santiago,<\/li>\n<li class=\"u-region\">Region: Metropolitan Region<\/li>\n<\/ul>\n<\/div>\n<\/div>\n<div class=\"descripcion-wrap\">\n<div class=\"objetivos\">\n<h6>goals<\/h6>\n<p>The objective of the Doctorate Program in Geography is to train researchers and teachers, to work in university and equivalent institutions; as well as professionals of high academic level and with critical capacity, who manage to be a contribution to today&#039;s society, both in the public and private sectors, through research, understanding and solution of key problems that are related to human occupation on the earth&#039;s surface.<\/p><\/div>\n<div class=\"postulante\">\n<h6>Applicant Profile<\/h6>\n<p>You must have an academic degree certificate of Bachelor of Geography, or in other areas that are comparable to the requirements of the discipline (in the area of Earth Sciences or Social Sciences), granted by a national or foreign university.<br \/>\nIf applicable, Master&#039;s certificate in Geography or related areas, awarded by a national or foreign university. In addition, you must certify compliance with the minimum requirements of English language proficiency. If they do not have this accreditation and if accepted, the applicant will undertake, within the development of the Doctorate Program in Geography, to obtain it.<\/p><\/div>\n<div class=\"postulante\">\n<h6>Graduate profile<\/h6>\n<p>Graduates of the program are expected to demonstrate their ability to:<\/p>\n<p>High-level researchers, creating original knowledge that contributes to the advancement of undergraduate and postgraduate degrees in the discipline,<br \/>\nExpanding and strengthening their competencies for the transmission of knowledge of the geographical area in higher education;<br \/>\nScientists in public or private research organizations, providing proposals for solutions to conflicts that derive from human use of the earth&#039;s surface. Likewise, it is expected to enhance the capacities to lead multidisciplinary work teams both in Chile and abroad, and as agents for the inclusion of geographical knowledge in the scientific debate, becoming a qualitative contribution to the search for solutions to the use of the territory. by society.<\/p><\/div>\n<div class=\"investigacion\">\n<h6>Lines of investigation<\/h6>\n<p>Rural and urban geography: metropolization, production of space and periurbanization<\/p>\n<p>Historical geography: space, culture and society<\/p>\n<p>Geomorphology, management of coastal areas and natural risks<\/p>\n<p>Paleoclimate and Paleoecology of the Quaternary<\/p><\/div>\n<\/div>\n<div class=\"contacto-wrap d-flex\">\n<div class=\"enlace\">\n<h6>Link<\/h6>\n<p><a href=\"https:\/\/doctorados.uc.cl\/programa\/doctorado-en-geografia\/\" target=\"_blank\" rel=\"noopener\">Go to link<\/a><\/div>\n<div class=\"correo-contacto\">\n<h6>Contact<\/h6>\n<p><a href=\"mailto:doctoradogeografia@uc.cl\" target=\"_blank\" rel=\"noopener\">doctoradogeografia@uc.cl<\/a><\/div>\n<\/div>\n<\/div>","protected":false},"excerpt":{"rendered":"<p>\u00c1rea Ciencias Sociales Sub-Disciplina Geograf\u00eda Social y Econ\u00f3mica Pontificia Universidad Catolica de Chile (Campus San Joaqu\u00edn) Ciudad: Macul, Comuna: Santiago, Regi\u00f3n: Regi\u00f3n Metropolitana Objetivos El Programa de Doctorado en Geograf\u00eda tiene como objetivo formar investigadores y docentes, para desempe\u00f1arse en instituciones universitarias y equivalentes; as\u00ed como profesionales de alto nivel acad\u00e9mico y con capacidad cr\u00edtica, [&hellip;]<\/p>\n","protected":false},"author":1,"featured_media":3572,"comment_status":"open","ping_status":"open","sticky":false,"template":"","format":"standard","meta":{"_acf_changed":false,"footnotes":""},"categories":[47,154,41],"tags":[186,175],"class_list":["post-3328","post","type-post","status-publish","format-standard","has-post-thumbnail","hentry","category-doctorado","category-d5g-geografia-social-y-economica","category-postgrado","tag-pontificia-universidad-catolica-de-chile","tag-region-metropolitana-de-santiago"],"acf":[],"yoast_head":"<!-- This site is optimized with the Yoast SEO plugin v27.1.1 - https:\/\/yoast.com\/product\/yoast-seo-wordpress\/ -->\n<title>Doctorado en geograf\u00eda - Consejo de Rectoras y Rectores de las Universidades Chilenas<\/title>\n<meta name=\"robots\" content=\"index, follow, max-snippet:-1, max-image-preview:large, max-video-preview:-1\" \/>\n<link rel=\"canonical\" href=\"https:\/\/consejoderectores.cl\/en\/2021\/10\/21\/doctorado-en-geografia-6171b08339216\/\" \/>\n<meta property=\"og:locale\" content=\"en_US\" \/>\n<meta property=\"og:type\" content=\"article\" \/>\n<meta property=\"og:title\" content=\"Doctorado en geograf\u00eda - Consejo de Rectoras y Rectores de las Universidades Chilenas\" \/>\n<meta property=\"og:description\" content=\"\u00c1rea Ciencias Sociales Sub-Disciplina Geograf\u00eda Social y Econ\u00f3mica Pontificia Universidad Catolica de Chile (Campus San Joaqu\u00edn) Ciudad: Macul, Comuna: Santiago, Regi\u00f3n: Regi\u00f3n Metropolitana Objetivos El Programa de Doctorado en Geograf\u00eda tiene como objetivo formar investigadores y docentes, para desempe\u00f1arse en instituciones universitarias y equivalentes; as\u00ed como profesionales de alto nivel acad\u00e9mico y con capacidad cr\u00edtica, [&hellip;]\" \/>\n<meta property=\"og:url\" content=\"https:\/\/consejoderectores.cl\/en\/2021\/10\/21\/doctorado-en-geografia-6171b08339216\/\" \/>\n<meta property=\"og:site_name\" content=\"Consejo de Rectoras y Rectores de las Universidades Chilenas\" \/>\n<meta property=\"article:published_time\" content=\"2021-10-21T15:25:07+00:00\" \/>\n<meta property=\"og:image\" content=\"https:\/\/consejoderectores.cl\/wp-content\/uploads\/2021\/10\/csSOCIALEs.jpg\" \/>\n\t<meta property=\"og:image:width\" content=\"1280\" \/>\n\t<meta property=\"og:image:height\" content=\"852\" \/>\n\t<meta property=\"og:image:type\" content=\"image\/jpeg\" \/>\n<meta name=\"author\" content=\"Consejo de Rectores de las Universidades Chilenas\" \/>\n<meta name=\"twitter:card\" content=\"summary_large_image\" \/>\n<meta name=\"twitter:creator\" content=\"@CRUCH_cl\" \/>\n<meta name=\"twitter:site\" content=\"@CRUCH_cl\" \/>\n<meta name=\"twitter:label1\" content=\"Written by\" \/>\n\t<meta name=\"twitter:data1\" content=\"Consejo de Rectores de las Universidades Chilenas\" \/>\n\t<meta name=\"twitter:label2\" content=\"Est. reading time\" \/>\n\t<meta name=\"twitter:data2\" content=\"2 minutes\" \/>\n<script type=\"application\/ld+json\" class=\"yoast-schema-graph\">{\"@context\":\"https:\/\/schema.org\",\"@graph\":[{\"@type\":\"Article\",\"@id\":\"https:\/\/consejoderectores.cl\/en\/2021\/10\/21\/doctorado-en-geografia-6171b08339216\/#article\",\"isPartOf\":{\"@id\":\"https:\/\/consejoderectores.cl\/en\/2021\/10\/21\/doctorado-en-geografia-6171b08339216\/\"},\"author\":{\"name\":\"Consejo de Rectores de las Universidades Chilenas\",\"@id\":\"https:\/\/consejoderectores.cl\/en\/#\/schema\/person\/d863e44afde067fd4b57fac66ced709e\"},\"headline\":\"Doctorado en geograf\u00eda\",\"datePublished\":\"2021-10-21T15:25:07+00:00\",\"mainEntityOfPage\":{\"@id\":\"https:\/\/consejoderectores.cl\/en\/2021\/10\/21\/doctorado-en-geografia-6171b08339216\/\"},\"wordCount\":408,\"commentCount\":0,\"publisher\":{\"@id\":\"https:\/\/consejoderectores.cl\/en\/#organization\"},\"image\":{\"@id\":\"https:\/\/consejoderectores.cl\/en\/2021\/10\/21\/doctorado-en-geografia-6171b08339216\/#primaryimage\"},\"thumbnailUrl\":\"https:\/\/consejoderectores.cl\/wp-content\/uploads\/2021\/10\/csSOCIALEs.jpg\",\"keywords\":[\"Pontificia Universidad Cat\u00f3lica de Chile\",\"Regi\u00f3n Metropolitana de Santiago\"],\"articleSection\":[\"Doctorado\",\"Geograf\u00eda Social y Econ\u00f3mica\",\"Postgrado\"],\"inLanguage\":\"en-US\",\"potentialAction\":[{\"@type\":\"CommentAction\",\"name\":\"Comment\",\"target\":[\"https:\/\/consejoderectores.cl\/en\/2021\/10\/21\/doctorado-en-geografia-6171b08339216\/#respond\"]}]},{\"@type\":\"WebPage\",\"@id\":\"https:\/\/consejoderectores.cl\/en\/2021\/10\/21\/doctorado-en-geografia-6171b08339216\/\",\"url\":\"https:\/\/consejoderectores.cl\/en\/2021\/10\/21\/doctorado-en-geografia-6171b08339216\/\",\"name\":\"Doctorado en geograf\u00eda - Consejo de Rectoras y Rectores de las Universidades Chilenas\",\"isPartOf\":{\"@id\":\"https:\/\/consejoderectores.cl\/en\/#website\"},\"primaryImageOfPage\":{\"@id\":\"https:\/\/consejoderectores.cl\/en\/2021\/10\/21\/doctorado-en-geografia-6171b08339216\/#primaryimage\"},\"image\":{\"@id\":\"https:\/\/consejoderectores.cl\/en\/2021\/10\/21\/doctorado-en-geografia-6171b08339216\/#primaryimage\"},\"thumbnailUrl\":\"https:\/\/consejoderectores.cl\/wp-content\/uploads\/2021\/10\/csSOCIALEs.jpg\",\"datePublished\":\"2021-10-21T15:25:07+00:00\",\"breadcrumb\":{\"@id\":\"https:\/\/consejoderectores.cl\/en\/2021\/10\/21\/doctorado-en-geografia-6171b08339216\/#breadcrumb\"},\"inLanguage\":\"en-US\",\"potentialAction\":[{\"@type\":\"ReadAction\",\"target\":[\"https:\/\/consejoderectores.cl\/en\/2021\/10\/21\/doctorado-en-geografia-6171b08339216\/\"]}]},{\"@type\":\"ImageObject\",\"inLanguage\":\"en-US\",\"@id\":\"https:\/\/consejoderectores.cl\/en\/2021\/10\/21\/doctorado-en-geografia-6171b08339216\/#primaryimage\",\"url\":\"https:\/\/consejoderectores.cl\/wp-content\/uploads\/2021\/10\/csSOCIALEs.jpg\",\"contentUrl\":\"https:\/\/consejoderectores.cl\/wp-content\/uploads\/2021\/10\/csSOCIALEs.jpg\",\"width\":1280,\"height\":852},{\"@type\":\"BreadcrumbList\",\"@id\":\"https:\/\/consejoderectores.cl\/en\/2021\/10\/21\/doctorado-en-geografia-6171b08339216\/#breadcrumb\",\"itemListElement\":[{\"@type\":\"ListItem\",\"position\":1,\"name\":\"Home\",\"item\":\"https:\/\/consejoderectores.cl\/\"},{\"@type\":\"ListItem\",\"position\":2,\"name\":\"Doctorado en geograf\u00eda\"}]},{\"@type\":\"WebSite\",\"@id\":\"https:\/\/consejoderectores.cl\/en\/#website\",\"url\":\"https:\/\/consejoderectores.cl\/en\/\",\"name\":\"Consejo de Rectoras y Rectores de las Universidades Chilenas\",\"description\":\"\",\"publisher\":{\"@id\":\"https:\/\/consejoderectores.cl\/en\/#organization\"},\"potentialAction\":[{\"@type\":\"SearchAction\",\"target\":{\"@type\":\"EntryPoint\",\"urlTemplate\":\"https:\/\/consejoderectores.cl\/en\/?s={search_term_string}\"},\"query-input\":{\"@type\":\"PropertyValueSpecification\",\"valueRequired\":true,\"valueName\":\"search_term_string\"}}],\"inLanguage\":\"en-US\"},{\"@type\":\"Organization\",\"@id\":\"https:\/\/consejoderectores.cl\/en\/#organization\",\"name\":\"Consejo de Rectoras y Rectores de las Universidades Chilenas\",\"url\":\"https:\/\/consejoderectores.cl\/en\/\",\"logo\":{\"@type\":\"ImageObject\",\"inLanguage\":\"en-US\",\"@id\":\"https:\/\/consejoderectores.cl\/en\/#\/schema\/logo\/image\/\",\"url\":\"https:\/\/consejoderectores.cl\/wp-content\/uploads\/2025\/12\/logoheader_2025.png\",\"contentUrl\":\"https:\/\/consejoderectores.cl\/wp-content\/uploads\/2025\/12\/logoheader_2025.png\",\"width\":666,\"height\":305,\"caption\":\"Consejo de Rectoras y Rectores de las Universidades Chilenas\"},\"image\":{\"@id\":\"https:\/\/consejoderectores.cl\/en\/#\/schema\/logo\/image\/\"},\"sameAs\":[\"https:\/\/x.com\/CRUCH_cl\",\"https:\/\/www.instagram.com\/consejoderectores\/\",\"https:\/\/www.linkedin.com\/company\/cruch\/\",\"https:\/\/www.youtube.com\/channel\/UCzgIFRCsDlKoFpimiQmEaOA\"]},{\"@type\":\"Person\",\"@id\":\"https:\/\/consejoderectores.cl\/en\/#\/schema\/person\/d863e44afde067fd4b57fac66ced709e\",\"name\":\"Consejo de Rectores de las Universidades Chilenas\",\"image\":{\"@type\":\"ImageObject\",\"inLanguage\":\"en-US\",\"@id\":\"https:\/\/consejoderectores.cl\/en\/#\/schema\/person\/image\/\",\"url\":\"https:\/\/secure.gravatar.com\/avatar\/c31e2a02401f041926afb8ee21ab666f0925814fe85d25a5c8db80e23722dfc1?s=96&d=mm&r=g\",\"contentUrl\":\"https:\/\/secure.gravatar.com\/avatar\/c31e2a02401f041926afb8ee21ab666f0925814fe85d25a5c8db80e23722dfc1?s=96&d=mm&r=g\",\"caption\":\"Consejo de Rectores de las Universidades Chilenas\"},\"sameAs\":[\"https:\/\/www.consejoderectores.cl\"],\"url\":\"https:\/\/consejoderectores.cl\/en\/author\/cruch\/\"}]}<\/script>\n<!-- \/ Yoast SEO plugin. -->","yoast_head_json":{"title":"Doctorado en geograf\u00eda - Consejo de Rectoras y Rectores de las Universidades Chilenas","robots":{"index":"index","follow":"follow","max-snippet":"max-snippet:-1","max-image-preview":"max-image-preview:large","max-video-preview":"max-video-preview:-1"},"canonical":"https:\/\/consejoderectores.cl\/en\/2021\/10\/21\/doctorado-en-geografia-6171b08339216\/","og_locale":"en_US","og_type":"article","og_title":"Doctorado en geograf\u00eda - Consejo de Rectoras y Rectores de las Universidades Chilenas","og_description":"\u00c1rea Ciencias Sociales Sub-Disciplina Geograf\u00eda Social y Econ\u00f3mica Pontificia Universidad Catolica de Chile (Campus San Joaqu\u00edn) Ciudad: Macul, Comuna: Santiago, Regi\u00f3n: Regi\u00f3n Metropolitana Objetivos El Programa de Doctorado en Geograf\u00eda tiene como objetivo formar investigadores y docentes, para desempe\u00f1arse en instituciones universitarias y equivalentes; as\u00ed como profesionales de alto nivel acad\u00e9mico y con capacidad cr\u00edtica, [&hellip;]","og_url":"https:\/\/consejoderectores.cl\/en\/2021\/10\/21\/doctorado-en-geografia-6171b08339216\/","og_site_name":"Consejo de Rectoras y Rectores de las Universidades Chilenas","article_published_time":"2021-10-21T15:25:07+00:00","og_image":[{"width":1280,"height":852,"url":"https:\/\/consejoderectores.cl\/wp-content\/uploads\/2021\/10\/csSOCIALEs.jpg","type":"image\/jpeg"}],"author":"Consejo de Rectores de las Universidades Chilenas","twitter_card":"summary_large_image","twitter_creator":"@CRUCH_cl","twitter_site":"@CRUCH_cl","twitter_misc":{"Written by":"Consejo de Rectores de las Universidades Chilenas","Est. reading time":"2 minutes"},"schema":{"@context":"https:\/\/schema.org","@graph":[{"@type":"Article","@id":"https:\/\/consejoderectores.cl\/en\/2021\/10\/21\/doctorado-en-geografia-6171b08339216\/#article","isPartOf":{"@id":"https:\/\/consejoderectores.cl\/en\/2021\/10\/21\/doctorado-en-geografia-6171b08339216\/"},"author":{"name":"Consejo de Rectores de las Universidades Chilenas","@id":"https:\/\/consejoderectores.cl\/en\/#\/schema\/person\/d863e44afde067fd4b57fac66ced709e"},"headline":"Doctorado en geograf\u00eda","datePublished":"2021-10-21T15:25:07+00:00","mainEntityOfPage":{"@id":"https:\/\/consejoderectores.cl\/en\/2021\/10\/21\/doctorado-en-geografia-6171b08339216\/"},"wordCount":408,"commentCount":0,"publisher":{"@id":"https:\/\/consejoderectores.cl\/en\/#organization"},"image":{"@id":"https:\/\/consejoderectores.cl\/en\/2021\/10\/21\/doctorado-en-geografia-6171b08339216\/#primaryimage"},"thumbnailUrl":"https:\/\/consejoderectores.cl\/wp-content\/uploads\/2021\/10\/csSOCIALEs.jpg","keywords":["Pontificia Universidad Cat\u00f3lica de Chile","Regi\u00f3n Metropolitana de Santiago"],"articleSection":["Doctorado","Geograf\u00eda Social y Econ\u00f3mica","Postgrado"],"inLanguage":"en-US","potentialAction":[{"@type":"CommentAction","name":"Comment","target":["https:\/\/consejoderectores.cl\/en\/2021\/10\/21\/doctorado-en-geografia-6171b08339216\/#respond"]}]},{"@type":"WebPage","@id":"https:\/\/consejoderectores.cl\/en\/2021\/10\/21\/doctorado-en-geografia-6171b08339216\/","url":"https:\/\/consejoderectores.cl\/en\/2021\/10\/21\/doctorado-en-geografia-6171b08339216\/","name":"Doctorado en geograf\u00eda - Consejo de Rectoras y Rectores de las Universidades Chilenas","isPartOf":{"@id":"https:\/\/consejoderectores.cl\/en\/#website"},"primaryImageOfPage":{"@id":"https:\/\/consejoderectores.cl\/en\/2021\/10\/21\/doctorado-en-geografia-6171b08339216\/#primaryimage"},"image":{"@id":"https:\/\/consejoderectores.cl\/en\/2021\/10\/21\/doctorado-en-geografia-6171b08339216\/#primaryimage"},"thumbnailUrl":"https:\/\/consejoderectores.cl\/wp-content\/uploads\/2021\/10\/csSOCIALEs.jpg","datePublished":"2021-10-21T15:25:07+00:00","breadcrumb":{"@id":"https:\/\/consejoderectores.cl\/en\/2021\/10\/21\/doctorado-en-geografia-6171b08339216\/#breadcrumb"},"inLanguage":"en-US","potentialAction":[{"@type":"ReadAction","target":["https:\/\/consejoderectores.cl\/en\/2021\/10\/21\/doctorado-en-geografia-6171b08339216\/"]}]},{"@type":"ImageObject","inLanguage":"en-US","@id":"https:\/\/consejoderectores.cl\/en\/2021\/10\/21\/doctorado-en-geografia-6171b08339216\/#primaryimage","url":"https:\/\/consejoderectores.cl\/wp-content\/uploads\/2021\/10\/csSOCIALEs.jpg","contentUrl":"https:\/\/consejoderectores.cl\/wp-content\/uploads\/2021\/10\/csSOCIALEs.jpg","width":1280,"height":852},{"@type":"BreadcrumbList","@id":"https:\/\/consejoderectores.cl\/en\/2021\/10\/21\/doctorado-en-geografia-6171b08339216\/#breadcrumb","itemListElement":[{"@type":"ListItem","position":1,"name":"Home","item":"https:\/\/consejoderectores.cl\/"},{"@type":"ListItem","position":2,"name":"Doctorado en geograf\u00eda"}]},{"@type":"WebSite","@id":"https:\/\/consejoderectores.cl\/en\/#website","url":"https:\/\/consejoderectores.cl\/en\/","name":"Council of Rectors of Chilean Universities","description":"","publisher":{"@id":"https:\/\/consejoderectores.cl\/en\/#organization"},"potentialAction":[{"@type":"SearchAction","target":{"@type":"EntryPoint","urlTemplate":"https:\/\/consejoderectores.cl\/en\/?s={search_term_string}"},"query-input":{"@type":"PropertyValueSpecification","valueRequired":true,"valueName":"search_term_string"}}],"inLanguage":"en-US"},{"@type":"Organization","@id":"https:\/\/consejoderectores.cl\/en\/#organization","name":"Council of Rectors of Chilean Universities","url":"https:\/\/consejoderectores.cl\/en\/","logo":{"@type":"ImageObject","inLanguage":"en-US","@id":"https:\/\/consejoderectores.cl\/en\/#\/schema\/logo\/image\/","url":"https:\/\/consejoderectores.cl\/wp-content\/uploads\/2025\/12\/logoheader_2025.png","contentUrl":"https:\/\/consejoderectores.cl\/wp-content\/uploads\/2025\/12\/logoheader_2025.png","width":666,"height":305,"caption":"Consejo de Rectoras y Rectores de las Universidades Chilenas"},"image":{"@id":"https:\/\/consejoderectores.cl\/en\/#\/schema\/logo\/image\/"},"sameAs":["https:\/\/x.com\/CRUCH_cl","https:\/\/www.instagram.com\/consejoderectores\/","https:\/\/www.linkedin.com\/company\/cruch\/","https:\/\/www.youtube.com\/channel\/UCzgIFRCsDlKoFpimiQmEaOA"]},{"@type":"Person","@id":"https:\/\/consejoderectores.cl\/en\/#\/schema\/person\/d863e44afde067fd4b57fac66ced709e","name":"Council of Rectors of Chilean Universities","image":{"@type":"ImageObject","inLanguage":"en-US","@id":"https:\/\/consejoderectores.cl\/en\/#\/schema\/person\/image\/","url":"https:\/\/secure.gravatar.com\/avatar\/c31e2a02401f041926afb8ee21ab666f0925814fe85d25a5c8db80e23722dfc1?s=96&d=mm&r=g","contentUrl":"https:\/\/secure.gravatar.com\/avatar\/c31e2a02401f041926afb8ee21ab666f0925814fe85d25a5c8db80e23722dfc1?s=96&d=mm&r=g","caption":"Consejo de Rectores de las Universidades Chilenas"},"sameAs":["https:\/\/www.consejoderectores.cl"],"url":"https:\/\/consejoderectores.cl\/en\/author\/cruch\/"}]}},"_links":{"self":[{"href":"https:\/\/consejoderectores.cl\/en\/wp-json\/wp\/v2\/posts\/3328","targetHints":{"allow":["GET"]}}],"collection":[{"href":"https:\/\/consejoderectores.cl\/en\/wp-json\/wp\/v2\/posts"}],"about":[{"href":"https:\/\/consejoderectores.cl\/en\/wp-json\/wp\/v2\/types\/post"}],"author":[{"embeddable":true,"href":"https:\/\/consejoderectores.cl\/en\/wp-json\/wp\/v2\/users\/1"}],"replies":[{"embeddable":true,"href":"https:\/\/consejoderectores.cl\/en\/wp-json\/wp\/v2\/comments?post=3328"}],"version-history":[{"count":1,"href":"https:\/\/consejoderectores.cl\/en\/wp-json\/wp\/v2\/posts\/3328\/revisions"}],"predecessor-version":[{"id":3585,"href":"https:\/\/consejoderectores.cl\/en\/wp-json\/wp\/v2\/posts\/3328\/revisions\/3585"}],"wp:featuredmedia":[{"embeddable":true,"href":"https:\/\/consejoderectores.cl\/en\/wp-json\/wp\/v2\/media\/3572"}],"wp:attachment":[{"href":"https:\/\/consejoderectores.cl\/en\/wp-json\/wp\/v2\/media?parent=3328"}],"wp:term":[{"taxonomy":"category","embeddable":true,"href":"https:\/\/consejoderectores.cl\/en\/wp-json\/wp\/v2\/categories?post=3328"},{"taxonomy":"post_tag","embeddable":true,"href":"https:\/\/consejoderectores.cl\/en\/wp-json\/wp\/v2\/tags?post=3328"}],"curies":[{"name":"wp","href":"https:\/\/api.w.org\/{rel}","templated":true}]}}