{"id":3089,"date":"2018-05-31T13:00:00","date_gmt":"2018-05-31T13:00:00","guid":{"rendered":""},"modified":"2021-12-13T20:37:14","modified_gmt":"2021-12-13T20:37:14","slug":"6152dadbcdf31","status":"publish","type":"post","link":"https:\/\/consejoderectores.cl\/en\/2018\/05\/31\/6152dadbcdf31\/","title":{"rendered":"Vice President of CRUCH, Aldo Valle: &quot;It is very important to give the message that the 2019 Admission Process is going to remain in the current conditions&quot;"},"content":{"rendered":"<blockquote style=\"text-align: left;\"><p>On the occasion of the announcement of the forthcoming start of the enrollment stage at the PSU, the executive vice president of CRUCH, the head of DIVESUP and the vice-rector for Academic Affairs of the University of Chile, referred to the most important aspects of the Admission Process 2019 and, also, to the challenges of the creation of the Access System contemplated in the Higher Education Law published on May 29.<\/p>\n<p>The registration period to take the PSU will be between Monday, June 4 and Friday, August 3.<\/p><\/blockquote>\n<p style=\"text-align: left;\">With the publication of the official documents &quot;Rules, Registration and Important Aspects of the Admission Process&quot; and, &quot;Preliminary List of Careers and Weightings&quot;, the executive vice president of CRUCH, together with the head of the Higher Education Division, Juan Eduardo Vargas; and the Vice Chancellor for Academic Affairs of the University of Chile, Rosa Dev\u00e9s, formally began the Enrollment Stage for the PSU (University Selection Tests) for the 2019 Admission Process.<\/p>\n<p>The information contained in both documents, which are available in digital format on the website of the Single Admission System (SUA) and the Department of Educational Evaluation, Measurement and Registration (DEMRE) of the University of Chile, is essential for students and the students \u201care duly informed to face each of the stages of the process. Also, so that they are aware of their rights and duties before enrolling in the PSU \u201d, highlighted the rector Aldo Valle.<\/p>\n<p>Registration to the PSU will begin next Monday, June 4 and will run until Friday, August 3, so there will be a period of more than 2 months (61 days) to register online through the DEMRE website. (www.demre.cl). The value of the PSU registration this year is $31,760.<\/p>\n<p>The vice-chancellor of the University of Chile pointed out that the students belonging to the promotion of the year of municipal establishments and subsidized individuals can access the PSU Scholarship granted by JUNAEB (National Board of School Aid and Scholarships).<\/p>\n<h4 style=\"text-align: left;\">Challenges of the future Access System<\/h4>\n<p style=\"text-align: left;\">The executive vice president of CRUCH referred to the recent publication of the Higher Education Law that, among other aspects, establishes the creation of an Access System that will be located in the future Undersecretary of Higher Education of the Ministry of Education.<\/p>\n<p>\u201cFor this reason, we have wanted to link up with the Mineduc now and that is why we have asked the head of DIVESUP to accompany us at the beginning of this process because the purpose is to work together from now on so that there is no risk that This change that will be made by virtue of the Law that has come into force may generate some uncertainty. The truth is that for the moment it is very important to give the message that the 2019 Admission Process is going to be maintained in the conditions that it is currently in, \u201dsaid Valle.<\/p>\n<p>For his part, Juan Eduardo Vargas revealed that \u201cwe are very happy to be part of this process in which about 300 thousand young people participate and I want to highlight especially the number of universities that participate, 27 from CRUCH and 14 private, which is undoubtedly the strongest indicator regarding the seriousness of this process \u201d.<\/p>\n<p>In order to meet the deadlines considered in the Law, Vargas added that &quot;it seems extremely relevant to us to start a joint work with the Council of Rectors for Admission 2021&quot;. He also argued that &quot;although as a Ministry we understand that the tests are dynamic in themselves and should be subject to review, but that must be done in a context and with due prudence and above all with due anticipation and notice.&quot;<\/p>\n<p>The head of DIVESUP added that &quot;there is, moreover, an institution that is in charge of the administration of this process today and that it must obviously be the one that leads these eventual revisions and changes to the PSU.&quot;<\/p>\n<p>Finally, Vargas said that he has a great challenge ahead of him, because \u201cit is not easy to go through a whole history of an admission system to the Undersecretariat and also build a sub-system for the Professional Technical field, which does not exist today. From that point of view, it is quite a challenging task, but I trust that I will have the full support of the Council of Rectors and of the people who should make up the expert sub-committees \u201d.<\/p>\n<h4 style=\"text-align: left;\">Admission News 2019<\/h4>\n<p style=\"text-align: left;\">From this Admission Process 2019, the adjustment to the transformation scale of Secondary Education Notes (NEM) that the CRUCH announced at the beginning of last year will begin.<\/p>\n<p>The scale will be progressively adjusted over 5 years, from the 2019 Admission Process to 2023, so that it is equivalent to that of the PSU, which is 150 points at its lower limit and 850 points at the upper limit. The tables consider the following three groups of students: Scientific Teaching - Day Humanist, Scientific Teaching - Adult Humanist and Technical - Professional Secondary Education. They are published on the SUA and DEMRE websites.<\/p>\n<p>Another novelty of this process is that as of this year 2 new universities were incorporated into the Single Admission System: the Academia de Humanismo Cristiano University and the Bernardo O&#039;Higgins University.<\/p>\n<h4 style=\"text-align: left;\">Other relevant dates<\/h4>\n<p style=\"text-align: left;\">It should be remembered that the dates of surrender of the PSU are Monday, November 26 and Tuesday, November 27 of this year and, the recognition of rooms, on Sunday 25.<\/p>\n<p>Meanwhile, the results of the PSU will be published on December 26 at 8:00 a.m. and at 9:00 a.m. that same day until December 30, you can apply to any of the 41 universities that participate in the SUA. That is, there will be 5 days to apply. The results of the selection will be announced on January 14, 2019 at 11:00 p.m., after which the first and second stage of enrollment will begin, from January 15 to 24 of next year.<\/p>\n<p>The other relevant dates of the process are available in the 2019 Admission Process Calendar, on the SUA website and also on the DEMRE website.<\/p>\n<p>&nbsp;<\/p>\n<p><img loading=\"lazy\" decoding=\"async\" class=\"alignright size-medium wp-image-4863\" src=\"https:\/\/www.consejoderectores.cl\/wp-content\/uploads\/2018\/05\/31.05.2018-FOTO-2-INICIO-PSU-300x201.jpg\" alt=\"\" width=\"300\" height=\"201\" srcset=\"https:\/\/consejoderectores.cl\/wp-content\/uploads\/2018\/05\/31.05.2018-FOTO-2-INICIO-PSU-300x201.jpg 300w, https:\/\/consejoderectores.cl\/wp-content\/uploads\/2018\/05\/31.05.2018-FOTO-2-INICIO-PSU-1024x684.jpg 1024w, https:\/\/consejoderectores.cl\/wp-content\/uploads\/2018\/05\/31.05.2018-FOTO-2-INICIO-PSU-768x513.jpg 768w, https:\/\/consejoderectores.cl\/wp-content\/uploads\/2018\/05\/31.05.2018-FOTO-2-INICIO-PSU-1536x1027.jpg 1536w, https:\/\/consejoderectores.cl\/wp-content\/uploads\/2018\/05\/31.05.2018-FOTO-2-INICIO-PSU-2048x1369.jpg 2048w, https:\/\/consejoderectores.cl\/wp-content\/uploads\/2018\/05\/31.05.2018-FOTO-2-INICIO-PSU-16x12.jpg 16w, https:\/\/consejoderectores.cl\/wp-content\/uploads\/2018\/05\/31.05.2018-FOTO-2-INICIO-PSU-848x567.jpg 848w, https:\/\/consejoderectores.cl\/wp-content\/uploads\/2018\/05\/31.05.2018-FOTO-2-INICIO-PSU-1140x762.jpg 1140w, https:\/\/consejoderectores.cl\/wp-content\/uploads\/2018\/05\/31.05.2018-FOTO-2-INICIO-PSU-1170x782.jpg 1170w, https:\/\/consejoderectores.cl\/wp-content\/uploads\/2018\/05\/31.05.2018-FOTO-2-INICIO-PSU-1920x1283.jpg 1920w\" sizes=\"auto, (max-width: 300px) 100vw, 300px\" \/> <img loading=\"lazy\" decoding=\"async\" class=\"size-medium wp-image-4864 alignleft\" src=\"https:\/\/www.consejoderectores.cl\/wp-content\/uploads\/2018\/05\/31.05.2018-FOTO-3-INICIO-PSU-300x201.jpg\" alt=\"\" width=\"300\" height=\"201\" srcset=\"https:\/\/consejoderectores.cl\/wp-content\/uploads\/2018\/05\/31.05.2018-FOTO-3-INICIO-PSU-300x201.jpg 300w, https:\/\/consejoderectores.cl\/wp-content\/uploads\/2018\/05\/31.05.2018-FOTO-3-INICIO-PSU-1024x684.jpg 1024w, https:\/\/consejoderectores.cl\/wp-content\/uploads\/2018\/05\/31.05.2018-FOTO-3-INICIO-PSU-768x513.jpg 768w, https:\/\/consejoderectores.cl\/wp-content\/uploads\/2018\/05\/31.05.2018-FOTO-3-INICIO-PSU-1536x1027.jpg 1536w, https:\/\/consejoderectores.cl\/wp-content\/uploads\/2018\/05\/31.05.2018-FOTO-3-INICIO-PSU-2048x1369.jpg 2048w, https:\/\/consejoderectores.cl\/wp-content\/uploads\/2018\/05\/31.05.2018-FOTO-3-INICIO-PSU-16x12.jpg 16w, https:\/\/consejoderectores.cl\/wp-content\/uploads\/2018\/05\/31.05.2018-FOTO-3-INICIO-PSU-848x567.jpg 848w, https:\/\/consejoderectores.cl\/wp-content\/uploads\/2018\/05\/31.05.2018-FOTO-3-INICIO-PSU-1140x762.jpg 1140w, https:\/\/consejoderectores.cl\/wp-content\/uploads\/2018\/05\/31.05.2018-FOTO-3-INICIO-PSU-1170x782.jpg 1170w, https:\/\/consejoderectores.cl\/wp-content\/uploads\/2018\/05\/31.05.2018-FOTO-3-INICIO-PSU-1920x1283.jpg 1920w\" sizes=\"auto, (max-width: 300px) 100vw, 300px\" \/><\/p>","protected":false},"excerpt":{"rendered":"<p>Con motivo del anuncio del pr\u00f3ximo inicio de la etapa de inscripci\u00f3n a la PSU, el vicepresidente ejecutivo del CRUCH, el jefe de la DIVESUP y la vicerrectora de Asuntos Acad\u00e9micos de la Universidad de Chile, se refirieron a los aspectos m\u00e1s importantes del Proceso de Admisi\u00f3n 2019 y, tambi\u00e9n, a los desaf\u00edos de la [&hellip;]<\/p>\n","protected":false},"author":1,"featured_media":4861,"comment_status":"open","ping_status":"open","sticky":false,"template":"","format":"standard","meta":{"_acf_changed":false,"footnotes":""},"categories":[3],"tags":[],"class_list":["post-3089","post","type-post","status-publish","format-standard","has-post-thumbnail","hentry","category-noticias"],"acf":[],"yoast_head":"<!-- This site is optimized with the Yoast SEO plugin v27.1.1 - https:\/\/yoast.com\/product\/yoast-seo-wordpress\/ -->\n<title>Vicepresidente del CRUCH, Aldo Valle: \u201cEs muy importante dar el mensaje que el Proceso de Admisi\u00f3n 2019 se va a mantener en las condiciones que est\u00e1 actualmente\u201d - Consejo de Rectoras y Rectores de las Universidades Chilenas<\/title>\n<meta name=\"robots\" content=\"index, follow, max-snippet:-1, max-image-preview:large, max-video-preview:-1\" \/>\n<link rel=\"canonical\" href=\"https:\/\/consejoderectores.cl\/en\/2018\/05\/31\/6152dadbcdf31\/\" \/>\n<meta property=\"og:locale\" content=\"en_US\" \/>\n<meta property=\"og:type\" content=\"article\" \/>\n<meta property=\"og:title\" content=\"Vicepresidente del CRUCH, Aldo Valle: \u201cEs muy importante dar el mensaje que el Proceso de Admisi\u00f3n 2019 se va a mantener en las condiciones que est\u00e1 actualmente\u201d - Consejo de Rectoras y Rectores de las Universidades Chilenas\" \/>\n<meta property=\"og:description\" content=\"Con motivo del anuncio del pr\u00f3ximo inicio de la etapa de inscripci\u00f3n a la PSU, el vicepresidente ejecutivo del CRUCH, el jefe de la DIVESUP y la vicerrectora de Asuntos Acad\u00e9micos de la Universidad de Chile, se refirieron a los aspectos m\u00e1s importantes del Proceso de Admisi\u00f3n 2019 y, tambi\u00e9n, a los desaf\u00edos de la [&hellip;]\" \/>\n<meta property=\"og:url\" content=\"https:\/\/consejoderectores.cl\/en\/2018\/05\/31\/6152dadbcdf31\/\" \/>\n<meta property=\"og:site_name\" content=\"Consejo de Rectoras y Rectores de las Universidades Chilenas\" \/>\n<meta property=\"article:published_time\" content=\"2018-05-31T13:00:00+00:00\" \/>\n<meta property=\"article:modified_time\" content=\"2021-12-13T20:37:14+00:00\" \/>\n<meta property=\"og:image\" content=\"https:\/\/consejoderectores.cl\/wp-content\/uploads\/2018\/05\/31.05.2018-FOTO-DESTACADA-INICIO-PSU-scaled.jpg\" \/>\n\t<meta property=\"og:image:width\" content=\"2560\" \/>\n\t<meta property=\"og:image:height\" content=\"1711\" \/>\n\t<meta property=\"og:image:type\" content=\"image\/jpeg\" \/>\n<meta name=\"author\" content=\"Consejo de Rectores de las Universidades Chilenas\" \/>\n<meta name=\"twitter:card\" content=\"summary_large_image\" \/>\n<meta name=\"twitter:creator\" content=\"@CRUCH_cl\" \/>\n<meta name=\"twitter:site\" content=\"@CRUCH_cl\" \/>\n<meta name=\"twitter:label1\" content=\"Written by\" \/>\n\t<meta name=\"twitter:data1\" content=\"Consejo de Rectores de las Universidades Chilenas\" \/>\n\t<meta name=\"twitter:label2\" content=\"Est. reading time\" \/>\n\t<meta name=\"twitter:data2\" content=\"6 minutes\" \/>\n<script type=\"application\/ld+json\" class=\"yoast-schema-graph\">{\"@context\":\"https:\/\/schema.org\",\"@graph\":[{\"@type\":\"Article\",\"@id\":\"https:\/\/consejoderectores.cl\/en\/2018\/05\/31\/6152dadbcdf31\/#article\",\"isPartOf\":{\"@id\":\"https:\/\/consejoderectores.cl\/en\/2018\/05\/31\/6152dadbcdf31\/\"},\"author\":{\"name\":\"Consejo de Rectores de las Universidades Chilenas\",\"@id\":\"https:\/\/consejoderectores.cl\/en\/#\/schema\/person\/d863e44afde067fd4b57fac66ced709e\"},\"headline\":\"Vicepresidente del CRUCH, Aldo Valle: \u201cEs muy importante dar el mensaje que el Proceso de Admisi\u00f3n 2019 se va a mantener en las condiciones que est\u00e1 actualmente\u201d\",\"datePublished\":\"2018-05-31T13:00:00+00:00\",\"dateModified\":\"2021-12-13T20:37:14+00:00\",\"mainEntityOfPage\":{\"@id\":\"https:\/\/consejoderectores.cl\/en\/2018\/05\/31\/6152dadbcdf31\/\"},\"wordCount\":1132,\"commentCount\":0,\"publisher\":{\"@id\":\"https:\/\/consejoderectores.cl\/en\/#organization\"},\"image\":{\"@id\":\"https:\/\/consejoderectores.cl\/en\/2018\/05\/31\/6152dadbcdf31\/#primaryimage\"},\"thumbnailUrl\":\"https:\/\/consejoderectores.cl\/wp-content\/uploads\/2018\/05\/31.05.2018-FOTO-DESTACADA-INICIO-PSU-scaled.jpg\",\"articleSection\":[\"Noticias\"],\"inLanguage\":\"en-US\",\"potentialAction\":[{\"@type\":\"CommentAction\",\"name\":\"Comment\",\"target\":[\"https:\/\/consejoderectores.cl\/en\/2018\/05\/31\/6152dadbcdf31\/#respond\"]}]},{\"@type\":\"WebPage\",\"@id\":\"https:\/\/consejoderectores.cl\/en\/2018\/05\/31\/6152dadbcdf31\/\",\"url\":\"https:\/\/consejoderectores.cl\/en\/2018\/05\/31\/6152dadbcdf31\/\",\"name\":\"Vicepresidente del CRUCH, Aldo Valle: \u201cEs muy importante dar el mensaje que el Proceso de Admisi\u00f3n 2019 se va a mantener en las condiciones que est\u00e1 actualmente\u201d - Consejo de Rectoras y Rectores de las Universidades Chilenas\",\"isPartOf\":{\"@id\":\"https:\/\/consejoderectores.cl\/en\/#website\"},\"primaryImageOfPage\":{\"@id\":\"https:\/\/consejoderectores.cl\/en\/2018\/05\/31\/6152dadbcdf31\/#primaryimage\"},\"image\":{\"@id\":\"https:\/\/consejoderectores.cl\/en\/2018\/05\/31\/6152dadbcdf31\/#primaryimage\"},\"thumbnailUrl\":\"https:\/\/consejoderectores.cl\/wp-content\/uploads\/2018\/05\/31.05.2018-FOTO-DESTACADA-INICIO-PSU-scaled.jpg\",\"datePublished\":\"2018-05-31T13:00:00+00:00\",\"dateModified\":\"2021-12-13T20:37:14+00:00\",\"breadcrumb\":{\"@id\":\"https:\/\/consejoderectores.cl\/en\/2018\/05\/31\/6152dadbcdf31\/#breadcrumb\"},\"inLanguage\":\"en-US\",\"potentialAction\":[{\"@type\":\"ReadAction\",\"target\":[\"https:\/\/consejoderectores.cl\/en\/2018\/05\/31\/6152dadbcdf31\/\"]}]},{\"@type\":\"ImageObject\",\"inLanguage\":\"en-US\",\"@id\":\"https:\/\/consejoderectores.cl\/en\/2018\/05\/31\/6152dadbcdf31\/#primaryimage\",\"url\":\"https:\/\/consejoderectores.cl\/wp-content\/uploads\/2018\/05\/31.05.2018-FOTO-DESTACADA-INICIO-PSU-scaled.jpg\",\"contentUrl\":\"https:\/\/consejoderectores.cl\/wp-content\/uploads\/2018\/05\/31.05.2018-FOTO-DESTACADA-INICIO-PSU-scaled.jpg\",\"width\":2560,\"height\":1711},{\"@type\":\"BreadcrumbList\",\"@id\":\"https:\/\/consejoderectores.cl\/en\/2018\/05\/31\/6152dadbcdf31\/#breadcrumb\",\"itemListElement\":[{\"@type\":\"ListItem\",\"position\":1,\"name\":\"Home\",\"item\":\"https:\/\/consejoderectores.cl\/\"},{\"@type\":\"ListItem\",\"position\":2,\"name\":\"Vicepresidente del CRUCH, Aldo Valle: \u201cEs muy importante dar el mensaje que el Proceso de Admisi\u00f3n 2019 se va a mantener en las condiciones que est\u00e1 actualmente\u201d\"}]},{\"@type\":\"WebSite\",\"@id\":\"https:\/\/consejoderectores.cl\/en\/#website\",\"url\":\"https:\/\/consejoderectores.cl\/en\/\",\"name\":\"Consejo de Rectoras y Rectores de las Universidades Chilenas\",\"description\":\"\",\"publisher\":{\"@id\":\"https:\/\/consejoderectores.cl\/en\/#organization\"},\"potentialAction\":[{\"@type\":\"SearchAction\",\"target\":{\"@type\":\"EntryPoint\",\"urlTemplate\":\"https:\/\/consejoderectores.cl\/en\/?s={search_term_string}\"},\"query-input\":{\"@type\":\"PropertyValueSpecification\",\"valueRequired\":true,\"valueName\":\"search_term_string\"}}],\"inLanguage\":\"en-US\"},{\"@type\":\"Organization\",\"@id\":\"https:\/\/consejoderectores.cl\/en\/#organization\",\"name\":\"Consejo de Rectoras y Rectores de las Universidades Chilenas\",\"url\":\"https:\/\/consejoderectores.cl\/en\/\",\"logo\":{\"@type\":\"ImageObject\",\"inLanguage\":\"en-US\",\"@id\":\"https:\/\/consejoderectores.cl\/en\/#\/schema\/logo\/image\/\",\"url\":\"https:\/\/consejoderectores.cl\/wp-content\/uploads\/2025\/12\/logoheader_2025.png\",\"contentUrl\":\"https:\/\/consejoderectores.cl\/wp-content\/uploads\/2025\/12\/logoheader_2025.png\",\"width\":666,\"height\":305,\"caption\":\"Consejo de Rectoras y Rectores de las Universidades Chilenas\"},\"image\":{\"@id\":\"https:\/\/consejoderectores.cl\/en\/#\/schema\/logo\/image\/\"},\"sameAs\":[\"https:\/\/x.com\/CRUCH_cl\",\"https:\/\/www.instagram.com\/consejoderectores\/\",\"https:\/\/www.linkedin.com\/company\/cruch\/\",\"https:\/\/www.youtube.com\/channel\/UCzgIFRCsDlKoFpimiQmEaOA\"]},{\"@type\":\"Person\",\"@id\":\"https:\/\/consejoderectores.cl\/en\/#\/schema\/person\/d863e44afde067fd4b57fac66ced709e\",\"name\":\"Consejo de Rectores de las Universidades Chilenas\",\"image\":{\"@type\":\"ImageObject\",\"inLanguage\":\"en-US\",\"@id\":\"https:\/\/consejoderectores.cl\/en\/#\/schema\/person\/image\/\",\"url\":\"https:\/\/secure.gravatar.com\/avatar\/c31e2a02401f041926afb8ee21ab666f0925814fe85d25a5c8db80e23722dfc1?s=96&d=mm&r=g\",\"contentUrl\":\"https:\/\/secure.gravatar.com\/avatar\/c31e2a02401f041926afb8ee21ab666f0925814fe85d25a5c8db80e23722dfc1?s=96&d=mm&r=g\",\"caption\":\"Consejo de Rectores de las Universidades Chilenas\"},\"sameAs\":[\"https:\/\/www.consejoderectores.cl\"],\"url\":\"https:\/\/consejoderectores.cl\/en\/author\/cruch\/\"}]}<\/script>\n<!-- \/ Yoast SEO plugin. -->","yoast_head_json":{"title":"Vicepresidente del CRUCH, Aldo Valle: \u201cEs muy importante dar el mensaje que el Proceso de Admisi\u00f3n 2019 se va a mantener en las condiciones que est\u00e1 actualmente\u201d - Consejo de Rectoras y Rectores de las Universidades Chilenas","robots":{"index":"index","follow":"follow","max-snippet":"max-snippet:-1","max-image-preview":"max-image-preview:large","max-video-preview":"max-video-preview:-1"},"canonical":"https:\/\/consejoderectores.cl\/en\/2018\/05\/31\/6152dadbcdf31\/","og_locale":"en_US","og_type":"article","og_title":"Vicepresidente del CRUCH, Aldo Valle: \u201cEs muy importante dar el mensaje que el Proceso de Admisi\u00f3n 2019 se va a mantener en las condiciones que est\u00e1 actualmente\u201d - Consejo de Rectoras y Rectores de las Universidades Chilenas","og_description":"Con motivo del anuncio del pr\u00f3ximo inicio de la etapa de inscripci\u00f3n a la PSU, el vicepresidente ejecutivo del CRUCH, el jefe de la DIVESUP y la vicerrectora de Asuntos Acad\u00e9micos de la Universidad de Chile, se refirieron a los aspectos m\u00e1s importantes del Proceso de Admisi\u00f3n 2019 y, tambi\u00e9n, a los desaf\u00edos de la [&hellip;]","og_url":"https:\/\/consejoderectores.cl\/en\/2018\/05\/31\/6152dadbcdf31\/","og_site_name":"Consejo de Rectoras y Rectores de las Universidades Chilenas","article_published_time":"2018-05-31T13:00:00+00:00","article_modified_time":"2021-12-13T20:37:14+00:00","og_image":[{"width":2560,"height":1711,"url":"https:\/\/consejoderectores.cl\/wp-content\/uploads\/2018\/05\/31.05.2018-FOTO-DESTACADA-INICIO-PSU-scaled.jpg","type":"image\/jpeg"}],"author":"Consejo de Rectores de las Universidades Chilenas","twitter_card":"summary_large_image","twitter_creator":"@CRUCH_cl","twitter_site":"@CRUCH_cl","twitter_misc":{"Written by":"Consejo de Rectores de las Universidades Chilenas","Est. reading time":"6 minutes"},"schema":{"@context":"https:\/\/schema.org","@graph":[{"@type":"Article","@id":"https:\/\/consejoderectores.cl\/en\/2018\/05\/31\/6152dadbcdf31\/#article","isPartOf":{"@id":"https:\/\/consejoderectores.cl\/en\/2018\/05\/31\/6152dadbcdf31\/"},"author":{"name":"Consejo de Rectores de las Universidades Chilenas","@id":"https:\/\/consejoderectores.cl\/en\/#\/schema\/person\/d863e44afde067fd4b57fac66ced709e"},"headline":"Vicepresidente del CRUCH, Aldo Valle: \u201cEs muy importante dar el mensaje que el Proceso de Admisi\u00f3n 2019 se va a mantener en las condiciones que est\u00e1 actualmente\u201d","datePublished":"2018-05-31T13:00:00+00:00","dateModified":"2021-12-13T20:37:14+00:00","mainEntityOfPage":{"@id":"https:\/\/consejoderectores.cl\/en\/2018\/05\/31\/6152dadbcdf31\/"},"wordCount":1132,"commentCount":0,"publisher":{"@id":"https:\/\/consejoderectores.cl\/en\/#organization"},"image":{"@id":"https:\/\/consejoderectores.cl\/en\/2018\/05\/31\/6152dadbcdf31\/#primaryimage"},"thumbnailUrl":"https:\/\/consejoderectores.cl\/wp-content\/uploads\/2018\/05\/31.05.2018-FOTO-DESTACADA-INICIO-PSU-scaled.jpg","articleSection":["Noticias"],"inLanguage":"en-US","potentialAction":[{"@type":"CommentAction","name":"Comment","target":["https:\/\/consejoderectores.cl\/en\/2018\/05\/31\/6152dadbcdf31\/#respond"]}]},{"@type":"WebPage","@id":"https:\/\/consejoderectores.cl\/en\/2018\/05\/31\/6152dadbcdf31\/","url":"https:\/\/consejoderectores.cl\/en\/2018\/05\/31\/6152dadbcdf31\/","name":"Vicepresidente del CRUCH, Aldo Valle: \u201cEs muy importante dar el mensaje que el Proceso de Admisi\u00f3n 2019 se va a mantener en las condiciones que est\u00e1 actualmente\u201d - Consejo de Rectoras y Rectores de las Universidades Chilenas","isPartOf":{"@id":"https:\/\/consejoderectores.cl\/en\/#website"},"primaryImageOfPage":{"@id":"https:\/\/consejoderectores.cl\/en\/2018\/05\/31\/6152dadbcdf31\/#primaryimage"},"image":{"@id":"https:\/\/consejoderectores.cl\/en\/2018\/05\/31\/6152dadbcdf31\/#primaryimage"},"thumbnailUrl":"https:\/\/consejoderectores.cl\/wp-content\/uploads\/2018\/05\/31.05.2018-FOTO-DESTACADA-INICIO-PSU-scaled.jpg","datePublished":"2018-05-31T13:00:00+00:00","dateModified":"2021-12-13T20:37:14+00:00","breadcrumb":{"@id":"https:\/\/consejoderectores.cl\/en\/2018\/05\/31\/6152dadbcdf31\/#breadcrumb"},"inLanguage":"en-US","potentialAction":[{"@type":"ReadAction","target":["https:\/\/consejoderectores.cl\/en\/2018\/05\/31\/6152dadbcdf31\/"]}]},{"@type":"ImageObject","inLanguage":"en-US","@id":"https:\/\/consejoderectores.cl\/en\/2018\/05\/31\/6152dadbcdf31\/#primaryimage","url":"https:\/\/consejoderectores.cl\/wp-content\/uploads\/2018\/05\/31.05.2018-FOTO-DESTACADA-INICIO-PSU-scaled.jpg","contentUrl":"https:\/\/consejoderectores.cl\/wp-content\/uploads\/2018\/05\/31.05.2018-FOTO-DESTACADA-INICIO-PSU-scaled.jpg","width":2560,"height":1711},{"@type":"BreadcrumbList","@id":"https:\/\/consejoderectores.cl\/en\/2018\/05\/31\/6152dadbcdf31\/#breadcrumb","itemListElement":[{"@type":"ListItem","position":1,"name":"Home","item":"https:\/\/consejoderectores.cl\/"},{"@type":"ListItem","position":2,"name":"Vicepresidente del CRUCH, Aldo Valle: \u201cEs muy importante dar el mensaje que el Proceso de Admisi\u00f3n 2019 se va a mantener en las condiciones que est\u00e1 actualmente\u201d"}]},{"@type":"WebSite","@id":"https:\/\/consejoderectores.cl\/en\/#website","url":"https:\/\/consejoderectores.cl\/en\/","name":"Council of Rectors of Chilean Universities","description":"","publisher":{"@id":"https:\/\/consejoderectores.cl\/en\/#organization"},"potentialAction":[{"@type":"SearchAction","target":{"@type":"EntryPoint","urlTemplate":"https:\/\/consejoderectores.cl\/en\/?s={search_term_string}"},"query-input":{"@type":"PropertyValueSpecification","valueRequired":true,"valueName":"search_term_string"}}],"inLanguage":"en-US"},{"@type":"Organization","@id":"https:\/\/consejoderectores.cl\/en\/#organization","name":"Council of Rectors of Chilean Universities","url":"https:\/\/consejoderectores.cl\/en\/","logo":{"@type":"ImageObject","inLanguage":"en-US","@id":"https:\/\/consejoderectores.cl\/en\/#\/schema\/logo\/image\/","url":"https:\/\/consejoderectores.cl\/wp-content\/uploads\/2025\/12\/logoheader_2025.png","contentUrl":"https:\/\/consejoderectores.cl\/wp-content\/uploads\/2025\/12\/logoheader_2025.png","width":666,"height":305,"caption":"Consejo de Rectoras y Rectores de las Universidades Chilenas"},"image":{"@id":"https:\/\/consejoderectores.cl\/en\/#\/schema\/logo\/image\/"},"sameAs":["https:\/\/x.com\/CRUCH_cl","https:\/\/www.instagram.com\/consejoderectores\/","https:\/\/www.linkedin.com\/company\/cruch\/","https:\/\/www.youtube.com\/channel\/UCzgIFRCsDlKoFpimiQmEaOA"]},{"@type":"Person","@id":"https:\/\/consejoderectores.cl\/en\/#\/schema\/person\/d863e44afde067fd4b57fac66ced709e","name":"Council of Rectors of Chilean Universities","image":{"@type":"ImageObject","inLanguage":"en-US","@id":"https:\/\/consejoderectores.cl\/en\/#\/schema\/person\/image\/","url":"https:\/\/secure.gravatar.com\/avatar\/c31e2a02401f041926afb8ee21ab666f0925814fe85d25a5c8db80e23722dfc1?s=96&d=mm&r=g","contentUrl":"https:\/\/secure.gravatar.com\/avatar\/c31e2a02401f041926afb8ee21ab666f0925814fe85d25a5c8db80e23722dfc1?s=96&d=mm&r=g","caption":"Consejo de Rectores de las Universidades Chilenas"},"sameAs":["https:\/\/www.consejoderectores.cl"],"url":"https:\/\/consejoderectores.cl\/en\/author\/cruch\/"}]}},"_links":{"self":[{"href":"https:\/\/consejoderectores.cl\/en\/wp-json\/wp\/v2\/posts\/3089","targetHints":{"allow":["GET"]}}],"collection":[{"href":"https:\/\/consejoderectores.cl\/en\/wp-json\/wp\/v2\/posts"}],"about":[{"href":"https:\/\/consejoderectores.cl\/en\/wp-json\/wp\/v2\/types\/post"}],"author":[{"embeddable":true,"href":"https:\/\/consejoderectores.cl\/en\/wp-json\/wp\/v2\/users\/1"}],"replies":[{"embeddable":true,"href":"https:\/\/consejoderectores.cl\/en\/wp-json\/wp\/v2\/comments?post=3089"}],"version-history":[{"count":2,"href":"https:\/\/consejoderectores.cl\/en\/wp-json\/wp\/v2\/posts\/3089\/revisions"}],"predecessor-version":[{"id":4865,"href":"https:\/\/consejoderectores.cl\/en\/wp-json\/wp\/v2\/posts\/3089\/revisions\/4865"}],"wp:featuredmedia":[{"embeddable":true,"href":"https:\/\/consejoderectores.cl\/en\/wp-json\/wp\/v2\/media\/4861"}],"wp:attachment":[{"href":"https:\/\/consejoderectores.cl\/en\/wp-json\/wp\/v2\/media?parent=3089"}],"wp:term":[{"taxonomy":"category","embeddable":true,"href":"https:\/\/consejoderectores.cl\/en\/wp-json\/wp\/v2\/categories?post=3089"},{"taxonomy":"post_tag","embeddable":true,"href":"https:\/\/consejoderectores.cl\/en\/wp-json\/wp\/v2\/tags?post=3089"}],"curies":[{"name":"wp","href":"https:\/\/api.w.org\/{rel}","templated":true}]}}