{"id":3053,"date":"2019-03-28T17:00:00","date_gmt":"2019-03-28T17:00:00","guid":{"rendered":""},"modified":"2021-12-13T20:03:54","modified_gmt":"2021-12-13T20:03:54","slug":"6152dadbccd59","status":"publish","type":"post","link":"https:\/\/consejoderectores.cl\/en\/2019\/03\/28\/6152dadbccd59\/","title":{"rendered":"Executive Vice President of CRUCH: &quot;The door cannot be closed on social problems, we must assume them and dialogue with those who can effectively contribute to better solutions&quot;"},"content":{"rendered":"<blockquote style=\"text-align: left;\"><p>The rector Aldo Valle announced that the Council of Rectors of Chilean Universities will send a proposal to the Minister of Education to address the situation of students who will lose Gratuity for exceeding the formal duration of their careers.<\/p>\n<p>The Council&#039;s proposal will seek to &quot;avoid the impairment that, until now, the application of Law 21.091 has for institutions, students and their families.&quot;<\/p><\/blockquote>\n<p style=\"text-align: left;\">&quot;There is a social problem due to a defective design of Gratuity and we have before us students, families, who at the end of their careers are going to find this difficulty,&quot; said the executive vice president of the Council of Rectors of Chilean Universities ( CRUCH), who announced that they will send to the Ministry of Education a proposal to address the situation of students who will lose this benefit.<\/p>\n<p>The CRUCH authority announced this action after the plenary session of the Council, held this Thursday, March 28, at the former National Congress in Santiago.<\/p>\n<p>\u201cWe are indeed going to work on a proposal, we have a letter that we are going to address to the Minister of Education. We argue in the sense that the door cannot be closed to social problems, we must assume them, analyze them, evaluate them and dialogue with those who can effectively contribute to better solutions and we understand that in this case, the first interlocutor is the government, &quot;he said. Valle, rector of the University of Valpara\u00edso.<\/p>\n<p>The executive vice president of CRUCH explained that the proposal seeks to \u201cavoid the impairment that, until now, the application of Law 21.091 has for institutions and, of course, students and their families. This means that, among other things, we look at how universities may not see their income diminished as a result of a rule that is being applied with a retroactive effect \u201d.<\/p>\n<p>Valle also reiterated the Council&#039;s willingness to dialogue to solve this situation in a timely manner.<\/p>\n<h4 style=\"text-align: left;\">Changes to the PSU<\/h4>\n<p style=\"text-align: left;\">In addition to evaluating the effects of the loss of Gratuity, the CRUCH defined that it will review the recommendations of the Expert Committee of the Single Admission System (SUA) regarding modifications in the University Selection Test (PSU) in an extraordinary session that it will organize during the first half of April.<\/p>\n<p>\u201cSurely there are going to be recommendations. Several of these proposals involve changes, processes that will take a while to define more specifically (\u2026) and the signal that we want to send to public opinion and to the debate that exists in this regard is that the recommendations of the Committee of Experts are in the process of being deliberation and for agreement of the Council of Rectors \u201d, affirmed Aldo Valle.<\/p>\n<p>On the other hand, in the plenary session on Thursday, the Minister of Science, Technology, Knowledge and Innovation, Andr\u00e9s Couve, was present, who spoke about the main guidelines for the installation of the portfolio. In this area, the Secretary of State explained that the ministry is advancing in three lines of work: institutionality, political and citizen relevance, and the strengthening of the science, technology and innovation system.<\/p>\n<p>In this session, the rectors of the Diego Portales University (UDP), Carlos Pe\u00f1a, and Eduardo Silva, of the Alberto Hurtado University (UAH), participated for the first time, who this year joined the CRUCH.<\/p>\n<h4 style=\"text-align: left;\"><\/h4>\n<p>&nbsp;<\/p>\n<h4 style=\"text-align: left;\"><\/h4>\n<p>&nbsp;<\/p>\n<p style=\"text-align: left;\">","protected":false},"excerpt":{"rendered":"<p>El rector Aldo Valle anunci\u00f3 que el Consejo de Rectores de las Universidades Chilenas enviar\u00e1 una propuesta a la ministra de Educaci\u00f3n para abordar la situaci\u00f3n de los estudiantes que perder\u00e1n la Gratuidad por exceder la duraci\u00f3n formal de sus carreras. La propuesta del Consejo buscar\u00e1 \u201cevitar el menoscabo que, hasta ahora, la aplicaci\u00f3n de [&hellip;]<\/p>\n","protected":false},"author":1,"featured_media":4835,"comment_status":"open","ping_status":"open","sticky":false,"template":"","format":"standard","meta":{"_acf_changed":false,"footnotes":""},"categories":[3],"tags":[],"class_list":["post-3053","post","type-post","status-publish","format-standard","has-post-thumbnail","hentry","category-noticias"],"acf":[],"yoast_head":"<!-- This site is optimized with the Yoast SEO plugin v27.1.1 - https:\/\/yoast.com\/product\/yoast-seo-wordpress\/ -->\n<title>Vicepresidente ejecutivo del CRUCH: \u201cA los problemas sociales no cabe cerrarles la puerta, hay que asumirlos y dialogar con quienes efectivamente pueden contribuir a mejores soluciones\u201d - Consejo de Rectoras y Rectores de las Universidades Chilenas<\/title>\n<meta name=\"robots\" content=\"index, follow, max-snippet:-1, max-image-preview:large, max-video-preview:-1\" \/>\n<link rel=\"canonical\" href=\"https:\/\/consejoderectores.cl\/en\/2019\/03\/28\/6152dadbccd59\/\" \/>\n<meta property=\"og:locale\" content=\"en_US\" \/>\n<meta property=\"og:type\" content=\"article\" \/>\n<meta property=\"og:title\" content=\"Vicepresidente ejecutivo del CRUCH: \u201cA los problemas sociales no cabe cerrarles la puerta, hay que asumirlos y dialogar con quienes efectivamente pueden contribuir a mejores soluciones\u201d - Consejo de Rectoras y Rectores de las Universidades Chilenas\" \/>\n<meta property=\"og:description\" content=\"El rector Aldo Valle anunci\u00f3 que el Consejo de Rectores de las Universidades Chilenas enviar\u00e1 una propuesta a la ministra de Educaci\u00f3n para abordar la situaci\u00f3n de los estudiantes que perder\u00e1n la Gratuidad por exceder la duraci\u00f3n formal de sus carreras. La propuesta del Consejo buscar\u00e1 \u201cevitar el menoscabo que, hasta ahora, la aplicaci\u00f3n de [&hellip;]\" \/>\n<meta property=\"og:url\" content=\"https:\/\/consejoderectores.cl\/en\/2019\/03\/28\/6152dadbccd59\/\" \/>\n<meta property=\"og:site_name\" content=\"Consejo de Rectoras y Rectores de las Universidades Chilenas\" \/>\n<meta property=\"article:published_time\" content=\"2019-03-28T17:00:00+00:00\" \/>\n<meta property=\"article:modified_time\" content=\"2021-12-13T20:03:54+00:00\" \/>\n<meta property=\"og:image\" content=\"https:\/\/consejoderectores.cl\/wp-content\/uploads\/2019\/03\/28.03.2019-FOTO-DESTACADA-Vicepresidente-ejecutivo-del-CRUCH-copia-scaled.jpg\" \/>\n\t<meta property=\"og:image:width\" content=\"2560\" \/>\n\t<meta property=\"og:image:height\" content=\"1711\" \/>\n\t<meta property=\"og:image:type\" content=\"image\/jpeg\" \/>\n<meta name=\"author\" content=\"Consejo de Rectores de las Universidades Chilenas\" \/>\n<meta name=\"twitter:card\" content=\"summary_large_image\" \/>\n<meta name=\"twitter:creator\" content=\"@CRUCH_cl\" \/>\n<meta name=\"twitter:site\" content=\"@CRUCH_cl\" \/>\n<meta name=\"twitter:label1\" content=\"Written by\" \/>\n\t<meta name=\"twitter:data1\" content=\"Consejo de Rectores de las Universidades Chilenas\" \/>\n\t<meta name=\"twitter:label2\" content=\"Est. reading time\" \/>\n\t<meta name=\"twitter:data2\" content=\"3 minutes\" \/>\n<script type=\"application\/ld+json\" class=\"yoast-schema-graph\">{\"@context\":\"https:\/\/schema.org\",\"@graph\":[{\"@type\":\"Article\",\"@id\":\"https:\/\/consejoderectores.cl\/2019\/03\/28\/6152dadbccd59\/#article\",\"isPartOf\":{\"@id\":\"https:\/\/consejoderectores.cl\/2019\/03\/28\/6152dadbccd59\/\"},\"author\":{\"name\":\"Consejo de Rectores de las Universidades Chilenas\",\"@id\":\"https:\/\/consejoderectores.cl\/en\/#\/schema\/person\/d863e44afde067fd4b57fac66ced709e\"},\"headline\":\"Vicepresidente ejecutivo del CRUCH: \u201cA los problemas sociales no cabe cerrarles la puerta, hay que asumirlos y dialogar con quienes efectivamente pueden contribuir a mejores soluciones\u201d\",\"datePublished\":\"2019-03-28T17:00:00+00:00\",\"dateModified\":\"2021-12-13T20:03:54+00:00\",\"mainEntityOfPage\":{\"@id\":\"https:\/\/consejoderectores.cl\/2019\/03\/28\/6152dadbccd59\/\"},\"wordCount\":591,\"commentCount\":0,\"publisher\":{\"@id\":\"https:\/\/consejoderectores.cl\/en\/#organization\"},\"image\":{\"@id\":\"https:\/\/consejoderectores.cl\/2019\/03\/28\/6152dadbccd59\/#primaryimage\"},\"thumbnailUrl\":\"https:\/\/consejoderectores.cl\/wp-content\/uploads\/2019\/03\/28.03.2019-FOTO-DESTACADA-Vicepresidente-ejecutivo-del-CRUCH-copia-scaled.jpg\",\"articleSection\":[\"Noticias\"],\"inLanguage\":\"en-US\",\"potentialAction\":[{\"@type\":\"CommentAction\",\"name\":\"Comment\",\"target\":[\"https:\/\/consejoderectores.cl\/2019\/03\/28\/6152dadbccd59\/#respond\"]}]},{\"@type\":\"WebPage\",\"@id\":\"https:\/\/consejoderectores.cl\/2019\/03\/28\/6152dadbccd59\/\",\"url\":\"https:\/\/consejoderectores.cl\/2019\/03\/28\/6152dadbccd59\/\",\"name\":\"Vicepresidente ejecutivo del CRUCH: \u201cA los problemas sociales no cabe cerrarles la puerta, hay que asumirlos y dialogar con quienes efectivamente pueden contribuir a mejores soluciones\u201d - Consejo de Rectoras y Rectores de las Universidades Chilenas\",\"isPartOf\":{\"@id\":\"https:\/\/consejoderectores.cl\/en\/#website\"},\"primaryImageOfPage\":{\"@id\":\"https:\/\/consejoderectores.cl\/2019\/03\/28\/6152dadbccd59\/#primaryimage\"},\"image\":{\"@id\":\"https:\/\/consejoderectores.cl\/2019\/03\/28\/6152dadbccd59\/#primaryimage\"},\"thumbnailUrl\":\"https:\/\/consejoderectores.cl\/wp-content\/uploads\/2019\/03\/28.03.2019-FOTO-DESTACADA-Vicepresidente-ejecutivo-del-CRUCH-copia-scaled.jpg\",\"datePublished\":\"2019-03-28T17:00:00+00:00\",\"dateModified\":\"2021-12-13T20:03:54+00:00\",\"breadcrumb\":{\"@id\":\"https:\/\/consejoderectores.cl\/2019\/03\/28\/6152dadbccd59\/#breadcrumb\"},\"inLanguage\":\"en-US\",\"potentialAction\":[{\"@type\":\"ReadAction\",\"target\":[\"https:\/\/consejoderectores.cl\/2019\/03\/28\/6152dadbccd59\/\"]}]},{\"@type\":\"ImageObject\",\"inLanguage\":\"en-US\",\"@id\":\"https:\/\/consejoderectores.cl\/2019\/03\/28\/6152dadbccd59\/#primaryimage\",\"url\":\"https:\/\/consejoderectores.cl\/wp-content\/uploads\/2019\/03\/28.03.2019-FOTO-DESTACADA-Vicepresidente-ejecutivo-del-CRUCH-copia-scaled.jpg\",\"contentUrl\":\"https:\/\/consejoderectores.cl\/wp-content\/uploads\/2019\/03\/28.03.2019-FOTO-DESTACADA-Vicepresidente-ejecutivo-del-CRUCH-copia-scaled.jpg\",\"width\":2560,\"height\":1711},{\"@type\":\"BreadcrumbList\",\"@id\":\"https:\/\/consejoderectores.cl\/2019\/03\/28\/6152dadbccd59\/#breadcrumb\",\"itemListElement\":[{\"@type\":\"ListItem\",\"position\":1,\"name\":\"Home\",\"item\":\"https:\/\/consejoderectores.cl\/\"},{\"@type\":\"ListItem\",\"position\":2,\"name\":\"Vicepresidente ejecutivo del CRUCH: \u201cA los problemas sociales no cabe cerrarles la puerta, hay que asumirlos y dialogar con quienes efectivamente pueden contribuir a mejores soluciones\u201d\"}]},{\"@type\":\"WebSite\",\"@id\":\"https:\/\/consejoderectores.cl\/en\/#website\",\"url\":\"https:\/\/consejoderectores.cl\/en\/\",\"name\":\"Consejo de Rectoras y Rectores de las Universidades Chilenas\",\"description\":\"\",\"publisher\":{\"@id\":\"https:\/\/consejoderectores.cl\/en\/#organization\"},\"potentialAction\":[{\"@type\":\"SearchAction\",\"target\":{\"@type\":\"EntryPoint\",\"urlTemplate\":\"https:\/\/consejoderectores.cl\/en\/?s={search_term_string}\"},\"query-input\":{\"@type\":\"PropertyValueSpecification\",\"valueRequired\":true,\"valueName\":\"search_term_string\"}}],\"inLanguage\":\"en-US\"},{\"@type\":\"Organization\",\"@id\":\"https:\/\/consejoderectores.cl\/en\/#organization\",\"name\":\"Consejo de Rectoras y Rectores de las Universidades Chilenas\",\"url\":\"https:\/\/consejoderectores.cl\/en\/\",\"logo\":{\"@type\":\"ImageObject\",\"inLanguage\":\"en-US\",\"@id\":\"https:\/\/consejoderectores.cl\/en\/#\/schema\/logo\/image\/\",\"url\":\"https:\/\/consejoderectores.cl\/wp-content\/uploads\/2025\/12\/logoheader_2025.png\",\"contentUrl\":\"https:\/\/consejoderectores.cl\/wp-content\/uploads\/2025\/12\/logoheader_2025.png\",\"width\":666,\"height\":305,\"caption\":\"Consejo de Rectoras y Rectores de las Universidades Chilenas\"},\"image\":{\"@id\":\"https:\/\/consejoderectores.cl\/en\/#\/schema\/logo\/image\/\"},\"sameAs\":[\"https:\/\/x.com\/CRUCH_cl\",\"https:\/\/www.instagram.com\/consejoderectores\/\",\"https:\/\/www.linkedin.com\/company\/cruch\/\",\"https:\/\/www.youtube.com\/channel\/UCzgIFRCsDlKoFpimiQmEaOA\"]},{\"@type\":\"Person\",\"@id\":\"https:\/\/consejoderectores.cl\/en\/#\/schema\/person\/d863e44afde067fd4b57fac66ced709e\",\"name\":\"Consejo de Rectores de las Universidades Chilenas\",\"image\":{\"@type\":\"ImageObject\",\"inLanguage\":\"en-US\",\"@id\":\"https:\/\/consejoderectores.cl\/en\/#\/schema\/person\/image\/\",\"url\":\"https:\/\/secure.gravatar.com\/avatar\/c31e2a02401f041926afb8ee21ab666f0925814fe85d25a5c8db80e23722dfc1?s=96&d=mm&r=g\",\"contentUrl\":\"https:\/\/secure.gravatar.com\/avatar\/c31e2a02401f041926afb8ee21ab666f0925814fe85d25a5c8db80e23722dfc1?s=96&d=mm&r=g\",\"caption\":\"Consejo de Rectores de las Universidades Chilenas\"},\"sameAs\":[\"https:\/\/www.consejoderectores.cl\"],\"url\":\"https:\/\/consejoderectores.cl\/en\/author\/cruch\/\"}]}<\/script>\n<!-- \/ Yoast SEO plugin. -->","yoast_head_json":{"title":"Vicepresidente ejecutivo del CRUCH: \u201cA los problemas sociales no cabe cerrarles la puerta, hay que asumirlos y dialogar con quienes efectivamente pueden contribuir a mejores soluciones\u201d - Consejo de Rectoras y Rectores de las Universidades Chilenas","robots":{"index":"index","follow":"follow","max-snippet":"max-snippet:-1","max-image-preview":"max-image-preview:large","max-video-preview":"max-video-preview:-1"},"canonical":"https:\/\/consejoderectores.cl\/en\/2019\/03\/28\/6152dadbccd59\/","og_locale":"en_US","og_type":"article","og_title":"Vicepresidente ejecutivo del CRUCH: \u201cA los problemas sociales no cabe cerrarles la puerta, hay que asumirlos y dialogar con quienes efectivamente pueden contribuir a mejores soluciones\u201d - Consejo de Rectoras y Rectores de las Universidades Chilenas","og_description":"El rector Aldo Valle anunci\u00f3 que el Consejo de Rectores de las Universidades Chilenas enviar\u00e1 una propuesta a la ministra de Educaci\u00f3n para abordar la situaci\u00f3n de los estudiantes que perder\u00e1n la Gratuidad por exceder la duraci\u00f3n formal de sus carreras. La propuesta del Consejo buscar\u00e1 \u201cevitar el menoscabo que, hasta ahora, la aplicaci\u00f3n de [&hellip;]","og_url":"https:\/\/consejoderectores.cl\/en\/2019\/03\/28\/6152dadbccd59\/","og_site_name":"Consejo de Rectoras y Rectores de las Universidades Chilenas","article_published_time":"2019-03-28T17:00:00+00:00","article_modified_time":"2021-12-13T20:03:54+00:00","og_image":[{"width":2560,"height":1711,"url":"https:\/\/consejoderectores.cl\/wp-content\/uploads\/2019\/03\/28.03.2019-FOTO-DESTACADA-Vicepresidente-ejecutivo-del-CRUCH-copia-scaled.jpg","type":"image\/jpeg"}],"author":"Consejo de Rectores de las Universidades Chilenas","twitter_card":"summary_large_image","twitter_creator":"@CRUCH_cl","twitter_site":"@CRUCH_cl","twitter_misc":{"Written by":"Consejo de Rectores de las Universidades Chilenas","Est. reading time":"3 minutes"},"schema":{"@context":"https:\/\/schema.org","@graph":[{"@type":"Article","@id":"https:\/\/consejoderectores.cl\/2019\/03\/28\/6152dadbccd59\/#article","isPartOf":{"@id":"https:\/\/consejoderectores.cl\/2019\/03\/28\/6152dadbccd59\/"},"author":{"name":"Consejo de Rectores de las Universidades Chilenas","@id":"https:\/\/consejoderectores.cl\/en\/#\/schema\/person\/d863e44afde067fd4b57fac66ced709e"},"headline":"Vicepresidente ejecutivo del CRUCH: \u201cA los problemas sociales no cabe cerrarles la puerta, hay que asumirlos y dialogar con quienes efectivamente pueden contribuir a mejores soluciones\u201d","datePublished":"2019-03-28T17:00:00+00:00","dateModified":"2021-12-13T20:03:54+00:00","mainEntityOfPage":{"@id":"https:\/\/consejoderectores.cl\/2019\/03\/28\/6152dadbccd59\/"},"wordCount":591,"commentCount":0,"publisher":{"@id":"https:\/\/consejoderectores.cl\/en\/#organization"},"image":{"@id":"https:\/\/consejoderectores.cl\/2019\/03\/28\/6152dadbccd59\/#primaryimage"},"thumbnailUrl":"https:\/\/consejoderectores.cl\/wp-content\/uploads\/2019\/03\/28.03.2019-FOTO-DESTACADA-Vicepresidente-ejecutivo-del-CRUCH-copia-scaled.jpg","articleSection":["Noticias"],"inLanguage":"en-US","potentialAction":[{"@type":"CommentAction","name":"Comment","target":["https:\/\/consejoderectores.cl\/2019\/03\/28\/6152dadbccd59\/#respond"]}]},{"@type":"WebPage","@id":"https:\/\/consejoderectores.cl\/2019\/03\/28\/6152dadbccd59\/","url":"https:\/\/consejoderectores.cl\/2019\/03\/28\/6152dadbccd59\/","name":"Vicepresidente ejecutivo del CRUCH: \u201cA los problemas sociales no cabe cerrarles la puerta, hay que asumirlos y dialogar con quienes efectivamente pueden contribuir a mejores soluciones\u201d - Consejo de Rectoras y Rectores de las Universidades Chilenas","isPartOf":{"@id":"https:\/\/consejoderectores.cl\/en\/#website"},"primaryImageOfPage":{"@id":"https:\/\/consejoderectores.cl\/2019\/03\/28\/6152dadbccd59\/#primaryimage"},"image":{"@id":"https:\/\/consejoderectores.cl\/2019\/03\/28\/6152dadbccd59\/#primaryimage"},"thumbnailUrl":"https:\/\/consejoderectores.cl\/wp-content\/uploads\/2019\/03\/28.03.2019-FOTO-DESTACADA-Vicepresidente-ejecutivo-del-CRUCH-copia-scaled.jpg","datePublished":"2019-03-28T17:00:00+00:00","dateModified":"2021-12-13T20:03:54+00:00","breadcrumb":{"@id":"https:\/\/consejoderectores.cl\/2019\/03\/28\/6152dadbccd59\/#breadcrumb"},"inLanguage":"en-US","potentialAction":[{"@type":"ReadAction","target":["https:\/\/consejoderectores.cl\/2019\/03\/28\/6152dadbccd59\/"]}]},{"@type":"ImageObject","inLanguage":"en-US","@id":"https:\/\/consejoderectores.cl\/2019\/03\/28\/6152dadbccd59\/#primaryimage","url":"https:\/\/consejoderectores.cl\/wp-content\/uploads\/2019\/03\/28.03.2019-FOTO-DESTACADA-Vicepresidente-ejecutivo-del-CRUCH-copia-scaled.jpg","contentUrl":"https:\/\/consejoderectores.cl\/wp-content\/uploads\/2019\/03\/28.03.2019-FOTO-DESTACADA-Vicepresidente-ejecutivo-del-CRUCH-copia-scaled.jpg","width":2560,"height":1711},{"@type":"BreadcrumbList","@id":"https:\/\/consejoderectores.cl\/2019\/03\/28\/6152dadbccd59\/#breadcrumb","itemListElement":[{"@type":"ListItem","position":1,"name":"Home","item":"https:\/\/consejoderectores.cl\/"},{"@type":"ListItem","position":2,"name":"Vicepresidente ejecutivo del CRUCH: \u201cA los problemas sociales no cabe cerrarles la puerta, hay que asumirlos y dialogar con quienes efectivamente pueden contribuir a mejores soluciones\u201d"}]},{"@type":"WebSite","@id":"https:\/\/consejoderectores.cl\/en\/#website","url":"https:\/\/consejoderectores.cl\/en\/","name":"Council of Rectors of Chilean Universities","description":"","publisher":{"@id":"https:\/\/consejoderectores.cl\/en\/#organization"},"potentialAction":[{"@type":"SearchAction","target":{"@type":"EntryPoint","urlTemplate":"https:\/\/consejoderectores.cl\/en\/?s={search_term_string}"},"query-input":{"@type":"PropertyValueSpecification","valueRequired":true,"valueName":"search_term_string"}}],"inLanguage":"en-US"},{"@type":"Organization","@id":"https:\/\/consejoderectores.cl\/en\/#organization","name":"Council of Rectors of Chilean Universities","url":"https:\/\/consejoderectores.cl\/en\/","logo":{"@type":"ImageObject","inLanguage":"en-US","@id":"https:\/\/consejoderectores.cl\/en\/#\/schema\/logo\/image\/","url":"https:\/\/consejoderectores.cl\/wp-content\/uploads\/2025\/12\/logoheader_2025.png","contentUrl":"https:\/\/consejoderectores.cl\/wp-content\/uploads\/2025\/12\/logoheader_2025.png","width":666,"height":305,"caption":"Consejo de Rectoras y Rectores de las Universidades Chilenas"},"image":{"@id":"https:\/\/consejoderectores.cl\/en\/#\/schema\/logo\/image\/"},"sameAs":["https:\/\/x.com\/CRUCH_cl","https:\/\/www.instagram.com\/consejoderectores\/","https:\/\/www.linkedin.com\/company\/cruch\/","https:\/\/www.youtube.com\/channel\/UCzgIFRCsDlKoFpimiQmEaOA"]},{"@type":"Person","@id":"https:\/\/consejoderectores.cl\/en\/#\/schema\/person\/d863e44afde067fd4b57fac66ced709e","name":"Council of Rectors of Chilean Universities","image":{"@type":"ImageObject","inLanguage":"en-US","@id":"https:\/\/consejoderectores.cl\/en\/#\/schema\/person\/image\/","url":"https:\/\/secure.gravatar.com\/avatar\/c31e2a02401f041926afb8ee21ab666f0925814fe85d25a5c8db80e23722dfc1?s=96&d=mm&r=g","contentUrl":"https:\/\/secure.gravatar.com\/avatar\/c31e2a02401f041926afb8ee21ab666f0925814fe85d25a5c8db80e23722dfc1?s=96&d=mm&r=g","caption":"Consejo de Rectores de las Universidades Chilenas"},"sameAs":["https:\/\/www.consejoderectores.cl"],"url":"https:\/\/consejoderectores.cl\/en\/author\/cruch\/"}]}},"_links":{"self":[{"href":"https:\/\/consejoderectores.cl\/en\/wp-json\/wp\/v2\/posts\/3053","targetHints":{"allow":["GET"]}}],"collection":[{"href":"https:\/\/consejoderectores.cl\/en\/wp-json\/wp\/v2\/posts"}],"about":[{"href":"https:\/\/consejoderectores.cl\/en\/wp-json\/wp\/v2\/types\/post"}],"author":[{"embeddable":true,"href":"https:\/\/consejoderectores.cl\/en\/wp-json\/wp\/v2\/users\/1"}],"replies":[{"embeddable":true,"href":"https:\/\/consejoderectores.cl\/en\/wp-json\/wp\/v2\/comments?post=3053"}],"version-history":[{"count":2,"href":"https:\/\/consejoderectores.cl\/en\/wp-json\/wp\/v2\/posts\/3053\/revisions"}],"predecessor-version":[{"id":4838,"href":"https:\/\/consejoderectores.cl\/en\/wp-json\/wp\/v2\/posts\/3053\/revisions\/4838"}],"wp:featuredmedia":[{"embeddable":true,"href":"https:\/\/consejoderectores.cl\/en\/wp-json\/wp\/v2\/media\/4835"}],"wp:attachment":[{"href":"https:\/\/consejoderectores.cl\/en\/wp-json\/wp\/v2\/media?parent=3053"}],"wp:term":[{"taxonomy":"category","embeddable":true,"href":"https:\/\/consejoderectores.cl\/en\/wp-json\/wp\/v2\/categories?post=3053"},{"taxonomy":"post_tag","embeddable":true,"href":"https:\/\/consejoderectores.cl\/en\/wp-json\/wp\/v2\/tags?post=3053"}],"curies":[{"name":"wp","href":"https:\/\/api.w.org\/{rel}","templated":true}]}}