{"id":3014,"date":"2021-09-01T23:03:14","date_gmt":"2021-09-01T23:03:14","guid":{"rendered":"https:\/\/www.consejoderectores.cl\/?p=3014"},"modified":"2021-12-14T19:47:41","modified_gmt":"2021-12-14T19:47:41","slug":"vicepresidente-ejecutivo-del-cruch-la-baja-en-las-vocaciones-para-ingresar-a-programas-de-pedagogia-se-ha-vuelto-sistematica-y-sistemica","status":"publish","type":"post","link":"https:\/\/consejoderectores.cl\/en\/2021\/09\/01\/vicepresidente-ejecutivo-del-cruch-la-baja-en-las-vocaciones-para-ingresar-a-programas-de-pedagogia-se-ha-vuelto-sistematica-y-sistemica\/","title":{"rendered":"Executive Vice President of CRUCH: &quot;The drop in vocations to enter pedagogy programs has become systematic and systemic&quot;"},"content":{"rendered":"<blockquote><p>The rector of the University of Santiago, Juan Manuel Zolezzi, addressed the bill that modifies the entry requirements for these careers, ensuring that the initiative, by itself \u201cdoes not solve one of the greatest difficulties present in the system: attraction of academically outstanding applicants \u201d.<\/p>\n<p>The rector of the Metropolitan University of Education Sciences, Elisa Araya, and the president of the Council of Deans of the Faculties of Education of the Council of Rectors (CONFAUCE), Juan Mansilla, also participated in the parliamentary instance.<\/p><\/blockquote>\n<p>&quot;The drop in vocations to enter pedagogy programs has become systematic and systemic, and if effective measures are not taken to remedy it, it will aggravate the crisis that the educational sector is currently experiencing at the national level,&quot; warned the executive vice president of the Council of Rectors of the Chilean Universities (CRUCH) and rector of the University of Santiago, Juan Manuel Zolezzi.<\/p>\n<p>The academic authority presented this Wednesday before the Senate Education commission, which reviews the bill that modifies the entry requirements for pedagogy careers (<a href=\"https:\/\/senado.cl\/appsenado\/templates\/tramitacion\/index.php?boletin_ini=14151-04\">bulletin N \u00b0 14151-04<\/a>) and that it is in the second constitutional process.<\/p>\n<p>Rector Zolezzi appreciated the initiative promoted by the Ministry of Education, ensuring that &quot;it takes care of at least one aspect of the problem&quot; and that it &quot;reinforces the access route through special programs, emphasizing preparation during education. medium and in capturing vocations and early capacities of aspiring teachers \u201d.<\/p>\n<p>However, the executive vice president of CRUCH stated that &quot;the law, by itself, does not solve one of the greatest difficulties present in the system today: attracting academically outstanding applicants.&quot;<\/p>\n<p>Zolezzi also said that &quot;the proposed modifications do not constitute a quality or promotion mechanism for pedagogical vocations&quot; and that neither will &quot;solve the multiple causes that affect the problem of teacher deficit, and do not affect dropout during the study of the career. , job desertion, nor will they generate greater attraction for young people \u201d.<\/p>\n<p>He also warned that it should be considered that the increased demands on pedagogy careers (standards and accreditation criteria), implies greater resources to implement adjustments and generate denser study programs. On the other hand, &quot;if the level of pedagogy students remains less demanding, this also impacts the amount and diversity of support mechanisms that universities must give these students to ensure a successful academic progression.&quot; In addition, he stated that territorial differences in the training of students should be considered.<\/p>\n<p>In this scenario, he assured that this issue requires &quot;a more reflective look, which incorporates those variables that are not being considered and that have a direct impact on teaching work.&quot;<\/p>\n<h4>Pedagogies and Admission 2021<\/h4>\n<p>Rector Zolezzi presented to the commission led by Senator Jaime Quintana (PPD) an analysis prepared by the CRUCH and which addresses the impact and trends of the application and selection process for pedagogy careers, focused on admission 2021.<\/p>\n<p>According to these data, there was a decrease in 22% in students with an interest in this area in 2021 compared to the previous period. This implies that, while in 2020 there were 22,137 students who applied -at least- to a pedagogy, this year only 17,158 applicants did. On the other hand, there was a significant decrease in applications for these first preference programs: while in 2020 these were 10,654, this year they decreased to 7,557 (29%).<\/p>\n<p>Additionally, those selected in these careers fell by 29% compared to the previous period, going from 12,862 in 2020 to 9,330 in the process this year. Meanwhile, vacancies not completed in 2021 are double those of the previous year: while 2,257 regular vacancies were not filled in 2020, this year 4,430 remained unfilled.<\/p>\n<h4>Support from public policy<\/h4>\n<p>The rector of the Metropolitan University of Education Sciences (UMCE), Elisa Araya, also participated in this Wednesday&#039;s session of the Education Commission, who stated that \u201cwe believe that the education and training of new teachers should be seen from a in a more systemic way and what is appearing on the scene is a more complex and in-depth reflection of the effects of public policies in recent years \u201d.<\/p>\n<p>The rector Araya warned that \u201cthe students who enter Pedagogy do so with a vision of the country, a very great political and social commitment. But that is not enough, because even having a lot of will, what usually happens is that the school is also a restricted space, with a series of limitations for innovation \u201d. In addition, he argued that &quot;we need very sustained public policy support for teacher training schools, this has to be noted in financing and flexibilities.&quot;<\/p>\n<p>He also spoke before the instance and the president of the Council of Deans of the Faculties of Education of the Council of Rectors (CONFAUCE) and dean of the Faculty of Education of the Catholic University of Temuco, Juan Mansilla, who addressed various difficulties faced by teachers in working life and the effects this has on professionals and educational communities.<\/p>\n<p>The bill that proposes that the entry requirements to careers and pedagogy programs established in the third paragraph of transitory article 36 of Law No. 20,903 be enforceable until 2025. It also proposes to replace the conditions of access to pedagogies currently indicated in the Article 27 bis of Law No. 20,129, for those conditions currently set forth in the fourth paragraph of transitory Article 36 of Law No. 20,903. Meanwhile, the project seeks to maintain the current income requirements, which were originally only in force until 2022, extending them until 2025.<\/p>\n<p><a href=\"https:\/\/www.consejoderectores.cl\/wp-content\/uploads\/2021\/09\/CRUCH-Comisio\u0301n-Educacio\u0301n-Senado-01.09.2021.pdf\">Presentation of Rector Zolezzi before the Senate Education Commission<\/a><\/p>\n<p><a href=\"https:\/\/tv.senado.cl\/tvsenado\/comisiones\/permanentes\/educacion-y-cultura\/comision-de-educacion-y-cultura\/2021-08-31\/202328.html\">Check here the session of the Senate Education committee<\/a><\/p>\n<p>&nbsp;<\/p>","protected":false},"excerpt":{"rendered":"<p>El rector de la U. de Santiago, Juan Manuel Zolezzi, abord\u00f3 el proyecto de ley que modifica los requisitos de ingreso a estas carreras, asegurando que la iniciativa, por s\u00ed sola \u201cno resuelve una de las mayores dificultades presentes en el sistema: la atracci\u00f3n de postulantes acad\u00e9micamente destacados\u201d. En la instancia parlamentaria tambi\u00e9n participaron la [&hellip;]<\/p>\n","protected":false},"author":1,"featured_media":3016,"comment_status":"open","ping_status":"open","sticky":false,"template":"","format":"standard","meta":{"_acf_changed":false,"footnotes":""},"categories":[3],"tags":[],"class_list":["post-3014","post","type-post","status-publish","format-standard","has-post-thumbnail","hentry","category-noticias"],"acf":[],"yoast_head":"<!-- This site is optimized with the Yoast SEO plugin v27.1.1 - https:\/\/yoast.com\/product\/yoast-seo-wordpress\/ -->\n<title>Vicepresidente ejecutivo del CRUCH: \u201cLa baja en las vocaciones para ingresar a programas de pedagog\u00eda se ha vuelto sistem\u00e1tica y sist\u00e9mica\u201d - Consejo de Rectoras y Rectores de las Universidades Chilenas<\/title>\n<meta name=\"robots\" content=\"index, follow, max-snippet:-1, max-image-preview:large, max-video-preview:-1\" \/>\n<link rel=\"canonical\" href=\"https:\/\/consejoderectores.cl\/en\/2021\/09\/01\/vicepresidente-ejecutivo-del-cruch-la-baja-en-las-vocaciones-para-ingresar-a-programas-de-pedagogia-se-ha-vuelto-sistematica-y-sistemica\/\" \/>\n<meta property=\"og:locale\" content=\"en_US\" \/>\n<meta property=\"og:type\" content=\"article\" \/>\n<meta property=\"og:title\" content=\"Vicepresidente ejecutivo del CRUCH: \u201cLa baja en las vocaciones para ingresar a programas de pedagog\u00eda se ha vuelto sistem\u00e1tica y sist\u00e9mica\u201d - Consejo de Rectoras y Rectores de las Universidades Chilenas\" \/>\n<meta property=\"og:description\" content=\"El rector de la U. de Santiago, Juan Manuel Zolezzi, abord\u00f3 el proyecto de ley que modifica los requisitos de ingreso a estas carreras, asegurando que la iniciativa, por s\u00ed sola \u201cno resuelve una de las mayores dificultades presentes en el sistema: la atracci\u00f3n de postulantes acad\u00e9micamente destacados\u201d. En la instancia parlamentaria tambi\u00e9n participaron la [&hellip;]\" \/>\n<meta property=\"og:url\" content=\"https:\/\/consejoderectores.cl\/en\/2021\/09\/01\/vicepresidente-ejecutivo-del-cruch-la-baja-en-las-vocaciones-para-ingresar-a-programas-de-pedagogia-se-ha-vuelto-sistematica-y-sistemica\/\" \/>\n<meta property=\"og:site_name\" content=\"Consejo de Rectoras y Rectores de las Universidades Chilenas\" \/>\n<meta property=\"article:published_time\" content=\"2021-09-01T23:03:14+00:00\" \/>\n<meta property=\"article:modified_time\" content=\"2021-12-14T19:47:41+00:00\" \/>\n<meta property=\"og:image\" content=\"https:\/\/consejoderectores.cl\/wp-content\/uploads\/2021\/09\/comision-senado-foto-Zolezzi.png\" \/>\n\t<meta property=\"og:image:width\" content=\"1366\" \/>\n\t<meta property=\"og:image:height\" content=\"768\" \/>\n\t<meta property=\"og:image:type\" content=\"image\/png\" \/>\n<meta name=\"author\" content=\"Consejo de Rectores de las Universidades Chilenas\" \/>\n<meta name=\"twitter:card\" content=\"summary_large_image\" \/>\n<meta name=\"twitter:creator\" content=\"@CRUCH_cl\" \/>\n<meta name=\"twitter:site\" content=\"@CRUCH_cl\" \/>\n<meta name=\"twitter:label1\" content=\"Written by\" \/>\n\t<meta name=\"twitter:data1\" content=\"Consejo de Rectores de las Universidades Chilenas\" \/>\n\t<meta name=\"twitter:label2\" content=\"Est. reading time\" \/>\n\t<meta name=\"twitter:data2\" content=\"5 minutes\" \/>\n<script type=\"application\/ld+json\" class=\"yoast-schema-graph\">{\"@context\":\"https:\/\/schema.org\",\"@graph\":[{\"@type\":\"Article\",\"@id\":\"https:\/\/consejoderectores.cl\/2021\/09\/01\/vicepresidente-ejecutivo-del-cruch-la-baja-en-las-vocaciones-para-ingresar-a-programas-de-pedagogia-se-ha-vuelto-sistematica-y-sistemica\/#article\",\"isPartOf\":{\"@id\":\"https:\/\/consejoderectores.cl\/2021\/09\/01\/vicepresidente-ejecutivo-del-cruch-la-baja-en-las-vocaciones-para-ingresar-a-programas-de-pedagogia-se-ha-vuelto-sistematica-y-sistemica\/\"},\"author\":{\"name\":\"Consejo de Rectores de las Universidades Chilenas\",\"@id\":\"https:\/\/consejoderectores.cl\/en\/#\/schema\/person\/d863e44afde067fd4b57fac66ced709e\"},\"headline\":\"Vicepresidente ejecutivo del CRUCH: \u201cLa baja en las vocaciones para ingresar a programas de pedagog\u00eda se ha vuelto sistem\u00e1tica y sist\u00e9mica\u201d\",\"datePublished\":\"2021-09-01T23:03:14+00:00\",\"dateModified\":\"2021-12-14T19:47:41+00:00\",\"mainEntityOfPage\":{\"@id\":\"https:\/\/consejoderectores.cl\/2021\/09\/01\/vicepresidente-ejecutivo-del-cruch-la-baja-en-las-vocaciones-para-ingresar-a-programas-de-pedagogia-se-ha-vuelto-sistematica-y-sistemica\/\"},\"wordCount\":1091,\"commentCount\":0,\"publisher\":{\"@id\":\"https:\/\/consejoderectores.cl\/en\/#organization\"},\"image\":{\"@id\":\"https:\/\/consejoderectores.cl\/2021\/09\/01\/vicepresidente-ejecutivo-del-cruch-la-baja-en-las-vocaciones-para-ingresar-a-programas-de-pedagogia-se-ha-vuelto-sistematica-y-sistemica\/#primaryimage\"},\"thumbnailUrl\":\"https:\/\/consejoderectores.cl\/wp-content\/uploads\/2021\/09\/comision-senado-foto-Zolezzi.png\",\"articleSection\":[\"Noticias\"],\"inLanguage\":\"en-US\",\"potentialAction\":[{\"@type\":\"CommentAction\",\"name\":\"Comment\",\"target\":[\"https:\/\/consejoderectores.cl\/2021\/09\/01\/vicepresidente-ejecutivo-del-cruch-la-baja-en-las-vocaciones-para-ingresar-a-programas-de-pedagogia-se-ha-vuelto-sistematica-y-sistemica\/#respond\"]}]},{\"@type\":\"WebPage\",\"@id\":\"https:\/\/consejoderectores.cl\/2021\/09\/01\/vicepresidente-ejecutivo-del-cruch-la-baja-en-las-vocaciones-para-ingresar-a-programas-de-pedagogia-se-ha-vuelto-sistematica-y-sistemica\/\",\"url\":\"https:\/\/consejoderectores.cl\/2021\/09\/01\/vicepresidente-ejecutivo-del-cruch-la-baja-en-las-vocaciones-para-ingresar-a-programas-de-pedagogia-se-ha-vuelto-sistematica-y-sistemica\/\",\"name\":\"Vicepresidente ejecutivo del CRUCH: \u201cLa baja en las vocaciones para ingresar a programas de pedagog\u00eda se ha vuelto sistem\u00e1tica y sist\u00e9mica\u201d - Consejo de Rectoras y Rectores de las Universidades Chilenas\",\"isPartOf\":{\"@id\":\"https:\/\/consejoderectores.cl\/en\/#website\"},\"primaryImageOfPage\":{\"@id\":\"https:\/\/consejoderectores.cl\/2021\/09\/01\/vicepresidente-ejecutivo-del-cruch-la-baja-en-las-vocaciones-para-ingresar-a-programas-de-pedagogia-se-ha-vuelto-sistematica-y-sistemica\/#primaryimage\"},\"image\":{\"@id\":\"https:\/\/consejoderectores.cl\/2021\/09\/01\/vicepresidente-ejecutivo-del-cruch-la-baja-en-las-vocaciones-para-ingresar-a-programas-de-pedagogia-se-ha-vuelto-sistematica-y-sistemica\/#primaryimage\"},\"thumbnailUrl\":\"https:\/\/consejoderectores.cl\/wp-content\/uploads\/2021\/09\/comision-senado-foto-Zolezzi.png\",\"datePublished\":\"2021-09-01T23:03:14+00:00\",\"dateModified\":\"2021-12-14T19:47:41+00:00\",\"breadcrumb\":{\"@id\":\"https:\/\/consejoderectores.cl\/2021\/09\/01\/vicepresidente-ejecutivo-del-cruch-la-baja-en-las-vocaciones-para-ingresar-a-programas-de-pedagogia-se-ha-vuelto-sistematica-y-sistemica\/#breadcrumb\"},\"inLanguage\":\"en-US\",\"potentialAction\":[{\"@type\":\"ReadAction\",\"target\":[\"https:\/\/consejoderectores.cl\/2021\/09\/01\/vicepresidente-ejecutivo-del-cruch-la-baja-en-las-vocaciones-para-ingresar-a-programas-de-pedagogia-se-ha-vuelto-sistematica-y-sistemica\/\"]}]},{\"@type\":\"ImageObject\",\"inLanguage\":\"en-US\",\"@id\":\"https:\/\/consejoderectores.cl\/2021\/09\/01\/vicepresidente-ejecutivo-del-cruch-la-baja-en-las-vocaciones-para-ingresar-a-programas-de-pedagogia-se-ha-vuelto-sistematica-y-sistemica\/#primaryimage\",\"url\":\"https:\/\/consejoderectores.cl\/wp-content\/uploads\/2021\/09\/comision-senado-foto-Zolezzi.png\",\"contentUrl\":\"https:\/\/consejoderectores.cl\/wp-content\/uploads\/2021\/09\/comision-senado-foto-Zolezzi.png\",\"width\":1366,\"height\":768},{\"@type\":\"BreadcrumbList\",\"@id\":\"https:\/\/consejoderectores.cl\/2021\/09\/01\/vicepresidente-ejecutivo-del-cruch-la-baja-en-las-vocaciones-para-ingresar-a-programas-de-pedagogia-se-ha-vuelto-sistematica-y-sistemica\/#breadcrumb\",\"itemListElement\":[{\"@type\":\"ListItem\",\"position\":1,\"name\":\"Home\",\"item\":\"https:\/\/consejoderectores.cl\/\"},{\"@type\":\"ListItem\",\"position\":2,\"name\":\"Vicepresidente ejecutivo del CRUCH: \u201cLa baja en las vocaciones para ingresar a programas de pedagog\u00eda se ha vuelto sistem\u00e1tica y sist\u00e9mica\u201d\"}]},{\"@type\":\"WebSite\",\"@id\":\"https:\/\/consejoderectores.cl\/en\/#website\",\"url\":\"https:\/\/consejoderectores.cl\/en\/\",\"name\":\"Consejo de Rectoras y Rectores de las Universidades Chilenas\",\"description\":\"\",\"publisher\":{\"@id\":\"https:\/\/consejoderectores.cl\/en\/#organization\"},\"potentialAction\":[{\"@type\":\"SearchAction\",\"target\":{\"@type\":\"EntryPoint\",\"urlTemplate\":\"https:\/\/consejoderectores.cl\/en\/?s={search_term_string}\"},\"query-input\":{\"@type\":\"PropertyValueSpecification\",\"valueRequired\":true,\"valueName\":\"search_term_string\"}}],\"inLanguage\":\"en-US\"},{\"@type\":\"Organization\",\"@id\":\"https:\/\/consejoderectores.cl\/en\/#organization\",\"name\":\"Consejo de Rectoras y Rectores de las Universidades Chilenas\",\"url\":\"https:\/\/consejoderectores.cl\/en\/\",\"logo\":{\"@type\":\"ImageObject\",\"inLanguage\":\"en-US\",\"@id\":\"https:\/\/consejoderectores.cl\/en\/#\/schema\/logo\/image\/\",\"url\":\"https:\/\/consejoderectores.cl\/wp-content\/uploads\/2025\/12\/logoheader_2025.png\",\"contentUrl\":\"https:\/\/consejoderectores.cl\/wp-content\/uploads\/2025\/12\/logoheader_2025.png\",\"width\":666,\"height\":305,\"caption\":\"Consejo de Rectoras y Rectores de las Universidades Chilenas\"},\"image\":{\"@id\":\"https:\/\/consejoderectores.cl\/en\/#\/schema\/logo\/image\/\"},\"sameAs\":[\"https:\/\/x.com\/CRUCH_cl\",\"https:\/\/www.instagram.com\/consejoderectores\/\",\"https:\/\/www.linkedin.com\/company\/cruch\/\",\"https:\/\/www.youtube.com\/channel\/UCzgIFRCsDlKoFpimiQmEaOA\"]},{\"@type\":\"Person\",\"@id\":\"https:\/\/consejoderectores.cl\/en\/#\/schema\/person\/d863e44afde067fd4b57fac66ced709e\",\"name\":\"Consejo de Rectores de las Universidades Chilenas\",\"image\":{\"@type\":\"ImageObject\",\"inLanguage\":\"en-US\",\"@id\":\"https:\/\/consejoderectores.cl\/en\/#\/schema\/person\/image\/\",\"url\":\"https:\/\/secure.gravatar.com\/avatar\/c31e2a02401f041926afb8ee21ab666f0925814fe85d25a5c8db80e23722dfc1?s=96&d=mm&r=g\",\"contentUrl\":\"https:\/\/secure.gravatar.com\/avatar\/c31e2a02401f041926afb8ee21ab666f0925814fe85d25a5c8db80e23722dfc1?s=96&d=mm&r=g\",\"caption\":\"Consejo de Rectores de las Universidades Chilenas\"},\"sameAs\":[\"https:\/\/www.consejoderectores.cl\"],\"url\":\"https:\/\/consejoderectores.cl\/en\/author\/cruch\/\"}]}<\/script>\n<!-- \/ Yoast SEO plugin. -->","yoast_head_json":{"title":"Vicepresidente ejecutivo del CRUCH: \u201cLa baja en las vocaciones para ingresar a programas de pedagog\u00eda se ha vuelto sistem\u00e1tica y sist\u00e9mica\u201d - Consejo de Rectoras y Rectores de las Universidades Chilenas","robots":{"index":"index","follow":"follow","max-snippet":"max-snippet:-1","max-image-preview":"max-image-preview:large","max-video-preview":"max-video-preview:-1"},"canonical":"https:\/\/consejoderectores.cl\/en\/2021\/09\/01\/vicepresidente-ejecutivo-del-cruch-la-baja-en-las-vocaciones-para-ingresar-a-programas-de-pedagogia-se-ha-vuelto-sistematica-y-sistemica\/","og_locale":"en_US","og_type":"article","og_title":"Vicepresidente ejecutivo del CRUCH: \u201cLa baja en las vocaciones para ingresar a programas de pedagog\u00eda se ha vuelto sistem\u00e1tica y sist\u00e9mica\u201d - Consejo de Rectoras y Rectores de las Universidades Chilenas","og_description":"El rector de la U. de Santiago, Juan Manuel Zolezzi, abord\u00f3 el proyecto de ley que modifica los requisitos de ingreso a estas carreras, asegurando que la iniciativa, por s\u00ed sola \u201cno resuelve una de las mayores dificultades presentes en el sistema: la atracci\u00f3n de postulantes acad\u00e9micamente destacados\u201d. En la instancia parlamentaria tambi\u00e9n participaron la [&hellip;]","og_url":"https:\/\/consejoderectores.cl\/en\/2021\/09\/01\/vicepresidente-ejecutivo-del-cruch-la-baja-en-las-vocaciones-para-ingresar-a-programas-de-pedagogia-se-ha-vuelto-sistematica-y-sistemica\/","og_site_name":"Consejo de Rectoras y Rectores de las Universidades Chilenas","article_published_time":"2021-09-01T23:03:14+00:00","article_modified_time":"2021-12-14T19:47:41+00:00","og_image":[{"width":1366,"height":768,"url":"https:\/\/consejoderectores.cl\/wp-content\/uploads\/2021\/09\/comision-senado-foto-Zolezzi.png","type":"image\/png"}],"author":"Consejo de Rectores de las Universidades Chilenas","twitter_card":"summary_large_image","twitter_creator":"@CRUCH_cl","twitter_site":"@CRUCH_cl","twitter_misc":{"Written by":"Consejo de Rectores de las Universidades Chilenas","Est. reading time":"5 minutes"},"schema":{"@context":"https:\/\/schema.org","@graph":[{"@type":"Article","@id":"https:\/\/consejoderectores.cl\/2021\/09\/01\/vicepresidente-ejecutivo-del-cruch-la-baja-en-las-vocaciones-para-ingresar-a-programas-de-pedagogia-se-ha-vuelto-sistematica-y-sistemica\/#article","isPartOf":{"@id":"https:\/\/consejoderectores.cl\/2021\/09\/01\/vicepresidente-ejecutivo-del-cruch-la-baja-en-las-vocaciones-para-ingresar-a-programas-de-pedagogia-se-ha-vuelto-sistematica-y-sistemica\/"},"author":{"name":"Consejo de Rectores de las Universidades Chilenas","@id":"https:\/\/consejoderectores.cl\/en\/#\/schema\/person\/d863e44afde067fd4b57fac66ced709e"},"headline":"Vicepresidente ejecutivo del CRUCH: \u201cLa baja en las vocaciones para ingresar a programas de pedagog\u00eda se ha vuelto sistem\u00e1tica y sist\u00e9mica\u201d","datePublished":"2021-09-01T23:03:14+00:00","dateModified":"2021-12-14T19:47:41+00:00","mainEntityOfPage":{"@id":"https:\/\/consejoderectores.cl\/2021\/09\/01\/vicepresidente-ejecutivo-del-cruch-la-baja-en-las-vocaciones-para-ingresar-a-programas-de-pedagogia-se-ha-vuelto-sistematica-y-sistemica\/"},"wordCount":1091,"commentCount":0,"publisher":{"@id":"https:\/\/consejoderectores.cl\/en\/#organization"},"image":{"@id":"https:\/\/consejoderectores.cl\/2021\/09\/01\/vicepresidente-ejecutivo-del-cruch-la-baja-en-las-vocaciones-para-ingresar-a-programas-de-pedagogia-se-ha-vuelto-sistematica-y-sistemica\/#primaryimage"},"thumbnailUrl":"https:\/\/consejoderectores.cl\/wp-content\/uploads\/2021\/09\/comision-senado-foto-Zolezzi.png","articleSection":["Noticias"],"inLanguage":"en-US","potentialAction":[{"@type":"CommentAction","name":"Comment","target":["https:\/\/consejoderectores.cl\/2021\/09\/01\/vicepresidente-ejecutivo-del-cruch-la-baja-en-las-vocaciones-para-ingresar-a-programas-de-pedagogia-se-ha-vuelto-sistematica-y-sistemica\/#respond"]}]},{"@type":"WebPage","@id":"https:\/\/consejoderectores.cl\/2021\/09\/01\/vicepresidente-ejecutivo-del-cruch-la-baja-en-las-vocaciones-para-ingresar-a-programas-de-pedagogia-se-ha-vuelto-sistematica-y-sistemica\/","url":"https:\/\/consejoderectores.cl\/2021\/09\/01\/vicepresidente-ejecutivo-del-cruch-la-baja-en-las-vocaciones-para-ingresar-a-programas-de-pedagogia-se-ha-vuelto-sistematica-y-sistemica\/","name":"Vicepresidente ejecutivo del CRUCH: \u201cLa baja en las vocaciones para ingresar a programas de pedagog\u00eda se ha vuelto sistem\u00e1tica y sist\u00e9mica\u201d - Consejo de Rectoras y Rectores de las Universidades Chilenas","isPartOf":{"@id":"https:\/\/consejoderectores.cl\/en\/#website"},"primaryImageOfPage":{"@id":"https:\/\/consejoderectores.cl\/2021\/09\/01\/vicepresidente-ejecutivo-del-cruch-la-baja-en-las-vocaciones-para-ingresar-a-programas-de-pedagogia-se-ha-vuelto-sistematica-y-sistemica\/#primaryimage"},"image":{"@id":"https:\/\/consejoderectores.cl\/2021\/09\/01\/vicepresidente-ejecutivo-del-cruch-la-baja-en-las-vocaciones-para-ingresar-a-programas-de-pedagogia-se-ha-vuelto-sistematica-y-sistemica\/#primaryimage"},"thumbnailUrl":"https:\/\/consejoderectores.cl\/wp-content\/uploads\/2021\/09\/comision-senado-foto-Zolezzi.png","datePublished":"2021-09-01T23:03:14+00:00","dateModified":"2021-12-14T19:47:41+00:00","breadcrumb":{"@id":"https:\/\/consejoderectores.cl\/2021\/09\/01\/vicepresidente-ejecutivo-del-cruch-la-baja-en-las-vocaciones-para-ingresar-a-programas-de-pedagogia-se-ha-vuelto-sistematica-y-sistemica\/#breadcrumb"},"inLanguage":"en-US","potentialAction":[{"@type":"ReadAction","target":["https:\/\/consejoderectores.cl\/2021\/09\/01\/vicepresidente-ejecutivo-del-cruch-la-baja-en-las-vocaciones-para-ingresar-a-programas-de-pedagogia-se-ha-vuelto-sistematica-y-sistemica\/"]}]},{"@type":"ImageObject","inLanguage":"en-US","@id":"https:\/\/consejoderectores.cl\/2021\/09\/01\/vicepresidente-ejecutivo-del-cruch-la-baja-en-las-vocaciones-para-ingresar-a-programas-de-pedagogia-se-ha-vuelto-sistematica-y-sistemica\/#primaryimage","url":"https:\/\/consejoderectores.cl\/wp-content\/uploads\/2021\/09\/comision-senado-foto-Zolezzi.png","contentUrl":"https:\/\/consejoderectores.cl\/wp-content\/uploads\/2021\/09\/comision-senado-foto-Zolezzi.png","width":1366,"height":768},{"@type":"BreadcrumbList","@id":"https:\/\/consejoderectores.cl\/2021\/09\/01\/vicepresidente-ejecutivo-del-cruch-la-baja-en-las-vocaciones-para-ingresar-a-programas-de-pedagogia-se-ha-vuelto-sistematica-y-sistemica\/#breadcrumb","itemListElement":[{"@type":"ListItem","position":1,"name":"Home","item":"https:\/\/consejoderectores.cl\/"},{"@type":"ListItem","position":2,"name":"Vicepresidente ejecutivo del CRUCH: \u201cLa baja en las vocaciones para ingresar a programas de pedagog\u00eda se ha vuelto sistem\u00e1tica y sist\u00e9mica\u201d"}]},{"@type":"WebSite","@id":"https:\/\/consejoderectores.cl\/en\/#website","url":"https:\/\/consejoderectores.cl\/en\/","name":"Council of Rectors of Chilean Universities","description":"","publisher":{"@id":"https:\/\/consejoderectores.cl\/en\/#organization"},"potentialAction":[{"@type":"SearchAction","target":{"@type":"EntryPoint","urlTemplate":"https:\/\/consejoderectores.cl\/en\/?s={search_term_string}"},"query-input":{"@type":"PropertyValueSpecification","valueRequired":true,"valueName":"search_term_string"}}],"inLanguage":"en-US"},{"@type":"Organization","@id":"https:\/\/consejoderectores.cl\/en\/#organization","name":"Council of Rectors of Chilean Universities","url":"https:\/\/consejoderectores.cl\/en\/","logo":{"@type":"ImageObject","inLanguage":"en-US","@id":"https:\/\/consejoderectores.cl\/en\/#\/schema\/logo\/image\/","url":"https:\/\/consejoderectores.cl\/wp-content\/uploads\/2025\/12\/logoheader_2025.png","contentUrl":"https:\/\/consejoderectores.cl\/wp-content\/uploads\/2025\/12\/logoheader_2025.png","width":666,"height":305,"caption":"Consejo de Rectoras y Rectores de las Universidades Chilenas"},"image":{"@id":"https:\/\/consejoderectores.cl\/en\/#\/schema\/logo\/image\/"},"sameAs":["https:\/\/x.com\/CRUCH_cl","https:\/\/www.instagram.com\/consejoderectores\/","https:\/\/www.linkedin.com\/company\/cruch\/","https:\/\/www.youtube.com\/channel\/UCzgIFRCsDlKoFpimiQmEaOA"]},{"@type":"Person","@id":"https:\/\/consejoderectores.cl\/en\/#\/schema\/person\/d863e44afde067fd4b57fac66ced709e","name":"Council of Rectors of Chilean Universities","image":{"@type":"ImageObject","inLanguage":"en-US","@id":"https:\/\/consejoderectores.cl\/en\/#\/schema\/person\/image\/","url":"https:\/\/secure.gravatar.com\/avatar\/c31e2a02401f041926afb8ee21ab666f0925814fe85d25a5c8db80e23722dfc1?s=96&d=mm&r=g","contentUrl":"https:\/\/secure.gravatar.com\/avatar\/c31e2a02401f041926afb8ee21ab666f0925814fe85d25a5c8db80e23722dfc1?s=96&d=mm&r=g","caption":"Consejo de Rectores de las Universidades Chilenas"},"sameAs":["https:\/\/www.consejoderectores.cl"],"url":"https:\/\/consejoderectores.cl\/en\/author\/cruch\/"}]}},"_links":{"self":[{"href":"https:\/\/consejoderectores.cl\/en\/wp-json\/wp\/v2\/posts\/3014","targetHints":{"allow":["GET"]}}],"collection":[{"href":"https:\/\/consejoderectores.cl\/en\/wp-json\/wp\/v2\/posts"}],"about":[{"href":"https:\/\/consejoderectores.cl\/en\/wp-json\/wp\/v2\/types\/post"}],"author":[{"embeddable":true,"href":"https:\/\/consejoderectores.cl\/en\/wp-json\/wp\/v2\/users\/1"}],"replies":[{"embeddable":true,"href":"https:\/\/consejoderectores.cl\/en\/wp-json\/wp\/v2\/comments?post=3014"}],"version-history":[{"count":1,"href":"https:\/\/consejoderectores.cl\/en\/wp-json\/wp\/v2\/posts\/3014\/revisions"}],"predecessor-version":[{"id":3017,"href":"https:\/\/consejoderectores.cl\/en\/wp-json\/wp\/v2\/posts\/3014\/revisions\/3017"}],"wp:featuredmedia":[{"embeddable":true,"href":"https:\/\/consejoderectores.cl\/en\/wp-json\/wp\/v2\/media\/3016"}],"wp:attachment":[{"href":"https:\/\/consejoderectores.cl\/en\/wp-json\/wp\/v2\/media?parent=3014"}],"wp:term":[{"taxonomy":"category","embeddable":true,"href":"https:\/\/consejoderectores.cl\/en\/wp-json\/wp\/v2\/categories?post=3014"},{"taxonomy":"post_tag","embeddable":true,"href":"https:\/\/consejoderectores.cl\/en\/wp-json\/wp\/v2\/tags?post=3014"}],"curies":[{"name":"wp","href":"https:\/\/api.w.org\/{rel}","templated":true}]}}