{"id":2795,"date":"2021-07-22T12:49:51","date_gmt":"2021-07-22T12:49:51","guid":{"rendered":"https:\/\/www.consejoderectores.cl\/?p=2795"},"modified":"2021-12-14T19:49:37","modified_gmt":"2021-12-14T19:49:37","slug":"rector-de-la-universidad-de-los-lagos-es-reelecto-para-un-nuevo-periodo-2021-2025","status":"publish","type":"post","link":"https:\/\/consejoderectores.cl\/en\/2021\/07\/22\/rector-de-la-universidad-de-los-lagos-es-reelecto-para-un-nuevo-periodo-2021-2025\/","title":{"rendered":"Rector of the University of Los Lagos is reelected for a new period 2021-2025"},"content":{"rendered":"<blockquote><p>The academic community gave the rector \u00d3scar Garrido \u00c1lvarez a strong endorsement through the voting process that took place during the day this Wednesday.<\/p><\/blockquote>\n<p>With the strength that comes from having obtained an 80.56 % of the votes, from a universe of 299 male and female academics with the right to vote, the rector \u00d3scar Garrido \u00c1lvarez proudly takes on this new challenge, leading the destinies of the only public university in the region.<\/p>\n<p>From the list of 299 academics with the right to vote, a 97% exercised their right to vote, which means a total of 289 academics, as indicated by the president of the Suffrage Reception Board, Glenda Guti\u00e9rrez.<\/p>\n<p>It was through an online voting system due to the confinement that the pandemic has forced, that this election was held, in which the academics of the Osorno and Puerto Montt campuses, and the Chilo\u00e9 and Santiago campuses had to enter a safe and reliable platform to cast your vote.<\/p>\n<p>Once the election process was completed, which lasted from 9:00 a.m. to 5:00 p.m. on Wednesday, July 21, the Suffrage Reception Table proceeded to count the votes and, through the zoom platform, report the results to the entire university community.<\/p>\n<p>The Special Electoral Commission chaired by the academic Ren\u00e9 Reyes also participated in this presentation of results, who thanked the participation of all the academics in this process that elects the rector of the ULagos for the first time through an electronic voting system.<\/p>\n<p>After the presentation of the results, the procedure indicates that the Suffrage Reception Table delivers them to the Special Electoral Commission, who must subsequently deliver them to the Superior Council.<\/p>\n<p>Next, the reelected rector of the University of Los Lagos delivers an open letter to the entire university community.<\/p>\n<p>Dear ULagos community:<\/p>\n<p>I am honored once again to have the overwhelming support of the academic community by trusting in my leadership to guide the destinies of our University. I am excited to observe how a collective effort of academics, officials and students has allowed us to transform our university in all areas of university work such as teaching, postgraduate studies, research, institutional management and links with the university. regional and national environment. I have the genuine conviction that in the next period, placing the development of people at the center of our work, we will advance in the consolidation of our precious university project, with a high recognition of &quot;our University&quot; as a strategic actor at the service of the region and the country.<\/p>\n<p>On the other hand, the national context offers us spaces for our University to be a dialoguing, collaborative actor in the construction of a more just and equitable country, with social rights that need to be consigned in the new constitution and as we have collaborated since the outbreak social and pandemic, today we will deliberately do so in the constituent process, displaying our principles and values as a public university.<\/p>\n<p>I reiterate once again, my deep gratitude to the academics who fulfilled the civic role supporting me in this electoral process and giving me once again the opportunity to continue leading the University. I renew my commitment to continue dignifying the role of a public servant at the disposal of its university community and our territory, in a dialogue perspective and advancing with strategic decisions that allow us to make the University a kind and generous space to realize dreams and projects in the different areas of our work. Thank you very much, a fraternal greeting and high appreciation and appreciation for your support.<\/p>\n<p><img loading=\"lazy\" decoding=\"async\" class=\"alignright size-medium wp-image-2797\" src=\"https:\/\/www.consejoderectores.cl\/wp-content\/uploads\/2021\/07\/foto-eleciconesulagos-300x149.jpg\" alt=\"\" width=\"300\" height=\"149\" srcset=\"https:\/\/consejoderectores.cl\/wp-content\/uploads\/2021\/07\/foto-eleciconesulagos-300x149.jpg 300w, https:\/\/consejoderectores.cl\/wp-content\/uploads\/2021\/07\/foto-eleciconesulagos-1024x508.jpg 1024w, https:\/\/consejoderectores.cl\/wp-content\/uploads\/2021\/07\/foto-eleciconesulagos-768x381.jpg 768w, https:\/\/consejoderectores.cl\/wp-content\/uploads\/2021\/07\/foto-eleciconesulagos-16x8.jpg 16w, https:\/\/consejoderectores.cl\/wp-content\/uploads\/2021\/07\/foto-eleciconesulagos-848x420.jpg 848w, https:\/\/consejoderectores.cl\/wp-content\/uploads\/2021\/07\/foto-eleciconesulagos-1140x565.jpg 1140w, https:\/\/consejoderectores.cl\/wp-content\/uploads\/2021\/07\/foto-eleciconesulagos-1170x580.jpg 1170w, https:\/\/consejoderectores.cl\/wp-content\/uploads\/2021\/07\/foto-eleciconesulagos.jpg 1331w\" sizes=\"auto, (max-width: 300px) 100vw, 300px\" \/><\/p>\n<p>&nbsp;<\/p>\n<p>&nbsp;<\/p>\n<p>&nbsp;<\/p>\n<p>&nbsp;<\/p>\n<p>&nbsp;<\/p>\n<p><em>Source: University of Los Lagos \/ Photographs: University of Los Lagos<\/em><\/p>","protected":false},"excerpt":{"rendered":"<p>La comunidad acad\u00e9mica le entreg\u00f3 al rector \u00d3scar Garrido \u00c1lvarez un respaldo contundente a trav\u00e9s del proceso de votaci\u00f3n que se llev\u00f3 a cabo durante la jornada de este mi\u00e9rcoles. Con la fuerza que le da haber obtenido un 80,56 % de los sufragios, de un universo de 299 acad\u00e9micos y acad\u00e9micas con derecho a [&hellip;]<\/p>\n","protected":false},"author":1,"featured_media":2796,"comment_status":"open","ping_status":"open","sticky":false,"template":"","format":"standard","meta":{"_acf_changed":false,"footnotes":""},"categories":[3],"tags":[],"class_list":["post-2795","post","type-post","status-publish","format-standard","has-post-thumbnail","hentry","category-noticias"],"acf":[],"yoast_head":"<!-- This site is optimized with the Yoast SEO plugin v27.1.1 - https:\/\/yoast.com\/product\/yoast-seo-wordpress\/ -->\n<title>Rector de la Universidad de Los Lagos es reelecto para un nuevo periodo 2021-2025 - Consejo de Rectoras y Rectores de las Universidades Chilenas<\/title>\n<meta name=\"robots\" content=\"index, follow, max-snippet:-1, max-image-preview:large, max-video-preview:-1\" \/>\n<link rel=\"canonical\" href=\"https:\/\/consejoderectores.cl\/en\/2021\/07\/22\/rector-de-la-universidad-de-los-lagos-es-reelecto-para-un-nuevo-periodo-2021-2025\/\" \/>\n<meta property=\"og:locale\" content=\"en_US\" \/>\n<meta property=\"og:type\" content=\"article\" \/>\n<meta property=\"og:title\" content=\"Rector de la Universidad de Los Lagos es reelecto para un nuevo periodo 2021-2025 - Consejo de Rectoras y Rectores de las Universidades Chilenas\" \/>\n<meta property=\"og:description\" content=\"La comunidad acad\u00e9mica le entreg\u00f3 al rector \u00d3scar Garrido \u00c1lvarez un respaldo contundente a trav\u00e9s del proceso de votaci\u00f3n que se llev\u00f3 a cabo durante la jornada de este mi\u00e9rcoles. Con la fuerza que le da haber obtenido un 80,56 % de los sufragios, de un universo de 299 acad\u00e9micos y acad\u00e9micas con derecho a [&hellip;]\" \/>\n<meta property=\"og:url\" content=\"https:\/\/consejoderectores.cl\/en\/2021\/07\/22\/rector-de-la-universidad-de-los-lagos-es-reelecto-para-un-nuevo-periodo-2021-2025\/\" \/>\n<meta property=\"og:site_name\" content=\"Consejo de Rectoras y Rectores de las Universidades Chilenas\" \/>\n<meta property=\"article:published_time\" content=\"2021-07-22T12:49:51+00:00\" \/>\n<meta property=\"article:modified_time\" content=\"2021-12-14T19:49:37+00:00\" \/>\n<meta property=\"og:image\" content=\"https:\/\/consejoderectores.cl\/wp-content\/uploads\/2021\/07\/rector-U-Lagos.jpg\" \/>\n\t<meta property=\"og:image:width\" content=\"1112\" \/>\n\t<meta property=\"og:image:height\" content=\"1280\" \/>\n\t<meta property=\"og:image:type\" content=\"image\/jpeg\" \/>\n<meta name=\"author\" content=\"Consejo de Rectores de las Universidades Chilenas\" \/>\n<meta name=\"twitter:card\" content=\"summary_large_image\" \/>\n<meta name=\"twitter:creator\" content=\"@CRUCH_cl\" \/>\n<meta name=\"twitter:site\" content=\"@CRUCH_cl\" \/>\n<meta name=\"twitter:label1\" content=\"Written by\" \/>\n\t<meta name=\"twitter:data1\" content=\"Consejo de Rectores de las Universidades Chilenas\" \/>\n\t<meta name=\"twitter:label2\" content=\"Est. reading time\" \/>\n\t<meta name=\"twitter:data2\" content=\"3 minutes\" \/>\n<script type=\"application\/ld+json\" class=\"yoast-schema-graph\">{\"@context\":\"https:\/\/schema.org\",\"@graph\":[{\"@type\":\"Article\",\"@id\":\"https:\/\/consejoderectores.cl\/2021\/07\/22\/rector-de-la-universidad-de-los-lagos-es-reelecto-para-un-nuevo-periodo-2021-2025\/#article\",\"isPartOf\":{\"@id\":\"https:\/\/consejoderectores.cl\/2021\/07\/22\/rector-de-la-universidad-de-los-lagos-es-reelecto-para-un-nuevo-periodo-2021-2025\/\"},\"author\":{\"name\":\"Consejo de Rectores de las Universidades Chilenas\",\"@id\":\"https:\/\/consejoderectores.cl\/en\/#\/schema\/person\/d863e44afde067fd4b57fac66ced709e\"},\"headline\":\"Rector de la Universidad de Los Lagos es reelecto para un nuevo periodo 2021-2025\",\"datePublished\":\"2021-07-22T12:49:51+00:00\",\"dateModified\":\"2021-12-14T19:49:37+00:00\",\"mainEntityOfPage\":{\"@id\":\"https:\/\/consejoderectores.cl\/2021\/07\/22\/rector-de-la-universidad-de-los-lagos-es-reelecto-para-un-nuevo-periodo-2021-2025\/\"},\"wordCount\":705,\"commentCount\":0,\"publisher\":{\"@id\":\"https:\/\/consejoderectores.cl\/en\/#organization\"},\"image\":{\"@id\":\"https:\/\/consejoderectores.cl\/2021\/07\/22\/rector-de-la-universidad-de-los-lagos-es-reelecto-para-un-nuevo-periodo-2021-2025\/#primaryimage\"},\"thumbnailUrl\":\"https:\/\/consejoderectores.cl\/wp-content\/uploads\/2021\/07\/rector-U-Lagos.jpg\",\"articleSection\":[\"Noticias\"],\"inLanguage\":\"en-US\",\"potentialAction\":[{\"@type\":\"CommentAction\",\"name\":\"Comment\",\"target\":[\"https:\/\/consejoderectores.cl\/2021\/07\/22\/rector-de-la-universidad-de-los-lagos-es-reelecto-para-un-nuevo-periodo-2021-2025\/#respond\"]}]},{\"@type\":\"WebPage\",\"@id\":\"https:\/\/consejoderectores.cl\/2021\/07\/22\/rector-de-la-universidad-de-los-lagos-es-reelecto-para-un-nuevo-periodo-2021-2025\/\",\"url\":\"https:\/\/consejoderectores.cl\/2021\/07\/22\/rector-de-la-universidad-de-los-lagos-es-reelecto-para-un-nuevo-periodo-2021-2025\/\",\"name\":\"Rector de la Universidad de Los Lagos es reelecto para un nuevo periodo 2021-2025 - Consejo de Rectoras y Rectores de las Universidades Chilenas\",\"isPartOf\":{\"@id\":\"https:\/\/consejoderectores.cl\/en\/#website\"},\"primaryImageOfPage\":{\"@id\":\"https:\/\/consejoderectores.cl\/2021\/07\/22\/rector-de-la-universidad-de-los-lagos-es-reelecto-para-un-nuevo-periodo-2021-2025\/#primaryimage\"},\"image\":{\"@id\":\"https:\/\/consejoderectores.cl\/2021\/07\/22\/rector-de-la-universidad-de-los-lagos-es-reelecto-para-un-nuevo-periodo-2021-2025\/#primaryimage\"},\"thumbnailUrl\":\"https:\/\/consejoderectores.cl\/wp-content\/uploads\/2021\/07\/rector-U-Lagos.jpg\",\"datePublished\":\"2021-07-22T12:49:51+00:00\",\"dateModified\":\"2021-12-14T19:49:37+00:00\",\"breadcrumb\":{\"@id\":\"https:\/\/consejoderectores.cl\/2021\/07\/22\/rector-de-la-universidad-de-los-lagos-es-reelecto-para-un-nuevo-periodo-2021-2025\/#breadcrumb\"},\"inLanguage\":\"en-US\",\"potentialAction\":[{\"@type\":\"ReadAction\",\"target\":[\"https:\/\/consejoderectores.cl\/2021\/07\/22\/rector-de-la-universidad-de-los-lagos-es-reelecto-para-un-nuevo-periodo-2021-2025\/\"]}]},{\"@type\":\"ImageObject\",\"inLanguage\":\"en-US\",\"@id\":\"https:\/\/consejoderectores.cl\/2021\/07\/22\/rector-de-la-universidad-de-los-lagos-es-reelecto-para-un-nuevo-periodo-2021-2025\/#primaryimage\",\"url\":\"https:\/\/consejoderectores.cl\/wp-content\/uploads\/2021\/07\/rector-U-Lagos.jpg\",\"contentUrl\":\"https:\/\/consejoderectores.cl\/wp-content\/uploads\/2021\/07\/rector-U-Lagos.jpg\",\"width\":1112,\"height\":1280},{\"@type\":\"BreadcrumbList\",\"@id\":\"https:\/\/consejoderectores.cl\/2021\/07\/22\/rector-de-la-universidad-de-los-lagos-es-reelecto-para-un-nuevo-periodo-2021-2025\/#breadcrumb\",\"itemListElement\":[{\"@type\":\"ListItem\",\"position\":1,\"name\":\"Home\",\"item\":\"https:\/\/consejoderectores.cl\/\"},{\"@type\":\"ListItem\",\"position\":2,\"name\":\"Rector de la Universidad de Los Lagos es reelecto para un nuevo periodo 2021-2025\"}]},{\"@type\":\"WebSite\",\"@id\":\"https:\/\/consejoderectores.cl\/en\/#website\",\"url\":\"https:\/\/consejoderectores.cl\/en\/\",\"name\":\"Consejo de Rectoras y Rectores de las Universidades Chilenas\",\"description\":\"\",\"publisher\":{\"@id\":\"https:\/\/consejoderectores.cl\/en\/#organization\"},\"potentialAction\":[{\"@type\":\"SearchAction\",\"target\":{\"@type\":\"EntryPoint\",\"urlTemplate\":\"https:\/\/consejoderectores.cl\/en\/?s={search_term_string}\"},\"query-input\":{\"@type\":\"PropertyValueSpecification\",\"valueRequired\":true,\"valueName\":\"search_term_string\"}}],\"inLanguage\":\"en-US\"},{\"@type\":\"Organization\",\"@id\":\"https:\/\/consejoderectores.cl\/en\/#organization\",\"name\":\"Consejo de Rectoras y Rectores de las Universidades Chilenas\",\"url\":\"https:\/\/consejoderectores.cl\/en\/\",\"logo\":{\"@type\":\"ImageObject\",\"inLanguage\":\"en-US\",\"@id\":\"https:\/\/consejoderectores.cl\/en\/#\/schema\/logo\/image\/\",\"url\":\"https:\/\/consejoderectores.cl\/wp-content\/uploads\/2025\/12\/logoheader_2025.png\",\"contentUrl\":\"https:\/\/consejoderectores.cl\/wp-content\/uploads\/2025\/12\/logoheader_2025.png\",\"width\":666,\"height\":305,\"caption\":\"Consejo de Rectoras y Rectores de las Universidades Chilenas\"},\"image\":{\"@id\":\"https:\/\/consejoderectores.cl\/en\/#\/schema\/logo\/image\/\"},\"sameAs\":[\"https:\/\/x.com\/CRUCH_cl\",\"https:\/\/www.instagram.com\/consejoderectores\/\",\"https:\/\/www.linkedin.com\/company\/cruch\/\",\"https:\/\/www.youtube.com\/channel\/UCzgIFRCsDlKoFpimiQmEaOA\"]},{\"@type\":\"Person\",\"@id\":\"https:\/\/consejoderectores.cl\/en\/#\/schema\/person\/d863e44afde067fd4b57fac66ced709e\",\"name\":\"Consejo de Rectores de las Universidades Chilenas\",\"image\":{\"@type\":\"ImageObject\",\"inLanguage\":\"en-US\",\"@id\":\"https:\/\/consejoderectores.cl\/en\/#\/schema\/person\/image\/\",\"url\":\"https:\/\/secure.gravatar.com\/avatar\/c31e2a02401f041926afb8ee21ab666f0925814fe85d25a5c8db80e23722dfc1?s=96&d=mm&r=g\",\"contentUrl\":\"https:\/\/secure.gravatar.com\/avatar\/c31e2a02401f041926afb8ee21ab666f0925814fe85d25a5c8db80e23722dfc1?s=96&d=mm&r=g\",\"caption\":\"Consejo de Rectores de las Universidades Chilenas\"},\"sameAs\":[\"https:\/\/www.consejoderectores.cl\"],\"url\":\"https:\/\/consejoderectores.cl\/en\/author\/cruch\/\"}]}<\/script>\n<!-- \/ Yoast SEO plugin. -->","yoast_head_json":{"title":"Rector de la Universidad de Los Lagos es reelecto para un nuevo periodo 2021-2025 - Consejo de Rectoras y Rectores de las Universidades Chilenas","robots":{"index":"index","follow":"follow","max-snippet":"max-snippet:-1","max-image-preview":"max-image-preview:large","max-video-preview":"max-video-preview:-1"},"canonical":"https:\/\/consejoderectores.cl\/en\/2021\/07\/22\/rector-de-la-universidad-de-los-lagos-es-reelecto-para-un-nuevo-periodo-2021-2025\/","og_locale":"en_US","og_type":"article","og_title":"Rector de la Universidad de Los Lagos es reelecto para un nuevo periodo 2021-2025 - Consejo de Rectoras y Rectores de las Universidades Chilenas","og_description":"La comunidad acad\u00e9mica le entreg\u00f3 al rector \u00d3scar Garrido \u00c1lvarez un respaldo contundente a trav\u00e9s del proceso de votaci\u00f3n que se llev\u00f3 a cabo durante la jornada de este mi\u00e9rcoles. Con la fuerza que le da haber obtenido un 80,56 % de los sufragios, de un universo de 299 acad\u00e9micos y acad\u00e9micas con derecho a [&hellip;]","og_url":"https:\/\/consejoderectores.cl\/en\/2021\/07\/22\/rector-de-la-universidad-de-los-lagos-es-reelecto-para-un-nuevo-periodo-2021-2025\/","og_site_name":"Consejo de Rectoras y Rectores de las Universidades Chilenas","article_published_time":"2021-07-22T12:49:51+00:00","article_modified_time":"2021-12-14T19:49:37+00:00","og_image":[{"width":1112,"height":1280,"url":"https:\/\/consejoderectores.cl\/wp-content\/uploads\/2021\/07\/rector-U-Lagos.jpg","type":"image\/jpeg"}],"author":"Consejo de Rectores de las Universidades Chilenas","twitter_card":"summary_large_image","twitter_creator":"@CRUCH_cl","twitter_site":"@CRUCH_cl","twitter_misc":{"Written by":"Consejo de Rectores de las Universidades Chilenas","Est. reading time":"3 minutes"},"schema":{"@context":"https:\/\/schema.org","@graph":[{"@type":"Article","@id":"https:\/\/consejoderectores.cl\/2021\/07\/22\/rector-de-la-universidad-de-los-lagos-es-reelecto-para-un-nuevo-periodo-2021-2025\/#article","isPartOf":{"@id":"https:\/\/consejoderectores.cl\/2021\/07\/22\/rector-de-la-universidad-de-los-lagos-es-reelecto-para-un-nuevo-periodo-2021-2025\/"},"author":{"name":"Consejo de Rectores de las Universidades Chilenas","@id":"https:\/\/consejoderectores.cl\/en\/#\/schema\/person\/d863e44afde067fd4b57fac66ced709e"},"headline":"Rector de la Universidad de Los Lagos es reelecto para un nuevo periodo 2021-2025","datePublished":"2021-07-22T12:49:51+00:00","dateModified":"2021-12-14T19:49:37+00:00","mainEntityOfPage":{"@id":"https:\/\/consejoderectores.cl\/2021\/07\/22\/rector-de-la-universidad-de-los-lagos-es-reelecto-para-un-nuevo-periodo-2021-2025\/"},"wordCount":705,"commentCount":0,"publisher":{"@id":"https:\/\/consejoderectores.cl\/en\/#organization"},"image":{"@id":"https:\/\/consejoderectores.cl\/2021\/07\/22\/rector-de-la-universidad-de-los-lagos-es-reelecto-para-un-nuevo-periodo-2021-2025\/#primaryimage"},"thumbnailUrl":"https:\/\/consejoderectores.cl\/wp-content\/uploads\/2021\/07\/rector-U-Lagos.jpg","articleSection":["Noticias"],"inLanguage":"en-US","potentialAction":[{"@type":"CommentAction","name":"Comment","target":["https:\/\/consejoderectores.cl\/2021\/07\/22\/rector-de-la-universidad-de-los-lagos-es-reelecto-para-un-nuevo-periodo-2021-2025\/#respond"]}]},{"@type":"WebPage","@id":"https:\/\/consejoderectores.cl\/2021\/07\/22\/rector-de-la-universidad-de-los-lagos-es-reelecto-para-un-nuevo-periodo-2021-2025\/","url":"https:\/\/consejoderectores.cl\/2021\/07\/22\/rector-de-la-universidad-de-los-lagos-es-reelecto-para-un-nuevo-periodo-2021-2025\/","name":"Rector de la Universidad de Los Lagos es reelecto para un nuevo periodo 2021-2025 - Consejo de Rectoras y Rectores de las Universidades Chilenas","isPartOf":{"@id":"https:\/\/consejoderectores.cl\/en\/#website"},"primaryImageOfPage":{"@id":"https:\/\/consejoderectores.cl\/2021\/07\/22\/rector-de-la-universidad-de-los-lagos-es-reelecto-para-un-nuevo-periodo-2021-2025\/#primaryimage"},"image":{"@id":"https:\/\/consejoderectores.cl\/2021\/07\/22\/rector-de-la-universidad-de-los-lagos-es-reelecto-para-un-nuevo-periodo-2021-2025\/#primaryimage"},"thumbnailUrl":"https:\/\/consejoderectores.cl\/wp-content\/uploads\/2021\/07\/rector-U-Lagos.jpg","datePublished":"2021-07-22T12:49:51+00:00","dateModified":"2021-12-14T19:49:37+00:00","breadcrumb":{"@id":"https:\/\/consejoderectores.cl\/2021\/07\/22\/rector-de-la-universidad-de-los-lagos-es-reelecto-para-un-nuevo-periodo-2021-2025\/#breadcrumb"},"inLanguage":"en-US","potentialAction":[{"@type":"ReadAction","target":["https:\/\/consejoderectores.cl\/2021\/07\/22\/rector-de-la-universidad-de-los-lagos-es-reelecto-para-un-nuevo-periodo-2021-2025\/"]}]},{"@type":"ImageObject","inLanguage":"en-US","@id":"https:\/\/consejoderectores.cl\/2021\/07\/22\/rector-de-la-universidad-de-los-lagos-es-reelecto-para-un-nuevo-periodo-2021-2025\/#primaryimage","url":"https:\/\/consejoderectores.cl\/wp-content\/uploads\/2021\/07\/rector-U-Lagos.jpg","contentUrl":"https:\/\/consejoderectores.cl\/wp-content\/uploads\/2021\/07\/rector-U-Lagos.jpg","width":1112,"height":1280},{"@type":"BreadcrumbList","@id":"https:\/\/consejoderectores.cl\/2021\/07\/22\/rector-de-la-universidad-de-los-lagos-es-reelecto-para-un-nuevo-periodo-2021-2025\/#breadcrumb","itemListElement":[{"@type":"ListItem","position":1,"name":"Home","item":"https:\/\/consejoderectores.cl\/"},{"@type":"ListItem","position":2,"name":"Rector de la Universidad de Los Lagos es reelecto para un nuevo periodo 2021-2025"}]},{"@type":"WebSite","@id":"https:\/\/consejoderectores.cl\/en\/#website","url":"https:\/\/consejoderectores.cl\/en\/","name":"Council of Rectors of Chilean Universities","description":"","publisher":{"@id":"https:\/\/consejoderectores.cl\/en\/#organization"},"potentialAction":[{"@type":"SearchAction","target":{"@type":"EntryPoint","urlTemplate":"https:\/\/consejoderectores.cl\/en\/?s={search_term_string}"},"query-input":{"@type":"PropertyValueSpecification","valueRequired":true,"valueName":"search_term_string"}}],"inLanguage":"en-US"},{"@type":"Organization","@id":"https:\/\/consejoderectores.cl\/en\/#organization","name":"Council of Rectors of Chilean Universities","url":"https:\/\/consejoderectores.cl\/en\/","logo":{"@type":"ImageObject","inLanguage":"en-US","@id":"https:\/\/consejoderectores.cl\/en\/#\/schema\/logo\/image\/","url":"https:\/\/consejoderectores.cl\/wp-content\/uploads\/2025\/12\/logoheader_2025.png","contentUrl":"https:\/\/consejoderectores.cl\/wp-content\/uploads\/2025\/12\/logoheader_2025.png","width":666,"height":305,"caption":"Consejo de Rectoras y Rectores de las Universidades Chilenas"},"image":{"@id":"https:\/\/consejoderectores.cl\/en\/#\/schema\/logo\/image\/"},"sameAs":["https:\/\/x.com\/CRUCH_cl","https:\/\/www.instagram.com\/consejoderectores\/","https:\/\/www.linkedin.com\/company\/cruch\/","https:\/\/www.youtube.com\/channel\/UCzgIFRCsDlKoFpimiQmEaOA"]},{"@type":"Person","@id":"https:\/\/consejoderectores.cl\/en\/#\/schema\/person\/d863e44afde067fd4b57fac66ced709e","name":"Council of Rectors of Chilean Universities","image":{"@type":"ImageObject","inLanguage":"en-US","@id":"https:\/\/consejoderectores.cl\/en\/#\/schema\/person\/image\/","url":"https:\/\/secure.gravatar.com\/avatar\/c31e2a02401f041926afb8ee21ab666f0925814fe85d25a5c8db80e23722dfc1?s=96&d=mm&r=g","contentUrl":"https:\/\/secure.gravatar.com\/avatar\/c31e2a02401f041926afb8ee21ab666f0925814fe85d25a5c8db80e23722dfc1?s=96&d=mm&r=g","caption":"Consejo de Rectores de las Universidades Chilenas"},"sameAs":["https:\/\/www.consejoderectores.cl"],"url":"https:\/\/consejoderectores.cl\/en\/author\/cruch\/"}]}},"_links":{"self":[{"href":"https:\/\/consejoderectores.cl\/en\/wp-json\/wp\/v2\/posts\/2795","targetHints":{"allow":["GET"]}}],"collection":[{"href":"https:\/\/consejoderectores.cl\/en\/wp-json\/wp\/v2\/posts"}],"about":[{"href":"https:\/\/consejoderectores.cl\/en\/wp-json\/wp\/v2\/types\/post"}],"author":[{"embeddable":true,"href":"https:\/\/consejoderectores.cl\/en\/wp-json\/wp\/v2\/users\/1"}],"replies":[{"embeddable":true,"href":"https:\/\/consejoderectores.cl\/en\/wp-json\/wp\/v2\/comments?post=2795"}],"version-history":[{"count":1,"href":"https:\/\/consejoderectores.cl\/en\/wp-json\/wp\/v2\/posts\/2795\/revisions"}],"predecessor-version":[{"id":2798,"href":"https:\/\/consejoderectores.cl\/en\/wp-json\/wp\/v2\/posts\/2795\/revisions\/2798"}],"wp:featuredmedia":[{"embeddable":true,"href":"https:\/\/consejoderectores.cl\/en\/wp-json\/wp\/v2\/media\/2796"}],"wp:attachment":[{"href":"https:\/\/consejoderectores.cl\/en\/wp-json\/wp\/v2\/media?parent=2795"}],"wp:term":[{"taxonomy":"category","embeddable":true,"href":"https:\/\/consejoderectores.cl\/en\/wp-json\/wp\/v2\/categories?post=2795"},{"taxonomy":"post_tag","embeddable":true,"href":"https:\/\/consejoderectores.cl\/en\/wp-json\/wp\/v2\/tags?post=2795"}],"curies":[{"name":"wp","href":"https:\/\/api.w.org\/{rel}","templated":true}]}}