{"id":2723,"date":"2021-07-10T00:13:28","date_gmt":"2021-07-10T00:13:28","guid":{"rendered":"https:\/\/www.consejoderectores.cl\/?p=2723"},"modified":"2021-12-14T19:49:54","modified_gmt":"2021-12-14T19:49:54","slug":"marisol-duran-santis-asume-como-rectora-de-la-universidad-tecnologica-metropolitana-2021-2025","status":"publish","type":"post","link":"https:\/\/consejoderectores.cl\/en\/2021\/07\/10\/marisol-duran-santis-asume-como-rectora-de-la-universidad-tecnologica-metropolitana-2021-2025\/","title":{"rendered":"Marisol Dur\u00e1n Santis assumes as rector of the Metropolitan Technological University 2021-2025"},"content":{"rendered":"<p style=\"text-align: right;\">Source: UTEM Communications<\/p>\n<p>This Friday, July 9, 2021, the academic and former vice-rector, Marisol Dur\u00e1n Santis, officially assumed as rector of the Metropolitan Technological University, for the period 2021-2025.<\/p>\n<p>The inauguration ceremony was held in the hall of honor of the Central House of the UTEM, with reduced capacity and following the safeguard measures established by the health authority, and was headed by the rector Marisol Dur\u00e1n Santis; the outgoing rector, Luis Pinto Faverio; the Secretary General, Patricio Bast\u00edas and relatives of the new authority.<\/p>\n<p>\u201cWith deep pride, I can state that having been elected rector by the academic community of the UTEM with 73.8 percent, is an expression that a new historical cycle has begun to dawn in our university. A new cycle that announces equality in dignity and rights, a new cycle that begins with an option of our community for renewal and excellence based on participation, &quot;said the rector Marisol Dur\u00e1n Santis in her first official speech.<\/p>\n<p>Adding that, \u201cAt the beginning of the current academic year, there was only one chancellor in the 30 universities of the Council of Rectors. We have recently been elected two other women. This is worthy of great joy, but it must also be noted that it is insufficient. 10 percent is far from representing parity in the Council of Rectors. Furthermore, only in the case of UTEM was victory achieved in democratic competition with colleagues of another gender \u201d.<\/p>\n<p>The new rector of the Metropolitan Technological University of Chile, Marisol Dur\u00e1n Santis, also had words for the work of the recently formed Constitutional Convention. \u201cI want to state that I fully subscribe to the decision that the Rectors of the State Universities have adopted regarding granting material and operational support to the work of the Constitutional Convention. In this sense, I solemnly communicate that the infrastructure, the headquarters and the technological, academic and professional capacities of the UTEM will be at the disposal of the requirements of the Convention, because we have the responsibility to always be available to Chile \u201d.<\/p>\n<p>\u201cI think that a central challenge of the constituent process is the profound modification of the institutional framework of the country. It must move to a democratic and social State of Law; based on full democracy, equal dignity and rights for all people and respect for their diversity; and social rights guaranteed by the public power and society. A Chile with citizen participation, gender parity in all dimensions of social life, inclusion of native peoples, and social justice \u201d, stated the highest authority UTEM.<br \/>\n<img loading=\"lazy\" decoding=\"async\" class=\"wp-image-2727 alignleft\" src=\"https:\/\/www.consejoderectores.cl\/wp-content\/uploads\/2021\/07\/Ceremonia-rectora-UTEM-300x200.jpg\" alt=\"\" width=\"379\" height=\"252\" \/><\/p>\n<p>For his part, Luis Pinto Faverio, outgoing rector, indicated that \u201cDuring all these years, what inspired us was the strong ethical conviction that public education is the essential engine for the development of countries and people, and that It is not the market and its logic that should prevail in this matter, but justice and equality. For this reason, so insistently, within the Consortium of State Universities and in the Council of Rectors, so many times it fell to us to defend and promote the state and the logic of universal rights, over the merely subsidiary and residual \u201d.<\/p>\n<p><strong>Educational and professional trajectory of the UTEM rector<\/strong><\/p>\n<p>The rector Marisol Dur\u00e1n Santis is a food engineer from the University of La Serena and a master&#039;s degree in Food Technology from the University of Chile. With more than 28 years of professional experience, dedicated to academia and management of higher education institutions.<\/p>\n<p>In 1994 she entered the UTEM and since then she has held various positions, as an academic in the Department of Biotechnology, teaching courses in Biotechnology Engineering and Food Industry Engineering, in addition to guiding countless degree projects.<\/p>\n<p>During her career at UTEM, the rector Marisol Dur\u00e1n Santis also served as director of the Center for the Development of Agroindustrial Technology; Director of the Department of Biotechnology and in November 2012 she assumed as Academic Vice Chancellor, achieving under her mandate to strengthen the academic function of the institution and initiate a process of transformation of academic management.<\/p>\n<p>In her role as Academic Vice Chancellor, she highlighted her work in the implementation of strategies for the integral development of students, guaranteeing academic success and providing psychosocial support, emphasizing a transversal work, where the student is the center of the educational work.<\/p>","protected":false},"excerpt":{"rendered":"<p>Fuente: Comunicaciones UTEM Este viernes 9 de julio de 2021, la acad\u00e9mica y ex vicerrectora, Marisol Dur\u00e1n Santis, asumi\u00f3 oficialmente como rectora de la Universidad Tecnol\u00f3gica Metropolitana, por el per\u00edodo 2021-2025. La ceremonia de asunci\u00f3n fue realizada en el sal\u00f3n de honor de la Casa Central de la UTEM, con aforo reducido y siguiendo las [&hellip;]<\/p>\n","protected":false},"author":1,"featured_media":2731,"comment_status":"open","ping_status":"open","sticky":false,"template":"","format":"standard","meta":{"_acf_changed":false,"footnotes":""},"categories":[3],"tags":[],"class_list":["post-2723","post","type-post","status-publish","format-standard","has-post-thumbnail","hentry","category-noticias"],"acf":[],"yoast_head":"<!-- This site is optimized with the Yoast SEO plugin v27.1.1 - https:\/\/yoast.com\/product\/yoast-seo-wordpress\/ -->\n<title>Marisol Dur\u00e1n Santis asume como rectora de la Universidad Tecnol\u00f3gica Metropolitana 2021-2025 - Consejo de Rectoras y Rectores de las Universidades Chilenas<\/title>\n<meta name=\"robots\" content=\"index, follow, max-snippet:-1, max-image-preview:large, max-video-preview:-1\" \/>\n<link rel=\"canonical\" href=\"https:\/\/consejoderectores.cl\/en\/2021\/07\/10\/marisol-duran-santis-asume-como-rectora-de-la-universidad-tecnologica-metropolitana-2021-2025\/\" \/>\n<meta property=\"og:locale\" content=\"en_US\" \/>\n<meta property=\"og:type\" content=\"article\" \/>\n<meta property=\"og:title\" content=\"Marisol Dur\u00e1n Santis asume como rectora de la Universidad Tecnol\u00f3gica Metropolitana 2021-2025 - Consejo de Rectoras y Rectores de las Universidades Chilenas\" \/>\n<meta property=\"og:description\" content=\"Fuente: Comunicaciones UTEM Este viernes 9 de julio de 2021, la acad\u00e9mica y ex vicerrectora, Marisol Dur\u00e1n Santis, asumi\u00f3 oficialmente como rectora de la Universidad Tecnol\u00f3gica Metropolitana, por el per\u00edodo 2021-2025. La ceremonia de asunci\u00f3n fue realizada en el sal\u00f3n de honor de la Casa Central de la UTEM, con aforo reducido y siguiendo las [&hellip;]\" \/>\n<meta property=\"og:url\" content=\"https:\/\/consejoderectores.cl\/en\/2021\/07\/10\/marisol-duran-santis-asume-como-rectora-de-la-universidad-tecnologica-metropolitana-2021-2025\/\" \/>\n<meta property=\"og:site_name\" content=\"Consejo de Rectoras y Rectores de las Universidades Chilenas\" \/>\n<meta property=\"article:published_time\" content=\"2021-07-10T00:13:28+00:00\" \/>\n<meta property=\"article:modified_time\" content=\"2021-12-14T19:49:54+00:00\" \/>\n<meta property=\"og:image\" content=\"https:\/\/consejoderectores.cl\/wp-content\/uploads\/2021\/07\/1_achicada_Marisol-Duran-1.jpg\" \/>\n\t<meta property=\"og:image:width\" content=\"2000\" \/>\n\t<meta property=\"og:image:height\" content=\"1331\" \/>\n\t<meta property=\"og:image:type\" content=\"image\/jpeg\" \/>\n<meta name=\"author\" content=\"Consejo de Rectores de las Universidades Chilenas\" \/>\n<meta name=\"twitter:card\" content=\"summary_large_image\" \/>\n<meta name=\"twitter:creator\" content=\"@CRUCH_cl\" \/>\n<meta name=\"twitter:site\" content=\"@CRUCH_cl\" \/>\n<meta name=\"twitter:label1\" content=\"Written by\" \/>\n\t<meta name=\"twitter:data1\" content=\"Consejo de Rectores de las Universidades Chilenas\" \/>\n\t<meta name=\"twitter:label2\" content=\"Est. reading time\" \/>\n\t<meta name=\"twitter:data2\" content=\"4 minutes\" \/>\n<script type=\"application\/ld+json\" class=\"yoast-schema-graph\">{\"@context\":\"https:\/\/schema.org\",\"@graph\":[{\"@type\":\"Article\",\"@id\":\"https:\/\/consejoderectores.cl\/en\/2021\/07\/10\/marisol-duran-santis-asume-como-rectora-de-la-universidad-tecnologica-metropolitana-2021-2025\/#article\",\"isPartOf\":{\"@id\":\"https:\/\/consejoderectores.cl\/en\/2021\/07\/10\/marisol-duran-santis-asume-como-rectora-de-la-universidad-tecnologica-metropolitana-2021-2025\/\"},\"author\":{\"name\":\"Consejo de Rectores de las Universidades Chilenas\",\"@id\":\"https:\/\/consejoderectores.cl\/en\/#\/schema\/person\/d863e44afde067fd4b57fac66ced709e\"},\"headline\":\"Marisol Dur\u00e1n Santis asume como rectora de la Universidad Tecnol\u00f3gica Metropolitana 2021-2025\",\"datePublished\":\"2021-07-10T00:13:28+00:00\",\"dateModified\":\"2021-12-14T19:49:54+00:00\",\"mainEntityOfPage\":{\"@id\":\"https:\/\/consejoderectores.cl\/en\/2021\/07\/10\/marisol-duran-santis-asume-como-rectora-de-la-universidad-tecnologica-metropolitana-2021-2025\/\"},\"wordCount\":834,\"commentCount\":0,\"publisher\":{\"@id\":\"https:\/\/consejoderectores.cl\/en\/#organization\"},\"image\":{\"@id\":\"https:\/\/consejoderectores.cl\/en\/2021\/07\/10\/marisol-duran-santis-asume-como-rectora-de-la-universidad-tecnologica-metropolitana-2021-2025\/#primaryimage\"},\"thumbnailUrl\":\"https:\/\/consejoderectores.cl\/wp-content\/uploads\/2021\/07\/1_achicada_Marisol-Duran-1.jpg\",\"articleSection\":[\"Noticias\"],\"inLanguage\":\"en-US\",\"potentialAction\":[{\"@type\":\"CommentAction\",\"name\":\"Comment\",\"target\":[\"https:\/\/consejoderectores.cl\/en\/2021\/07\/10\/marisol-duran-santis-asume-como-rectora-de-la-universidad-tecnologica-metropolitana-2021-2025\/#respond\"]}]},{\"@type\":\"WebPage\",\"@id\":\"https:\/\/consejoderectores.cl\/en\/2021\/07\/10\/marisol-duran-santis-asume-como-rectora-de-la-universidad-tecnologica-metropolitana-2021-2025\/\",\"url\":\"https:\/\/consejoderectores.cl\/en\/2021\/07\/10\/marisol-duran-santis-asume-como-rectora-de-la-universidad-tecnologica-metropolitana-2021-2025\/\",\"name\":\"Marisol Dur\u00e1n Santis asume como rectora de la Universidad Tecnol\u00f3gica Metropolitana 2021-2025 - Consejo de Rectoras y Rectores de las Universidades Chilenas\",\"isPartOf\":{\"@id\":\"https:\/\/consejoderectores.cl\/en\/#website\"},\"primaryImageOfPage\":{\"@id\":\"https:\/\/consejoderectores.cl\/en\/2021\/07\/10\/marisol-duran-santis-asume-como-rectora-de-la-universidad-tecnologica-metropolitana-2021-2025\/#primaryimage\"},\"image\":{\"@id\":\"https:\/\/consejoderectores.cl\/en\/2021\/07\/10\/marisol-duran-santis-asume-como-rectora-de-la-universidad-tecnologica-metropolitana-2021-2025\/#primaryimage\"},\"thumbnailUrl\":\"https:\/\/consejoderectores.cl\/wp-content\/uploads\/2021\/07\/1_achicada_Marisol-Duran-1.jpg\",\"datePublished\":\"2021-07-10T00:13:28+00:00\",\"dateModified\":\"2021-12-14T19:49:54+00:00\",\"breadcrumb\":{\"@id\":\"https:\/\/consejoderectores.cl\/en\/2021\/07\/10\/marisol-duran-santis-asume-como-rectora-de-la-universidad-tecnologica-metropolitana-2021-2025\/#breadcrumb\"},\"inLanguage\":\"en-US\",\"potentialAction\":[{\"@type\":\"ReadAction\",\"target\":[\"https:\/\/consejoderectores.cl\/en\/2021\/07\/10\/marisol-duran-santis-asume-como-rectora-de-la-universidad-tecnologica-metropolitana-2021-2025\/\"]}]},{\"@type\":\"ImageObject\",\"inLanguage\":\"en-US\",\"@id\":\"https:\/\/consejoderectores.cl\/en\/2021\/07\/10\/marisol-duran-santis-asume-como-rectora-de-la-universidad-tecnologica-metropolitana-2021-2025\/#primaryimage\",\"url\":\"https:\/\/consejoderectores.cl\/wp-content\/uploads\/2021\/07\/1_achicada_Marisol-Duran-1.jpg\",\"contentUrl\":\"https:\/\/consejoderectores.cl\/wp-content\/uploads\/2021\/07\/1_achicada_Marisol-Duran-1.jpg\",\"width\":2000,\"height\":1331},{\"@type\":\"BreadcrumbList\",\"@id\":\"https:\/\/consejoderectores.cl\/en\/2021\/07\/10\/marisol-duran-santis-asume-como-rectora-de-la-universidad-tecnologica-metropolitana-2021-2025\/#breadcrumb\",\"itemListElement\":[{\"@type\":\"ListItem\",\"position\":1,\"name\":\"Home\",\"item\":\"https:\/\/consejoderectores.cl\/\"},{\"@type\":\"ListItem\",\"position\":2,\"name\":\"Marisol Dur\u00e1n Santis asume como rectora de la Universidad Tecnol\u00f3gica Metropolitana 2021-2025\"}]},{\"@type\":\"WebSite\",\"@id\":\"https:\/\/consejoderectores.cl\/en\/#website\",\"url\":\"https:\/\/consejoderectores.cl\/en\/\",\"name\":\"Consejo de Rectoras y Rectores de las Universidades Chilenas\",\"description\":\"\",\"publisher\":{\"@id\":\"https:\/\/consejoderectores.cl\/en\/#organization\"},\"potentialAction\":[{\"@type\":\"SearchAction\",\"target\":{\"@type\":\"EntryPoint\",\"urlTemplate\":\"https:\/\/consejoderectores.cl\/en\/?s={search_term_string}\"},\"query-input\":{\"@type\":\"PropertyValueSpecification\",\"valueRequired\":true,\"valueName\":\"search_term_string\"}}],\"inLanguage\":\"en-US\"},{\"@type\":\"Organization\",\"@id\":\"https:\/\/consejoderectores.cl\/en\/#organization\",\"name\":\"Consejo de Rectoras y Rectores de las Universidades Chilenas\",\"url\":\"https:\/\/consejoderectores.cl\/en\/\",\"logo\":{\"@type\":\"ImageObject\",\"inLanguage\":\"en-US\",\"@id\":\"https:\/\/consejoderectores.cl\/en\/#\/schema\/logo\/image\/\",\"url\":\"https:\/\/consejoderectores.cl\/wp-content\/uploads\/2025\/12\/logoheader_2025.png\",\"contentUrl\":\"https:\/\/consejoderectores.cl\/wp-content\/uploads\/2025\/12\/logoheader_2025.png\",\"width\":666,\"height\":305,\"caption\":\"Consejo de Rectoras y Rectores de las Universidades Chilenas\"},\"image\":{\"@id\":\"https:\/\/consejoderectores.cl\/en\/#\/schema\/logo\/image\/\"},\"sameAs\":[\"https:\/\/x.com\/CRUCH_cl\",\"https:\/\/www.instagram.com\/consejoderectores\/\",\"https:\/\/www.linkedin.com\/company\/cruch\/\",\"https:\/\/www.youtube.com\/channel\/UCzgIFRCsDlKoFpimiQmEaOA\"]},{\"@type\":\"Person\",\"@id\":\"https:\/\/consejoderectores.cl\/en\/#\/schema\/person\/d863e44afde067fd4b57fac66ced709e\",\"name\":\"Consejo de Rectores de las Universidades Chilenas\",\"image\":{\"@type\":\"ImageObject\",\"inLanguage\":\"en-US\",\"@id\":\"https:\/\/consejoderectores.cl\/en\/#\/schema\/person\/image\/\",\"url\":\"https:\/\/secure.gravatar.com\/avatar\/c31e2a02401f041926afb8ee21ab666f0925814fe85d25a5c8db80e23722dfc1?s=96&d=mm&r=g\",\"contentUrl\":\"https:\/\/secure.gravatar.com\/avatar\/c31e2a02401f041926afb8ee21ab666f0925814fe85d25a5c8db80e23722dfc1?s=96&d=mm&r=g\",\"caption\":\"Consejo de Rectores de las Universidades Chilenas\"},\"sameAs\":[\"https:\/\/www.consejoderectores.cl\"],\"url\":\"https:\/\/consejoderectores.cl\/en\/author\/cruch\/\"}]}<\/script>\n<!-- \/ Yoast SEO plugin. -->","yoast_head_json":{"title":"Marisol Dur\u00e1n Santis asume como rectora de la Universidad Tecnol\u00f3gica Metropolitana 2021-2025 - Consejo de Rectoras y Rectores de las Universidades Chilenas","robots":{"index":"index","follow":"follow","max-snippet":"max-snippet:-1","max-image-preview":"max-image-preview:large","max-video-preview":"max-video-preview:-1"},"canonical":"https:\/\/consejoderectores.cl\/en\/2021\/07\/10\/marisol-duran-santis-asume-como-rectora-de-la-universidad-tecnologica-metropolitana-2021-2025\/","og_locale":"en_US","og_type":"article","og_title":"Marisol Dur\u00e1n Santis asume como rectora de la Universidad Tecnol\u00f3gica Metropolitana 2021-2025 - Consejo de Rectoras y Rectores de las Universidades Chilenas","og_description":"Fuente: Comunicaciones UTEM Este viernes 9 de julio de 2021, la acad\u00e9mica y ex vicerrectora, Marisol Dur\u00e1n Santis, asumi\u00f3 oficialmente como rectora de la Universidad Tecnol\u00f3gica Metropolitana, por el per\u00edodo 2021-2025. La ceremonia de asunci\u00f3n fue realizada en el sal\u00f3n de honor de la Casa Central de la UTEM, con aforo reducido y siguiendo las [&hellip;]","og_url":"https:\/\/consejoderectores.cl\/en\/2021\/07\/10\/marisol-duran-santis-asume-como-rectora-de-la-universidad-tecnologica-metropolitana-2021-2025\/","og_site_name":"Consejo de Rectoras y Rectores de las Universidades Chilenas","article_published_time":"2021-07-10T00:13:28+00:00","article_modified_time":"2021-12-14T19:49:54+00:00","og_image":[{"width":2000,"height":1331,"url":"https:\/\/consejoderectores.cl\/wp-content\/uploads\/2021\/07\/1_achicada_Marisol-Duran-1.jpg","type":"image\/jpeg"}],"author":"Consejo de Rectores de las Universidades Chilenas","twitter_card":"summary_large_image","twitter_creator":"@CRUCH_cl","twitter_site":"@CRUCH_cl","twitter_misc":{"Written by":"Consejo de Rectores de las Universidades Chilenas","Est. reading time":"4 minutes"},"schema":{"@context":"https:\/\/schema.org","@graph":[{"@type":"Article","@id":"https:\/\/consejoderectores.cl\/en\/2021\/07\/10\/marisol-duran-santis-asume-como-rectora-de-la-universidad-tecnologica-metropolitana-2021-2025\/#article","isPartOf":{"@id":"https:\/\/consejoderectores.cl\/en\/2021\/07\/10\/marisol-duran-santis-asume-como-rectora-de-la-universidad-tecnologica-metropolitana-2021-2025\/"},"author":{"name":"Consejo de Rectores de las Universidades Chilenas","@id":"https:\/\/consejoderectores.cl\/en\/#\/schema\/person\/d863e44afde067fd4b57fac66ced709e"},"headline":"Marisol Dur\u00e1n Santis asume como rectora de la Universidad Tecnol\u00f3gica Metropolitana 2021-2025","datePublished":"2021-07-10T00:13:28+00:00","dateModified":"2021-12-14T19:49:54+00:00","mainEntityOfPage":{"@id":"https:\/\/consejoderectores.cl\/en\/2021\/07\/10\/marisol-duran-santis-asume-como-rectora-de-la-universidad-tecnologica-metropolitana-2021-2025\/"},"wordCount":834,"commentCount":0,"publisher":{"@id":"https:\/\/consejoderectores.cl\/en\/#organization"},"image":{"@id":"https:\/\/consejoderectores.cl\/en\/2021\/07\/10\/marisol-duran-santis-asume-como-rectora-de-la-universidad-tecnologica-metropolitana-2021-2025\/#primaryimage"},"thumbnailUrl":"https:\/\/consejoderectores.cl\/wp-content\/uploads\/2021\/07\/1_achicada_Marisol-Duran-1.jpg","articleSection":["Noticias"],"inLanguage":"en-US","potentialAction":[{"@type":"CommentAction","name":"Comment","target":["https:\/\/consejoderectores.cl\/en\/2021\/07\/10\/marisol-duran-santis-asume-como-rectora-de-la-universidad-tecnologica-metropolitana-2021-2025\/#respond"]}]},{"@type":"WebPage","@id":"https:\/\/consejoderectores.cl\/en\/2021\/07\/10\/marisol-duran-santis-asume-como-rectora-de-la-universidad-tecnologica-metropolitana-2021-2025\/","url":"https:\/\/consejoderectores.cl\/en\/2021\/07\/10\/marisol-duran-santis-asume-como-rectora-de-la-universidad-tecnologica-metropolitana-2021-2025\/","name":"Marisol Dur\u00e1n Santis asume como rectora de la Universidad Tecnol\u00f3gica Metropolitana 2021-2025 - Consejo de Rectoras y Rectores de las Universidades Chilenas","isPartOf":{"@id":"https:\/\/consejoderectores.cl\/en\/#website"},"primaryImageOfPage":{"@id":"https:\/\/consejoderectores.cl\/en\/2021\/07\/10\/marisol-duran-santis-asume-como-rectora-de-la-universidad-tecnologica-metropolitana-2021-2025\/#primaryimage"},"image":{"@id":"https:\/\/consejoderectores.cl\/en\/2021\/07\/10\/marisol-duran-santis-asume-como-rectora-de-la-universidad-tecnologica-metropolitana-2021-2025\/#primaryimage"},"thumbnailUrl":"https:\/\/consejoderectores.cl\/wp-content\/uploads\/2021\/07\/1_achicada_Marisol-Duran-1.jpg","datePublished":"2021-07-10T00:13:28+00:00","dateModified":"2021-12-14T19:49:54+00:00","breadcrumb":{"@id":"https:\/\/consejoderectores.cl\/en\/2021\/07\/10\/marisol-duran-santis-asume-como-rectora-de-la-universidad-tecnologica-metropolitana-2021-2025\/#breadcrumb"},"inLanguage":"en-US","potentialAction":[{"@type":"ReadAction","target":["https:\/\/consejoderectores.cl\/en\/2021\/07\/10\/marisol-duran-santis-asume-como-rectora-de-la-universidad-tecnologica-metropolitana-2021-2025\/"]}]},{"@type":"ImageObject","inLanguage":"en-US","@id":"https:\/\/consejoderectores.cl\/en\/2021\/07\/10\/marisol-duran-santis-asume-como-rectora-de-la-universidad-tecnologica-metropolitana-2021-2025\/#primaryimage","url":"https:\/\/consejoderectores.cl\/wp-content\/uploads\/2021\/07\/1_achicada_Marisol-Duran-1.jpg","contentUrl":"https:\/\/consejoderectores.cl\/wp-content\/uploads\/2021\/07\/1_achicada_Marisol-Duran-1.jpg","width":2000,"height":1331},{"@type":"BreadcrumbList","@id":"https:\/\/consejoderectores.cl\/en\/2021\/07\/10\/marisol-duran-santis-asume-como-rectora-de-la-universidad-tecnologica-metropolitana-2021-2025\/#breadcrumb","itemListElement":[{"@type":"ListItem","position":1,"name":"Home","item":"https:\/\/consejoderectores.cl\/"},{"@type":"ListItem","position":2,"name":"Marisol Dur\u00e1n Santis asume como rectora de la Universidad Tecnol\u00f3gica Metropolitana 2021-2025"}]},{"@type":"WebSite","@id":"https:\/\/consejoderectores.cl\/en\/#website","url":"https:\/\/consejoderectores.cl\/en\/","name":"Council of Rectors of Chilean Universities","description":"","publisher":{"@id":"https:\/\/consejoderectores.cl\/en\/#organization"},"potentialAction":[{"@type":"SearchAction","target":{"@type":"EntryPoint","urlTemplate":"https:\/\/consejoderectores.cl\/en\/?s={search_term_string}"},"query-input":{"@type":"PropertyValueSpecification","valueRequired":true,"valueName":"search_term_string"}}],"inLanguage":"en-US"},{"@type":"Organization","@id":"https:\/\/consejoderectores.cl\/en\/#organization","name":"Council of Rectors of Chilean Universities","url":"https:\/\/consejoderectores.cl\/en\/","logo":{"@type":"ImageObject","inLanguage":"en-US","@id":"https:\/\/consejoderectores.cl\/en\/#\/schema\/logo\/image\/","url":"https:\/\/consejoderectores.cl\/wp-content\/uploads\/2025\/12\/logoheader_2025.png","contentUrl":"https:\/\/consejoderectores.cl\/wp-content\/uploads\/2025\/12\/logoheader_2025.png","width":666,"height":305,"caption":"Consejo de Rectoras y Rectores de las Universidades Chilenas"},"image":{"@id":"https:\/\/consejoderectores.cl\/en\/#\/schema\/logo\/image\/"},"sameAs":["https:\/\/x.com\/CRUCH_cl","https:\/\/www.instagram.com\/consejoderectores\/","https:\/\/www.linkedin.com\/company\/cruch\/","https:\/\/www.youtube.com\/channel\/UCzgIFRCsDlKoFpimiQmEaOA"]},{"@type":"Person","@id":"https:\/\/consejoderectores.cl\/en\/#\/schema\/person\/d863e44afde067fd4b57fac66ced709e","name":"Council of Rectors of Chilean Universities","image":{"@type":"ImageObject","inLanguage":"en-US","@id":"https:\/\/consejoderectores.cl\/en\/#\/schema\/person\/image\/","url":"https:\/\/secure.gravatar.com\/avatar\/c31e2a02401f041926afb8ee21ab666f0925814fe85d25a5c8db80e23722dfc1?s=96&d=mm&r=g","contentUrl":"https:\/\/secure.gravatar.com\/avatar\/c31e2a02401f041926afb8ee21ab666f0925814fe85d25a5c8db80e23722dfc1?s=96&d=mm&r=g","caption":"Consejo de Rectores de las Universidades Chilenas"},"sameAs":["https:\/\/www.consejoderectores.cl"],"url":"https:\/\/consejoderectores.cl\/en\/author\/cruch\/"}]}},"_links":{"self":[{"href":"https:\/\/consejoderectores.cl\/en\/wp-json\/wp\/v2\/posts\/2723","targetHints":{"allow":["GET"]}}],"collection":[{"href":"https:\/\/consejoderectores.cl\/en\/wp-json\/wp\/v2\/posts"}],"about":[{"href":"https:\/\/consejoderectores.cl\/en\/wp-json\/wp\/v2\/types\/post"}],"author":[{"embeddable":true,"href":"https:\/\/consejoderectores.cl\/en\/wp-json\/wp\/v2\/users\/1"}],"replies":[{"embeddable":true,"href":"https:\/\/consejoderectores.cl\/en\/wp-json\/wp\/v2\/comments?post=2723"}],"version-history":[{"count":5,"href":"https:\/\/consejoderectores.cl\/en\/wp-json\/wp\/v2\/posts\/2723\/revisions"}],"predecessor-version":[{"id":2733,"href":"https:\/\/consejoderectores.cl\/en\/wp-json\/wp\/v2\/posts\/2723\/revisions\/2733"}],"wp:featuredmedia":[{"embeddable":true,"href":"https:\/\/consejoderectores.cl\/en\/wp-json\/wp\/v2\/media\/2731"}],"wp:attachment":[{"href":"https:\/\/consejoderectores.cl\/en\/wp-json\/wp\/v2\/media?parent=2723"}],"wp:term":[{"taxonomy":"category","embeddable":true,"href":"https:\/\/consejoderectores.cl\/en\/wp-json\/wp\/v2\/categories?post=2723"},{"taxonomy":"post_tag","embeddable":true,"href":"https:\/\/consejoderectores.cl\/en\/wp-json\/wp\/v2\/tags?post=2723"}],"curies":[{"name":"wp","href":"https:\/\/api.w.org\/{rel}","templated":true}]}}