{"id":2644,"date":"2021-06-17T13:12:49","date_gmt":"2021-06-17T13:12:49","guid":{"rendered":"https:\/\/www.consejoderectores.cl\/?p=2644"},"modified":"2021-06-18T21:02:18","modified_gmt":"2021-06-18T21:02:18","slug":"dr-hans-richter-becerra-es-elegido-nuevo-rector-de-la-u-austral-de-chile","status":"publish","type":"post","link":"https:\/\/consejoderectores.cl\/en\/2021\/06\/17\/dr-hans-richter-becerra-es-elegido-nuevo-rector-de-la-u-austral-de-chile\/","title":{"rendered":"Dr. Hans Richter Becerra is elected new rector of the Austral University of Chile"},"content":{"rendered":"<blockquote><p>This Friday, June 18, at 11:00 am, the proclamation of the new authority will be held by the Higher University Council, a ceremony that will be broadcast on the multimedia platforms of Radio UACh.<\/p>\n<p>The new rector stated that &quot;we must definitely continue working collectively for the purposes that should lead us to a substantive change.&quot;<\/p><\/blockquote>\n<p>Dr. Hans Richter Becerra was elected the new Rector of the Austral University of Chile for the period 2021-2025. With 294 of the votes, she surpassed Dr. Maite Castro Gallastegui in the second electoral round, who obtained 271 preferences, a process that was carried out electronically today, Wednesday, June 16. In addition, 13 white votes and 10 invalid votes were counted.<\/p>\n<p>In its first words after the election, the elected authority highlighted the high degree of participation, indicating that community support is essential.<\/p>\n<p>Likewise, he stated that they will collect proposals from the other candidates, indicating that \u201cwe will have to work to incorporate the ideas and consolidate the programs in all the points that are relevant, in such a way that all members of the community feel represented. and we can move forward with great force \u201d.<\/p>\n<p>He also commented that this election &quot;is a huge, very promising opportunity to unify criteria and definitely continue working collectively for the purposes that should lead us to a substantive change.&quot;<\/p>\n<p>Regarding his team, he publicly thanked the work of Dr. Mylthon Jim\u00e9nez -who was empowered by the candidacy- and Dr. Galo Valdebenito. Likewise, he announced that Dr. Mar\u00eda Ang\u00e9lica Hidalgo will assume the Academic Vice-rectory, while Dr. Constanza Angulo will take charge of the Student Affairs Directorate and Prof. Sandra Bucarey, the Undergraduate Studies Directorate, emphasizing \u201cthat it is the master gear of what we have to do in the next four years: advance towards an undergraduate degree of excellence \u201d.<\/p>\n<p>In turn, Dr. Maite Castro expressed that \u201cthis is a special moment, indeed personal, but I also believe that it is a moment to share with the community what we are experiencing. First of all, of course, I would like to congratulate the new Rector-elect, many congratulations Hans, congratulations also to the team that accompanied you throughout the campaign, to the team that will accompany you in the coming years in the Rectory. We wish you all the success from me and from the entire team that worked with me and we wish you all the success and we also invite the entire community to continue working for the University and to continue supporting the projects that this Rectory is going to propose so that we can build a University Austral de Chile as a whole \u201d.<\/p>\n<h4>Results delivery<\/h4>\n<p>During the day a special transmission was broadcast through Radio UACh 90.1 FM (Valdivia), Facebook Live, YouTube, signal 52 (SD) and 843 (HD) of Telef\u00f3nica del Sur. By these same means, the results were announced after 6:00 p.m.<\/p>\n<p>After 6.13 pm, the electronic ballot box was opened, which was in charge of the general secretary, Dr. Jordi Delgado, together with the representatives of the Elections Qualifying Commission. The official minutes were read by the professor and secretary of this commission, Dr. Gabriel Mor\u00e1n, who congratulated Dr. Richter \u201cfor his success; he is already elected rector \u201d.<\/p>\n<p>Dean Dr. Claudio Flores (representative of the Academic Council in this commission), stated that it is \u201cprobably one of the most important days in the history of the university, congratulating the winner of the election, without a doubt I believe that the programs they transcend beyond the people and that the University is the one that wins \u201d.<\/p>\n<p>While the tenured professor, Dr. Humberto Gonz\u00e1lez, stated that \u201cthis constitutes an important milestone within the University, we are very happy for the participation and for how the community in general has shown its interest and we hope that this is the beginning of a new chapter for the University \u201d.<\/p>\n<p>The commission was also made up of Fernando Schultz Oettinger (representative of the Board and who chairs it), in addition to the titular professor Patricio Valdivieso, while, as alternates, there are professors Andr\u00e9s Iroum\u00e9, Rub\u00e9n Pulido and Tom D. Dillehay.<\/p>\n<p>In the special transmission, the rector (S) Dr. \u00d3scar Balocchi, stressed that \u201cwe have resumed our path, today we have a democratically elected Rector according to our statutes with all the support that the university community gives him. Because at this moment the candidatures ended, the election process ended and today the entire university and all the academics are behind our Rector to support him and move forward with our beloved Austral University of Chile \u201d.<\/p>\n<p>For his part, the Chairman of the Board, Francisco Luzzi, expressed his congratulations to Dr. Hans Richter, &quot;I am convinced that he is going to be a great Rector for the Austral University&quot;, adding that &quot;the programs are enriched as more people participate and Soon I can imagine, starting this Friday we will begin to work and as a member of the Board of Directors we offer all our support so that we can move forward in this process and have a better University soon \u201d.<\/p>\n<p>Meanwhile, the Secretary General, Dr. Jordi Delgado, said that the process \u201chas developed in a very successful way and that everyone who has wanted to have been able to vote and that I believe has been a vote with a high participation, with which I believe that we can all also be more than satisfied by the same \u201d.<\/p>\n<h4>New rector<\/h4>\n<p>Dr. Hans Richter Becerra is part of the UACh since his undergraduate and postgraduate studies, as an academic of the Faculty of Medicine, director of the Institute of Anatomy, Histology and Pathology, director of Research and Development and the last two years first Vice-Rector of Research, Development and Artistic Creation of the UACh.<\/p>\n<p>His training in high university management in international networks of CINDA and IGLU; Together with his participation in national accreditation commissions of CNA programs, the FONDECYT Study Group and as vice president of the CRUCh Science, Technology and Innovation Commission for seven years, they support the experience and passion that he makes available to assume the next Rectory .<\/p>\n<h4>Proclamation Ceremony<\/h4>\n<p>The elected Rector will be proclaimed this Friday, June 18, at 11:00 am, in a solemn session of the Higher University Council, thus initiating his mandate for the next four years.<\/p>\n<p>The ceremony will be broadcast by Radio UACh through the 90.1FM dial, Facebook Live, YouTube and the signal 52 (SD) - 843 (HD) of Telsur.<\/p>\n<p>&nbsp;<\/p>\n<p><em>Source: Communications U. Austral de Chile.<\/em><\/p>","protected":false},"excerpt":{"rendered":"<p>Este viernes 18 de junio, a las 11.00 horas se realizar\u00e1 la proclamaci\u00f3n de la nueva autoridad por parte del Consejo Superior Universitario, ceremonia que ser\u00e1 transmitida por las plataformas multimediales de Radio UACh. El nuevo rector manifest\u00f3 que hay que \u201cdefinitivamente seguir trabajando todos en forma colectiva por los prop\u00f3sitos que nos deben llevar [&hellip;]<\/p>\n","protected":false},"author":1,"featured_media":2645,"comment_status":"open","ping_status":"open","sticky":false,"template":"","format":"standard","meta":{"_acf_changed":false,"footnotes":""},"categories":[3],"tags":[],"class_list":["post-2644","post","type-post","status-publish","format-standard","has-post-thumbnail","hentry","category-noticias"],"acf":[],"yoast_head":"<!-- This site is optimized with the Yoast SEO plugin v27.1.1 - https:\/\/yoast.com\/product\/yoast-seo-wordpress\/ -->\n<title>Dr. Hans Richter Becerra es elegido nuevo rector de la U. Austral de Chile - Consejo de Rectoras y Rectores de las Universidades Chilenas<\/title>\n<meta name=\"robots\" content=\"index, follow, max-snippet:-1, max-image-preview:large, max-video-preview:-1\" \/>\n<link rel=\"canonical\" href=\"https:\/\/consejoderectores.cl\/en\/2021\/06\/17\/dr-hans-richter-becerra-es-elegido-nuevo-rector-de-la-u-austral-de-chile\/\" \/>\n<meta property=\"og:locale\" content=\"en_US\" \/>\n<meta property=\"og:type\" content=\"article\" \/>\n<meta property=\"og:title\" content=\"Dr. Hans Richter Becerra es elegido nuevo rector de la U. Austral de Chile - Consejo de Rectoras y Rectores de las Universidades Chilenas\" \/>\n<meta property=\"og:description\" content=\"Este viernes 18 de junio, a las 11.00 horas se realizar\u00e1 la proclamaci\u00f3n de la nueva autoridad por parte del Consejo Superior Universitario, ceremonia que ser\u00e1 transmitida por las plataformas multimediales de Radio UACh. El nuevo rector manifest\u00f3 que hay que \u201cdefinitivamente seguir trabajando todos en forma colectiva por los prop\u00f3sitos que nos deben llevar [&hellip;]\" \/>\n<meta property=\"og:url\" content=\"https:\/\/consejoderectores.cl\/en\/2021\/06\/17\/dr-hans-richter-becerra-es-elegido-nuevo-rector-de-la-u-austral-de-chile\/\" \/>\n<meta property=\"og:site_name\" content=\"Consejo de Rectoras y Rectores de las Universidades Chilenas\" \/>\n<meta property=\"article:published_time\" content=\"2021-06-17T13:12:49+00:00\" \/>\n<meta property=\"article:modified_time\" content=\"2021-06-18T21:02:18+00:00\" \/>\n<meta property=\"og:image\" content=\"https:\/\/consejoderectores.cl\/wp-content\/uploads\/2021\/06\/rector-usach.jpeg\" \/>\n\t<meta property=\"og:image:width\" content=\"1080\" \/>\n\t<meta property=\"og:image:height\" content=\"1080\" \/>\n\t<meta property=\"og:image:type\" content=\"image\/jpeg\" \/>\n<meta name=\"author\" content=\"Consejo de Rectores de las Universidades Chilenas\" \/>\n<meta name=\"twitter:card\" content=\"summary_large_image\" \/>\n<meta name=\"twitter:creator\" content=\"@CRUCH_cl\" \/>\n<meta name=\"twitter:site\" content=\"@CRUCH_cl\" \/>\n<meta name=\"twitter:label1\" content=\"Written by\" \/>\n\t<meta name=\"twitter:data1\" content=\"Consejo de Rectores de las Universidades Chilenas\" \/>\n\t<meta name=\"twitter:label2\" content=\"Est. reading time\" \/>\n\t<meta name=\"twitter:data2\" content=\"6 minutes\" \/>\n<script type=\"application\/ld+json\" class=\"yoast-schema-graph\">{\"@context\":\"https:\/\/schema.org\",\"@graph\":[{\"@type\":\"Article\",\"@id\":\"https:\/\/consejoderectores.cl\/2021\/06\/17\/dr-hans-richter-becerra-es-elegido-nuevo-rector-de-la-u-austral-de-chile\/#article\",\"isPartOf\":{\"@id\":\"https:\/\/consejoderectores.cl\/2021\/06\/17\/dr-hans-richter-becerra-es-elegido-nuevo-rector-de-la-u-austral-de-chile\/\"},\"author\":{\"name\":\"Consejo de Rectores de las Universidades Chilenas\",\"@id\":\"https:\/\/consejoderectores.cl\/en\/#\/schema\/person\/d863e44afde067fd4b57fac66ced709e\"},\"headline\":\"Dr. Hans Richter Becerra es elegido nuevo rector de la U. Austral de Chile\",\"datePublished\":\"2021-06-17T13:12:49+00:00\",\"dateModified\":\"2021-06-18T21:02:18+00:00\",\"mainEntityOfPage\":{\"@id\":\"https:\/\/consejoderectores.cl\/2021\/06\/17\/dr-hans-richter-becerra-es-elegido-nuevo-rector-de-la-u-austral-de-chile\/\"},\"wordCount\":1170,\"commentCount\":0,\"publisher\":{\"@id\":\"https:\/\/consejoderectores.cl\/en\/#organization\"},\"image\":{\"@id\":\"https:\/\/consejoderectores.cl\/2021\/06\/17\/dr-hans-richter-becerra-es-elegido-nuevo-rector-de-la-u-austral-de-chile\/#primaryimage\"},\"thumbnailUrl\":\"https:\/\/consejoderectores.cl\/wp-content\/uploads\/2021\/06\/rector-usach.jpeg\",\"articleSection\":[\"Noticias\"],\"inLanguage\":\"en-US\",\"potentialAction\":[{\"@type\":\"CommentAction\",\"name\":\"Comment\",\"target\":[\"https:\/\/consejoderectores.cl\/2021\/06\/17\/dr-hans-richter-becerra-es-elegido-nuevo-rector-de-la-u-austral-de-chile\/#respond\"]}]},{\"@type\":\"WebPage\",\"@id\":\"https:\/\/consejoderectores.cl\/2021\/06\/17\/dr-hans-richter-becerra-es-elegido-nuevo-rector-de-la-u-austral-de-chile\/\",\"url\":\"https:\/\/consejoderectores.cl\/2021\/06\/17\/dr-hans-richter-becerra-es-elegido-nuevo-rector-de-la-u-austral-de-chile\/\",\"name\":\"Dr. Hans Richter Becerra es elegido nuevo rector de la U. Austral de Chile - Consejo de Rectoras y Rectores de las Universidades Chilenas\",\"isPartOf\":{\"@id\":\"https:\/\/consejoderectores.cl\/en\/#website\"},\"primaryImageOfPage\":{\"@id\":\"https:\/\/consejoderectores.cl\/2021\/06\/17\/dr-hans-richter-becerra-es-elegido-nuevo-rector-de-la-u-austral-de-chile\/#primaryimage\"},\"image\":{\"@id\":\"https:\/\/consejoderectores.cl\/2021\/06\/17\/dr-hans-richter-becerra-es-elegido-nuevo-rector-de-la-u-austral-de-chile\/#primaryimage\"},\"thumbnailUrl\":\"https:\/\/consejoderectores.cl\/wp-content\/uploads\/2021\/06\/rector-usach.jpeg\",\"datePublished\":\"2021-06-17T13:12:49+00:00\",\"dateModified\":\"2021-06-18T21:02:18+00:00\",\"breadcrumb\":{\"@id\":\"https:\/\/consejoderectores.cl\/2021\/06\/17\/dr-hans-richter-becerra-es-elegido-nuevo-rector-de-la-u-austral-de-chile\/#breadcrumb\"},\"inLanguage\":\"en-US\",\"potentialAction\":[{\"@type\":\"ReadAction\",\"target\":[\"https:\/\/consejoderectores.cl\/2021\/06\/17\/dr-hans-richter-becerra-es-elegido-nuevo-rector-de-la-u-austral-de-chile\/\"]}]},{\"@type\":\"ImageObject\",\"inLanguage\":\"en-US\",\"@id\":\"https:\/\/consejoderectores.cl\/2021\/06\/17\/dr-hans-richter-becerra-es-elegido-nuevo-rector-de-la-u-austral-de-chile\/#primaryimage\",\"url\":\"https:\/\/consejoderectores.cl\/wp-content\/uploads\/2021\/06\/rector-usach.jpeg\",\"contentUrl\":\"https:\/\/consejoderectores.cl\/wp-content\/uploads\/2021\/06\/rector-usach.jpeg\",\"width\":1080,\"height\":1080},{\"@type\":\"BreadcrumbList\",\"@id\":\"https:\/\/consejoderectores.cl\/2021\/06\/17\/dr-hans-richter-becerra-es-elegido-nuevo-rector-de-la-u-austral-de-chile\/#breadcrumb\",\"itemListElement\":[{\"@type\":\"ListItem\",\"position\":1,\"name\":\"Home\",\"item\":\"https:\/\/consejoderectores.cl\/\"},{\"@type\":\"ListItem\",\"position\":2,\"name\":\"Dr. Hans Richter Becerra es elegido nuevo rector de la U. Austral de Chile\"}]},{\"@type\":\"WebSite\",\"@id\":\"https:\/\/consejoderectores.cl\/en\/#website\",\"url\":\"https:\/\/consejoderectores.cl\/en\/\",\"name\":\"Consejo de Rectoras y Rectores de las Universidades Chilenas\",\"description\":\"\",\"publisher\":{\"@id\":\"https:\/\/consejoderectores.cl\/en\/#organization\"},\"potentialAction\":[{\"@type\":\"SearchAction\",\"target\":{\"@type\":\"EntryPoint\",\"urlTemplate\":\"https:\/\/consejoderectores.cl\/en\/?s={search_term_string}\"},\"query-input\":{\"@type\":\"PropertyValueSpecification\",\"valueRequired\":true,\"valueName\":\"search_term_string\"}}],\"inLanguage\":\"en-US\"},{\"@type\":\"Organization\",\"@id\":\"https:\/\/consejoderectores.cl\/en\/#organization\",\"name\":\"Consejo de Rectoras y Rectores de las Universidades Chilenas\",\"url\":\"https:\/\/consejoderectores.cl\/en\/\",\"logo\":{\"@type\":\"ImageObject\",\"inLanguage\":\"en-US\",\"@id\":\"https:\/\/consejoderectores.cl\/en\/#\/schema\/logo\/image\/\",\"url\":\"https:\/\/consejoderectores.cl\/wp-content\/uploads\/2025\/12\/logoheader_2025.png\",\"contentUrl\":\"https:\/\/consejoderectores.cl\/wp-content\/uploads\/2025\/12\/logoheader_2025.png\",\"width\":666,\"height\":305,\"caption\":\"Consejo de Rectoras y Rectores de las Universidades Chilenas\"},\"image\":{\"@id\":\"https:\/\/consejoderectores.cl\/en\/#\/schema\/logo\/image\/\"},\"sameAs\":[\"https:\/\/x.com\/CRUCH_cl\",\"https:\/\/www.instagram.com\/consejoderectores\/\",\"https:\/\/www.linkedin.com\/company\/cruch\/\",\"https:\/\/www.youtube.com\/channel\/UCzgIFRCsDlKoFpimiQmEaOA\"]},{\"@type\":\"Person\",\"@id\":\"https:\/\/consejoderectores.cl\/en\/#\/schema\/person\/d863e44afde067fd4b57fac66ced709e\",\"name\":\"Consejo de Rectores de las Universidades Chilenas\",\"image\":{\"@type\":\"ImageObject\",\"inLanguage\":\"en-US\",\"@id\":\"https:\/\/consejoderectores.cl\/en\/#\/schema\/person\/image\/\",\"url\":\"https:\/\/secure.gravatar.com\/avatar\/c31e2a02401f041926afb8ee21ab666f0925814fe85d25a5c8db80e23722dfc1?s=96&d=mm&r=g\",\"contentUrl\":\"https:\/\/secure.gravatar.com\/avatar\/c31e2a02401f041926afb8ee21ab666f0925814fe85d25a5c8db80e23722dfc1?s=96&d=mm&r=g\",\"caption\":\"Consejo de Rectores de las Universidades Chilenas\"},\"sameAs\":[\"https:\/\/www.consejoderectores.cl\"],\"url\":\"https:\/\/consejoderectores.cl\/en\/author\/cruch\/\"}]}<\/script>\n<!-- \/ Yoast SEO plugin. -->","yoast_head_json":{"title":"Dr. Hans Richter Becerra es elegido nuevo rector de la U. Austral de Chile - Consejo de Rectoras y Rectores de las Universidades Chilenas","robots":{"index":"index","follow":"follow","max-snippet":"max-snippet:-1","max-image-preview":"max-image-preview:large","max-video-preview":"max-video-preview:-1"},"canonical":"https:\/\/consejoderectores.cl\/en\/2021\/06\/17\/dr-hans-richter-becerra-es-elegido-nuevo-rector-de-la-u-austral-de-chile\/","og_locale":"en_US","og_type":"article","og_title":"Dr. Hans Richter Becerra es elegido nuevo rector de la U. Austral de Chile - Consejo de Rectoras y Rectores de las Universidades Chilenas","og_description":"Este viernes 18 de junio, a las 11.00 horas se realizar\u00e1 la proclamaci\u00f3n de la nueva autoridad por parte del Consejo Superior Universitario, ceremonia que ser\u00e1 transmitida por las plataformas multimediales de Radio UACh. El nuevo rector manifest\u00f3 que hay que \u201cdefinitivamente seguir trabajando todos en forma colectiva por los prop\u00f3sitos que nos deben llevar [&hellip;]","og_url":"https:\/\/consejoderectores.cl\/en\/2021\/06\/17\/dr-hans-richter-becerra-es-elegido-nuevo-rector-de-la-u-austral-de-chile\/","og_site_name":"Consejo de Rectoras y Rectores de las Universidades Chilenas","article_published_time":"2021-06-17T13:12:49+00:00","article_modified_time":"2021-06-18T21:02:18+00:00","og_image":[{"width":1080,"height":1080,"url":"https:\/\/consejoderectores.cl\/wp-content\/uploads\/2021\/06\/rector-usach.jpeg","type":"image\/jpeg"}],"author":"Consejo de Rectores de las Universidades Chilenas","twitter_card":"summary_large_image","twitter_creator":"@CRUCH_cl","twitter_site":"@CRUCH_cl","twitter_misc":{"Written by":"Consejo de Rectores de las Universidades Chilenas","Est. reading time":"6 minutes"},"schema":{"@context":"https:\/\/schema.org","@graph":[{"@type":"Article","@id":"https:\/\/consejoderectores.cl\/2021\/06\/17\/dr-hans-richter-becerra-es-elegido-nuevo-rector-de-la-u-austral-de-chile\/#article","isPartOf":{"@id":"https:\/\/consejoderectores.cl\/2021\/06\/17\/dr-hans-richter-becerra-es-elegido-nuevo-rector-de-la-u-austral-de-chile\/"},"author":{"name":"Consejo de Rectores de las Universidades Chilenas","@id":"https:\/\/consejoderectores.cl\/en\/#\/schema\/person\/d863e44afde067fd4b57fac66ced709e"},"headline":"Dr. Hans Richter Becerra es elegido nuevo rector de la U. Austral de Chile","datePublished":"2021-06-17T13:12:49+00:00","dateModified":"2021-06-18T21:02:18+00:00","mainEntityOfPage":{"@id":"https:\/\/consejoderectores.cl\/2021\/06\/17\/dr-hans-richter-becerra-es-elegido-nuevo-rector-de-la-u-austral-de-chile\/"},"wordCount":1170,"commentCount":0,"publisher":{"@id":"https:\/\/consejoderectores.cl\/en\/#organization"},"image":{"@id":"https:\/\/consejoderectores.cl\/2021\/06\/17\/dr-hans-richter-becerra-es-elegido-nuevo-rector-de-la-u-austral-de-chile\/#primaryimage"},"thumbnailUrl":"https:\/\/consejoderectores.cl\/wp-content\/uploads\/2021\/06\/rector-usach.jpeg","articleSection":["Noticias"],"inLanguage":"en-US","potentialAction":[{"@type":"CommentAction","name":"Comment","target":["https:\/\/consejoderectores.cl\/2021\/06\/17\/dr-hans-richter-becerra-es-elegido-nuevo-rector-de-la-u-austral-de-chile\/#respond"]}]},{"@type":"WebPage","@id":"https:\/\/consejoderectores.cl\/2021\/06\/17\/dr-hans-richter-becerra-es-elegido-nuevo-rector-de-la-u-austral-de-chile\/","url":"https:\/\/consejoderectores.cl\/2021\/06\/17\/dr-hans-richter-becerra-es-elegido-nuevo-rector-de-la-u-austral-de-chile\/","name":"Dr. Hans Richter Becerra es elegido nuevo rector de la U. Austral de Chile - Consejo de Rectoras y Rectores de las Universidades Chilenas","isPartOf":{"@id":"https:\/\/consejoderectores.cl\/en\/#website"},"primaryImageOfPage":{"@id":"https:\/\/consejoderectores.cl\/2021\/06\/17\/dr-hans-richter-becerra-es-elegido-nuevo-rector-de-la-u-austral-de-chile\/#primaryimage"},"image":{"@id":"https:\/\/consejoderectores.cl\/2021\/06\/17\/dr-hans-richter-becerra-es-elegido-nuevo-rector-de-la-u-austral-de-chile\/#primaryimage"},"thumbnailUrl":"https:\/\/consejoderectores.cl\/wp-content\/uploads\/2021\/06\/rector-usach.jpeg","datePublished":"2021-06-17T13:12:49+00:00","dateModified":"2021-06-18T21:02:18+00:00","breadcrumb":{"@id":"https:\/\/consejoderectores.cl\/2021\/06\/17\/dr-hans-richter-becerra-es-elegido-nuevo-rector-de-la-u-austral-de-chile\/#breadcrumb"},"inLanguage":"en-US","potentialAction":[{"@type":"ReadAction","target":["https:\/\/consejoderectores.cl\/2021\/06\/17\/dr-hans-richter-becerra-es-elegido-nuevo-rector-de-la-u-austral-de-chile\/"]}]},{"@type":"ImageObject","inLanguage":"en-US","@id":"https:\/\/consejoderectores.cl\/2021\/06\/17\/dr-hans-richter-becerra-es-elegido-nuevo-rector-de-la-u-austral-de-chile\/#primaryimage","url":"https:\/\/consejoderectores.cl\/wp-content\/uploads\/2021\/06\/rector-usach.jpeg","contentUrl":"https:\/\/consejoderectores.cl\/wp-content\/uploads\/2021\/06\/rector-usach.jpeg","width":1080,"height":1080},{"@type":"BreadcrumbList","@id":"https:\/\/consejoderectores.cl\/2021\/06\/17\/dr-hans-richter-becerra-es-elegido-nuevo-rector-de-la-u-austral-de-chile\/#breadcrumb","itemListElement":[{"@type":"ListItem","position":1,"name":"Home","item":"https:\/\/consejoderectores.cl\/"},{"@type":"ListItem","position":2,"name":"Dr. Hans Richter Becerra es elegido nuevo rector de la U. Austral de Chile"}]},{"@type":"WebSite","@id":"https:\/\/consejoderectores.cl\/en\/#website","url":"https:\/\/consejoderectores.cl\/en\/","name":"Council of Rectors of Chilean Universities","description":"","publisher":{"@id":"https:\/\/consejoderectores.cl\/en\/#organization"},"potentialAction":[{"@type":"SearchAction","target":{"@type":"EntryPoint","urlTemplate":"https:\/\/consejoderectores.cl\/en\/?s={search_term_string}"},"query-input":{"@type":"PropertyValueSpecification","valueRequired":true,"valueName":"search_term_string"}}],"inLanguage":"en-US"},{"@type":"Organization","@id":"https:\/\/consejoderectores.cl\/en\/#organization","name":"Council of Rectors of Chilean Universities","url":"https:\/\/consejoderectores.cl\/en\/","logo":{"@type":"ImageObject","inLanguage":"en-US","@id":"https:\/\/consejoderectores.cl\/en\/#\/schema\/logo\/image\/","url":"https:\/\/consejoderectores.cl\/wp-content\/uploads\/2025\/12\/logoheader_2025.png","contentUrl":"https:\/\/consejoderectores.cl\/wp-content\/uploads\/2025\/12\/logoheader_2025.png","width":666,"height":305,"caption":"Consejo de Rectoras y Rectores de las Universidades Chilenas"},"image":{"@id":"https:\/\/consejoderectores.cl\/en\/#\/schema\/logo\/image\/"},"sameAs":["https:\/\/x.com\/CRUCH_cl","https:\/\/www.instagram.com\/consejoderectores\/","https:\/\/www.linkedin.com\/company\/cruch\/","https:\/\/www.youtube.com\/channel\/UCzgIFRCsDlKoFpimiQmEaOA"]},{"@type":"Person","@id":"https:\/\/consejoderectores.cl\/en\/#\/schema\/person\/d863e44afde067fd4b57fac66ced709e","name":"Council of Rectors of Chilean Universities","image":{"@type":"ImageObject","inLanguage":"en-US","@id":"https:\/\/consejoderectores.cl\/en\/#\/schema\/person\/image\/","url":"https:\/\/secure.gravatar.com\/avatar\/c31e2a02401f041926afb8ee21ab666f0925814fe85d25a5c8db80e23722dfc1?s=96&d=mm&r=g","contentUrl":"https:\/\/secure.gravatar.com\/avatar\/c31e2a02401f041926afb8ee21ab666f0925814fe85d25a5c8db80e23722dfc1?s=96&d=mm&r=g","caption":"Consejo de Rectores de las Universidades Chilenas"},"sameAs":["https:\/\/www.consejoderectores.cl"],"url":"https:\/\/consejoderectores.cl\/en\/author\/cruch\/"}]}},"_links":{"self":[{"href":"https:\/\/consejoderectores.cl\/en\/wp-json\/wp\/v2\/posts\/2644","targetHints":{"allow":["GET"]}}],"collection":[{"href":"https:\/\/consejoderectores.cl\/en\/wp-json\/wp\/v2\/posts"}],"about":[{"href":"https:\/\/consejoderectores.cl\/en\/wp-json\/wp\/v2\/types\/post"}],"author":[{"embeddable":true,"href":"https:\/\/consejoderectores.cl\/en\/wp-json\/wp\/v2\/users\/1"}],"replies":[{"embeddable":true,"href":"https:\/\/consejoderectores.cl\/en\/wp-json\/wp\/v2\/comments?post=2644"}],"version-history":[{"count":1,"href":"https:\/\/consejoderectores.cl\/en\/wp-json\/wp\/v2\/posts\/2644\/revisions"}],"predecessor-version":[{"id":2646,"href":"https:\/\/consejoderectores.cl\/en\/wp-json\/wp\/v2\/posts\/2644\/revisions\/2646"}],"wp:featuredmedia":[{"embeddable":true,"href":"https:\/\/consejoderectores.cl\/en\/wp-json\/wp\/v2\/media\/2645"}],"wp:attachment":[{"href":"https:\/\/consejoderectores.cl\/en\/wp-json\/wp\/v2\/media?parent=2644"}],"wp:term":[{"taxonomy":"category","embeddable":true,"href":"https:\/\/consejoderectores.cl\/en\/wp-json\/wp\/v2\/categories?post=2644"},{"taxonomy":"post_tag","embeddable":true,"href":"https:\/\/consejoderectores.cl\/en\/wp-json\/wp\/v2\/tags?post=2644"}],"curies":[{"name":"wp","href":"https:\/\/api.w.org\/{rel}","templated":true}]}}