{"id":2538,"date":"2021-06-02T22:22:34","date_gmt":"2021-06-02T22:22:34","guid":{"rendered":"https:\/\/www.consejoderectores.cl\/?p=2538"},"modified":"2021-12-14T19:52:18","modified_gmt":"2021-12-14T19:52:18","slug":"dr-cristhian-mellado-asumio-como-rector-de-la-universidad-catolica-de-la-santisima-concepcion","status":"publish","type":"post","link":"https:\/\/consejoderectores.cl\/en\/2021\/06\/02\/dr-cristhian-mellado-asumio-como-rector-de-la-universidad-catolica-de-la-santisima-concepcion\/","title":{"rendered":"Dr. Cristhian Mellado took over as Rector of the Catholic University of the Holy Conception"},"content":{"rendered":"<blockquote><p>Academic and former dean of the Faculty of Economic and Administrative Sciences shared a speech at a ceremony held in the Theater Room of the San Andr\u00e9s Campus.<\/p><\/blockquote>\n<p>The Catholic University of the Holy Conception has a new Rector. This is Dr. Cristhian Mellado Cid, who served as Dean of FACEA UCSC, and who this Wednesday assumed the position in replacement of Christian Schmitz Vaccaro, in a ceremony headed by the Grand Chancellor of the House of Studies, Monsignor Fernando Chomali.<\/p>\n<p>After a mass celebrated in the Santa Mar\u00eda Reina Chapel of the San Andr\u00e9s Campus, the ceremony to commemorate the Foundational Anniversary and change of Rector was held in the Theater Room of the Central Building, where the Secretary General of the UCSC, Teresa Lobos, gave Reading of the Decree of the Grand Chancellery appointing Cristhian Mellado as Rector.<\/p>\n<p>In his inauguration speech, the new authority thanked all those who trusted him to carry out the position, his family and close friends, telling about his personal career and highlighting the path taken by the University to demonstrate the sustained growth of recent years .<\/p>\n<p>\u201cI have witnessed the sustained growth of my Alma Mater, of our beloved UCSC, transforming into a complex and inclusive house of studies, open to the world and the community, recognized and recently accredited for 5 years with research. Thank you for the inheritance that I receive from my predecessors, who dedicated time, love and knowledge, especially to the Rector Christian Schmitz and his team with whom I shared closely in recent years in the Superior Council of the University and in recent weeks in the transfer of the position. The achievements made encourage me to have great and ambitious aspirations to give continuity to the educational project, generating the changes that the moment and circumstances require, but always with balance to maintain what has already been achieved and our values so representative and intact, \u201dsaid Mellado.<\/p>\n<p>Likewise, among the challenges posed for the next five years, Rector Mellado pointed to the new Strategic Development Plan (PDE) 2022-2026, giving relevance to Management at the service of the academy, with focuses on research, teaching, links with the environment and management.<\/p>\n<p>On the occasion, the authority shared part of the names that will accompany it in the Superior Directorate of the University. Pro-rector will be Dr. Ana Narv\u00e1ez; Dr. Antonio Brante, Vice-rector for Research and Postgraduate Studies; Dr. Alfredo Garc\u00eda, Vice-Rector for Relations with the Environment; Carlos Sobarzo, Vice-rector for Administration and Finance; and Teresa Lobos Del Fierro, continues in the General Secretariat.<\/p>\n<p>\u201cIt is up to me to assume in times of uncertainty, in a different 2021, but with faith and hope we will advance in the great issues that the University requires to be a social protagonist and lead important issues for the development of the territory and its people, because our vocation is public. and we owe ourselves to this, in tune with the public and private spheres, and in close collaboration with the higher education institutions that are part of the global university map \u201d, he stated.<\/p>\n<p>For his part, the UCSC Grand Chancellor, Monsignor Fernando Chomali, indicated that &quot;I have words of gratitude for Rector Schmitz and his entire team, for making an immense effort to move the University forward in all its areas.&quot; Regarding the new authority, he stressed that &quot;it means great joy, because Rector Mellado is a UCSC alumnus and had an excellent academic career, committed to the students and the identity of the University.&quot;<\/p>\n<p>&nbsp;<\/p>\n<p><em>Information and images: Communication and Public Relations Department - Universidad Cat\u00f3lica de la Sant\u00edsima Concepci\u00f3n.<\/em><\/p>\n<p><img loading=\"lazy\" decoding=\"async\" class=\"alignright size-medium wp-image-2541\" src=\"https:\/\/www.consejoderectores.cl\/wp-content\/uploads\/2021\/06\/ucsc-general-300x199.jpg\" alt=\"\" width=\"300\" height=\"199\" srcset=\"https:\/\/consejoderectores.cl\/wp-content\/uploads\/2021\/06\/ucsc-general-300x199.jpg 300w, https:\/\/consejoderectores.cl\/wp-content\/uploads\/2021\/06\/ucsc-general-768x509.jpg 768w, https:\/\/consejoderectores.cl\/wp-content\/uploads\/2021\/06\/ucsc-general-16x12.jpg 16w, https:\/\/consejoderectores.cl\/wp-content\/uploads\/2021\/06\/ucsc-general-848x561.jpg 848w, https:\/\/consejoderectores.cl\/wp-content\/uploads\/2021\/06\/ucsc-general.jpg 1024w\" sizes=\"auto, (max-width: 300px) 100vw, 300px\" \/><\/p>\n<p><img loading=\"lazy\" decoding=\"async\" class=\"size-medium wp-image-2540 alignleft\" src=\"https:\/\/www.consejoderectores.cl\/wp-content\/uploads\/2021\/06\/rectores-ucsc-300x199.jpg\" alt=\"\" width=\"300\" height=\"199\" srcset=\"https:\/\/consejoderectores.cl\/wp-content\/uploads\/2021\/06\/rectores-ucsc-300x199.jpg 300w, https:\/\/consejoderectores.cl\/wp-content\/uploads\/2021\/06\/rectores-ucsc-768x509.jpg 768w, https:\/\/consejoderectores.cl\/wp-content\/uploads\/2021\/06\/rectores-ucsc-16x12.jpg 16w, https:\/\/consejoderectores.cl\/wp-content\/uploads\/2021\/06\/rectores-ucsc-848x561.jpg 848w, https:\/\/consejoderectores.cl\/wp-content\/uploads\/2021\/06\/rectores-ucsc.jpg 1024w\" sizes=\"auto, (max-width: 300px) 100vw, 300px\" \/><\/p>","protected":false},"excerpt":{"rendered":"<p>Acad\u00e9mico y exdecano de la Facultad de Ciencias Econ\u00f3micas y Administrativas comparti\u00f3 discurso en ceremonia realizada en la Sala de Teatro del Campus San Andr\u00e9s. La Universidad Cat\u00f3lica de la Sant\u00edsima Concepci\u00f3n cuenta con nuevo Rector. Se trata del Dr. Cristhian Mellado Cid, quien se desempe\u00f1aba como Decano de FACEA UCSC, y quien este mi\u00e9rcoles [&hellip;]<\/p>\n","protected":false},"author":1,"featured_media":2539,"comment_status":"open","ping_status":"open","sticky":false,"template":"","format":"standard","meta":{"_acf_changed":false,"footnotes":""},"categories":[3],"tags":[],"class_list":["post-2538","post","type-post","status-publish","format-standard","has-post-thumbnail","hentry","category-noticias"],"acf":[],"yoast_head":"<!-- This site is optimized with the Yoast SEO plugin v27.1.1 - https:\/\/yoast.com\/product\/yoast-seo-wordpress\/ -->\n<title>Dr. Cristhian Mellado asumi\u00f3 como Rector de la Universidad Cat\u00f3lica de la Sant\u00edsima Concepci\u00f3n - Consejo de Rectoras y Rectores de las Universidades Chilenas<\/title>\n<meta name=\"robots\" content=\"index, follow, max-snippet:-1, max-image-preview:large, max-video-preview:-1\" \/>\n<link rel=\"canonical\" href=\"https:\/\/consejoderectores.cl\/en\/2021\/06\/02\/dr-cristhian-mellado-asumio-como-rector-de-la-universidad-catolica-de-la-santisima-concepcion\/\" \/>\n<meta property=\"og:locale\" content=\"en_US\" \/>\n<meta property=\"og:type\" content=\"article\" \/>\n<meta property=\"og:title\" content=\"Dr. Cristhian Mellado asumi\u00f3 como Rector de la Universidad Cat\u00f3lica de la Sant\u00edsima Concepci\u00f3n - Consejo de Rectoras y Rectores de las Universidades Chilenas\" \/>\n<meta property=\"og:description\" content=\"Acad\u00e9mico y exdecano de la Facultad de Ciencias Econ\u00f3micas y Administrativas comparti\u00f3 discurso en ceremonia realizada en la Sala de Teatro del Campus San Andr\u00e9s. La Universidad Cat\u00f3lica de la Sant\u00edsima Concepci\u00f3n cuenta con nuevo Rector. Se trata del Dr. Cristhian Mellado Cid, quien se desempe\u00f1aba como Decano de FACEA UCSC, y quien este mi\u00e9rcoles [&hellip;]\" \/>\n<meta property=\"og:url\" content=\"https:\/\/consejoderectores.cl\/en\/2021\/06\/02\/dr-cristhian-mellado-asumio-como-rector-de-la-universidad-catolica-de-la-santisima-concepcion\/\" \/>\n<meta property=\"og:site_name\" content=\"Consejo de Rectoras y Rectores de las Universidades Chilenas\" \/>\n<meta property=\"article:published_time\" content=\"2021-06-02T22:22:34+00:00\" \/>\n<meta property=\"article:modified_time\" content=\"2021-12-14T19:52:18+00:00\" \/>\n<meta property=\"og:image\" content=\"https:\/\/consejoderectores.cl\/wp-content\/uploads\/2021\/06\/Mellado-830x475-1.jpg\" \/>\n\t<meta property=\"og:image:width\" content=\"830\" \/>\n\t<meta property=\"og:image:height\" content=\"475\" \/>\n\t<meta property=\"og:image:type\" content=\"image\/jpeg\" \/>\n<meta name=\"author\" content=\"Consejo de Rectores de las Universidades Chilenas\" \/>\n<meta name=\"twitter:card\" content=\"summary_large_image\" \/>\n<meta name=\"twitter:creator\" content=\"@CRUCH_cl\" \/>\n<meta name=\"twitter:site\" content=\"@CRUCH_cl\" \/>\n<meta name=\"twitter:label1\" content=\"Written by\" \/>\n\t<meta name=\"twitter:data1\" content=\"Consejo de Rectores de las Universidades Chilenas\" \/>\n\t<meta name=\"twitter:label2\" content=\"Est. reading time\" \/>\n\t<meta name=\"twitter:data2\" content=\"3 minutes\" \/>\n<script type=\"application\/ld+json\" class=\"yoast-schema-graph\">{\"@context\":\"https:\/\/schema.org\",\"@graph\":[{\"@type\":\"Article\",\"@id\":\"https:\/\/consejoderectores.cl\/2021\/06\/02\/dr-cristhian-mellado-asumio-como-rector-de-la-universidad-catolica-de-la-santisima-concepcion\/#article\",\"isPartOf\":{\"@id\":\"https:\/\/consejoderectores.cl\/2021\/06\/02\/dr-cristhian-mellado-asumio-como-rector-de-la-universidad-catolica-de-la-santisima-concepcion\/\"},\"author\":{\"name\":\"Consejo de Rectores de las Universidades Chilenas\",\"@id\":\"https:\/\/consejoderectores.cl\/en\/#\/schema\/person\/d863e44afde067fd4b57fac66ced709e\"},\"headline\":\"Dr. Cristhian Mellado asumi\u00f3 como Rector de la Universidad Cat\u00f3lica de la Sant\u00edsima Concepci\u00f3n\",\"datePublished\":\"2021-06-02T22:22:34+00:00\",\"dateModified\":\"2021-12-14T19:52:18+00:00\",\"mainEntityOfPage\":{\"@id\":\"https:\/\/consejoderectores.cl\/2021\/06\/02\/dr-cristhian-mellado-asumio-como-rector-de-la-universidad-catolica-de-la-santisima-concepcion\/\"},\"wordCount\":661,\"commentCount\":0,\"publisher\":{\"@id\":\"https:\/\/consejoderectores.cl\/en\/#organization\"},\"image\":{\"@id\":\"https:\/\/consejoderectores.cl\/2021\/06\/02\/dr-cristhian-mellado-asumio-como-rector-de-la-universidad-catolica-de-la-santisima-concepcion\/#primaryimage\"},\"thumbnailUrl\":\"https:\/\/consejoderectores.cl\/wp-content\/uploads\/2021\/06\/Mellado-830x475-1.jpg\",\"articleSection\":[\"Noticias\"],\"inLanguage\":\"en-US\",\"potentialAction\":[{\"@type\":\"CommentAction\",\"name\":\"Comment\",\"target\":[\"https:\/\/consejoderectores.cl\/2021\/06\/02\/dr-cristhian-mellado-asumio-como-rector-de-la-universidad-catolica-de-la-santisima-concepcion\/#respond\"]}]},{\"@type\":\"WebPage\",\"@id\":\"https:\/\/consejoderectores.cl\/2021\/06\/02\/dr-cristhian-mellado-asumio-como-rector-de-la-universidad-catolica-de-la-santisima-concepcion\/\",\"url\":\"https:\/\/consejoderectores.cl\/2021\/06\/02\/dr-cristhian-mellado-asumio-como-rector-de-la-universidad-catolica-de-la-santisima-concepcion\/\",\"name\":\"Dr. Cristhian Mellado asumi\u00f3 como Rector de la Universidad Cat\u00f3lica de la Sant\u00edsima Concepci\u00f3n - Consejo de Rectoras y Rectores de las Universidades Chilenas\",\"isPartOf\":{\"@id\":\"https:\/\/consejoderectores.cl\/en\/#website\"},\"primaryImageOfPage\":{\"@id\":\"https:\/\/consejoderectores.cl\/2021\/06\/02\/dr-cristhian-mellado-asumio-como-rector-de-la-universidad-catolica-de-la-santisima-concepcion\/#primaryimage\"},\"image\":{\"@id\":\"https:\/\/consejoderectores.cl\/2021\/06\/02\/dr-cristhian-mellado-asumio-como-rector-de-la-universidad-catolica-de-la-santisima-concepcion\/#primaryimage\"},\"thumbnailUrl\":\"https:\/\/consejoderectores.cl\/wp-content\/uploads\/2021\/06\/Mellado-830x475-1.jpg\",\"datePublished\":\"2021-06-02T22:22:34+00:00\",\"dateModified\":\"2021-12-14T19:52:18+00:00\",\"breadcrumb\":{\"@id\":\"https:\/\/consejoderectores.cl\/2021\/06\/02\/dr-cristhian-mellado-asumio-como-rector-de-la-universidad-catolica-de-la-santisima-concepcion\/#breadcrumb\"},\"inLanguage\":\"en-US\",\"potentialAction\":[{\"@type\":\"ReadAction\",\"target\":[\"https:\/\/consejoderectores.cl\/2021\/06\/02\/dr-cristhian-mellado-asumio-como-rector-de-la-universidad-catolica-de-la-santisima-concepcion\/\"]}]},{\"@type\":\"ImageObject\",\"inLanguage\":\"en-US\",\"@id\":\"https:\/\/consejoderectores.cl\/2021\/06\/02\/dr-cristhian-mellado-asumio-como-rector-de-la-universidad-catolica-de-la-santisima-concepcion\/#primaryimage\",\"url\":\"https:\/\/consejoderectores.cl\/wp-content\/uploads\/2021\/06\/Mellado-830x475-1.jpg\",\"contentUrl\":\"https:\/\/consejoderectores.cl\/wp-content\/uploads\/2021\/06\/Mellado-830x475-1.jpg\",\"width\":830,\"height\":475},{\"@type\":\"BreadcrumbList\",\"@id\":\"https:\/\/consejoderectores.cl\/2021\/06\/02\/dr-cristhian-mellado-asumio-como-rector-de-la-universidad-catolica-de-la-santisima-concepcion\/#breadcrumb\",\"itemListElement\":[{\"@type\":\"ListItem\",\"position\":1,\"name\":\"Home\",\"item\":\"https:\/\/consejoderectores.cl\/\"},{\"@type\":\"ListItem\",\"position\":2,\"name\":\"Dr. Cristhian Mellado asumi\u00f3 como Rector de la Universidad Cat\u00f3lica de la Sant\u00edsima Concepci\u00f3n\"}]},{\"@type\":\"WebSite\",\"@id\":\"https:\/\/consejoderectores.cl\/en\/#website\",\"url\":\"https:\/\/consejoderectores.cl\/en\/\",\"name\":\"Consejo de Rectoras y Rectores de las Universidades Chilenas\",\"description\":\"\",\"publisher\":{\"@id\":\"https:\/\/consejoderectores.cl\/en\/#organization\"},\"potentialAction\":[{\"@type\":\"SearchAction\",\"target\":{\"@type\":\"EntryPoint\",\"urlTemplate\":\"https:\/\/consejoderectores.cl\/en\/?s={search_term_string}\"},\"query-input\":{\"@type\":\"PropertyValueSpecification\",\"valueRequired\":true,\"valueName\":\"search_term_string\"}}],\"inLanguage\":\"en-US\"},{\"@type\":\"Organization\",\"@id\":\"https:\/\/consejoderectores.cl\/en\/#organization\",\"name\":\"Consejo de Rectoras y Rectores de las Universidades Chilenas\",\"url\":\"https:\/\/consejoderectores.cl\/en\/\",\"logo\":{\"@type\":\"ImageObject\",\"inLanguage\":\"en-US\",\"@id\":\"https:\/\/consejoderectores.cl\/en\/#\/schema\/logo\/image\/\",\"url\":\"https:\/\/consejoderectores.cl\/wp-content\/uploads\/2025\/12\/logoheader_2025.png\",\"contentUrl\":\"https:\/\/consejoderectores.cl\/wp-content\/uploads\/2025\/12\/logoheader_2025.png\",\"width\":666,\"height\":305,\"caption\":\"Consejo de Rectoras y Rectores de las Universidades Chilenas\"},\"image\":{\"@id\":\"https:\/\/consejoderectores.cl\/en\/#\/schema\/logo\/image\/\"},\"sameAs\":[\"https:\/\/x.com\/CRUCH_cl\",\"https:\/\/www.instagram.com\/consejoderectores\/\",\"https:\/\/www.linkedin.com\/company\/cruch\/\",\"https:\/\/www.youtube.com\/channel\/UCzgIFRCsDlKoFpimiQmEaOA\"]},{\"@type\":\"Person\",\"@id\":\"https:\/\/consejoderectores.cl\/en\/#\/schema\/person\/d863e44afde067fd4b57fac66ced709e\",\"name\":\"Consejo de Rectores de las Universidades Chilenas\",\"image\":{\"@type\":\"ImageObject\",\"inLanguage\":\"en-US\",\"@id\":\"https:\/\/consejoderectores.cl\/en\/#\/schema\/person\/image\/\",\"url\":\"https:\/\/secure.gravatar.com\/avatar\/c31e2a02401f041926afb8ee21ab666f0925814fe85d25a5c8db80e23722dfc1?s=96&d=mm&r=g\",\"contentUrl\":\"https:\/\/secure.gravatar.com\/avatar\/c31e2a02401f041926afb8ee21ab666f0925814fe85d25a5c8db80e23722dfc1?s=96&d=mm&r=g\",\"caption\":\"Consejo de Rectores de las Universidades Chilenas\"},\"sameAs\":[\"https:\/\/www.consejoderectores.cl\"],\"url\":\"https:\/\/consejoderectores.cl\/en\/author\/cruch\/\"}]}<\/script>\n<!-- \/ Yoast SEO plugin. -->","yoast_head_json":{"title":"Dr. Cristhian Mellado asumi\u00f3 como Rector de la Universidad Cat\u00f3lica de la Sant\u00edsima Concepci\u00f3n - Consejo de Rectoras y Rectores de las Universidades Chilenas","robots":{"index":"index","follow":"follow","max-snippet":"max-snippet:-1","max-image-preview":"max-image-preview:large","max-video-preview":"max-video-preview:-1"},"canonical":"https:\/\/consejoderectores.cl\/en\/2021\/06\/02\/dr-cristhian-mellado-asumio-como-rector-de-la-universidad-catolica-de-la-santisima-concepcion\/","og_locale":"en_US","og_type":"article","og_title":"Dr. Cristhian Mellado asumi\u00f3 como Rector de la Universidad Cat\u00f3lica de la Sant\u00edsima Concepci\u00f3n - Consejo de Rectoras y Rectores de las Universidades Chilenas","og_description":"Acad\u00e9mico y exdecano de la Facultad de Ciencias Econ\u00f3micas y Administrativas comparti\u00f3 discurso en ceremonia realizada en la Sala de Teatro del Campus San Andr\u00e9s. La Universidad Cat\u00f3lica de la Sant\u00edsima Concepci\u00f3n cuenta con nuevo Rector. Se trata del Dr. Cristhian Mellado Cid, quien se desempe\u00f1aba como Decano de FACEA UCSC, y quien este mi\u00e9rcoles [&hellip;]","og_url":"https:\/\/consejoderectores.cl\/en\/2021\/06\/02\/dr-cristhian-mellado-asumio-como-rector-de-la-universidad-catolica-de-la-santisima-concepcion\/","og_site_name":"Consejo de Rectoras y Rectores de las Universidades Chilenas","article_published_time":"2021-06-02T22:22:34+00:00","article_modified_time":"2021-12-14T19:52:18+00:00","og_image":[{"width":830,"height":475,"url":"https:\/\/consejoderectores.cl\/wp-content\/uploads\/2021\/06\/Mellado-830x475-1.jpg","type":"image\/jpeg"}],"author":"Consejo de Rectores de las Universidades Chilenas","twitter_card":"summary_large_image","twitter_creator":"@CRUCH_cl","twitter_site":"@CRUCH_cl","twitter_misc":{"Written by":"Consejo de Rectores de las Universidades Chilenas","Est. reading time":"3 minutes"},"schema":{"@context":"https:\/\/schema.org","@graph":[{"@type":"Article","@id":"https:\/\/consejoderectores.cl\/2021\/06\/02\/dr-cristhian-mellado-asumio-como-rector-de-la-universidad-catolica-de-la-santisima-concepcion\/#article","isPartOf":{"@id":"https:\/\/consejoderectores.cl\/2021\/06\/02\/dr-cristhian-mellado-asumio-como-rector-de-la-universidad-catolica-de-la-santisima-concepcion\/"},"author":{"name":"Consejo de Rectores de las Universidades Chilenas","@id":"https:\/\/consejoderectores.cl\/en\/#\/schema\/person\/d863e44afde067fd4b57fac66ced709e"},"headline":"Dr. Cristhian Mellado asumi\u00f3 como Rector de la Universidad Cat\u00f3lica de la Sant\u00edsima Concepci\u00f3n","datePublished":"2021-06-02T22:22:34+00:00","dateModified":"2021-12-14T19:52:18+00:00","mainEntityOfPage":{"@id":"https:\/\/consejoderectores.cl\/2021\/06\/02\/dr-cristhian-mellado-asumio-como-rector-de-la-universidad-catolica-de-la-santisima-concepcion\/"},"wordCount":661,"commentCount":0,"publisher":{"@id":"https:\/\/consejoderectores.cl\/en\/#organization"},"image":{"@id":"https:\/\/consejoderectores.cl\/2021\/06\/02\/dr-cristhian-mellado-asumio-como-rector-de-la-universidad-catolica-de-la-santisima-concepcion\/#primaryimage"},"thumbnailUrl":"https:\/\/consejoderectores.cl\/wp-content\/uploads\/2021\/06\/Mellado-830x475-1.jpg","articleSection":["Noticias"],"inLanguage":"en-US","potentialAction":[{"@type":"CommentAction","name":"Comment","target":["https:\/\/consejoderectores.cl\/2021\/06\/02\/dr-cristhian-mellado-asumio-como-rector-de-la-universidad-catolica-de-la-santisima-concepcion\/#respond"]}]},{"@type":"WebPage","@id":"https:\/\/consejoderectores.cl\/2021\/06\/02\/dr-cristhian-mellado-asumio-como-rector-de-la-universidad-catolica-de-la-santisima-concepcion\/","url":"https:\/\/consejoderectores.cl\/2021\/06\/02\/dr-cristhian-mellado-asumio-como-rector-de-la-universidad-catolica-de-la-santisima-concepcion\/","name":"Dr. Cristhian Mellado asumi\u00f3 como Rector de la Universidad Cat\u00f3lica de la Sant\u00edsima Concepci\u00f3n - Consejo de Rectoras y Rectores de las Universidades Chilenas","isPartOf":{"@id":"https:\/\/consejoderectores.cl\/en\/#website"},"primaryImageOfPage":{"@id":"https:\/\/consejoderectores.cl\/2021\/06\/02\/dr-cristhian-mellado-asumio-como-rector-de-la-universidad-catolica-de-la-santisima-concepcion\/#primaryimage"},"image":{"@id":"https:\/\/consejoderectores.cl\/2021\/06\/02\/dr-cristhian-mellado-asumio-como-rector-de-la-universidad-catolica-de-la-santisima-concepcion\/#primaryimage"},"thumbnailUrl":"https:\/\/consejoderectores.cl\/wp-content\/uploads\/2021\/06\/Mellado-830x475-1.jpg","datePublished":"2021-06-02T22:22:34+00:00","dateModified":"2021-12-14T19:52:18+00:00","breadcrumb":{"@id":"https:\/\/consejoderectores.cl\/2021\/06\/02\/dr-cristhian-mellado-asumio-como-rector-de-la-universidad-catolica-de-la-santisima-concepcion\/#breadcrumb"},"inLanguage":"en-US","potentialAction":[{"@type":"ReadAction","target":["https:\/\/consejoderectores.cl\/2021\/06\/02\/dr-cristhian-mellado-asumio-como-rector-de-la-universidad-catolica-de-la-santisima-concepcion\/"]}]},{"@type":"ImageObject","inLanguage":"en-US","@id":"https:\/\/consejoderectores.cl\/2021\/06\/02\/dr-cristhian-mellado-asumio-como-rector-de-la-universidad-catolica-de-la-santisima-concepcion\/#primaryimage","url":"https:\/\/consejoderectores.cl\/wp-content\/uploads\/2021\/06\/Mellado-830x475-1.jpg","contentUrl":"https:\/\/consejoderectores.cl\/wp-content\/uploads\/2021\/06\/Mellado-830x475-1.jpg","width":830,"height":475},{"@type":"BreadcrumbList","@id":"https:\/\/consejoderectores.cl\/2021\/06\/02\/dr-cristhian-mellado-asumio-como-rector-de-la-universidad-catolica-de-la-santisima-concepcion\/#breadcrumb","itemListElement":[{"@type":"ListItem","position":1,"name":"Home","item":"https:\/\/consejoderectores.cl\/"},{"@type":"ListItem","position":2,"name":"Dr. Cristhian Mellado asumi\u00f3 como Rector de la Universidad Cat\u00f3lica de la Sant\u00edsima Concepci\u00f3n"}]},{"@type":"WebSite","@id":"https:\/\/consejoderectores.cl\/en\/#website","url":"https:\/\/consejoderectores.cl\/en\/","name":"Council of Rectors of Chilean Universities","description":"","publisher":{"@id":"https:\/\/consejoderectores.cl\/en\/#organization"},"potentialAction":[{"@type":"SearchAction","target":{"@type":"EntryPoint","urlTemplate":"https:\/\/consejoderectores.cl\/en\/?s={search_term_string}"},"query-input":{"@type":"PropertyValueSpecification","valueRequired":true,"valueName":"search_term_string"}}],"inLanguage":"en-US"},{"@type":"Organization","@id":"https:\/\/consejoderectores.cl\/en\/#organization","name":"Council of Rectors of Chilean Universities","url":"https:\/\/consejoderectores.cl\/en\/","logo":{"@type":"ImageObject","inLanguage":"en-US","@id":"https:\/\/consejoderectores.cl\/en\/#\/schema\/logo\/image\/","url":"https:\/\/consejoderectores.cl\/wp-content\/uploads\/2025\/12\/logoheader_2025.png","contentUrl":"https:\/\/consejoderectores.cl\/wp-content\/uploads\/2025\/12\/logoheader_2025.png","width":666,"height":305,"caption":"Consejo de Rectoras y Rectores de las Universidades Chilenas"},"image":{"@id":"https:\/\/consejoderectores.cl\/en\/#\/schema\/logo\/image\/"},"sameAs":["https:\/\/x.com\/CRUCH_cl","https:\/\/www.instagram.com\/consejoderectores\/","https:\/\/www.linkedin.com\/company\/cruch\/","https:\/\/www.youtube.com\/channel\/UCzgIFRCsDlKoFpimiQmEaOA"]},{"@type":"Person","@id":"https:\/\/consejoderectores.cl\/en\/#\/schema\/person\/d863e44afde067fd4b57fac66ced709e","name":"Council of Rectors of Chilean Universities","image":{"@type":"ImageObject","inLanguage":"en-US","@id":"https:\/\/consejoderectores.cl\/en\/#\/schema\/person\/image\/","url":"https:\/\/secure.gravatar.com\/avatar\/c31e2a02401f041926afb8ee21ab666f0925814fe85d25a5c8db80e23722dfc1?s=96&d=mm&r=g","contentUrl":"https:\/\/secure.gravatar.com\/avatar\/c31e2a02401f041926afb8ee21ab666f0925814fe85d25a5c8db80e23722dfc1?s=96&d=mm&r=g","caption":"Consejo de Rectores de las Universidades Chilenas"},"sameAs":["https:\/\/www.consejoderectores.cl"],"url":"https:\/\/consejoderectores.cl\/en\/author\/cruch\/"}]}},"_links":{"self":[{"href":"https:\/\/consejoderectores.cl\/en\/wp-json\/wp\/v2\/posts\/2538","targetHints":{"allow":["GET"]}}],"collection":[{"href":"https:\/\/consejoderectores.cl\/en\/wp-json\/wp\/v2\/posts"}],"about":[{"href":"https:\/\/consejoderectores.cl\/en\/wp-json\/wp\/v2\/types\/post"}],"author":[{"embeddable":true,"href":"https:\/\/consejoderectores.cl\/en\/wp-json\/wp\/v2\/users\/1"}],"replies":[{"embeddable":true,"href":"https:\/\/consejoderectores.cl\/en\/wp-json\/wp\/v2\/comments?post=2538"}],"version-history":[{"count":4,"href":"https:\/\/consejoderectores.cl\/en\/wp-json\/wp\/v2\/posts\/2538\/revisions"}],"predecessor-version":[{"id":2637,"href":"https:\/\/consejoderectores.cl\/en\/wp-json\/wp\/v2\/posts\/2538\/revisions\/2637"}],"wp:featuredmedia":[{"embeddable":true,"href":"https:\/\/consejoderectores.cl\/en\/wp-json\/wp\/v2\/media\/2539"}],"wp:attachment":[{"href":"https:\/\/consejoderectores.cl\/en\/wp-json\/wp\/v2\/media?parent=2538"}],"wp:term":[{"taxonomy":"category","embeddable":true,"href":"https:\/\/consejoderectores.cl\/en\/wp-json\/wp\/v2\/categories?post=2538"},{"taxonomy":"post_tag","embeddable":true,"href":"https:\/\/consejoderectores.cl\/en\/wp-json\/wp\/v2\/tags?post=2538"}],"curies":[{"name":"wp","href":"https:\/\/api.w.org\/{rel}","templated":true}]}}