{"id":2507,"date":"2021-05-31T21:59:20","date_gmt":"2021-05-31T21:59:20","guid":{"rendered":"https:\/\/www.consejoderectores.cl\/?p=2507"},"modified":"2021-12-14T19:52:40","modified_gmt":"2021-12-14T19:52:40","slug":"cuenta-publica-del-consejo-de-rectores-destaca-el-trabajo-colaborativo-de-sus-universidades-en-el-marco-de-la-crisis-social-y-sanitaria","status":"publish","type":"post","link":"https:\/\/consejoderectores.cl\/en\/2021\/05\/31\/cuenta-publica-del-consejo-de-rectores-destaca-el-trabajo-colaborativo-de-sus-universidades-en-el-marco-de-la-crisis-social-y-sanitaria\/","title":{"rendered":"Public Account of the Council of Rectors highlights the collaborative work of its universities in the context of the social and health crisis"},"content":{"rendered":"<blockquote><p>The executive vice president of CRUCH appreciated the willingness and commitment of the Council &quot;to put the capacities and resources of our institutions at the service of people and territories.&quot;<br \/>\nFor her part, the general secretary of the Council of Rectors detailed the lines of action of the CRUCH during 2020, highlighting the contributions to the higher education system, the fight against Covid-19 and the contributions to the constituent process underway.<\/p><\/blockquote>\n<p>With a significant attendance of rectors, presidents of commissions, academics and professionals of the different universities that are part of the Council of Rectors of Chilean Universities, this Monday, May 31, the Participatory Public Account of the General Secretariat of the CRUCH.<\/p>\n<p>On the occasion, the executive vice president of CRUCH, rector Juan Manuel Zolezzi, pointed out that \u201c2020 was a difficult, complex year, in which we experienced the effects of the social outbreak and the pandemic. The impact has been felt in all aspects of life, which has generated the need to rethink things in the face of this new reality. We have had to respond to the new needs of students, academics and officials of our different university communities \u201d.<\/p>\n<p>In this context, Rector Zolezzi highlighted the willingness and commitment of the Council &quot;to put the capacities and resources of our study houses at the service of people and territories.&quot; He also valued &quot;the importance of collaborative work between all CRUCH universities to face these difficulties and generate new ways of working, not only for the institutions, but also for the country.&quot;<\/p>\n<p>Regarding the role of the General Secretariat of the CRUCH, the executive vice president highlighted its importance, \u201cnot only as a body responsible for articulating, coordinating and monitoring the different initiatives and actions of the CRUCH, but also as a propositional body and generator of proposals. and initiatives that contribute to the work of the Council \u201d.<\/p>\n<p>The account was attended by more than 100 people, mostly members of the communities of the 30 universities that make up the Council. Among the attendees, the rector Natacha Pino (U. de Ays\u00e9n) and the rectors Alberto Mart\u00ednez (U. Arturo Prat), Luis Alberto Loyola (U. de Antofagasta), Osvaldo Corrales (U. de Valpara\u00edso), Ignacio S\u00e1nchez ( Pontificia U. Cat\u00f3lica), Eduardo Silva (U. Alberto Hurtado), Jos\u00e9 Antonio Guzm\u00e1n (U. de Los Andes), Luis Pinto (U. Tecnol\u00f3gica Metropolitana), Diego Dur\u00e1n (U. Cat\u00f3lica del Maule), Carlos Saavedra (U. de Concepci\u00f3n), Christian Schmitz (U. Cat\u00f3lica de la Sant\u00edsima Concepci\u00f3n), Aliro B\u00f3rquez (U. Cat\u00f3lica de Temuco), Eduardo Hebel (U. de La Frontera) and Juan Oyarzo (U. de Magallanes).<\/p>\n<h4>2020: an unexpected year<\/h4>\n<p>The General Secretary of the Council of Rectors, Mar\u00eda Elena Gonz\u00e1lez, introduced the Public Account highlighting that the CRUCH and its universities share values and principles such as \u201cuniversality, respect for diversity, pluralism, search for the common good and the inherent commitment to the public. \u201d. He also recalled that the CRUCH was created by law in 1954 and that at present it is made up of the rectors and the rector of the 30 most prestigious universities in Chile.<\/p>\n<p>Subsequently, he referred to the impact of the health and social emergency, and described how the Council of Rectors addressed the various needs and problems that emerged as a result of the pandemic. He highlighted the collaborative work to sustain the continuity of higher education; meet the needs of equipment and connectivity; promote measures aimed at making students and their families more flexible and facilitating the fulfillment of financial commitments; safeguard the sustainability of the universities and the protection of the members of the university communities; as well as putting the resources of the universities at the disposal of the national emergency, through laboratories, research centers, experts and professionals from the different health areas.<\/p>\n<h4>Contributions to the Higher Education System<\/h4>\n<p>Mar\u00eda Elena Gonz\u00e1lez specified that the CRUCH had contributed in different areas relevant to the operation of the higher education system with the preparation of reports, documents and analyzes. Among them, he mentioned the contributions to the new Access System, in charge of the Undersecretariat of Higher Education; the National Accreditation Commission (CNA); as well as in different instances related to Science and Technology.<br \/>\nRegarding financing, he highlighted the active participation and demands of the CRUCH in the discussion of the Higher Education Budget 2021; regulated fees and the determination of vacancies; and the use of surpluses from the 2020-2021 University Credit Solidarity Fund, among others.<\/p>\n<h4>Strengthening of the CRUCH commissions<\/h4>\n<p>During the period, the work of the CRUCH advisory committees was strengthened, creating two new ones and integrating a rector or rector to each of them, with the purpose of favoring articulation with the full Board.<\/p>\n<p>The role of the commissions, in which representatives of the 30 universities in specific areas participate, is to prepare analyzes and generate substantive proposals for the various discussions of higher education. Currently, there are 11 commissions: Academic Vice-Rectors; Postgraduate; research; of Internationalization; Gender Equality; Admission and Registration; of Libraries; Economic; Legal; and the Quality and Institutional Analysis commissions, created in March 2021.<\/p>\n<h4>Links with international organizations<\/h4>\n<p>At the international level, the different bodies with which the CRUCH maintained links or developed joint initiatives during 2020 were named: the Nansen Center for Peace and Dialogue in Norway; the Observatory of European Union - Latin America Relations, OBREAL-GLOBAL; the renewal of the agreement between Fundaci\u00f3n Carolina and CRUCH (to grant scholarships in doctoral programs and short research stays); the Congress of the Americas on International Education, CAEI, 2021; and the Mimir Andino Project: Innovation and Research Management (led by the Colombian Association of Universities, OBREAL, the Council of Rectors and various Latin American and European universities).<\/p>\n<h4>Greater visibility of CRUCH and its universities<\/h4>\n<p>To give greater visibility to the public roles of CRUCH, as well as to the 30 universities that make it up, work was done on the design of a new website, which was released in mid-May of this year.<\/p>\n<p>Likewise, during the period, the General Secretariat promoted the creation of two websites to publicize the initiatives of the universities. In the first, the various actions in the field of health emergencies were systematized (<strong><a href=\"https:\/\/covid19.consejoderectores.cl\/\">https:\/\/covid19.consejoderectores.cl\/<\/a><\/strong>) and, in the second, in the scope of the Constituent Process, from 2019 to date (<strong><a href=\"https:\/\/procesoconstituyente.consejoderectores.cl\/\">https:\/\/procesoconstituyente.consejoderectores.cl\/<\/a><\/strong>).<\/p>\n<p>At the end of her speech, Mar\u00eda Elena Gonz\u00e1lez thanked the support and collaboration provided during 2020 by the rector and rectors, the members of the advisory committees of the CRUCH, the technical teams of the Consortium of State Universities of Chile (CUECH), the Agrupaci\u00f3n Regional Universities (AUR) and the Network of Non-State Public Universities (G9); together with the management and administration teams of the 30 CRUCH universities and those who make up the General Secretariat. Gonz\u00e1lez stated that these people and organizations showed that &quot;despite the difficulties, the adverse context, how the pandemic has hit people, places and institutions, it is also possible to generate life, beauty and hope.&quot;<\/p>\n<p>The Participatory Public Account 2020 of the Council of Rectors is available at <strong><a href=\"https:\/\/www.consejoderectores.cl\/wp-content\/uploads\/2021\/05\/Cuenta-Publica-2020-1.pdf\">this link<\/a><\/strong>.<\/p>\n<p>&nbsp;<\/p>\n<p><img loading=\"lazy\" decoding=\"async\" class=\"size-medium wp-image-2510 alignnone\" src=\"https:\/\/www.consejoderectores.cl\/wp-content\/uploads\/2021\/05\/foto-2-cuenta-publica-300x185.jpg\" alt=\"\" width=\"300\" height=\"185\" srcset=\"https:\/\/consejoderectores.cl\/wp-content\/uploads\/2021\/05\/foto-2-cuenta-publica-300x185.jpg 300w, https:\/\/consejoderectores.cl\/wp-content\/uploads\/2021\/05\/foto-2-cuenta-publica-768x474.jpg 768w, https:\/\/consejoderectores.cl\/wp-content\/uploads\/2021\/05\/foto-2-cuenta-publica-16x10.jpg 16w, https:\/\/consejoderectores.cl\/wp-content\/uploads\/2021\/05\/foto-2-cuenta-publica.jpg 785w\" sizes=\"auto, (max-width: 300px) 100vw, 300px\" \/><\/p>\n<p><img loading=\"lazy\" decoding=\"async\" class=\"size-medium wp-image-2509 alignleft\" src=\"https:\/\/www.consejoderectores.cl\/wp-content\/uploads\/2021\/05\/foto-1-cuenta-publica-1-300x161.jpg\" alt=\"\" width=\"300\" height=\"161\" srcset=\"https:\/\/consejoderectores.cl\/wp-content\/uploads\/2021\/05\/foto-1-cuenta-publica-1-300x161.jpg 300w, https:\/\/consejoderectores.cl\/wp-content\/uploads\/2021\/05\/foto-1-cuenta-publica-1-1024x549.jpg 1024w, https:\/\/consejoderectores.cl\/wp-content\/uploads\/2021\/05\/foto-1-cuenta-publica-1-768x411.jpg 768w, https:\/\/consejoderectores.cl\/wp-content\/uploads\/2021\/05\/foto-1-cuenta-publica-1-16x9.jpg 16w, https:\/\/consejoderectores.cl\/wp-content\/uploads\/2021\/05\/foto-1-cuenta-publica-1-848x454.jpg 848w, https:\/\/consejoderectores.cl\/wp-content\/uploads\/2021\/05\/foto-1-cuenta-publica-1.jpg 1107w\" sizes=\"auto, (max-width: 300px) 100vw, 300px\" \/><\/p>","protected":false},"excerpt":{"rendered":"<p>El vicepresidente ejecutivo del CRUCH valor\u00f3 la disposici\u00f3n y el compromiso del Consejo \u201cde poner al servicio de las personas y los territorios, las capacidades y los recursos de nuestras instituciones\u201d. Por su parte, la secretaria general del Consejo de Rectores detall\u00f3 las l\u00edneas de acci\u00f3n del CRUCH durante 2020, resaltando los aportes al sistema [&hellip;]<\/p>\n","protected":false},"author":1,"featured_media":2508,"comment_status":"open","ping_status":"open","sticky":false,"template":"","format":"standard","meta":{"_acf_changed":false,"footnotes":""},"categories":[3],"tags":[],"class_list":["post-2507","post","type-post","status-publish","format-standard","has-post-thumbnail","hentry","category-noticias"],"acf":[],"yoast_head":"<!-- This site is optimized with the Yoast SEO plugin v27.1.1 - https:\/\/yoast.com\/product\/yoast-seo-wordpress\/ -->\n<title>Cuenta P\u00fablica del Consejo de Rectores destaca el trabajo colaborativo de sus universidades en el marco de la crisis social y sanitaria - Consejo de Rectoras y Rectores de las Universidades Chilenas<\/title>\n<meta name=\"robots\" content=\"index, follow, max-snippet:-1, max-image-preview:large, max-video-preview:-1\" \/>\n<link rel=\"canonical\" href=\"https:\/\/consejoderectores.cl\/en\/2021\/05\/31\/cuenta-publica-del-consejo-de-rectores-destaca-el-trabajo-colaborativo-de-sus-universidades-en-el-marco-de-la-crisis-social-y-sanitaria\/\" \/>\n<meta property=\"og:locale\" content=\"en_US\" \/>\n<meta property=\"og:type\" content=\"article\" \/>\n<meta property=\"og:title\" content=\"Cuenta P\u00fablica del Consejo de Rectores destaca el trabajo colaborativo de sus universidades en el marco de la crisis social y sanitaria - Consejo de Rectoras y Rectores de las Universidades Chilenas\" \/>\n<meta property=\"og:description\" content=\"El vicepresidente ejecutivo del CRUCH valor\u00f3 la disposici\u00f3n y el compromiso del Consejo \u201cde poner al servicio de las personas y los territorios, las capacidades y los recursos de nuestras instituciones\u201d. Por su parte, la secretaria general del Consejo de Rectores detall\u00f3 las l\u00edneas de acci\u00f3n del CRUCH durante 2020, resaltando los aportes al sistema [&hellip;]\" \/>\n<meta property=\"og:url\" content=\"https:\/\/consejoderectores.cl\/en\/2021\/05\/31\/cuenta-publica-del-consejo-de-rectores-destaca-el-trabajo-colaborativo-de-sus-universidades-en-el-marco-de-la-crisis-social-y-sanitaria\/\" \/>\n<meta property=\"og:site_name\" content=\"Consejo de Rectoras y Rectores de las Universidades Chilenas\" \/>\n<meta property=\"article:published_time\" content=\"2021-05-31T21:59:20+00:00\" \/>\n<meta property=\"article:modified_time\" content=\"2021-12-14T19:52:40+00:00\" \/>\n<meta property=\"og:image\" content=\"https:\/\/consejoderectores.cl\/wp-content\/uploads\/2021\/05\/foto-portada-cuenta-publica.jpg\" \/>\n\t<meta property=\"og:image:width\" content=\"1023\" \/>\n\t<meta property=\"og:image:height\" content=\"573\" \/>\n\t<meta property=\"og:image:type\" content=\"image\/jpeg\" \/>\n<meta name=\"author\" content=\"Consejo de Rectores de las Universidades Chilenas\" \/>\n<meta name=\"twitter:card\" content=\"summary_large_image\" \/>\n<meta name=\"twitter:creator\" content=\"@CRUCH_cl\" \/>\n<meta name=\"twitter:site\" content=\"@CRUCH_cl\" \/>\n<meta name=\"twitter:label1\" content=\"Written by\" \/>\n\t<meta name=\"twitter:data1\" content=\"Consejo de Rectores de las Universidades Chilenas\" \/>\n\t<meta name=\"twitter:label2\" content=\"Est. reading time\" \/>\n\t<meta name=\"twitter:data2\" content=\"7 minutes\" \/>\n<script type=\"application\/ld+json\" class=\"yoast-schema-graph\">{\"@context\":\"https:\/\/schema.org\",\"@graph\":[{\"@type\":\"Article\",\"@id\":\"https:\/\/consejoderectores.cl\/2021\/05\/31\/cuenta-publica-del-consejo-de-rectores-destaca-el-trabajo-colaborativo-de-sus-universidades-en-el-marco-de-la-crisis-social-y-sanitaria\/#article\",\"isPartOf\":{\"@id\":\"https:\/\/consejoderectores.cl\/2021\/05\/31\/cuenta-publica-del-consejo-de-rectores-destaca-el-trabajo-colaborativo-de-sus-universidades-en-el-marco-de-la-crisis-social-y-sanitaria\/\"},\"author\":{\"name\":\"Consejo de Rectores de las Universidades Chilenas\",\"@id\":\"https:\/\/consejoderectores.cl\/en\/#\/schema\/person\/d863e44afde067fd4b57fac66ced709e\"},\"headline\":\"Cuenta P\u00fablica del Consejo de Rectores destaca el trabajo colaborativo de sus universidades en el marco de la crisis social y sanitaria\",\"datePublished\":\"2021-05-31T21:59:20+00:00\",\"dateModified\":\"2021-12-14T19:52:40+00:00\",\"mainEntityOfPage\":{\"@id\":\"https:\/\/consejoderectores.cl\/2021\/05\/31\/cuenta-publica-del-consejo-de-rectores-destaca-el-trabajo-colaborativo-de-sus-universidades-en-el-marco-de-la-crisis-social-y-sanitaria\/\"},\"wordCount\":1333,\"commentCount\":0,\"publisher\":{\"@id\":\"https:\/\/consejoderectores.cl\/en\/#organization\"},\"image\":{\"@id\":\"https:\/\/consejoderectores.cl\/2021\/05\/31\/cuenta-publica-del-consejo-de-rectores-destaca-el-trabajo-colaborativo-de-sus-universidades-en-el-marco-de-la-crisis-social-y-sanitaria\/#primaryimage\"},\"thumbnailUrl\":\"https:\/\/consejoderectores.cl\/wp-content\/uploads\/2021\/05\/foto-portada-cuenta-publica.jpg\",\"articleSection\":[\"Noticias\"],\"inLanguage\":\"en-US\",\"potentialAction\":[{\"@type\":\"CommentAction\",\"name\":\"Comment\",\"target\":[\"https:\/\/consejoderectores.cl\/2021\/05\/31\/cuenta-publica-del-consejo-de-rectores-destaca-el-trabajo-colaborativo-de-sus-universidades-en-el-marco-de-la-crisis-social-y-sanitaria\/#respond\"]}]},{\"@type\":\"WebPage\",\"@id\":\"https:\/\/consejoderectores.cl\/2021\/05\/31\/cuenta-publica-del-consejo-de-rectores-destaca-el-trabajo-colaborativo-de-sus-universidades-en-el-marco-de-la-crisis-social-y-sanitaria\/\",\"url\":\"https:\/\/consejoderectores.cl\/2021\/05\/31\/cuenta-publica-del-consejo-de-rectores-destaca-el-trabajo-colaborativo-de-sus-universidades-en-el-marco-de-la-crisis-social-y-sanitaria\/\",\"name\":\"Cuenta P\u00fablica del Consejo de Rectores destaca el trabajo colaborativo de sus universidades en el marco de la crisis social y sanitaria - Consejo de Rectoras y Rectores de las Universidades Chilenas\",\"isPartOf\":{\"@id\":\"https:\/\/consejoderectores.cl\/en\/#website\"},\"primaryImageOfPage\":{\"@id\":\"https:\/\/consejoderectores.cl\/2021\/05\/31\/cuenta-publica-del-consejo-de-rectores-destaca-el-trabajo-colaborativo-de-sus-universidades-en-el-marco-de-la-crisis-social-y-sanitaria\/#primaryimage\"},\"image\":{\"@id\":\"https:\/\/consejoderectores.cl\/2021\/05\/31\/cuenta-publica-del-consejo-de-rectores-destaca-el-trabajo-colaborativo-de-sus-universidades-en-el-marco-de-la-crisis-social-y-sanitaria\/#primaryimage\"},\"thumbnailUrl\":\"https:\/\/consejoderectores.cl\/wp-content\/uploads\/2021\/05\/foto-portada-cuenta-publica.jpg\",\"datePublished\":\"2021-05-31T21:59:20+00:00\",\"dateModified\":\"2021-12-14T19:52:40+00:00\",\"breadcrumb\":{\"@id\":\"https:\/\/consejoderectores.cl\/2021\/05\/31\/cuenta-publica-del-consejo-de-rectores-destaca-el-trabajo-colaborativo-de-sus-universidades-en-el-marco-de-la-crisis-social-y-sanitaria\/#breadcrumb\"},\"inLanguage\":\"en-US\",\"potentialAction\":[{\"@type\":\"ReadAction\",\"target\":[\"https:\/\/consejoderectores.cl\/2021\/05\/31\/cuenta-publica-del-consejo-de-rectores-destaca-el-trabajo-colaborativo-de-sus-universidades-en-el-marco-de-la-crisis-social-y-sanitaria\/\"]}]},{\"@type\":\"ImageObject\",\"inLanguage\":\"en-US\",\"@id\":\"https:\/\/consejoderectores.cl\/2021\/05\/31\/cuenta-publica-del-consejo-de-rectores-destaca-el-trabajo-colaborativo-de-sus-universidades-en-el-marco-de-la-crisis-social-y-sanitaria\/#primaryimage\",\"url\":\"https:\/\/consejoderectores.cl\/wp-content\/uploads\/2021\/05\/foto-portada-cuenta-publica.jpg\",\"contentUrl\":\"https:\/\/consejoderectores.cl\/wp-content\/uploads\/2021\/05\/foto-portada-cuenta-publica.jpg\",\"width\":1023,\"height\":573},{\"@type\":\"BreadcrumbList\",\"@id\":\"https:\/\/consejoderectores.cl\/2021\/05\/31\/cuenta-publica-del-consejo-de-rectores-destaca-el-trabajo-colaborativo-de-sus-universidades-en-el-marco-de-la-crisis-social-y-sanitaria\/#breadcrumb\",\"itemListElement\":[{\"@type\":\"ListItem\",\"position\":1,\"name\":\"Home\",\"item\":\"https:\/\/consejoderectores.cl\/\"},{\"@type\":\"ListItem\",\"position\":2,\"name\":\"Cuenta P\u00fablica del Consejo de Rectores destaca el trabajo colaborativo de sus universidades en el marco de la crisis social y sanitaria\"}]},{\"@type\":\"WebSite\",\"@id\":\"https:\/\/consejoderectores.cl\/en\/#website\",\"url\":\"https:\/\/consejoderectores.cl\/en\/\",\"name\":\"Consejo de Rectoras y Rectores de las Universidades Chilenas\",\"description\":\"\",\"publisher\":{\"@id\":\"https:\/\/consejoderectores.cl\/en\/#organization\"},\"potentialAction\":[{\"@type\":\"SearchAction\",\"target\":{\"@type\":\"EntryPoint\",\"urlTemplate\":\"https:\/\/consejoderectores.cl\/en\/?s={search_term_string}\"},\"query-input\":{\"@type\":\"PropertyValueSpecification\",\"valueRequired\":true,\"valueName\":\"search_term_string\"}}],\"inLanguage\":\"en-US\"},{\"@type\":\"Organization\",\"@id\":\"https:\/\/consejoderectores.cl\/en\/#organization\",\"name\":\"Consejo de Rectoras y Rectores de las Universidades Chilenas\",\"url\":\"https:\/\/consejoderectores.cl\/en\/\",\"logo\":{\"@type\":\"ImageObject\",\"inLanguage\":\"en-US\",\"@id\":\"https:\/\/consejoderectores.cl\/en\/#\/schema\/logo\/image\/\",\"url\":\"https:\/\/consejoderectores.cl\/wp-content\/uploads\/2025\/12\/logoheader_2025.png\",\"contentUrl\":\"https:\/\/consejoderectores.cl\/wp-content\/uploads\/2025\/12\/logoheader_2025.png\",\"width\":666,\"height\":305,\"caption\":\"Consejo de Rectoras y Rectores de las Universidades Chilenas\"},\"image\":{\"@id\":\"https:\/\/consejoderectores.cl\/en\/#\/schema\/logo\/image\/\"},\"sameAs\":[\"https:\/\/x.com\/CRUCH_cl\",\"https:\/\/www.instagram.com\/consejoderectores\/\",\"https:\/\/www.linkedin.com\/company\/cruch\/\",\"https:\/\/www.youtube.com\/channel\/UCzgIFRCsDlKoFpimiQmEaOA\"]},{\"@type\":\"Person\",\"@id\":\"https:\/\/consejoderectores.cl\/en\/#\/schema\/person\/d863e44afde067fd4b57fac66ced709e\",\"name\":\"Consejo de Rectores de las Universidades Chilenas\",\"image\":{\"@type\":\"ImageObject\",\"inLanguage\":\"en-US\",\"@id\":\"https:\/\/consejoderectores.cl\/en\/#\/schema\/person\/image\/\",\"url\":\"https:\/\/secure.gravatar.com\/avatar\/c31e2a02401f041926afb8ee21ab666f0925814fe85d25a5c8db80e23722dfc1?s=96&d=mm&r=g\",\"contentUrl\":\"https:\/\/secure.gravatar.com\/avatar\/c31e2a02401f041926afb8ee21ab666f0925814fe85d25a5c8db80e23722dfc1?s=96&d=mm&r=g\",\"caption\":\"Consejo de Rectores de las Universidades Chilenas\"},\"sameAs\":[\"https:\/\/www.consejoderectores.cl\"],\"url\":\"https:\/\/consejoderectores.cl\/en\/author\/cruch\/\"}]}<\/script>\n<!-- \/ Yoast SEO plugin. -->","yoast_head_json":{"title":"Cuenta P\u00fablica del Consejo de Rectores destaca el trabajo colaborativo de sus universidades en el marco de la crisis social y sanitaria - Consejo de Rectoras y Rectores de las Universidades Chilenas","robots":{"index":"index","follow":"follow","max-snippet":"max-snippet:-1","max-image-preview":"max-image-preview:large","max-video-preview":"max-video-preview:-1"},"canonical":"https:\/\/consejoderectores.cl\/en\/2021\/05\/31\/cuenta-publica-del-consejo-de-rectores-destaca-el-trabajo-colaborativo-de-sus-universidades-en-el-marco-de-la-crisis-social-y-sanitaria\/","og_locale":"en_US","og_type":"article","og_title":"Cuenta P\u00fablica del Consejo de Rectores destaca el trabajo colaborativo de sus universidades en el marco de la crisis social y sanitaria - Consejo de Rectoras y Rectores de las Universidades Chilenas","og_description":"El vicepresidente ejecutivo del CRUCH valor\u00f3 la disposici\u00f3n y el compromiso del Consejo \u201cde poner al servicio de las personas y los territorios, las capacidades y los recursos de nuestras instituciones\u201d. Por su parte, la secretaria general del Consejo de Rectores detall\u00f3 las l\u00edneas de acci\u00f3n del CRUCH durante 2020, resaltando los aportes al sistema [&hellip;]","og_url":"https:\/\/consejoderectores.cl\/en\/2021\/05\/31\/cuenta-publica-del-consejo-de-rectores-destaca-el-trabajo-colaborativo-de-sus-universidades-en-el-marco-de-la-crisis-social-y-sanitaria\/","og_site_name":"Consejo de Rectoras y Rectores de las Universidades Chilenas","article_published_time":"2021-05-31T21:59:20+00:00","article_modified_time":"2021-12-14T19:52:40+00:00","og_image":[{"width":1023,"height":573,"url":"https:\/\/consejoderectores.cl\/wp-content\/uploads\/2021\/05\/foto-portada-cuenta-publica.jpg","type":"image\/jpeg"}],"author":"Consejo de Rectores de las Universidades Chilenas","twitter_card":"summary_large_image","twitter_creator":"@CRUCH_cl","twitter_site":"@CRUCH_cl","twitter_misc":{"Written by":"Consejo de Rectores de las Universidades Chilenas","Est. reading time":"7 minutes"},"schema":{"@context":"https:\/\/schema.org","@graph":[{"@type":"Article","@id":"https:\/\/consejoderectores.cl\/2021\/05\/31\/cuenta-publica-del-consejo-de-rectores-destaca-el-trabajo-colaborativo-de-sus-universidades-en-el-marco-de-la-crisis-social-y-sanitaria\/#article","isPartOf":{"@id":"https:\/\/consejoderectores.cl\/2021\/05\/31\/cuenta-publica-del-consejo-de-rectores-destaca-el-trabajo-colaborativo-de-sus-universidades-en-el-marco-de-la-crisis-social-y-sanitaria\/"},"author":{"name":"Consejo de Rectores de las Universidades Chilenas","@id":"https:\/\/consejoderectores.cl\/en\/#\/schema\/person\/d863e44afde067fd4b57fac66ced709e"},"headline":"Cuenta P\u00fablica del Consejo de Rectores destaca el trabajo colaborativo de sus universidades en el marco de la crisis social y sanitaria","datePublished":"2021-05-31T21:59:20+00:00","dateModified":"2021-12-14T19:52:40+00:00","mainEntityOfPage":{"@id":"https:\/\/consejoderectores.cl\/2021\/05\/31\/cuenta-publica-del-consejo-de-rectores-destaca-el-trabajo-colaborativo-de-sus-universidades-en-el-marco-de-la-crisis-social-y-sanitaria\/"},"wordCount":1333,"commentCount":0,"publisher":{"@id":"https:\/\/consejoderectores.cl\/en\/#organization"},"image":{"@id":"https:\/\/consejoderectores.cl\/2021\/05\/31\/cuenta-publica-del-consejo-de-rectores-destaca-el-trabajo-colaborativo-de-sus-universidades-en-el-marco-de-la-crisis-social-y-sanitaria\/#primaryimage"},"thumbnailUrl":"https:\/\/consejoderectores.cl\/wp-content\/uploads\/2021\/05\/foto-portada-cuenta-publica.jpg","articleSection":["Noticias"],"inLanguage":"en-US","potentialAction":[{"@type":"CommentAction","name":"Comment","target":["https:\/\/consejoderectores.cl\/2021\/05\/31\/cuenta-publica-del-consejo-de-rectores-destaca-el-trabajo-colaborativo-de-sus-universidades-en-el-marco-de-la-crisis-social-y-sanitaria\/#respond"]}]},{"@type":"WebPage","@id":"https:\/\/consejoderectores.cl\/2021\/05\/31\/cuenta-publica-del-consejo-de-rectores-destaca-el-trabajo-colaborativo-de-sus-universidades-en-el-marco-de-la-crisis-social-y-sanitaria\/","url":"https:\/\/consejoderectores.cl\/2021\/05\/31\/cuenta-publica-del-consejo-de-rectores-destaca-el-trabajo-colaborativo-de-sus-universidades-en-el-marco-de-la-crisis-social-y-sanitaria\/","name":"Cuenta P\u00fablica del Consejo de Rectores destaca el trabajo colaborativo de sus universidades en el marco de la crisis social y sanitaria - Consejo de Rectoras y Rectores de las Universidades Chilenas","isPartOf":{"@id":"https:\/\/consejoderectores.cl\/en\/#website"},"primaryImageOfPage":{"@id":"https:\/\/consejoderectores.cl\/2021\/05\/31\/cuenta-publica-del-consejo-de-rectores-destaca-el-trabajo-colaborativo-de-sus-universidades-en-el-marco-de-la-crisis-social-y-sanitaria\/#primaryimage"},"image":{"@id":"https:\/\/consejoderectores.cl\/2021\/05\/31\/cuenta-publica-del-consejo-de-rectores-destaca-el-trabajo-colaborativo-de-sus-universidades-en-el-marco-de-la-crisis-social-y-sanitaria\/#primaryimage"},"thumbnailUrl":"https:\/\/consejoderectores.cl\/wp-content\/uploads\/2021\/05\/foto-portada-cuenta-publica.jpg","datePublished":"2021-05-31T21:59:20+00:00","dateModified":"2021-12-14T19:52:40+00:00","breadcrumb":{"@id":"https:\/\/consejoderectores.cl\/2021\/05\/31\/cuenta-publica-del-consejo-de-rectores-destaca-el-trabajo-colaborativo-de-sus-universidades-en-el-marco-de-la-crisis-social-y-sanitaria\/#breadcrumb"},"inLanguage":"en-US","potentialAction":[{"@type":"ReadAction","target":["https:\/\/consejoderectores.cl\/2021\/05\/31\/cuenta-publica-del-consejo-de-rectores-destaca-el-trabajo-colaborativo-de-sus-universidades-en-el-marco-de-la-crisis-social-y-sanitaria\/"]}]},{"@type":"ImageObject","inLanguage":"en-US","@id":"https:\/\/consejoderectores.cl\/2021\/05\/31\/cuenta-publica-del-consejo-de-rectores-destaca-el-trabajo-colaborativo-de-sus-universidades-en-el-marco-de-la-crisis-social-y-sanitaria\/#primaryimage","url":"https:\/\/consejoderectores.cl\/wp-content\/uploads\/2021\/05\/foto-portada-cuenta-publica.jpg","contentUrl":"https:\/\/consejoderectores.cl\/wp-content\/uploads\/2021\/05\/foto-portada-cuenta-publica.jpg","width":1023,"height":573},{"@type":"BreadcrumbList","@id":"https:\/\/consejoderectores.cl\/2021\/05\/31\/cuenta-publica-del-consejo-de-rectores-destaca-el-trabajo-colaborativo-de-sus-universidades-en-el-marco-de-la-crisis-social-y-sanitaria\/#breadcrumb","itemListElement":[{"@type":"ListItem","position":1,"name":"Home","item":"https:\/\/consejoderectores.cl\/"},{"@type":"ListItem","position":2,"name":"Cuenta P\u00fablica del Consejo de Rectores destaca el trabajo colaborativo de sus universidades en el marco de la crisis social y sanitaria"}]},{"@type":"WebSite","@id":"https:\/\/consejoderectores.cl\/en\/#website","url":"https:\/\/consejoderectores.cl\/en\/","name":"Council of Rectors of Chilean Universities","description":"","publisher":{"@id":"https:\/\/consejoderectores.cl\/en\/#organization"},"potentialAction":[{"@type":"SearchAction","target":{"@type":"EntryPoint","urlTemplate":"https:\/\/consejoderectores.cl\/en\/?s={search_term_string}"},"query-input":{"@type":"PropertyValueSpecification","valueRequired":true,"valueName":"search_term_string"}}],"inLanguage":"en-US"},{"@type":"Organization","@id":"https:\/\/consejoderectores.cl\/en\/#organization","name":"Council of Rectors of Chilean Universities","url":"https:\/\/consejoderectores.cl\/en\/","logo":{"@type":"ImageObject","inLanguage":"en-US","@id":"https:\/\/consejoderectores.cl\/en\/#\/schema\/logo\/image\/","url":"https:\/\/consejoderectores.cl\/wp-content\/uploads\/2025\/12\/logoheader_2025.png","contentUrl":"https:\/\/consejoderectores.cl\/wp-content\/uploads\/2025\/12\/logoheader_2025.png","width":666,"height":305,"caption":"Consejo de Rectoras y Rectores de las Universidades Chilenas"},"image":{"@id":"https:\/\/consejoderectores.cl\/en\/#\/schema\/logo\/image\/"},"sameAs":["https:\/\/x.com\/CRUCH_cl","https:\/\/www.instagram.com\/consejoderectores\/","https:\/\/www.linkedin.com\/company\/cruch\/","https:\/\/www.youtube.com\/channel\/UCzgIFRCsDlKoFpimiQmEaOA"]},{"@type":"Person","@id":"https:\/\/consejoderectores.cl\/en\/#\/schema\/person\/d863e44afde067fd4b57fac66ced709e","name":"Council of Rectors of Chilean Universities","image":{"@type":"ImageObject","inLanguage":"en-US","@id":"https:\/\/consejoderectores.cl\/en\/#\/schema\/person\/image\/","url":"https:\/\/secure.gravatar.com\/avatar\/c31e2a02401f041926afb8ee21ab666f0925814fe85d25a5c8db80e23722dfc1?s=96&d=mm&r=g","contentUrl":"https:\/\/secure.gravatar.com\/avatar\/c31e2a02401f041926afb8ee21ab666f0925814fe85d25a5c8db80e23722dfc1?s=96&d=mm&r=g","caption":"Consejo de Rectores de las Universidades Chilenas"},"sameAs":["https:\/\/www.consejoderectores.cl"],"url":"https:\/\/consejoderectores.cl\/en\/author\/cruch\/"}]}},"_links":{"self":[{"href":"https:\/\/consejoderectores.cl\/en\/wp-json\/wp\/v2\/posts\/2507","targetHints":{"allow":["GET"]}}],"collection":[{"href":"https:\/\/consejoderectores.cl\/en\/wp-json\/wp\/v2\/posts"}],"about":[{"href":"https:\/\/consejoderectores.cl\/en\/wp-json\/wp\/v2\/types\/post"}],"author":[{"embeddable":true,"href":"https:\/\/consejoderectores.cl\/en\/wp-json\/wp\/v2\/users\/1"}],"replies":[{"embeddable":true,"href":"https:\/\/consejoderectores.cl\/en\/wp-json\/wp\/v2\/comments?post=2507"}],"version-history":[{"count":1,"href":"https:\/\/consejoderectores.cl\/en\/wp-json\/wp\/v2\/posts\/2507\/revisions"}],"predecessor-version":[{"id":2511,"href":"https:\/\/consejoderectores.cl\/en\/wp-json\/wp\/v2\/posts\/2507\/revisions\/2511"}],"wp:featuredmedia":[{"embeddable":true,"href":"https:\/\/consejoderectores.cl\/en\/wp-json\/wp\/v2\/media\/2508"}],"wp:attachment":[{"href":"https:\/\/consejoderectores.cl\/en\/wp-json\/wp\/v2\/media?parent=2507"}],"wp:term":[{"taxonomy":"category","embeddable":true,"href":"https:\/\/consejoderectores.cl\/en\/wp-json\/wp\/v2\/categories?post=2507"},{"taxonomy":"post_tag","embeddable":true,"href":"https:\/\/consejoderectores.cl\/en\/wp-json\/wp\/v2\/tags?post=2507"}],"curies":[{"name":"wp","href":"https:\/\/api.w.org\/{rel}","templated":true}]}}