{"id":2461,"date":"2019-05-30T18:00:00","date_gmt":"2019-05-30T18:00:00","guid":{"rendered":""},"modified":"2021-12-13T19:12:00","modified_gmt":"2021-12-13T19:12:00","slug":"6152daa191191","status":"publish","type":"post","link":"https:\/\/consejoderectores.cl\/en\/2019\/05\/30\/6152daa191191\/","title":{"rendered":"Council of Rectors announces registration dates to the PSUs for the 2020 Admission Process"},"content":{"rendered":"<blockquote style=\"text-align: left;\"><p>The executive vice president of CRUCH, rector Aldo Valle, announced that next Monday, June 3 at 9:00 am, the registration period for the University Selection Tests (PSU) will begin.<\/p>\n<p>This year, the tests will be given on November 18 and 19, and the results will be announced in mid-December.<\/p><\/blockquote>\n<p style=\"text-align: left;\">The executive vice president of CRUCH, rector Aldo Valle, announced that next Monday, June 3 at 9:00 a.m. the enrollment stage for the University Selection Tests (PSU) will begin and invited the students to review the documents official &quot;Rules, Registration and Important Aspects of the Admission Process&quot; and, &quot;Preliminary List of Careers and Weightings&quot;, published today.<\/p>\n<p>The announcement coincided with the monthly session of the Council of Rectors in Concepci\u00f3n, organized jointly by the Universidad Cat\u00f3lica de la Sant\u00edsima Concepci\u00f3n, the Universidad del B\u00edo-B\u00edo, and the Universidad de Concepci\u00f3n. In this context, the rector Valle stressed that \u201cit is essential that applicants read the text of the process rules and review the preliminary offer of races, so that they have the necessary information that allows them to define in which tests to register, according to their interests and motivations \u201d.<\/p>\n<p>The standards document details each of the relevant stages and dates of the process, describes the characteristics of the three selection factors (PSU, Secondary Education Notes and Grade Ranking), and specifies the rights and duties of those who participate in the process.<\/p>\n<p>Meanwhile, in the preliminary offer, the 41 universities that participate in the Single Admission System of the CRUCH (29 of the Council of Rectors and 12 private universities), make known the careers and requirements of each one.<\/p>\n<h4 style=\"text-align: left;\">Enrollment stage<\/h4>\n<p style=\"text-align: left;\">The registration period to take the PSU begins next Monday, June 3 and ends on August 2, that is, the students will have a term of more than two months.<\/p>\n<p>Registration, which this year has a value of $32,700, must be done via the internet through the website of DEMRE (Department of Educational Evaluation, Measurement and Registration), the body in charge of administering the process. It should be remembered that the students belonging to the promotion of the year of subsidized municipal and private establishments can access the PSU Scholarship granted by the JUNAEB (National Board of School Aid and Scholarships).<\/p>\n<p>To do this, \u201cwhen registering, the student completes a single form. In the event that you meet the requirements established by JUNAEB to grant the PSU Scholarship, you will know it automatically at the end of the operation \u201d, explained Mar\u00eda Elena Gonz\u00e1lez, director of the Single Admission System and General Secretary of CRUCH.<\/p>\n<h4 style=\"text-align: left;\">Other relevant dates<\/h4>\n<p style=\"text-align: left;\">As announced by the Council of Rectors in March, this year the rendering of the tests will be brought forward by one week to Monday, November 18 and Tuesday, November 19. Thus, on the first day at 9:00 a.m. the Language and Communication test will be taken and, at 2:30 p.m., the Science test. Meanwhile, on Tuesday, November 19 at 9:00 a.m., the Mathematics test will be taken and, at 2:30 p.m., the History, Geography and Social Sciences test.<\/p>\n<p>Room familiarization will take place on Sunday, November 17, between 5:00 p.m. and 7:00 p.m. Subsequently, on Wednesday, December 18, at 8:00 a.m., the PSU test scores will be released, and one hour later, students can begin applying to the 41 universities in the Unified Admission System. The application period will run until Sunday, December 22, at 1:00 p.m.<\/p>\n<p>The results of the applications will be available from Tuesday, January 7 at 12:00 hours and the first stage of enrollment will take place between Wednesday, January 8 and Friday, January 10, 2020. The process concludes with the second stage registration, which will be between Saturday 11 and Friday 17 January 2020.<\/p>\n<p><strong>*Official documents of the 2020 Admission Process:<\/strong><\/p>\n<p><a href=\"https:\/\/www.consejoderectores.cl\/wp-content\/uploads\/2019\/05\/30.05.2019-NORMAS-Y-ASPECTOS-IMPORTANTES.pdf\">Rules, Registration and Important Aspects of the Admission Process<\/a><\/p>\n<p><a href=\"https:\/\/www.consejoderectores.cl\/wp-content\/uploads\/2019\/05\/30.05.2019-NOMINA-PRELIMINAR-DE-CARRERAS-1.pdf\">Preliminary List of Careers and Weightings<\/a><\/p>\n<p>&nbsp;<\/p>\n<p>&nbsp;<\/p>\n<p>&nbsp;<\/p>\n<h4 style=\"text-align: left;\"><\/h4>\n<p>&nbsp;<\/p>\n<p style=\"text-align: left;\">","protected":false},"excerpt":{"rendered":"<p>El vicepresidente ejecutivo del CRUCH, rector Aldo Valle, comunic\u00f3 que el pr\u00f3ximo lunes 3 de junio a las 9:00 horas comenzar\u00e1 el periodo de inscripci\u00f3n a las Pruebas de Selecci\u00f3n Universitaria (PSU). Este a\u00f1o, las pruebas se rendir\u00e1n el 18 y 19 de noviembre, y los resultados se dar\u00e1n a conocer a mediados de diciembre. [&hellip;]<\/p>\n","protected":false},"author":1,"featured_media":4792,"comment_status":"open","ping_status":"open","sticky":false,"template":"","format":"standard","meta":{"_acf_changed":false,"footnotes":""},"categories":[3],"tags":[],"class_list":["post-2461","post","type-post","status-publish","format-standard","has-post-thumbnail","hentry","category-noticias"],"acf":[],"yoast_head":"<!-- This site is optimized with the Yoast SEO plugin v27.1.1 - https:\/\/yoast.com\/product\/yoast-seo-wordpress\/ -->\n<title>Consejo de Rectores anuncia fechas de inscripci\u00f3n a las PSU para el Proceso de Admisi\u00f3n 2020 - Consejo de Rectoras y Rectores de las Universidades Chilenas<\/title>\n<meta name=\"robots\" content=\"index, follow, max-snippet:-1, max-image-preview:large, max-video-preview:-1\" \/>\n<link rel=\"canonical\" href=\"https:\/\/consejoderectores.cl\/en\/2019\/05\/30\/6152daa191191\/\" \/>\n<meta property=\"og:locale\" content=\"en_US\" \/>\n<meta property=\"og:type\" content=\"article\" \/>\n<meta property=\"og:title\" content=\"Consejo de Rectores anuncia fechas de inscripci\u00f3n a las PSU para el Proceso de Admisi\u00f3n 2020 - Consejo de Rectoras y Rectores de las Universidades Chilenas\" \/>\n<meta property=\"og:description\" content=\"El vicepresidente ejecutivo del CRUCH, rector Aldo Valle, comunic\u00f3 que el pr\u00f3ximo lunes 3 de junio a las 9:00 horas comenzar\u00e1 el periodo de inscripci\u00f3n a las Pruebas de Selecci\u00f3n Universitaria (PSU). Este a\u00f1o, las pruebas se rendir\u00e1n el 18 y 19 de noviembre, y los resultados se dar\u00e1n a conocer a mediados de diciembre. [&hellip;]\" \/>\n<meta property=\"og:url\" content=\"https:\/\/consejoderectores.cl\/en\/2019\/05\/30\/6152daa191191\/\" \/>\n<meta property=\"og:site_name\" content=\"Consejo de Rectoras y Rectores de las Universidades Chilenas\" \/>\n<meta property=\"article:published_time\" content=\"2019-05-30T18:00:00+00:00\" \/>\n<meta property=\"article:modified_time\" content=\"2021-12-13T19:12:00+00:00\" \/>\n<meta property=\"og:image\" content=\"https:\/\/consejoderectores.cl\/wp-content\/uploads\/2019\/05\/30.05.2019-FOTO-DESTACADA.jpg\" \/>\n\t<meta property=\"og:image:width\" content=\"1990\" \/>\n\t<meta property=\"og:image:height\" content=\"1721\" \/>\n\t<meta property=\"og:image:type\" content=\"image\/jpeg\" \/>\n<meta name=\"author\" content=\"Consejo de Rectores de las Universidades Chilenas\" \/>\n<meta name=\"twitter:card\" content=\"summary_large_image\" \/>\n<meta name=\"twitter:creator\" content=\"@CRUCH_cl\" \/>\n<meta name=\"twitter:site\" content=\"@CRUCH_cl\" \/>\n<meta name=\"twitter:label1\" content=\"Written by\" \/>\n\t<meta name=\"twitter:data1\" content=\"Consejo de Rectores de las Universidades Chilenas\" \/>\n\t<meta name=\"twitter:label2\" content=\"Est. reading time\" \/>\n\t<meta name=\"twitter:data2\" content=\"4 minutes\" \/>\n<script type=\"application\/ld+json\" class=\"yoast-schema-graph\">{\"@context\":\"https:\/\/schema.org\",\"@graph\":[{\"@type\":\"Article\",\"@id\":\"https:\/\/consejoderectores.cl\/en\/2019\/05\/30\/6152daa191191\/#article\",\"isPartOf\":{\"@id\":\"https:\/\/consejoderectores.cl\/en\/2019\/05\/30\/6152daa191191\/\"},\"author\":{\"name\":\"Consejo de Rectores de las Universidades Chilenas\",\"@id\":\"https:\/\/consejoderectores.cl\/en\/#\/schema\/person\/d863e44afde067fd4b57fac66ced709e\"},\"headline\":\"Consejo de Rectores anuncia fechas de inscripci\u00f3n a las PSU para el Proceso de Admisi\u00f3n 2020\",\"datePublished\":\"2019-05-30T18:00:00+00:00\",\"dateModified\":\"2021-12-13T19:12:00+00:00\",\"mainEntityOfPage\":{\"@id\":\"https:\/\/consejoderectores.cl\/en\/2019\/05\/30\/6152daa191191\/\"},\"wordCount\":745,\"commentCount\":0,\"publisher\":{\"@id\":\"https:\/\/consejoderectores.cl\/en\/#organization\"},\"image\":{\"@id\":\"https:\/\/consejoderectores.cl\/en\/2019\/05\/30\/6152daa191191\/#primaryimage\"},\"thumbnailUrl\":\"https:\/\/consejoderectores.cl\/wp-content\/uploads\/2019\/05\/30.05.2019-FOTO-DESTACADA.jpg\",\"articleSection\":[\"Noticias\"],\"inLanguage\":\"en-US\",\"potentialAction\":[{\"@type\":\"CommentAction\",\"name\":\"Comment\",\"target\":[\"https:\/\/consejoderectores.cl\/en\/2019\/05\/30\/6152daa191191\/#respond\"]}]},{\"@type\":\"WebPage\",\"@id\":\"https:\/\/consejoderectores.cl\/en\/2019\/05\/30\/6152daa191191\/\",\"url\":\"https:\/\/consejoderectores.cl\/en\/2019\/05\/30\/6152daa191191\/\",\"name\":\"Consejo de Rectores anuncia fechas de inscripci\u00f3n a las PSU para el Proceso de Admisi\u00f3n 2020 - Consejo de Rectoras y Rectores de las Universidades Chilenas\",\"isPartOf\":{\"@id\":\"https:\/\/consejoderectores.cl\/en\/#website\"},\"primaryImageOfPage\":{\"@id\":\"https:\/\/consejoderectores.cl\/en\/2019\/05\/30\/6152daa191191\/#primaryimage\"},\"image\":{\"@id\":\"https:\/\/consejoderectores.cl\/en\/2019\/05\/30\/6152daa191191\/#primaryimage\"},\"thumbnailUrl\":\"https:\/\/consejoderectores.cl\/wp-content\/uploads\/2019\/05\/30.05.2019-FOTO-DESTACADA.jpg\",\"datePublished\":\"2019-05-30T18:00:00+00:00\",\"dateModified\":\"2021-12-13T19:12:00+00:00\",\"breadcrumb\":{\"@id\":\"https:\/\/consejoderectores.cl\/en\/2019\/05\/30\/6152daa191191\/#breadcrumb\"},\"inLanguage\":\"en-US\",\"potentialAction\":[{\"@type\":\"ReadAction\",\"target\":[\"https:\/\/consejoderectores.cl\/en\/2019\/05\/30\/6152daa191191\/\"]}]},{\"@type\":\"ImageObject\",\"inLanguage\":\"en-US\",\"@id\":\"https:\/\/consejoderectores.cl\/en\/2019\/05\/30\/6152daa191191\/#primaryimage\",\"url\":\"https:\/\/consejoderectores.cl\/wp-content\/uploads\/2019\/05\/30.05.2019-FOTO-DESTACADA.jpg\",\"contentUrl\":\"https:\/\/consejoderectores.cl\/wp-content\/uploads\/2019\/05\/30.05.2019-FOTO-DESTACADA.jpg\",\"width\":1990,\"height\":1721},{\"@type\":\"BreadcrumbList\",\"@id\":\"https:\/\/consejoderectores.cl\/en\/2019\/05\/30\/6152daa191191\/#breadcrumb\",\"itemListElement\":[{\"@type\":\"ListItem\",\"position\":1,\"name\":\"Home\",\"item\":\"https:\/\/consejoderectores.cl\/\"},{\"@type\":\"ListItem\",\"position\":2,\"name\":\"Consejo de Rectores anuncia fechas de inscripci\u00f3n a las PSU para el Proceso de Admisi\u00f3n 2020\"}]},{\"@type\":\"WebSite\",\"@id\":\"https:\/\/consejoderectores.cl\/en\/#website\",\"url\":\"https:\/\/consejoderectores.cl\/en\/\",\"name\":\"Consejo de Rectoras y Rectores de las Universidades Chilenas\",\"description\":\"\",\"publisher\":{\"@id\":\"https:\/\/consejoderectores.cl\/en\/#organization\"},\"potentialAction\":[{\"@type\":\"SearchAction\",\"target\":{\"@type\":\"EntryPoint\",\"urlTemplate\":\"https:\/\/consejoderectores.cl\/en\/?s={search_term_string}\"},\"query-input\":{\"@type\":\"PropertyValueSpecification\",\"valueRequired\":true,\"valueName\":\"search_term_string\"}}],\"inLanguage\":\"en-US\"},{\"@type\":\"Organization\",\"@id\":\"https:\/\/consejoderectores.cl\/en\/#organization\",\"name\":\"Consejo de Rectoras y Rectores de las Universidades Chilenas\",\"url\":\"https:\/\/consejoderectores.cl\/en\/\",\"logo\":{\"@type\":\"ImageObject\",\"inLanguage\":\"en-US\",\"@id\":\"https:\/\/consejoderectores.cl\/en\/#\/schema\/logo\/image\/\",\"url\":\"https:\/\/consejoderectores.cl\/wp-content\/uploads\/2025\/12\/logoheader_2025.png\",\"contentUrl\":\"https:\/\/consejoderectores.cl\/wp-content\/uploads\/2025\/12\/logoheader_2025.png\",\"width\":666,\"height\":305,\"caption\":\"Consejo de Rectoras y Rectores de las Universidades Chilenas\"},\"image\":{\"@id\":\"https:\/\/consejoderectores.cl\/en\/#\/schema\/logo\/image\/\"},\"sameAs\":[\"https:\/\/x.com\/CRUCH_cl\",\"https:\/\/www.instagram.com\/consejoderectores\/\",\"https:\/\/www.linkedin.com\/company\/cruch\/\",\"https:\/\/www.youtube.com\/channel\/UCzgIFRCsDlKoFpimiQmEaOA\"]},{\"@type\":\"Person\",\"@id\":\"https:\/\/consejoderectores.cl\/en\/#\/schema\/person\/d863e44afde067fd4b57fac66ced709e\",\"name\":\"Consejo de Rectores de las Universidades Chilenas\",\"image\":{\"@type\":\"ImageObject\",\"inLanguage\":\"en-US\",\"@id\":\"https:\/\/consejoderectores.cl\/en\/#\/schema\/person\/image\/\",\"url\":\"https:\/\/secure.gravatar.com\/avatar\/c31e2a02401f041926afb8ee21ab666f0925814fe85d25a5c8db80e23722dfc1?s=96&d=mm&r=g\",\"contentUrl\":\"https:\/\/secure.gravatar.com\/avatar\/c31e2a02401f041926afb8ee21ab666f0925814fe85d25a5c8db80e23722dfc1?s=96&d=mm&r=g\",\"caption\":\"Consejo de Rectores de las Universidades Chilenas\"},\"sameAs\":[\"https:\/\/www.consejoderectores.cl\"],\"url\":\"https:\/\/consejoderectores.cl\/en\/author\/cruch\/\"}]}<\/script>\n<!-- \/ Yoast SEO plugin. -->","yoast_head_json":{"title":"Consejo de Rectores anuncia fechas de inscripci\u00f3n a las PSU para el Proceso de Admisi\u00f3n 2020 - Consejo de Rectoras y Rectores de las Universidades Chilenas","robots":{"index":"index","follow":"follow","max-snippet":"max-snippet:-1","max-image-preview":"max-image-preview:large","max-video-preview":"max-video-preview:-1"},"canonical":"https:\/\/consejoderectores.cl\/en\/2019\/05\/30\/6152daa191191\/","og_locale":"en_US","og_type":"article","og_title":"Consejo de Rectores anuncia fechas de inscripci\u00f3n a las PSU para el Proceso de Admisi\u00f3n 2020 - Consejo de Rectoras y Rectores de las Universidades Chilenas","og_description":"El vicepresidente ejecutivo del CRUCH, rector Aldo Valle, comunic\u00f3 que el pr\u00f3ximo lunes 3 de junio a las 9:00 horas comenzar\u00e1 el periodo de inscripci\u00f3n a las Pruebas de Selecci\u00f3n Universitaria (PSU). Este a\u00f1o, las pruebas se rendir\u00e1n el 18 y 19 de noviembre, y los resultados se dar\u00e1n a conocer a mediados de diciembre. [&hellip;]","og_url":"https:\/\/consejoderectores.cl\/en\/2019\/05\/30\/6152daa191191\/","og_site_name":"Consejo de Rectoras y Rectores de las Universidades Chilenas","article_published_time":"2019-05-30T18:00:00+00:00","article_modified_time":"2021-12-13T19:12:00+00:00","og_image":[{"width":1990,"height":1721,"url":"https:\/\/consejoderectores.cl\/wp-content\/uploads\/2019\/05\/30.05.2019-FOTO-DESTACADA.jpg","type":"image\/jpeg"}],"author":"Consejo de Rectores de las Universidades Chilenas","twitter_card":"summary_large_image","twitter_creator":"@CRUCH_cl","twitter_site":"@CRUCH_cl","twitter_misc":{"Written by":"Consejo de Rectores de las Universidades Chilenas","Est. reading time":"4 minutes"},"schema":{"@context":"https:\/\/schema.org","@graph":[{"@type":"Article","@id":"https:\/\/consejoderectores.cl\/en\/2019\/05\/30\/6152daa191191\/#article","isPartOf":{"@id":"https:\/\/consejoderectores.cl\/en\/2019\/05\/30\/6152daa191191\/"},"author":{"name":"Consejo de Rectores de las Universidades Chilenas","@id":"https:\/\/consejoderectores.cl\/en\/#\/schema\/person\/d863e44afde067fd4b57fac66ced709e"},"headline":"Consejo de Rectores anuncia fechas de inscripci\u00f3n a las PSU para el Proceso de Admisi\u00f3n 2020","datePublished":"2019-05-30T18:00:00+00:00","dateModified":"2021-12-13T19:12:00+00:00","mainEntityOfPage":{"@id":"https:\/\/consejoderectores.cl\/en\/2019\/05\/30\/6152daa191191\/"},"wordCount":745,"commentCount":0,"publisher":{"@id":"https:\/\/consejoderectores.cl\/en\/#organization"},"image":{"@id":"https:\/\/consejoderectores.cl\/en\/2019\/05\/30\/6152daa191191\/#primaryimage"},"thumbnailUrl":"https:\/\/consejoderectores.cl\/wp-content\/uploads\/2019\/05\/30.05.2019-FOTO-DESTACADA.jpg","articleSection":["Noticias"],"inLanguage":"en-US","potentialAction":[{"@type":"CommentAction","name":"Comment","target":["https:\/\/consejoderectores.cl\/en\/2019\/05\/30\/6152daa191191\/#respond"]}]},{"@type":"WebPage","@id":"https:\/\/consejoderectores.cl\/en\/2019\/05\/30\/6152daa191191\/","url":"https:\/\/consejoderectores.cl\/en\/2019\/05\/30\/6152daa191191\/","name":"Consejo de Rectores anuncia fechas de inscripci\u00f3n a las PSU para el Proceso de Admisi\u00f3n 2020 - Consejo de Rectoras y Rectores de las Universidades Chilenas","isPartOf":{"@id":"https:\/\/consejoderectores.cl\/en\/#website"},"primaryImageOfPage":{"@id":"https:\/\/consejoderectores.cl\/en\/2019\/05\/30\/6152daa191191\/#primaryimage"},"image":{"@id":"https:\/\/consejoderectores.cl\/en\/2019\/05\/30\/6152daa191191\/#primaryimage"},"thumbnailUrl":"https:\/\/consejoderectores.cl\/wp-content\/uploads\/2019\/05\/30.05.2019-FOTO-DESTACADA.jpg","datePublished":"2019-05-30T18:00:00+00:00","dateModified":"2021-12-13T19:12:00+00:00","breadcrumb":{"@id":"https:\/\/consejoderectores.cl\/en\/2019\/05\/30\/6152daa191191\/#breadcrumb"},"inLanguage":"en-US","potentialAction":[{"@type":"ReadAction","target":["https:\/\/consejoderectores.cl\/en\/2019\/05\/30\/6152daa191191\/"]}]},{"@type":"ImageObject","inLanguage":"en-US","@id":"https:\/\/consejoderectores.cl\/en\/2019\/05\/30\/6152daa191191\/#primaryimage","url":"https:\/\/consejoderectores.cl\/wp-content\/uploads\/2019\/05\/30.05.2019-FOTO-DESTACADA.jpg","contentUrl":"https:\/\/consejoderectores.cl\/wp-content\/uploads\/2019\/05\/30.05.2019-FOTO-DESTACADA.jpg","width":1990,"height":1721},{"@type":"BreadcrumbList","@id":"https:\/\/consejoderectores.cl\/en\/2019\/05\/30\/6152daa191191\/#breadcrumb","itemListElement":[{"@type":"ListItem","position":1,"name":"Home","item":"https:\/\/consejoderectores.cl\/"},{"@type":"ListItem","position":2,"name":"Consejo de Rectores anuncia fechas de inscripci\u00f3n a las PSU para el Proceso de Admisi\u00f3n 2020"}]},{"@type":"WebSite","@id":"https:\/\/consejoderectores.cl\/en\/#website","url":"https:\/\/consejoderectores.cl\/en\/","name":"Council of Rectors of Chilean Universities","description":"","publisher":{"@id":"https:\/\/consejoderectores.cl\/en\/#organization"},"potentialAction":[{"@type":"SearchAction","target":{"@type":"EntryPoint","urlTemplate":"https:\/\/consejoderectores.cl\/en\/?s={search_term_string}"},"query-input":{"@type":"PropertyValueSpecification","valueRequired":true,"valueName":"search_term_string"}}],"inLanguage":"en-US"},{"@type":"Organization","@id":"https:\/\/consejoderectores.cl\/en\/#organization","name":"Council of Rectors of Chilean Universities","url":"https:\/\/consejoderectores.cl\/en\/","logo":{"@type":"ImageObject","inLanguage":"en-US","@id":"https:\/\/consejoderectores.cl\/en\/#\/schema\/logo\/image\/","url":"https:\/\/consejoderectores.cl\/wp-content\/uploads\/2025\/12\/logoheader_2025.png","contentUrl":"https:\/\/consejoderectores.cl\/wp-content\/uploads\/2025\/12\/logoheader_2025.png","width":666,"height":305,"caption":"Consejo de Rectoras y Rectores de las Universidades Chilenas"},"image":{"@id":"https:\/\/consejoderectores.cl\/en\/#\/schema\/logo\/image\/"},"sameAs":["https:\/\/x.com\/CRUCH_cl","https:\/\/www.instagram.com\/consejoderectores\/","https:\/\/www.linkedin.com\/company\/cruch\/","https:\/\/www.youtube.com\/channel\/UCzgIFRCsDlKoFpimiQmEaOA"]},{"@type":"Person","@id":"https:\/\/consejoderectores.cl\/en\/#\/schema\/person\/d863e44afde067fd4b57fac66ced709e","name":"Council of Rectors of Chilean Universities","image":{"@type":"ImageObject","inLanguage":"en-US","@id":"https:\/\/consejoderectores.cl\/en\/#\/schema\/person\/image\/","url":"https:\/\/secure.gravatar.com\/avatar\/c31e2a02401f041926afb8ee21ab666f0925814fe85d25a5c8db80e23722dfc1?s=96&d=mm&r=g","contentUrl":"https:\/\/secure.gravatar.com\/avatar\/c31e2a02401f041926afb8ee21ab666f0925814fe85d25a5c8db80e23722dfc1?s=96&d=mm&r=g","caption":"Consejo de Rectores de las Universidades Chilenas"},"sameAs":["https:\/\/www.consejoderectores.cl"],"url":"https:\/\/consejoderectores.cl\/en\/author\/cruch\/"}]}},"_links":{"self":[{"href":"https:\/\/consejoderectores.cl\/en\/wp-json\/wp\/v2\/posts\/2461","targetHints":{"allow":["GET"]}}],"collection":[{"href":"https:\/\/consejoderectores.cl\/en\/wp-json\/wp\/v2\/posts"}],"about":[{"href":"https:\/\/consejoderectores.cl\/en\/wp-json\/wp\/v2\/types\/post"}],"author":[{"embeddable":true,"href":"https:\/\/consejoderectores.cl\/en\/wp-json\/wp\/v2\/users\/1"}],"replies":[{"embeddable":true,"href":"https:\/\/consejoderectores.cl\/en\/wp-json\/wp\/v2\/comments?post=2461"}],"version-history":[{"count":4,"href":"https:\/\/consejoderectores.cl\/en\/wp-json\/wp\/v2\/posts\/2461\/revisions"}],"predecessor-version":[{"id":4802,"href":"https:\/\/consejoderectores.cl\/en\/wp-json\/wp\/v2\/posts\/2461\/revisions\/4802"}],"wp:featuredmedia":[{"embeddable":true,"href":"https:\/\/consejoderectores.cl\/en\/wp-json\/wp\/v2\/media\/4792"}],"wp:attachment":[{"href":"https:\/\/consejoderectores.cl\/en\/wp-json\/wp\/v2\/media?parent=2461"}],"wp:term":[{"taxonomy":"category","embeddable":true,"href":"https:\/\/consejoderectores.cl\/en\/wp-json\/wp\/v2\/categories?post=2461"},{"taxonomy":"post_tag","embeddable":true,"href":"https:\/\/consejoderectores.cl\/en\/wp-json\/wp\/v2\/tags?post=2461"}],"curies":[{"name":"wp","href":"https:\/\/api.w.org\/{rel}","templated":true}]}}