{"id":2451,"date":"2019-03-21T00:00:00","date_gmt":"2019-03-21T00:00:00","guid":{"rendered":""},"modified":"2021-12-13T20:07:01","modified_gmt":"2021-12-13T20:07:01","slug":"6152daa190c95","status":"publish","type":"post","link":"https:\/\/consejoderectores.cl\/en\/2019\/03\/21\/6152daa190c95\/","title":{"rendered":"CRUCH authorities receive the rectors of the Diego Portales and Alberto Hurtado universities who join the Council"},"content":{"rendered":"<blockquote style=\"text-align: left;\"><p>The executive vice president, rector Aldo Valle, led a meeting this Thursday, March 21 with the rectors Carlos Pe\u00f1a and Eduardo Silva.<\/p>\n<p>The two new rectors will participate for the first time in the monthly CRUCH session, which will take place next Thursday, March 28 in Santiago.<\/p><\/blockquote>\n<p style=\"text-align: left;\">&quot;For us it is an occasion that has a historical character,&quot; said Aldo Valle, executive vice president of the Council of Rectors of the Chilean Universities (CRUCH), regarding the incorporation of the rectors of the universities Diego Portales (UDP), Carlos Pe\u00f1a, and Alberto Hurtado (UAH), Eduardo Silva.<\/p>\n<p>Valle explained that &quot;by virtue of the higher education reform, the Council now has a composition that is not closed, it is not predetermined by Law 21,091, but rather that various institutions, complying with the requirements established by the norm, can be integrated.&quot; In addition, he stressed that the rectors Pe\u00f1a and Silva represent &quot;two institutions that have had an outstanding development, that have made and are making a contribution to the country&#039;s higher education system, which the Council of Rectors values.&quot;<\/p>\n<p>For his part, Rector Pe\u00f1a stated that &quot;it seems to me that both the incorporation of the UDP and the UAH have particularity and virtue, it helps the Council of Rectors to faithfully reflect the heterogeneity of the university system in Chile.&quot; Likewise, Rector Silva stated that &quot;with this step there is a possibility of enriching a very legitimate tradition such as the Council&quot; and added that with this milestone they will participate in &quot;a dialogue that precedes us and we are very happy to contribute with our university experience. \u201d.<\/p>\n<p>The purpose of the meeting, held this Thursday, March 21, was to discuss the operation of the Council, its scope and different instances of internal work, prior to the plenary session that will be held on March 28 at the former National Congress, in Santiago.<\/p>\n<p>The meeting, which lasted for about 2 hours, was also attended by the rector of the University of Playa Ancha and a member of the Executive Committee, Patricio Sanhueza, and the general secretary of CRUCH, Mar\u00eda Elena Gonz\u00e1lez.<\/p>\n<h4 style=\"text-align: left;\">Incorporation to CRUCH<\/h4>\n<p style=\"text-align: left;\">The Diego Portales and Alberto Hurtado universities requested in August 2018 to join the CRUCH. The applications were reviewed by an evaluation commission that confirmed that both institutions met the requirements for accessing the Council. This collegiate body ruled in favor of the incorporation of both houses of studies and sent their respective report to the Ministry of Education.<\/p>\n<p>By means of Decree 373, dated November 19, 2018, and signed by the President of the Republic, the rectors of UDP and UAH were formally incorporated into the CRUCH (Council of Rectors of Chilean Universities). The Comptroller General of the Republic approved the document on February 12, 2019. Thus, Rectors Pe\u00f1a and Silva will participate for the first time next week in the CRUCH&#039;s monthly session, which will be held at the Santiago headquarters of the Chamber of Deputies, in the former National Congress building.<\/p>\n<p>It should be remembered that the Council of Rectors of Chilean Universities, CRUCH, by legal mandate, is responsible for advising and formulating proposals to the Ministry of Education in public policies in matters of higher education; It is also responsible for coordinating the institutions that comprise it, promoting collaboration between them. Regarding the incorporation of new universities, article 6 of Law 21.091 on Higher Education, provides that universities recognized by the State may request the incorporation of their rectors to the CRUCH, provided that the respective institution complies with the requirements that the same provision notes.<\/p>\n<p>The law also establishes that the incorporation to the Council will be carried out by means of a Supreme Decree of the Ministry of Education, after a favorable report from the Council of Rectors.<\/p>\n<p><img loading=\"lazy\" decoding=\"async\" class=\"size-medium wp-image-4842 alignleft\" src=\"https:\/\/www.consejoderectores.cl\/wp-content\/uploads\/2019\/03\/21.03.2019-FOTO-2-Autoridades-del-CRUCH-reciben-a-rectores-300x201.jpg\" alt=\"\" width=\"300\" height=\"201\" srcset=\"https:\/\/consejoderectores.cl\/wp-content\/uploads\/2019\/03\/21.03.2019-FOTO-2-Autoridades-del-CRUCH-reciben-a-rectores-300x201.jpg 300w, https:\/\/consejoderectores.cl\/wp-content\/uploads\/2019\/03\/21.03.2019-FOTO-2-Autoridades-del-CRUCH-reciben-a-rectores-1024x684.jpg 1024w, https:\/\/consejoderectores.cl\/wp-content\/uploads\/2019\/03\/21.03.2019-FOTO-2-Autoridades-del-CRUCH-reciben-a-rectores-768x513.jpg 768w, https:\/\/consejoderectores.cl\/wp-content\/uploads\/2019\/03\/21.03.2019-FOTO-2-Autoridades-del-CRUCH-reciben-a-rectores-1536x1027.jpg 1536w, https:\/\/consejoderectores.cl\/wp-content\/uploads\/2019\/03\/21.03.2019-FOTO-2-Autoridades-del-CRUCH-reciben-a-rectores-2048x1369.jpg 2048w, https:\/\/consejoderectores.cl\/wp-content\/uploads\/2019\/03\/21.03.2019-FOTO-2-Autoridades-del-CRUCH-reciben-a-rectores-16x12.jpg 16w, https:\/\/consejoderectores.cl\/wp-content\/uploads\/2019\/03\/21.03.2019-FOTO-2-Autoridades-del-CRUCH-reciben-a-rectores-848x567.jpg 848w, https:\/\/consejoderectores.cl\/wp-content\/uploads\/2019\/03\/21.03.2019-FOTO-2-Autoridades-del-CRUCH-reciben-a-rectores-1140x762.jpg 1140w, https:\/\/consejoderectores.cl\/wp-content\/uploads\/2019\/03\/21.03.2019-FOTO-2-Autoridades-del-CRUCH-reciben-a-rectores-1170x782.jpg 1170w, https:\/\/consejoderectores.cl\/wp-content\/uploads\/2019\/03\/21.03.2019-FOTO-2-Autoridades-del-CRUCH-reciben-a-rectores-1920x1283.jpg 1920w\" sizes=\"auto, (max-width: 300px) 100vw, 300px\" \/><\/p>\n<h4 style=\"text-align: left;\"><\/h4>\n<p>&nbsp;<\/p>\n<p style=\"text-align: left;\">","protected":false},"excerpt":{"rendered":"<p>El vicepresidente ejecutivo, rector Aldo Valle, encabez\u00f3 una reuni\u00f3n este jueves 21 de marzo con los rectores Carlos Pe\u00f1a y Eduardo Silva. Los dos nuevos rectores participar\u00e1n por primera vez en la sesi\u00f3n mensual del CRUCH, que se efectuar\u00e1 el pr\u00f3ximo jueves 28 de marzo en Santiago. \u201cPara nosotros es una ocasi\u00f3n que tiene car\u00e1cter [&hellip;]<\/p>\n","protected":false},"author":1,"featured_media":4840,"comment_status":"open","ping_status":"open","sticky":false,"template":"","format":"standard","meta":{"_acf_changed":false,"footnotes":""},"categories":[3],"tags":[],"class_list":["post-2451","post","type-post","status-publish","format-standard","has-post-thumbnail","hentry","category-noticias"],"acf":[],"yoast_head":"<!-- This site is optimized with the Yoast SEO plugin v27.1.1 - https:\/\/yoast.com\/product\/yoast-seo-wordpress\/ -->\n<title>Autoridades del CRUCH reciben a rectores de las universidades Diego Portales y Alberto Hurtado que se integran al Consejo - Consejo de Rectoras y Rectores de las Universidades Chilenas<\/title>\n<meta name=\"robots\" content=\"index, follow, max-snippet:-1, max-image-preview:large, max-video-preview:-1\" \/>\n<link rel=\"canonical\" href=\"https:\/\/consejoderectores.cl\/en\/2019\/03\/21\/6152daa190c95\/\" \/>\n<meta property=\"og:locale\" content=\"en_US\" \/>\n<meta property=\"og:type\" content=\"article\" \/>\n<meta property=\"og:title\" content=\"Autoridades del CRUCH reciben a rectores de las universidades Diego Portales y Alberto Hurtado que se integran al Consejo - Consejo de Rectoras y Rectores de las Universidades Chilenas\" \/>\n<meta property=\"og:description\" content=\"El vicepresidente ejecutivo, rector Aldo Valle, encabez\u00f3 una reuni\u00f3n este jueves 21 de marzo con los rectores Carlos Pe\u00f1a y Eduardo Silva. Los dos nuevos rectores participar\u00e1n por primera vez en la sesi\u00f3n mensual del CRUCH, que se efectuar\u00e1 el pr\u00f3ximo jueves 28 de marzo en Santiago. \u201cPara nosotros es una ocasi\u00f3n que tiene car\u00e1cter [&hellip;]\" \/>\n<meta property=\"og:url\" content=\"https:\/\/consejoderectores.cl\/en\/2019\/03\/21\/6152daa190c95\/\" \/>\n<meta property=\"og:site_name\" content=\"Consejo de Rectoras y Rectores de las Universidades Chilenas\" \/>\n<meta property=\"article:published_time\" content=\"2019-03-21T00:00:00+00:00\" \/>\n<meta property=\"article:modified_time\" content=\"2021-12-13T20:07:01+00:00\" \/>\n<meta property=\"og:image\" content=\"https:\/\/consejoderectores.cl\/wp-content\/uploads\/2019\/03\/21.03.2019-FOTO-DESTACADA-Autoridades-del-CRUCH-reciben-a-rectores--scaled.jpg\" \/>\n\t<meta property=\"og:image:width\" content=\"2560\" \/>\n\t<meta property=\"og:image:height\" content=\"1711\" \/>\n\t<meta property=\"og:image:type\" content=\"image\/jpeg\" \/>\n<meta name=\"author\" content=\"Consejo de Rectores de las Universidades Chilenas\" \/>\n<meta name=\"twitter:card\" content=\"summary_large_image\" \/>\n<meta name=\"twitter:creator\" content=\"@CRUCH_cl\" \/>\n<meta name=\"twitter:site\" content=\"@CRUCH_cl\" \/>\n<meta name=\"twitter:label1\" content=\"Written by\" \/>\n\t<meta name=\"twitter:data1\" content=\"Consejo de Rectores de las Universidades Chilenas\" \/>\n\t<meta name=\"twitter:label2\" content=\"Est. reading time\" \/>\n\t<meta name=\"twitter:data2\" content=\"3 minutes\" \/>\n<script type=\"application\/ld+json\" class=\"yoast-schema-graph\">{\"@context\":\"https:\/\/schema.org\",\"@graph\":[{\"@type\":\"Article\",\"@id\":\"https:\/\/consejoderectores.cl\/en\/2019\/03\/21\/6152daa190c95\/#article\",\"isPartOf\":{\"@id\":\"https:\/\/consejoderectores.cl\/en\/2019\/03\/21\/6152daa190c95\/\"},\"author\":{\"name\":\"Consejo de Rectores de las Universidades Chilenas\",\"@id\":\"https:\/\/consejoderectores.cl\/en\/#\/schema\/person\/d863e44afde067fd4b57fac66ced709e\"},\"headline\":\"Autoridades del CRUCH reciben a rectores de las universidades Diego Portales y Alberto Hurtado que se integran al Consejo\",\"datePublished\":\"2019-03-21T00:00:00+00:00\",\"dateModified\":\"2021-12-13T20:07:01+00:00\",\"mainEntityOfPage\":{\"@id\":\"https:\/\/consejoderectores.cl\/en\/2019\/03\/21\/6152daa190c95\/\"},\"wordCount\":685,\"commentCount\":0,\"publisher\":{\"@id\":\"https:\/\/consejoderectores.cl\/en\/#organization\"},\"image\":{\"@id\":\"https:\/\/consejoderectores.cl\/en\/2019\/03\/21\/6152daa190c95\/#primaryimage\"},\"thumbnailUrl\":\"https:\/\/consejoderectores.cl\/wp-content\/uploads\/2019\/03\/21.03.2019-FOTO-DESTACADA-Autoridades-del-CRUCH-reciben-a-rectores--scaled.jpg\",\"articleSection\":[\"Noticias\"],\"inLanguage\":\"en-US\",\"potentialAction\":[{\"@type\":\"CommentAction\",\"name\":\"Comment\",\"target\":[\"https:\/\/consejoderectores.cl\/en\/2019\/03\/21\/6152daa190c95\/#respond\"]}]},{\"@type\":\"WebPage\",\"@id\":\"https:\/\/consejoderectores.cl\/en\/2019\/03\/21\/6152daa190c95\/\",\"url\":\"https:\/\/consejoderectores.cl\/en\/2019\/03\/21\/6152daa190c95\/\",\"name\":\"Autoridades del CRUCH reciben a rectores de las universidades Diego Portales y Alberto Hurtado que se integran al Consejo - Consejo de Rectoras y Rectores de las Universidades Chilenas\",\"isPartOf\":{\"@id\":\"https:\/\/consejoderectores.cl\/en\/#website\"},\"primaryImageOfPage\":{\"@id\":\"https:\/\/consejoderectores.cl\/en\/2019\/03\/21\/6152daa190c95\/#primaryimage\"},\"image\":{\"@id\":\"https:\/\/consejoderectores.cl\/en\/2019\/03\/21\/6152daa190c95\/#primaryimage\"},\"thumbnailUrl\":\"https:\/\/consejoderectores.cl\/wp-content\/uploads\/2019\/03\/21.03.2019-FOTO-DESTACADA-Autoridades-del-CRUCH-reciben-a-rectores--scaled.jpg\",\"datePublished\":\"2019-03-21T00:00:00+00:00\",\"dateModified\":\"2021-12-13T20:07:01+00:00\",\"breadcrumb\":{\"@id\":\"https:\/\/consejoderectores.cl\/en\/2019\/03\/21\/6152daa190c95\/#breadcrumb\"},\"inLanguage\":\"en-US\",\"potentialAction\":[{\"@type\":\"ReadAction\",\"target\":[\"https:\/\/consejoderectores.cl\/en\/2019\/03\/21\/6152daa190c95\/\"]}]},{\"@type\":\"ImageObject\",\"inLanguage\":\"en-US\",\"@id\":\"https:\/\/consejoderectores.cl\/en\/2019\/03\/21\/6152daa190c95\/#primaryimage\",\"url\":\"https:\/\/consejoderectores.cl\/wp-content\/uploads\/2019\/03\/21.03.2019-FOTO-DESTACADA-Autoridades-del-CRUCH-reciben-a-rectores--scaled.jpg\",\"contentUrl\":\"https:\/\/consejoderectores.cl\/wp-content\/uploads\/2019\/03\/21.03.2019-FOTO-DESTACADA-Autoridades-del-CRUCH-reciben-a-rectores--scaled.jpg\",\"width\":2560,\"height\":1711},{\"@type\":\"BreadcrumbList\",\"@id\":\"https:\/\/consejoderectores.cl\/en\/2019\/03\/21\/6152daa190c95\/#breadcrumb\",\"itemListElement\":[{\"@type\":\"ListItem\",\"position\":1,\"name\":\"Home\",\"item\":\"https:\/\/consejoderectores.cl\/\"},{\"@type\":\"ListItem\",\"position\":2,\"name\":\"Autoridades del CRUCH reciben a rectores de las universidades Diego Portales y Alberto Hurtado que se integran al Consejo\"}]},{\"@type\":\"WebSite\",\"@id\":\"https:\/\/consejoderectores.cl\/en\/#website\",\"url\":\"https:\/\/consejoderectores.cl\/en\/\",\"name\":\"Consejo de Rectoras y Rectores de las Universidades Chilenas\",\"description\":\"\",\"publisher\":{\"@id\":\"https:\/\/consejoderectores.cl\/en\/#organization\"},\"potentialAction\":[{\"@type\":\"SearchAction\",\"target\":{\"@type\":\"EntryPoint\",\"urlTemplate\":\"https:\/\/consejoderectores.cl\/en\/?s={search_term_string}\"},\"query-input\":{\"@type\":\"PropertyValueSpecification\",\"valueRequired\":true,\"valueName\":\"search_term_string\"}}],\"inLanguage\":\"en-US\"},{\"@type\":\"Organization\",\"@id\":\"https:\/\/consejoderectores.cl\/en\/#organization\",\"name\":\"Consejo de Rectoras y Rectores de las Universidades Chilenas\",\"url\":\"https:\/\/consejoderectores.cl\/en\/\",\"logo\":{\"@type\":\"ImageObject\",\"inLanguage\":\"en-US\",\"@id\":\"https:\/\/consejoderectores.cl\/en\/#\/schema\/logo\/image\/\",\"url\":\"https:\/\/consejoderectores.cl\/wp-content\/uploads\/2025\/12\/logoheader_2025.png\",\"contentUrl\":\"https:\/\/consejoderectores.cl\/wp-content\/uploads\/2025\/12\/logoheader_2025.png\",\"width\":666,\"height\":305,\"caption\":\"Consejo de Rectoras y Rectores de las Universidades Chilenas\"},\"image\":{\"@id\":\"https:\/\/consejoderectores.cl\/en\/#\/schema\/logo\/image\/\"},\"sameAs\":[\"https:\/\/x.com\/CRUCH_cl\",\"https:\/\/www.instagram.com\/consejoderectores\/\",\"https:\/\/www.linkedin.com\/company\/cruch\/\",\"https:\/\/www.youtube.com\/channel\/UCzgIFRCsDlKoFpimiQmEaOA\"]},{\"@type\":\"Person\",\"@id\":\"https:\/\/consejoderectores.cl\/en\/#\/schema\/person\/d863e44afde067fd4b57fac66ced709e\",\"name\":\"Consejo de Rectores de las Universidades Chilenas\",\"image\":{\"@type\":\"ImageObject\",\"inLanguage\":\"en-US\",\"@id\":\"https:\/\/consejoderectores.cl\/en\/#\/schema\/person\/image\/\",\"url\":\"https:\/\/secure.gravatar.com\/avatar\/c31e2a02401f041926afb8ee21ab666f0925814fe85d25a5c8db80e23722dfc1?s=96&d=mm&r=g\",\"contentUrl\":\"https:\/\/secure.gravatar.com\/avatar\/c31e2a02401f041926afb8ee21ab666f0925814fe85d25a5c8db80e23722dfc1?s=96&d=mm&r=g\",\"caption\":\"Consejo de Rectores de las Universidades Chilenas\"},\"sameAs\":[\"https:\/\/www.consejoderectores.cl\"],\"url\":\"https:\/\/consejoderectores.cl\/en\/author\/cruch\/\"}]}<\/script>\n<!-- \/ Yoast SEO plugin. -->","yoast_head_json":{"title":"Autoridades del CRUCH reciben a rectores de las universidades Diego Portales y Alberto Hurtado que se integran al Consejo - Consejo de Rectoras y Rectores de las Universidades Chilenas","robots":{"index":"index","follow":"follow","max-snippet":"max-snippet:-1","max-image-preview":"max-image-preview:large","max-video-preview":"max-video-preview:-1"},"canonical":"https:\/\/consejoderectores.cl\/en\/2019\/03\/21\/6152daa190c95\/","og_locale":"en_US","og_type":"article","og_title":"Autoridades del CRUCH reciben a rectores de las universidades Diego Portales y Alberto Hurtado que se integran al Consejo - Consejo de Rectoras y Rectores de las Universidades Chilenas","og_description":"El vicepresidente ejecutivo, rector Aldo Valle, encabez\u00f3 una reuni\u00f3n este jueves 21 de marzo con los rectores Carlos Pe\u00f1a y Eduardo Silva. Los dos nuevos rectores participar\u00e1n por primera vez en la sesi\u00f3n mensual del CRUCH, que se efectuar\u00e1 el pr\u00f3ximo jueves 28 de marzo en Santiago. \u201cPara nosotros es una ocasi\u00f3n que tiene car\u00e1cter [&hellip;]","og_url":"https:\/\/consejoderectores.cl\/en\/2019\/03\/21\/6152daa190c95\/","og_site_name":"Consejo de Rectoras y Rectores de las Universidades Chilenas","article_published_time":"2019-03-21T00:00:00+00:00","article_modified_time":"2021-12-13T20:07:01+00:00","og_image":[{"width":2560,"height":1711,"url":"https:\/\/consejoderectores.cl\/wp-content\/uploads\/2019\/03\/21.03.2019-FOTO-DESTACADA-Autoridades-del-CRUCH-reciben-a-rectores--scaled.jpg","type":"image\/jpeg"}],"author":"Consejo de Rectores de las Universidades Chilenas","twitter_card":"summary_large_image","twitter_creator":"@CRUCH_cl","twitter_site":"@CRUCH_cl","twitter_misc":{"Written by":"Consejo de Rectores de las Universidades Chilenas","Est. reading time":"3 minutes"},"schema":{"@context":"https:\/\/schema.org","@graph":[{"@type":"Article","@id":"https:\/\/consejoderectores.cl\/en\/2019\/03\/21\/6152daa190c95\/#article","isPartOf":{"@id":"https:\/\/consejoderectores.cl\/en\/2019\/03\/21\/6152daa190c95\/"},"author":{"name":"Consejo de Rectores de las Universidades Chilenas","@id":"https:\/\/consejoderectores.cl\/en\/#\/schema\/person\/d863e44afde067fd4b57fac66ced709e"},"headline":"Autoridades del CRUCH reciben a rectores de las universidades Diego Portales y Alberto Hurtado que se integran al Consejo","datePublished":"2019-03-21T00:00:00+00:00","dateModified":"2021-12-13T20:07:01+00:00","mainEntityOfPage":{"@id":"https:\/\/consejoderectores.cl\/en\/2019\/03\/21\/6152daa190c95\/"},"wordCount":685,"commentCount":0,"publisher":{"@id":"https:\/\/consejoderectores.cl\/en\/#organization"},"image":{"@id":"https:\/\/consejoderectores.cl\/en\/2019\/03\/21\/6152daa190c95\/#primaryimage"},"thumbnailUrl":"https:\/\/consejoderectores.cl\/wp-content\/uploads\/2019\/03\/21.03.2019-FOTO-DESTACADA-Autoridades-del-CRUCH-reciben-a-rectores--scaled.jpg","articleSection":["Noticias"],"inLanguage":"en-US","potentialAction":[{"@type":"CommentAction","name":"Comment","target":["https:\/\/consejoderectores.cl\/en\/2019\/03\/21\/6152daa190c95\/#respond"]}]},{"@type":"WebPage","@id":"https:\/\/consejoderectores.cl\/en\/2019\/03\/21\/6152daa190c95\/","url":"https:\/\/consejoderectores.cl\/en\/2019\/03\/21\/6152daa190c95\/","name":"Autoridades del CRUCH reciben a rectores de las universidades Diego Portales y Alberto Hurtado que se integran al Consejo - Consejo de Rectoras y Rectores de las Universidades Chilenas","isPartOf":{"@id":"https:\/\/consejoderectores.cl\/en\/#website"},"primaryImageOfPage":{"@id":"https:\/\/consejoderectores.cl\/en\/2019\/03\/21\/6152daa190c95\/#primaryimage"},"image":{"@id":"https:\/\/consejoderectores.cl\/en\/2019\/03\/21\/6152daa190c95\/#primaryimage"},"thumbnailUrl":"https:\/\/consejoderectores.cl\/wp-content\/uploads\/2019\/03\/21.03.2019-FOTO-DESTACADA-Autoridades-del-CRUCH-reciben-a-rectores--scaled.jpg","datePublished":"2019-03-21T00:00:00+00:00","dateModified":"2021-12-13T20:07:01+00:00","breadcrumb":{"@id":"https:\/\/consejoderectores.cl\/en\/2019\/03\/21\/6152daa190c95\/#breadcrumb"},"inLanguage":"en-US","potentialAction":[{"@type":"ReadAction","target":["https:\/\/consejoderectores.cl\/en\/2019\/03\/21\/6152daa190c95\/"]}]},{"@type":"ImageObject","inLanguage":"en-US","@id":"https:\/\/consejoderectores.cl\/en\/2019\/03\/21\/6152daa190c95\/#primaryimage","url":"https:\/\/consejoderectores.cl\/wp-content\/uploads\/2019\/03\/21.03.2019-FOTO-DESTACADA-Autoridades-del-CRUCH-reciben-a-rectores--scaled.jpg","contentUrl":"https:\/\/consejoderectores.cl\/wp-content\/uploads\/2019\/03\/21.03.2019-FOTO-DESTACADA-Autoridades-del-CRUCH-reciben-a-rectores--scaled.jpg","width":2560,"height":1711},{"@type":"BreadcrumbList","@id":"https:\/\/consejoderectores.cl\/en\/2019\/03\/21\/6152daa190c95\/#breadcrumb","itemListElement":[{"@type":"ListItem","position":1,"name":"Home","item":"https:\/\/consejoderectores.cl\/"},{"@type":"ListItem","position":2,"name":"Autoridades del CRUCH reciben a rectores de las universidades Diego Portales y Alberto Hurtado que se integran al Consejo"}]},{"@type":"WebSite","@id":"https:\/\/consejoderectores.cl\/en\/#website","url":"https:\/\/consejoderectores.cl\/en\/","name":"Council of Rectors of Chilean Universities","description":"","publisher":{"@id":"https:\/\/consejoderectores.cl\/en\/#organization"},"potentialAction":[{"@type":"SearchAction","target":{"@type":"EntryPoint","urlTemplate":"https:\/\/consejoderectores.cl\/en\/?s={search_term_string}"},"query-input":{"@type":"PropertyValueSpecification","valueRequired":true,"valueName":"search_term_string"}}],"inLanguage":"en-US"},{"@type":"Organization","@id":"https:\/\/consejoderectores.cl\/en\/#organization","name":"Council of Rectors of Chilean Universities","url":"https:\/\/consejoderectores.cl\/en\/","logo":{"@type":"ImageObject","inLanguage":"en-US","@id":"https:\/\/consejoderectores.cl\/en\/#\/schema\/logo\/image\/","url":"https:\/\/consejoderectores.cl\/wp-content\/uploads\/2025\/12\/logoheader_2025.png","contentUrl":"https:\/\/consejoderectores.cl\/wp-content\/uploads\/2025\/12\/logoheader_2025.png","width":666,"height":305,"caption":"Consejo de Rectoras y Rectores de las Universidades Chilenas"},"image":{"@id":"https:\/\/consejoderectores.cl\/en\/#\/schema\/logo\/image\/"},"sameAs":["https:\/\/x.com\/CRUCH_cl","https:\/\/www.instagram.com\/consejoderectores\/","https:\/\/www.linkedin.com\/company\/cruch\/","https:\/\/www.youtube.com\/channel\/UCzgIFRCsDlKoFpimiQmEaOA"]},{"@type":"Person","@id":"https:\/\/consejoderectores.cl\/en\/#\/schema\/person\/d863e44afde067fd4b57fac66ced709e","name":"Council of Rectors of Chilean Universities","image":{"@type":"ImageObject","inLanguage":"en-US","@id":"https:\/\/consejoderectores.cl\/en\/#\/schema\/person\/image\/","url":"https:\/\/secure.gravatar.com\/avatar\/c31e2a02401f041926afb8ee21ab666f0925814fe85d25a5c8db80e23722dfc1?s=96&d=mm&r=g","contentUrl":"https:\/\/secure.gravatar.com\/avatar\/c31e2a02401f041926afb8ee21ab666f0925814fe85d25a5c8db80e23722dfc1?s=96&d=mm&r=g","caption":"Consejo de Rectores de las Universidades Chilenas"},"sameAs":["https:\/\/www.consejoderectores.cl"],"url":"https:\/\/consejoderectores.cl\/en\/author\/cruch\/"}]}},"_links":{"self":[{"href":"https:\/\/consejoderectores.cl\/en\/wp-json\/wp\/v2\/posts\/2451","targetHints":{"allow":["GET"]}}],"collection":[{"href":"https:\/\/consejoderectores.cl\/en\/wp-json\/wp\/v2\/posts"}],"about":[{"href":"https:\/\/consejoderectores.cl\/en\/wp-json\/wp\/v2\/types\/post"}],"author":[{"embeddable":true,"href":"https:\/\/consejoderectores.cl\/en\/wp-json\/wp\/v2\/users\/1"}],"replies":[{"embeddable":true,"href":"https:\/\/consejoderectores.cl\/en\/wp-json\/wp\/v2\/comments?post=2451"}],"version-history":[{"count":2,"href":"https:\/\/consejoderectores.cl\/en\/wp-json\/wp\/v2\/posts\/2451\/revisions"}],"predecessor-version":[{"id":4843,"href":"https:\/\/consejoderectores.cl\/en\/wp-json\/wp\/v2\/posts\/2451\/revisions\/4843"}],"wp:featuredmedia":[{"embeddable":true,"href":"https:\/\/consejoderectores.cl\/en\/wp-json\/wp\/v2\/media\/4840"}],"wp:attachment":[{"href":"https:\/\/consejoderectores.cl\/en\/wp-json\/wp\/v2\/media?parent=2451"}],"wp:term":[{"taxonomy":"category","embeddable":true,"href":"https:\/\/consejoderectores.cl\/en\/wp-json\/wp\/v2\/categories?post=2451"},{"taxonomy":"post_tag","embeddable":true,"href":"https:\/\/consejoderectores.cl\/en\/wp-json\/wp\/v2\/tags?post=2451"}],"curies":[{"name":"wp","href":"https:\/\/api.w.org\/{rel}","templated":true}]}}