{"id":2271,"date":"2020-04-30T00:00:00","date_gmt":"2020-04-30T00:00:00","guid":{"rendered":""},"modified":"2021-12-07T20:22:41","modified_gmt":"2021-12-07T20:22:41","slug":"6089358680f00","status":"publish","type":"post","link":"https:\/\/consejoderectores.cl\/en\/2020\/04\/30\/6089358680f00\/","title":{"rendered":"USACH Rector Juan Manuel Zolezzi was elected as the new Executive Vice President of the Council of Rectors"},"content":{"rendered":"<blockquote style=\"text-align: left;\"><p>This Thursday, April 30, the new authorities of the organization were elected for the period 2020 - 2022. In addition to the executive vice president, the alternate executive vice president was elected, a position that will be assumed by the rector of the Pontificia Universidad Cat\u00f3lica de Chile, Ignacio S\u00e1nchez; and also six rectors to integrate the Executive Committee.<\/p>\n<p>In the session, the rectors and rector thanked and recognized the management of the rector of the University of Valpara\u00edso, Aldo Valle, who was in the position of executive vice president of CRUCH since January 2015.<\/p><\/blockquote>\n<p style=\"text-align: left;\">\u201cI hope to be a contribution and, through the Council of Rectors, to Chilean higher education and education in general. For me this is an honor, I say it honestly \u201d, expressed the rector of the University of Santiago de Chile, Juan Manuel Zolezzi, after being unanimously elected in the session N \u00b0 612 of the Council of Rectors, held remotely this Thursday, April 30.<\/p>\n<p>He added that &quot;assuming this responsibility and this mandate from my fellow rectors and rector is an honor in the sense that we are in a moment of extraordinary difficulty, of unprecedented events, not only in Chile, but in the world.&quot;<\/p>\n<p>The new executive vice president pointed out that the Council of Rectors is one of the most valuable organizations that our country has and also one of the most respected. For this reason, he said that &quot;in these complex times we cannot fail&quot; and stressed that &quot;we have been able to do extraordinary things in a very short time, and I would say that with a lot of commitment from our own institutions we are collaborating with measures related to the pandemic&quot; . He pointed out that &quot;the economic and social impacts of Covid 19 are going to be much greater and that the only way to get ahead is to be united.&quot;<\/p>\n<p>Regarding the guidelines for its management for the 2020-2022 period, Zolezzi said that \u201cwe must set ourselves medium and long-term objectives that empower us and unite us. You have my commitment to make the best of efforts in order to collaborate to the maximum and bring all our universities to the best level, for which we require the participation of our own university communities \u201d.<\/p>\n<p>Meanwhile, the rector of the Pontifical Catholic University of Chile, Ignacio S\u00e1nchez, will assume the position of alternate executive vice president.<\/p>\n<h4 style=\"text-align: left;\">Recognition to the rector Aldo Valle<\/h4>\n<p style=\"text-align: left;\">On the other hand, all the rectors and rector valued the management of the rector Aldo Valle in his position of executive vice-presidency during the period 2015-2020. In their interventions, the rectors thanked and praised the leadership of the rector Valle, highlighting his dedication, commitment, equanimity, his ability to generate unity in the diversity of CRUCH, his contribution to dialogue in public space, as well as his ability to agree on lines strategies for the benefit of higher education in the country.<\/p>\n<p>The rector Valle, thanked the words and maintained that \u201cI was only part of the result, which does not happen unexpectedly, it is the result of the effort and common will that we have been able to make important changes. In this sense, I especially appreciate the honor of trust, which is one of the greatest honors to which one can aspire \u201d. He also appreciated the contribution of the members of the Executive Committee who accompanied him during his tenure, the rectors Darcy Fuenzalida, from the U. Federico Santa Mar\u00eda; Ennio Vivaldi, from the University of Chile; Claudio El\u00f3rtegui, from the Pontificia U. Cat\u00f3lica de Valpara\u00edso; Patricio Sanhueza, from the University of Playa Ancha of Education Sciences; Emilio Rodr\u00edguez, from the University of Tarapac\u00e1; and Jorge Tabilo, from the U. Cat\u00f3lica del Norte.<\/p>\n<p>Finally, Valle asked for &quot;applause for the new team in the person of the rector Zolezzi who is going to take on this responsibility.&quot;<\/p>\n<h4 style=\"text-align: left;\">Members of the Executive Committee<\/h4>\n<p style=\"text-align: left;\">Meanwhile, the Executive Committee, whose main function is to collaborate in the execution of the agreements adopted by the CRUCH and support situations that require urgent or urgent decisions, was made up of the following rectors: Ennio Vivaldi, rector of the University of Chile and President of the Consortium of State Universities, CUECH; Diego Dur\u00e1n, rector of the Universidad Cat\u00f3lica del Maule and President of the Network of Non-State Public Universities, G-9; Patricio Sanhueza, rector of the University of Playa Ancha of Education Sciences and President of the Regional University Group, AUR; Luis Alberto Loyola, rector of the University of Antofagasta and representative of CUECH; \u00d3scar Galindo, rector of the Austral University of Chile and representative of the G-9; as well as Eduardo Silva, rector of the Alberto Hurtado University and representative of universities incorporated into the CRUCH in accordance with the procedure contemplated in Article 6 of Law 21.091 on Higher Education.<\/p>\n<h4 style=\"text-align: left;\">Regulations of the governing bodies of CRUCH<\/h4>\n<p style=\"text-align: left;\">According to the \u201cRegulation on integration, election and operation of the governing bodies of the Council of Rectors\u201d -approved in the plenary session No. 611 of the CRUCH on April 7, 2020-, it is worth mentioning that the President of the Council of Rectors is the However, the Minister of Education may delegate his \/ her powers to another member of CRUCH or to the Secretary General.<\/p>\n<p>The regulation also establishes that the Executive Committee of the Council of Rectors will be composed as follows: a) By the Executive Vice President; b) By the Alternate Executive Vice President; c) By the President of the Consortium of State Universities, CUECH; d) By the President of the Network of Non-State Public Universities, G-9; e) By the President of the Association of Regional Universities, AUR; f) By three rectors, proposed and ratified according to the following formula: one by the Consortium of State Universities, another by the Network of Non-State Public Universities and the third by the rectors incorporated into CRUCH in accordance with the procedure contemplated in Art. 6 of Law 21.091 on Higher Education.<\/p>","protected":false},"excerpt":{"rendered":"<p>Este jueves 30 de abril fueron elegidas las nuevas autoridades del organismo para el periodo 2020 &#8211; 2022. Adem\u00e1s del vicepresidente ejecutivo, se eligi\u00f3 al vicepresidente ejecutivo alterno, cargo que asumir\u00e1 el rector de la Pontificia Universidad Cat\u00f3lica de Chile, Ignacio S\u00e1nchez; y tambi\u00e9n a seis rectores para integrar el Comit\u00e9 Ejecutivo. En la sesi\u00f3n, [&hellip;]<\/p>\n","protected":false},"author":1,"featured_media":2346,"comment_status":"open","ping_status":"open","sticky":false,"template":"","format":"standard","meta":{"_acf_changed":false,"footnotes":""},"categories":[3],"tags":[],"class_list":["post-2271","post","type-post","status-publish","format-standard","has-post-thumbnail","hentry","category-noticias"],"acf":[],"yoast_head":"<!-- This site is optimized with the Yoast SEO plugin v27.1.1 - https:\/\/yoast.com\/product\/yoast-seo-wordpress\/ -->\n<title>Rector de la USACH Juan Manuel Zolezzi fue elegido como nuevo Vicepresidente Ejecutivo del Consejo de Rectores - Consejo de Rectoras y Rectores de las Universidades Chilenas<\/title>\n<meta name=\"robots\" content=\"index, follow, max-snippet:-1, max-image-preview:large, max-video-preview:-1\" \/>\n<link rel=\"canonical\" href=\"https:\/\/consejoderectores.cl\/en\/2020\/04\/30\/6089358680f00\/\" \/>\n<meta property=\"og:locale\" content=\"en_US\" \/>\n<meta property=\"og:type\" content=\"article\" \/>\n<meta property=\"og:title\" content=\"Rector de la USACH Juan Manuel Zolezzi fue elegido como nuevo Vicepresidente Ejecutivo del Consejo de Rectores - Consejo de Rectoras y Rectores de las Universidades Chilenas\" \/>\n<meta property=\"og:description\" content=\"Este jueves 30 de abril fueron elegidas las nuevas autoridades del organismo para el periodo 2020 &#8211; 2022. Adem\u00e1s del vicepresidente ejecutivo, se eligi\u00f3 al vicepresidente ejecutivo alterno, cargo que asumir\u00e1 el rector de la Pontificia Universidad Cat\u00f3lica de Chile, Ignacio S\u00e1nchez; y tambi\u00e9n a seis rectores para integrar el Comit\u00e9 Ejecutivo. En la sesi\u00f3n, [&hellip;]\" \/>\n<meta property=\"og:url\" content=\"https:\/\/consejoderectores.cl\/en\/2020\/04\/30\/6089358680f00\/\" \/>\n<meta property=\"og:site_name\" content=\"Consejo de Rectoras y Rectores de las Universidades Chilenas\" \/>\n<meta property=\"article:published_time\" content=\"2020-04-30T00:00:00+00:00\" \/>\n<meta property=\"article:modified_time\" content=\"2021-12-07T20:22:41+00:00\" \/>\n<meta property=\"og:image\" content=\"https:\/\/consejoderectores.cl\/wp-content\/uploads\/2020\/04\/25_nuevo-Comite-Ejecutivo.jpg\" \/>\n\t<meta property=\"og:image:width\" content=\"1100\" \/>\n\t<meta property=\"og:image:height\" content=\"380\" \/>\n\t<meta property=\"og:image:type\" content=\"image\/jpeg\" \/>\n<meta name=\"author\" content=\"Consejo de Rectores de las Universidades Chilenas\" \/>\n<meta name=\"twitter:card\" content=\"summary_large_image\" \/>\n<meta name=\"twitter:creator\" content=\"@CRUCH_cl\" \/>\n<meta name=\"twitter:site\" content=\"@CRUCH_cl\" \/>\n<meta name=\"twitter:label1\" content=\"Written by\" \/>\n\t<meta name=\"twitter:data1\" content=\"Consejo de Rectores de las Universidades Chilenas\" \/>\n\t<meta name=\"twitter:label2\" content=\"Est. reading time\" \/>\n\t<meta name=\"twitter:data2\" content=\"5 minutes\" \/>\n<script type=\"application\/ld+json\" class=\"yoast-schema-graph\">{\"@context\":\"https:\/\/schema.org\",\"@graph\":[{\"@type\":\"Article\",\"@id\":\"https:\/\/consejoderectores.cl\/en\/2020\/04\/30\/6089358680f00\/#article\",\"isPartOf\":{\"@id\":\"https:\/\/consejoderectores.cl\/en\/2020\/04\/30\/6089358680f00\/\"},\"author\":{\"name\":\"Consejo de Rectores de las Universidades Chilenas\",\"@id\":\"https:\/\/consejoderectores.cl\/en\/#\/schema\/person\/d863e44afde067fd4b57fac66ced709e\"},\"headline\":\"Rector de la USACH Juan Manuel Zolezzi fue elegido como nuevo Vicepresidente Ejecutivo del Consejo de Rectores\",\"datePublished\":\"2020-04-30T00:00:00+00:00\",\"dateModified\":\"2021-12-07T20:22:41+00:00\",\"mainEntityOfPage\":{\"@id\":\"https:\/\/consejoderectores.cl\/en\/2020\/04\/30\/6089358680f00\/\"},\"wordCount\":1046,\"commentCount\":0,\"publisher\":{\"@id\":\"https:\/\/consejoderectores.cl\/en\/#organization\"},\"image\":{\"@id\":\"https:\/\/consejoderectores.cl\/en\/2020\/04\/30\/6089358680f00\/#primaryimage\"},\"thumbnailUrl\":\"https:\/\/consejoderectores.cl\/wp-content\/uploads\/2020\/04\/25_nuevo-Comite-Ejecutivo.jpg\",\"articleSection\":[\"Noticias\"],\"inLanguage\":\"en-US\",\"potentialAction\":[{\"@type\":\"CommentAction\",\"name\":\"Comment\",\"target\":[\"https:\/\/consejoderectores.cl\/en\/2020\/04\/30\/6089358680f00\/#respond\"]}]},{\"@type\":\"WebPage\",\"@id\":\"https:\/\/consejoderectores.cl\/en\/2020\/04\/30\/6089358680f00\/\",\"url\":\"https:\/\/consejoderectores.cl\/en\/2020\/04\/30\/6089358680f00\/\",\"name\":\"Rector de la USACH Juan Manuel Zolezzi fue elegido como nuevo Vicepresidente Ejecutivo del Consejo de Rectores - Consejo de Rectoras y Rectores de las Universidades Chilenas\",\"isPartOf\":{\"@id\":\"https:\/\/consejoderectores.cl\/en\/#website\"},\"primaryImageOfPage\":{\"@id\":\"https:\/\/consejoderectores.cl\/en\/2020\/04\/30\/6089358680f00\/#primaryimage\"},\"image\":{\"@id\":\"https:\/\/consejoderectores.cl\/en\/2020\/04\/30\/6089358680f00\/#primaryimage\"},\"thumbnailUrl\":\"https:\/\/consejoderectores.cl\/wp-content\/uploads\/2020\/04\/25_nuevo-Comite-Ejecutivo.jpg\",\"datePublished\":\"2020-04-30T00:00:00+00:00\",\"dateModified\":\"2021-12-07T20:22:41+00:00\",\"breadcrumb\":{\"@id\":\"https:\/\/consejoderectores.cl\/en\/2020\/04\/30\/6089358680f00\/#breadcrumb\"},\"inLanguage\":\"en-US\",\"potentialAction\":[{\"@type\":\"ReadAction\",\"target\":[\"https:\/\/consejoderectores.cl\/en\/2020\/04\/30\/6089358680f00\/\"]}]},{\"@type\":\"ImageObject\",\"inLanguage\":\"en-US\",\"@id\":\"https:\/\/consejoderectores.cl\/en\/2020\/04\/30\/6089358680f00\/#primaryimage\",\"url\":\"https:\/\/consejoderectores.cl\/wp-content\/uploads\/2020\/04\/25_nuevo-Comite-Ejecutivo.jpg\",\"contentUrl\":\"https:\/\/consejoderectores.cl\/wp-content\/uploads\/2020\/04\/25_nuevo-Comite-Ejecutivo.jpg\",\"width\":1100,\"height\":380},{\"@type\":\"BreadcrumbList\",\"@id\":\"https:\/\/consejoderectores.cl\/en\/2020\/04\/30\/6089358680f00\/#breadcrumb\",\"itemListElement\":[{\"@type\":\"ListItem\",\"position\":1,\"name\":\"Home\",\"item\":\"https:\/\/consejoderectores.cl\/\"},{\"@type\":\"ListItem\",\"position\":2,\"name\":\"Rector de la USACH Juan Manuel Zolezzi fue elegido como nuevo Vicepresidente Ejecutivo del Consejo de Rectores\"}]},{\"@type\":\"WebSite\",\"@id\":\"https:\/\/consejoderectores.cl\/en\/#website\",\"url\":\"https:\/\/consejoderectores.cl\/en\/\",\"name\":\"Consejo de Rectoras y Rectores de las Universidades Chilenas\",\"description\":\"\",\"publisher\":{\"@id\":\"https:\/\/consejoderectores.cl\/en\/#organization\"},\"potentialAction\":[{\"@type\":\"SearchAction\",\"target\":{\"@type\":\"EntryPoint\",\"urlTemplate\":\"https:\/\/consejoderectores.cl\/en\/?s={search_term_string}\"},\"query-input\":{\"@type\":\"PropertyValueSpecification\",\"valueRequired\":true,\"valueName\":\"search_term_string\"}}],\"inLanguage\":\"en-US\"},{\"@type\":\"Organization\",\"@id\":\"https:\/\/consejoderectores.cl\/en\/#organization\",\"name\":\"Consejo de Rectoras y Rectores de las Universidades Chilenas\",\"url\":\"https:\/\/consejoderectores.cl\/en\/\",\"logo\":{\"@type\":\"ImageObject\",\"inLanguage\":\"en-US\",\"@id\":\"https:\/\/consejoderectores.cl\/en\/#\/schema\/logo\/image\/\",\"url\":\"https:\/\/consejoderectores.cl\/wp-content\/uploads\/2025\/12\/logoheader_2025.png\",\"contentUrl\":\"https:\/\/consejoderectores.cl\/wp-content\/uploads\/2025\/12\/logoheader_2025.png\",\"width\":666,\"height\":305,\"caption\":\"Consejo de Rectoras y Rectores de las Universidades Chilenas\"},\"image\":{\"@id\":\"https:\/\/consejoderectores.cl\/en\/#\/schema\/logo\/image\/\"},\"sameAs\":[\"https:\/\/x.com\/CRUCH_cl\",\"https:\/\/www.instagram.com\/consejoderectores\/\",\"https:\/\/www.linkedin.com\/company\/cruch\/\",\"https:\/\/www.youtube.com\/channel\/UCzgIFRCsDlKoFpimiQmEaOA\"]},{\"@type\":\"Person\",\"@id\":\"https:\/\/consejoderectores.cl\/en\/#\/schema\/person\/d863e44afde067fd4b57fac66ced709e\",\"name\":\"Consejo de Rectores de las Universidades Chilenas\",\"image\":{\"@type\":\"ImageObject\",\"inLanguage\":\"en-US\",\"@id\":\"https:\/\/consejoderectores.cl\/en\/#\/schema\/person\/image\/\",\"url\":\"https:\/\/secure.gravatar.com\/avatar\/c31e2a02401f041926afb8ee21ab666f0925814fe85d25a5c8db80e23722dfc1?s=96&d=mm&r=g\",\"contentUrl\":\"https:\/\/secure.gravatar.com\/avatar\/c31e2a02401f041926afb8ee21ab666f0925814fe85d25a5c8db80e23722dfc1?s=96&d=mm&r=g\",\"caption\":\"Consejo de Rectores de las Universidades Chilenas\"},\"sameAs\":[\"https:\/\/www.consejoderectores.cl\"],\"url\":\"https:\/\/consejoderectores.cl\/en\/author\/cruch\/\"}]}<\/script>\n<!-- \/ Yoast SEO plugin. -->","yoast_head_json":{"title":"Rector de la USACH Juan Manuel Zolezzi fue elegido como nuevo Vicepresidente Ejecutivo del Consejo de Rectores - Consejo de Rectoras y Rectores de las Universidades Chilenas","robots":{"index":"index","follow":"follow","max-snippet":"max-snippet:-1","max-image-preview":"max-image-preview:large","max-video-preview":"max-video-preview:-1"},"canonical":"https:\/\/consejoderectores.cl\/en\/2020\/04\/30\/6089358680f00\/","og_locale":"en_US","og_type":"article","og_title":"Rector de la USACH Juan Manuel Zolezzi fue elegido como nuevo Vicepresidente Ejecutivo del Consejo de Rectores - Consejo de Rectoras y Rectores de las Universidades Chilenas","og_description":"Este jueves 30 de abril fueron elegidas las nuevas autoridades del organismo para el periodo 2020 &#8211; 2022. Adem\u00e1s del vicepresidente ejecutivo, se eligi\u00f3 al vicepresidente ejecutivo alterno, cargo que asumir\u00e1 el rector de la Pontificia Universidad Cat\u00f3lica de Chile, Ignacio S\u00e1nchez; y tambi\u00e9n a seis rectores para integrar el Comit\u00e9 Ejecutivo. En la sesi\u00f3n, [&hellip;]","og_url":"https:\/\/consejoderectores.cl\/en\/2020\/04\/30\/6089358680f00\/","og_site_name":"Consejo de Rectoras y Rectores de las Universidades Chilenas","article_published_time":"2020-04-30T00:00:00+00:00","article_modified_time":"2021-12-07T20:22:41+00:00","og_image":[{"width":1100,"height":380,"url":"https:\/\/consejoderectores.cl\/wp-content\/uploads\/2020\/04\/25_nuevo-Comite-Ejecutivo.jpg","type":"image\/jpeg"}],"author":"Consejo de Rectores de las Universidades Chilenas","twitter_card":"summary_large_image","twitter_creator":"@CRUCH_cl","twitter_site":"@CRUCH_cl","twitter_misc":{"Written by":"Consejo de Rectores de las Universidades Chilenas","Est. reading time":"5 minutes"},"schema":{"@context":"https:\/\/schema.org","@graph":[{"@type":"Article","@id":"https:\/\/consejoderectores.cl\/en\/2020\/04\/30\/6089358680f00\/#article","isPartOf":{"@id":"https:\/\/consejoderectores.cl\/en\/2020\/04\/30\/6089358680f00\/"},"author":{"name":"Consejo de Rectores de las Universidades Chilenas","@id":"https:\/\/consejoderectores.cl\/en\/#\/schema\/person\/d863e44afde067fd4b57fac66ced709e"},"headline":"Rector de la USACH Juan Manuel Zolezzi fue elegido como nuevo Vicepresidente Ejecutivo del Consejo de Rectores","datePublished":"2020-04-30T00:00:00+00:00","dateModified":"2021-12-07T20:22:41+00:00","mainEntityOfPage":{"@id":"https:\/\/consejoderectores.cl\/en\/2020\/04\/30\/6089358680f00\/"},"wordCount":1046,"commentCount":0,"publisher":{"@id":"https:\/\/consejoderectores.cl\/en\/#organization"},"image":{"@id":"https:\/\/consejoderectores.cl\/en\/2020\/04\/30\/6089358680f00\/#primaryimage"},"thumbnailUrl":"https:\/\/consejoderectores.cl\/wp-content\/uploads\/2020\/04\/25_nuevo-Comite-Ejecutivo.jpg","articleSection":["Noticias"],"inLanguage":"en-US","potentialAction":[{"@type":"CommentAction","name":"Comment","target":["https:\/\/consejoderectores.cl\/en\/2020\/04\/30\/6089358680f00\/#respond"]}]},{"@type":"WebPage","@id":"https:\/\/consejoderectores.cl\/en\/2020\/04\/30\/6089358680f00\/","url":"https:\/\/consejoderectores.cl\/en\/2020\/04\/30\/6089358680f00\/","name":"Rector de la USACH Juan Manuel Zolezzi fue elegido como nuevo Vicepresidente Ejecutivo del Consejo de Rectores - Consejo de Rectoras y Rectores de las Universidades Chilenas","isPartOf":{"@id":"https:\/\/consejoderectores.cl\/en\/#website"},"primaryImageOfPage":{"@id":"https:\/\/consejoderectores.cl\/en\/2020\/04\/30\/6089358680f00\/#primaryimage"},"image":{"@id":"https:\/\/consejoderectores.cl\/en\/2020\/04\/30\/6089358680f00\/#primaryimage"},"thumbnailUrl":"https:\/\/consejoderectores.cl\/wp-content\/uploads\/2020\/04\/25_nuevo-Comite-Ejecutivo.jpg","datePublished":"2020-04-30T00:00:00+00:00","dateModified":"2021-12-07T20:22:41+00:00","breadcrumb":{"@id":"https:\/\/consejoderectores.cl\/en\/2020\/04\/30\/6089358680f00\/#breadcrumb"},"inLanguage":"en-US","potentialAction":[{"@type":"ReadAction","target":["https:\/\/consejoderectores.cl\/en\/2020\/04\/30\/6089358680f00\/"]}]},{"@type":"ImageObject","inLanguage":"en-US","@id":"https:\/\/consejoderectores.cl\/en\/2020\/04\/30\/6089358680f00\/#primaryimage","url":"https:\/\/consejoderectores.cl\/wp-content\/uploads\/2020\/04\/25_nuevo-Comite-Ejecutivo.jpg","contentUrl":"https:\/\/consejoderectores.cl\/wp-content\/uploads\/2020\/04\/25_nuevo-Comite-Ejecutivo.jpg","width":1100,"height":380},{"@type":"BreadcrumbList","@id":"https:\/\/consejoderectores.cl\/en\/2020\/04\/30\/6089358680f00\/#breadcrumb","itemListElement":[{"@type":"ListItem","position":1,"name":"Home","item":"https:\/\/consejoderectores.cl\/"},{"@type":"ListItem","position":2,"name":"Rector de la USACH Juan Manuel Zolezzi fue elegido como nuevo Vicepresidente Ejecutivo del Consejo de Rectores"}]},{"@type":"WebSite","@id":"https:\/\/consejoderectores.cl\/en\/#website","url":"https:\/\/consejoderectores.cl\/en\/","name":"Council of Rectors of Chilean Universities","description":"","publisher":{"@id":"https:\/\/consejoderectores.cl\/en\/#organization"},"potentialAction":[{"@type":"SearchAction","target":{"@type":"EntryPoint","urlTemplate":"https:\/\/consejoderectores.cl\/en\/?s={search_term_string}"},"query-input":{"@type":"PropertyValueSpecification","valueRequired":true,"valueName":"search_term_string"}}],"inLanguage":"en-US"},{"@type":"Organization","@id":"https:\/\/consejoderectores.cl\/en\/#organization","name":"Council of Rectors of Chilean Universities","url":"https:\/\/consejoderectores.cl\/en\/","logo":{"@type":"ImageObject","inLanguage":"en-US","@id":"https:\/\/consejoderectores.cl\/en\/#\/schema\/logo\/image\/","url":"https:\/\/consejoderectores.cl\/wp-content\/uploads\/2025\/12\/logoheader_2025.png","contentUrl":"https:\/\/consejoderectores.cl\/wp-content\/uploads\/2025\/12\/logoheader_2025.png","width":666,"height":305,"caption":"Consejo de Rectoras y Rectores de las Universidades Chilenas"},"image":{"@id":"https:\/\/consejoderectores.cl\/en\/#\/schema\/logo\/image\/"},"sameAs":["https:\/\/x.com\/CRUCH_cl","https:\/\/www.instagram.com\/consejoderectores\/","https:\/\/www.linkedin.com\/company\/cruch\/","https:\/\/www.youtube.com\/channel\/UCzgIFRCsDlKoFpimiQmEaOA"]},{"@type":"Person","@id":"https:\/\/consejoderectores.cl\/en\/#\/schema\/person\/d863e44afde067fd4b57fac66ced709e","name":"Council of Rectors of Chilean Universities","image":{"@type":"ImageObject","inLanguage":"en-US","@id":"https:\/\/consejoderectores.cl\/en\/#\/schema\/person\/image\/","url":"https:\/\/secure.gravatar.com\/avatar\/c31e2a02401f041926afb8ee21ab666f0925814fe85d25a5c8db80e23722dfc1?s=96&d=mm&r=g","contentUrl":"https:\/\/secure.gravatar.com\/avatar\/c31e2a02401f041926afb8ee21ab666f0925814fe85d25a5c8db80e23722dfc1?s=96&d=mm&r=g","caption":"Consejo de Rectores de las Universidades Chilenas"},"sameAs":["https:\/\/www.consejoderectores.cl"],"url":"https:\/\/consejoderectores.cl\/en\/author\/cruch\/"}]}},"_links":{"self":[{"href":"https:\/\/consejoderectores.cl\/en\/wp-json\/wp\/v2\/posts\/2271","targetHints":{"allow":["GET"]}}],"collection":[{"href":"https:\/\/consejoderectores.cl\/en\/wp-json\/wp\/v2\/posts"}],"about":[{"href":"https:\/\/consejoderectores.cl\/en\/wp-json\/wp\/v2\/types\/post"}],"author":[{"embeddable":true,"href":"https:\/\/consejoderectores.cl\/en\/wp-json\/wp\/v2\/users\/1"}],"replies":[{"embeddable":true,"href":"https:\/\/consejoderectores.cl\/en\/wp-json\/wp\/v2\/comments?post=2271"}],"version-history":[{"count":3,"href":"https:\/\/consejoderectores.cl\/en\/wp-json\/wp\/v2\/posts\/2271\/revisions"}],"predecessor-version":[{"id":4655,"href":"https:\/\/consejoderectores.cl\/en\/wp-json\/wp\/v2\/posts\/2271\/revisions\/4655"}],"wp:featuredmedia":[{"embeddable":true,"href":"https:\/\/consejoderectores.cl\/en\/wp-json\/wp\/v2\/media\/2346"}],"wp:attachment":[{"href":"https:\/\/consejoderectores.cl\/en\/wp-json\/wp\/v2\/media?parent=2271"}],"wp:term":[{"taxonomy":"category","embeddable":true,"href":"https:\/\/consejoderectores.cl\/en\/wp-json\/wp\/v2\/categories?post=2271"},{"taxonomy":"post_tag","embeddable":true,"href":"https:\/\/consejoderectores.cl\/en\/wp-json\/wp\/v2\/tags?post=2271"}],"curies":[{"name":"wp","href":"https:\/\/api.w.org\/{rel}","templated":true}]}}