{"id":2246,"date":"2021-03-03T00:00:00","date_gmt":"2021-03-03T00:00:00","guid":{"rendered":""},"modified":"2021-12-07T19:03:02","modified_gmt":"2021-12-07T19:03:02","slug":"608935867fe2a","status":"publish","type":"post","link":"https:\/\/consejoderectores.cl\/en\/2021\/03\/03\/608935867fe2a\/","title":{"rendered":"Council of Rectors recognizes contributions of prominent academic Francisco Javier Gil to higher education in Chile"},"content":{"rendered":"<blockquote style=\"text-align: left;\"><p>The academic and researcher at the University of Santiago, as well as director of the Unesco Chair of Inclusion in University Higher Education, died this Tuesday, March 3, at dawn. It is considered a benchmark in the field of equity in education and recognized for its invaluable contribution in the design and implementation of public policies for the improvement of access systems to higher education.<\/p><\/blockquote>\n<p style=\"text-align: left;\">The Council of Rectors of Chilean Universities (CRUCH) expressed its regret for the death of Francisco Javier Gil Llambias, Doctor of Science, academic and researcher at the University of Santiago de Chile (USACH), as well as director of the Unesco Chair of Inclusion in University Higher Education, and recognized his invaluable contribution in the design and implementation of public policies for the improvement of access systems to higher education.<\/p>\n<p>The executive vice president of CRUCH and rector of the University of Santiago, Juan Manuel Zolezzi, said that \u201cthe death of Francisco Javier Gil is a tremendous loss for Chile. He was a person with a strong commitment to fairness and inclusion. His invaluable contributions effectively enabled talented students to overcome obstacles and access higher education. &quot;<\/p>\n<h4 style=\"text-align: left;\">Reference in inclusion<\/h4>\n<p style=\"text-align: left;\">Francisco Javier Gil, who died this Wednesday, March 3 at dawn, is considered a benchmark in the field of equity in education and recognized for his contributions in initiatives that contributed to promoting inclusion in Chilean higher education.<\/p>\n<p>Among the projects he led include the Scholarship for Academic Excellence (BEA), the Propedeutic programs that have been implemented in various universities in the country, and which gave rise to the Program of Access and Effective Accompaniment (PACE) of the Ministry of Education and the program Ranking 850, among others.<\/p>\n<p>In addition, he was co-author of the following inclusion instruments: 5% Bonus (1992), Propedeutics UNESCO (2007); Ranking of Notes (2010); Program for Effective Access to Higher Education, PACE (2014) and Program R850 (2015).<\/p>\n<p>Meanwhile, in the Council of Rectors he actively participated in the Single Admission System and, very especially, in the Ranking Commission of Notes between 2013 and 2018.<\/p>\n<h4 style=\"text-align: left;\">Outstanding career<\/h4>\n<p style=\"text-align: left;\">As a researcher, he was director of projects with internal financing, FONDECYT financing and international financing, directing doctoral, master&#039;s and undergraduate theses.<\/p>\n<p>Likewise, he represented the USACH in various instances: he was academic representative of the Faculty of Science in the Academic Council (1985-1986); President of the Board of Directors of the Academic Senate (1989-1990); Dean of the Faculty of Science (1990-1996); President of the \u201cUniversity Reconciliation Commission\u201d (1991); Vice-rector for Teaching and Extension, (1998-2000); representative of the USACh and Coordinator of the Project \u201cUniversidad Construye Pa\u00eds\u201d of the Fundaci\u00f3n Participa (2002-2004); member of the Board of Directors of the Dr. Alberto Zanlungo Foundation (2002-2008); director of the USACH Baccalaureate Program (August 2007-December 2009); and UC and USACH inclusion policy coordinator.<\/p>\n<p>In addition, he was rector of the Cardenal Ra\u00fal Silva Henr\u00edquez Catholic University (January 2010 October 2011), as well as founder and president of the International Center for Equity and Inclusion in Higher Education (CINESUP).<\/p>\n<p>On the other hand, he was director of the Chilean Chemical Society (1982 to 1983) and its vice president until 1984; President of the Council of Deans Faculties of Natural and Exact Sciences of Chile (1993-1996); advisor to the Ministry of Education of Chile (MECE Program) in the formulation of the &quot;Fundamental Objectives and Minimum Contents&quot; in Chemistry 1996-1998; CNAP evaluator (2003); Executive coordinator of the Academic area of the Vicar\u00eda Pastoral Universitaria del Arzobispado de Santiago, (2002-2003); representative of the President of the Republic of Chile on the Board of Directors of the Metropolitan University of Education Sciences (late 2007 to January 2010); member of the Justice and Peace Commission of the Archdiocese of Santiago de Chile (2008-2011); and president of the Catalysis and Adsorption Division of the Chilean Chemical Society (2006 to 2011).<\/p>\n<p>In 2016 he received the Jorge Millas Award, awarded by the Austral University of Chile (UACH) to those who have contributed in a notable way with their intellectual work and their life to ennoble and develop the university institution or higher education.<\/p>\n<p>Those who wish to send their condolences, or share a message, the family has enabled the email elviajedejaviergil@gmail.com.<\/p>\n<p>&nbsp;<\/p>\n<p><em>Photo: Catholic University of Temuco<\/em><\/p>\n<h4 style=\"text-align: left;\"><\/h4>\n<p>&nbsp;<\/p>\n<p style=\"text-align: left;\">","protected":false},"excerpt":{"rendered":"<p>El acad\u00e9mico e investigador de la Universidad de Santiago, adem\u00e1s de director de la C\u00e1tedra Unesco de Inclusi\u00f3n en la Educaci\u00f3n Superior Universitaria, falleci\u00f3 este martes 3 de marzo durante la madrugada. Es considerado un referente en el \u00e1mbito de equidad en educaci\u00f3n y reconocido por su invaluable aporte en el dise\u00f1o e implementaci\u00f3n de [&hellip;]<\/p>\n","protected":false},"author":1,"featured_media":4613,"comment_status":"open","ping_status":"open","sticky":false,"template":"","format":"standard","meta":{"_acf_changed":false,"footnotes":""},"categories":[3],"tags":[],"class_list":["post-2246","post","type-post","status-publish","format-standard","has-post-thumbnail","hentry","category-noticias"],"acf":[],"yoast_head":"<!-- This site is optimized with the Yoast SEO plugin v27.1.1 - https:\/\/yoast.com\/product\/yoast-seo-wordpress\/ -->\n<title>Consejo de Rectores reconoce aportes del destacado acad\u00e9mico Francisco Javier Gil a la educaci\u00f3n superior de Chile - Consejo de Rectoras y Rectores de las Universidades Chilenas<\/title>\n<meta name=\"robots\" content=\"index, follow, max-snippet:-1, max-image-preview:large, max-video-preview:-1\" \/>\n<link rel=\"canonical\" href=\"https:\/\/consejoderectores.cl\/en\/2021\/03\/03\/608935867fe2a\/\" \/>\n<meta property=\"og:locale\" content=\"en_US\" \/>\n<meta property=\"og:type\" content=\"article\" \/>\n<meta property=\"og:title\" content=\"Consejo de Rectores reconoce aportes del destacado acad\u00e9mico Francisco Javier Gil a la educaci\u00f3n superior de Chile - Consejo de Rectoras y Rectores de las Universidades Chilenas\" \/>\n<meta property=\"og:description\" content=\"El acad\u00e9mico e investigador de la Universidad de Santiago, adem\u00e1s de director de la C\u00e1tedra Unesco de Inclusi\u00f3n en la Educaci\u00f3n Superior Universitaria, falleci\u00f3 este martes 3 de marzo durante la madrugada. Es considerado un referente en el \u00e1mbito de equidad en educaci\u00f3n y reconocido por su invaluable aporte en el dise\u00f1o e implementaci\u00f3n de [&hellip;]\" \/>\n<meta property=\"og:url\" content=\"https:\/\/consejoderectores.cl\/en\/2021\/03\/03\/608935867fe2a\/\" \/>\n<meta property=\"og:site_name\" content=\"Consejo de Rectoras y Rectores de las Universidades Chilenas\" \/>\n<meta property=\"article:published_time\" content=\"2021-03-03T00:00:00+00:00\" \/>\n<meta property=\"article:modified_time\" content=\"2021-12-07T19:03:02+00:00\" \/>\n<meta property=\"og:image\" content=\"https:\/\/consejoderectores.cl\/wp-content\/uploads\/2021\/03\/fco-javier-gil.jpg\" \/>\n\t<meta property=\"og:image:width\" content=\"2048\" \/>\n\t<meta property=\"og:image:height\" content=\"1367\" \/>\n\t<meta property=\"og:image:type\" content=\"image\/jpeg\" \/>\n<meta name=\"author\" content=\"Consejo de Rectores de las Universidades Chilenas\" \/>\n<meta name=\"twitter:card\" content=\"summary_large_image\" \/>\n<meta name=\"twitter:creator\" content=\"@CRUCH_cl\" \/>\n<meta name=\"twitter:site\" content=\"@CRUCH_cl\" \/>\n<meta name=\"twitter:label1\" content=\"Written by\" \/>\n\t<meta name=\"twitter:data1\" content=\"Consejo de Rectores de las Universidades Chilenas\" \/>\n\t<meta name=\"twitter:label2\" content=\"Est. reading time\" \/>\n\t<meta name=\"twitter:data2\" content=\"4 minutes\" \/>\n<script type=\"application\/ld+json\" class=\"yoast-schema-graph\">{\"@context\":\"https:\/\/schema.org\",\"@graph\":[{\"@type\":\"Article\",\"@id\":\"https:\/\/consejoderectores.cl\/2021\/03\/03\/608935867fe2a\/#article\",\"isPartOf\":{\"@id\":\"https:\/\/consejoderectores.cl\/2021\/03\/03\/608935867fe2a\/\"},\"author\":{\"name\":\"Consejo de Rectores de las Universidades Chilenas\",\"@id\":\"https:\/\/consejoderectores.cl\/en\/#\/schema\/person\/d863e44afde067fd4b57fac66ced709e\"},\"headline\":\"Consejo de Rectores reconoce aportes del destacado acad\u00e9mico Francisco Javier Gil a la educaci\u00f3n superior de Chile\",\"datePublished\":\"2021-03-03T00:00:00+00:00\",\"dateModified\":\"2021-12-07T19:03:02+00:00\",\"mainEntityOfPage\":{\"@id\":\"https:\/\/consejoderectores.cl\/2021\/03\/03\/608935867fe2a\/\"},\"wordCount\":782,\"commentCount\":0,\"publisher\":{\"@id\":\"https:\/\/consejoderectores.cl\/en\/#organization\"},\"image\":{\"@id\":\"https:\/\/consejoderectores.cl\/2021\/03\/03\/608935867fe2a\/#primaryimage\"},\"thumbnailUrl\":\"https:\/\/consejoderectores.cl\/wp-content\/uploads\/2021\/03\/fco-javier-gil.jpg\",\"articleSection\":[\"Noticias\"],\"inLanguage\":\"en-US\",\"potentialAction\":[{\"@type\":\"CommentAction\",\"name\":\"Comment\",\"target\":[\"https:\/\/consejoderectores.cl\/2021\/03\/03\/608935867fe2a\/#respond\"]}]},{\"@type\":\"WebPage\",\"@id\":\"https:\/\/consejoderectores.cl\/2021\/03\/03\/608935867fe2a\/\",\"url\":\"https:\/\/consejoderectores.cl\/2021\/03\/03\/608935867fe2a\/\",\"name\":\"Consejo de Rectores reconoce aportes del destacado acad\u00e9mico Francisco Javier Gil a la educaci\u00f3n superior de Chile - Consejo de Rectoras y Rectores de las Universidades Chilenas\",\"isPartOf\":{\"@id\":\"https:\/\/consejoderectores.cl\/en\/#website\"},\"primaryImageOfPage\":{\"@id\":\"https:\/\/consejoderectores.cl\/2021\/03\/03\/608935867fe2a\/#primaryimage\"},\"image\":{\"@id\":\"https:\/\/consejoderectores.cl\/2021\/03\/03\/608935867fe2a\/#primaryimage\"},\"thumbnailUrl\":\"https:\/\/consejoderectores.cl\/wp-content\/uploads\/2021\/03\/fco-javier-gil.jpg\",\"datePublished\":\"2021-03-03T00:00:00+00:00\",\"dateModified\":\"2021-12-07T19:03:02+00:00\",\"breadcrumb\":{\"@id\":\"https:\/\/consejoderectores.cl\/2021\/03\/03\/608935867fe2a\/#breadcrumb\"},\"inLanguage\":\"en-US\",\"potentialAction\":[{\"@type\":\"ReadAction\",\"target\":[\"https:\/\/consejoderectores.cl\/2021\/03\/03\/608935867fe2a\/\"]}]},{\"@type\":\"ImageObject\",\"inLanguage\":\"en-US\",\"@id\":\"https:\/\/consejoderectores.cl\/2021\/03\/03\/608935867fe2a\/#primaryimage\",\"url\":\"https:\/\/consejoderectores.cl\/wp-content\/uploads\/2021\/03\/fco-javier-gil.jpg\",\"contentUrl\":\"https:\/\/consejoderectores.cl\/wp-content\/uploads\/2021\/03\/fco-javier-gil.jpg\",\"width\":2048,\"height\":1367},{\"@type\":\"BreadcrumbList\",\"@id\":\"https:\/\/consejoderectores.cl\/2021\/03\/03\/608935867fe2a\/#breadcrumb\",\"itemListElement\":[{\"@type\":\"ListItem\",\"position\":1,\"name\":\"Home\",\"item\":\"https:\/\/consejoderectores.cl\/\"},{\"@type\":\"ListItem\",\"position\":2,\"name\":\"Consejo de Rectores reconoce aportes del destacado acad\u00e9mico Francisco Javier Gil a la educaci\u00f3n superior de Chile\"}]},{\"@type\":\"WebSite\",\"@id\":\"https:\/\/consejoderectores.cl\/en\/#website\",\"url\":\"https:\/\/consejoderectores.cl\/en\/\",\"name\":\"Consejo de Rectoras y Rectores de las Universidades Chilenas\",\"description\":\"\",\"publisher\":{\"@id\":\"https:\/\/consejoderectores.cl\/en\/#organization\"},\"potentialAction\":[{\"@type\":\"SearchAction\",\"target\":{\"@type\":\"EntryPoint\",\"urlTemplate\":\"https:\/\/consejoderectores.cl\/en\/?s={search_term_string}\"},\"query-input\":{\"@type\":\"PropertyValueSpecification\",\"valueRequired\":true,\"valueName\":\"search_term_string\"}}],\"inLanguage\":\"en-US\"},{\"@type\":\"Organization\",\"@id\":\"https:\/\/consejoderectores.cl\/en\/#organization\",\"name\":\"Consejo de Rectoras y Rectores de las Universidades Chilenas\",\"url\":\"https:\/\/consejoderectores.cl\/en\/\",\"logo\":{\"@type\":\"ImageObject\",\"inLanguage\":\"en-US\",\"@id\":\"https:\/\/consejoderectores.cl\/en\/#\/schema\/logo\/image\/\",\"url\":\"https:\/\/consejoderectores.cl\/wp-content\/uploads\/2025\/12\/logoheader_2025.png\",\"contentUrl\":\"https:\/\/consejoderectores.cl\/wp-content\/uploads\/2025\/12\/logoheader_2025.png\",\"width\":666,\"height\":305,\"caption\":\"Consejo de Rectoras y Rectores de las Universidades Chilenas\"},\"image\":{\"@id\":\"https:\/\/consejoderectores.cl\/en\/#\/schema\/logo\/image\/\"},\"sameAs\":[\"https:\/\/x.com\/CRUCH_cl\",\"https:\/\/www.instagram.com\/consejoderectores\/\",\"https:\/\/www.linkedin.com\/company\/cruch\/\",\"https:\/\/www.youtube.com\/channel\/UCzgIFRCsDlKoFpimiQmEaOA\"]},{\"@type\":\"Person\",\"@id\":\"https:\/\/consejoderectores.cl\/en\/#\/schema\/person\/d863e44afde067fd4b57fac66ced709e\",\"name\":\"Consejo de Rectores de las Universidades Chilenas\",\"image\":{\"@type\":\"ImageObject\",\"inLanguage\":\"en-US\",\"@id\":\"https:\/\/consejoderectores.cl\/en\/#\/schema\/person\/image\/\",\"url\":\"https:\/\/secure.gravatar.com\/avatar\/c31e2a02401f041926afb8ee21ab666f0925814fe85d25a5c8db80e23722dfc1?s=96&d=mm&r=g\",\"contentUrl\":\"https:\/\/secure.gravatar.com\/avatar\/c31e2a02401f041926afb8ee21ab666f0925814fe85d25a5c8db80e23722dfc1?s=96&d=mm&r=g\",\"caption\":\"Consejo de Rectores de las Universidades Chilenas\"},\"sameAs\":[\"https:\/\/www.consejoderectores.cl\"],\"url\":\"https:\/\/consejoderectores.cl\/en\/author\/cruch\/\"}]}<\/script>\n<!-- \/ Yoast SEO plugin. -->","yoast_head_json":{"title":"Consejo de Rectores reconoce aportes del destacado acad\u00e9mico Francisco Javier Gil a la educaci\u00f3n superior de Chile - Consejo de Rectoras y Rectores de las Universidades Chilenas","robots":{"index":"index","follow":"follow","max-snippet":"max-snippet:-1","max-image-preview":"max-image-preview:large","max-video-preview":"max-video-preview:-1"},"canonical":"https:\/\/consejoderectores.cl\/en\/2021\/03\/03\/608935867fe2a\/","og_locale":"en_US","og_type":"article","og_title":"Consejo de Rectores reconoce aportes del destacado acad\u00e9mico Francisco Javier Gil a la educaci\u00f3n superior de Chile - Consejo de Rectoras y Rectores de las Universidades Chilenas","og_description":"El acad\u00e9mico e investigador de la Universidad de Santiago, adem\u00e1s de director de la C\u00e1tedra Unesco de Inclusi\u00f3n en la Educaci\u00f3n Superior Universitaria, falleci\u00f3 este martes 3 de marzo durante la madrugada. Es considerado un referente en el \u00e1mbito de equidad en educaci\u00f3n y reconocido por su invaluable aporte en el dise\u00f1o e implementaci\u00f3n de [&hellip;]","og_url":"https:\/\/consejoderectores.cl\/en\/2021\/03\/03\/608935867fe2a\/","og_site_name":"Consejo de Rectoras y Rectores de las Universidades Chilenas","article_published_time":"2021-03-03T00:00:00+00:00","article_modified_time":"2021-12-07T19:03:02+00:00","og_image":[{"width":2048,"height":1367,"url":"https:\/\/consejoderectores.cl\/wp-content\/uploads\/2021\/03\/fco-javier-gil.jpg","type":"image\/jpeg"}],"author":"Consejo de Rectores de las Universidades Chilenas","twitter_card":"summary_large_image","twitter_creator":"@CRUCH_cl","twitter_site":"@CRUCH_cl","twitter_misc":{"Written by":"Consejo de Rectores de las Universidades Chilenas","Est. reading time":"4 minutes"},"schema":{"@context":"https:\/\/schema.org","@graph":[{"@type":"Article","@id":"https:\/\/consejoderectores.cl\/2021\/03\/03\/608935867fe2a\/#article","isPartOf":{"@id":"https:\/\/consejoderectores.cl\/2021\/03\/03\/608935867fe2a\/"},"author":{"name":"Consejo de Rectores de las Universidades Chilenas","@id":"https:\/\/consejoderectores.cl\/en\/#\/schema\/person\/d863e44afde067fd4b57fac66ced709e"},"headline":"Consejo de Rectores reconoce aportes del destacado acad\u00e9mico Francisco Javier Gil a la educaci\u00f3n superior de Chile","datePublished":"2021-03-03T00:00:00+00:00","dateModified":"2021-12-07T19:03:02+00:00","mainEntityOfPage":{"@id":"https:\/\/consejoderectores.cl\/2021\/03\/03\/608935867fe2a\/"},"wordCount":782,"commentCount":0,"publisher":{"@id":"https:\/\/consejoderectores.cl\/en\/#organization"},"image":{"@id":"https:\/\/consejoderectores.cl\/2021\/03\/03\/608935867fe2a\/#primaryimage"},"thumbnailUrl":"https:\/\/consejoderectores.cl\/wp-content\/uploads\/2021\/03\/fco-javier-gil.jpg","articleSection":["Noticias"],"inLanguage":"en-US","potentialAction":[{"@type":"CommentAction","name":"Comment","target":["https:\/\/consejoderectores.cl\/2021\/03\/03\/608935867fe2a\/#respond"]}]},{"@type":"WebPage","@id":"https:\/\/consejoderectores.cl\/2021\/03\/03\/608935867fe2a\/","url":"https:\/\/consejoderectores.cl\/2021\/03\/03\/608935867fe2a\/","name":"Consejo de Rectores reconoce aportes del destacado acad\u00e9mico Francisco Javier Gil a la educaci\u00f3n superior de Chile - Consejo de Rectoras y Rectores de las Universidades Chilenas","isPartOf":{"@id":"https:\/\/consejoderectores.cl\/en\/#website"},"primaryImageOfPage":{"@id":"https:\/\/consejoderectores.cl\/2021\/03\/03\/608935867fe2a\/#primaryimage"},"image":{"@id":"https:\/\/consejoderectores.cl\/2021\/03\/03\/608935867fe2a\/#primaryimage"},"thumbnailUrl":"https:\/\/consejoderectores.cl\/wp-content\/uploads\/2021\/03\/fco-javier-gil.jpg","datePublished":"2021-03-03T00:00:00+00:00","dateModified":"2021-12-07T19:03:02+00:00","breadcrumb":{"@id":"https:\/\/consejoderectores.cl\/2021\/03\/03\/608935867fe2a\/#breadcrumb"},"inLanguage":"en-US","potentialAction":[{"@type":"ReadAction","target":["https:\/\/consejoderectores.cl\/2021\/03\/03\/608935867fe2a\/"]}]},{"@type":"ImageObject","inLanguage":"en-US","@id":"https:\/\/consejoderectores.cl\/2021\/03\/03\/608935867fe2a\/#primaryimage","url":"https:\/\/consejoderectores.cl\/wp-content\/uploads\/2021\/03\/fco-javier-gil.jpg","contentUrl":"https:\/\/consejoderectores.cl\/wp-content\/uploads\/2021\/03\/fco-javier-gil.jpg","width":2048,"height":1367},{"@type":"BreadcrumbList","@id":"https:\/\/consejoderectores.cl\/2021\/03\/03\/608935867fe2a\/#breadcrumb","itemListElement":[{"@type":"ListItem","position":1,"name":"Home","item":"https:\/\/consejoderectores.cl\/"},{"@type":"ListItem","position":2,"name":"Consejo de Rectores reconoce aportes del destacado acad\u00e9mico Francisco Javier Gil a la educaci\u00f3n superior de Chile"}]},{"@type":"WebSite","@id":"https:\/\/consejoderectores.cl\/en\/#website","url":"https:\/\/consejoderectores.cl\/en\/","name":"Council of Rectors of Chilean Universities","description":"","publisher":{"@id":"https:\/\/consejoderectores.cl\/en\/#organization"},"potentialAction":[{"@type":"SearchAction","target":{"@type":"EntryPoint","urlTemplate":"https:\/\/consejoderectores.cl\/en\/?s={search_term_string}"},"query-input":{"@type":"PropertyValueSpecification","valueRequired":true,"valueName":"search_term_string"}}],"inLanguage":"en-US"},{"@type":"Organization","@id":"https:\/\/consejoderectores.cl\/en\/#organization","name":"Council of Rectors of Chilean Universities","url":"https:\/\/consejoderectores.cl\/en\/","logo":{"@type":"ImageObject","inLanguage":"en-US","@id":"https:\/\/consejoderectores.cl\/en\/#\/schema\/logo\/image\/","url":"https:\/\/consejoderectores.cl\/wp-content\/uploads\/2025\/12\/logoheader_2025.png","contentUrl":"https:\/\/consejoderectores.cl\/wp-content\/uploads\/2025\/12\/logoheader_2025.png","width":666,"height":305,"caption":"Consejo de Rectoras y Rectores de las Universidades Chilenas"},"image":{"@id":"https:\/\/consejoderectores.cl\/en\/#\/schema\/logo\/image\/"},"sameAs":["https:\/\/x.com\/CRUCH_cl","https:\/\/www.instagram.com\/consejoderectores\/","https:\/\/www.linkedin.com\/company\/cruch\/","https:\/\/www.youtube.com\/channel\/UCzgIFRCsDlKoFpimiQmEaOA"]},{"@type":"Person","@id":"https:\/\/consejoderectores.cl\/en\/#\/schema\/person\/d863e44afde067fd4b57fac66ced709e","name":"Council of Rectors of Chilean Universities","image":{"@type":"ImageObject","inLanguage":"en-US","@id":"https:\/\/consejoderectores.cl\/en\/#\/schema\/person\/image\/","url":"https:\/\/secure.gravatar.com\/avatar\/c31e2a02401f041926afb8ee21ab666f0925814fe85d25a5c8db80e23722dfc1?s=96&d=mm&r=g","contentUrl":"https:\/\/secure.gravatar.com\/avatar\/c31e2a02401f041926afb8ee21ab666f0925814fe85d25a5c8db80e23722dfc1?s=96&d=mm&r=g","caption":"Consejo de Rectores de las Universidades Chilenas"},"sameAs":["https:\/\/www.consejoderectores.cl"],"url":"https:\/\/consejoderectores.cl\/en\/author\/cruch\/"}]}},"_links":{"self":[{"href":"https:\/\/consejoderectores.cl\/en\/wp-json\/wp\/v2\/posts\/2246","targetHints":{"allow":["GET"]}}],"collection":[{"href":"https:\/\/consejoderectores.cl\/en\/wp-json\/wp\/v2\/posts"}],"about":[{"href":"https:\/\/consejoderectores.cl\/en\/wp-json\/wp\/v2\/types\/post"}],"author":[{"embeddable":true,"href":"https:\/\/consejoderectores.cl\/en\/wp-json\/wp\/v2\/users\/1"}],"replies":[{"embeddable":true,"href":"https:\/\/consejoderectores.cl\/en\/wp-json\/wp\/v2\/comments?post=2246"}],"version-history":[{"count":3,"href":"https:\/\/consejoderectores.cl\/en\/wp-json\/wp\/v2\/posts\/2246\/revisions"}],"predecessor-version":[{"id":4614,"href":"https:\/\/consejoderectores.cl\/en\/wp-json\/wp\/v2\/posts\/2246\/revisions\/4614"}],"wp:featuredmedia":[{"embeddable":true,"href":"https:\/\/consejoderectores.cl\/en\/wp-json\/wp\/v2\/media\/4613"}],"wp:attachment":[{"href":"https:\/\/consejoderectores.cl\/en\/wp-json\/wp\/v2\/media?parent=2246"}],"wp:term":[{"taxonomy":"category","embeddable":true,"href":"https:\/\/consejoderectores.cl\/en\/wp-json\/wp\/v2\/categories?post=2246"},{"taxonomy":"post_tag","embeddable":true,"href":"https:\/\/consejoderectores.cl\/en\/wp-json\/wp\/v2\/tags?post=2246"}],"curies":[{"name":"wp","href":"https:\/\/api.w.org\/{rel}","templated":true}]}}