{"id":2244,"date":"2021-03-25T00:00:00","date_gmt":"2021-03-25T00:00:00","guid":{"rendered":""},"modified":"2021-12-14T19:53:55","modified_gmt":"2021-12-14T19:53:55","slug":"608935867fcb3","status":"publish","type":"post","link":"https:\/\/consejoderectores.cl\/en\/2021\/03\/25\/608935867fcb3\/","title":{"rendered":"Council of Rectors agreed to initiate the revision process of the Higher Education Law"},"content":{"rendered":"<blockquote style=\"text-align: left;\"><p>The executive vice president of CRUCH announced that the scope of the regulation will be analyzed and evaluated, from which it could &quot;ask Parliament or the Executive to review aspects that are considered difficult to handle.&quot;<\/p>\n<p>The session also addressed the financial impact of the health crisis on universities, the proposal for a model of regulated fees and the vacancy regulation system that the Ministry of Education will soon present.<\/p><\/blockquote>\n<p style=\"text-align: left;\">The Council of Rectors of Chilean Universities (CRUCH) adopted the agreement to initiate a review process to Law No. 21.091 on Higher Education, promulgated during 2018, and will address the possibility of proposing adjustments to this regulation. This was announced by the executive vice president of CRUCH and rector of the University of Santiago, Juan Manuel Zolezzi, at the end of the session on Thursday, March 25.<\/p>\n<p>Zolezzi recalled that the law is now 3 years old, but that Gratuity was implemented two years before, &quot;which is part of the regulation and the financing of the system.&quot; As a balance, he pointed out that &quot;we have had some differences in how this law has been interpreted by the Undersecretariat of Higher Education and, for example, on the subject of regulated fees we made a presentation at the Comptroller General of the Republic.&quot;<\/p>\n<p>The executive vice president of CRUCH stated that \u201cwe want to make an analysis as close as possible to the academic issues on Law 21.091 and from this make some decisions, which could be to ask the Parliament or the Executive to review aspects that are considered difficult to handle&quot;.<\/p>\n<p>Regarding what the CRUCH expects from these authorities, the rector stated that \u201cwith Parliament we are close, they have been supporting us in recent years in budgetary matters and in a concern for higher education in terms of financing, development and quality. And from the Executive we have not heard a negative response. The Executive is receptive, waiting for what we can ask him \u201d.<\/p>\n<h4 style=\"text-align: left;\">Financial impact of the pandemic<\/h4>\n<p style=\"text-align: left;\">The plenary also reviewed a report from the CRUCH economic commission, referring to the financial impact on CRUCH universities, first due to the social crisis and then due to the health emergency caused by Covid-19.<\/p>\n<p>The president of the commission, the rector of the University of Concepci\u00f3n, Carlos Saavedra, said that according to this balance, the total impact is 248 billion pesos \u201cand to reflect it simply, this is equivalent to the entire Direct Fiscal Contribution (AFD) that Mineduc does to CRUCH universities \u201d.<\/p>\n<p>Saavedra explained that this figure considers three aspects: the decrease in income, the higher expenses of the universities due to the pandemic and also the savings generated by virtuality. He explained that &quot;during the past year the study houses saw their income in the areas of undergraduate, postgraduate, continuing training, academic cooperation and the sale of services decreased, for a total of $228 billion pesos&quot;; meanwhile, due to the health crisis, &quot;the institutions had to assume higher expenses in adapting teaching to the non-face-to-face modality and in the implementation of semi-face-to-face work, which translated into a total amount of 75 billion pesos&quot; ; finally, he stated that although &quot;the presence generated new expenses, but it also generated savings, which is estimated at almost 56 billion pesos.&quot;<\/p>\n<h4 style=\"text-align: left;\">Regulated fees and vacancies<\/h4>\n<p style=\"text-align: left;\">The CRUCH Economic Commission also presented progress on the design of its own model of regulated tariffs that considers integral aspects that should be considered in its setting. The rector Saavedra stated that &quot;it seems relevant to us to have a proposal from the Council that contributes to the definition of regulated tariffs for the entire system.&quot;<\/p>\n<p>The effects of the vacancy regulation system were also addressed, which, according to the provisions of the Higher Education Law, will be presented in April by the Ministry of Education and will govern for 5 years. &quot;The institutions were asked for information a short time ago and, therefore, it cannot be a fully participatory process that incorporates a comprehensive view,&quot; said Rector Saavedra.<\/p>\n<p>The university authority stated that it is essential that the regulation of vacancies considers \u201can unrestricted respect for the autonomy (of the universities) and that this autonomy, naturally, is increasing in terms of the years of accreditation of the institutions, so that they can maintain the independence necessary to define plans, careers and offers in each of these careers \u201d.<\/p>\n<p>On the other hand, Saavedra stated that the system must address the missionary elements of each of the institutions &quot;and that it is not exclusively regulated by a prospective supply and demand model.&quot;<\/p>\n<h4 style=\"text-align: left;\">Other topics of the session<\/h4>\n<p style=\"text-align: left;\">On the other hand, the Undersecretary of Higher Education, Juan Eduardo Vargas, made a presentation on the results of the 2021 Admission Process, which were developed by the Ministry of Education and the Department of Evaluation, Measurement and Educational Registration (DEMRE) of the University of Chile .<\/p>\n<p>In addition, this morning the CRUCH Universities and Constituent Process website was released, which brings together various initiatives that have been developed by the 30 universities of the Council, from 2019 to date. The site includes information on colloquia and meetings, citizen training activities, publications, resources of interest and other initiatives organized by the houses of study. See at: https:\/\/procesoconstituctado.consejoderectores.cl\/.<\/p>","protected":false},"excerpt":{"rendered":"<p>El vicepresidente ejecutivo del CRUCH anunci\u00f3 que se analizar\u00e1n y evaluar\u00e1n los alcances de la norma, a partir de lo cual se podr\u00eda \u00abpedir al Parlamento o al Ejecutivo la revisi\u00f3n de aspectos que se consideran dif\u00edciles de manejar\u00bb. En la sesi\u00f3n tambi\u00e9n se abordaron el impacto financiero de la crisis sanitaria en las universidades, [&hellip;]<\/p>\n","protected":false},"author":1,"featured_media":2292,"comment_status":"open","ping_status":"open","sticky":false,"template":"","format":"standard","meta":{"_acf_changed":false,"footnotes":""},"categories":[3],"tags":[],"class_list":["post-2244","post","type-post","status-publish","format-standard","has-post-thumbnail","hentry","category-noticias"],"acf":[],"yoast_head":"<!-- This site is optimized with the Yoast SEO plugin v27.1.1 - https:\/\/yoast.com\/product\/yoast-seo-wordpress\/ -->\n<title>Consejo de Rectores acord\u00f3 iniciar proceso de revisi\u00f3n de Ley de Educaci\u00f3n Superior - Consejo de Rectoras y Rectores de las Universidades Chilenas<\/title>\n<meta name=\"robots\" content=\"index, follow, max-snippet:-1, max-image-preview:large, max-video-preview:-1\" \/>\n<link rel=\"canonical\" href=\"https:\/\/consejoderectores.cl\/en\/2021\/03\/25\/608935867fcb3\/\" \/>\n<meta property=\"og:locale\" content=\"en_US\" \/>\n<meta property=\"og:type\" content=\"article\" \/>\n<meta property=\"og:title\" content=\"Consejo de Rectores acord\u00f3 iniciar proceso de revisi\u00f3n de Ley de Educaci\u00f3n Superior - Consejo de Rectoras y Rectores de las Universidades Chilenas\" \/>\n<meta property=\"og:description\" content=\"El vicepresidente ejecutivo del CRUCH anunci\u00f3 que se analizar\u00e1n y evaluar\u00e1n los alcances de la norma, a partir de lo cual se podr\u00eda \u00abpedir al Parlamento o al Ejecutivo la revisi\u00f3n de aspectos que se consideran dif\u00edciles de manejar\u00bb. En la sesi\u00f3n tambi\u00e9n se abordaron el impacto financiero de la crisis sanitaria en las universidades, [&hellip;]\" \/>\n<meta property=\"og:url\" content=\"https:\/\/consejoderectores.cl\/en\/2021\/03\/25\/608935867fcb3\/\" \/>\n<meta property=\"og:site_name\" content=\"Consejo de Rectoras y Rectores de las Universidades Chilenas\" \/>\n<meta property=\"article:published_time\" content=\"2021-03-25T00:00:00+00:00\" \/>\n<meta property=\"article:modified_time\" content=\"2021-12-14T19:53:55+00:00\" \/>\n<meta property=\"og:image\" content=\"https:\/\/consejoderectores.cl\/wp-content\/uploads\/2021\/03\/3_sesion-CRUCH-marzo-2021.jpg\" \/>\n\t<meta property=\"og:image:width\" content=\"995\" \/>\n\t<meta property=\"og:image:height\" content=\"587\" \/>\n\t<meta property=\"og:image:type\" content=\"image\/jpeg\" \/>\n<meta name=\"author\" content=\"Consejo de Rectores de las Universidades Chilenas\" \/>\n<meta name=\"twitter:card\" content=\"summary_large_image\" \/>\n<meta name=\"twitter:creator\" content=\"@CRUCH_cl\" \/>\n<meta name=\"twitter:site\" content=\"@CRUCH_cl\" \/>\n<meta name=\"twitter:label1\" content=\"Written by\" \/>\n\t<meta name=\"twitter:data1\" content=\"Consejo de Rectores de las Universidades Chilenas\" \/>\n\t<meta name=\"twitter:label2\" content=\"Est. reading time\" \/>\n\t<meta name=\"twitter:data2\" content=\"5 minutes\" \/>\n<script type=\"application\/ld+json\" class=\"yoast-schema-graph\">{\"@context\":\"https:\/\/schema.org\",\"@graph\":[{\"@type\":\"Article\",\"@id\":\"https:\/\/consejoderectores.cl\/en\/2021\/03\/25\/608935867fcb3\/#article\",\"isPartOf\":{\"@id\":\"https:\/\/consejoderectores.cl\/en\/2021\/03\/25\/608935867fcb3\/\"},\"author\":{\"name\":\"Consejo de Rectores de las Universidades Chilenas\",\"@id\":\"https:\/\/consejoderectores.cl\/en\/#\/schema\/person\/d863e44afde067fd4b57fac66ced709e\"},\"headline\":\"Consejo de Rectores acord\u00f3 iniciar proceso de revisi\u00f3n de Ley de Educaci\u00f3n Superior\",\"datePublished\":\"2021-03-25T00:00:00+00:00\",\"dateModified\":\"2021-12-14T19:53:55+00:00\",\"mainEntityOfPage\":{\"@id\":\"https:\/\/consejoderectores.cl\/en\/2021\/03\/25\/608935867fcb3\/\"},\"wordCount\":979,\"commentCount\":0,\"publisher\":{\"@id\":\"https:\/\/consejoderectores.cl\/en\/#organization\"},\"image\":{\"@id\":\"https:\/\/consejoderectores.cl\/en\/2021\/03\/25\/608935867fcb3\/#primaryimage\"},\"thumbnailUrl\":\"https:\/\/consejoderectores.cl\/wp-content\/uploads\/2021\/03\/3_sesion-CRUCH-marzo-2021.jpg\",\"articleSection\":[\"Noticias\"],\"inLanguage\":\"en-US\",\"potentialAction\":[{\"@type\":\"CommentAction\",\"name\":\"Comment\",\"target\":[\"https:\/\/consejoderectores.cl\/en\/2021\/03\/25\/608935867fcb3\/#respond\"]}]},{\"@type\":\"WebPage\",\"@id\":\"https:\/\/consejoderectores.cl\/en\/2021\/03\/25\/608935867fcb3\/\",\"url\":\"https:\/\/consejoderectores.cl\/en\/2021\/03\/25\/608935867fcb3\/\",\"name\":\"Consejo de Rectores acord\u00f3 iniciar proceso de revisi\u00f3n de Ley de Educaci\u00f3n Superior - Consejo de Rectoras y Rectores de las Universidades Chilenas\",\"isPartOf\":{\"@id\":\"https:\/\/consejoderectores.cl\/en\/#website\"},\"primaryImageOfPage\":{\"@id\":\"https:\/\/consejoderectores.cl\/en\/2021\/03\/25\/608935867fcb3\/#primaryimage\"},\"image\":{\"@id\":\"https:\/\/consejoderectores.cl\/en\/2021\/03\/25\/608935867fcb3\/#primaryimage\"},\"thumbnailUrl\":\"https:\/\/consejoderectores.cl\/wp-content\/uploads\/2021\/03\/3_sesion-CRUCH-marzo-2021.jpg\",\"datePublished\":\"2021-03-25T00:00:00+00:00\",\"dateModified\":\"2021-12-14T19:53:55+00:00\",\"breadcrumb\":{\"@id\":\"https:\/\/consejoderectores.cl\/en\/2021\/03\/25\/608935867fcb3\/#breadcrumb\"},\"inLanguage\":\"en-US\",\"potentialAction\":[{\"@type\":\"ReadAction\",\"target\":[\"https:\/\/consejoderectores.cl\/en\/2021\/03\/25\/608935867fcb3\/\"]}]},{\"@type\":\"ImageObject\",\"inLanguage\":\"en-US\",\"@id\":\"https:\/\/consejoderectores.cl\/en\/2021\/03\/25\/608935867fcb3\/#primaryimage\",\"url\":\"https:\/\/consejoderectores.cl\/wp-content\/uploads\/2021\/03\/3_sesion-CRUCH-marzo-2021.jpg\",\"contentUrl\":\"https:\/\/consejoderectores.cl\/wp-content\/uploads\/2021\/03\/3_sesion-CRUCH-marzo-2021.jpg\",\"width\":995,\"height\":587},{\"@type\":\"BreadcrumbList\",\"@id\":\"https:\/\/consejoderectores.cl\/en\/2021\/03\/25\/608935867fcb3\/#breadcrumb\",\"itemListElement\":[{\"@type\":\"ListItem\",\"position\":1,\"name\":\"Home\",\"item\":\"https:\/\/consejoderectores.cl\/\"},{\"@type\":\"ListItem\",\"position\":2,\"name\":\"Consejo de Rectores acord\u00f3 iniciar proceso de revisi\u00f3n de Ley de Educaci\u00f3n Superior\"}]},{\"@type\":\"WebSite\",\"@id\":\"https:\/\/consejoderectores.cl\/en\/#website\",\"url\":\"https:\/\/consejoderectores.cl\/en\/\",\"name\":\"Consejo de Rectoras y Rectores de las Universidades Chilenas\",\"description\":\"\",\"publisher\":{\"@id\":\"https:\/\/consejoderectores.cl\/en\/#organization\"},\"potentialAction\":[{\"@type\":\"SearchAction\",\"target\":{\"@type\":\"EntryPoint\",\"urlTemplate\":\"https:\/\/consejoderectores.cl\/en\/?s={search_term_string}\"},\"query-input\":{\"@type\":\"PropertyValueSpecification\",\"valueRequired\":true,\"valueName\":\"search_term_string\"}}],\"inLanguage\":\"en-US\"},{\"@type\":\"Organization\",\"@id\":\"https:\/\/consejoderectores.cl\/en\/#organization\",\"name\":\"Consejo de Rectoras y Rectores de las Universidades Chilenas\",\"url\":\"https:\/\/consejoderectores.cl\/en\/\",\"logo\":{\"@type\":\"ImageObject\",\"inLanguage\":\"en-US\",\"@id\":\"https:\/\/consejoderectores.cl\/en\/#\/schema\/logo\/image\/\",\"url\":\"https:\/\/consejoderectores.cl\/wp-content\/uploads\/2025\/12\/logoheader_2025.png\",\"contentUrl\":\"https:\/\/consejoderectores.cl\/wp-content\/uploads\/2025\/12\/logoheader_2025.png\",\"width\":666,\"height\":305,\"caption\":\"Consejo de Rectoras y Rectores de las Universidades Chilenas\"},\"image\":{\"@id\":\"https:\/\/consejoderectores.cl\/en\/#\/schema\/logo\/image\/\"},\"sameAs\":[\"https:\/\/x.com\/CRUCH_cl\",\"https:\/\/www.instagram.com\/consejoderectores\/\",\"https:\/\/www.linkedin.com\/company\/cruch\/\",\"https:\/\/www.youtube.com\/channel\/UCzgIFRCsDlKoFpimiQmEaOA\"]},{\"@type\":\"Person\",\"@id\":\"https:\/\/consejoderectores.cl\/en\/#\/schema\/person\/d863e44afde067fd4b57fac66ced709e\",\"name\":\"Consejo de Rectores de las Universidades Chilenas\",\"image\":{\"@type\":\"ImageObject\",\"inLanguage\":\"en-US\",\"@id\":\"https:\/\/consejoderectores.cl\/en\/#\/schema\/person\/image\/\",\"url\":\"https:\/\/secure.gravatar.com\/avatar\/c31e2a02401f041926afb8ee21ab666f0925814fe85d25a5c8db80e23722dfc1?s=96&d=mm&r=g\",\"contentUrl\":\"https:\/\/secure.gravatar.com\/avatar\/c31e2a02401f041926afb8ee21ab666f0925814fe85d25a5c8db80e23722dfc1?s=96&d=mm&r=g\",\"caption\":\"Consejo de Rectores de las Universidades Chilenas\"},\"sameAs\":[\"https:\/\/www.consejoderectores.cl\"],\"url\":\"https:\/\/consejoderectores.cl\/en\/author\/cruch\/\"}]}<\/script>\n<!-- \/ Yoast SEO plugin. -->","yoast_head_json":{"title":"Consejo de Rectores acord\u00f3 iniciar proceso de revisi\u00f3n de Ley de Educaci\u00f3n Superior - Consejo de Rectoras y Rectores de las Universidades Chilenas","robots":{"index":"index","follow":"follow","max-snippet":"max-snippet:-1","max-image-preview":"max-image-preview:large","max-video-preview":"max-video-preview:-1"},"canonical":"https:\/\/consejoderectores.cl\/en\/2021\/03\/25\/608935867fcb3\/","og_locale":"en_US","og_type":"article","og_title":"Consejo de Rectores acord\u00f3 iniciar proceso de revisi\u00f3n de Ley de Educaci\u00f3n Superior - Consejo de Rectoras y Rectores de las Universidades Chilenas","og_description":"El vicepresidente ejecutivo del CRUCH anunci\u00f3 que se analizar\u00e1n y evaluar\u00e1n los alcances de la norma, a partir de lo cual se podr\u00eda \u00abpedir al Parlamento o al Ejecutivo la revisi\u00f3n de aspectos que se consideran dif\u00edciles de manejar\u00bb. En la sesi\u00f3n tambi\u00e9n se abordaron el impacto financiero de la crisis sanitaria en las universidades, [&hellip;]","og_url":"https:\/\/consejoderectores.cl\/en\/2021\/03\/25\/608935867fcb3\/","og_site_name":"Consejo de Rectoras y Rectores de las Universidades Chilenas","article_published_time":"2021-03-25T00:00:00+00:00","article_modified_time":"2021-12-14T19:53:55+00:00","og_image":[{"width":995,"height":587,"url":"https:\/\/consejoderectores.cl\/wp-content\/uploads\/2021\/03\/3_sesion-CRUCH-marzo-2021.jpg","type":"image\/jpeg"}],"author":"Consejo de Rectores de las Universidades Chilenas","twitter_card":"summary_large_image","twitter_creator":"@CRUCH_cl","twitter_site":"@CRUCH_cl","twitter_misc":{"Written by":"Consejo de Rectores de las Universidades Chilenas","Est. reading time":"5 minutes"},"schema":{"@context":"https:\/\/schema.org","@graph":[{"@type":"Article","@id":"https:\/\/consejoderectores.cl\/en\/2021\/03\/25\/608935867fcb3\/#article","isPartOf":{"@id":"https:\/\/consejoderectores.cl\/en\/2021\/03\/25\/608935867fcb3\/"},"author":{"name":"Consejo de Rectores de las Universidades Chilenas","@id":"https:\/\/consejoderectores.cl\/en\/#\/schema\/person\/d863e44afde067fd4b57fac66ced709e"},"headline":"Consejo de Rectores acord\u00f3 iniciar proceso de revisi\u00f3n de Ley de Educaci\u00f3n Superior","datePublished":"2021-03-25T00:00:00+00:00","dateModified":"2021-12-14T19:53:55+00:00","mainEntityOfPage":{"@id":"https:\/\/consejoderectores.cl\/en\/2021\/03\/25\/608935867fcb3\/"},"wordCount":979,"commentCount":0,"publisher":{"@id":"https:\/\/consejoderectores.cl\/en\/#organization"},"image":{"@id":"https:\/\/consejoderectores.cl\/en\/2021\/03\/25\/608935867fcb3\/#primaryimage"},"thumbnailUrl":"https:\/\/consejoderectores.cl\/wp-content\/uploads\/2021\/03\/3_sesion-CRUCH-marzo-2021.jpg","articleSection":["Noticias"],"inLanguage":"en-US","potentialAction":[{"@type":"CommentAction","name":"Comment","target":["https:\/\/consejoderectores.cl\/en\/2021\/03\/25\/608935867fcb3\/#respond"]}]},{"@type":"WebPage","@id":"https:\/\/consejoderectores.cl\/en\/2021\/03\/25\/608935867fcb3\/","url":"https:\/\/consejoderectores.cl\/en\/2021\/03\/25\/608935867fcb3\/","name":"Consejo de Rectores acord\u00f3 iniciar proceso de revisi\u00f3n de Ley de Educaci\u00f3n Superior - Consejo de Rectoras y Rectores de las Universidades Chilenas","isPartOf":{"@id":"https:\/\/consejoderectores.cl\/en\/#website"},"primaryImageOfPage":{"@id":"https:\/\/consejoderectores.cl\/en\/2021\/03\/25\/608935867fcb3\/#primaryimage"},"image":{"@id":"https:\/\/consejoderectores.cl\/en\/2021\/03\/25\/608935867fcb3\/#primaryimage"},"thumbnailUrl":"https:\/\/consejoderectores.cl\/wp-content\/uploads\/2021\/03\/3_sesion-CRUCH-marzo-2021.jpg","datePublished":"2021-03-25T00:00:00+00:00","dateModified":"2021-12-14T19:53:55+00:00","breadcrumb":{"@id":"https:\/\/consejoderectores.cl\/en\/2021\/03\/25\/608935867fcb3\/#breadcrumb"},"inLanguage":"en-US","potentialAction":[{"@type":"ReadAction","target":["https:\/\/consejoderectores.cl\/en\/2021\/03\/25\/608935867fcb3\/"]}]},{"@type":"ImageObject","inLanguage":"en-US","@id":"https:\/\/consejoderectores.cl\/en\/2021\/03\/25\/608935867fcb3\/#primaryimage","url":"https:\/\/consejoderectores.cl\/wp-content\/uploads\/2021\/03\/3_sesion-CRUCH-marzo-2021.jpg","contentUrl":"https:\/\/consejoderectores.cl\/wp-content\/uploads\/2021\/03\/3_sesion-CRUCH-marzo-2021.jpg","width":995,"height":587},{"@type":"BreadcrumbList","@id":"https:\/\/consejoderectores.cl\/en\/2021\/03\/25\/608935867fcb3\/#breadcrumb","itemListElement":[{"@type":"ListItem","position":1,"name":"Home","item":"https:\/\/consejoderectores.cl\/"},{"@type":"ListItem","position":2,"name":"Consejo de Rectores acord\u00f3 iniciar proceso de revisi\u00f3n de Ley de Educaci\u00f3n Superior"}]},{"@type":"WebSite","@id":"https:\/\/consejoderectores.cl\/en\/#website","url":"https:\/\/consejoderectores.cl\/en\/","name":"Council of Rectors of Chilean Universities","description":"","publisher":{"@id":"https:\/\/consejoderectores.cl\/en\/#organization"},"potentialAction":[{"@type":"SearchAction","target":{"@type":"EntryPoint","urlTemplate":"https:\/\/consejoderectores.cl\/en\/?s={search_term_string}"},"query-input":{"@type":"PropertyValueSpecification","valueRequired":true,"valueName":"search_term_string"}}],"inLanguage":"en-US"},{"@type":"Organization","@id":"https:\/\/consejoderectores.cl\/en\/#organization","name":"Council of Rectors of Chilean Universities","url":"https:\/\/consejoderectores.cl\/en\/","logo":{"@type":"ImageObject","inLanguage":"en-US","@id":"https:\/\/consejoderectores.cl\/en\/#\/schema\/logo\/image\/","url":"https:\/\/consejoderectores.cl\/wp-content\/uploads\/2025\/12\/logoheader_2025.png","contentUrl":"https:\/\/consejoderectores.cl\/wp-content\/uploads\/2025\/12\/logoheader_2025.png","width":666,"height":305,"caption":"Consejo de Rectoras y Rectores de las Universidades Chilenas"},"image":{"@id":"https:\/\/consejoderectores.cl\/en\/#\/schema\/logo\/image\/"},"sameAs":["https:\/\/x.com\/CRUCH_cl","https:\/\/www.instagram.com\/consejoderectores\/","https:\/\/www.linkedin.com\/company\/cruch\/","https:\/\/www.youtube.com\/channel\/UCzgIFRCsDlKoFpimiQmEaOA"]},{"@type":"Person","@id":"https:\/\/consejoderectores.cl\/en\/#\/schema\/person\/d863e44afde067fd4b57fac66ced709e","name":"Council of Rectors of Chilean Universities","image":{"@type":"ImageObject","inLanguage":"en-US","@id":"https:\/\/consejoderectores.cl\/en\/#\/schema\/person\/image\/","url":"https:\/\/secure.gravatar.com\/avatar\/c31e2a02401f041926afb8ee21ab666f0925814fe85d25a5c8db80e23722dfc1?s=96&d=mm&r=g","contentUrl":"https:\/\/secure.gravatar.com\/avatar\/c31e2a02401f041926afb8ee21ab666f0925814fe85d25a5c8db80e23722dfc1?s=96&d=mm&r=g","caption":"Consejo de Rectores de las Universidades Chilenas"},"sameAs":["https:\/\/www.consejoderectores.cl"],"url":"https:\/\/consejoderectores.cl\/en\/author\/cruch\/"}]}},"_links":{"self":[{"href":"https:\/\/consejoderectores.cl\/en\/wp-json\/wp\/v2\/posts\/2244","targetHints":{"allow":["GET"]}}],"collection":[{"href":"https:\/\/consejoderectores.cl\/en\/wp-json\/wp\/v2\/posts"}],"about":[{"href":"https:\/\/consejoderectores.cl\/en\/wp-json\/wp\/v2\/types\/post"}],"author":[{"embeddable":true,"href":"https:\/\/consejoderectores.cl\/en\/wp-json\/wp\/v2\/users\/1"}],"replies":[{"embeddable":true,"href":"https:\/\/consejoderectores.cl\/en\/wp-json\/wp\/v2\/comments?post=2244"}],"version-history":[{"count":2,"href":"https:\/\/consejoderectores.cl\/en\/wp-json\/wp\/v2\/posts\/2244\/revisions"}],"predecessor-version":[{"id":4610,"href":"https:\/\/consejoderectores.cl\/en\/wp-json\/wp\/v2\/posts\/2244\/revisions\/4610"}],"wp:featuredmedia":[{"embeddable":true,"href":"https:\/\/consejoderectores.cl\/en\/wp-json\/wp\/v2\/media\/2292"}],"wp:attachment":[{"href":"https:\/\/consejoderectores.cl\/en\/wp-json\/wp\/v2\/media?parent=2244"}],"wp:term":[{"taxonomy":"category","embeddable":true,"href":"https:\/\/consejoderectores.cl\/en\/wp-json\/wp\/v2\/categories?post=2244"},{"taxonomy":"post_tag","embeddable":true,"href":"https:\/\/consejoderectores.cl\/en\/wp-json\/wp\/v2\/tags?post=2244"}],"curies":[{"name":"wp","href":"https:\/\/api.w.org\/{rel}","templated":true}]}}