{"id":1513,"date":"2016-04-22T00:00:00","date_gmt":"2016-04-22T00:00:00","guid":{"rendered":""},"modified":"2022-01-07T15:29:08","modified_gmt":"2022-01-07T15:29:08","slug":"603c6d8080b99","status":"publish","type":"post","link":"https:\/\/consejoderectores.cl\/en\/2016\/04\/22\/603c6d8080b99\/","title":{"rendered":"Rectors of CRUCH meet with Advisory Commissions to start a new cycle of action that promotes joint work and cooperation"},"content":{"rendered":"<blockquote><p>The executive vice president of CRUCH and rector of the University of Valpara\u00edso, Aldo Valle, welcomed the directors of the CRUCH advisory commissions and noted that the Council of Rectors wants to mark a milestone by starting a new cycle of work with each of the four commissions, under the umbrella of joint work with greater articulation, cooperation and institutionalization.<\/p>\n<p>Also present at the work day were the rectors Diego Dur\u00e1n (UCM), Ennio Vivaldi (U. de Chile), Sergio Bravo (UFRO) and Darcy Fuenzalida (UFSM).<\/p><\/blockquote>\n<p>With the purpose of resuming the work of the four CRUCH advisory commissions, defining a new working modality and the priority lines of action for 2016, a working day was held between the rectors who are members of the Executive Committee of the Council of Rectors and the directors of the advisory commissions of Postgraduate Studies, Research, Academic Vice-Rectors and International Relations.<\/p>\n<p>In the first part of the day, the executive vice president of CRUCH and rector of the University of Valpara\u00edso, Aldo Valle, along with welcoming the attendees and thanking them for their participation, highlighted the enormous contribution that the Commissions have made and can continue to make in key times where a change in the institutional framework and in the new policies of higher education is being debated.<\/p>\n<p>Rector Valle acknowledged that university rectors are often immersed in the significant demands and urgent needs arising from the current situation, but stated, \u201cWe need technical assistance during these times when we must address the discussions we face. We require well-founded opinions that allow us to contribute proposals and alternatives that we consider essential at this time, given the nature and mission of the CRUCH (Council of Rectors of Chilean Universities), a public body created by law, whose main missions include advising the Ministry of Education on public policies related to higher education, science, and technology.\u201d Therefore, he emphasized the urgency of strengthening and promoting the work of each committee and, in turn, raising awareness of the importance and relevance of these advisory committees.<\/p>\n<p>In his address, the executive vice president of CRUCH also called on attendees to foster greater collaboration with the Council of Rectors and the General Secretariat. To this end, he stated that \u201cit is essential that each committee has the permanent and regular participation of a rector, so that a connection is established with the full Council of Rectors. We want to mark a milestone by initiating a new cycle of greater regularity, greater collaboration, greater recognition of the work of the committees, and more institutionalization of this work,\u201d Aldo Valle explained.<\/p>\n<p>Likewise, the rector of the Catholic University of Maule, Diego Dur\u00e1n, said that the invitation is to continue building a collaborative effort, and that means \u201cthinking of CRUCH as a group of different, original universities that, together, contribute to the country; also considering that there are institutions with different levels of development compared to each other. In this sense, the spirit of collaboration between the commissions should be as strong as possible. Therefore, the invitation is to have a spirit of collaboration, solidarity, and exchange that allows us to move forward,\u201d Diego Dur\u00e1n pointed out.<\/p>\n<p>For his part, the rector of the Federico Santa Mar\u00eda Technical University, Darcy Fuenzalida, emphasized that \u201cthe vision of our communities is relevant at this time when such important issues are being discussed, and from that perspective, it is essential that the commissions of the Council of Rectors coordinate their work jointly and with a permanent dialogue,\u201d said the rector of UFSM.<\/p>\n<p>Another member of the CRUCH Executive Committee who was present at the working session was the rector of the University of La Frontera, Sergio Bravo, who pointed out that it is strategic for the working groups to be open, that is, for the vice-rectors and area directors to invite the 27 universities to participate, and to inform them what is being done in each of the commissions, \u201cit would be very bad for us to have these working groups closed and not open to the participation of the different universities,\u201d Bravo stated.<\/p>\n<p>Subsequently, the Secretary General of the Council of Rectors, Mar\u00eda Isabel Munita, gave a detailed presentation where, in addition to specifying that her unit will have a facilitating role in this new stage, she announced that the CRUCH Secretariat will work to enhance the development of the commissions in three relevant areas: association, transversality and innovation.<br \/>\nFollowing the interventions of the rectors and the general secretary, the attendees held a fluid dialogue with the rectors aimed at identifying the main problems of each of the areas of work and, together, analyzed priorities and possibilities for action.<\/p>\n<p>The event, which took place in Santiago between 10:00 and 17:00, included the formation of working groups by committee in the afternoon, where attendees identified strengths and weaknesses, defined priority topics and lines of work, and made progress in planning for the remainder of 2016.<\/p>\n<p>Among those attending this activity are representatives from various CRUCH campuses, including: University of Chile, University of Concepci\u00f3n, University of Antofagasta, Pontifical Catholic University, University of Valpara\u00edso, University of La Frontera, University of Santiago, Catholic University of the North, Catholic University of Maule, Federico Santa Mar\u00eda Technical University, among others.<\/p>","protected":false},"excerpt":{"rendered":"<p>El vicepresidente ejecutivo del CRUCH y rector de la Universidad de Valpara\u00edso, Aldo Valle, dio la bienvenida a las directivas de las Comisiones asesoras del CRUCH y se\u00f1al\u00f3 que desde el Consejo de Rectores se quiere marcar un hito iniciando un nuevo ciclo de trabajo con cada una de las cuatro comisiones, al alero de [&hellip;]<\/p>\n","protected":false},"author":1,"featured_media":3592,"comment_status":"open","ping_status":"open","sticky":false,"template":"","format":"standard","meta":{"_acf_changed":false,"footnotes":""},"categories":[3],"tags":[],"class_list":["post-1513","post","type-post","status-publish","format-standard","has-post-thumbnail","hentry","category-noticias"],"acf":[],"yoast_head":"<!-- This site is optimized with the Yoast SEO plugin v27.1.1 - https:\/\/yoast.com\/product\/yoast-seo-wordpress\/ -->\n<title>Rectores del CRUCH se re\u00fanen con Comisiones asesoras para dar inicio a nuevo ciclo de acci\u00f3n que promueve trabajo conjunto y cooperaci\u00f3n - Consejo de Rectoras y Rectores de las Universidades Chilenas<\/title>\n<meta name=\"robots\" content=\"index, follow, max-snippet:-1, max-image-preview:large, max-video-preview:-1\" \/>\n<link rel=\"canonical\" href=\"https:\/\/consejoderectores.cl\/en\/2016\/04\/22\/603c6d8080b99\/\" \/>\n<meta property=\"og:locale\" content=\"en_US\" \/>\n<meta property=\"og:type\" content=\"article\" \/>\n<meta property=\"og:title\" content=\"Rectores del CRUCH se re\u00fanen con Comisiones asesoras para dar inicio a nuevo ciclo de acci\u00f3n que promueve trabajo conjunto y cooperaci\u00f3n - Consejo de Rectoras y Rectores de las Universidades Chilenas\" \/>\n<meta property=\"og:description\" content=\"El vicepresidente ejecutivo del CRUCH y rector de la Universidad de Valpara\u00edso, Aldo Valle, dio la bienvenida a las directivas de las Comisiones asesoras del CRUCH y se\u00f1al\u00f3 que desde el Consejo de Rectores se quiere marcar un hito iniciando un nuevo ciclo de trabajo con cada una de las cuatro comisiones, al alero de [&hellip;]\" \/>\n<meta property=\"og:url\" content=\"https:\/\/consejoderectores.cl\/en\/2016\/04\/22\/603c6d8080b99\/\" \/>\n<meta property=\"og:site_name\" content=\"Consejo de Rectoras y Rectores de las Universidades Chilenas\" \/>\n<meta property=\"article:published_time\" content=\"2016-04-22T00:00:00+00:00\" \/>\n<meta property=\"article:modified_time\" content=\"2022-01-07T15:29:08+00:00\" \/>\n<meta property=\"og:image\" content=\"https:\/\/consejoderectores.cl\/wp-content\/uploads\/2021\/10\/declaraciones-publicas.jpg\" \/>\n\t<meta property=\"og:image:width\" content=\"1024\" \/>\n\t<meta property=\"og:image:height\" content=\"500\" \/>\n\t<meta property=\"og:image:type\" content=\"image\/jpeg\" \/>\n<meta name=\"author\" content=\"Consejo de Rectores de las Universidades Chilenas\" \/>\n<meta name=\"twitter:card\" content=\"summary_large_image\" \/>\n<meta name=\"twitter:creator\" content=\"@CRUCH_cl\" \/>\n<meta name=\"twitter:site\" content=\"@CRUCH_cl\" \/>\n<meta name=\"twitter:label1\" content=\"Written by\" \/>\n\t<meta name=\"twitter:data1\" content=\"Consejo de Rectores de las Universidades Chilenas\" \/>\n\t<meta name=\"twitter:label2\" content=\"Est. reading time\" \/>\n\t<meta name=\"twitter:data2\" content=\"5 minutes\" \/>\n<script type=\"application\/ld+json\" class=\"yoast-schema-graph\">{\"@context\":\"https:\/\/schema.org\",\"@graph\":[{\"@type\":\"Article\",\"@id\":\"https:\/\/consejoderectores.cl\/2016\/04\/22\/603c6d8080b99\/#article\",\"isPartOf\":{\"@id\":\"https:\/\/consejoderectores.cl\/2016\/04\/22\/603c6d8080b99\/\"},\"author\":{\"name\":\"Consejo de Rectores de las Universidades Chilenas\",\"@id\":\"https:\/\/consejoderectores.cl\/en\/#\/schema\/person\/d863e44afde067fd4b57fac66ced709e\"},\"headline\":\"Rectores del CRUCH se re\u00fanen con Comisiones asesoras para dar inicio a nuevo ciclo de acci\u00f3n que promueve trabajo conjunto y cooperaci\u00f3n\",\"datePublished\":\"2016-04-22T00:00:00+00:00\",\"dateModified\":\"2022-01-07T15:29:08+00:00\",\"mainEntityOfPage\":{\"@id\":\"https:\/\/consejoderectores.cl\/2016\/04\/22\/603c6d8080b99\/\"},\"wordCount\":1000,\"commentCount\":0,\"publisher\":{\"@id\":\"https:\/\/consejoderectores.cl\/en\/#organization\"},\"image\":{\"@id\":\"https:\/\/consejoderectores.cl\/2016\/04\/22\/603c6d8080b99\/#primaryimage\"},\"thumbnailUrl\":\"https:\/\/consejoderectores.cl\/wp-content\/uploads\/2021\/10\/declaraciones-publicas.jpg\",\"articleSection\":[\"Noticias\"],\"inLanguage\":\"en-US\",\"potentialAction\":[{\"@type\":\"CommentAction\",\"name\":\"Comment\",\"target\":[\"https:\/\/consejoderectores.cl\/2016\/04\/22\/603c6d8080b99\/#respond\"]}]},{\"@type\":\"WebPage\",\"@id\":\"https:\/\/consejoderectores.cl\/2016\/04\/22\/603c6d8080b99\/\",\"url\":\"https:\/\/consejoderectores.cl\/2016\/04\/22\/603c6d8080b99\/\",\"name\":\"Rectores del CRUCH se re\u00fanen con Comisiones asesoras para dar inicio a nuevo ciclo de acci\u00f3n que promueve trabajo conjunto y cooperaci\u00f3n - Consejo de Rectoras y Rectores de las Universidades Chilenas\",\"isPartOf\":{\"@id\":\"https:\/\/consejoderectores.cl\/en\/#website\"},\"primaryImageOfPage\":{\"@id\":\"https:\/\/consejoderectores.cl\/2016\/04\/22\/603c6d8080b99\/#primaryimage\"},\"image\":{\"@id\":\"https:\/\/consejoderectores.cl\/2016\/04\/22\/603c6d8080b99\/#primaryimage\"},\"thumbnailUrl\":\"https:\/\/consejoderectores.cl\/wp-content\/uploads\/2021\/10\/declaraciones-publicas.jpg\",\"datePublished\":\"2016-04-22T00:00:00+00:00\",\"dateModified\":\"2022-01-07T15:29:08+00:00\",\"breadcrumb\":{\"@id\":\"https:\/\/consejoderectores.cl\/2016\/04\/22\/603c6d8080b99\/#breadcrumb\"},\"inLanguage\":\"en-US\",\"potentialAction\":[{\"@type\":\"ReadAction\",\"target\":[\"https:\/\/consejoderectores.cl\/2016\/04\/22\/603c6d8080b99\/\"]}]},{\"@type\":\"ImageObject\",\"inLanguage\":\"en-US\",\"@id\":\"https:\/\/consejoderectores.cl\/2016\/04\/22\/603c6d8080b99\/#primaryimage\",\"url\":\"https:\/\/consejoderectores.cl\/wp-content\/uploads\/2021\/10\/declaraciones-publicas.jpg\",\"contentUrl\":\"https:\/\/consejoderectores.cl\/wp-content\/uploads\/2021\/10\/declaraciones-publicas.jpg\",\"width\":1024,\"height\":500},{\"@type\":\"BreadcrumbList\",\"@id\":\"https:\/\/consejoderectores.cl\/2016\/04\/22\/603c6d8080b99\/#breadcrumb\",\"itemListElement\":[{\"@type\":\"ListItem\",\"position\":1,\"name\":\"Home\",\"item\":\"https:\/\/consejoderectores.cl\/\"},{\"@type\":\"ListItem\",\"position\":2,\"name\":\"Rectores del CRUCH se re\u00fanen con Comisiones asesoras para dar inicio a nuevo ciclo de acci\u00f3n que promueve trabajo conjunto y cooperaci\u00f3n\"}]},{\"@type\":\"WebSite\",\"@id\":\"https:\/\/consejoderectores.cl\/en\/#website\",\"url\":\"https:\/\/consejoderectores.cl\/en\/\",\"name\":\"Consejo de Rectoras y Rectores de las Universidades Chilenas\",\"description\":\"\",\"publisher\":{\"@id\":\"https:\/\/consejoderectores.cl\/en\/#organization\"},\"potentialAction\":[{\"@type\":\"SearchAction\",\"target\":{\"@type\":\"EntryPoint\",\"urlTemplate\":\"https:\/\/consejoderectores.cl\/en\/?s={search_term_string}\"},\"query-input\":{\"@type\":\"PropertyValueSpecification\",\"valueRequired\":true,\"valueName\":\"search_term_string\"}}],\"inLanguage\":\"en-US\"},{\"@type\":\"Organization\",\"@id\":\"https:\/\/consejoderectores.cl\/en\/#organization\",\"name\":\"Consejo de Rectoras y Rectores de las Universidades Chilenas\",\"url\":\"https:\/\/consejoderectores.cl\/en\/\",\"logo\":{\"@type\":\"ImageObject\",\"inLanguage\":\"en-US\",\"@id\":\"https:\/\/consejoderectores.cl\/en\/#\/schema\/logo\/image\/\",\"url\":\"https:\/\/consejoderectores.cl\/wp-content\/uploads\/2025\/12\/logoheader_2025.png\",\"contentUrl\":\"https:\/\/consejoderectores.cl\/wp-content\/uploads\/2025\/12\/logoheader_2025.png\",\"width\":666,\"height\":305,\"caption\":\"Consejo de Rectoras y Rectores de las Universidades Chilenas\"},\"image\":{\"@id\":\"https:\/\/consejoderectores.cl\/en\/#\/schema\/logo\/image\/\"},\"sameAs\":[\"https:\/\/x.com\/CRUCH_cl\",\"https:\/\/www.instagram.com\/consejoderectores\/\",\"https:\/\/www.linkedin.com\/company\/cruch\/\",\"https:\/\/www.youtube.com\/channel\/UCzgIFRCsDlKoFpimiQmEaOA\"]},{\"@type\":\"Person\",\"@id\":\"https:\/\/consejoderectores.cl\/en\/#\/schema\/person\/d863e44afde067fd4b57fac66ced709e\",\"name\":\"Consejo de Rectores de las Universidades Chilenas\",\"image\":{\"@type\":\"ImageObject\",\"inLanguage\":\"en-US\",\"@id\":\"https:\/\/consejoderectores.cl\/en\/#\/schema\/person\/image\/\",\"url\":\"https:\/\/secure.gravatar.com\/avatar\/c31e2a02401f041926afb8ee21ab666f0925814fe85d25a5c8db80e23722dfc1?s=96&d=mm&r=g\",\"contentUrl\":\"https:\/\/secure.gravatar.com\/avatar\/c31e2a02401f041926afb8ee21ab666f0925814fe85d25a5c8db80e23722dfc1?s=96&d=mm&r=g\",\"caption\":\"Consejo de Rectores de las Universidades Chilenas\"},\"sameAs\":[\"https:\/\/www.consejoderectores.cl\"],\"url\":\"https:\/\/consejoderectores.cl\/en\/author\/cruch\/\"}]}<\/script>\n<!-- \/ Yoast SEO plugin. -->","yoast_head_json":{"title":"Rectores del CRUCH se re\u00fanen con Comisiones asesoras para dar inicio a nuevo ciclo de acci\u00f3n que promueve trabajo conjunto y cooperaci\u00f3n - Consejo de Rectoras y Rectores de las Universidades Chilenas","robots":{"index":"index","follow":"follow","max-snippet":"max-snippet:-1","max-image-preview":"max-image-preview:large","max-video-preview":"max-video-preview:-1"},"canonical":"https:\/\/consejoderectores.cl\/en\/2016\/04\/22\/603c6d8080b99\/","og_locale":"en_US","og_type":"article","og_title":"Rectores del CRUCH se re\u00fanen con Comisiones asesoras para dar inicio a nuevo ciclo de acci\u00f3n que promueve trabajo conjunto y cooperaci\u00f3n - Consejo de Rectoras y Rectores de las Universidades Chilenas","og_description":"El vicepresidente ejecutivo del CRUCH y rector de la Universidad de Valpara\u00edso, Aldo Valle, dio la bienvenida a las directivas de las Comisiones asesoras del CRUCH y se\u00f1al\u00f3 que desde el Consejo de Rectores se quiere marcar un hito iniciando un nuevo ciclo de trabajo con cada una de las cuatro comisiones, al alero de [&hellip;]","og_url":"https:\/\/consejoderectores.cl\/en\/2016\/04\/22\/603c6d8080b99\/","og_site_name":"Consejo de Rectoras y Rectores de las Universidades Chilenas","article_published_time":"2016-04-22T00:00:00+00:00","article_modified_time":"2022-01-07T15:29:08+00:00","og_image":[{"width":1024,"height":500,"url":"https:\/\/consejoderectores.cl\/wp-content\/uploads\/2021\/10\/declaraciones-publicas.jpg","type":"image\/jpeg"}],"author":"Consejo de Rectores de las Universidades Chilenas","twitter_card":"summary_large_image","twitter_creator":"@CRUCH_cl","twitter_site":"@CRUCH_cl","twitter_misc":{"Written by":"Consejo de Rectores de las Universidades Chilenas","Est. reading time":"5 minutes"},"schema":{"@context":"https:\/\/schema.org","@graph":[{"@type":"Article","@id":"https:\/\/consejoderectores.cl\/2016\/04\/22\/603c6d8080b99\/#article","isPartOf":{"@id":"https:\/\/consejoderectores.cl\/2016\/04\/22\/603c6d8080b99\/"},"author":{"name":"Consejo de Rectores de las Universidades Chilenas","@id":"https:\/\/consejoderectores.cl\/en\/#\/schema\/person\/d863e44afde067fd4b57fac66ced709e"},"headline":"Rectores del CRUCH se re\u00fanen con Comisiones asesoras para dar inicio a nuevo ciclo de acci\u00f3n que promueve trabajo conjunto y cooperaci\u00f3n","datePublished":"2016-04-22T00:00:00+00:00","dateModified":"2022-01-07T15:29:08+00:00","mainEntityOfPage":{"@id":"https:\/\/consejoderectores.cl\/2016\/04\/22\/603c6d8080b99\/"},"wordCount":1000,"commentCount":0,"publisher":{"@id":"https:\/\/consejoderectores.cl\/en\/#organization"},"image":{"@id":"https:\/\/consejoderectores.cl\/2016\/04\/22\/603c6d8080b99\/#primaryimage"},"thumbnailUrl":"https:\/\/consejoderectores.cl\/wp-content\/uploads\/2021\/10\/declaraciones-publicas.jpg","articleSection":["Noticias"],"inLanguage":"en-US","potentialAction":[{"@type":"CommentAction","name":"Comment","target":["https:\/\/consejoderectores.cl\/2016\/04\/22\/603c6d8080b99\/#respond"]}]},{"@type":"WebPage","@id":"https:\/\/consejoderectores.cl\/2016\/04\/22\/603c6d8080b99\/","url":"https:\/\/consejoderectores.cl\/2016\/04\/22\/603c6d8080b99\/","name":"Rectores del CRUCH se re\u00fanen con Comisiones asesoras para dar inicio a nuevo ciclo de acci\u00f3n que promueve trabajo conjunto y cooperaci\u00f3n - Consejo de Rectoras y Rectores de las Universidades Chilenas","isPartOf":{"@id":"https:\/\/consejoderectores.cl\/en\/#website"},"primaryImageOfPage":{"@id":"https:\/\/consejoderectores.cl\/2016\/04\/22\/603c6d8080b99\/#primaryimage"},"image":{"@id":"https:\/\/consejoderectores.cl\/2016\/04\/22\/603c6d8080b99\/#primaryimage"},"thumbnailUrl":"https:\/\/consejoderectores.cl\/wp-content\/uploads\/2021\/10\/declaraciones-publicas.jpg","datePublished":"2016-04-22T00:00:00+00:00","dateModified":"2022-01-07T15:29:08+00:00","breadcrumb":{"@id":"https:\/\/consejoderectores.cl\/2016\/04\/22\/603c6d8080b99\/#breadcrumb"},"inLanguage":"en-US","potentialAction":[{"@type":"ReadAction","target":["https:\/\/consejoderectores.cl\/2016\/04\/22\/603c6d8080b99\/"]}]},{"@type":"ImageObject","inLanguage":"en-US","@id":"https:\/\/consejoderectores.cl\/2016\/04\/22\/603c6d8080b99\/#primaryimage","url":"https:\/\/consejoderectores.cl\/wp-content\/uploads\/2021\/10\/declaraciones-publicas.jpg","contentUrl":"https:\/\/consejoderectores.cl\/wp-content\/uploads\/2021\/10\/declaraciones-publicas.jpg","width":1024,"height":500},{"@type":"BreadcrumbList","@id":"https:\/\/consejoderectores.cl\/2016\/04\/22\/603c6d8080b99\/#breadcrumb","itemListElement":[{"@type":"ListItem","position":1,"name":"Home","item":"https:\/\/consejoderectores.cl\/"},{"@type":"ListItem","position":2,"name":"Rectores del CRUCH se re\u00fanen con Comisiones asesoras para dar inicio a nuevo ciclo de acci\u00f3n que promueve trabajo conjunto y cooperaci\u00f3n"}]},{"@type":"WebSite","@id":"https:\/\/consejoderectores.cl\/en\/#website","url":"https:\/\/consejoderectores.cl\/en\/","name":"Council of Rectors of Chilean Universities","description":"","publisher":{"@id":"https:\/\/consejoderectores.cl\/en\/#organization"},"potentialAction":[{"@type":"SearchAction","target":{"@type":"EntryPoint","urlTemplate":"https:\/\/consejoderectores.cl\/en\/?s={search_term_string}"},"query-input":{"@type":"PropertyValueSpecification","valueRequired":true,"valueName":"search_term_string"}}],"inLanguage":"en-US"},{"@type":"Organization","@id":"https:\/\/consejoderectores.cl\/en\/#organization","name":"Council of Rectors of Chilean Universities","url":"https:\/\/consejoderectores.cl\/en\/","logo":{"@type":"ImageObject","inLanguage":"en-US","@id":"https:\/\/consejoderectores.cl\/en\/#\/schema\/logo\/image\/","url":"https:\/\/consejoderectores.cl\/wp-content\/uploads\/2025\/12\/logoheader_2025.png","contentUrl":"https:\/\/consejoderectores.cl\/wp-content\/uploads\/2025\/12\/logoheader_2025.png","width":666,"height":305,"caption":"Consejo de Rectoras y Rectores de las Universidades Chilenas"},"image":{"@id":"https:\/\/consejoderectores.cl\/en\/#\/schema\/logo\/image\/"},"sameAs":["https:\/\/x.com\/CRUCH_cl","https:\/\/www.instagram.com\/consejoderectores\/","https:\/\/www.linkedin.com\/company\/cruch\/","https:\/\/www.youtube.com\/channel\/UCzgIFRCsDlKoFpimiQmEaOA"]},{"@type":"Person","@id":"https:\/\/consejoderectores.cl\/en\/#\/schema\/person\/d863e44afde067fd4b57fac66ced709e","name":"Council of Rectors of Chilean Universities","image":{"@type":"ImageObject","inLanguage":"en-US","@id":"https:\/\/consejoderectores.cl\/en\/#\/schema\/person\/image\/","url":"https:\/\/secure.gravatar.com\/avatar\/c31e2a02401f041926afb8ee21ab666f0925814fe85d25a5c8db80e23722dfc1?s=96&d=mm&r=g","contentUrl":"https:\/\/secure.gravatar.com\/avatar\/c31e2a02401f041926afb8ee21ab666f0925814fe85d25a5c8db80e23722dfc1?s=96&d=mm&r=g","caption":"Consejo de Rectores de las Universidades Chilenas"},"sameAs":["https:\/\/www.consejoderectores.cl"],"url":"https:\/\/consejoderectores.cl\/en\/author\/cruch\/"}]}},"_links":{"self":[{"href":"https:\/\/consejoderectores.cl\/en\/wp-json\/wp\/v2\/posts\/1513","targetHints":{"allow":["GET"]}}],"collection":[{"href":"https:\/\/consejoderectores.cl\/en\/wp-json\/wp\/v2\/posts"}],"about":[{"href":"https:\/\/consejoderectores.cl\/en\/wp-json\/wp\/v2\/types\/post"}],"author":[{"embeddable":true,"href":"https:\/\/consejoderectores.cl\/en\/wp-json\/wp\/v2\/users\/1"}],"replies":[{"embeddable":true,"href":"https:\/\/consejoderectores.cl\/en\/wp-json\/wp\/v2\/comments?post=1513"}],"version-history":[{"count":1,"href":"https:\/\/consejoderectores.cl\/en\/wp-json\/wp\/v2\/posts\/1513\/revisions"}],"predecessor-version":[{"id":4993,"href":"https:\/\/consejoderectores.cl\/en\/wp-json\/wp\/v2\/posts\/1513\/revisions\/4993"}],"wp:featuredmedia":[{"embeddable":true,"href":"https:\/\/consejoderectores.cl\/en\/wp-json\/wp\/v2\/media\/3592"}],"wp:attachment":[{"href":"https:\/\/consejoderectores.cl\/en\/wp-json\/wp\/v2\/media?parent=1513"}],"wp:term":[{"taxonomy":"category","embeddable":true,"href":"https:\/\/consejoderectores.cl\/en\/wp-json\/wp\/v2\/categories?post=1513"},{"taxonomy":"post_tag","embeddable":true,"href":"https:\/\/consejoderectores.cl\/en\/wp-json\/wp\/v2\/tags?post=1513"}],"curies":[{"name":"wp","href":"https:\/\/api.w.org\/{rel}","templated":true}]}}