{"id":15110,"date":"2026-09-02T17:17:36","date_gmt":"2026-09-02T17:17:36","guid":{"rendered":"https:\/\/consejoderectores.cl\/?p=15110"},"modified":"2026-09-02T20:50:28","modified_gmt":"2026-09-02T20:50:28","slug":"cruch-aborda-los-desafios-de-convivencia-y-seguridad-ante-amenazas-a-universidades","status":"publish","type":"post","link":"https:\/\/consejoderectores.cl\/en\/2026\/09\/02\/cruch-aborda-los-desafios-de-convivencia-y-seguridad-ante-amenazas-a-universidades\/","title":{"rendered":"CRUCH addresses the challenges of coexistence and security in the face of threats to universities"},"content":{"rendered":"<blockquote><p><b>Patricia Astroza, co-chair of the CRUCH University Coexistence and Mental Health Commission, participated in T13 En Vivo to analyze how higher education institutions are facing the recent threats against their communities.<\/b><\/p>\n<p><b>The academic highlighted the importance of having protocols for action, along with strengthening co-responsibility and training in digital citizenship.<\/b><\/p><\/blockquote>\n<p><span style=\"font-weight: 400;\">The <strong>Patricia Astroza, co-chair of the University Coexistence and Mental Health Commission of the Council of Rectors of Chilean Universities (CRUCH).<\/strong>, On T13 En Vivo, he addressed the responses of institutions to the threats of attacks that have affected various universities in the country in recent weeks.<\/span><\/p>\n<p><span style=\"font-weight: 400;\">During the interview, Astroza, who is also the coordinator of the Student Welfare Department at the University of La Serena, explained that <strong>Universities have specific protocols aimed at protecting their communities<\/strong>, which has allowed them to respond quickly. \u201cIt has been a challenge that we have had to face immediately, and I believe that the measures that have been taken have been efficient and very responsible,\u201d he noted.<\/span><\/p>\n<div class=\"su-youtube su-u-responsive-media-yes\"><iframe loading=\"lazy\" width=\"600\" height=\"400\" src=\"https:\/\/www.youtube.com\/embed\/F6e7PUEjFKk?\" frameborder=\"0\" allowfullscreen allow=\"autoplay; encrypted-media; picture-in-picture\" title=\"\"><\/iframe><\/div>\n<p><span style=\"font-weight: 400;\">The academic explained that a definitive diagnosis of the phenomenon does not yet exist and raised the need to analyze it from different perspectives, considering not only security, but also university life and mental health. In that context, she emphasized that <strong>The responses must be built with the participation of the communities and a shared responsibility among their members.<\/strong>.<\/span><\/p>\n<p><span style=\"font-weight: 400;\">Astroza also put <strong>emphasis on the role played by social networks<\/strong> in the circulation and viral spread of this type of content. In this regard, he emphasized the <strong>need to strengthen training in digital citizenship<\/strong> and the responsible use of these platforms.<\/span><\/p>\n<p><span style=\"font-weight: 400;\">\u201cWe have to be willing to take care of our communities, that comes first,\u201d said the Commission co-chair, adding that this challenge <strong>It requires progress in raising awareness about the consequences of individual actions.<\/strong> they can have an impact on other people and on the university community.<\/span><\/p>","protected":false},"excerpt":{"rendered":"<p>La copresidenta de la Comisi\u00f3n de Convivencia Universitaria y Salud Mental del CRUCH, Patricia Astroza, particip\u00f3 en T13 En Vivo para analizar c\u00f3mo las instituciones de educaci\u00f3n superior est\u00e1n enfrentando las recientes amenazas contra sus comunidades. La acad\u00e9mica destac\u00f3 la importancia de contar con protocolos de actuaci\u00f3n, junto con fortalecer la corresponsabilidad y la formaci\u00f3n [&hellip;]<\/p>\n","protected":false},"author":1,"featured_media":15112,"comment_status":"open","ping_status":"open","sticky":false,"template":"","format":"standard","meta":{"_acf_changed":false,"footnotes":""},"categories":[243,3,239],"tags":[],"class_list":["post-15110","post","type-post","status-publish","format-standard","has-post-thumbnail","hentry","category-noticia-comision-carrusel","category-noticias","category-noticias-comision-de-salud-mental"],"acf":[],"yoast_head":"<!-- This site is optimized with the Yoast SEO plugin v28.3 - https:\/\/yoast.com\/product\/yoast-seo-wordpress\/ -->\n<title>CRUCH aborda los desaf\u00edos de convivencia y seguridad ante amenazas a universidades - Consejo de Rectoras y Rectores de las Universidades Chilenas<\/title>\n<meta name=\"robots\" content=\"index, follow, max-snippet:-1, max-image-preview:large, max-video-preview:-1\" \/>\n<link rel=\"canonical\" href=\"https:\/\/consejoderectores.cl\/en\/2026\/09\/02\/cruch-aborda-los-desafios-de-convivencia-y-seguridad-ante-amenazas-a-universidades\/\" \/>\n<meta property=\"og:locale\" content=\"en_US\" \/>\n<meta property=\"og:type\" content=\"article\" \/>\n<meta property=\"og:title\" content=\"CRUCH aborda los desaf\u00edos de convivencia y seguridad ante amenazas a universidades - Consejo de Rectoras y Rectores de las Universidades Chilenas\" \/>\n<meta property=\"og:description\" content=\"La copresidenta de la Comisi\u00f3n de Convivencia Universitaria y Salud Mental del CRUCH, Patricia Astroza, particip\u00f3 en T13 En Vivo para analizar c\u00f3mo las instituciones de educaci\u00f3n superior est\u00e1n enfrentando las recientes amenazas contra sus comunidades. La acad\u00e9mica destac\u00f3 la importancia de contar con protocolos de actuaci\u00f3n, junto con fortalecer la corresponsabilidad y la formaci\u00f3n [&hellip;]\" \/>\n<meta property=\"og:url\" content=\"https:\/\/consejoderectores.cl\/en\/2026\/09\/02\/cruch-aborda-los-desafios-de-convivencia-y-seguridad-ante-amenazas-a-universidades\/\" \/>\n<meta property=\"og:site_name\" content=\"Consejo de Rectoras y Rectores de las Universidades Chilenas\" \/>\n<meta property=\"article:published_time\" content=\"2026-09-02T17:17:36+00:00\" \/>\n<meta property=\"article:modified_time\" content=\"2026-09-02T20:50:28+00:00\" \/>\n<meta property=\"og:image\" content=\"https:\/\/consejoderectores.cl\/wp-content\/uploads\/2026\/09\/Captura-de-pantalla-2026-09-02-101148.png\" \/>\n\t<meta property=\"og:image:width\" content=\"1336\" \/>\n\t<meta property=\"og:image:height\" content=\"703\" \/>\n\t<meta property=\"og:image:type\" content=\"image\/png\" \/>\n<meta name=\"author\" content=\"Consejo de Rectores de las Universidades Chilenas\" \/>\n<meta name=\"twitter:card\" content=\"summary_large_image\" \/>\n<meta name=\"twitter:creator\" content=\"@CRUCH_cl\" \/>\n<meta name=\"twitter:site\" content=\"@CRUCH_cl\" \/>\n<meta name=\"twitter:label1\" content=\"Written by\" \/>\n\t<meta name=\"twitter:data1\" content=\"Consejo de Rectores de las Universidades Chilenas\" \/>\n\t<meta name=\"twitter:label2\" content=\"Est. reading time\" \/>\n\t<meta name=\"twitter:data2\" content=\"2 minutes\" \/>\n<script type=\"application\/ld+json\" class=\"yoast-schema-graph\">{\"@context\":\"https:\\\/\\\/schema.org\",\"@graph\":[{\"@type\":\"Article\",\"@id\":\"https:\\\/\\\/consejoderectores.cl\\\/2026\\\/09\\\/02\\\/cruch-aborda-los-desafios-de-convivencia-y-seguridad-ante-amenazas-a-universidades\\\/#article\",\"isPartOf\":{\"@id\":\"https:\\\/\\\/consejoderectores.cl\\\/2026\\\/09\\\/02\\\/cruch-aborda-los-desafios-de-convivencia-y-seguridad-ante-amenazas-a-universidades\\\/\"},\"author\":{\"name\":\"Consejo de Rectores de las Universidades Chilenas\",\"@id\":\"https:\\\/\\\/consejoderectores.cl\\\/en\\\/#\\\/schema\\\/person\\\/d863e44afde067fd4b57fac66ced709e\"},\"headline\":\"CRUCH aborda los desaf\u00edos de convivencia y seguridad ante amenazas a universidades\",\"datePublished\":\"2026-09-02T17:17:36+00:00\",\"dateModified\":\"2026-09-02T20:50:28+00:00\",\"mainEntityOfPage\":{\"@id\":\"https:\\\/\\\/consejoderectores.cl\\\/2026\\\/09\\\/02\\\/cruch-aborda-los-desafios-de-convivencia-y-seguridad-ante-amenazas-a-universidades\\\/\"},\"wordCount\":377,\"commentCount\":0,\"publisher\":{\"@id\":\"https:\\\/\\\/consejoderectores.cl\\\/en\\\/#organization\"},\"image\":{\"@id\":\"https:\\\/\\\/consejoderectores.cl\\\/2026\\\/09\\\/02\\\/cruch-aborda-los-desafios-de-convivencia-y-seguridad-ante-amenazas-a-universidades\\\/#primaryimage\"},\"thumbnailUrl\":\"https:\\\/\\\/consejoderectores.cl\\\/wp-content\\\/uploads\\\/2026\\\/09\\\/Captura-de-pantalla-2026-09-02-101148.png\",\"articleSection\":[\"Noticia Comisi\u00f3n Carrusel\",\"Noticias\",\"Noticias Comisi\u00f3n de Salud Mental\"],\"inLanguage\":\"en-US\",\"potentialAction\":[{\"@type\":\"CommentAction\",\"name\":\"Comment\",\"target\":[\"https:\\\/\\\/consejoderectores.cl\\\/2026\\\/09\\\/02\\\/cruch-aborda-los-desafios-de-convivencia-y-seguridad-ante-amenazas-a-universidades\\\/#respond\"]}]},{\"@type\":\"WebPage\",\"@id\":\"https:\\\/\\\/consejoderectores.cl\\\/2026\\\/09\\\/02\\\/cruch-aborda-los-desafios-de-convivencia-y-seguridad-ante-amenazas-a-universidades\\\/\",\"url\":\"https:\\\/\\\/consejoderectores.cl\\\/2026\\\/09\\\/02\\\/cruch-aborda-los-desafios-de-convivencia-y-seguridad-ante-amenazas-a-universidades\\\/\",\"name\":\"CRUCH aborda los desaf\u00edos de convivencia y seguridad ante amenazas a universidades - Consejo de Rectoras y Rectores de las Universidades Chilenas\",\"isPartOf\":{\"@id\":\"https:\\\/\\\/consejoderectores.cl\\\/en\\\/#website\"},\"primaryImageOfPage\":{\"@id\":\"https:\\\/\\\/consejoderectores.cl\\\/2026\\\/09\\\/02\\\/cruch-aborda-los-desafios-de-convivencia-y-seguridad-ante-amenazas-a-universidades\\\/#primaryimage\"},\"image\":{\"@id\":\"https:\\\/\\\/consejoderectores.cl\\\/2026\\\/09\\\/02\\\/cruch-aborda-los-desafios-de-convivencia-y-seguridad-ante-amenazas-a-universidades\\\/#primaryimage\"},\"thumbnailUrl\":\"https:\\\/\\\/consejoderectores.cl\\\/wp-content\\\/uploads\\\/2026\\\/09\\\/Captura-de-pantalla-2026-09-02-101148.png\",\"datePublished\":\"2026-09-02T17:17:36+00:00\",\"dateModified\":\"2026-09-02T20:50:28+00:00\",\"breadcrumb\":{\"@id\":\"https:\\\/\\\/consejoderectores.cl\\\/2026\\\/09\\\/02\\\/cruch-aborda-los-desafios-de-convivencia-y-seguridad-ante-amenazas-a-universidades\\\/#breadcrumb\"},\"inLanguage\":\"en-US\",\"potentialAction\":[{\"@type\":\"ReadAction\",\"target\":[\"https:\\\/\\\/consejoderectores.cl\\\/2026\\\/09\\\/02\\\/cruch-aborda-los-desafios-de-convivencia-y-seguridad-ante-amenazas-a-universidades\\\/\"]}]},{\"@type\":\"ImageObject\",\"inLanguage\":\"en-US\",\"@id\":\"https:\\\/\\\/consejoderectores.cl\\\/2026\\\/09\\\/02\\\/cruch-aborda-los-desafios-de-convivencia-y-seguridad-ante-amenazas-a-universidades\\\/#primaryimage\",\"url\":\"https:\\\/\\\/consejoderectores.cl\\\/wp-content\\\/uploads\\\/2026\\\/09\\\/Captura-de-pantalla-2026-09-02-101148.png\",\"contentUrl\":\"https:\\\/\\\/consejoderectores.cl\\\/wp-content\\\/uploads\\\/2026\\\/09\\\/Captura-de-pantalla-2026-09-02-101148.png\",\"width\":1336,\"height\":703},{\"@type\":\"BreadcrumbList\",\"@id\":\"https:\\\/\\\/consejoderectores.cl\\\/2026\\\/09\\\/02\\\/cruch-aborda-los-desafios-de-convivencia-y-seguridad-ante-amenazas-a-universidades\\\/#breadcrumb\",\"itemListElement\":[{\"@type\":\"ListItem\",\"position\":1,\"name\":\"Home\",\"item\":\"https:\\\/\\\/consejoderectores.cl\\\/\"},{\"@type\":\"ListItem\",\"position\":2,\"name\":\"CRUCH aborda los desaf\u00edos de convivencia y seguridad ante amenazas a universidades\"}]},{\"@type\":\"WebSite\",\"@id\":\"https:\\\/\\\/consejoderectores.cl\\\/en\\\/#website\",\"url\":\"https:\\\/\\\/consejoderectores.cl\\\/en\\\/\",\"name\":\"Consejo de Rectoras y Rectores de las Universidades Chilenas\",\"description\":\"\",\"publisher\":{\"@id\":\"https:\\\/\\\/consejoderectores.cl\\\/en\\\/#organization\"},\"potentialAction\":[{\"@type\":\"SearchAction\",\"target\":{\"@type\":\"EntryPoint\",\"urlTemplate\":\"https:\\\/\\\/consejoderectores.cl\\\/en\\\/?s={search_term_string}\"},\"query-input\":{\"@type\":\"PropertyValueSpecification\",\"valueRequired\":true,\"valueName\":\"search_term_string\"}}],\"inLanguage\":\"en-US\"},{\"@type\":\"Organization\",\"@id\":\"https:\\\/\\\/consejoderectores.cl\\\/en\\\/#organization\",\"name\":\"Consejo de Rectoras y Rectores de las Universidades Chilenas\",\"url\":\"https:\\\/\\\/consejoderectores.cl\\\/en\\\/\",\"logo\":{\"@type\":\"ImageObject\",\"inLanguage\":\"en-US\",\"@id\":\"https:\\\/\\\/consejoderectores.cl\\\/en\\\/#\\\/schema\\\/logo\\\/image\\\/\",\"url\":\"https:\\\/\\\/consejoderectores.cl\\\/wp-content\\\/uploads\\\/2025\\\/12\\\/logoheader_2025.png\",\"contentUrl\":\"https:\\\/\\\/consejoderectores.cl\\\/wp-content\\\/uploads\\\/2025\\\/12\\\/logoheader_2025.png\",\"width\":666,\"height\":305,\"caption\":\"Consejo de Rectoras y Rectores de las Universidades Chilenas\"},\"image\":{\"@id\":\"https:\\\/\\\/consejoderectores.cl\\\/en\\\/#\\\/schema\\\/logo\\\/image\\\/\"},\"sameAs\":[\"https:\\\/\\\/x.com\\\/CRUCH_cl\",\"https:\\\/\\\/www.instagram.com\\\/consejoderectores\\\/\",\"https:\\\/\\\/www.linkedin.com\\\/company\\\/cruch\\\/\",\"https:\\\/\\\/www.youtube.com\\\/channel\\\/UCzgIFRCsDlKoFpimiQmEaOA\"]},{\"@type\":\"Person\",\"@id\":\"https:\\\/\\\/consejoderectores.cl\\\/en\\\/#\\\/schema\\\/person\\\/d863e44afde067fd4b57fac66ced709e\",\"name\":\"Consejo de Rectores de las Universidades Chilenas\",\"image\":{\"@type\":\"ImageObject\",\"inLanguage\":\"en-US\",\"@id\":\"https:\\\/\\\/secure.gravatar.com\\\/avatar\\\/c31e2a02401f041926afb8ee21ab666f0925814fe85d25a5c8db80e23722dfc1?s=96&d=mm&r=g\",\"url\":\"https:\\\/\\\/secure.gravatar.com\\\/avatar\\\/c31e2a02401f041926afb8ee21ab666f0925814fe85d25a5c8db80e23722dfc1?s=96&d=mm&r=g\",\"contentUrl\":\"https:\\\/\\\/secure.gravatar.com\\\/avatar\\\/c31e2a02401f041926afb8ee21ab666f0925814fe85d25a5c8db80e23722dfc1?s=96&d=mm&r=g\",\"caption\":\"Consejo de Rectores de las Universidades Chilenas\"},\"sameAs\":[\"https:\\\/\\\/www.consejoderectores.cl\"],\"url\":\"https:\\\/\\\/consejoderectores.cl\\\/en\\\/author\\\/cruch\\\/\"}]}<\/script>\n<!-- \/ Yoast SEO plugin. -->","yoast_head_json":{"title":"CRUCH addresses the challenges of coexistence and security in the face of threats to universities - Council of Rectors of Chilean Universities","robots":{"index":"index","follow":"follow","max-snippet":"max-snippet:-1","max-image-preview":"max-image-preview:large","max-video-preview":"max-video-preview:-1"},"canonical":"https:\/\/consejoderectores.cl\/en\/2026\/09\/02\/cruch-aborda-los-desafios-de-convivencia-y-seguridad-ante-amenazas-a-universidades\/","og_locale":"en_US","og_type":"article","og_title":"CRUCH aborda los desaf\u00edos de convivencia y seguridad ante amenazas a universidades - Consejo de Rectoras y Rectores de las Universidades Chilenas","og_description":"La copresidenta de la Comisi\u00f3n de Convivencia Universitaria y Salud Mental del CRUCH, Patricia Astroza, particip\u00f3 en T13 En Vivo para analizar c\u00f3mo las instituciones de educaci\u00f3n superior est\u00e1n enfrentando las recientes amenazas contra sus comunidades. La acad\u00e9mica destac\u00f3 la importancia de contar con protocolos de actuaci\u00f3n, junto con fortalecer la corresponsabilidad y la formaci\u00f3n [&hellip;]","og_url":"https:\/\/consejoderectores.cl\/en\/2026\/09\/02\/cruch-aborda-los-desafios-de-convivencia-y-seguridad-ante-amenazas-a-universidades\/","og_site_name":"Consejo de Rectoras y Rectores de las Universidades Chilenas","article_published_time":"2026-09-02T17:17:36+00:00","article_modified_time":"2026-09-02T20:50:28+00:00","og_image":[{"width":1336,"height":703,"url":"https:\/\/consejoderectores.cl\/wp-content\/uploads\/2026\/09\/Captura-de-pantalla-2026-09-02-101148.png","type":"image\/png"}],"author":"Consejo de Rectores de las Universidades Chilenas","twitter_card":"summary_large_image","twitter_creator":"@CRUCH_cl","twitter_site":"@CRUCH_cl","twitter_misc":{"Written by":"Consejo de Rectores de las Universidades Chilenas","Est. reading time":"2 minutes"},"schema":{"@context":"https:\/\/schema.org","@graph":[{"@type":"Article","@id":"https:\/\/consejoderectores.cl\/2026\/09\/02\/cruch-aborda-los-desafios-de-convivencia-y-seguridad-ante-amenazas-a-universidades\/#article","isPartOf":{"@id":"https:\/\/consejoderectores.cl\/2026\/09\/02\/cruch-aborda-los-desafios-de-convivencia-y-seguridad-ante-amenazas-a-universidades\/"},"author":{"name":"Consejo de Rectores de las Universidades Chilenas","@id":"https:\/\/consejoderectores.cl\/en\/#\/schema\/person\/d863e44afde067fd4b57fac66ced709e"},"headline":"CRUCH aborda los desaf\u00edos de convivencia y seguridad ante amenazas a universidades","datePublished":"2026-09-02T17:17:36+00:00","dateModified":"2026-09-02T20:50:28+00:00","mainEntityOfPage":{"@id":"https:\/\/consejoderectores.cl\/2026\/09\/02\/cruch-aborda-los-desafios-de-convivencia-y-seguridad-ante-amenazas-a-universidades\/"},"wordCount":377,"commentCount":0,"publisher":{"@id":"https:\/\/consejoderectores.cl\/en\/#organization"},"image":{"@id":"https:\/\/consejoderectores.cl\/2026\/09\/02\/cruch-aborda-los-desafios-de-convivencia-y-seguridad-ante-amenazas-a-universidades\/#primaryimage"},"thumbnailUrl":"https:\/\/consejoderectores.cl\/wp-content\/uploads\/2026\/09\/Captura-de-pantalla-2026-09-02-101148.png","articleSection":["Noticia Comisi\u00f3n Carrusel","Noticias","Noticias Comisi\u00f3n de Salud Mental"],"inLanguage":"en-US","potentialAction":[{"@type":"CommentAction","name":"Comment","target":["https:\/\/consejoderectores.cl\/2026\/09\/02\/cruch-aborda-los-desafios-de-convivencia-y-seguridad-ante-amenazas-a-universidades\/#respond"]}]},{"@type":"WebPage","@id":"https:\/\/consejoderectores.cl\/2026\/09\/02\/cruch-aborda-los-desafios-de-convivencia-y-seguridad-ante-amenazas-a-universidades\/","url":"https:\/\/consejoderectores.cl\/2026\/09\/02\/cruch-aborda-los-desafios-de-convivencia-y-seguridad-ante-amenazas-a-universidades\/","name":"CRUCH addresses the challenges of coexistence and security in the face of threats to universities - Council of Rectors of Chilean Universities","isPartOf":{"@id":"https:\/\/consejoderectores.cl\/en\/#website"},"primaryImageOfPage":{"@id":"https:\/\/consejoderectores.cl\/2026\/09\/02\/cruch-aborda-los-desafios-de-convivencia-y-seguridad-ante-amenazas-a-universidades\/#primaryimage"},"image":{"@id":"https:\/\/consejoderectores.cl\/2026\/09\/02\/cruch-aborda-los-desafios-de-convivencia-y-seguridad-ante-amenazas-a-universidades\/#primaryimage"},"thumbnailUrl":"https:\/\/consejoderectores.cl\/wp-content\/uploads\/2026\/09\/Captura-de-pantalla-2026-09-02-101148.png","datePublished":"2026-09-02T17:17:36+00:00","dateModified":"2026-09-02T20:50:28+00:00","breadcrumb":{"@id":"https:\/\/consejoderectores.cl\/2026\/09\/02\/cruch-aborda-los-desafios-de-convivencia-y-seguridad-ante-amenazas-a-universidades\/#breadcrumb"},"inLanguage":"en-US","potentialAction":[{"@type":"ReadAction","target":["https:\/\/consejoderectores.cl\/2026\/09\/02\/cruch-aborda-los-desafios-de-convivencia-y-seguridad-ante-amenazas-a-universidades\/"]}]},{"@type":"ImageObject","inLanguage":"en-US","@id":"https:\/\/consejoderectores.cl\/2026\/09\/02\/cruch-aborda-los-desafios-de-convivencia-y-seguridad-ante-amenazas-a-universidades\/#primaryimage","url":"https:\/\/consejoderectores.cl\/wp-content\/uploads\/2026\/09\/Captura-de-pantalla-2026-09-02-101148.png","contentUrl":"https:\/\/consejoderectores.cl\/wp-content\/uploads\/2026\/09\/Captura-de-pantalla-2026-09-02-101148.png","width":1336,"height":703},{"@type":"BreadcrumbList","@id":"https:\/\/consejoderectores.cl\/2026\/09\/02\/cruch-aborda-los-desafios-de-convivencia-y-seguridad-ante-amenazas-a-universidades\/#breadcrumb","itemListElement":[{"@type":"ListItem","position":1,"name":"Home","item":"https:\/\/consejoderectores.cl\/"},{"@type":"ListItem","position":2,"name":"CRUCH aborda los desaf\u00edos de convivencia y seguridad ante amenazas a universidades"}]},{"@type":"WebSite","@id":"https:\/\/consejoderectores.cl\/en\/#website","url":"https:\/\/consejoderectores.cl\/en\/","name":"Council of Rectors of Chilean Universities","description":"","publisher":{"@id":"https:\/\/consejoderectores.cl\/en\/#organization"},"potentialAction":[{"@type":"SearchAction","target":{"@type":"EntryPoint","urlTemplate":"https:\/\/consejoderectores.cl\/en\/?s={search_term_string}"},"query-input":{"@type":"PropertyValueSpecification","valueRequired":true,"valueName":"search_term_string"}}],"inLanguage":"en-US"},{"@type":"Organization","@id":"https:\/\/consejoderectores.cl\/en\/#organization","name":"Council of Rectors of Chilean Universities","url":"https:\/\/consejoderectores.cl\/en\/","logo":{"@type":"ImageObject","inLanguage":"en-US","@id":"https:\/\/consejoderectores.cl\/en\/#\/schema\/logo\/image\/","url":"https:\/\/consejoderectores.cl\/wp-content\/uploads\/2025\/12\/logoheader_2025.png","contentUrl":"https:\/\/consejoderectores.cl\/wp-content\/uploads\/2025\/12\/logoheader_2025.png","width":666,"height":305,"caption":"Consejo de Rectoras y Rectores de las Universidades Chilenas"},"image":{"@id":"https:\/\/consejoderectores.cl\/en\/#\/schema\/logo\/image\/"},"sameAs":["https:\/\/x.com\/CRUCH_cl","https:\/\/www.instagram.com\/consejoderectores\/","https:\/\/www.linkedin.com\/company\/cruch\/","https:\/\/www.youtube.com\/channel\/UCzgIFRCsDlKoFpimiQmEaOA"]},{"@type":"Person","@id":"https:\/\/consejoderectores.cl\/en\/#\/schema\/person\/d863e44afde067fd4b57fac66ced709e","name":"Council of Rectors of Chilean Universities","image":{"@type":"ImageObject","inLanguage":"en-US","@id":"https:\/\/secure.gravatar.com\/avatar\/c31e2a02401f041926afb8ee21ab666f0925814fe85d25a5c8db80e23722dfc1?s=96&d=mm&r=g","url":"https:\/\/secure.gravatar.com\/avatar\/c31e2a02401f041926afb8ee21ab666f0925814fe85d25a5c8db80e23722dfc1?s=96&d=mm&r=g","contentUrl":"https:\/\/secure.gravatar.com\/avatar\/c31e2a02401f041926afb8ee21ab666f0925814fe85d25a5c8db80e23722dfc1?s=96&d=mm&r=g","caption":"Consejo de Rectores de las Universidades Chilenas"},"sameAs":["https:\/\/www.consejoderectores.cl"],"url":"https:\/\/consejoderectores.cl\/en\/author\/cruch\/"}]}},"_links":{"self":[{"href":"https:\/\/consejoderectores.cl\/en\/wp-json\/wp\/v2\/posts\/15110","targetHints":{"allow":["GET"]}}],"collection":[{"href":"https:\/\/consejoderectores.cl\/en\/wp-json\/wp\/v2\/posts"}],"about":[{"href":"https:\/\/consejoderectores.cl\/en\/wp-json\/wp\/v2\/types\/post"}],"author":[{"embeddable":true,"href":"https:\/\/consejoderectores.cl\/en\/wp-json\/wp\/v2\/users\/1"}],"replies":[{"embeddable":true,"href":"https:\/\/consejoderectores.cl\/en\/wp-json\/wp\/v2\/comments?post=15110"}],"version-history":[{"count":6,"href":"https:\/\/consejoderectores.cl\/en\/wp-json\/wp\/v2\/posts\/15110\/revisions"}],"predecessor-version":[{"id":15119,"href":"https:\/\/consejoderectores.cl\/en\/wp-json\/wp\/v2\/posts\/15110\/revisions\/15119"}],"wp:featuredmedia":[{"embeddable":true,"href":"https:\/\/consejoderectores.cl\/en\/wp-json\/wp\/v2\/media\/15112"}],"wp:attachment":[{"href":"https:\/\/consejoderectores.cl\/en\/wp-json\/wp\/v2\/media?parent=15110"}],"wp:term":[{"taxonomy":"category","embeddable":true,"href":"https:\/\/consejoderectores.cl\/en\/wp-json\/wp\/v2\/categories?post=15110"},{"taxonomy":"post_tag","embeddable":true,"href":"https:\/\/consejoderectores.cl\/en\/wp-json\/wp\/v2\/tags?post=15110"}],"curies":[{"name":"wp","href":"https:\/\/api.w.org\/{rel}","templated":true}]}}