{"id":15097,"date":"2026-09-01T14:22:25","date_gmt":"2026-09-01T14:22:25","guid":{"rendered":"https:\/\/consejoderectores.cl\/?p=15097"},"modified":"2026-09-01T14:22:25","modified_gmt":"2026-09-01T14:22:25","slug":"rector-dr-benito-umana-inicia-nuevo-periodo-convocando-a-proyectar-colectivamente-el-futuro-de-la-universidad-del-bio-bio","status":"publish","type":"post","link":"https:\/\/consejoderectores.cl\/en\/2026\/09\/01\/rector-dr-benito-umana-inicia-nuevo-periodo-convocando-a-proyectar-colectivamente-el-futuro-de-la-universidad-del-bio-bio\/","title":{"rendered":"Rector Dr. Benito Uma\u00f1a begins a new term by calling for a collective vision for the future of the University of B\u00edo-B\u00edo"},"content":{"rendered":"<blockquote><p><strong>With a call to consolidate the progress achieved and collectively address new institutional challenges, Rector Dr. Benito Uma\u00f1a Hermosilla began his second term at the helm of the University of B\u00edo-B\u00edo, corresponding to the years 2026-2030. The ceremony brought together regional authorities, representatives of the university system, and members of the UBB community, reaffirming the commitment of the country&#039;s only bi-regional state university to the development of \u00d1uble and Biob\u00edo.<\/strong><\/p><\/blockquote>\n<p><span style=\"font-weight: 400;\">The ceremony took place in the Aula Magna of the Fernando May Campus in Chill\u00e1n. On this occasion, the Secretary General of the <strong>Bio Bio University<\/strong>, Romina Bazaes Mu\u00f1oz read the <strong>Decree appointing Rector Dr. Benito Uma\u00f1a Hermosilla for the period 2026-2030<\/strong>. Subsequently, the president of the Superior Council, Lorena Vera Arriagada, presented the Rector&#039;s Medal, a symbol of the responsibility of leading and representing the University.<\/span><\/p>\n<p><span style=\"font-weight: 400;\"><img loading=\"lazy\" decoding=\"async\" class=\"wp-image-15100 aligncenter\" src=\"https:\/\/consejoderectores.cl\/wp-content\/uploads\/2026\/09\/DSC04464-300x200.jpg\" alt=\"\" width=\"500\" height=\"333\" srcset=\"https:\/\/consejoderectores.cl\/wp-content\/uploads\/2026\/09\/DSC04464-300x200.jpg 300w, https:\/\/consejoderectores.cl\/wp-content\/uploads\/2026\/09\/DSC04464-1024x683.jpg 1024w, https:\/\/consejoderectores.cl\/wp-content\/uploads\/2026\/09\/DSC04464-768x512.jpg 768w, https:\/\/consejoderectores.cl\/wp-content\/uploads\/2026\/09\/DSC04464-18x12.jpg 18w, https:\/\/consejoderectores.cl\/wp-content\/uploads\/2026\/09\/DSC04464-320x213.jpg 320w, https:\/\/consejoderectores.cl\/wp-content\/uploads\/2026\/09\/DSC04464-480x320.jpg 480w, https:\/\/consejoderectores.cl\/wp-content\/uploads\/2026\/09\/DSC04464-800x533.jpg 800w, https:\/\/consejoderectores.cl\/wp-content\/uploads\/2026\/09\/DSC04464-848x565.jpg 848w, https:\/\/consejoderectores.cl\/wp-content\/uploads\/2026\/09\/DSC04464-1140x760.jpg 1140w, https:\/\/consejoderectores.cl\/wp-content\/uploads\/2026\/09\/DSC04464-1170x780.jpg 1170w, https:\/\/consejoderectores.cl\/wp-content\/uploads\/2026\/09\/DSC04464.jpg 1200w\" sizes=\"auto, (max-width: 500px) 100vw, 500px\" \/><\/span><\/p>\n<p>&nbsp;<\/p>\n<p><span style=\"font-weight: 400;\">At the start of his second term, Dr. Benito Uma\u00f1a affirmed that this new phase represents the continuation of a collective effort and the responsibility to project into the future what the university community has built. After assessing the progress of the last four years, he maintained that it is necessary to build upon it and address the pending tasks. <strong>\u201cIt is about consolidating what we have built and, on that basis, moving forward with greater determination towards a stronger, more modern, more participatory University that is more connected with its territories.\u201d<\/strong>, he pointed out.\u00a0<\/span><\/p>\n<p><span style=\"font-weight: 400;\">The Rector explained that the new period will be guided by the pillars of Well-being, Governance and Modernization, and Social Commitment and Territorial Impact, articulated with Excellence in Education, Knowledge Generation and Transfer, Engagement with local communities and society, and a Culture of Quality. He also highlighted the continuation of flagship projects such as the Health Hub and the future Cultural Hub in \u00d1uble, as well as the Planetarium and the Urban Park in Concepci\u00f3n, along with the challenge of increasingly translating the bi-regional nature of the university into capabilities and opportunities for both regions.<\/span><\/p>\n<p><span style=\"font-weight: 400;\">Dr. Uma\u00f1a called upon the entire university community to actively participate in this stage. \u201cWe must look ahead, continue building the University, expand our horizons, and strive to make UBB a better place every day,\u201d he stated. He also emphasized that the institution&#039;s future depends on the ability to work together to bequeath to future generations a University strengthened by excellence, generous in its opportunities, firm in its public vocation, and committed to its regions and the country.<\/span><\/p>\n<p><b>Recognition from the CRUCH<\/b><\/p>\n<p><span style=\"font-weight: 400;\">The Rector of the University of Valpara\u00edso and Executive Vice President of the Council of Rectors of Chilean Universities (CRUCH), <strong>Dr. Osvaldo Corrales Jorquera highlighted Rector Uma\u00f1a&#039;s leadership and emphasized &quot;his strong commitment to the development of the University of B\u00edo-B\u00edo, to decentralization and regionalization, and also to the defense of public higher education throughout the country.&quot;\u201c<\/strong>.<\/span><\/p>\n<p><img loading=\"lazy\" decoding=\"async\" class=\"wp-image-15099 aligncenter\" src=\"https:\/\/consejoderectores.cl\/wp-content\/uploads\/2026\/09\/DSC04609-300x200.jpg\" alt=\"\" width=\"500\" height=\"333\" srcset=\"https:\/\/consejoderectores.cl\/wp-content\/uploads\/2026\/09\/DSC04609-300x200.jpg 300w, https:\/\/consejoderectores.cl\/wp-content\/uploads\/2026\/09\/DSC04609-1024x682.jpg 1024w, https:\/\/consejoderectores.cl\/wp-content\/uploads\/2026\/09\/DSC04609-768x511.jpg 768w, https:\/\/consejoderectores.cl\/wp-content\/uploads\/2026\/09\/DSC04609-18x12.jpg 18w, https:\/\/consejoderectores.cl\/wp-content\/uploads\/2026\/09\/DSC04609-320x213.jpg 320w, https:\/\/consejoderectores.cl\/wp-content\/uploads\/2026\/09\/DSC04609-480x320.jpg 480w, https:\/\/consejoderectores.cl\/wp-content\/uploads\/2026\/09\/DSC04609-800x533.jpg 800w, https:\/\/consejoderectores.cl\/wp-content\/uploads\/2026\/09\/DSC04609-848x565.jpg 848w, https:\/\/consejoderectores.cl\/wp-content\/uploads\/2026\/09\/DSC04609-1140x759.jpg 1140w, https:\/\/consejoderectores.cl\/wp-content\/uploads\/2026\/09\/DSC04609-1170x779.jpg 1170w, https:\/\/consejoderectores.cl\/wp-content\/uploads\/2026\/09\/DSC04609.jpg 1200w\" sizes=\"auto, (max-width: 500px) 100vw, 500px\" \/><\/p>\n<p><span style=\"font-weight: 400;\">\u201cThese achievements are the product of the effort of the entire university community,\u201d he emphasized, recognizing the contribution of those who have committed their work, abilities and talent to the development of the institution.\u00a0<\/span><\/p>\n<p><b>UBB: strategic ally of the Region<\/b><\/p>\n<p><span style=\"font-weight: 400;\">The acting regional governor of \u00d1uble, Tamara Valenzuela Fuentealba, representing Governor \u00d3scar Cris\u00f3stomo Llanos, congratulated the Rector and stated that the renewal of the university community&#039;s trust constitutes a recognition of the path traveled and &quot;an invitation to continue building the future.&quot;.\u00a0<\/span><\/p>\n<p><span style=\"font-weight: 400;\">Valenzuela emphasized that for the Regional Government, the UBB has become a strategic partner in building the development of \u00d1uble, through initiatives that foster capacity building and seek to improve people&#039;s quality of life. Among these, he highlighted the \u00d1uble UBB Health Hub, which includes the Medicine program, the strengthening of Chemistry and Pharmacy, and the Clinical Simulation Center; as well as support for specialized child and adolescent protection residences and \u00d1uble&#039;s first Wine Technology Laboratory.<\/span><\/p>\n<p><span style=\"font-weight: 400;\">\u201cBehind every project there are people,\u201d he emphasized. He also praised the University&#039;s participation as a founding institution of the \u00d1uble Regional Development Corporation and its contribution to spaces for collectively shaping the region&#039;s future.<\/span><\/p>\n<p><span style=\"font-weight: 400;\">The acting regional governor projected this relationship into the coming years, noting that the start of the new Rector&#039;s term also opens a new phase of collaboration. &quot;We want the projects we are currently promoting to continue and for us to be able to forge new paths,&quot; she stated.<\/span><\/p>\n<p><span style=\"font-weight: 400;\">The ceremony also featured the participation of the University of B\u00edo-B\u00edo Choir, directed by Professor Christian Barrera Villouta, which performed the National Anthem and the University Anthem.<\/span><\/p>\n<p><img loading=\"lazy\" decoding=\"async\" class=\"wp-image-15098 aligncenter\" src=\"https:\/\/consejoderectores.cl\/wp-content\/uploads\/2026\/09\/DSC04667-300x200.jpg\" alt=\"\" width=\"500\" height=\"334\" srcset=\"https:\/\/consejoderectores.cl\/wp-content\/uploads\/2026\/09\/DSC04667-300x200.jpg 300w, https:\/\/consejoderectores.cl\/wp-content\/uploads\/2026\/09\/DSC04667-1024x683.jpg 1024w, https:\/\/consejoderectores.cl\/wp-content\/uploads\/2026\/09\/DSC04667-768x512.jpg 768w, https:\/\/consejoderectores.cl\/wp-content\/uploads\/2026\/09\/DSC04667-18x12.jpg 18w, https:\/\/consejoderectores.cl\/wp-content\/uploads\/2026\/09\/DSC04667-320x213.jpg 320w, https:\/\/consejoderectores.cl\/wp-content\/uploads\/2026\/09\/DSC04667-480x320.jpg 480w, https:\/\/consejoderectores.cl\/wp-content\/uploads\/2026\/09\/DSC04667-800x533.jpg 800w, https:\/\/consejoderectores.cl\/wp-content\/uploads\/2026\/09\/DSC04667-848x565.jpg 848w, https:\/\/consejoderectores.cl\/wp-content\/uploads\/2026\/09\/DSC04667-1140x760.jpg 1140w, https:\/\/consejoderectores.cl\/wp-content\/uploads\/2026\/09\/DSC04667-1170x780.jpg 1170w, https:\/\/consejoderectores.cl\/wp-content\/uploads\/2026\/09\/DSC04667.jpg 1200w\" sizes=\"auto, (max-width: 500px) 100vw, 500px\" \/><\/p>\n<p><a href=\"https:\/\/noticias.ubiobio.cl\/2026\/08\/31\/rector-dr-benito-umana-inicia-nuevo-periodo-convocando-a-proyectar-colectivamente-el-futuro-de-la-universidad-del-bio-bio\/\" target=\"_blank\" rel=\"noopener\"><b>Source: Communications University of B\u00edo-B\u00edo<\/b><\/a><\/p>","protected":false},"excerpt":{"rendered":"<p>Con un llamado a consolidar los avances alcanzados y asumir colectivamente los nuevos desaf\u00edos institucionales, el rector Dr. Benito Uma\u00f1a Hermosilla inici\u00f3 su segundo per\u00edodo al frente de la Universidad del B\u00edo-B\u00edo, correspondiente a los a\u00f1os 2026-2030. La ceremonia reuni\u00f3 a autoridades regionales, representantes del sistema universitario y a integrantes de la comunidad UBB, reafirmando [&hellip;]<\/p>\n","protected":false},"author":1,"featured_media":15101,"comment_status":"open","ping_status":"open","sticky":false,"template":"","format":"standard","meta":{"_acf_changed":false,"footnotes":""},"categories":[3,13],"tags":[],"class_list":["post-15097","post","type-post","status-publish","format-standard","has-post-thumbnail","hentry","category-noticias","category-noticias-carrusel"],"acf":[],"yoast_head":"<!-- This site is optimized with the Yoast SEO plugin v28.3 - https:\/\/yoast.com\/product\/yoast-seo-wordpress\/ -->\n<title>Rector Dr. Benito Uma\u00f1a inicia nuevo per\u00edodo convocando a proyectar colectivamente el futuro de la Universidad del B\u00edo-B\u00edo - Consejo de Rectoras y Rectores de las Universidades Chilenas<\/title>\n<meta name=\"robots\" content=\"index, follow, max-snippet:-1, max-image-preview:large, max-video-preview:-1\" \/>\n<link rel=\"canonical\" href=\"https:\/\/consejoderectores.cl\/en\/2026\/09\/01\/rector-dr-benito-umana-inicia-nuevo-periodo-convocando-a-proyectar-colectivamente-el-futuro-de-la-universidad-del-bio-bio\/\" \/>\n<meta property=\"og:locale\" content=\"en_US\" \/>\n<meta property=\"og:type\" content=\"article\" \/>\n<meta property=\"og:title\" content=\"Rector Dr. Benito Uma\u00f1a inicia nuevo per\u00edodo convocando a proyectar colectivamente el futuro de la Universidad del B\u00edo-B\u00edo - Consejo de Rectoras y Rectores de las Universidades Chilenas\" \/>\n<meta property=\"og:description\" content=\"Con un llamado a consolidar los avances alcanzados y asumir colectivamente los nuevos desaf\u00edos institucionales, el rector Dr. Benito Uma\u00f1a Hermosilla inici\u00f3 su segundo per\u00edodo al frente de la Universidad del B\u00edo-B\u00edo, correspondiente a los a\u00f1os 2026-2030. La ceremonia reuni\u00f3 a autoridades regionales, representantes del sistema universitario y a integrantes de la comunidad UBB, reafirmando [&hellip;]\" \/>\n<meta property=\"og:url\" content=\"https:\/\/consejoderectores.cl\/en\/2026\/09\/01\/rector-dr-benito-umana-inicia-nuevo-periodo-convocando-a-proyectar-colectivamente-el-futuro-de-la-universidad-del-bio-bio\/\" \/>\n<meta property=\"og:site_name\" content=\"Consejo de Rectoras y Rectores de las Universidades Chilenas\" \/>\n<meta property=\"article:published_time\" content=\"2026-09-01T14:22:25+00:00\" \/>\n<meta property=\"og:image\" content=\"https:\/\/consejoderectores.cl\/wp-content\/uploads\/2026\/09\/DSC04490-e1788271129150.jpg\" \/>\n\t<meta property=\"og:image:width\" content=\"1048\" \/>\n\t<meta property=\"og:image:height\" content=\"508\" \/>\n\t<meta property=\"og:image:type\" content=\"image\/jpeg\" \/>\n<meta name=\"author\" content=\"Consejo de Rectores de las Universidades Chilenas\" \/>\n<meta name=\"twitter:card\" content=\"summary_large_image\" \/>\n<meta name=\"twitter:creator\" content=\"@CRUCH_cl\" \/>\n<meta name=\"twitter:site\" content=\"@CRUCH_cl\" \/>\n<meta name=\"twitter:label1\" content=\"Written by\" \/>\n\t<meta name=\"twitter:data1\" content=\"Consejo de Rectores de las Universidades Chilenas\" \/>\n\t<meta name=\"twitter:label2\" content=\"Est. reading time\" \/>\n\t<meta name=\"twitter:data2\" content=\"4 minutes\" \/>\n<script type=\"application\/ld+json\" class=\"yoast-schema-graph\">{\"@context\":\"https:\\\/\\\/schema.org\",\"@graph\":[{\"@type\":\"Article\",\"@id\":\"https:\\\/\\\/consejoderectores.cl\\\/2026\\\/09\\\/01\\\/rector-dr-benito-umana-inicia-nuevo-periodo-convocando-a-proyectar-colectivamente-el-futuro-de-la-universidad-del-bio-bio\\\/#article\",\"isPartOf\":{\"@id\":\"https:\\\/\\\/consejoderectores.cl\\\/2026\\\/09\\\/01\\\/rector-dr-benito-umana-inicia-nuevo-periodo-convocando-a-proyectar-colectivamente-el-futuro-de-la-universidad-del-bio-bio\\\/\"},\"author\":{\"name\":\"Consejo de Rectores de las Universidades Chilenas\",\"@id\":\"https:\\\/\\\/consejoderectores.cl\\\/en\\\/#\\\/schema\\\/person\\\/d863e44afde067fd4b57fac66ced709e\"},\"headline\":\"Rector Dr. Benito Uma\u00f1a inicia nuevo per\u00edodo convocando a proyectar colectivamente el futuro de la Universidad del B\u00edo-B\u00edo\",\"datePublished\":\"2026-09-01T14:22:25+00:00\",\"mainEntityOfPage\":{\"@id\":\"https:\\\/\\\/consejoderectores.cl\\\/2026\\\/09\\\/01\\\/rector-dr-benito-umana-inicia-nuevo-periodo-convocando-a-proyectar-colectivamente-el-futuro-de-la-universidad-del-bio-bio\\\/\"},\"wordCount\":850,\"commentCount\":0,\"publisher\":{\"@id\":\"https:\\\/\\\/consejoderectores.cl\\\/en\\\/#organization\"},\"image\":{\"@id\":\"https:\\\/\\\/consejoderectores.cl\\\/2026\\\/09\\\/01\\\/rector-dr-benito-umana-inicia-nuevo-periodo-convocando-a-proyectar-colectivamente-el-futuro-de-la-universidad-del-bio-bio\\\/#primaryimage\"},\"thumbnailUrl\":\"https:\\\/\\\/consejoderectores.cl\\\/wp-content\\\/uploads\\\/2026\\\/09\\\/DSC04490-e1788271129150.jpg\",\"articleSection\":[\"Noticias\",\"Noticias Carrusel\"],\"inLanguage\":\"en-US\",\"potentialAction\":[{\"@type\":\"CommentAction\",\"name\":\"Comment\",\"target\":[\"https:\\\/\\\/consejoderectores.cl\\\/2026\\\/09\\\/01\\\/rector-dr-benito-umana-inicia-nuevo-periodo-convocando-a-proyectar-colectivamente-el-futuro-de-la-universidad-del-bio-bio\\\/#respond\"]}]},{\"@type\":\"WebPage\",\"@id\":\"https:\\\/\\\/consejoderectores.cl\\\/2026\\\/09\\\/01\\\/rector-dr-benito-umana-inicia-nuevo-periodo-convocando-a-proyectar-colectivamente-el-futuro-de-la-universidad-del-bio-bio\\\/\",\"url\":\"https:\\\/\\\/consejoderectores.cl\\\/2026\\\/09\\\/01\\\/rector-dr-benito-umana-inicia-nuevo-periodo-convocando-a-proyectar-colectivamente-el-futuro-de-la-universidad-del-bio-bio\\\/\",\"name\":\"Rector Dr. Benito Uma\u00f1a inicia nuevo per\u00edodo convocando a proyectar colectivamente el futuro de la Universidad del B\u00edo-B\u00edo - Consejo de Rectoras y Rectores de las Universidades Chilenas\",\"isPartOf\":{\"@id\":\"https:\\\/\\\/consejoderectores.cl\\\/en\\\/#website\"},\"primaryImageOfPage\":{\"@id\":\"https:\\\/\\\/consejoderectores.cl\\\/2026\\\/09\\\/01\\\/rector-dr-benito-umana-inicia-nuevo-periodo-convocando-a-proyectar-colectivamente-el-futuro-de-la-universidad-del-bio-bio\\\/#primaryimage\"},\"image\":{\"@id\":\"https:\\\/\\\/consejoderectores.cl\\\/2026\\\/09\\\/01\\\/rector-dr-benito-umana-inicia-nuevo-periodo-convocando-a-proyectar-colectivamente-el-futuro-de-la-universidad-del-bio-bio\\\/#primaryimage\"},\"thumbnailUrl\":\"https:\\\/\\\/consejoderectores.cl\\\/wp-content\\\/uploads\\\/2026\\\/09\\\/DSC04490-e1788271129150.jpg\",\"datePublished\":\"2026-09-01T14:22:25+00:00\",\"breadcrumb\":{\"@id\":\"https:\\\/\\\/consejoderectores.cl\\\/2026\\\/09\\\/01\\\/rector-dr-benito-umana-inicia-nuevo-periodo-convocando-a-proyectar-colectivamente-el-futuro-de-la-universidad-del-bio-bio\\\/#breadcrumb\"},\"inLanguage\":\"en-US\",\"potentialAction\":[{\"@type\":\"ReadAction\",\"target\":[\"https:\\\/\\\/consejoderectores.cl\\\/2026\\\/09\\\/01\\\/rector-dr-benito-umana-inicia-nuevo-periodo-convocando-a-proyectar-colectivamente-el-futuro-de-la-universidad-del-bio-bio\\\/\"]}]},{\"@type\":\"ImageObject\",\"inLanguage\":\"en-US\",\"@id\":\"https:\\\/\\\/consejoderectores.cl\\\/2026\\\/09\\\/01\\\/rector-dr-benito-umana-inicia-nuevo-periodo-convocando-a-proyectar-colectivamente-el-futuro-de-la-universidad-del-bio-bio\\\/#primaryimage\",\"url\":\"https:\\\/\\\/consejoderectores.cl\\\/wp-content\\\/uploads\\\/2026\\\/09\\\/DSC04490-e1788271129150.jpg\",\"contentUrl\":\"https:\\\/\\\/consejoderectores.cl\\\/wp-content\\\/uploads\\\/2026\\\/09\\\/DSC04490-e1788271129150.jpg\",\"width\":1048,\"height\":508},{\"@type\":\"BreadcrumbList\",\"@id\":\"https:\\\/\\\/consejoderectores.cl\\\/2026\\\/09\\\/01\\\/rector-dr-benito-umana-inicia-nuevo-periodo-convocando-a-proyectar-colectivamente-el-futuro-de-la-universidad-del-bio-bio\\\/#breadcrumb\",\"itemListElement\":[{\"@type\":\"ListItem\",\"position\":1,\"name\":\"Home\",\"item\":\"https:\\\/\\\/consejoderectores.cl\\\/\"},{\"@type\":\"ListItem\",\"position\":2,\"name\":\"Rector Dr. Benito Uma\u00f1a inicia nuevo per\u00edodo convocando a proyectar colectivamente el futuro de la Universidad del B\u00edo-B\u00edo\"}]},{\"@type\":\"WebSite\",\"@id\":\"https:\\\/\\\/consejoderectores.cl\\\/en\\\/#website\",\"url\":\"https:\\\/\\\/consejoderectores.cl\\\/en\\\/\",\"name\":\"Consejo de Rectoras y Rectores de las Universidades Chilenas\",\"description\":\"\",\"publisher\":{\"@id\":\"https:\\\/\\\/consejoderectores.cl\\\/en\\\/#organization\"},\"potentialAction\":[{\"@type\":\"SearchAction\",\"target\":{\"@type\":\"EntryPoint\",\"urlTemplate\":\"https:\\\/\\\/consejoderectores.cl\\\/en\\\/?s={search_term_string}\"},\"query-input\":{\"@type\":\"PropertyValueSpecification\",\"valueRequired\":true,\"valueName\":\"search_term_string\"}}],\"inLanguage\":\"en-US\"},{\"@type\":\"Organization\",\"@id\":\"https:\\\/\\\/consejoderectores.cl\\\/en\\\/#organization\",\"name\":\"Consejo de Rectoras y Rectores de las Universidades Chilenas\",\"url\":\"https:\\\/\\\/consejoderectores.cl\\\/en\\\/\",\"logo\":{\"@type\":\"ImageObject\",\"inLanguage\":\"en-US\",\"@id\":\"https:\\\/\\\/consejoderectores.cl\\\/en\\\/#\\\/schema\\\/logo\\\/image\\\/\",\"url\":\"https:\\\/\\\/consejoderectores.cl\\\/wp-content\\\/uploads\\\/2025\\\/12\\\/logoheader_2025.png\",\"contentUrl\":\"https:\\\/\\\/consejoderectores.cl\\\/wp-content\\\/uploads\\\/2025\\\/12\\\/logoheader_2025.png\",\"width\":666,\"height\":305,\"caption\":\"Consejo de Rectoras y Rectores de las Universidades Chilenas\"},\"image\":{\"@id\":\"https:\\\/\\\/consejoderectores.cl\\\/en\\\/#\\\/schema\\\/logo\\\/image\\\/\"},\"sameAs\":[\"https:\\\/\\\/x.com\\\/CRUCH_cl\",\"https:\\\/\\\/www.instagram.com\\\/consejoderectores\\\/\",\"https:\\\/\\\/www.linkedin.com\\\/company\\\/cruch\\\/\",\"https:\\\/\\\/www.youtube.com\\\/channel\\\/UCzgIFRCsDlKoFpimiQmEaOA\"]},{\"@type\":\"Person\",\"@id\":\"https:\\\/\\\/consejoderectores.cl\\\/en\\\/#\\\/schema\\\/person\\\/d863e44afde067fd4b57fac66ced709e\",\"name\":\"Consejo de Rectores de las Universidades Chilenas\",\"image\":{\"@type\":\"ImageObject\",\"inLanguage\":\"en-US\",\"@id\":\"https:\\\/\\\/secure.gravatar.com\\\/avatar\\\/c31e2a02401f041926afb8ee21ab666f0925814fe85d25a5c8db80e23722dfc1?s=96&d=mm&r=g\",\"url\":\"https:\\\/\\\/secure.gravatar.com\\\/avatar\\\/c31e2a02401f041926afb8ee21ab666f0925814fe85d25a5c8db80e23722dfc1?s=96&d=mm&r=g\",\"contentUrl\":\"https:\\\/\\\/secure.gravatar.com\\\/avatar\\\/c31e2a02401f041926afb8ee21ab666f0925814fe85d25a5c8db80e23722dfc1?s=96&d=mm&r=g\",\"caption\":\"Consejo de Rectores de las Universidades Chilenas\"},\"sameAs\":[\"https:\\\/\\\/www.consejoderectores.cl\"],\"url\":\"https:\\\/\\\/consejoderectores.cl\\\/en\\\/author\\\/cruch\\\/\"}]}<\/script>\n<!-- \/ Yoast SEO plugin. -->","yoast_head_json":{"title":"Rector Dr. Benito Uma\u00f1a begins a new term by calling for a collective vision for the future of the University of B\u00edo-B\u00edo - Council of Rectors of Chilean Universities","robots":{"index":"index","follow":"follow","max-snippet":"max-snippet:-1","max-image-preview":"max-image-preview:large","max-video-preview":"max-video-preview:-1"},"canonical":"https:\/\/consejoderectores.cl\/en\/2026\/09\/01\/rector-dr-benito-umana-inicia-nuevo-periodo-convocando-a-proyectar-colectivamente-el-futuro-de-la-universidad-del-bio-bio\/","og_locale":"en_US","og_type":"article","og_title":"Rector Dr. Benito Uma\u00f1a inicia nuevo per\u00edodo convocando a proyectar colectivamente el futuro de la Universidad del B\u00edo-B\u00edo - Consejo de Rectoras y Rectores de las Universidades Chilenas","og_description":"Con un llamado a consolidar los avances alcanzados y asumir colectivamente los nuevos desaf\u00edos institucionales, el rector Dr. Benito Uma\u00f1a Hermosilla inici\u00f3 su segundo per\u00edodo al frente de la Universidad del B\u00edo-B\u00edo, correspondiente a los a\u00f1os 2026-2030. La ceremonia reuni\u00f3 a autoridades regionales, representantes del sistema universitario y a integrantes de la comunidad UBB, reafirmando [&hellip;]","og_url":"https:\/\/consejoderectores.cl\/en\/2026\/09\/01\/rector-dr-benito-umana-inicia-nuevo-periodo-convocando-a-proyectar-colectivamente-el-futuro-de-la-universidad-del-bio-bio\/","og_site_name":"Consejo de Rectoras y Rectores de las Universidades Chilenas","article_published_time":"2026-09-01T14:22:25+00:00","og_image":[{"width":1048,"height":508,"url":"https:\/\/consejoderectores.cl\/wp-content\/uploads\/2026\/09\/DSC04490-e1788271129150.jpg","type":"image\/jpeg"}],"author":"Consejo de Rectores de las Universidades Chilenas","twitter_card":"summary_large_image","twitter_creator":"@CRUCH_cl","twitter_site":"@CRUCH_cl","twitter_misc":{"Written by":"Consejo de Rectores de las Universidades Chilenas","Est. reading time":"4 minutes"},"schema":{"@context":"https:\/\/schema.org","@graph":[{"@type":"Article","@id":"https:\/\/consejoderectores.cl\/2026\/09\/01\/rector-dr-benito-umana-inicia-nuevo-periodo-convocando-a-proyectar-colectivamente-el-futuro-de-la-universidad-del-bio-bio\/#article","isPartOf":{"@id":"https:\/\/consejoderectores.cl\/2026\/09\/01\/rector-dr-benito-umana-inicia-nuevo-periodo-convocando-a-proyectar-colectivamente-el-futuro-de-la-universidad-del-bio-bio\/"},"author":{"name":"Consejo de Rectores de las Universidades Chilenas","@id":"https:\/\/consejoderectores.cl\/en\/#\/schema\/person\/d863e44afde067fd4b57fac66ced709e"},"headline":"Rector Dr. Benito Uma\u00f1a inicia nuevo per\u00edodo convocando a proyectar colectivamente el futuro de la Universidad del B\u00edo-B\u00edo","datePublished":"2026-09-01T14:22:25+00:00","mainEntityOfPage":{"@id":"https:\/\/consejoderectores.cl\/2026\/09\/01\/rector-dr-benito-umana-inicia-nuevo-periodo-convocando-a-proyectar-colectivamente-el-futuro-de-la-universidad-del-bio-bio\/"},"wordCount":850,"commentCount":0,"publisher":{"@id":"https:\/\/consejoderectores.cl\/en\/#organization"},"image":{"@id":"https:\/\/consejoderectores.cl\/2026\/09\/01\/rector-dr-benito-umana-inicia-nuevo-periodo-convocando-a-proyectar-colectivamente-el-futuro-de-la-universidad-del-bio-bio\/#primaryimage"},"thumbnailUrl":"https:\/\/consejoderectores.cl\/wp-content\/uploads\/2026\/09\/DSC04490-e1788271129150.jpg","articleSection":["Noticias","Noticias Carrusel"],"inLanguage":"en-US","potentialAction":[{"@type":"CommentAction","name":"Comment","target":["https:\/\/consejoderectores.cl\/2026\/09\/01\/rector-dr-benito-umana-inicia-nuevo-periodo-convocando-a-proyectar-colectivamente-el-futuro-de-la-universidad-del-bio-bio\/#respond"]}]},{"@type":"WebPage","@id":"https:\/\/consejoderectores.cl\/2026\/09\/01\/rector-dr-benito-umana-inicia-nuevo-periodo-convocando-a-proyectar-colectivamente-el-futuro-de-la-universidad-del-bio-bio\/","url":"https:\/\/consejoderectores.cl\/2026\/09\/01\/rector-dr-benito-umana-inicia-nuevo-periodo-convocando-a-proyectar-colectivamente-el-futuro-de-la-universidad-del-bio-bio\/","name":"Rector Dr. Benito Uma\u00f1a begins a new term by calling for a collective vision for the future of the University of B\u00edo-B\u00edo - Council of Rectors of Chilean Universities","isPartOf":{"@id":"https:\/\/consejoderectores.cl\/en\/#website"},"primaryImageOfPage":{"@id":"https:\/\/consejoderectores.cl\/2026\/09\/01\/rector-dr-benito-umana-inicia-nuevo-periodo-convocando-a-proyectar-colectivamente-el-futuro-de-la-universidad-del-bio-bio\/#primaryimage"},"image":{"@id":"https:\/\/consejoderectores.cl\/2026\/09\/01\/rector-dr-benito-umana-inicia-nuevo-periodo-convocando-a-proyectar-colectivamente-el-futuro-de-la-universidad-del-bio-bio\/#primaryimage"},"thumbnailUrl":"https:\/\/consejoderectores.cl\/wp-content\/uploads\/2026\/09\/DSC04490-e1788271129150.jpg","datePublished":"2026-09-01T14:22:25+00:00","breadcrumb":{"@id":"https:\/\/consejoderectores.cl\/2026\/09\/01\/rector-dr-benito-umana-inicia-nuevo-periodo-convocando-a-proyectar-colectivamente-el-futuro-de-la-universidad-del-bio-bio\/#breadcrumb"},"inLanguage":"en-US","potentialAction":[{"@type":"ReadAction","target":["https:\/\/consejoderectores.cl\/2026\/09\/01\/rector-dr-benito-umana-inicia-nuevo-periodo-convocando-a-proyectar-colectivamente-el-futuro-de-la-universidad-del-bio-bio\/"]}]},{"@type":"ImageObject","inLanguage":"en-US","@id":"https:\/\/consejoderectores.cl\/2026\/09\/01\/rector-dr-benito-umana-inicia-nuevo-periodo-convocando-a-proyectar-colectivamente-el-futuro-de-la-universidad-del-bio-bio\/#primaryimage","url":"https:\/\/consejoderectores.cl\/wp-content\/uploads\/2026\/09\/DSC04490-e1788271129150.jpg","contentUrl":"https:\/\/consejoderectores.cl\/wp-content\/uploads\/2026\/09\/DSC04490-e1788271129150.jpg","width":1048,"height":508},{"@type":"BreadcrumbList","@id":"https:\/\/consejoderectores.cl\/2026\/09\/01\/rector-dr-benito-umana-inicia-nuevo-periodo-convocando-a-proyectar-colectivamente-el-futuro-de-la-universidad-del-bio-bio\/#breadcrumb","itemListElement":[{"@type":"ListItem","position":1,"name":"Home","item":"https:\/\/consejoderectores.cl\/"},{"@type":"ListItem","position":2,"name":"Rector Dr. Benito Uma\u00f1a inicia nuevo per\u00edodo convocando a proyectar colectivamente el futuro de la Universidad del B\u00edo-B\u00edo"}]},{"@type":"WebSite","@id":"https:\/\/consejoderectores.cl\/en\/#website","url":"https:\/\/consejoderectores.cl\/en\/","name":"Council of Rectors of Chilean Universities","description":"","publisher":{"@id":"https:\/\/consejoderectores.cl\/en\/#organization"},"potentialAction":[{"@type":"SearchAction","target":{"@type":"EntryPoint","urlTemplate":"https:\/\/consejoderectores.cl\/en\/?s={search_term_string}"},"query-input":{"@type":"PropertyValueSpecification","valueRequired":true,"valueName":"search_term_string"}}],"inLanguage":"en-US"},{"@type":"Organization","@id":"https:\/\/consejoderectores.cl\/en\/#organization","name":"Council of Rectors of Chilean Universities","url":"https:\/\/consejoderectores.cl\/en\/","logo":{"@type":"ImageObject","inLanguage":"en-US","@id":"https:\/\/consejoderectores.cl\/en\/#\/schema\/logo\/image\/","url":"https:\/\/consejoderectores.cl\/wp-content\/uploads\/2025\/12\/logoheader_2025.png","contentUrl":"https:\/\/consejoderectores.cl\/wp-content\/uploads\/2025\/12\/logoheader_2025.png","width":666,"height":305,"caption":"Consejo de Rectoras y Rectores de las Universidades Chilenas"},"image":{"@id":"https:\/\/consejoderectores.cl\/en\/#\/schema\/logo\/image\/"},"sameAs":["https:\/\/x.com\/CRUCH_cl","https:\/\/www.instagram.com\/consejoderectores\/","https:\/\/www.linkedin.com\/company\/cruch\/","https:\/\/www.youtube.com\/channel\/UCzgIFRCsDlKoFpimiQmEaOA"]},{"@type":"Person","@id":"https:\/\/consejoderectores.cl\/en\/#\/schema\/person\/d863e44afde067fd4b57fac66ced709e","name":"Council of Rectors of Chilean Universities","image":{"@type":"ImageObject","inLanguage":"en-US","@id":"https:\/\/secure.gravatar.com\/avatar\/c31e2a02401f041926afb8ee21ab666f0925814fe85d25a5c8db80e23722dfc1?s=96&d=mm&r=g","url":"https:\/\/secure.gravatar.com\/avatar\/c31e2a02401f041926afb8ee21ab666f0925814fe85d25a5c8db80e23722dfc1?s=96&d=mm&r=g","contentUrl":"https:\/\/secure.gravatar.com\/avatar\/c31e2a02401f041926afb8ee21ab666f0925814fe85d25a5c8db80e23722dfc1?s=96&d=mm&r=g","caption":"Consejo de Rectores de las Universidades Chilenas"},"sameAs":["https:\/\/www.consejoderectores.cl"],"url":"https:\/\/consejoderectores.cl\/en\/author\/cruch\/"}]}},"_links":{"self":[{"href":"https:\/\/consejoderectores.cl\/en\/wp-json\/wp\/v2\/posts\/15097","targetHints":{"allow":["GET"]}}],"collection":[{"href":"https:\/\/consejoderectores.cl\/en\/wp-json\/wp\/v2\/posts"}],"about":[{"href":"https:\/\/consejoderectores.cl\/en\/wp-json\/wp\/v2\/types\/post"}],"author":[{"embeddable":true,"href":"https:\/\/consejoderectores.cl\/en\/wp-json\/wp\/v2\/users\/1"}],"replies":[{"embeddable":true,"href":"https:\/\/consejoderectores.cl\/en\/wp-json\/wp\/v2\/comments?post=15097"}],"version-history":[{"count":5,"href":"https:\/\/consejoderectores.cl\/en\/wp-json\/wp\/v2\/posts\/15097\/revisions"}],"predecessor-version":[{"id":15106,"href":"https:\/\/consejoderectores.cl\/en\/wp-json\/wp\/v2\/posts\/15097\/revisions\/15106"}],"wp:featuredmedia":[{"embeddable":true,"href":"https:\/\/consejoderectores.cl\/en\/wp-json\/wp\/v2\/media\/15101"}],"wp:attachment":[{"href":"https:\/\/consejoderectores.cl\/en\/wp-json\/wp\/v2\/media?parent=15097"}],"wp:term":[{"taxonomy":"category","embeddable":true,"href":"https:\/\/consejoderectores.cl\/en\/wp-json\/wp\/v2\/categories?post=15097"},{"taxonomy":"post_tag","embeddable":true,"href":"https:\/\/consejoderectores.cl\/en\/wp-json\/wp\/v2\/tags?post=15097"}],"curies":[{"name":"wp","href":"https:\/\/api.w.org\/{rel}","templated":true}]}}