{"id":1509,"date":"2016-04-13T00:00:00","date_gmt":"2016-04-13T00:00:00","guid":{"rendered":""},"modified":"2022-01-06T19:24:43","modified_gmt":"2022-01-06T19:24:43","slug":"603c6d808087e","status":"publish","type":"post","link":"https:\/\/consejoderectores.cl\/en\/2016\/04\/13\/603c6d808087e\/","title":{"rendered":"Council of Rectors defines criteria for private universities to be assigned to their Single Admission System"},"content":{"rendered":"<blockquote><p>\u201cWith this decision, the Council of Rectors wants to contribute to a greater institutionalization of the admission processes in the country&#039;s higher education system,\u201d said the executive vice president of the Council of Rectors, Aldo Valle.<\/p>\n<p>Private universities wishing to apply to join the Single Admission System have until Monday, April 25th to do so.<\/p><\/blockquote>\n<p>The Council of Rectors of Chilean Universities announced the three basic criteria that private universities must meet if they wish to join the CRUCH Single Admission System to participate in the 2017 Admission Process.<\/p>\n<p>The executive vice president of the Council of Rectors and rector of the University of Valpara\u00edso, Aldo Valle, stated that \u201cwith this decision, the Council of Rectors wants to contribute to a greater institutionalization of the admission processes in the country&#039;s higher education system, ensuring that the application and selection of students responds to the principles of transparency and impartiality and, at the same time, that the admission processes are based on the recognition of the merit and performance of the students, considering their respective educational environments,\u201d he pointed out.<\/p>\n<p>Regarding the criteria, Valle explained that \u201cthe first criterion requires institutions to meet the requirements of Law 20.890 concerning accreditation for a specific period, regardless of whether their governing bodies are non-profit individuals or legal entities. The second criterion stipulates that institutions must commit to full compliance with the rules and procedures of the Unified Admission System, as well as the agreements of the Council of Rectors related to the Admission Process. Finally, the third criterion states that institutions must demonstrate the compatibility of their mission and institutional vision with the principles of the Unified Admission System of the Council of Rectors,\u201d Valle noted.<\/p>\n<p>These criteria were agreed upon at the Council of Rectors session at the end of March and were specified at the Executive Committee meeting last Monday, April 11.<\/p>\n<h4>University applications<\/h4>\n<p>Considering these criteria, all universities wishing to participate in the Single Admission System for the 2017 Admission Process must send a letter of application to the Council of Rectors by Monday, April 25.<\/p>\n<p>The applications received will be submitted to the plenary session of the Council of Rectors for a decision on April 28, and during the first week of May, a formal communication will be sent to the universities with the acceptance or rejection of their application.<\/p>\n<p>It&#039;s worth noting that in April 2011, the CRUCH (Council of Rectors of Chilean Universities) opened the admissions system and invited all private universities to participate. The eight universities that have been affiliated since then are: Diego Portales University, Mayor University, Finis Terrae University, Andr\u00e9s Bello University, Adolfo Ib\u00e1\u00f1ez University, University of the Andes, University of Development, and Alberto Hurtado University.<\/p>\n<p><!--EndFragment--><\/p>","protected":false},"excerpt":{"rendered":"<p>\u201cCon esta decisi\u00f3n, el Consejo de Rectores quiere contribuir a una mayor institucionalizaci\u00f3n de los procesos de admisi\u00f3n en el sistema de educaci\u00f3n superior del pa\u00eds\u201d, se\u00f1al\u00f3 el vicepresidente ejecutivo del Consejo de Rectores, Aldo Valle. Hasta el lunes 25 de abril tendr\u00e1n plazo las universidades privadas que deseen postular para adscribirse al Sistema \u00danico [&hellip;]<\/p>\n","protected":false},"author":1,"featured_media":3592,"comment_status":"open","ping_status":"open","sticky":false,"template":"","format":"standard","meta":{"_acf_changed":false,"footnotes":""},"categories":[3],"tags":[],"class_list":["post-1509","post","type-post","status-publish","format-standard","has-post-thumbnail","hentry","category-noticias"],"acf":[],"yoast_head":"<!-- This site is optimized with the Yoast SEO plugin v27.1.1 - https:\/\/yoast.com\/product\/yoast-seo-wordpress\/ -->\n<title>Consejo de Rectores define criterios para que universidades privadas adscriban a su Sistema \u00danico de Admisi\u00f3n - Consejo de Rectoras y Rectores de las Universidades Chilenas<\/title>\n<meta name=\"robots\" content=\"index, follow, max-snippet:-1, max-image-preview:large, max-video-preview:-1\" \/>\n<link rel=\"canonical\" href=\"https:\/\/consejoderectores.cl\/en\/2016\/04\/13\/603c6d808087e\/\" \/>\n<meta property=\"og:locale\" content=\"en_US\" \/>\n<meta property=\"og:type\" content=\"article\" \/>\n<meta property=\"og:title\" content=\"Consejo de Rectores define criterios para que universidades privadas adscriban a su Sistema \u00danico de Admisi\u00f3n - Consejo de Rectoras y Rectores de las Universidades Chilenas\" \/>\n<meta property=\"og:description\" content=\"\u201cCon esta decisi\u00f3n, el Consejo de Rectores quiere contribuir a una mayor institucionalizaci\u00f3n de los procesos de admisi\u00f3n en el sistema de educaci\u00f3n superior del pa\u00eds\u201d, se\u00f1al\u00f3 el vicepresidente ejecutivo del Consejo de Rectores, Aldo Valle. Hasta el lunes 25 de abril tendr\u00e1n plazo las universidades privadas que deseen postular para adscribirse al Sistema \u00danico [&hellip;]\" \/>\n<meta property=\"og:url\" content=\"https:\/\/consejoderectores.cl\/en\/2016\/04\/13\/603c6d808087e\/\" \/>\n<meta property=\"og:site_name\" content=\"Consejo de Rectoras y Rectores de las Universidades Chilenas\" \/>\n<meta property=\"article:published_time\" content=\"2016-04-13T00:00:00+00:00\" \/>\n<meta property=\"article:modified_time\" content=\"2022-01-06T19:24:43+00:00\" \/>\n<meta property=\"og:image\" content=\"https:\/\/consejoderectores.cl\/wp-content\/uploads\/2021\/10\/declaraciones-publicas.jpg\" \/>\n\t<meta property=\"og:image:width\" content=\"1024\" \/>\n\t<meta property=\"og:image:height\" content=\"500\" \/>\n\t<meta property=\"og:image:type\" content=\"image\/jpeg\" \/>\n<meta name=\"author\" content=\"Consejo de Rectores de las Universidades Chilenas\" \/>\n<meta name=\"twitter:card\" content=\"summary_large_image\" \/>\n<meta name=\"twitter:creator\" content=\"@CRUCH_cl\" \/>\n<meta name=\"twitter:site\" content=\"@CRUCH_cl\" \/>\n<meta name=\"twitter:label1\" content=\"Written by\" \/>\n\t<meta name=\"twitter:data1\" content=\"Consejo de Rectores de las Universidades Chilenas\" \/>\n\t<meta name=\"twitter:label2\" content=\"Est. reading time\" \/>\n\t<meta name=\"twitter:data2\" content=\"3 minutes\" \/>\n<script type=\"application\/ld+json\" class=\"yoast-schema-graph\">{\"@context\":\"https:\/\/schema.org\",\"@graph\":[{\"@type\":\"Article\",\"@id\":\"https:\/\/consejoderectores.cl\/en\/2016\/04\/13\/603c6d808087e\/#article\",\"isPartOf\":{\"@id\":\"https:\/\/consejoderectores.cl\/en\/2016\/04\/13\/603c6d808087e\/\"},\"author\":{\"name\":\"Consejo de Rectores de las Universidades Chilenas\",\"@id\":\"https:\/\/consejoderectores.cl\/en\/#\/schema\/person\/d863e44afde067fd4b57fac66ced709e\"},\"headline\":\"Consejo de Rectores define criterios para que universidades privadas adscriban a su Sistema \u00danico de Admisi\u00f3n\",\"datePublished\":\"2016-04-13T00:00:00+00:00\",\"dateModified\":\"2022-01-06T19:24:43+00:00\",\"mainEntityOfPage\":{\"@id\":\"https:\/\/consejoderectores.cl\/en\/2016\/04\/13\/603c6d808087e\/\"},\"wordCount\":532,\"commentCount\":0,\"publisher\":{\"@id\":\"https:\/\/consejoderectores.cl\/en\/#organization\"},\"image\":{\"@id\":\"https:\/\/consejoderectores.cl\/en\/2016\/04\/13\/603c6d808087e\/#primaryimage\"},\"thumbnailUrl\":\"https:\/\/consejoderectores.cl\/wp-content\/uploads\/2021\/10\/declaraciones-publicas.jpg\",\"articleSection\":[\"Noticias\"],\"inLanguage\":\"en-US\",\"potentialAction\":[{\"@type\":\"CommentAction\",\"name\":\"Comment\",\"target\":[\"https:\/\/consejoderectores.cl\/en\/2016\/04\/13\/603c6d808087e\/#respond\"]}]},{\"@type\":\"WebPage\",\"@id\":\"https:\/\/consejoderectores.cl\/en\/2016\/04\/13\/603c6d808087e\/\",\"url\":\"https:\/\/consejoderectores.cl\/en\/2016\/04\/13\/603c6d808087e\/\",\"name\":\"Consejo de Rectores define criterios para que universidades privadas adscriban a su Sistema \u00danico de Admisi\u00f3n - Consejo de Rectoras y Rectores de las Universidades Chilenas\",\"isPartOf\":{\"@id\":\"https:\/\/consejoderectores.cl\/en\/#website\"},\"primaryImageOfPage\":{\"@id\":\"https:\/\/consejoderectores.cl\/en\/2016\/04\/13\/603c6d808087e\/#primaryimage\"},\"image\":{\"@id\":\"https:\/\/consejoderectores.cl\/en\/2016\/04\/13\/603c6d808087e\/#primaryimage\"},\"thumbnailUrl\":\"https:\/\/consejoderectores.cl\/wp-content\/uploads\/2021\/10\/declaraciones-publicas.jpg\",\"datePublished\":\"2016-04-13T00:00:00+00:00\",\"dateModified\":\"2022-01-06T19:24:43+00:00\",\"breadcrumb\":{\"@id\":\"https:\/\/consejoderectores.cl\/en\/2016\/04\/13\/603c6d808087e\/#breadcrumb\"},\"inLanguage\":\"en-US\",\"potentialAction\":[{\"@type\":\"ReadAction\",\"target\":[\"https:\/\/consejoderectores.cl\/en\/2016\/04\/13\/603c6d808087e\/\"]}]},{\"@type\":\"ImageObject\",\"inLanguage\":\"en-US\",\"@id\":\"https:\/\/consejoderectores.cl\/en\/2016\/04\/13\/603c6d808087e\/#primaryimage\",\"url\":\"https:\/\/consejoderectores.cl\/wp-content\/uploads\/2021\/10\/declaraciones-publicas.jpg\",\"contentUrl\":\"https:\/\/consejoderectores.cl\/wp-content\/uploads\/2021\/10\/declaraciones-publicas.jpg\",\"width\":1024,\"height\":500},{\"@type\":\"BreadcrumbList\",\"@id\":\"https:\/\/consejoderectores.cl\/en\/2016\/04\/13\/603c6d808087e\/#breadcrumb\",\"itemListElement\":[{\"@type\":\"ListItem\",\"position\":1,\"name\":\"Home\",\"item\":\"https:\/\/consejoderectores.cl\/\"},{\"@type\":\"ListItem\",\"position\":2,\"name\":\"Consejo de Rectores define criterios para que universidades privadas adscriban a su Sistema \u00danico de Admisi\u00f3n\"}]},{\"@type\":\"WebSite\",\"@id\":\"https:\/\/consejoderectores.cl\/en\/#website\",\"url\":\"https:\/\/consejoderectores.cl\/en\/\",\"name\":\"Consejo de Rectoras y Rectores de las Universidades Chilenas\",\"description\":\"\",\"publisher\":{\"@id\":\"https:\/\/consejoderectores.cl\/en\/#organization\"},\"potentialAction\":[{\"@type\":\"SearchAction\",\"target\":{\"@type\":\"EntryPoint\",\"urlTemplate\":\"https:\/\/consejoderectores.cl\/en\/?s={search_term_string}\"},\"query-input\":{\"@type\":\"PropertyValueSpecification\",\"valueRequired\":true,\"valueName\":\"search_term_string\"}}],\"inLanguage\":\"en-US\"},{\"@type\":\"Organization\",\"@id\":\"https:\/\/consejoderectores.cl\/en\/#organization\",\"name\":\"Consejo de Rectoras y Rectores de las Universidades Chilenas\",\"url\":\"https:\/\/consejoderectores.cl\/en\/\",\"logo\":{\"@type\":\"ImageObject\",\"inLanguage\":\"en-US\",\"@id\":\"https:\/\/consejoderectores.cl\/en\/#\/schema\/logo\/image\/\",\"url\":\"https:\/\/consejoderectores.cl\/wp-content\/uploads\/2025\/12\/logoheader_2025.png\",\"contentUrl\":\"https:\/\/consejoderectores.cl\/wp-content\/uploads\/2025\/12\/logoheader_2025.png\",\"width\":666,\"height\":305,\"caption\":\"Consejo de Rectoras y Rectores de las Universidades Chilenas\"},\"image\":{\"@id\":\"https:\/\/consejoderectores.cl\/en\/#\/schema\/logo\/image\/\"},\"sameAs\":[\"https:\/\/x.com\/CRUCH_cl\",\"https:\/\/www.instagram.com\/consejoderectores\/\",\"https:\/\/www.linkedin.com\/company\/cruch\/\",\"https:\/\/www.youtube.com\/channel\/UCzgIFRCsDlKoFpimiQmEaOA\"]},{\"@type\":\"Person\",\"@id\":\"https:\/\/consejoderectores.cl\/en\/#\/schema\/person\/d863e44afde067fd4b57fac66ced709e\",\"name\":\"Consejo de Rectores de las Universidades Chilenas\",\"image\":{\"@type\":\"ImageObject\",\"inLanguage\":\"en-US\",\"@id\":\"https:\/\/consejoderectores.cl\/en\/#\/schema\/person\/image\/\",\"url\":\"https:\/\/secure.gravatar.com\/avatar\/c31e2a02401f041926afb8ee21ab666f0925814fe85d25a5c8db80e23722dfc1?s=96&d=mm&r=g\",\"contentUrl\":\"https:\/\/secure.gravatar.com\/avatar\/c31e2a02401f041926afb8ee21ab666f0925814fe85d25a5c8db80e23722dfc1?s=96&d=mm&r=g\",\"caption\":\"Consejo de Rectores de las Universidades Chilenas\"},\"sameAs\":[\"https:\/\/www.consejoderectores.cl\"],\"url\":\"https:\/\/consejoderectores.cl\/en\/author\/cruch\/\"}]}<\/script>\n<!-- \/ Yoast SEO plugin. -->","yoast_head_json":{"title":"Consejo de Rectores define criterios para que universidades privadas adscriban a su Sistema \u00danico de Admisi\u00f3n - Consejo de Rectoras y Rectores de las Universidades Chilenas","robots":{"index":"index","follow":"follow","max-snippet":"max-snippet:-1","max-image-preview":"max-image-preview:large","max-video-preview":"max-video-preview:-1"},"canonical":"https:\/\/consejoderectores.cl\/en\/2016\/04\/13\/603c6d808087e\/","og_locale":"en_US","og_type":"article","og_title":"Consejo de Rectores define criterios para que universidades privadas adscriban a su Sistema \u00danico de Admisi\u00f3n - Consejo de Rectoras y Rectores de las Universidades Chilenas","og_description":"\u201cCon esta decisi\u00f3n, el Consejo de Rectores quiere contribuir a una mayor institucionalizaci\u00f3n de los procesos de admisi\u00f3n en el sistema de educaci\u00f3n superior del pa\u00eds\u201d, se\u00f1al\u00f3 el vicepresidente ejecutivo del Consejo de Rectores, Aldo Valle. Hasta el lunes 25 de abril tendr\u00e1n plazo las universidades privadas que deseen postular para adscribirse al Sistema \u00danico [&hellip;]","og_url":"https:\/\/consejoderectores.cl\/en\/2016\/04\/13\/603c6d808087e\/","og_site_name":"Consejo de Rectoras y Rectores de las Universidades Chilenas","article_published_time":"2016-04-13T00:00:00+00:00","article_modified_time":"2022-01-06T19:24:43+00:00","og_image":[{"width":1024,"height":500,"url":"https:\/\/consejoderectores.cl\/wp-content\/uploads\/2021\/10\/declaraciones-publicas.jpg","type":"image\/jpeg"}],"author":"Consejo de Rectores de las Universidades Chilenas","twitter_card":"summary_large_image","twitter_creator":"@CRUCH_cl","twitter_site":"@CRUCH_cl","twitter_misc":{"Written by":"Consejo de Rectores de las Universidades Chilenas","Est. reading time":"3 minutes"},"schema":{"@context":"https:\/\/schema.org","@graph":[{"@type":"Article","@id":"https:\/\/consejoderectores.cl\/en\/2016\/04\/13\/603c6d808087e\/#article","isPartOf":{"@id":"https:\/\/consejoderectores.cl\/en\/2016\/04\/13\/603c6d808087e\/"},"author":{"name":"Consejo de Rectores de las Universidades Chilenas","@id":"https:\/\/consejoderectores.cl\/en\/#\/schema\/person\/d863e44afde067fd4b57fac66ced709e"},"headline":"Consejo de Rectores define criterios para que universidades privadas adscriban a su Sistema \u00danico de Admisi\u00f3n","datePublished":"2016-04-13T00:00:00+00:00","dateModified":"2022-01-06T19:24:43+00:00","mainEntityOfPage":{"@id":"https:\/\/consejoderectores.cl\/en\/2016\/04\/13\/603c6d808087e\/"},"wordCount":532,"commentCount":0,"publisher":{"@id":"https:\/\/consejoderectores.cl\/en\/#organization"},"image":{"@id":"https:\/\/consejoderectores.cl\/en\/2016\/04\/13\/603c6d808087e\/#primaryimage"},"thumbnailUrl":"https:\/\/consejoderectores.cl\/wp-content\/uploads\/2021\/10\/declaraciones-publicas.jpg","articleSection":["Noticias"],"inLanguage":"en-US","potentialAction":[{"@type":"CommentAction","name":"Comment","target":["https:\/\/consejoderectores.cl\/en\/2016\/04\/13\/603c6d808087e\/#respond"]}]},{"@type":"WebPage","@id":"https:\/\/consejoderectores.cl\/en\/2016\/04\/13\/603c6d808087e\/","url":"https:\/\/consejoderectores.cl\/en\/2016\/04\/13\/603c6d808087e\/","name":"Consejo de Rectores define criterios para que universidades privadas adscriban a su Sistema \u00danico de Admisi\u00f3n - Consejo de Rectoras y Rectores de las Universidades Chilenas","isPartOf":{"@id":"https:\/\/consejoderectores.cl\/en\/#website"},"primaryImageOfPage":{"@id":"https:\/\/consejoderectores.cl\/en\/2016\/04\/13\/603c6d808087e\/#primaryimage"},"image":{"@id":"https:\/\/consejoderectores.cl\/en\/2016\/04\/13\/603c6d808087e\/#primaryimage"},"thumbnailUrl":"https:\/\/consejoderectores.cl\/wp-content\/uploads\/2021\/10\/declaraciones-publicas.jpg","datePublished":"2016-04-13T00:00:00+00:00","dateModified":"2022-01-06T19:24:43+00:00","breadcrumb":{"@id":"https:\/\/consejoderectores.cl\/en\/2016\/04\/13\/603c6d808087e\/#breadcrumb"},"inLanguage":"en-US","potentialAction":[{"@type":"ReadAction","target":["https:\/\/consejoderectores.cl\/en\/2016\/04\/13\/603c6d808087e\/"]}]},{"@type":"ImageObject","inLanguage":"en-US","@id":"https:\/\/consejoderectores.cl\/en\/2016\/04\/13\/603c6d808087e\/#primaryimage","url":"https:\/\/consejoderectores.cl\/wp-content\/uploads\/2021\/10\/declaraciones-publicas.jpg","contentUrl":"https:\/\/consejoderectores.cl\/wp-content\/uploads\/2021\/10\/declaraciones-publicas.jpg","width":1024,"height":500},{"@type":"BreadcrumbList","@id":"https:\/\/consejoderectores.cl\/en\/2016\/04\/13\/603c6d808087e\/#breadcrumb","itemListElement":[{"@type":"ListItem","position":1,"name":"Home","item":"https:\/\/consejoderectores.cl\/"},{"@type":"ListItem","position":2,"name":"Consejo de Rectores define criterios para que universidades privadas adscriban a su Sistema \u00danico de Admisi\u00f3n"}]},{"@type":"WebSite","@id":"https:\/\/consejoderectores.cl\/en\/#website","url":"https:\/\/consejoderectores.cl\/en\/","name":"Council of Rectors of Chilean Universities","description":"","publisher":{"@id":"https:\/\/consejoderectores.cl\/en\/#organization"},"potentialAction":[{"@type":"SearchAction","target":{"@type":"EntryPoint","urlTemplate":"https:\/\/consejoderectores.cl\/en\/?s={search_term_string}"},"query-input":{"@type":"PropertyValueSpecification","valueRequired":true,"valueName":"search_term_string"}}],"inLanguage":"en-US"},{"@type":"Organization","@id":"https:\/\/consejoderectores.cl\/en\/#organization","name":"Council of Rectors of Chilean Universities","url":"https:\/\/consejoderectores.cl\/en\/","logo":{"@type":"ImageObject","inLanguage":"en-US","@id":"https:\/\/consejoderectores.cl\/en\/#\/schema\/logo\/image\/","url":"https:\/\/consejoderectores.cl\/wp-content\/uploads\/2025\/12\/logoheader_2025.png","contentUrl":"https:\/\/consejoderectores.cl\/wp-content\/uploads\/2025\/12\/logoheader_2025.png","width":666,"height":305,"caption":"Consejo de Rectoras y Rectores de las Universidades Chilenas"},"image":{"@id":"https:\/\/consejoderectores.cl\/en\/#\/schema\/logo\/image\/"},"sameAs":["https:\/\/x.com\/CRUCH_cl","https:\/\/www.instagram.com\/consejoderectores\/","https:\/\/www.linkedin.com\/company\/cruch\/","https:\/\/www.youtube.com\/channel\/UCzgIFRCsDlKoFpimiQmEaOA"]},{"@type":"Person","@id":"https:\/\/consejoderectores.cl\/en\/#\/schema\/person\/d863e44afde067fd4b57fac66ced709e","name":"Council of Rectors of Chilean Universities","image":{"@type":"ImageObject","inLanguage":"en-US","@id":"https:\/\/consejoderectores.cl\/en\/#\/schema\/person\/image\/","url":"https:\/\/secure.gravatar.com\/avatar\/c31e2a02401f041926afb8ee21ab666f0925814fe85d25a5c8db80e23722dfc1?s=96&d=mm&r=g","contentUrl":"https:\/\/secure.gravatar.com\/avatar\/c31e2a02401f041926afb8ee21ab666f0925814fe85d25a5c8db80e23722dfc1?s=96&d=mm&r=g","caption":"Consejo de Rectores de las Universidades Chilenas"},"sameAs":["https:\/\/www.consejoderectores.cl"],"url":"https:\/\/consejoderectores.cl\/en\/author\/cruch\/"}]}},"_links":{"self":[{"href":"https:\/\/consejoderectores.cl\/en\/wp-json\/wp\/v2\/posts\/1509","targetHints":{"allow":["GET"]}}],"collection":[{"href":"https:\/\/consejoderectores.cl\/en\/wp-json\/wp\/v2\/posts"}],"about":[{"href":"https:\/\/consejoderectores.cl\/en\/wp-json\/wp\/v2\/types\/post"}],"author":[{"embeddable":true,"href":"https:\/\/consejoderectores.cl\/en\/wp-json\/wp\/v2\/users\/1"}],"replies":[{"embeddable":true,"href":"https:\/\/consejoderectores.cl\/en\/wp-json\/wp\/v2\/comments?post=1509"}],"version-history":[{"count":2,"href":"https:\/\/consejoderectores.cl\/en\/wp-json\/wp\/v2\/posts\/1509\/revisions"}],"predecessor-version":[{"id":4997,"href":"https:\/\/consejoderectores.cl\/en\/wp-json\/wp\/v2\/posts\/1509\/revisions\/4997"}],"wp:featuredmedia":[{"embeddable":true,"href":"https:\/\/consejoderectores.cl\/en\/wp-json\/wp\/v2\/media\/3592"}],"wp:attachment":[{"href":"https:\/\/consejoderectores.cl\/en\/wp-json\/wp\/v2\/media?parent=1509"}],"wp:term":[{"taxonomy":"category","embeddable":true,"href":"https:\/\/consejoderectores.cl\/en\/wp-json\/wp\/v2\/categories?post=1509"},{"taxonomy":"post_tag","embeddable":true,"href":"https:\/\/consejoderectores.cl\/en\/wp-json\/wp\/v2\/tags?post=1509"}],"curies":[{"name":"wp","href":"https:\/\/api.w.org\/{rel}","templated":true}]}}