{"id":1508,"date":"2016-04-12T00:00:00","date_gmt":"2016-04-12T00:00:00","guid":{"rendered":""},"modified":"2022-01-06T20:00:09","modified_gmt":"2022-01-06T20:00:09","slug":"603c6d80807c4","status":"publish","type":"post","link":"https:\/\/consejoderectores.cl\/en\/2016\/04\/12\/603c6d80807c4\/","title":{"rendered":"CRUCH Executive Committee meets with CONFECH leaders"},"content":{"rendered":"<blockquote><p>The path taken by free tuition, the financing system, and the need to thrive in an inclusive dialogue with university communities for the implementation of the Higher Education Reform were some of the topics analyzed at the meeting held by the Executive Committee of the Council of Rectors and representatives of the Confederation of Students of Chile (CONFECH).<\/p><\/blockquote>\n<p>For nearly two hours on Monday, the rectors who make up the Executive Committee of the CRUCH met with leaders of the Confederation of Students of Chile (CONFECH), an instance in which the students expressed their displeasure with the path that the reform of the higher education system has taken, with the problems and uncertainty that has arisen around free tuition and with the lack of clarity regarding the future financing system.<\/p>\n<p>Representing the Executive Committee were the Executive Vice President and Rector of the University of Valpara\u00edso, Aldo Valle; the Alternate Executive Vice President and Rector of the Catholic University of Maule, Diego Duran; the Rector of the University of Chile, Ennio Vivaldi; the Rector of the University of Playa Ancha, Patricio Sanhueza; and the General Secretary of the Council of Rectors, Mar\u00eda Isabel Munita.<\/p>\n<p>Representing the students were Camila Rojas, president of the Federation of Students of the University of Chile (FECH); Marta Matamala (FEUSACH) from the University of Santiago; Nicole Cornejo and Nicol\u00e1s Berthet from the Austral University of Chile (UACH); Carlos Vergara from the University of Valpara\u00edso (UV); and Mario Bustos from the Diego Portales University (UDP).<\/p>\n<p>After the meeting concluded, the executive vice president of CRUCH stated, \u201cIt is unacceptable that at this stage, with the bill about to be submitted to Congress, we still lack a proposal outlining the funding structure for higher education. We believe this shortcoming is inexplicable, and therefore, we think the government must act quickly, because otherwise CRUCH is unable to issue a statement of support for the higher education reform,\u201d Valle concluded.<\/p>\n<p>Valle added that the lack of clarity, ambiguity, and likely disagreements among the various actors within the government are contributing to the absence of a clear proposal for higher education funding. He pointed out that, to date, the different universities have been unable to share the new higher education system project with their respective communities because the government&#039;s proposal is still unknown. However, \u201call institutions have ways of convening their governing bodies to present any proposals we may receive, hopefully from the government in the coming days,\u201d Valle said.<\/p>\n<p>For her part, the president of FEUSACH, Marta Matamala, after the meeting concluded, said that \u201cwe have made a joint diagnosis with the rectors, since there is discontent among students, rectors and workers in higher education, because the reform not only falls short, but also lacks programmatic points that are not included and this approach that has been made with CRUCH is in that same vein, to be able to work on common issues, but above all to understand that it is the organized communities that must put issues on the agenda of the MINEDUC and not simply be waiting for its drafts,\u201d argued the student leader.<\/p>\n<p>The meeting, held at the CRUCH (Council of Rectors of Chilean Universities) headquarters, was also attended by the president of the FECH (Federation of Chilean Students), Camila Rojas, who explained that \u201cfree tuition will not solve the major problems in Chilean education; therefore, we consider it a very partial solution to what we have been demanding all these years.\u201d For this reason, she called for a discussion of fundamental issues, such as funding, democracy, and working conditions\u2014&quot;essential issues that have been absent from the discussion surrounding the higher education reform,&quot; she emphasized.<\/p>\n<p>Regarding the points of agreement between CRUCH and CONFECH, Rector Aldo Valle mentioned the need to establish a dialogue between rectors, academic communities, students, and student organizations. Therefore, they agreed to work together to propose a meeting to their respective plenary sessions in the coming months. \u201cWe believe it is very important that students and academic communities, which we rectors represent, have a common voice on this. The country needs a new higher education system; however, we still don&#039;t see it reflected in the minutes on the reform,\u201d stated the Executive Vice President of the Council of Rectors.<\/p>\n<h4>Invitation to march<\/h4>\n<p>During this meeting, the university rectors received a formal invitation from CONFECH (the Confederation of Chilean Students) to join the call to march on April 21. \u201cWe extended an invitation to them to participate in the mobilization, as we want the entire university community to be able to participate that day. This means that both students and staff should have the opportunity to march, and that the rectors should be able to participate as well,\u201d explained Camila Rojas, President of FECH. Rector Valle thanked the student leaders for the invitation and added, \u201cWe have shared it with all the rectors and will evaluate it at the next CRUCH (Council of Rectors of Chilean Universities) meeting scheduled for Monday, April 18.\u201d.<\/p>\n<p>&nbsp;<\/p>\n<p>&nbsp;<\/p>\n<p><!--EndFragment--><\/p>","protected":false},"excerpt":{"rendered":"<p>El camino que ha seguido la gratuidad, el sistema de financiamiento y la necesidad de prosperar en un di\u00e1logo integrador con las comunidades universitarias para la implementaci\u00f3n de la Reforma a la Educaci\u00f3n Superior, fueron algunas de las tem\u00e1ticas analizadas en el encuentro que sostuvo el Comit\u00e9 Ejecutivo del Consejo de Rectores y representantes de [&hellip;]<\/p>\n","protected":false},"author":1,"featured_media":3592,"comment_status":"open","ping_status":"open","sticky":false,"template":"","format":"standard","meta":{"_acf_changed":false,"footnotes":""},"categories":[3],"tags":[],"class_list":["post-1508","post","type-post","status-publish","format-standard","has-post-thumbnail","hentry","category-noticias"],"acf":[],"yoast_head":"<!-- This site is optimized with the Yoast SEO plugin v27.1.1 - https:\/\/yoast.com\/product\/yoast-seo-wordpress\/ -->\n<title>Comit\u00e9 Ejecutivo del CRUCH se re\u00fane con dirigentes de la CONFECH - Consejo de Rectoras y Rectores de las Universidades Chilenas<\/title>\n<meta name=\"robots\" content=\"index, follow, max-snippet:-1, max-image-preview:large, max-video-preview:-1\" \/>\n<link rel=\"canonical\" href=\"https:\/\/consejoderectores.cl\/en\/2016\/04\/12\/603c6d80807c4\/\" \/>\n<meta property=\"og:locale\" content=\"en_US\" \/>\n<meta property=\"og:type\" content=\"article\" \/>\n<meta property=\"og:title\" content=\"Comit\u00e9 Ejecutivo del CRUCH se re\u00fane con dirigentes de la CONFECH - Consejo de Rectoras y Rectores de las Universidades Chilenas\" \/>\n<meta property=\"og:description\" content=\"El camino que ha seguido la gratuidad, el sistema de financiamiento y la necesidad de prosperar en un di\u00e1logo integrador con las comunidades universitarias para la implementaci\u00f3n de la Reforma a la Educaci\u00f3n Superior, fueron algunas de las tem\u00e1ticas analizadas en el encuentro que sostuvo el Comit\u00e9 Ejecutivo del Consejo de Rectores y representantes de [&hellip;]\" \/>\n<meta property=\"og:url\" content=\"https:\/\/consejoderectores.cl\/en\/2016\/04\/12\/603c6d80807c4\/\" \/>\n<meta property=\"og:site_name\" content=\"Consejo de Rectoras y Rectores de las Universidades Chilenas\" \/>\n<meta property=\"article:published_time\" content=\"2016-04-12T00:00:00+00:00\" \/>\n<meta property=\"article:modified_time\" content=\"2022-01-06T20:00:09+00:00\" \/>\n<meta property=\"og:image\" content=\"https:\/\/consejoderectores.cl\/wp-content\/uploads\/2021\/10\/declaraciones-publicas.jpg\" \/>\n\t<meta property=\"og:image:width\" content=\"1024\" \/>\n\t<meta property=\"og:image:height\" content=\"500\" \/>\n\t<meta property=\"og:image:type\" content=\"image\/jpeg\" \/>\n<meta name=\"author\" content=\"Consejo de Rectores de las Universidades Chilenas\" \/>\n<meta name=\"twitter:card\" content=\"summary_large_image\" \/>\n<meta name=\"twitter:creator\" content=\"@CRUCH_cl\" \/>\n<meta name=\"twitter:site\" content=\"@CRUCH_cl\" \/>\n<meta name=\"twitter:label1\" content=\"Written by\" \/>\n\t<meta name=\"twitter:data1\" content=\"Consejo de Rectores de las Universidades Chilenas\" \/>\n\t<meta name=\"twitter:label2\" content=\"Est. reading time\" \/>\n\t<meta name=\"twitter:data2\" content=\"5 minutes\" \/>\n<script type=\"application\/ld+json\" class=\"yoast-schema-graph\">{\"@context\":\"https:\/\/schema.org\",\"@graph\":[{\"@type\":\"Article\",\"@id\":\"https:\/\/consejoderectores.cl\/2016\/04\/12\/603c6d80807c4\/#article\",\"isPartOf\":{\"@id\":\"https:\/\/consejoderectores.cl\/2016\/04\/12\/603c6d80807c4\/\"},\"author\":{\"name\":\"Consejo de Rectores de las Universidades Chilenas\",\"@id\":\"https:\/\/consejoderectores.cl\/en\/#\/schema\/person\/d863e44afde067fd4b57fac66ced709e\"},\"headline\":\"Comit\u00e9 Ejecutivo del CRUCH se re\u00fane con dirigentes de la CONFECH\",\"datePublished\":\"2016-04-12T00:00:00+00:00\",\"dateModified\":\"2022-01-06T20:00:09+00:00\",\"mainEntityOfPage\":{\"@id\":\"https:\/\/consejoderectores.cl\/2016\/04\/12\/603c6d80807c4\/\"},\"wordCount\":956,\"commentCount\":0,\"publisher\":{\"@id\":\"https:\/\/consejoderectores.cl\/en\/#organization\"},\"image\":{\"@id\":\"https:\/\/consejoderectores.cl\/2016\/04\/12\/603c6d80807c4\/#primaryimage\"},\"thumbnailUrl\":\"https:\/\/consejoderectores.cl\/wp-content\/uploads\/2021\/10\/declaraciones-publicas.jpg\",\"articleSection\":[\"Noticias\"],\"inLanguage\":\"en-US\",\"potentialAction\":[{\"@type\":\"CommentAction\",\"name\":\"Comment\",\"target\":[\"https:\/\/consejoderectores.cl\/2016\/04\/12\/603c6d80807c4\/#respond\"]}]},{\"@type\":\"WebPage\",\"@id\":\"https:\/\/consejoderectores.cl\/2016\/04\/12\/603c6d80807c4\/\",\"url\":\"https:\/\/consejoderectores.cl\/2016\/04\/12\/603c6d80807c4\/\",\"name\":\"Comit\u00e9 Ejecutivo del CRUCH se re\u00fane con dirigentes de la CONFECH - Consejo de Rectoras y Rectores de las Universidades Chilenas\",\"isPartOf\":{\"@id\":\"https:\/\/consejoderectores.cl\/en\/#website\"},\"primaryImageOfPage\":{\"@id\":\"https:\/\/consejoderectores.cl\/2016\/04\/12\/603c6d80807c4\/#primaryimage\"},\"image\":{\"@id\":\"https:\/\/consejoderectores.cl\/2016\/04\/12\/603c6d80807c4\/#primaryimage\"},\"thumbnailUrl\":\"https:\/\/consejoderectores.cl\/wp-content\/uploads\/2021\/10\/declaraciones-publicas.jpg\",\"datePublished\":\"2016-04-12T00:00:00+00:00\",\"dateModified\":\"2022-01-06T20:00:09+00:00\",\"breadcrumb\":{\"@id\":\"https:\/\/consejoderectores.cl\/2016\/04\/12\/603c6d80807c4\/#breadcrumb\"},\"inLanguage\":\"en-US\",\"potentialAction\":[{\"@type\":\"ReadAction\",\"target\":[\"https:\/\/consejoderectores.cl\/2016\/04\/12\/603c6d80807c4\/\"]}]},{\"@type\":\"ImageObject\",\"inLanguage\":\"en-US\",\"@id\":\"https:\/\/consejoderectores.cl\/2016\/04\/12\/603c6d80807c4\/#primaryimage\",\"url\":\"https:\/\/consejoderectores.cl\/wp-content\/uploads\/2021\/10\/declaraciones-publicas.jpg\",\"contentUrl\":\"https:\/\/consejoderectores.cl\/wp-content\/uploads\/2021\/10\/declaraciones-publicas.jpg\",\"width\":1024,\"height\":500},{\"@type\":\"BreadcrumbList\",\"@id\":\"https:\/\/consejoderectores.cl\/2016\/04\/12\/603c6d80807c4\/#breadcrumb\",\"itemListElement\":[{\"@type\":\"ListItem\",\"position\":1,\"name\":\"Home\",\"item\":\"https:\/\/consejoderectores.cl\/\"},{\"@type\":\"ListItem\",\"position\":2,\"name\":\"Comit\u00e9 Ejecutivo del CRUCH se re\u00fane con dirigentes de la CONFECH\"}]},{\"@type\":\"WebSite\",\"@id\":\"https:\/\/consejoderectores.cl\/en\/#website\",\"url\":\"https:\/\/consejoderectores.cl\/en\/\",\"name\":\"Consejo de Rectoras y Rectores de las Universidades Chilenas\",\"description\":\"\",\"publisher\":{\"@id\":\"https:\/\/consejoderectores.cl\/en\/#organization\"},\"potentialAction\":[{\"@type\":\"SearchAction\",\"target\":{\"@type\":\"EntryPoint\",\"urlTemplate\":\"https:\/\/consejoderectores.cl\/en\/?s={search_term_string}\"},\"query-input\":{\"@type\":\"PropertyValueSpecification\",\"valueRequired\":true,\"valueName\":\"search_term_string\"}}],\"inLanguage\":\"en-US\"},{\"@type\":\"Organization\",\"@id\":\"https:\/\/consejoderectores.cl\/en\/#organization\",\"name\":\"Consejo de Rectoras y Rectores de las Universidades Chilenas\",\"url\":\"https:\/\/consejoderectores.cl\/en\/\",\"logo\":{\"@type\":\"ImageObject\",\"inLanguage\":\"en-US\",\"@id\":\"https:\/\/consejoderectores.cl\/en\/#\/schema\/logo\/image\/\",\"url\":\"https:\/\/consejoderectores.cl\/wp-content\/uploads\/2025\/12\/logoheader_2025.png\",\"contentUrl\":\"https:\/\/consejoderectores.cl\/wp-content\/uploads\/2025\/12\/logoheader_2025.png\",\"width\":666,\"height\":305,\"caption\":\"Consejo de Rectoras y Rectores de las Universidades Chilenas\"},\"image\":{\"@id\":\"https:\/\/consejoderectores.cl\/en\/#\/schema\/logo\/image\/\"},\"sameAs\":[\"https:\/\/x.com\/CRUCH_cl\",\"https:\/\/www.instagram.com\/consejoderectores\/\",\"https:\/\/www.linkedin.com\/company\/cruch\/\",\"https:\/\/www.youtube.com\/channel\/UCzgIFRCsDlKoFpimiQmEaOA\"]},{\"@type\":\"Person\",\"@id\":\"https:\/\/consejoderectores.cl\/en\/#\/schema\/person\/d863e44afde067fd4b57fac66ced709e\",\"name\":\"Consejo de Rectores de las Universidades Chilenas\",\"image\":{\"@type\":\"ImageObject\",\"inLanguage\":\"en-US\",\"@id\":\"https:\/\/consejoderectores.cl\/en\/#\/schema\/person\/image\/\",\"url\":\"https:\/\/secure.gravatar.com\/avatar\/c31e2a02401f041926afb8ee21ab666f0925814fe85d25a5c8db80e23722dfc1?s=96&d=mm&r=g\",\"contentUrl\":\"https:\/\/secure.gravatar.com\/avatar\/c31e2a02401f041926afb8ee21ab666f0925814fe85d25a5c8db80e23722dfc1?s=96&d=mm&r=g\",\"caption\":\"Consejo de Rectores de las Universidades Chilenas\"},\"sameAs\":[\"https:\/\/www.consejoderectores.cl\"],\"url\":\"https:\/\/consejoderectores.cl\/en\/author\/cruch\/\"}]}<\/script>\n<!-- \/ Yoast SEO plugin. -->","yoast_head_json":{"title":"Comit\u00e9 Ejecutivo del CRUCH se re\u00fane con dirigentes de la CONFECH - Consejo de Rectoras y Rectores de las Universidades Chilenas","robots":{"index":"index","follow":"follow","max-snippet":"max-snippet:-1","max-image-preview":"max-image-preview:large","max-video-preview":"max-video-preview:-1"},"canonical":"https:\/\/consejoderectores.cl\/en\/2016\/04\/12\/603c6d80807c4\/","og_locale":"en_US","og_type":"article","og_title":"Comit\u00e9 Ejecutivo del CRUCH se re\u00fane con dirigentes de la CONFECH - Consejo de Rectoras y Rectores de las Universidades Chilenas","og_description":"El camino que ha seguido la gratuidad, el sistema de financiamiento y la necesidad de prosperar en un di\u00e1logo integrador con las comunidades universitarias para la implementaci\u00f3n de la Reforma a la Educaci\u00f3n Superior, fueron algunas de las tem\u00e1ticas analizadas en el encuentro que sostuvo el Comit\u00e9 Ejecutivo del Consejo de Rectores y representantes de [&hellip;]","og_url":"https:\/\/consejoderectores.cl\/en\/2016\/04\/12\/603c6d80807c4\/","og_site_name":"Consejo de Rectoras y Rectores de las Universidades Chilenas","article_published_time":"2016-04-12T00:00:00+00:00","article_modified_time":"2022-01-06T20:00:09+00:00","og_image":[{"width":1024,"height":500,"url":"https:\/\/consejoderectores.cl\/wp-content\/uploads\/2021\/10\/declaraciones-publicas.jpg","type":"image\/jpeg"}],"author":"Consejo de Rectores de las Universidades Chilenas","twitter_card":"summary_large_image","twitter_creator":"@CRUCH_cl","twitter_site":"@CRUCH_cl","twitter_misc":{"Written by":"Consejo de Rectores de las Universidades Chilenas","Est. reading time":"5 minutes"},"schema":{"@context":"https:\/\/schema.org","@graph":[{"@type":"Article","@id":"https:\/\/consejoderectores.cl\/2016\/04\/12\/603c6d80807c4\/#article","isPartOf":{"@id":"https:\/\/consejoderectores.cl\/2016\/04\/12\/603c6d80807c4\/"},"author":{"name":"Consejo de Rectores de las Universidades Chilenas","@id":"https:\/\/consejoderectores.cl\/en\/#\/schema\/person\/d863e44afde067fd4b57fac66ced709e"},"headline":"Comit\u00e9 Ejecutivo del CRUCH se re\u00fane con dirigentes de la CONFECH","datePublished":"2016-04-12T00:00:00+00:00","dateModified":"2022-01-06T20:00:09+00:00","mainEntityOfPage":{"@id":"https:\/\/consejoderectores.cl\/2016\/04\/12\/603c6d80807c4\/"},"wordCount":956,"commentCount":0,"publisher":{"@id":"https:\/\/consejoderectores.cl\/en\/#organization"},"image":{"@id":"https:\/\/consejoderectores.cl\/2016\/04\/12\/603c6d80807c4\/#primaryimage"},"thumbnailUrl":"https:\/\/consejoderectores.cl\/wp-content\/uploads\/2021\/10\/declaraciones-publicas.jpg","articleSection":["Noticias"],"inLanguage":"en-US","potentialAction":[{"@type":"CommentAction","name":"Comment","target":["https:\/\/consejoderectores.cl\/2016\/04\/12\/603c6d80807c4\/#respond"]}]},{"@type":"WebPage","@id":"https:\/\/consejoderectores.cl\/2016\/04\/12\/603c6d80807c4\/","url":"https:\/\/consejoderectores.cl\/2016\/04\/12\/603c6d80807c4\/","name":"Comit\u00e9 Ejecutivo del CRUCH se re\u00fane con dirigentes de la CONFECH - Consejo de Rectoras y Rectores de las Universidades Chilenas","isPartOf":{"@id":"https:\/\/consejoderectores.cl\/en\/#website"},"primaryImageOfPage":{"@id":"https:\/\/consejoderectores.cl\/2016\/04\/12\/603c6d80807c4\/#primaryimage"},"image":{"@id":"https:\/\/consejoderectores.cl\/2016\/04\/12\/603c6d80807c4\/#primaryimage"},"thumbnailUrl":"https:\/\/consejoderectores.cl\/wp-content\/uploads\/2021\/10\/declaraciones-publicas.jpg","datePublished":"2016-04-12T00:00:00+00:00","dateModified":"2022-01-06T20:00:09+00:00","breadcrumb":{"@id":"https:\/\/consejoderectores.cl\/2016\/04\/12\/603c6d80807c4\/#breadcrumb"},"inLanguage":"en-US","potentialAction":[{"@type":"ReadAction","target":["https:\/\/consejoderectores.cl\/2016\/04\/12\/603c6d80807c4\/"]}]},{"@type":"ImageObject","inLanguage":"en-US","@id":"https:\/\/consejoderectores.cl\/2016\/04\/12\/603c6d80807c4\/#primaryimage","url":"https:\/\/consejoderectores.cl\/wp-content\/uploads\/2021\/10\/declaraciones-publicas.jpg","contentUrl":"https:\/\/consejoderectores.cl\/wp-content\/uploads\/2021\/10\/declaraciones-publicas.jpg","width":1024,"height":500},{"@type":"BreadcrumbList","@id":"https:\/\/consejoderectores.cl\/2016\/04\/12\/603c6d80807c4\/#breadcrumb","itemListElement":[{"@type":"ListItem","position":1,"name":"Home","item":"https:\/\/consejoderectores.cl\/"},{"@type":"ListItem","position":2,"name":"Comit\u00e9 Ejecutivo del CRUCH se re\u00fane con dirigentes de la CONFECH"}]},{"@type":"WebSite","@id":"https:\/\/consejoderectores.cl\/en\/#website","url":"https:\/\/consejoderectores.cl\/en\/","name":"Council of Rectors of Chilean Universities","description":"","publisher":{"@id":"https:\/\/consejoderectores.cl\/en\/#organization"},"potentialAction":[{"@type":"SearchAction","target":{"@type":"EntryPoint","urlTemplate":"https:\/\/consejoderectores.cl\/en\/?s={search_term_string}"},"query-input":{"@type":"PropertyValueSpecification","valueRequired":true,"valueName":"search_term_string"}}],"inLanguage":"en-US"},{"@type":"Organization","@id":"https:\/\/consejoderectores.cl\/en\/#organization","name":"Council of Rectors of Chilean Universities","url":"https:\/\/consejoderectores.cl\/en\/","logo":{"@type":"ImageObject","inLanguage":"en-US","@id":"https:\/\/consejoderectores.cl\/en\/#\/schema\/logo\/image\/","url":"https:\/\/consejoderectores.cl\/wp-content\/uploads\/2025\/12\/logoheader_2025.png","contentUrl":"https:\/\/consejoderectores.cl\/wp-content\/uploads\/2025\/12\/logoheader_2025.png","width":666,"height":305,"caption":"Consejo de Rectoras y Rectores de las Universidades Chilenas"},"image":{"@id":"https:\/\/consejoderectores.cl\/en\/#\/schema\/logo\/image\/"},"sameAs":["https:\/\/x.com\/CRUCH_cl","https:\/\/www.instagram.com\/consejoderectores\/","https:\/\/www.linkedin.com\/company\/cruch\/","https:\/\/www.youtube.com\/channel\/UCzgIFRCsDlKoFpimiQmEaOA"]},{"@type":"Person","@id":"https:\/\/consejoderectores.cl\/en\/#\/schema\/person\/d863e44afde067fd4b57fac66ced709e","name":"Council of Rectors of Chilean Universities","image":{"@type":"ImageObject","inLanguage":"en-US","@id":"https:\/\/consejoderectores.cl\/en\/#\/schema\/person\/image\/","url":"https:\/\/secure.gravatar.com\/avatar\/c31e2a02401f041926afb8ee21ab666f0925814fe85d25a5c8db80e23722dfc1?s=96&d=mm&r=g","contentUrl":"https:\/\/secure.gravatar.com\/avatar\/c31e2a02401f041926afb8ee21ab666f0925814fe85d25a5c8db80e23722dfc1?s=96&d=mm&r=g","caption":"Consejo de Rectores de las Universidades Chilenas"},"sameAs":["https:\/\/www.consejoderectores.cl"],"url":"https:\/\/consejoderectores.cl\/en\/author\/cruch\/"}]}},"_links":{"self":[{"href":"https:\/\/consejoderectores.cl\/en\/wp-json\/wp\/v2\/posts\/1508","targetHints":{"allow":["GET"]}}],"collection":[{"href":"https:\/\/consejoderectores.cl\/en\/wp-json\/wp\/v2\/posts"}],"about":[{"href":"https:\/\/consejoderectores.cl\/en\/wp-json\/wp\/v2\/types\/post"}],"author":[{"embeddable":true,"href":"https:\/\/consejoderectores.cl\/en\/wp-json\/wp\/v2\/users\/1"}],"replies":[{"embeddable":true,"href":"https:\/\/consejoderectores.cl\/en\/wp-json\/wp\/v2\/comments?post=1508"}],"version-history":[{"count":2,"href":"https:\/\/consejoderectores.cl\/en\/wp-json\/wp\/v2\/posts\/1508\/revisions"}],"predecessor-version":[{"id":5001,"href":"https:\/\/consejoderectores.cl\/en\/wp-json\/wp\/v2\/posts\/1508\/revisions\/5001"}],"wp:featuredmedia":[{"embeddable":true,"href":"https:\/\/consejoderectores.cl\/en\/wp-json\/wp\/v2\/media\/3592"}],"wp:attachment":[{"href":"https:\/\/consejoderectores.cl\/en\/wp-json\/wp\/v2\/media?parent=1508"}],"wp:term":[{"taxonomy":"category","embeddable":true,"href":"https:\/\/consejoderectores.cl\/en\/wp-json\/wp\/v2\/categories?post=1508"},{"taxonomy":"post_tag","embeddable":true,"href":"https:\/\/consejoderectores.cl\/en\/wp-json\/wp\/v2\/tags?post=1508"}],"curies":[{"name":"wp","href":"https:\/\/api.w.org\/{rel}","templated":true}]}}