{"id":1471,"date":"2015-06-11T00:00:00","date_gmt":"2015-06-11T00:00:00","guid":{"rendered":""},"modified":"2022-01-10T19:30:05","modified_gmt":"2022-01-10T19:30:05","slug":"603c6d807ec0d","status":"publish","type":"post","link":"https:\/\/consejoderectores.cl\/en\/2015\/06\/11\/603c6d807ec0d\/","title":{"rendered":"Council of Rectors announces dates for Admission 2016 and adjustments to the Grade Ranking"},"content":{"rendered":"<blockquote><p>Registration for the PSU will begin next Monday, June 15, and will run until Friday, July 31, through the DEMRE website. The fee is $28.790.<\/p>\n<p>Adjustments to the formula for calculating the Grade Ranking will allow for a more accurate capture of students&#039; educational trajectory during Secondary Education.<\/p>\n<p>In 2016, 5 new degree programs will be offered. Of the 1,404 programs retained from the previous process, 90.7% have exactly the same weightings, and 94.7% maintain last year&#039;s ranking weighting.<\/p><\/blockquote>\n<p>The alternate executive vice president of the Council of Rectors, the rector of the Catholic University of Maule, Diego Dur\u00e1n, along with the director of the Single Admission System, Ang\u00e9lica Bosch, and the director of the Department of Educational Evaluation, Measurement and Registration (DEMRE) of the University of Chile, Leonor Varas, announced the registration period for the PSU, the weightings that each university assigned to its careers and the adjustments to the formula of the Grade Ranking for this 2016 Admission Process.<\/p>\n<p>Rector Dur\u00e1n presented the official documents for the 2016 Admissions Process, \u201cRules and Important Aspects of the 2016 Admissions Process\u201d and the \u201cPreliminary List of Programs and Weightings,\u201d emphasizing that they contain relevant information for students to participate appropriately in the process. Both publications are available in digital format and can be downloaded from the websites of the Unified Admissions System of the Council of Rectors (http:\/\/sistemadeadmision.consejoderectores.cl) and DEMRE (www.demre.cl).<\/p>\n<h4>Calendar<\/h4>\n<p>Regarding the 2016 Admissions Process schedule, the director of DEMRE, Leonor Varas, announced that the registration period for the PSU (University Selection Test) will begin next Monday, June 15, and will run until Friday, July 31. \u201cStudents can register through the platform available on the DEMRE website,\u201d explained the director. The fee is $28,790, but graduating seniors from municipal and subsidized private schools can apply for the Junaeb Scholarship for the PSU at the same time as their registration.<\/p>\n<p>The PSU exam will be administered on Monday, November 30th and Tuesday, December 1st, while the results will be released on Sunday, December 27th at 8:00 a.m. From that same day (at 9:00 a.m.) until Thursday, December 31st (1:00 p.m.), the application period will take place, which this year will have one additional day compared to last year.<\/p>\n<p>The application results will be announced on Sunday, January 10th at 11:00 PM, and the registration period will begin the following day. The first registration period will run from Monday, January 11th to Wednesday, January 13th, 2016, and the second registration period will run from Thursday, January 14th to Wednesday, January 20th.<\/p>\n<h4>Races and Weightings<\/h4>\n<p>From the publication \u201cPreliminary Offer of Careers and Weightings\u201d it is worth noting that in 2016, the 25 universities of the CRUCH and the 8 private ones attached to the Admission System, will offer 1,409 careers, 5 of which are new.<\/p>\n<p>Of the 1,404 programs that remain from the previous admissions process, 90.7% has exactly the same weighting (NEM \u2013 Ranking \u2013 PSU battery), and 94.7% (1,330) shows the same weighting for the Grade Ranking. Of those programs that have changed, 48 have increased their Ranking weighting and 26 have decreased it. According to the director of the Unified Admissions System, Ang\u00e9lica Bosch, \u201cthere is considerable stability in the academic offerings compared to the previous process.\u201d.<\/p>\n<p>On average, the universities that saw the greatest increase in their ranking weight are the University of Atacama (13%), the University of Magallanes (6.3%), and the University of Valpara\u00edso (2.8). Meanwhile, Universidad Mayor&#039;s ranking weight decreased by an average of 4.7%, the Metropolitan Technological University by 0.4%, and Alberto Hurtado University by 0.3%.<\/p>\n<p>Thus, a total of 333 programs set their Grade Ranking weighting at 40%, 6 programs at 35%, 71 programs at 30%, 133 programs at 25%, 464 programs at 20%, 100 programs at 15%, and 297 programs at 10%. According to the preliminary offer, the system will offer 1,409 programs.<\/p>\n<p>The \u201cFinal Offer of Careers, Vacancies and Weightings\u201d will be published on September 24th and is not expected to present significant variations.<\/p>\n<h4>Adjustments to Grade Ranking Formula<\/h4>\n<p>As announced by the Council of Rectors last August, adjustments will be made to the formula for calculating the Grade Ranking, starting with the current process, with the aim of more accurately reflecting the diverse educational contexts in which a student may have completed their secondary education. \u201cThis allows for a more precise evaluation of student performance within their educational context, which is consistent with the spirit of this mechanism,\u201d stated the alternate executive vice president of CRUCH, Rector Diego Dur\u00e1n.<\/p>\n<p>It&#039;s important to remember that until the previous admissions process, a student&#039;s educational context was represented solely by the school they graduated from, but from now on, different educational environments will be considered. As Mat\u00edas Grau, a researcher in the Unified Admissions System Studies Area of the CRUCH (Council of Rectors of Chilean Universities), explained, \u201cIf the student attended school &#039;A&#039; from 9th to 12th grade, one educational context will be considered. However, if they attended school &#039;A&#039; in 9th and 10th grade and then school &#039;B&#039; in 11th and 12th grade, two educational contexts will be considered. In this case, the student&#039;s final ranking score is obtained by averaging the ranking scores in each educational context, and the relative weight of each score will depend on the number of years the student completed (and passed) in that context.\u2018.<\/p>\n<p>Students who remained in the same establishment during their Secondary Education will obtain the same Ranking Score as with the previous formula.<\/p>\n<h4>Available documents<\/h4>\n<p><a href=\"http:\/\/sistemadeadmision.consejoderectores.cl\/documentos\/presnsa\/presentaciones\/Presentacion_RANKING_NOTAS.pdf\" target=\"_blank\" rel=\"noopener\">Presentation of the Grade Ranking and adjustments to the calculation formula for Admission 2016.pdf<\/a><\/p>\n<p><a href=\"http:\/\/sistemadeadmision.consejoderectores.cl\/documentos\/presnsa\/presentaciones\/Fechas_Admision_2016_PSU.pptx\" target=\"_blank\" rel=\"noopener\">Admission Dates 2016 and PSU Press Conference June 11, 2015.pptx<\/a><\/p>\n<p><a href=\"http:\/\/sistemadeadmision.consejoderectores.cl\/documentos\/presnsa\/presentaciones\/Oferta_Preliminar_Carreras_Admision_2016.pptx\" target=\"_blank\" rel=\"noopener\">Preliminary Course Offerings Admission 2016 Press Conference June 11, 2015.pptx<\/a><\/p>\n<p><a href=\"http:\/\/psu.demre.cl\/publicaciones\/pdf\/2016-06-11-cruch-normas-proceso.pdf\" target=\"_blank\" rel=\"noopener\">Rules and Important Aspects of the Admission Process<\/a><\/p>\n<p><a href=\"http:\/\/psu.demre.cl\/publicaciones\/pdf\/2016-06-11-cruch-oferta-preliminar.pdf\" target=\"_blank\" rel=\"noopener\">Preliminary List of Careers and Weightings<\/a><\/p>\n<p>&nbsp;<\/p>","protected":false},"excerpt":{"rendered":"<p>El periodo de inscripci\u00f3n a la PSU comenzar\u00e1 el pr\u00f3ximo lunes 15 de junio y se extender\u00e1 hasta el viernes 31 de julio, a trav\u00e9s del sitio web del DEMRE. El arancel es de $28.790. Los ajustes a la f\u00f3rmula de c\u00e1lculo del Ranking de Notas permitir\u00e1n capturar con mayor precisi\u00f3n la trayectoria educativa de [&hellip;]<\/p>\n","protected":false},"author":1,"featured_media":5092,"comment_status":"open","ping_status":"open","sticky":false,"template":"","format":"standard","meta":{"_acf_changed":false,"footnotes":""},"categories":[3],"tags":[],"class_list":["post-1471","post","type-post","status-publish","format-standard","has-post-thumbnail","hentry","category-noticias"],"acf":[],"yoast_head":"<!-- This site is optimized with the Yoast SEO plugin v27.1.1 - https:\/\/yoast.com\/product\/yoast-seo-wordpress\/ -->\n<title>Consejo de Rectores anuncia fechas para Admisi\u00f3n 2016 y ajustes al Ranking de Notas - Consejo de Rectoras y Rectores de las Universidades Chilenas<\/title>\n<meta name=\"robots\" content=\"index, follow, max-snippet:-1, max-image-preview:large, max-video-preview:-1\" \/>\n<link rel=\"canonical\" href=\"https:\/\/consejoderectores.cl\/en\/2015\/06\/11\/603c6d807ec0d\/\" \/>\n<meta property=\"og:locale\" content=\"en_US\" \/>\n<meta property=\"og:type\" content=\"article\" \/>\n<meta property=\"og:title\" content=\"Consejo de Rectores anuncia fechas para Admisi\u00f3n 2016 y ajustes al Ranking de Notas - Consejo de Rectoras y Rectores de las Universidades Chilenas\" \/>\n<meta property=\"og:description\" content=\"El periodo de inscripci\u00f3n a la PSU comenzar\u00e1 el pr\u00f3ximo lunes 15 de junio y se extender\u00e1 hasta el viernes 31 de julio, a trav\u00e9s del sitio web del DEMRE. El arancel es de $28.790. Los ajustes a la f\u00f3rmula de c\u00e1lculo del Ranking de Notas permitir\u00e1n capturar con mayor precisi\u00f3n la trayectoria educativa de [&hellip;]\" \/>\n<meta property=\"og:url\" content=\"https:\/\/consejoderectores.cl\/en\/2015\/06\/11\/603c6d807ec0d\/\" \/>\n<meta property=\"og:site_name\" content=\"Consejo de Rectoras y Rectores de las Universidades Chilenas\" \/>\n<meta property=\"article:published_time\" content=\"2015-06-11T00:00:00+00:00\" \/>\n<meta property=\"article:modified_time\" content=\"2022-01-10T19:30:05+00:00\" \/>\n<meta property=\"og:image\" content=\"https:\/\/consejoderectores.cl\/wp-content\/uploads\/2015\/06\/noticias-07-conferencia-sua-demre.jpg\" \/>\n\t<meta property=\"og:image:width\" content=\"630\" \/>\n\t<meta property=\"og:image:height\" content=\"419\" \/>\n\t<meta property=\"og:image:type\" content=\"image\/jpeg\" \/>\n<meta name=\"author\" content=\"Consejo de Rectores de las Universidades Chilenas\" \/>\n<meta name=\"twitter:card\" content=\"summary_large_image\" \/>\n<meta name=\"twitter:creator\" content=\"@CRUCH_cl\" \/>\n<meta name=\"twitter:site\" content=\"@CRUCH_cl\" \/>\n<meta name=\"twitter:label1\" content=\"Written by\" \/>\n\t<meta name=\"twitter:data1\" content=\"Consejo de Rectores de las Universidades Chilenas\" \/>\n\t<meta name=\"twitter:label2\" content=\"Est. reading time\" \/>\n\t<meta name=\"twitter:data2\" content=\"5 minutes\" \/>\n<script type=\"application\/ld+json\" class=\"yoast-schema-graph\">{\"@context\":\"https:\/\/schema.org\",\"@graph\":[{\"@type\":\"Article\",\"@id\":\"https:\/\/consejoderectores.cl\/2015\/06\/11\/603c6d807ec0d\/#article\",\"isPartOf\":{\"@id\":\"https:\/\/consejoderectores.cl\/2015\/06\/11\/603c6d807ec0d\/\"},\"author\":{\"name\":\"Consejo de Rectores de las Universidades Chilenas\",\"@id\":\"https:\/\/consejoderectores.cl\/en\/#\/schema\/person\/d863e44afde067fd4b57fac66ced709e\"},\"headline\":\"Consejo de Rectores anuncia fechas para Admisi\u00f3n 2016 y ajustes al Ranking de Notas\",\"datePublished\":\"2015-06-11T00:00:00+00:00\",\"dateModified\":\"2022-01-10T19:30:05+00:00\",\"mainEntityOfPage\":{\"@id\":\"https:\/\/consejoderectores.cl\/2015\/06\/11\/603c6d807ec0d\/\"},\"wordCount\":1066,\"commentCount\":0,\"publisher\":{\"@id\":\"https:\/\/consejoderectores.cl\/en\/#organization\"},\"image\":{\"@id\":\"https:\/\/consejoderectores.cl\/2015\/06\/11\/603c6d807ec0d\/#primaryimage\"},\"thumbnailUrl\":\"https:\/\/consejoderectores.cl\/wp-content\/uploads\/2015\/06\/noticias-07-conferencia-sua-demre.jpg\",\"articleSection\":[\"Noticias\"],\"inLanguage\":\"en-US\",\"potentialAction\":[{\"@type\":\"CommentAction\",\"name\":\"Comment\",\"target\":[\"https:\/\/consejoderectores.cl\/2015\/06\/11\/603c6d807ec0d\/#respond\"]}]},{\"@type\":\"WebPage\",\"@id\":\"https:\/\/consejoderectores.cl\/2015\/06\/11\/603c6d807ec0d\/\",\"url\":\"https:\/\/consejoderectores.cl\/2015\/06\/11\/603c6d807ec0d\/\",\"name\":\"Consejo de Rectores anuncia fechas para Admisi\u00f3n 2016 y ajustes al Ranking de Notas - Consejo de Rectoras y Rectores de las Universidades Chilenas\",\"isPartOf\":{\"@id\":\"https:\/\/consejoderectores.cl\/en\/#website\"},\"primaryImageOfPage\":{\"@id\":\"https:\/\/consejoderectores.cl\/2015\/06\/11\/603c6d807ec0d\/#primaryimage\"},\"image\":{\"@id\":\"https:\/\/consejoderectores.cl\/2015\/06\/11\/603c6d807ec0d\/#primaryimage\"},\"thumbnailUrl\":\"https:\/\/consejoderectores.cl\/wp-content\/uploads\/2015\/06\/noticias-07-conferencia-sua-demre.jpg\",\"datePublished\":\"2015-06-11T00:00:00+00:00\",\"dateModified\":\"2022-01-10T19:30:05+00:00\",\"breadcrumb\":{\"@id\":\"https:\/\/consejoderectores.cl\/2015\/06\/11\/603c6d807ec0d\/#breadcrumb\"},\"inLanguage\":\"en-US\",\"potentialAction\":[{\"@type\":\"ReadAction\",\"target\":[\"https:\/\/consejoderectores.cl\/2015\/06\/11\/603c6d807ec0d\/\"]}]},{\"@type\":\"ImageObject\",\"inLanguage\":\"en-US\",\"@id\":\"https:\/\/consejoderectores.cl\/2015\/06\/11\/603c6d807ec0d\/#primaryimage\",\"url\":\"https:\/\/consejoderectores.cl\/wp-content\/uploads\/2015\/06\/noticias-07-conferencia-sua-demre.jpg\",\"contentUrl\":\"https:\/\/consejoderectores.cl\/wp-content\/uploads\/2015\/06\/noticias-07-conferencia-sua-demre.jpg\",\"width\":630,\"height\":419},{\"@type\":\"BreadcrumbList\",\"@id\":\"https:\/\/consejoderectores.cl\/2015\/06\/11\/603c6d807ec0d\/#breadcrumb\",\"itemListElement\":[{\"@type\":\"ListItem\",\"position\":1,\"name\":\"Home\",\"item\":\"https:\/\/consejoderectores.cl\/\"},{\"@type\":\"ListItem\",\"position\":2,\"name\":\"Consejo de Rectores anuncia fechas para Admisi\u00f3n 2016 y ajustes al Ranking de Notas\"}]},{\"@type\":\"WebSite\",\"@id\":\"https:\/\/consejoderectores.cl\/en\/#website\",\"url\":\"https:\/\/consejoderectores.cl\/en\/\",\"name\":\"Consejo de Rectoras y Rectores de las Universidades Chilenas\",\"description\":\"\",\"publisher\":{\"@id\":\"https:\/\/consejoderectores.cl\/en\/#organization\"},\"potentialAction\":[{\"@type\":\"SearchAction\",\"target\":{\"@type\":\"EntryPoint\",\"urlTemplate\":\"https:\/\/consejoderectores.cl\/en\/?s={search_term_string}\"},\"query-input\":{\"@type\":\"PropertyValueSpecification\",\"valueRequired\":true,\"valueName\":\"search_term_string\"}}],\"inLanguage\":\"en-US\"},{\"@type\":\"Organization\",\"@id\":\"https:\/\/consejoderectores.cl\/en\/#organization\",\"name\":\"Consejo de Rectoras y Rectores de las Universidades Chilenas\",\"url\":\"https:\/\/consejoderectores.cl\/en\/\",\"logo\":{\"@type\":\"ImageObject\",\"inLanguage\":\"en-US\",\"@id\":\"https:\/\/consejoderectores.cl\/en\/#\/schema\/logo\/image\/\",\"url\":\"https:\/\/consejoderectores.cl\/wp-content\/uploads\/2025\/12\/logoheader_2025.png\",\"contentUrl\":\"https:\/\/consejoderectores.cl\/wp-content\/uploads\/2025\/12\/logoheader_2025.png\",\"width\":666,\"height\":305,\"caption\":\"Consejo de Rectoras y Rectores de las Universidades Chilenas\"},\"image\":{\"@id\":\"https:\/\/consejoderectores.cl\/en\/#\/schema\/logo\/image\/\"},\"sameAs\":[\"https:\/\/x.com\/CRUCH_cl\",\"https:\/\/www.instagram.com\/consejoderectores\/\",\"https:\/\/www.linkedin.com\/company\/cruch\/\",\"https:\/\/www.youtube.com\/channel\/UCzgIFRCsDlKoFpimiQmEaOA\"]},{\"@type\":\"Person\",\"@id\":\"https:\/\/consejoderectores.cl\/en\/#\/schema\/person\/d863e44afde067fd4b57fac66ced709e\",\"name\":\"Consejo de Rectores de las Universidades Chilenas\",\"image\":{\"@type\":\"ImageObject\",\"inLanguage\":\"en-US\",\"@id\":\"https:\/\/consejoderectores.cl\/en\/#\/schema\/person\/image\/\",\"url\":\"https:\/\/secure.gravatar.com\/avatar\/c31e2a02401f041926afb8ee21ab666f0925814fe85d25a5c8db80e23722dfc1?s=96&d=mm&r=g\",\"contentUrl\":\"https:\/\/secure.gravatar.com\/avatar\/c31e2a02401f041926afb8ee21ab666f0925814fe85d25a5c8db80e23722dfc1?s=96&d=mm&r=g\",\"caption\":\"Consejo de Rectores de las Universidades Chilenas\"},\"sameAs\":[\"https:\/\/www.consejoderectores.cl\"],\"url\":\"https:\/\/consejoderectores.cl\/en\/author\/cruch\/\"}]}<\/script>\n<!-- \/ Yoast SEO plugin. -->","yoast_head_json":{"title":"Consejo de Rectores anuncia fechas para Admisi\u00f3n 2016 y ajustes al Ranking de Notas - Consejo de Rectoras y Rectores de las Universidades Chilenas","robots":{"index":"index","follow":"follow","max-snippet":"max-snippet:-1","max-image-preview":"max-image-preview:large","max-video-preview":"max-video-preview:-1"},"canonical":"https:\/\/consejoderectores.cl\/en\/2015\/06\/11\/603c6d807ec0d\/","og_locale":"en_US","og_type":"article","og_title":"Consejo de Rectores anuncia fechas para Admisi\u00f3n 2016 y ajustes al Ranking de Notas - Consejo de Rectoras y Rectores de las Universidades Chilenas","og_description":"El periodo de inscripci\u00f3n a la PSU comenzar\u00e1 el pr\u00f3ximo lunes 15 de junio y se extender\u00e1 hasta el viernes 31 de julio, a trav\u00e9s del sitio web del DEMRE. El arancel es de $28.790. Los ajustes a la f\u00f3rmula de c\u00e1lculo del Ranking de Notas permitir\u00e1n capturar con mayor precisi\u00f3n la trayectoria educativa de [&hellip;]","og_url":"https:\/\/consejoderectores.cl\/en\/2015\/06\/11\/603c6d807ec0d\/","og_site_name":"Consejo de Rectoras y Rectores de las Universidades Chilenas","article_published_time":"2015-06-11T00:00:00+00:00","article_modified_time":"2022-01-10T19:30:05+00:00","og_image":[{"width":630,"height":419,"url":"https:\/\/consejoderectores.cl\/wp-content\/uploads\/2015\/06\/noticias-07-conferencia-sua-demre.jpg","type":"image\/jpeg"}],"author":"Consejo de Rectores de las Universidades Chilenas","twitter_card":"summary_large_image","twitter_creator":"@CRUCH_cl","twitter_site":"@CRUCH_cl","twitter_misc":{"Written by":"Consejo de Rectores de las Universidades Chilenas","Est. reading time":"5 minutes"},"schema":{"@context":"https:\/\/schema.org","@graph":[{"@type":"Article","@id":"https:\/\/consejoderectores.cl\/2015\/06\/11\/603c6d807ec0d\/#article","isPartOf":{"@id":"https:\/\/consejoderectores.cl\/2015\/06\/11\/603c6d807ec0d\/"},"author":{"name":"Consejo de Rectores de las Universidades Chilenas","@id":"https:\/\/consejoderectores.cl\/en\/#\/schema\/person\/d863e44afde067fd4b57fac66ced709e"},"headline":"Consejo de Rectores anuncia fechas para Admisi\u00f3n 2016 y ajustes al Ranking de Notas","datePublished":"2015-06-11T00:00:00+00:00","dateModified":"2022-01-10T19:30:05+00:00","mainEntityOfPage":{"@id":"https:\/\/consejoderectores.cl\/2015\/06\/11\/603c6d807ec0d\/"},"wordCount":1066,"commentCount":0,"publisher":{"@id":"https:\/\/consejoderectores.cl\/en\/#organization"},"image":{"@id":"https:\/\/consejoderectores.cl\/2015\/06\/11\/603c6d807ec0d\/#primaryimage"},"thumbnailUrl":"https:\/\/consejoderectores.cl\/wp-content\/uploads\/2015\/06\/noticias-07-conferencia-sua-demre.jpg","articleSection":["Noticias"],"inLanguage":"en-US","potentialAction":[{"@type":"CommentAction","name":"Comment","target":["https:\/\/consejoderectores.cl\/2015\/06\/11\/603c6d807ec0d\/#respond"]}]},{"@type":"WebPage","@id":"https:\/\/consejoderectores.cl\/2015\/06\/11\/603c6d807ec0d\/","url":"https:\/\/consejoderectores.cl\/2015\/06\/11\/603c6d807ec0d\/","name":"Consejo de Rectores anuncia fechas para Admisi\u00f3n 2016 y ajustes al Ranking de Notas - Consejo de Rectoras y Rectores de las Universidades Chilenas","isPartOf":{"@id":"https:\/\/consejoderectores.cl\/en\/#website"},"primaryImageOfPage":{"@id":"https:\/\/consejoderectores.cl\/2015\/06\/11\/603c6d807ec0d\/#primaryimage"},"image":{"@id":"https:\/\/consejoderectores.cl\/2015\/06\/11\/603c6d807ec0d\/#primaryimage"},"thumbnailUrl":"https:\/\/consejoderectores.cl\/wp-content\/uploads\/2015\/06\/noticias-07-conferencia-sua-demre.jpg","datePublished":"2015-06-11T00:00:00+00:00","dateModified":"2022-01-10T19:30:05+00:00","breadcrumb":{"@id":"https:\/\/consejoderectores.cl\/2015\/06\/11\/603c6d807ec0d\/#breadcrumb"},"inLanguage":"en-US","potentialAction":[{"@type":"ReadAction","target":["https:\/\/consejoderectores.cl\/2015\/06\/11\/603c6d807ec0d\/"]}]},{"@type":"ImageObject","inLanguage":"en-US","@id":"https:\/\/consejoderectores.cl\/2015\/06\/11\/603c6d807ec0d\/#primaryimage","url":"https:\/\/consejoderectores.cl\/wp-content\/uploads\/2015\/06\/noticias-07-conferencia-sua-demre.jpg","contentUrl":"https:\/\/consejoderectores.cl\/wp-content\/uploads\/2015\/06\/noticias-07-conferencia-sua-demre.jpg","width":630,"height":419},{"@type":"BreadcrumbList","@id":"https:\/\/consejoderectores.cl\/2015\/06\/11\/603c6d807ec0d\/#breadcrumb","itemListElement":[{"@type":"ListItem","position":1,"name":"Home","item":"https:\/\/consejoderectores.cl\/"},{"@type":"ListItem","position":2,"name":"Consejo de Rectores anuncia fechas para Admisi\u00f3n 2016 y ajustes al Ranking de Notas"}]},{"@type":"WebSite","@id":"https:\/\/consejoderectores.cl\/en\/#website","url":"https:\/\/consejoderectores.cl\/en\/","name":"Council of Rectors of Chilean Universities","description":"","publisher":{"@id":"https:\/\/consejoderectores.cl\/en\/#organization"},"potentialAction":[{"@type":"SearchAction","target":{"@type":"EntryPoint","urlTemplate":"https:\/\/consejoderectores.cl\/en\/?s={search_term_string}"},"query-input":{"@type":"PropertyValueSpecification","valueRequired":true,"valueName":"search_term_string"}}],"inLanguage":"en-US"},{"@type":"Organization","@id":"https:\/\/consejoderectores.cl\/en\/#organization","name":"Council of Rectors of Chilean Universities","url":"https:\/\/consejoderectores.cl\/en\/","logo":{"@type":"ImageObject","inLanguage":"en-US","@id":"https:\/\/consejoderectores.cl\/en\/#\/schema\/logo\/image\/","url":"https:\/\/consejoderectores.cl\/wp-content\/uploads\/2025\/12\/logoheader_2025.png","contentUrl":"https:\/\/consejoderectores.cl\/wp-content\/uploads\/2025\/12\/logoheader_2025.png","width":666,"height":305,"caption":"Consejo de Rectoras y Rectores de las Universidades Chilenas"},"image":{"@id":"https:\/\/consejoderectores.cl\/en\/#\/schema\/logo\/image\/"},"sameAs":["https:\/\/x.com\/CRUCH_cl","https:\/\/www.instagram.com\/consejoderectores\/","https:\/\/www.linkedin.com\/company\/cruch\/","https:\/\/www.youtube.com\/channel\/UCzgIFRCsDlKoFpimiQmEaOA"]},{"@type":"Person","@id":"https:\/\/consejoderectores.cl\/en\/#\/schema\/person\/d863e44afde067fd4b57fac66ced709e","name":"Council of Rectors of Chilean Universities","image":{"@type":"ImageObject","inLanguage":"en-US","@id":"https:\/\/consejoderectores.cl\/en\/#\/schema\/person\/image\/","url":"https:\/\/secure.gravatar.com\/avatar\/c31e2a02401f041926afb8ee21ab666f0925814fe85d25a5c8db80e23722dfc1?s=96&d=mm&r=g","contentUrl":"https:\/\/secure.gravatar.com\/avatar\/c31e2a02401f041926afb8ee21ab666f0925814fe85d25a5c8db80e23722dfc1?s=96&d=mm&r=g","caption":"Consejo de Rectores de las Universidades Chilenas"},"sameAs":["https:\/\/www.consejoderectores.cl"],"url":"https:\/\/consejoderectores.cl\/en\/author\/cruch\/"}]}},"_links":{"self":[{"href":"https:\/\/consejoderectores.cl\/en\/wp-json\/wp\/v2\/posts\/1471","targetHints":{"allow":["GET"]}}],"collection":[{"href":"https:\/\/consejoderectores.cl\/en\/wp-json\/wp\/v2\/posts"}],"about":[{"href":"https:\/\/consejoderectores.cl\/en\/wp-json\/wp\/v2\/types\/post"}],"author":[{"embeddable":true,"href":"https:\/\/consejoderectores.cl\/en\/wp-json\/wp\/v2\/users\/1"}],"replies":[{"embeddable":true,"href":"https:\/\/consejoderectores.cl\/en\/wp-json\/wp\/v2\/comments?post=1471"}],"version-history":[{"count":4,"href":"https:\/\/consejoderectores.cl\/en\/wp-json\/wp\/v2\/posts\/1471\/revisions"}],"predecessor-version":[{"id":5095,"href":"https:\/\/consejoderectores.cl\/en\/wp-json\/wp\/v2\/posts\/1471\/revisions\/5095"}],"wp:featuredmedia":[{"embeddable":true,"href":"https:\/\/consejoderectores.cl\/en\/wp-json\/wp\/v2\/media\/5092"}],"wp:attachment":[{"href":"https:\/\/consejoderectores.cl\/en\/wp-json\/wp\/v2\/media?parent=1471"}],"wp:term":[{"taxonomy":"category","embeddable":true,"href":"https:\/\/consejoderectores.cl\/en\/wp-json\/wp\/v2\/categories?post=1471"},{"taxonomy":"post_tag","embeddable":true,"href":"https:\/\/consejoderectores.cl\/en\/wp-json\/wp\/v2\/tags?post=1471"}],"curies":[{"name":"wp","href":"https:\/\/api.w.org\/{rel}","templated":true}]}}