{"id":1455,"date":"2015-03-20T00:00:00","date_gmt":"2015-03-20T00:00:00","guid":{"rendered":""},"modified":"2022-01-10T20:03:52","modified_gmt":"2022-01-10T20:03:52","slug":"603c6d807e03d","status":"publish","type":"post","link":"https:\/\/consejoderectores.cl\/en\/2015\/03\/20\/603c6d807e03d\/","title":{"rendered":"Germany decorated rector \u00c1lvaro Rojas"},"content":{"rendered":"<blockquote><p>The academic authority received the Officer&#039;s Cross of the Order of Merit from the German ambassador, Hans-Henning Blomeyer-Bartenstein.<\/p><\/blockquote>\n<p>\u201cWe honor you, a distinguished academic, politician and representative of Chile in Germany, who with great personal commitment has continuously interceded in favor of bilateral scientific cooperation.\u201d.<\/p>\n<p>With these words, the German ambassador, Hans-Henning Blomeyer-Bartenstein, began the ceremony in which the European nation presented the Officer&#039;s Cross of the Order of Merit to the rector of the University of Talca, \u00c1lvaro Rojas.<\/p>\n<p>Before a large audience that included the president of the UTALCA Board of Directors, Jorge Awad, the rector of the University of Valpara\u00edso and vice president of the Council of Rectors, Professor Aldo Valle, the rector of the University of Chile, Professor Ennio Vivaldi, and the rector of the Catholic University of Maule, Professor Diego Dur\u00e1n, the high-ranking diplomat recalled Rojas&#039;s long-standing connection to his country, first as a student at the German School and later, as a doctoral student.<\/p>\n<p>\u201cBack in Chile, he did not miss any opportunity to incorporate his knowledge of the German university world into the deepening of scientific cooperation between both countries, whether as rector of the University of Talca, as head of the Ministry of Foreign Affairs for scientific relations between Chile and Germany, or as president of the International Commission of the Council of Rectors of Chilean Universities,\u201d he explained.<\/p>\n<p>Along with listing the series of achievements obtained thanks to Rojas&#039; management, Blomeyer-Bartenstein also highlighted that &quot;currently, we can also rely on his experience regarding the reform of the educational system in Chile: we know that his voice counts in the specific unions before the Ministry of Education.&quot;.<\/p>\n<p>In accepting the award, the rector noted that his ties to Germany, its culture, and its institutions extend beyond the personal sphere. \u201cIt has been my mission to make this opportunity available not only to my university, but also to the national university system and to binational scientific cooperation,\u201c he stated.<\/p>\n<p>\u201cThe doors that have been opened make it possible for hundreds of young scientists from both nations to feel like equals in the same community, on the same path; to enhance science, increase the quality of bilateral work and make our nations more developed and just,\u201d Rojas emphasized.<\/p>\n<p><em>*Photo: U. of Talca.\u00a0<\/em><\/p>\n<div><\/div>","protected":false},"excerpt":{"rendered":"<p>Autoridad acad\u00e9mica recibi\u00f3 la Cruz de Oficial de la Orden del M\u00e9rito de manos del embajador de Alemania, Hans-Henning Blomeyer-Bartenstein. \u201cLo honramos a usted, un destacado acad\u00e9mico, pol\u00edtico y representante de Chile en Alemania, que con gran compromiso personal ha intercedido continuamente a favor de la cooperaci\u00f3n cient\u00edfica bilateral\u201d. Con estas palabras, el embajador de [&hellip;]<\/p>\n","protected":false},"author":1,"featured_media":5123,"comment_status":"open","ping_status":"open","sticky":false,"template":"","format":"standard","meta":{"_acf_changed":false,"footnotes":""},"categories":[3],"tags":[],"class_list":["post-1455","post","type-post","status-publish","format-standard","has-post-thumbnail","hentry","category-noticias"],"acf":[],"yoast_head":"<!-- This site is optimized with the Yoast SEO plugin v27.1.1 - https:\/\/yoast.com\/product\/yoast-seo-wordpress\/ -->\n<title>Alemania condecor\u00f3 a rector \u00c1lvaro Rojas - Consejo de Rectoras y Rectores de las Universidades Chilenas<\/title>\n<meta name=\"robots\" content=\"index, follow, max-snippet:-1, max-image-preview:large, max-video-preview:-1\" \/>\n<link rel=\"canonical\" href=\"https:\/\/consejoderectores.cl\/en\/2015\/03\/20\/603c6d807e03d\/\" \/>\n<meta property=\"og:locale\" content=\"en_US\" \/>\n<meta property=\"og:type\" content=\"article\" \/>\n<meta property=\"og:title\" content=\"Alemania condecor\u00f3 a rector \u00c1lvaro Rojas - Consejo de Rectoras y Rectores de las Universidades Chilenas\" \/>\n<meta property=\"og:description\" content=\"Autoridad acad\u00e9mica recibi\u00f3 la Cruz de Oficial de la Orden del M\u00e9rito de manos del embajador de Alemania, Hans-Henning Blomeyer-Bartenstein. \u201cLo honramos a usted, un destacado acad\u00e9mico, pol\u00edtico y representante de Chile en Alemania, que con gran compromiso personal ha intercedido continuamente a favor de la cooperaci\u00f3n cient\u00edfica bilateral\u201d. Con estas palabras, el embajador de [&hellip;]\" \/>\n<meta property=\"og:url\" content=\"https:\/\/consejoderectores.cl\/en\/2015\/03\/20\/603c6d807e03d\/\" \/>\n<meta property=\"og:site_name\" content=\"Consejo de Rectoras y Rectores de las Universidades Chilenas\" \/>\n<meta property=\"article:published_time\" content=\"2015-03-20T00:00:00+00:00\" \/>\n<meta property=\"article:modified_time\" content=\"2022-01-10T20:03:52+00:00\" \/>\n<meta property=\"og:image\" content=\"https:\/\/consejoderectores.cl\/wp-content\/uploads\/2015\/03\/rector_alemania2015_utalca.jpg\" \/>\n\t<meta property=\"og:image:width\" content=\"487\" \/>\n\t<meta property=\"og:image:height\" content=\"326\" \/>\n\t<meta property=\"og:image:type\" content=\"image\/jpeg\" \/>\n<meta name=\"author\" content=\"Consejo de Rectores de las Universidades Chilenas\" \/>\n<meta name=\"twitter:card\" content=\"summary_large_image\" \/>\n<meta name=\"twitter:creator\" content=\"@CRUCH_cl\" \/>\n<meta name=\"twitter:site\" content=\"@CRUCH_cl\" \/>\n<meta name=\"twitter:label1\" content=\"Written by\" \/>\n\t<meta name=\"twitter:data1\" content=\"Consejo de Rectores de las Universidades Chilenas\" \/>\n\t<meta name=\"twitter:label2\" content=\"Est. reading time\" \/>\n\t<meta name=\"twitter:data2\" content=\"2 minutes\" \/>\n<script type=\"application\/ld+json\" class=\"yoast-schema-graph\">{\"@context\":\"https:\/\/schema.org\",\"@graph\":[{\"@type\":\"Article\",\"@id\":\"https:\/\/consejoderectores.cl\/2015\/03\/20\/603c6d807e03d\/#article\",\"isPartOf\":{\"@id\":\"https:\/\/consejoderectores.cl\/2015\/03\/20\/603c6d807e03d\/\"},\"author\":{\"name\":\"Consejo de Rectores de las Universidades Chilenas\",\"@id\":\"https:\/\/consejoderectores.cl\/en\/#\/schema\/person\/d863e44afde067fd4b57fac66ced709e\"},\"headline\":\"Alemania condecor\u00f3 a rector \u00c1lvaro Rojas\",\"datePublished\":\"2015-03-20T00:00:00+00:00\",\"dateModified\":\"2022-01-10T20:03:52+00:00\",\"mainEntityOfPage\":{\"@id\":\"https:\/\/consejoderectores.cl\/2015\/03\/20\/603c6d807e03d\/\"},\"wordCount\":442,\"commentCount\":0,\"publisher\":{\"@id\":\"https:\/\/consejoderectores.cl\/en\/#organization\"},\"image\":{\"@id\":\"https:\/\/consejoderectores.cl\/2015\/03\/20\/603c6d807e03d\/#primaryimage\"},\"thumbnailUrl\":\"https:\/\/consejoderectores.cl\/wp-content\/uploads\/2015\/03\/rector_alemania2015_utalca.jpg\",\"articleSection\":[\"Noticias\"],\"inLanguage\":\"en-US\",\"potentialAction\":[{\"@type\":\"CommentAction\",\"name\":\"Comment\",\"target\":[\"https:\/\/consejoderectores.cl\/2015\/03\/20\/603c6d807e03d\/#respond\"]}]},{\"@type\":\"WebPage\",\"@id\":\"https:\/\/consejoderectores.cl\/2015\/03\/20\/603c6d807e03d\/\",\"url\":\"https:\/\/consejoderectores.cl\/2015\/03\/20\/603c6d807e03d\/\",\"name\":\"Alemania condecor\u00f3 a rector \u00c1lvaro Rojas - Consejo de Rectoras y Rectores de las Universidades Chilenas\",\"isPartOf\":{\"@id\":\"https:\/\/consejoderectores.cl\/en\/#website\"},\"primaryImageOfPage\":{\"@id\":\"https:\/\/consejoderectores.cl\/2015\/03\/20\/603c6d807e03d\/#primaryimage\"},\"image\":{\"@id\":\"https:\/\/consejoderectores.cl\/2015\/03\/20\/603c6d807e03d\/#primaryimage\"},\"thumbnailUrl\":\"https:\/\/consejoderectores.cl\/wp-content\/uploads\/2015\/03\/rector_alemania2015_utalca.jpg\",\"datePublished\":\"2015-03-20T00:00:00+00:00\",\"dateModified\":\"2022-01-10T20:03:52+00:00\",\"breadcrumb\":{\"@id\":\"https:\/\/consejoderectores.cl\/2015\/03\/20\/603c6d807e03d\/#breadcrumb\"},\"inLanguage\":\"en-US\",\"potentialAction\":[{\"@type\":\"ReadAction\",\"target\":[\"https:\/\/consejoderectores.cl\/2015\/03\/20\/603c6d807e03d\/\"]}]},{\"@type\":\"ImageObject\",\"inLanguage\":\"en-US\",\"@id\":\"https:\/\/consejoderectores.cl\/2015\/03\/20\/603c6d807e03d\/#primaryimage\",\"url\":\"https:\/\/consejoderectores.cl\/wp-content\/uploads\/2015\/03\/rector_alemania2015_utalca.jpg\",\"contentUrl\":\"https:\/\/consejoderectores.cl\/wp-content\/uploads\/2015\/03\/rector_alemania2015_utalca.jpg\",\"width\":487,\"height\":326},{\"@type\":\"BreadcrumbList\",\"@id\":\"https:\/\/consejoderectores.cl\/2015\/03\/20\/603c6d807e03d\/#breadcrumb\",\"itemListElement\":[{\"@type\":\"ListItem\",\"position\":1,\"name\":\"Home\",\"item\":\"https:\/\/consejoderectores.cl\/\"},{\"@type\":\"ListItem\",\"position\":2,\"name\":\"Alemania condecor\u00f3 a rector \u00c1lvaro Rojas\"}]},{\"@type\":\"WebSite\",\"@id\":\"https:\/\/consejoderectores.cl\/en\/#website\",\"url\":\"https:\/\/consejoderectores.cl\/en\/\",\"name\":\"Consejo de Rectoras y Rectores de las Universidades Chilenas\",\"description\":\"\",\"publisher\":{\"@id\":\"https:\/\/consejoderectores.cl\/en\/#organization\"},\"potentialAction\":[{\"@type\":\"SearchAction\",\"target\":{\"@type\":\"EntryPoint\",\"urlTemplate\":\"https:\/\/consejoderectores.cl\/en\/?s={search_term_string}\"},\"query-input\":{\"@type\":\"PropertyValueSpecification\",\"valueRequired\":true,\"valueName\":\"search_term_string\"}}],\"inLanguage\":\"en-US\"},{\"@type\":\"Organization\",\"@id\":\"https:\/\/consejoderectores.cl\/en\/#organization\",\"name\":\"Consejo de Rectoras y Rectores de las Universidades Chilenas\",\"url\":\"https:\/\/consejoderectores.cl\/en\/\",\"logo\":{\"@type\":\"ImageObject\",\"inLanguage\":\"en-US\",\"@id\":\"https:\/\/consejoderectores.cl\/en\/#\/schema\/logo\/image\/\",\"url\":\"https:\/\/consejoderectores.cl\/wp-content\/uploads\/2025\/12\/logoheader_2025.png\",\"contentUrl\":\"https:\/\/consejoderectores.cl\/wp-content\/uploads\/2025\/12\/logoheader_2025.png\",\"width\":666,\"height\":305,\"caption\":\"Consejo de Rectoras y Rectores de las Universidades Chilenas\"},\"image\":{\"@id\":\"https:\/\/consejoderectores.cl\/en\/#\/schema\/logo\/image\/\"},\"sameAs\":[\"https:\/\/x.com\/CRUCH_cl\",\"https:\/\/www.instagram.com\/consejoderectores\/\",\"https:\/\/www.linkedin.com\/company\/cruch\/\",\"https:\/\/www.youtube.com\/channel\/UCzgIFRCsDlKoFpimiQmEaOA\"]},{\"@type\":\"Person\",\"@id\":\"https:\/\/consejoderectores.cl\/en\/#\/schema\/person\/d863e44afde067fd4b57fac66ced709e\",\"name\":\"Consejo de Rectores de las Universidades Chilenas\",\"image\":{\"@type\":\"ImageObject\",\"inLanguage\":\"en-US\",\"@id\":\"https:\/\/consejoderectores.cl\/en\/#\/schema\/person\/image\/\",\"url\":\"https:\/\/secure.gravatar.com\/avatar\/c31e2a02401f041926afb8ee21ab666f0925814fe85d25a5c8db80e23722dfc1?s=96&d=mm&r=g\",\"contentUrl\":\"https:\/\/secure.gravatar.com\/avatar\/c31e2a02401f041926afb8ee21ab666f0925814fe85d25a5c8db80e23722dfc1?s=96&d=mm&r=g\",\"caption\":\"Consejo de Rectores de las Universidades Chilenas\"},\"sameAs\":[\"https:\/\/www.consejoderectores.cl\"],\"url\":\"https:\/\/consejoderectores.cl\/en\/author\/cruch\/\"}]}<\/script>\n<!-- \/ Yoast SEO plugin. -->","yoast_head_json":{"title":"Alemania condecor\u00f3 a rector \u00c1lvaro Rojas - Consejo de Rectoras y Rectores de las Universidades Chilenas","robots":{"index":"index","follow":"follow","max-snippet":"max-snippet:-1","max-image-preview":"max-image-preview:large","max-video-preview":"max-video-preview:-1"},"canonical":"https:\/\/consejoderectores.cl\/en\/2015\/03\/20\/603c6d807e03d\/","og_locale":"en_US","og_type":"article","og_title":"Alemania condecor\u00f3 a rector \u00c1lvaro Rojas - Consejo de Rectoras y Rectores de las Universidades Chilenas","og_description":"Autoridad acad\u00e9mica recibi\u00f3 la Cruz de Oficial de la Orden del M\u00e9rito de manos del embajador de Alemania, Hans-Henning Blomeyer-Bartenstein. \u201cLo honramos a usted, un destacado acad\u00e9mico, pol\u00edtico y representante de Chile en Alemania, que con gran compromiso personal ha intercedido continuamente a favor de la cooperaci\u00f3n cient\u00edfica bilateral\u201d. Con estas palabras, el embajador de [&hellip;]","og_url":"https:\/\/consejoderectores.cl\/en\/2015\/03\/20\/603c6d807e03d\/","og_site_name":"Consejo de Rectoras y Rectores de las Universidades Chilenas","article_published_time":"2015-03-20T00:00:00+00:00","article_modified_time":"2022-01-10T20:03:52+00:00","og_image":[{"width":487,"height":326,"url":"https:\/\/consejoderectores.cl\/wp-content\/uploads\/2015\/03\/rector_alemania2015_utalca.jpg","type":"image\/jpeg"}],"author":"Consejo de Rectores de las Universidades Chilenas","twitter_card":"summary_large_image","twitter_creator":"@CRUCH_cl","twitter_site":"@CRUCH_cl","twitter_misc":{"Written by":"Consejo de Rectores de las Universidades Chilenas","Est. reading time":"2 minutes"},"schema":{"@context":"https:\/\/schema.org","@graph":[{"@type":"Article","@id":"https:\/\/consejoderectores.cl\/2015\/03\/20\/603c6d807e03d\/#article","isPartOf":{"@id":"https:\/\/consejoderectores.cl\/2015\/03\/20\/603c6d807e03d\/"},"author":{"name":"Consejo de Rectores de las Universidades Chilenas","@id":"https:\/\/consejoderectores.cl\/en\/#\/schema\/person\/d863e44afde067fd4b57fac66ced709e"},"headline":"Alemania condecor\u00f3 a rector \u00c1lvaro Rojas","datePublished":"2015-03-20T00:00:00+00:00","dateModified":"2022-01-10T20:03:52+00:00","mainEntityOfPage":{"@id":"https:\/\/consejoderectores.cl\/2015\/03\/20\/603c6d807e03d\/"},"wordCount":442,"commentCount":0,"publisher":{"@id":"https:\/\/consejoderectores.cl\/en\/#organization"},"image":{"@id":"https:\/\/consejoderectores.cl\/2015\/03\/20\/603c6d807e03d\/#primaryimage"},"thumbnailUrl":"https:\/\/consejoderectores.cl\/wp-content\/uploads\/2015\/03\/rector_alemania2015_utalca.jpg","articleSection":["Noticias"],"inLanguage":"en-US","potentialAction":[{"@type":"CommentAction","name":"Comment","target":["https:\/\/consejoderectores.cl\/2015\/03\/20\/603c6d807e03d\/#respond"]}]},{"@type":"WebPage","@id":"https:\/\/consejoderectores.cl\/2015\/03\/20\/603c6d807e03d\/","url":"https:\/\/consejoderectores.cl\/2015\/03\/20\/603c6d807e03d\/","name":"Alemania condecor\u00f3 a rector \u00c1lvaro Rojas - Consejo de Rectoras y Rectores de las Universidades Chilenas","isPartOf":{"@id":"https:\/\/consejoderectores.cl\/en\/#website"},"primaryImageOfPage":{"@id":"https:\/\/consejoderectores.cl\/2015\/03\/20\/603c6d807e03d\/#primaryimage"},"image":{"@id":"https:\/\/consejoderectores.cl\/2015\/03\/20\/603c6d807e03d\/#primaryimage"},"thumbnailUrl":"https:\/\/consejoderectores.cl\/wp-content\/uploads\/2015\/03\/rector_alemania2015_utalca.jpg","datePublished":"2015-03-20T00:00:00+00:00","dateModified":"2022-01-10T20:03:52+00:00","breadcrumb":{"@id":"https:\/\/consejoderectores.cl\/2015\/03\/20\/603c6d807e03d\/#breadcrumb"},"inLanguage":"en-US","potentialAction":[{"@type":"ReadAction","target":["https:\/\/consejoderectores.cl\/2015\/03\/20\/603c6d807e03d\/"]}]},{"@type":"ImageObject","inLanguage":"en-US","@id":"https:\/\/consejoderectores.cl\/2015\/03\/20\/603c6d807e03d\/#primaryimage","url":"https:\/\/consejoderectores.cl\/wp-content\/uploads\/2015\/03\/rector_alemania2015_utalca.jpg","contentUrl":"https:\/\/consejoderectores.cl\/wp-content\/uploads\/2015\/03\/rector_alemania2015_utalca.jpg","width":487,"height":326},{"@type":"BreadcrumbList","@id":"https:\/\/consejoderectores.cl\/2015\/03\/20\/603c6d807e03d\/#breadcrumb","itemListElement":[{"@type":"ListItem","position":1,"name":"Home","item":"https:\/\/consejoderectores.cl\/"},{"@type":"ListItem","position":2,"name":"Alemania condecor\u00f3 a rector \u00c1lvaro Rojas"}]},{"@type":"WebSite","@id":"https:\/\/consejoderectores.cl\/en\/#website","url":"https:\/\/consejoderectores.cl\/en\/","name":"Council of Rectors of Chilean Universities","description":"","publisher":{"@id":"https:\/\/consejoderectores.cl\/en\/#organization"},"potentialAction":[{"@type":"SearchAction","target":{"@type":"EntryPoint","urlTemplate":"https:\/\/consejoderectores.cl\/en\/?s={search_term_string}"},"query-input":{"@type":"PropertyValueSpecification","valueRequired":true,"valueName":"search_term_string"}}],"inLanguage":"en-US"},{"@type":"Organization","@id":"https:\/\/consejoderectores.cl\/en\/#organization","name":"Council of Rectors of Chilean Universities","url":"https:\/\/consejoderectores.cl\/en\/","logo":{"@type":"ImageObject","inLanguage":"en-US","@id":"https:\/\/consejoderectores.cl\/en\/#\/schema\/logo\/image\/","url":"https:\/\/consejoderectores.cl\/wp-content\/uploads\/2025\/12\/logoheader_2025.png","contentUrl":"https:\/\/consejoderectores.cl\/wp-content\/uploads\/2025\/12\/logoheader_2025.png","width":666,"height":305,"caption":"Consejo de Rectoras y Rectores de las Universidades Chilenas"},"image":{"@id":"https:\/\/consejoderectores.cl\/en\/#\/schema\/logo\/image\/"},"sameAs":["https:\/\/x.com\/CRUCH_cl","https:\/\/www.instagram.com\/consejoderectores\/","https:\/\/www.linkedin.com\/company\/cruch\/","https:\/\/www.youtube.com\/channel\/UCzgIFRCsDlKoFpimiQmEaOA"]},{"@type":"Person","@id":"https:\/\/consejoderectores.cl\/en\/#\/schema\/person\/d863e44afde067fd4b57fac66ced709e","name":"Council of Rectors of Chilean Universities","image":{"@type":"ImageObject","inLanguage":"en-US","@id":"https:\/\/consejoderectores.cl\/en\/#\/schema\/person\/image\/","url":"https:\/\/secure.gravatar.com\/avatar\/c31e2a02401f041926afb8ee21ab666f0925814fe85d25a5c8db80e23722dfc1?s=96&d=mm&r=g","contentUrl":"https:\/\/secure.gravatar.com\/avatar\/c31e2a02401f041926afb8ee21ab666f0925814fe85d25a5c8db80e23722dfc1?s=96&d=mm&r=g","caption":"Consejo de Rectores de las Universidades Chilenas"},"sameAs":["https:\/\/www.consejoderectores.cl"],"url":"https:\/\/consejoderectores.cl\/en\/author\/cruch\/"}]}},"_links":{"self":[{"href":"https:\/\/consejoderectores.cl\/en\/wp-json\/wp\/v2\/posts\/1455","targetHints":{"allow":["GET"]}}],"collection":[{"href":"https:\/\/consejoderectores.cl\/en\/wp-json\/wp\/v2\/posts"}],"about":[{"href":"https:\/\/consejoderectores.cl\/en\/wp-json\/wp\/v2\/types\/post"}],"author":[{"embeddable":true,"href":"https:\/\/consejoderectores.cl\/en\/wp-json\/wp\/v2\/users\/1"}],"replies":[{"embeddable":true,"href":"https:\/\/consejoderectores.cl\/en\/wp-json\/wp\/v2\/comments?post=1455"}],"version-history":[{"count":2,"href":"https:\/\/consejoderectores.cl\/en\/wp-json\/wp\/v2\/posts\/1455\/revisions"}],"predecessor-version":[{"id":5125,"href":"https:\/\/consejoderectores.cl\/en\/wp-json\/wp\/v2\/posts\/1455\/revisions\/5125"}],"wp:featuredmedia":[{"embeddable":true,"href":"https:\/\/consejoderectores.cl\/en\/wp-json\/wp\/v2\/media\/5123"}],"wp:attachment":[{"href":"https:\/\/consejoderectores.cl\/en\/wp-json\/wp\/v2\/media?parent=1455"}],"wp:term":[{"taxonomy":"category","embeddable":true,"href":"https:\/\/consejoderectores.cl\/en\/wp-json\/wp\/v2\/categories?post=1455"},{"taxonomy":"post_tag","embeddable":true,"href":"https:\/\/consejoderectores.cl\/en\/wp-json\/wp\/v2\/tags?post=1455"}],"curies":[{"name":"wp","href":"https:\/\/api.w.org\/{rel}","templated":true}]}}