{"id":1423,"date":"2014-11-24T00:00:00","date_gmt":"2014-11-24T00:00:00","guid":{"rendered":""},"modified":"2022-01-17T19:27:19","modified_gmt":"2022-01-17T19:27:19","slug":"603c6d807c2bc","status":"publish","type":"post","link":"https:\/\/consejoderectores.cl\/en\/2014\/11\/24\/603c6d807c2bc\/","title":{"rendered":"Council of Rectors participates in international forum organized by Canadian Bureau for International Education"},"content":{"rendered":"<blockquote><p>Representatives from six CRUCH universities and the executive board participated in various aspects of this international meeting. The delegation also held a meeting with the Chilean ambassador to Canada, Alfonso Silva.<\/p><\/blockquote>\n<p>Knowledge diplomacy is based on the notion that the economy of the future is organized around knowledge and innovation. Specifically, knowledge diplomacy envisions all actors in higher education playing roles of exchange and collaboration, leveraging the strengths of each country.<\/p>\n<p>In this regard, Robert Proulx, Rector of the University of Quebec in Montreal, emphasized that it is primarily about interactions between universities and about diplomacy serving the pursuit of knowledge. These notions represent a different kind of internationalization within the higher education system, moving beyond the confines of the market and competition to interact based on shared values among universities. This allows individuals to develop a broader and more complex education and to produce knowledge from a global and convergent perspective. It implies that universities and diplomacy, working together, are committed to serving society and addressing the global challenges we face today in terms of quality of life and security.<\/p>\n<p>Knowledge diplomacy, from the perspective of knowledge generation, calls for the formulation of new epistemologies from diverse disciplines to address emerging problems such as energy and food security. Gilles Breton of the University of Ottawa highlighted how universities are developing this knowledge diplomacy based on their strategies and autonomy; however, it is necessary to amplify diverse voices.<\/p>\n<p>With the participation of six universities from the Council of Rectors of Chilean Universities (CRUCH) and the executive board, it was possible to take part in various aspects of this international event. First, in the Canada-Pacific Alliance Forum, a workshop on higher education in Chile was organized, featuring contributions from Martha Ram\u00edrez Valdivia of the University of La Frontera, Mar\u00eda Teresa Marshall of CRUCH, and Brenda Wills of the Canadian Embassy in Santiago. Simultaneously, another group of universities participated in a series of sessions of the EMULIES network\u2014University of Concepci\u00f3n, Metropolitan Technological University, University of Los Lagos, and Catholic University of Maule\u2014a space that seeks to strengthen women&#039;s leadership in higher education. And thirdly, the universities of the Council of Rectors participated in an exchange workshop to promote their academic offerings and forge new collaborative relationships within this international context.<\/p>\n<p>Finally, representatives of the Council of Rectors held a meeting with the Ambassador of Chile to Canada, Alfonso Silva, in order to share the contributions of this conference, the commitments between Chilean and Canadian universities and generate alternatives for its continuity.<\/p>\n<p>This conference provided an opportunity to re-establish ties with university groups such as the CALDO Consortium and to move forward in defining a collaboration agreement with the Council of Rectors. It also allowed for an understanding of the opportunities offered by Canada&#039;s International Graduate Programs (ELAP) to support student and faculty mobility. In short, this broad international forum opens and strengthens opportunities for academic collaboration for CRUCH universities, both with Canadian universities and with other participating institutions.<br \/>\n<a href=\"http:\/\/www.youtube.com\/watch?v=0uf9znmfClw\" target=\"_blank\" rel=\"noopener\"><br \/>\nSee Video CBIE Conference 2014<\/a><\/p>","protected":false},"excerpt":{"rendered":"<p>Representantes de seis universidades del CRUCH y de la direcci\u00f3n ejecutiva participaron en diversas instancias de este encuentro internacional. La delegaci\u00f3n adem\u00e1s sostuvo una reuni\u00f3n con el embajador de Chile en Canad\u00e1, Alfonso Silva. La diplomacia del saber se basa en las nociones que la econom\u00eda del futuro se organiza en conocimiento e innovaci\u00f3n. Y [&hellip;]<\/p>\n","protected":false},"author":1,"featured_media":3592,"comment_status":"open","ping_status":"open","sticky":false,"template":"","format":"standard","meta":{"_acf_changed":false,"footnotes":""},"categories":[3],"tags":[],"class_list":["post-1423","post","type-post","status-publish","format-standard","has-post-thumbnail","hentry","category-noticias"],"acf":[],"yoast_head":"<!-- This site is optimized with the Yoast SEO plugin v27.1.1 - https:\/\/yoast.com\/product\/yoast-seo-wordpress\/ -->\n<title>Consejo de Rectores participa en foro internacional organizado por Canadian Bureau for International Education - Consejo de Rectoras y Rectores de las Universidades Chilenas<\/title>\n<meta name=\"robots\" content=\"index, follow, max-snippet:-1, max-image-preview:large, max-video-preview:-1\" \/>\n<link rel=\"canonical\" href=\"https:\/\/consejoderectores.cl\/en\/2014\/11\/24\/603c6d807c2bc\/\" \/>\n<meta property=\"og:locale\" content=\"en_US\" \/>\n<meta property=\"og:type\" content=\"article\" \/>\n<meta property=\"og:title\" content=\"Consejo de Rectores participa en foro internacional organizado por Canadian Bureau for International Education - Consejo de Rectoras y Rectores de las Universidades Chilenas\" \/>\n<meta property=\"og:description\" content=\"Representantes de seis universidades del CRUCH y de la direcci\u00f3n ejecutiva participaron en diversas instancias de este encuentro internacional. La delegaci\u00f3n adem\u00e1s sostuvo una reuni\u00f3n con el embajador de Chile en Canad\u00e1, Alfonso Silva. La diplomacia del saber se basa en las nociones que la econom\u00eda del futuro se organiza en conocimiento e innovaci\u00f3n. Y [&hellip;]\" \/>\n<meta property=\"og:url\" content=\"https:\/\/consejoderectores.cl\/en\/2014\/11\/24\/603c6d807c2bc\/\" \/>\n<meta property=\"og:site_name\" content=\"Consejo de Rectoras y Rectores de las Universidades Chilenas\" \/>\n<meta property=\"article:published_time\" content=\"2014-11-24T00:00:00+00:00\" \/>\n<meta property=\"article:modified_time\" content=\"2022-01-17T19:27:19+00:00\" \/>\n<meta property=\"og:image\" content=\"https:\/\/consejoderectores.cl\/wp-content\/uploads\/2021\/10\/declaraciones-publicas.jpg\" \/>\n\t<meta property=\"og:image:width\" content=\"1024\" \/>\n\t<meta property=\"og:image:height\" content=\"500\" \/>\n\t<meta property=\"og:image:type\" content=\"image\/jpeg\" \/>\n<meta name=\"author\" content=\"Consejo de Rectores de las Universidades Chilenas\" \/>\n<meta name=\"twitter:card\" content=\"summary_large_image\" \/>\n<meta name=\"twitter:creator\" content=\"@CRUCH_cl\" \/>\n<meta name=\"twitter:site\" content=\"@CRUCH_cl\" \/>\n<meta name=\"twitter:label1\" content=\"Written by\" \/>\n\t<meta name=\"twitter:data1\" content=\"Consejo de Rectores de las Universidades Chilenas\" \/>\n\t<meta name=\"twitter:label2\" content=\"Est. reading time\" \/>\n\t<meta name=\"twitter:data2\" content=\"3 minutes\" \/>\n<script type=\"application\/ld+json\" class=\"yoast-schema-graph\">{\"@context\":\"https:\/\/schema.org\",\"@graph\":[{\"@type\":\"Article\",\"@id\":\"https:\/\/consejoderectores.cl\/2014\/11\/24\/603c6d807c2bc\/#article\",\"isPartOf\":{\"@id\":\"https:\/\/consejoderectores.cl\/2014\/11\/24\/603c6d807c2bc\/\"},\"author\":{\"name\":\"Consejo de Rectores de las Universidades Chilenas\",\"@id\":\"https:\/\/consejoderectores.cl\/en\/#\/schema\/person\/d863e44afde067fd4b57fac66ced709e\"},\"headline\":\"Consejo de Rectores participa en foro internacional organizado por Canadian Bureau for International Education\",\"datePublished\":\"2014-11-24T00:00:00+00:00\",\"dateModified\":\"2022-01-17T19:27:19+00:00\",\"mainEntityOfPage\":{\"@id\":\"https:\/\/consejoderectores.cl\/2014\/11\/24\/603c6d807c2bc\/\"},\"wordCount\":615,\"commentCount\":0,\"publisher\":{\"@id\":\"https:\/\/consejoderectores.cl\/en\/#organization\"},\"image\":{\"@id\":\"https:\/\/consejoderectores.cl\/2014\/11\/24\/603c6d807c2bc\/#primaryimage\"},\"thumbnailUrl\":\"https:\/\/consejoderectores.cl\/wp-content\/uploads\/2021\/10\/declaraciones-publicas.jpg\",\"articleSection\":[\"Noticias\"],\"inLanguage\":\"en-US\",\"potentialAction\":[{\"@type\":\"CommentAction\",\"name\":\"Comment\",\"target\":[\"https:\/\/consejoderectores.cl\/2014\/11\/24\/603c6d807c2bc\/#respond\"]}]},{\"@type\":\"WebPage\",\"@id\":\"https:\/\/consejoderectores.cl\/2014\/11\/24\/603c6d807c2bc\/\",\"url\":\"https:\/\/consejoderectores.cl\/2014\/11\/24\/603c6d807c2bc\/\",\"name\":\"Consejo de Rectores participa en foro internacional organizado por Canadian Bureau for International Education - Consejo de Rectoras y Rectores de las Universidades Chilenas\",\"isPartOf\":{\"@id\":\"https:\/\/consejoderectores.cl\/en\/#website\"},\"primaryImageOfPage\":{\"@id\":\"https:\/\/consejoderectores.cl\/2014\/11\/24\/603c6d807c2bc\/#primaryimage\"},\"image\":{\"@id\":\"https:\/\/consejoderectores.cl\/2014\/11\/24\/603c6d807c2bc\/#primaryimage\"},\"thumbnailUrl\":\"https:\/\/consejoderectores.cl\/wp-content\/uploads\/2021\/10\/declaraciones-publicas.jpg\",\"datePublished\":\"2014-11-24T00:00:00+00:00\",\"dateModified\":\"2022-01-17T19:27:19+00:00\",\"breadcrumb\":{\"@id\":\"https:\/\/consejoderectores.cl\/2014\/11\/24\/603c6d807c2bc\/#breadcrumb\"},\"inLanguage\":\"en-US\",\"potentialAction\":[{\"@type\":\"ReadAction\",\"target\":[\"https:\/\/consejoderectores.cl\/2014\/11\/24\/603c6d807c2bc\/\"]}]},{\"@type\":\"ImageObject\",\"inLanguage\":\"en-US\",\"@id\":\"https:\/\/consejoderectores.cl\/2014\/11\/24\/603c6d807c2bc\/#primaryimage\",\"url\":\"https:\/\/consejoderectores.cl\/wp-content\/uploads\/2021\/10\/declaraciones-publicas.jpg\",\"contentUrl\":\"https:\/\/consejoderectores.cl\/wp-content\/uploads\/2021\/10\/declaraciones-publicas.jpg\",\"width\":1024,\"height\":500},{\"@type\":\"BreadcrumbList\",\"@id\":\"https:\/\/consejoderectores.cl\/2014\/11\/24\/603c6d807c2bc\/#breadcrumb\",\"itemListElement\":[{\"@type\":\"ListItem\",\"position\":1,\"name\":\"Home\",\"item\":\"https:\/\/consejoderectores.cl\/\"},{\"@type\":\"ListItem\",\"position\":2,\"name\":\"Consejo de Rectores participa en foro internacional organizado por Canadian Bureau for International Education\"}]},{\"@type\":\"WebSite\",\"@id\":\"https:\/\/consejoderectores.cl\/en\/#website\",\"url\":\"https:\/\/consejoderectores.cl\/en\/\",\"name\":\"Consejo de Rectoras y Rectores de las Universidades Chilenas\",\"description\":\"\",\"publisher\":{\"@id\":\"https:\/\/consejoderectores.cl\/en\/#organization\"},\"potentialAction\":[{\"@type\":\"SearchAction\",\"target\":{\"@type\":\"EntryPoint\",\"urlTemplate\":\"https:\/\/consejoderectores.cl\/en\/?s={search_term_string}\"},\"query-input\":{\"@type\":\"PropertyValueSpecification\",\"valueRequired\":true,\"valueName\":\"search_term_string\"}}],\"inLanguage\":\"en-US\"},{\"@type\":\"Organization\",\"@id\":\"https:\/\/consejoderectores.cl\/en\/#organization\",\"name\":\"Consejo de Rectoras y Rectores de las Universidades Chilenas\",\"url\":\"https:\/\/consejoderectores.cl\/en\/\",\"logo\":{\"@type\":\"ImageObject\",\"inLanguage\":\"en-US\",\"@id\":\"https:\/\/consejoderectores.cl\/en\/#\/schema\/logo\/image\/\",\"url\":\"https:\/\/consejoderectores.cl\/wp-content\/uploads\/2025\/12\/logoheader_2025.png\",\"contentUrl\":\"https:\/\/consejoderectores.cl\/wp-content\/uploads\/2025\/12\/logoheader_2025.png\",\"width\":666,\"height\":305,\"caption\":\"Consejo de Rectoras y Rectores de las Universidades Chilenas\"},\"image\":{\"@id\":\"https:\/\/consejoderectores.cl\/en\/#\/schema\/logo\/image\/\"},\"sameAs\":[\"https:\/\/x.com\/CRUCH_cl\",\"https:\/\/www.instagram.com\/consejoderectores\/\",\"https:\/\/www.linkedin.com\/company\/cruch\/\",\"https:\/\/www.youtube.com\/channel\/UCzgIFRCsDlKoFpimiQmEaOA\"]},{\"@type\":\"Person\",\"@id\":\"https:\/\/consejoderectores.cl\/en\/#\/schema\/person\/d863e44afde067fd4b57fac66ced709e\",\"name\":\"Consejo de Rectores de las Universidades Chilenas\",\"image\":{\"@type\":\"ImageObject\",\"inLanguage\":\"en-US\",\"@id\":\"https:\/\/consejoderectores.cl\/en\/#\/schema\/person\/image\/\",\"url\":\"https:\/\/secure.gravatar.com\/avatar\/c31e2a02401f041926afb8ee21ab666f0925814fe85d25a5c8db80e23722dfc1?s=96&d=mm&r=g\",\"contentUrl\":\"https:\/\/secure.gravatar.com\/avatar\/c31e2a02401f041926afb8ee21ab666f0925814fe85d25a5c8db80e23722dfc1?s=96&d=mm&r=g\",\"caption\":\"Consejo de Rectores de las Universidades Chilenas\"},\"sameAs\":[\"https:\/\/www.consejoderectores.cl\"],\"url\":\"https:\/\/consejoderectores.cl\/en\/author\/cruch\/\"}]}<\/script>\n<!-- \/ Yoast SEO plugin. -->","yoast_head_json":{"title":"Consejo de Rectores participa en foro internacional organizado por Canadian Bureau for International Education - Consejo de Rectoras y Rectores de las Universidades Chilenas","robots":{"index":"index","follow":"follow","max-snippet":"max-snippet:-1","max-image-preview":"max-image-preview:large","max-video-preview":"max-video-preview:-1"},"canonical":"https:\/\/consejoderectores.cl\/en\/2014\/11\/24\/603c6d807c2bc\/","og_locale":"en_US","og_type":"article","og_title":"Consejo de Rectores participa en foro internacional organizado por Canadian Bureau for International Education - Consejo de Rectoras y Rectores de las Universidades Chilenas","og_description":"Representantes de seis universidades del CRUCH y de la direcci\u00f3n ejecutiva participaron en diversas instancias de este encuentro internacional. La delegaci\u00f3n adem\u00e1s sostuvo una reuni\u00f3n con el embajador de Chile en Canad\u00e1, Alfonso Silva. La diplomacia del saber se basa en las nociones que la econom\u00eda del futuro se organiza en conocimiento e innovaci\u00f3n. Y [&hellip;]","og_url":"https:\/\/consejoderectores.cl\/en\/2014\/11\/24\/603c6d807c2bc\/","og_site_name":"Consejo de Rectoras y Rectores de las Universidades Chilenas","article_published_time":"2014-11-24T00:00:00+00:00","article_modified_time":"2022-01-17T19:27:19+00:00","og_image":[{"width":1024,"height":500,"url":"https:\/\/consejoderectores.cl\/wp-content\/uploads\/2021\/10\/declaraciones-publicas.jpg","type":"image\/jpeg"}],"author":"Consejo de Rectores de las Universidades Chilenas","twitter_card":"summary_large_image","twitter_creator":"@CRUCH_cl","twitter_site":"@CRUCH_cl","twitter_misc":{"Written by":"Consejo de Rectores de las Universidades Chilenas","Est. reading time":"3 minutes"},"schema":{"@context":"https:\/\/schema.org","@graph":[{"@type":"Article","@id":"https:\/\/consejoderectores.cl\/2014\/11\/24\/603c6d807c2bc\/#article","isPartOf":{"@id":"https:\/\/consejoderectores.cl\/2014\/11\/24\/603c6d807c2bc\/"},"author":{"name":"Consejo de Rectores de las Universidades Chilenas","@id":"https:\/\/consejoderectores.cl\/en\/#\/schema\/person\/d863e44afde067fd4b57fac66ced709e"},"headline":"Consejo de Rectores participa en foro internacional organizado por Canadian Bureau for International Education","datePublished":"2014-11-24T00:00:00+00:00","dateModified":"2022-01-17T19:27:19+00:00","mainEntityOfPage":{"@id":"https:\/\/consejoderectores.cl\/2014\/11\/24\/603c6d807c2bc\/"},"wordCount":615,"commentCount":0,"publisher":{"@id":"https:\/\/consejoderectores.cl\/en\/#organization"},"image":{"@id":"https:\/\/consejoderectores.cl\/2014\/11\/24\/603c6d807c2bc\/#primaryimage"},"thumbnailUrl":"https:\/\/consejoderectores.cl\/wp-content\/uploads\/2021\/10\/declaraciones-publicas.jpg","articleSection":["Noticias"],"inLanguage":"en-US","potentialAction":[{"@type":"CommentAction","name":"Comment","target":["https:\/\/consejoderectores.cl\/2014\/11\/24\/603c6d807c2bc\/#respond"]}]},{"@type":"WebPage","@id":"https:\/\/consejoderectores.cl\/2014\/11\/24\/603c6d807c2bc\/","url":"https:\/\/consejoderectores.cl\/2014\/11\/24\/603c6d807c2bc\/","name":"Consejo de Rectores participa en foro internacional organizado por Canadian Bureau for International Education - Consejo de Rectoras y Rectores de las Universidades Chilenas","isPartOf":{"@id":"https:\/\/consejoderectores.cl\/en\/#website"},"primaryImageOfPage":{"@id":"https:\/\/consejoderectores.cl\/2014\/11\/24\/603c6d807c2bc\/#primaryimage"},"image":{"@id":"https:\/\/consejoderectores.cl\/2014\/11\/24\/603c6d807c2bc\/#primaryimage"},"thumbnailUrl":"https:\/\/consejoderectores.cl\/wp-content\/uploads\/2021\/10\/declaraciones-publicas.jpg","datePublished":"2014-11-24T00:00:00+00:00","dateModified":"2022-01-17T19:27:19+00:00","breadcrumb":{"@id":"https:\/\/consejoderectores.cl\/2014\/11\/24\/603c6d807c2bc\/#breadcrumb"},"inLanguage":"en-US","potentialAction":[{"@type":"ReadAction","target":["https:\/\/consejoderectores.cl\/2014\/11\/24\/603c6d807c2bc\/"]}]},{"@type":"ImageObject","inLanguage":"en-US","@id":"https:\/\/consejoderectores.cl\/2014\/11\/24\/603c6d807c2bc\/#primaryimage","url":"https:\/\/consejoderectores.cl\/wp-content\/uploads\/2021\/10\/declaraciones-publicas.jpg","contentUrl":"https:\/\/consejoderectores.cl\/wp-content\/uploads\/2021\/10\/declaraciones-publicas.jpg","width":1024,"height":500},{"@type":"BreadcrumbList","@id":"https:\/\/consejoderectores.cl\/2014\/11\/24\/603c6d807c2bc\/#breadcrumb","itemListElement":[{"@type":"ListItem","position":1,"name":"Home","item":"https:\/\/consejoderectores.cl\/"},{"@type":"ListItem","position":2,"name":"Consejo de Rectores participa en foro internacional organizado por Canadian Bureau for International Education"}]},{"@type":"WebSite","@id":"https:\/\/consejoderectores.cl\/en\/#website","url":"https:\/\/consejoderectores.cl\/en\/","name":"Council of Rectors of Chilean Universities","description":"","publisher":{"@id":"https:\/\/consejoderectores.cl\/en\/#organization"},"potentialAction":[{"@type":"SearchAction","target":{"@type":"EntryPoint","urlTemplate":"https:\/\/consejoderectores.cl\/en\/?s={search_term_string}"},"query-input":{"@type":"PropertyValueSpecification","valueRequired":true,"valueName":"search_term_string"}}],"inLanguage":"en-US"},{"@type":"Organization","@id":"https:\/\/consejoderectores.cl\/en\/#organization","name":"Council of Rectors of Chilean Universities","url":"https:\/\/consejoderectores.cl\/en\/","logo":{"@type":"ImageObject","inLanguage":"en-US","@id":"https:\/\/consejoderectores.cl\/en\/#\/schema\/logo\/image\/","url":"https:\/\/consejoderectores.cl\/wp-content\/uploads\/2025\/12\/logoheader_2025.png","contentUrl":"https:\/\/consejoderectores.cl\/wp-content\/uploads\/2025\/12\/logoheader_2025.png","width":666,"height":305,"caption":"Consejo de Rectoras y Rectores de las Universidades Chilenas"},"image":{"@id":"https:\/\/consejoderectores.cl\/en\/#\/schema\/logo\/image\/"},"sameAs":["https:\/\/x.com\/CRUCH_cl","https:\/\/www.instagram.com\/consejoderectores\/","https:\/\/www.linkedin.com\/company\/cruch\/","https:\/\/www.youtube.com\/channel\/UCzgIFRCsDlKoFpimiQmEaOA"]},{"@type":"Person","@id":"https:\/\/consejoderectores.cl\/en\/#\/schema\/person\/d863e44afde067fd4b57fac66ced709e","name":"Council of Rectors of Chilean Universities","image":{"@type":"ImageObject","inLanguage":"en-US","@id":"https:\/\/consejoderectores.cl\/en\/#\/schema\/person\/image\/","url":"https:\/\/secure.gravatar.com\/avatar\/c31e2a02401f041926afb8ee21ab666f0925814fe85d25a5c8db80e23722dfc1?s=96&d=mm&r=g","contentUrl":"https:\/\/secure.gravatar.com\/avatar\/c31e2a02401f041926afb8ee21ab666f0925814fe85d25a5c8db80e23722dfc1?s=96&d=mm&r=g","caption":"Consejo de Rectores de las Universidades Chilenas"},"sameAs":["https:\/\/www.consejoderectores.cl"],"url":"https:\/\/consejoderectores.cl\/en\/author\/cruch\/"}]}},"_links":{"self":[{"href":"https:\/\/consejoderectores.cl\/en\/wp-json\/wp\/v2\/posts\/1423","targetHints":{"allow":["GET"]}}],"collection":[{"href":"https:\/\/consejoderectores.cl\/en\/wp-json\/wp\/v2\/posts"}],"about":[{"href":"https:\/\/consejoderectores.cl\/en\/wp-json\/wp\/v2\/types\/post"}],"author":[{"embeddable":true,"href":"https:\/\/consejoderectores.cl\/en\/wp-json\/wp\/v2\/users\/1"}],"replies":[{"embeddable":true,"href":"https:\/\/consejoderectores.cl\/en\/wp-json\/wp\/v2\/comments?post=1423"}],"version-history":[{"count":4,"href":"https:\/\/consejoderectores.cl\/en\/wp-json\/wp\/v2\/posts\/1423\/revisions"}],"predecessor-version":[{"id":5295,"href":"https:\/\/consejoderectores.cl\/en\/wp-json\/wp\/v2\/posts\/1423\/revisions\/5295"}],"wp:featuredmedia":[{"embeddable":true,"href":"https:\/\/consejoderectores.cl\/en\/wp-json\/wp\/v2\/media\/3592"}],"wp:attachment":[{"href":"https:\/\/consejoderectores.cl\/en\/wp-json\/wp\/v2\/media?parent=1423"}],"wp:term":[{"taxonomy":"category","embeddable":true,"href":"https:\/\/consejoderectores.cl\/en\/wp-json\/wp\/v2\/categories?post=1423"},{"taxonomy":"post_tag","embeddable":true,"href":"https:\/\/consejoderectores.cl\/en\/wp-json\/wp\/v2\/tags?post=1423"}],"curies":[{"name":"wp","href":"https:\/\/api.w.org\/{rel}","templated":true}]}}