{"id":1411,"date":"2014-09-25T00:00:00","date_gmt":"2014-09-25T00:00:00","guid":{"rendered":""},"modified":"2022-01-17T20:13:36","modified_gmt":"2022-01-17T20:13:36","slug":"603c6d807ba10","status":"publish","type":"post","link":"https:\/\/consejoderectores.cl\/en\/2014\/09\/25\/603c6d807ba10\/","title":{"rendered":"Universities announce definitive offer of careers and vacancies for the 2015 Admission Process"},"content":{"rendered":"<blockquote><p>There are a total of 77,727 vacancies across the 33 universities in the Unified Admission System. The official document, &quot;List of Programs, Vacancies, and Weightings,&quot; can be downloaded from: www.sua-cruch.cl and www.demre.cl.<\/p><\/blockquote>\n<p>A total of 77,727 vacancies and 1,423 careers will be offered in the 2015 Admission Process by the 25 universities of the Council of Rectors (CRUCH) and the 8 private affiliated universities that make up the Single Admission System (SUA).<\/p>\n<p>The official document \u201cList of Careers, Vacancies and Weightings\u201d of the 2015 Admission Process, which expands on what was published in June, will be available from today in digital format on the website of the Single Admission System of the Council of Rectors and also on that of DEMRE (Department of Evaluation, Measurement and Educational Registration of the University of Chile).<\/p>\n<p>Review the document here <a href=\"https:\/\/demre.cl\/publicaciones\/2015\/oferta-carreras-vacantes\">Final list of courses, vacancies and weightings<\/a>.<\/p>\n<h4>Registered for the PSU<\/h4>\n<p>A total of 277,848 applicants registered to take the University Selection Tests (PSU). 256,182 registered during the regular registration period (June 16 \u2013 August 1), while 21,666 registered during the extraordinary registration period (September 1 \u2013 12).<\/p>\n<p>Of the total number of registered students, 201,981 are from the current year&#039;s promotion and 75,867 are from previous promotions; 52.71% are women and 47.31% are men.<\/p>\n<p>By region, the percentages are as follows: Arica and Parinacota, 1.4%; Tarapac\u00e1, 1.8%; Antofagasta, 3%; Atacama, 1.4%; Coquimbo, 4.2%; Valpara\u00edso, 11.3%; Metropolitan Region of Santiago, 39.7%; Libertador Bernardo O&#039;Higgins, 5%; Maule, 6%; B\u00edo-B\u00edo, 12.3%; La Araucan\u00eda, 5.4%; Los R\u00edos, 2.4%; Los Lagos, 4.4%; Ays\u00e9n, 0.7%; and Magallanes, 1%.<\/p>\n<p>Regarding educational affiliation, 36.51% of those enrolled come from municipal schools, 52.81% from subsidized private schools, 9.81% from private schools, and 0.91% correspond to validation and recognition of studies. Meanwhile, considering the educational branch, 69.81% of those enrolled are from academic-scientific schools and 29.31% from vocational-technical schools.<\/p>\n<p>The figures mentioned regarding gender, region, educational dependency and educational branch, follow the trend of previous years.<\/p>\n<h4>Calendar<\/h4>\n<p>Regarding the schedule, it&#039;s important to remember that the PSU exams will be administered on December 1st and 2nd, and the results will be released on Sunday, December 21st at 8:00 a.m. The application period begins at 9:00 a.m. that same day and will run until Wednesday, December 24th at 1:00 p.m.<\/p>\n<p>The results of the applications will be announced on Sunday, January 4th at 11:00 PM and the registration period will run from Monday, January 5th to Wednesday, January 7th, 2015.<\/p>\n<p>&nbsp;<\/p>","protected":false},"excerpt":{"rendered":"<p>Hay un total de 77.727 vacantes en las 33 universidades del Sistema \u00danico de Admisi\u00f3n. El documento oficial \u201cN\u00f3mina de Carreras, Vacantes y Ponderaciones\u201d se podr\u00e1 descargar desde: www.sua-cruch.cl y www.demre.cl. Un total de 77.727 vacantes y 1.423 carreras ofrecer\u00e1n en el Proceso de Admisi\u00f3n 2015 las 25 universidades del Consejo de Rectores (CRUCH) y [&hellip;]<\/p>\n","protected":false},"author":1,"featured_media":3592,"comment_status":"open","ping_status":"open","sticky":false,"template":"","format":"standard","meta":{"_acf_changed":false,"footnotes":""},"categories":[3],"tags":[],"class_list":["post-1411","post","type-post","status-publish","format-standard","has-post-thumbnail","hentry","category-noticias"],"acf":[],"yoast_head":"<!-- This site is optimized with the Yoast SEO plugin v27.1.1 - https:\/\/yoast.com\/product\/yoast-seo-wordpress\/ -->\n<title>Universidades dan a conocer oferta definitiva de carreras y vacantes para Proceso de Admisi\u00f3n 2015 - Consejo de Rectoras y Rectores de las Universidades Chilenas<\/title>\n<meta name=\"robots\" content=\"index, follow, max-snippet:-1, max-image-preview:large, max-video-preview:-1\" \/>\n<link rel=\"canonical\" href=\"https:\/\/consejoderectores.cl\/en\/2014\/09\/25\/603c6d807ba10\/\" \/>\n<meta property=\"og:locale\" content=\"en_US\" \/>\n<meta property=\"og:type\" content=\"article\" \/>\n<meta property=\"og:title\" content=\"Universidades dan a conocer oferta definitiva de carreras y vacantes para Proceso de Admisi\u00f3n 2015 - Consejo de Rectoras y Rectores de las Universidades Chilenas\" \/>\n<meta property=\"og:description\" content=\"Hay un total de 77.727 vacantes en las 33 universidades del Sistema \u00danico de Admisi\u00f3n. El documento oficial \u201cN\u00f3mina de Carreras, Vacantes y Ponderaciones\u201d se podr\u00e1 descargar desde: www.sua-cruch.cl y www.demre.cl. Un total de 77.727 vacantes y 1.423 carreras ofrecer\u00e1n en el Proceso de Admisi\u00f3n 2015 las 25 universidades del Consejo de Rectores (CRUCH) y [&hellip;]\" \/>\n<meta property=\"og:url\" content=\"https:\/\/consejoderectores.cl\/en\/2014\/09\/25\/603c6d807ba10\/\" \/>\n<meta property=\"og:site_name\" content=\"Consejo de Rectoras y Rectores de las Universidades Chilenas\" \/>\n<meta property=\"article:published_time\" content=\"2014-09-25T00:00:00+00:00\" \/>\n<meta property=\"article:modified_time\" content=\"2022-01-17T20:13:36+00:00\" \/>\n<meta property=\"og:image\" content=\"https:\/\/consejoderectores.cl\/wp-content\/uploads\/2021\/10\/declaraciones-publicas.jpg\" \/>\n\t<meta property=\"og:image:width\" content=\"1024\" \/>\n\t<meta property=\"og:image:height\" content=\"500\" \/>\n\t<meta property=\"og:image:type\" content=\"image\/jpeg\" \/>\n<meta name=\"author\" content=\"Consejo de Rectores de las Universidades Chilenas\" \/>\n<meta name=\"twitter:card\" content=\"summary_large_image\" \/>\n<meta name=\"twitter:creator\" content=\"@CRUCH_cl\" \/>\n<meta name=\"twitter:site\" content=\"@CRUCH_cl\" \/>\n<meta name=\"twitter:label1\" content=\"Written by\" \/>\n\t<meta name=\"twitter:data1\" content=\"Consejo de Rectores de las Universidades Chilenas\" \/>\n\t<meta name=\"twitter:label2\" content=\"Est. reading time\" \/>\n\t<meta name=\"twitter:data2\" content=\"2 minutes\" \/>\n<script type=\"application\/ld+json\" class=\"yoast-schema-graph\">{\"@context\":\"https:\/\/schema.org\",\"@graph\":[{\"@type\":\"Article\",\"@id\":\"https:\/\/consejoderectores.cl\/2014\/09\/25\/603c6d807ba10\/#article\",\"isPartOf\":{\"@id\":\"https:\/\/consejoderectores.cl\/2014\/09\/25\/603c6d807ba10\/\"},\"author\":{\"name\":\"Consejo de Rectores de las Universidades Chilenas\",\"@id\":\"https:\/\/consejoderectores.cl\/en\/#\/schema\/person\/d863e44afde067fd4b57fac66ced709e\"},\"headline\":\"Universidades dan a conocer oferta definitiva de carreras y vacantes para Proceso de Admisi\u00f3n 2015\",\"datePublished\":\"2014-09-25T00:00:00+00:00\",\"dateModified\":\"2022-01-17T20:13:36+00:00\",\"mainEntityOfPage\":{\"@id\":\"https:\/\/consejoderectores.cl\/2014\/09\/25\/603c6d807ba10\/\"},\"wordCount\":458,\"commentCount\":0,\"publisher\":{\"@id\":\"https:\/\/consejoderectores.cl\/en\/#organization\"},\"image\":{\"@id\":\"https:\/\/consejoderectores.cl\/2014\/09\/25\/603c6d807ba10\/#primaryimage\"},\"thumbnailUrl\":\"https:\/\/consejoderectores.cl\/wp-content\/uploads\/2021\/10\/declaraciones-publicas.jpg\",\"articleSection\":[\"Noticias\"],\"inLanguage\":\"en-US\",\"potentialAction\":[{\"@type\":\"CommentAction\",\"name\":\"Comment\",\"target\":[\"https:\/\/consejoderectores.cl\/2014\/09\/25\/603c6d807ba10\/#respond\"]}]},{\"@type\":\"WebPage\",\"@id\":\"https:\/\/consejoderectores.cl\/2014\/09\/25\/603c6d807ba10\/\",\"url\":\"https:\/\/consejoderectores.cl\/2014\/09\/25\/603c6d807ba10\/\",\"name\":\"Universidades dan a conocer oferta definitiva de carreras y vacantes para Proceso de Admisi\u00f3n 2015 - Consejo de Rectoras y Rectores de las Universidades Chilenas\",\"isPartOf\":{\"@id\":\"https:\/\/consejoderectores.cl\/en\/#website\"},\"primaryImageOfPage\":{\"@id\":\"https:\/\/consejoderectores.cl\/2014\/09\/25\/603c6d807ba10\/#primaryimage\"},\"image\":{\"@id\":\"https:\/\/consejoderectores.cl\/2014\/09\/25\/603c6d807ba10\/#primaryimage\"},\"thumbnailUrl\":\"https:\/\/consejoderectores.cl\/wp-content\/uploads\/2021\/10\/declaraciones-publicas.jpg\",\"datePublished\":\"2014-09-25T00:00:00+00:00\",\"dateModified\":\"2022-01-17T20:13:36+00:00\",\"breadcrumb\":{\"@id\":\"https:\/\/consejoderectores.cl\/2014\/09\/25\/603c6d807ba10\/#breadcrumb\"},\"inLanguage\":\"en-US\",\"potentialAction\":[{\"@type\":\"ReadAction\",\"target\":[\"https:\/\/consejoderectores.cl\/2014\/09\/25\/603c6d807ba10\/\"]}]},{\"@type\":\"ImageObject\",\"inLanguage\":\"en-US\",\"@id\":\"https:\/\/consejoderectores.cl\/2014\/09\/25\/603c6d807ba10\/#primaryimage\",\"url\":\"https:\/\/consejoderectores.cl\/wp-content\/uploads\/2021\/10\/declaraciones-publicas.jpg\",\"contentUrl\":\"https:\/\/consejoderectores.cl\/wp-content\/uploads\/2021\/10\/declaraciones-publicas.jpg\",\"width\":1024,\"height\":500},{\"@type\":\"BreadcrumbList\",\"@id\":\"https:\/\/consejoderectores.cl\/2014\/09\/25\/603c6d807ba10\/#breadcrumb\",\"itemListElement\":[{\"@type\":\"ListItem\",\"position\":1,\"name\":\"Home\",\"item\":\"https:\/\/consejoderectores.cl\/\"},{\"@type\":\"ListItem\",\"position\":2,\"name\":\"Universidades dan a conocer oferta definitiva de carreras y vacantes para Proceso de Admisi\u00f3n 2015\"}]},{\"@type\":\"WebSite\",\"@id\":\"https:\/\/consejoderectores.cl\/en\/#website\",\"url\":\"https:\/\/consejoderectores.cl\/en\/\",\"name\":\"Consejo de Rectoras y Rectores de las Universidades Chilenas\",\"description\":\"\",\"publisher\":{\"@id\":\"https:\/\/consejoderectores.cl\/en\/#organization\"},\"potentialAction\":[{\"@type\":\"SearchAction\",\"target\":{\"@type\":\"EntryPoint\",\"urlTemplate\":\"https:\/\/consejoderectores.cl\/en\/?s={search_term_string}\"},\"query-input\":{\"@type\":\"PropertyValueSpecification\",\"valueRequired\":true,\"valueName\":\"search_term_string\"}}],\"inLanguage\":\"en-US\"},{\"@type\":\"Organization\",\"@id\":\"https:\/\/consejoderectores.cl\/en\/#organization\",\"name\":\"Consejo de Rectoras y Rectores de las Universidades Chilenas\",\"url\":\"https:\/\/consejoderectores.cl\/en\/\",\"logo\":{\"@type\":\"ImageObject\",\"inLanguage\":\"en-US\",\"@id\":\"https:\/\/consejoderectores.cl\/en\/#\/schema\/logo\/image\/\",\"url\":\"https:\/\/consejoderectores.cl\/wp-content\/uploads\/2025\/12\/logoheader_2025.png\",\"contentUrl\":\"https:\/\/consejoderectores.cl\/wp-content\/uploads\/2025\/12\/logoheader_2025.png\",\"width\":666,\"height\":305,\"caption\":\"Consejo de Rectoras y Rectores de las Universidades Chilenas\"},\"image\":{\"@id\":\"https:\/\/consejoderectores.cl\/en\/#\/schema\/logo\/image\/\"},\"sameAs\":[\"https:\/\/x.com\/CRUCH_cl\",\"https:\/\/www.instagram.com\/consejoderectores\/\",\"https:\/\/www.linkedin.com\/company\/cruch\/\",\"https:\/\/www.youtube.com\/channel\/UCzgIFRCsDlKoFpimiQmEaOA\"]},{\"@type\":\"Person\",\"@id\":\"https:\/\/consejoderectores.cl\/en\/#\/schema\/person\/d863e44afde067fd4b57fac66ced709e\",\"name\":\"Consejo de Rectores de las Universidades Chilenas\",\"image\":{\"@type\":\"ImageObject\",\"inLanguage\":\"en-US\",\"@id\":\"https:\/\/consejoderectores.cl\/en\/#\/schema\/person\/image\/\",\"url\":\"https:\/\/secure.gravatar.com\/avatar\/c31e2a02401f041926afb8ee21ab666f0925814fe85d25a5c8db80e23722dfc1?s=96&d=mm&r=g\",\"contentUrl\":\"https:\/\/secure.gravatar.com\/avatar\/c31e2a02401f041926afb8ee21ab666f0925814fe85d25a5c8db80e23722dfc1?s=96&d=mm&r=g\",\"caption\":\"Consejo de Rectores de las Universidades Chilenas\"},\"sameAs\":[\"https:\/\/www.consejoderectores.cl\"],\"url\":\"https:\/\/consejoderectores.cl\/en\/author\/cruch\/\"}]}<\/script>\n<!-- \/ Yoast SEO plugin. -->","yoast_head_json":{"title":"Universidades dan a conocer oferta definitiva de carreras y vacantes para Proceso de Admisi\u00f3n 2015 - Consejo de Rectoras y Rectores de las Universidades Chilenas","robots":{"index":"index","follow":"follow","max-snippet":"max-snippet:-1","max-image-preview":"max-image-preview:large","max-video-preview":"max-video-preview:-1"},"canonical":"https:\/\/consejoderectores.cl\/en\/2014\/09\/25\/603c6d807ba10\/","og_locale":"en_US","og_type":"article","og_title":"Universidades dan a conocer oferta definitiva de carreras y vacantes para Proceso de Admisi\u00f3n 2015 - Consejo de Rectoras y Rectores de las Universidades Chilenas","og_description":"Hay un total de 77.727 vacantes en las 33 universidades del Sistema \u00danico de Admisi\u00f3n. El documento oficial \u201cN\u00f3mina de Carreras, Vacantes y Ponderaciones\u201d se podr\u00e1 descargar desde: www.sua-cruch.cl y www.demre.cl. Un total de 77.727 vacantes y 1.423 carreras ofrecer\u00e1n en el Proceso de Admisi\u00f3n 2015 las 25 universidades del Consejo de Rectores (CRUCH) y [&hellip;]","og_url":"https:\/\/consejoderectores.cl\/en\/2014\/09\/25\/603c6d807ba10\/","og_site_name":"Consejo de Rectoras y Rectores de las Universidades Chilenas","article_published_time":"2014-09-25T00:00:00+00:00","article_modified_time":"2022-01-17T20:13:36+00:00","og_image":[{"width":1024,"height":500,"url":"https:\/\/consejoderectores.cl\/wp-content\/uploads\/2021\/10\/declaraciones-publicas.jpg","type":"image\/jpeg"}],"author":"Consejo de Rectores de las Universidades Chilenas","twitter_card":"summary_large_image","twitter_creator":"@CRUCH_cl","twitter_site":"@CRUCH_cl","twitter_misc":{"Written by":"Consejo de Rectores de las Universidades Chilenas","Est. reading time":"2 minutes"},"schema":{"@context":"https:\/\/schema.org","@graph":[{"@type":"Article","@id":"https:\/\/consejoderectores.cl\/2014\/09\/25\/603c6d807ba10\/#article","isPartOf":{"@id":"https:\/\/consejoderectores.cl\/2014\/09\/25\/603c6d807ba10\/"},"author":{"name":"Consejo de Rectores de las Universidades Chilenas","@id":"https:\/\/consejoderectores.cl\/en\/#\/schema\/person\/d863e44afde067fd4b57fac66ced709e"},"headline":"Universidades dan a conocer oferta definitiva de carreras y vacantes para Proceso de Admisi\u00f3n 2015","datePublished":"2014-09-25T00:00:00+00:00","dateModified":"2022-01-17T20:13:36+00:00","mainEntityOfPage":{"@id":"https:\/\/consejoderectores.cl\/2014\/09\/25\/603c6d807ba10\/"},"wordCount":458,"commentCount":0,"publisher":{"@id":"https:\/\/consejoderectores.cl\/en\/#organization"},"image":{"@id":"https:\/\/consejoderectores.cl\/2014\/09\/25\/603c6d807ba10\/#primaryimage"},"thumbnailUrl":"https:\/\/consejoderectores.cl\/wp-content\/uploads\/2021\/10\/declaraciones-publicas.jpg","articleSection":["Noticias"],"inLanguage":"en-US","potentialAction":[{"@type":"CommentAction","name":"Comment","target":["https:\/\/consejoderectores.cl\/2014\/09\/25\/603c6d807ba10\/#respond"]}]},{"@type":"WebPage","@id":"https:\/\/consejoderectores.cl\/2014\/09\/25\/603c6d807ba10\/","url":"https:\/\/consejoderectores.cl\/2014\/09\/25\/603c6d807ba10\/","name":"Universidades dan a conocer oferta definitiva de carreras y vacantes para Proceso de Admisi\u00f3n 2015 - Consejo de Rectoras y Rectores de las Universidades Chilenas","isPartOf":{"@id":"https:\/\/consejoderectores.cl\/en\/#website"},"primaryImageOfPage":{"@id":"https:\/\/consejoderectores.cl\/2014\/09\/25\/603c6d807ba10\/#primaryimage"},"image":{"@id":"https:\/\/consejoderectores.cl\/2014\/09\/25\/603c6d807ba10\/#primaryimage"},"thumbnailUrl":"https:\/\/consejoderectores.cl\/wp-content\/uploads\/2021\/10\/declaraciones-publicas.jpg","datePublished":"2014-09-25T00:00:00+00:00","dateModified":"2022-01-17T20:13:36+00:00","breadcrumb":{"@id":"https:\/\/consejoderectores.cl\/2014\/09\/25\/603c6d807ba10\/#breadcrumb"},"inLanguage":"en-US","potentialAction":[{"@type":"ReadAction","target":["https:\/\/consejoderectores.cl\/2014\/09\/25\/603c6d807ba10\/"]}]},{"@type":"ImageObject","inLanguage":"en-US","@id":"https:\/\/consejoderectores.cl\/2014\/09\/25\/603c6d807ba10\/#primaryimage","url":"https:\/\/consejoderectores.cl\/wp-content\/uploads\/2021\/10\/declaraciones-publicas.jpg","contentUrl":"https:\/\/consejoderectores.cl\/wp-content\/uploads\/2021\/10\/declaraciones-publicas.jpg","width":1024,"height":500},{"@type":"BreadcrumbList","@id":"https:\/\/consejoderectores.cl\/2014\/09\/25\/603c6d807ba10\/#breadcrumb","itemListElement":[{"@type":"ListItem","position":1,"name":"Home","item":"https:\/\/consejoderectores.cl\/"},{"@type":"ListItem","position":2,"name":"Universidades dan a conocer oferta definitiva de carreras y vacantes para Proceso de Admisi\u00f3n 2015"}]},{"@type":"WebSite","@id":"https:\/\/consejoderectores.cl\/en\/#website","url":"https:\/\/consejoderectores.cl\/en\/","name":"Council of Rectors of Chilean Universities","description":"","publisher":{"@id":"https:\/\/consejoderectores.cl\/en\/#organization"},"potentialAction":[{"@type":"SearchAction","target":{"@type":"EntryPoint","urlTemplate":"https:\/\/consejoderectores.cl\/en\/?s={search_term_string}"},"query-input":{"@type":"PropertyValueSpecification","valueRequired":true,"valueName":"search_term_string"}}],"inLanguage":"en-US"},{"@type":"Organization","@id":"https:\/\/consejoderectores.cl\/en\/#organization","name":"Council of Rectors of Chilean Universities","url":"https:\/\/consejoderectores.cl\/en\/","logo":{"@type":"ImageObject","inLanguage":"en-US","@id":"https:\/\/consejoderectores.cl\/en\/#\/schema\/logo\/image\/","url":"https:\/\/consejoderectores.cl\/wp-content\/uploads\/2025\/12\/logoheader_2025.png","contentUrl":"https:\/\/consejoderectores.cl\/wp-content\/uploads\/2025\/12\/logoheader_2025.png","width":666,"height":305,"caption":"Consejo de Rectoras y Rectores de las Universidades Chilenas"},"image":{"@id":"https:\/\/consejoderectores.cl\/en\/#\/schema\/logo\/image\/"},"sameAs":["https:\/\/x.com\/CRUCH_cl","https:\/\/www.instagram.com\/consejoderectores\/","https:\/\/www.linkedin.com\/company\/cruch\/","https:\/\/www.youtube.com\/channel\/UCzgIFRCsDlKoFpimiQmEaOA"]},{"@type":"Person","@id":"https:\/\/consejoderectores.cl\/en\/#\/schema\/person\/d863e44afde067fd4b57fac66ced709e","name":"Council of Rectors of Chilean Universities","image":{"@type":"ImageObject","inLanguage":"en-US","@id":"https:\/\/consejoderectores.cl\/en\/#\/schema\/person\/image\/","url":"https:\/\/secure.gravatar.com\/avatar\/c31e2a02401f041926afb8ee21ab666f0925814fe85d25a5c8db80e23722dfc1?s=96&d=mm&r=g","contentUrl":"https:\/\/secure.gravatar.com\/avatar\/c31e2a02401f041926afb8ee21ab666f0925814fe85d25a5c8db80e23722dfc1?s=96&d=mm&r=g","caption":"Consejo de Rectores de las Universidades Chilenas"},"sameAs":["https:\/\/www.consejoderectores.cl"],"url":"https:\/\/consejoderectores.cl\/en\/author\/cruch\/"}]}},"_links":{"self":[{"href":"https:\/\/consejoderectores.cl\/en\/wp-json\/wp\/v2\/posts\/1411","targetHints":{"allow":["GET"]}}],"collection":[{"href":"https:\/\/consejoderectores.cl\/en\/wp-json\/wp\/v2\/posts"}],"about":[{"href":"https:\/\/consejoderectores.cl\/en\/wp-json\/wp\/v2\/types\/post"}],"author":[{"embeddable":true,"href":"https:\/\/consejoderectores.cl\/en\/wp-json\/wp\/v2\/users\/1"}],"replies":[{"embeddable":true,"href":"https:\/\/consejoderectores.cl\/en\/wp-json\/wp\/v2\/comments?post=1411"}],"version-history":[{"count":2,"href":"https:\/\/consejoderectores.cl\/en\/wp-json\/wp\/v2\/posts\/1411\/revisions"}],"predecessor-version":[{"id":5329,"href":"https:\/\/consejoderectores.cl\/en\/wp-json\/wp\/v2\/posts\/1411\/revisions\/5329"}],"wp:featuredmedia":[{"embeddable":true,"href":"https:\/\/consejoderectores.cl\/en\/wp-json\/wp\/v2\/media\/3592"}],"wp:attachment":[{"href":"https:\/\/consejoderectores.cl\/en\/wp-json\/wp\/v2\/media?parent=1411"}],"wp:term":[{"taxonomy":"category","embeddable":true,"href":"https:\/\/consejoderectores.cl\/en\/wp-json\/wp\/v2\/categories?post=1411"},{"taxonomy":"post_tag","embeddable":true,"href":"https:\/\/consejoderectores.cl\/en\/wp-json\/wp\/v2\/tags?post=1411"}],"curies":[{"name":"wp","href":"https:\/\/api.w.org\/{rel}","templated":true}]}}