{"id":14070,"date":"2026-01-21T15:44:31","date_gmt":"2026-01-21T15:44:31","guid":{"rendered":"https:\/\/consejoderectores.cl\/?p=14070"},"modified":"2026-01-21T16:36:52","modified_gmt":"2026-01-21T16:36:52","slug":"comite-ejecutivo-cruch-evalua-version-final-de-proyecto-de-ley-fes-y-reconoce-avances-sustantivos","status":"publish","type":"post","link":"https:\/\/consejoderectores.cl\/en\/2026\/01\/21\/comite-ejecutivo-cruch-evalua-version-final-de-proyecto-de-ley-fes-y-reconoce-avances-sustantivos\/","title":{"rendered":"CRUCH Executive Committee evaluates final version of FES bill and acknowledges substantial progress"},"content":{"rendered":"<blockquote><p>The Executive Committee appreciated that the final version of the project largely incorporates the technical proposals formulated by the Council of Rectors of Chilean Universities during the legislative process.<\/p>\n<p>The analysis identifies relevant advances in university autonomy and in key definitions to strengthen the viability and sustainability of the new financing instrument.<\/p><\/blockquote>\n<p>He <a href=\"https:\/\/consejoderectores.cl\/en\/el-consejo\/comite-ejecutivo\/\">Executive committee<\/a> The Council of Rectors of Chilean Universities (CRUCH) appreciated that the final version of the bill that creates a new public financing instrument for higher education (FES) largely incorporates the technical proposals and approaches formulated by the Council during the legislative process.<\/p>\n<p>Following a detailed review of the final version of the project, the Executive Committee delivered to the Undersecretariat of Higher Education the document \u201cAnalysis and observations on the final version of the bill that establishes a new public financing instrument for higher education (FES)\u201d, which identifies technical and institutional advances that contribute to strengthening the sustainability of the instrument and safeguarding structural principles of the higher education system.<\/p>\n<p>The document prepared by the CRUCH Executive Committee raises considerations in four main areas: university autonomy; state funding conditions; comprehensive, stable and timely funding; and cross-cutting aspects.<\/p>\n<p>Among the aspects valued, the explicit incorporation of the principle of university autonomy in the first article of the bill stands out. Also valued is the establishment of a tiered co-payment system for deciles 7 through 9, based on the percentages stipulated in Law No. 21,091, as well as the authorization to charge up to the actual tuition fee in the ninth decile for institutions with accreditation of excellence. Other noteworthy aspects include the establishment of regulations for tuition fee regulation, subject to prior review by the Expert Commission for Tuition Fee Regulation (CERA); the synchronization of FES transfers with the deadlines for institutional funding of tuition-free education; the continuation of strategic scholarships; and the creation of a triennial report evaluating the impact of the new instrument.<\/p>\n<p>On the other hand, partial progress is acknowledged in matters such as the definition of quotas, the limit on future contributions, debt collection mechanisms and the strengthening of basic financing for CRUCH universities.<\/p>\n<p>Finally, the document raises the possibility of also eliminating the restriction on charging the ninth decile for institutions with advanced accreditation.<\/p>\n<p>It is worth remembering that, in its capacity as an advisory body on matters of public policy for higher education, the CRUCH has made a systematic contribution to the legislative debate, through the preparation of technical analyses and the formulation of proposals aimed at strengthening the design and viability of the instrument.<\/p>\n<p>Read the full document <a href=\"https:\/\/consejoderectores.cl\/wp-content\/uploads\/2026\/01\/Documento-FES_Enero-2026.pdf\">here<\/a>.<\/p>\n<p><strong>Text:<\/strong> CRUCH Communications.<\/p>\n<p><strong>Photo:<\/strong> Aldo Triacchini B. CC BY-NC-ND 2.0 License. https:\/\/flic.kr\/p\/PaaRGt<\/p>","protected":false},"excerpt":{"rendered":"<p>El Comit\u00e9 Ejecutivo valor\u00f3 que la versi\u00f3n final del proyecto incorpore, en gran medida, las propuestas t\u00e9cnicas formuladas por el Consejo de Rectoras y Rectores de las Universidades Chilenas durante la tramitaci\u00f3n legislativa. El an\u00e1lisis identifica avances relevantes en autonom\u00eda universitaria y en definiciones clave para fortalecer la viabilidad y sostenibilidad del nuevo instrumento de [&hellip;]<\/p>\n","protected":false},"author":1,"featured_media":14071,"comment_status":"open","ping_status":"open","sticky":false,"template":"","format":"standard","meta":{"_acf_changed":false,"footnotes":""},"categories":[3,13],"tags":[],"class_list":["post-14070","post","type-post","status-publish","format-standard","has-post-thumbnail","hentry","category-noticias","category-noticias-carrusel"],"acf":[],"yoast_head":"<!-- This site is optimized with the Yoast SEO plugin v27.1.1 - https:\/\/yoast.com\/product\/yoast-seo-wordpress\/ -->\n<title>Comit\u00e9 Ejecutivo CRUCH eval\u00faa versi\u00f3n final de proyecto de ley FES y reconoce avances sustantivos - Consejo de Rectoras y Rectores de las Universidades Chilenas<\/title>\n<meta name=\"robots\" content=\"index, follow, max-snippet:-1, max-image-preview:large, max-video-preview:-1\" \/>\n<link rel=\"canonical\" href=\"https:\/\/consejoderectores.cl\/en\/2026\/01\/21\/comite-ejecutivo-cruch-evalua-version-final-de-proyecto-de-ley-fes-y-reconoce-avances-sustantivos\/\" \/>\n<meta property=\"og:locale\" content=\"en_US\" \/>\n<meta property=\"og:type\" content=\"article\" \/>\n<meta property=\"og:title\" content=\"Comit\u00e9 Ejecutivo CRUCH eval\u00faa versi\u00f3n final de proyecto de ley FES y reconoce avances sustantivos - Consejo de Rectoras y Rectores de las Universidades Chilenas\" \/>\n<meta property=\"og:description\" content=\"El Comit\u00e9 Ejecutivo valor\u00f3 que la versi\u00f3n final del proyecto incorpore, en gran medida, las propuestas t\u00e9cnicas formuladas por el Consejo de Rectoras y Rectores de las Universidades Chilenas durante la tramitaci\u00f3n legislativa. El an\u00e1lisis identifica avances relevantes en autonom\u00eda universitaria y en definiciones clave para fortalecer la viabilidad y sostenibilidad del nuevo instrumento de [&hellip;]\" \/>\n<meta property=\"og:url\" content=\"https:\/\/consejoderectores.cl\/en\/2026\/01\/21\/comite-ejecutivo-cruch-evalua-version-final-de-proyecto-de-ley-fes-y-reconoce-avances-sustantivos\/\" \/>\n<meta property=\"og:site_name\" content=\"Consejo de Rectoras y Rectores de las Universidades Chilenas\" \/>\n<meta property=\"article:published_time\" content=\"2026-01-21T15:44:31+00:00\" \/>\n<meta property=\"article:modified_time\" content=\"2026-01-21T16:36:52+00:00\" \/>\n<meta property=\"og:image\" content=\"https:\/\/consejoderectores.cl\/wp-content\/uploads\/2026\/01\/30952539751_0bb786bfa9_k.jpg\" \/>\n\t<meta property=\"og:image:width\" content=\"2048\" \/>\n\t<meta property=\"og:image:height\" content=\"1365\" \/>\n\t<meta property=\"og:image:type\" content=\"image\/jpeg\" \/>\n<meta name=\"author\" content=\"Consejo de Rectores de las Universidades Chilenas\" \/>\n<meta name=\"twitter:card\" content=\"summary_large_image\" \/>\n<meta name=\"twitter:creator\" content=\"@CRUCH_cl\" \/>\n<meta name=\"twitter:site\" content=\"@CRUCH_cl\" \/>\n<meta name=\"twitter:label1\" content=\"Written by\" \/>\n\t<meta name=\"twitter:data1\" content=\"Consejo de Rectores de las Universidades Chilenas\" \/>\n\t<meta name=\"twitter:label2\" content=\"Est. reading time\" \/>\n\t<meta name=\"twitter:data2\" content=\"3 minutes\" \/>\n<script type=\"application\/ld+json\" class=\"yoast-schema-graph\">{\"@context\":\"https:\/\/schema.org\",\"@graph\":[{\"@type\":\"Article\",\"@id\":\"https:\/\/consejoderectores.cl\/2026\/01\/21\/comite-ejecutivo-cruch-evalua-version-final-de-proyecto-de-ley-fes-y-reconoce-avances-sustantivos\/#article\",\"isPartOf\":{\"@id\":\"https:\/\/consejoderectores.cl\/2026\/01\/21\/comite-ejecutivo-cruch-evalua-version-final-de-proyecto-de-ley-fes-y-reconoce-avances-sustantivos\/\"},\"author\":{\"name\":\"Consejo de Rectores de las Universidades Chilenas\",\"@id\":\"https:\/\/consejoderectores.cl\/en\/#\/schema\/person\/d863e44afde067fd4b57fac66ced709e\"},\"headline\":\"Comit\u00e9 Ejecutivo CRUCH eval\u00faa versi\u00f3n final de proyecto de ley FES y reconoce avances sustantivos\",\"datePublished\":\"2026-01-21T15:44:31+00:00\",\"dateModified\":\"2026-01-21T16:36:52+00:00\",\"mainEntityOfPage\":{\"@id\":\"https:\/\/consejoderectores.cl\/2026\/01\/21\/comite-ejecutivo-cruch-evalua-version-final-de-proyecto-de-ley-fes-y-reconoce-avances-sustantivos\/\"},\"wordCount\":532,\"commentCount\":0,\"publisher\":{\"@id\":\"https:\/\/consejoderectores.cl\/en\/#organization\"},\"image\":{\"@id\":\"https:\/\/consejoderectores.cl\/2026\/01\/21\/comite-ejecutivo-cruch-evalua-version-final-de-proyecto-de-ley-fes-y-reconoce-avances-sustantivos\/#primaryimage\"},\"thumbnailUrl\":\"https:\/\/consejoderectores.cl\/wp-content\/uploads\/2026\/01\/30952539751_0bb786bfa9_k.jpg\",\"articleSection\":[\"Noticias\",\"Noticias Carrusel\"],\"inLanguage\":\"en-US\",\"potentialAction\":[{\"@type\":\"CommentAction\",\"name\":\"Comment\",\"target\":[\"https:\/\/consejoderectores.cl\/2026\/01\/21\/comite-ejecutivo-cruch-evalua-version-final-de-proyecto-de-ley-fes-y-reconoce-avances-sustantivos\/#respond\"]}]},{\"@type\":\"WebPage\",\"@id\":\"https:\/\/consejoderectores.cl\/2026\/01\/21\/comite-ejecutivo-cruch-evalua-version-final-de-proyecto-de-ley-fes-y-reconoce-avances-sustantivos\/\",\"url\":\"https:\/\/consejoderectores.cl\/2026\/01\/21\/comite-ejecutivo-cruch-evalua-version-final-de-proyecto-de-ley-fes-y-reconoce-avances-sustantivos\/\",\"name\":\"Comit\u00e9 Ejecutivo CRUCH eval\u00faa versi\u00f3n final de proyecto de ley FES y reconoce avances sustantivos - Consejo de Rectoras y Rectores de las Universidades Chilenas\",\"isPartOf\":{\"@id\":\"https:\/\/consejoderectores.cl\/en\/#website\"},\"primaryImageOfPage\":{\"@id\":\"https:\/\/consejoderectores.cl\/2026\/01\/21\/comite-ejecutivo-cruch-evalua-version-final-de-proyecto-de-ley-fes-y-reconoce-avances-sustantivos\/#primaryimage\"},\"image\":{\"@id\":\"https:\/\/consejoderectores.cl\/2026\/01\/21\/comite-ejecutivo-cruch-evalua-version-final-de-proyecto-de-ley-fes-y-reconoce-avances-sustantivos\/#primaryimage\"},\"thumbnailUrl\":\"https:\/\/consejoderectores.cl\/wp-content\/uploads\/2026\/01\/30952539751_0bb786bfa9_k.jpg\",\"datePublished\":\"2026-01-21T15:44:31+00:00\",\"dateModified\":\"2026-01-21T16:36:52+00:00\",\"breadcrumb\":{\"@id\":\"https:\/\/consejoderectores.cl\/2026\/01\/21\/comite-ejecutivo-cruch-evalua-version-final-de-proyecto-de-ley-fes-y-reconoce-avances-sustantivos\/#breadcrumb\"},\"inLanguage\":\"en-US\",\"potentialAction\":[{\"@type\":\"ReadAction\",\"target\":[\"https:\/\/consejoderectores.cl\/2026\/01\/21\/comite-ejecutivo-cruch-evalua-version-final-de-proyecto-de-ley-fes-y-reconoce-avances-sustantivos\/\"]}]},{\"@type\":\"ImageObject\",\"inLanguage\":\"en-US\",\"@id\":\"https:\/\/consejoderectores.cl\/2026\/01\/21\/comite-ejecutivo-cruch-evalua-version-final-de-proyecto-de-ley-fes-y-reconoce-avances-sustantivos\/#primaryimage\",\"url\":\"https:\/\/consejoderectores.cl\/wp-content\/uploads\/2026\/01\/30952539751_0bb786bfa9_k.jpg\",\"contentUrl\":\"https:\/\/consejoderectores.cl\/wp-content\/uploads\/2026\/01\/30952539751_0bb786bfa9_k.jpg\",\"width\":2048,\"height\":1365},{\"@type\":\"BreadcrumbList\",\"@id\":\"https:\/\/consejoderectores.cl\/2026\/01\/21\/comite-ejecutivo-cruch-evalua-version-final-de-proyecto-de-ley-fes-y-reconoce-avances-sustantivos\/#breadcrumb\",\"itemListElement\":[{\"@type\":\"ListItem\",\"position\":1,\"name\":\"Home\",\"item\":\"https:\/\/consejoderectores.cl\/\"},{\"@type\":\"ListItem\",\"position\":2,\"name\":\"Comit\u00e9 Ejecutivo CRUCH eval\u00faa versi\u00f3n final de proyecto de ley FES y reconoce avances sustantivos\"}]},{\"@type\":\"WebSite\",\"@id\":\"https:\/\/consejoderectores.cl\/en\/#website\",\"url\":\"https:\/\/consejoderectores.cl\/en\/\",\"name\":\"Consejo de Rectoras y Rectores de las Universidades Chilenas\",\"description\":\"\",\"publisher\":{\"@id\":\"https:\/\/consejoderectores.cl\/en\/#organization\"},\"potentialAction\":[{\"@type\":\"SearchAction\",\"target\":{\"@type\":\"EntryPoint\",\"urlTemplate\":\"https:\/\/consejoderectores.cl\/en\/?s={search_term_string}\"},\"query-input\":{\"@type\":\"PropertyValueSpecification\",\"valueRequired\":true,\"valueName\":\"search_term_string\"}}],\"inLanguage\":\"en-US\"},{\"@type\":\"Organization\",\"@id\":\"https:\/\/consejoderectores.cl\/en\/#organization\",\"name\":\"Consejo de Rectoras y Rectores de las Universidades Chilenas\",\"url\":\"https:\/\/consejoderectores.cl\/en\/\",\"logo\":{\"@type\":\"ImageObject\",\"inLanguage\":\"en-US\",\"@id\":\"https:\/\/consejoderectores.cl\/en\/#\/schema\/logo\/image\/\",\"url\":\"https:\/\/consejoderectores.cl\/wp-content\/uploads\/2025\/12\/logoheader_2025.png\",\"contentUrl\":\"https:\/\/consejoderectores.cl\/wp-content\/uploads\/2025\/12\/logoheader_2025.png\",\"width\":666,\"height\":305,\"caption\":\"Consejo de Rectoras y Rectores de las Universidades Chilenas\"},\"image\":{\"@id\":\"https:\/\/consejoderectores.cl\/en\/#\/schema\/logo\/image\/\"},\"sameAs\":[\"https:\/\/x.com\/CRUCH_cl\",\"https:\/\/www.instagram.com\/consejoderectores\/\",\"https:\/\/www.linkedin.com\/company\/cruch\/\",\"https:\/\/www.youtube.com\/channel\/UCzgIFRCsDlKoFpimiQmEaOA\"]},{\"@type\":\"Person\",\"@id\":\"https:\/\/consejoderectores.cl\/en\/#\/schema\/person\/d863e44afde067fd4b57fac66ced709e\",\"name\":\"Consejo de Rectores de las Universidades Chilenas\",\"image\":{\"@type\":\"ImageObject\",\"inLanguage\":\"en-US\",\"@id\":\"https:\/\/consejoderectores.cl\/en\/#\/schema\/person\/image\/\",\"url\":\"https:\/\/secure.gravatar.com\/avatar\/c31e2a02401f041926afb8ee21ab666f0925814fe85d25a5c8db80e23722dfc1?s=96&d=mm&r=g\",\"contentUrl\":\"https:\/\/secure.gravatar.com\/avatar\/c31e2a02401f041926afb8ee21ab666f0925814fe85d25a5c8db80e23722dfc1?s=96&d=mm&r=g\",\"caption\":\"Consejo de Rectores de las Universidades Chilenas\"},\"sameAs\":[\"https:\/\/www.consejoderectores.cl\"],\"url\":\"https:\/\/consejoderectores.cl\/en\/author\/cruch\/\"}]}<\/script>\n<!-- \/ Yoast SEO plugin. -->","yoast_head_json":{"title":"CRUCH Executive Committee evaluates final version of FES bill and acknowledges substantial progress - Council of Rectors of Chilean Universities","robots":{"index":"index","follow":"follow","max-snippet":"max-snippet:-1","max-image-preview":"max-image-preview:large","max-video-preview":"max-video-preview:-1"},"canonical":"https:\/\/consejoderectores.cl\/en\/2026\/01\/21\/comite-ejecutivo-cruch-evalua-version-final-de-proyecto-de-ley-fes-y-reconoce-avances-sustantivos\/","og_locale":"en_US","og_type":"article","og_title":"Comit\u00e9 Ejecutivo CRUCH eval\u00faa versi\u00f3n final de proyecto de ley FES y reconoce avances sustantivos - Consejo de Rectoras y Rectores de las Universidades Chilenas","og_description":"El Comit\u00e9 Ejecutivo valor\u00f3 que la versi\u00f3n final del proyecto incorpore, en gran medida, las propuestas t\u00e9cnicas formuladas por el Consejo de Rectoras y Rectores de las Universidades Chilenas durante la tramitaci\u00f3n legislativa. El an\u00e1lisis identifica avances relevantes en autonom\u00eda universitaria y en definiciones clave para fortalecer la viabilidad y sostenibilidad del nuevo instrumento de [&hellip;]","og_url":"https:\/\/consejoderectores.cl\/en\/2026\/01\/21\/comite-ejecutivo-cruch-evalua-version-final-de-proyecto-de-ley-fes-y-reconoce-avances-sustantivos\/","og_site_name":"Consejo de Rectoras y Rectores de las Universidades Chilenas","article_published_time":"2026-01-21T15:44:31+00:00","article_modified_time":"2026-01-21T16:36:52+00:00","og_image":[{"width":2048,"height":1365,"url":"https:\/\/consejoderectores.cl\/wp-content\/uploads\/2026\/01\/30952539751_0bb786bfa9_k.jpg","type":"image\/jpeg"}],"author":"Consejo de Rectores de las Universidades Chilenas","twitter_card":"summary_large_image","twitter_creator":"@CRUCH_cl","twitter_site":"@CRUCH_cl","twitter_misc":{"Written by":"Consejo de Rectores de las Universidades Chilenas","Est. reading time":"3 minutes"},"schema":{"@context":"https:\/\/schema.org","@graph":[{"@type":"Article","@id":"https:\/\/consejoderectores.cl\/2026\/01\/21\/comite-ejecutivo-cruch-evalua-version-final-de-proyecto-de-ley-fes-y-reconoce-avances-sustantivos\/#article","isPartOf":{"@id":"https:\/\/consejoderectores.cl\/2026\/01\/21\/comite-ejecutivo-cruch-evalua-version-final-de-proyecto-de-ley-fes-y-reconoce-avances-sustantivos\/"},"author":{"name":"Consejo de Rectores de las Universidades Chilenas","@id":"https:\/\/consejoderectores.cl\/en\/#\/schema\/person\/d863e44afde067fd4b57fac66ced709e"},"headline":"Comit\u00e9 Ejecutivo CRUCH eval\u00faa versi\u00f3n final de proyecto de ley FES y reconoce avances sustantivos","datePublished":"2026-01-21T15:44:31+00:00","dateModified":"2026-01-21T16:36:52+00:00","mainEntityOfPage":{"@id":"https:\/\/consejoderectores.cl\/2026\/01\/21\/comite-ejecutivo-cruch-evalua-version-final-de-proyecto-de-ley-fes-y-reconoce-avances-sustantivos\/"},"wordCount":532,"commentCount":0,"publisher":{"@id":"https:\/\/consejoderectores.cl\/en\/#organization"},"image":{"@id":"https:\/\/consejoderectores.cl\/2026\/01\/21\/comite-ejecutivo-cruch-evalua-version-final-de-proyecto-de-ley-fes-y-reconoce-avances-sustantivos\/#primaryimage"},"thumbnailUrl":"https:\/\/consejoderectores.cl\/wp-content\/uploads\/2026\/01\/30952539751_0bb786bfa9_k.jpg","articleSection":["Noticias","Noticias Carrusel"],"inLanguage":"en-US","potentialAction":[{"@type":"CommentAction","name":"Comment","target":["https:\/\/consejoderectores.cl\/2026\/01\/21\/comite-ejecutivo-cruch-evalua-version-final-de-proyecto-de-ley-fes-y-reconoce-avances-sustantivos\/#respond"]}]},{"@type":"WebPage","@id":"https:\/\/consejoderectores.cl\/2026\/01\/21\/comite-ejecutivo-cruch-evalua-version-final-de-proyecto-de-ley-fes-y-reconoce-avances-sustantivos\/","url":"https:\/\/consejoderectores.cl\/2026\/01\/21\/comite-ejecutivo-cruch-evalua-version-final-de-proyecto-de-ley-fes-y-reconoce-avances-sustantivos\/","name":"CRUCH Executive Committee evaluates final version of FES bill and acknowledges substantial progress - Council of Rectors of Chilean Universities","isPartOf":{"@id":"https:\/\/consejoderectores.cl\/en\/#website"},"primaryImageOfPage":{"@id":"https:\/\/consejoderectores.cl\/2026\/01\/21\/comite-ejecutivo-cruch-evalua-version-final-de-proyecto-de-ley-fes-y-reconoce-avances-sustantivos\/#primaryimage"},"image":{"@id":"https:\/\/consejoderectores.cl\/2026\/01\/21\/comite-ejecutivo-cruch-evalua-version-final-de-proyecto-de-ley-fes-y-reconoce-avances-sustantivos\/#primaryimage"},"thumbnailUrl":"https:\/\/consejoderectores.cl\/wp-content\/uploads\/2026\/01\/30952539751_0bb786bfa9_k.jpg","datePublished":"2026-01-21T15:44:31+00:00","dateModified":"2026-01-21T16:36:52+00:00","breadcrumb":{"@id":"https:\/\/consejoderectores.cl\/2026\/01\/21\/comite-ejecutivo-cruch-evalua-version-final-de-proyecto-de-ley-fes-y-reconoce-avances-sustantivos\/#breadcrumb"},"inLanguage":"en-US","potentialAction":[{"@type":"ReadAction","target":["https:\/\/consejoderectores.cl\/2026\/01\/21\/comite-ejecutivo-cruch-evalua-version-final-de-proyecto-de-ley-fes-y-reconoce-avances-sustantivos\/"]}]},{"@type":"ImageObject","inLanguage":"en-US","@id":"https:\/\/consejoderectores.cl\/2026\/01\/21\/comite-ejecutivo-cruch-evalua-version-final-de-proyecto-de-ley-fes-y-reconoce-avances-sustantivos\/#primaryimage","url":"https:\/\/consejoderectores.cl\/wp-content\/uploads\/2026\/01\/30952539751_0bb786bfa9_k.jpg","contentUrl":"https:\/\/consejoderectores.cl\/wp-content\/uploads\/2026\/01\/30952539751_0bb786bfa9_k.jpg","width":2048,"height":1365},{"@type":"BreadcrumbList","@id":"https:\/\/consejoderectores.cl\/2026\/01\/21\/comite-ejecutivo-cruch-evalua-version-final-de-proyecto-de-ley-fes-y-reconoce-avances-sustantivos\/#breadcrumb","itemListElement":[{"@type":"ListItem","position":1,"name":"Home","item":"https:\/\/consejoderectores.cl\/"},{"@type":"ListItem","position":2,"name":"Comit\u00e9 Ejecutivo CRUCH eval\u00faa versi\u00f3n final de proyecto de ley FES y reconoce avances sustantivos"}]},{"@type":"WebSite","@id":"https:\/\/consejoderectores.cl\/en\/#website","url":"https:\/\/consejoderectores.cl\/en\/","name":"Council of Rectors of Chilean Universities","description":"","publisher":{"@id":"https:\/\/consejoderectores.cl\/en\/#organization"},"potentialAction":[{"@type":"SearchAction","target":{"@type":"EntryPoint","urlTemplate":"https:\/\/consejoderectores.cl\/en\/?s={search_term_string}"},"query-input":{"@type":"PropertyValueSpecification","valueRequired":true,"valueName":"search_term_string"}}],"inLanguage":"en-US"},{"@type":"Organization","@id":"https:\/\/consejoderectores.cl\/en\/#organization","name":"Council of Rectors of Chilean Universities","url":"https:\/\/consejoderectores.cl\/en\/","logo":{"@type":"ImageObject","inLanguage":"en-US","@id":"https:\/\/consejoderectores.cl\/en\/#\/schema\/logo\/image\/","url":"https:\/\/consejoderectores.cl\/wp-content\/uploads\/2025\/12\/logoheader_2025.png","contentUrl":"https:\/\/consejoderectores.cl\/wp-content\/uploads\/2025\/12\/logoheader_2025.png","width":666,"height":305,"caption":"Consejo de Rectoras y Rectores de las Universidades Chilenas"},"image":{"@id":"https:\/\/consejoderectores.cl\/en\/#\/schema\/logo\/image\/"},"sameAs":["https:\/\/x.com\/CRUCH_cl","https:\/\/www.instagram.com\/consejoderectores\/","https:\/\/www.linkedin.com\/company\/cruch\/","https:\/\/www.youtube.com\/channel\/UCzgIFRCsDlKoFpimiQmEaOA"]},{"@type":"Person","@id":"https:\/\/consejoderectores.cl\/en\/#\/schema\/person\/d863e44afde067fd4b57fac66ced709e","name":"Council of Rectors of Chilean Universities","image":{"@type":"ImageObject","inLanguage":"en-US","@id":"https:\/\/consejoderectores.cl\/en\/#\/schema\/person\/image\/","url":"https:\/\/secure.gravatar.com\/avatar\/c31e2a02401f041926afb8ee21ab666f0925814fe85d25a5c8db80e23722dfc1?s=96&d=mm&r=g","contentUrl":"https:\/\/secure.gravatar.com\/avatar\/c31e2a02401f041926afb8ee21ab666f0925814fe85d25a5c8db80e23722dfc1?s=96&d=mm&r=g","caption":"Consejo de Rectores de las Universidades Chilenas"},"sameAs":["https:\/\/www.consejoderectores.cl"],"url":"https:\/\/consejoderectores.cl\/en\/author\/cruch\/"}]}},"_links":{"self":[{"href":"https:\/\/consejoderectores.cl\/en\/wp-json\/wp\/v2\/posts\/14070","targetHints":{"allow":["GET"]}}],"collection":[{"href":"https:\/\/consejoderectores.cl\/en\/wp-json\/wp\/v2\/posts"}],"about":[{"href":"https:\/\/consejoderectores.cl\/en\/wp-json\/wp\/v2\/types\/post"}],"author":[{"embeddable":true,"href":"https:\/\/consejoderectores.cl\/en\/wp-json\/wp\/v2\/users\/1"}],"replies":[{"embeddable":true,"href":"https:\/\/consejoderectores.cl\/en\/wp-json\/wp\/v2\/comments?post=14070"}],"version-history":[{"count":5,"href":"https:\/\/consejoderectores.cl\/en\/wp-json\/wp\/v2\/posts\/14070\/revisions"}],"predecessor-version":[{"id":14077,"href":"https:\/\/consejoderectores.cl\/en\/wp-json\/wp\/v2\/posts\/14070\/revisions\/14077"}],"wp:featuredmedia":[{"embeddable":true,"href":"https:\/\/consejoderectores.cl\/en\/wp-json\/wp\/v2\/media\/14071"}],"wp:attachment":[{"href":"https:\/\/consejoderectores.cl\/en\/wp-json\/wp\/v2\/media?parent=14070"}],"wp:term":[{"taxonomy":"category","embeddable":true,"href":"https:\/\/consejoderectores.cl\/en\/wp-json\/wp\/v2\/categories?post=14070"},{"taxonomy":"post_tag","embeddable":true,"href":"https:\/\/consejoderectores.cl\/en\/wp-json\/wp\/v2\/tags?post=14070"}],"curies":[{"name":"wp","href":"https:\/\/api.w.org\/{rel}","templated":true}]}}