{"id":1395,"date":"2014-08-28T00:00:00","date_gmt":"2014-08-28T00:00:00","guid":{"rendered":""},"modified":"2022-01-17T22:35:45","modified_gmt":"2022-01-17T22:35:45","slug":"603c6d807ae54","status":"publish","type":"post","link":"https:\/\/consejoderectores.cl\/en\/2014\/08\/28\/603c6d807ae54\/","title":{"rendered":"The Council of Rectors confirms that there will be no changes to the Grade Ranking this year."},"content":{"rendered":"<blockquote><p>Starting next year, the Grade Ranking will be calculated based on each of the schools where a student completed their secondary education. The CRUCH (Council of Rectors of Chilean Universities) will ask the Ministry of Education to analyze the situation of students in schools receiving incoming students who could see their academic scholarships threatened.<\/p><\/blockquote>\n<p>The Council of Rectors of Chilean Universities (CRUCH) reaffirmed its announcement this week that the formula for calculating the Grade Ranking will not be modified for this admissions process. However, there will be changes for the next process (2016), which will consist of calculating the Ranking Score considering all the schools a student attended during their secondary education.<\/p>\n<p>This will prevent fourth-year high school students from seeking to graduate from a school with a lower average grade in order to gain an advantage in their Ranking score.<\/p>\n<p>The executive vice president of the Council of Rectors, Juan Manuel Zolezzi, stated that \u201cthere will be no changes to what is stipulated for 2014. However, for next year, the team studying the ranking system must establish adjustments to the calculation formula.\u00bb With this measure, he clarified, \u201cit will no longer make sense to change schools in the final year.\u201d.<\/p>\n<p>The executive vice president also indicated that the Ministry of Education will be asked to analyze the situation of students in vulnerable schools who are receiving students from prestigious schools and who could see their scholarships or other benefits for good performance threatened.<\/p>\n<h4>Grade Ranking Adjustments<\/h4>\n<p>Since its implementation, the Grade Ranking has aimed to diversify the selection instruments - which include University Selection Tests and High School Grades - and to recognize the academic performance of students, regardless of the type of school and the student&#039;s socioeconomic status.<\/p>\n<p>The adjustments to improve the formula, as well as proposals for the development and implementation of the Pure Ranking, are being handled by a committee of technical advisors convened by the Unified Admission System (SUA) of the Council of Rectors. This committee has been working for a year and is convened according to the specific issue at hand. It is currently composed of professionals from the Ministry of Education, universities belonging to the Council of Rectors of Chilean Universities (CRUCH), and research centers.<\/p>","protected":false},"excerpt":{"rendered":"<p>A partir del pr\u00f3ximo a\u00f1o, el Ranking de Notas se calcular\u00e1 en base a cada uno de los establecimientos en los que un estudiante desarroll\u00f3 su ense\u00f1anza media. El CRUCH pedir\u00e1 al Ministerio de Educaci\u00f3n que analice la situaci\u00f3n de los estudiantes de colegios que est\u00e1n recibiendo a los alumnos y que podr\u00edan ver amenazada [&hellip;]<\/p>\n","protected":false},"author":1,"featured_media":5348,"comment_status":"open","ping_status":"open","sticky":false,"template":"","format":"standard","meta":{"_acf_changed":false,"footnotes":""},"categories":[3],"tags":[],"class_list":["post-1395","post","type-post","status-publish","format-standard","has-post-thumbnail","hentry","category-noticias"],"acf":[],"yoast_head":"<!-- This site is optimized with the Yoast SEO plugin v27.1.1 - https:\/\/yoast.com\/product\/yoast-seo-wordpress\/ -->\n<title>Consejo de Rectores ratifica que este a\u00f1o no habr\u00e1 cambios al Ranking de Notas - Consejo de Rectoras y Rectores de las Universidades Chilenas<\/title>\n<meta name=\"robots\" content=\"index, follow, max-snippet:-1, max-image-preview:large, max-video-preview:-1\" \/>\n<link rel=\"canonical\" href=\"https:\/\/consejoderectores.cl\/en\/2014\/08\/28\/603c6d807ae54\/\" \/>\n<meta property=\"og:locale\" content=\"en_US\" \/>\n<meta property=\"og:type\" content=\"article\" \/>\n<meta property=\"og:title\" content=\"Consejo de Rectores ratifica que este a\u00f1o no habr\u00e1 cambios al Ranking de Notas - Consejo de Rectoras y Rectores de las Universidades Chilenas\" \/>\n<meta property=\"og:description\" content=\"A partir del pr\u00f3ximo a\u00f1o, el Ranking de Notas se calcular\u00e1 en base a cada uno de los establecimientos en los que un estudiante desarroll\u00f3 su ense\u00f1anza media. El CRUCH pedir\u00e1 al Ministerio de Educaci\u00f3n que analice la situaci\u00f3n de los estudiantes de colegios que est\u00e1n recibiendo a los alumnos y que podr\u00edan ver amenazada [&hellip;]\" \/>\n<meta property=\"og:url\" content=\"https:\/\/consejoderectores.cl\/en\/2014\/08\/28\/603c6d807ae54\/\" \/>\n<meta property=\"og:site_name\" content=\"Consejo de Rectoras y Rectores de las Universidades Chilenas\" \/>\n<meta property=\"article:published_time\" content=\"2014-08-28T00:00:00+00:00\" \/>\n<meta property=\"article:modified_time\" content=\"2022-01-17T22:35:45+00:00\" \/>\n<meta property=\"og:image\" content=\"https:\/\/consejoderectores.cl\/wp-content\/uploads\/2014\/08\/foto_0000000120140829124712.jpg\" \/>\n\t<meta property=\"og:image:width\" content=\"700\" \/>\n\t<meta property=\"og:image:height\" content=\"354\" \/>\n\t<meta property=\"og:image:type\" content=\"image\/jpeg\" \/>\n<meta name=\"author\" content=\"Consejo de Rectores de las Universidades Chilenas\" \/>\n<meta name=\"twitter:card\" content=\"summary_large_image\" \/>\n<meta name=\"twitter:creator\" content=\"@CRUCH_cl\" \/>\n<meta name=\"twitter:site\" content=\"@CRUCH_cl\" \/>\n<meta name=\"twitter:label1\" content=\"Written by\" \/>\n\t<meta name=\"twitter:data1\" content=\"Consejo de Rectores de las Universidades Chilenas\" \/>\n\t<meta name=\"twitter:label2\" content=\"Est. reading time\" \/>\n\t<meta name=\"twitter:data2\" content=\"2 minutes\" \/>\n<script type=\"application\/ld+json\" class=\"yoast-schema-graph\">{\"@context\":\"https:\/\/schema.org\",\"@graph\":[{\"@type\":\"Article\",\"@id\":\"https:\/\/consejoderectores.cl\/2014\/08\/28\/603c6d807ae54\/#article\",\"isPartOf\":{\"@id\":\"https:\/\/consejoderectores.cl\/2014\/08\/28\/603c6d807ae54\/\"},\"author\":{\"name\":\"Consejo de Rectores de las Universidades Chilenas\",\"@id\":\"https:\/\/consejoderectores.cl\/en\/#\/schema\/person\/d863e44afde067fd4b57fac66ced709e\"},\"headline\":\"Consejo de Rectores ratifica que este a\u00f1o no habr\u00e1 cambios al Ranking de Notas\",\"datePublished\":\"2014-08-28T00:00:00+00:00\",\"dateModified\":\"2022-01-17T22:35:45+00:00\",\"mainEntityOfPage\":{\"@id\":\"https:\/\/consejoderectores.cl\/2014\/08\/28\/603c6d807ae54\/\"},\"wordCount\":452,\"commentCount\":0,\"publisher\":{\"@id\":\"https:\/\/consejoderectores.cl\/en\/#organization\"},\"image\":{\"@id\":\"https:\/\/consejoderectores.cl\/2014\/08\/28\/603c6d807ae54\/#primaryimage\"},\"thumbnailUrl\":\"https:\/\/consejoderectores.cl\/wp-content\/uploads\/2014\/08\/foto_0000000120140829124712.jpg\",\"articleSection\":[\"Noticias\"],\"inLanguage\":\"en-US\",\"potentialAction\":[{\"@type\":\"CommentAction\",\"name\":\"Comment\",\"target\":[\"https:\/\/consejoderectores.cl\/2014\/08\/28\/603c6d807ae54\/#respond\"]}]},{\"@type\":\"WebPage\",\"@id\":\"https:\/\/consejoderectores.cl\/2014\/08\/28\/603c6d807ae54\/\",\"url\":\"https:\/\/consejoderectores.cl\/2014\/08\/28\/603c6d807ae54\/\",\"name\":\"Consejo de Rectores ratifica que este a\u00f1o no habr\u00e1 cambios al Ranking de Notas - Consejo de Rectoras y Rectores de las Universidades Chilenas\",\"isPartOf\":{\"@id\":\"https:\/\/consejoderectores.cl\/en\/#website\"},\"primaryImageOfPage\":{\"@id\":\"https:\/\/consejoderectores.cl\/2014\/08\/28\/603c6d807ae54\/#primaryimage\"},\"image\":{\"@id\":\"https:\/\/consejoderectores.cl\/2014\/08\/28\/603c6d807ae54\/#primaryimage\"},\"thumbnailUrl\":\"https:\/\/consejoderectores.cl\/wp-content\/uploads\/2014\/08\/foto_0000000120140829124712.jpg\",\"datePublished\":\"2014-08-28T00:00:00+00:00\",\"dateModified\":\"2022-01-17T22:35:45+00:00\",\"breadcrumb\":{\"@id\":\"https:\/\/consejoderectores.cl\/2014\/08\/28\/603c6d807ae54\/#breadcrumb\"},\"inLanguage\":\"en-US\",\"potentialAction\":[{\"@type\":\"ReadAction\",\"target\":[\"https:\/\/consejoderectores.cl\/2014\/08\/28\/603c6d807ae54\/\"]}]},{\"@type\":\"ImageObject\",\"inLanguage\":\"en-US\",\"@id\":\"https:\/\/consejoderectores.cl\/2014\/08\/28\/603c6d807ae54\/#primaryimage\",\"url\":\"https:\/\/consejoderectores.cl\/wp-content\/uploads\/2014\/08\/foto_0000000120140829124712.jpg\",\"contentUrl\":\"https:\/\/consejoderectores.cl\/wp-content\/uploads\/2014\/08\/foto_0000000120140829124712.jpg\",\"width\":700,\"height\":354},{\"@type\":\"BreadcrumbList\",\"@id\":\"https:\/\/consejoderectores.cl\/2014\/08\/28\/603c6d807ae54\/#breadcrumb\",\"itemListElement\":[{\"@type\":\"ListItem\",\"position\":1,\"name\":\"Home\",\"item\":\"https:\/\/consejoderectores.cl\/\"},{\"@type\":\"ListItem\",\"position\":2,\"name\":\"Consejo de Rectores ratifica que este a\u00f1o no habr\u00e1 cambios al Ranking de Notas\"}]},{\"@type\":\"WebSite\",\"@id\":\"https:\/\/consejoderectores.cl\/en\/#website\",\"url\":\"https:\/\/consejoderectores.cl\/en\/\",\"name\":\"Consejo de Rectoras y Rectores de las Universidades Chilenas\",\"description\":\"\",\"publisher\":{\"@id\":\"https:\/\/consejoderectores.cl\/en\/#organization\"},\"potentialAction\":[{\"@type\":\"SearchAction\",\"target\":{\"@type\":\"EntryPoint\",\"urlTemplate\":\"https:\/\/consejoderectores.cl\/en\/?s={search_term_string}\"},\"query-input\":{\"@type\":\"PropertyValueSpecification\",\"valueRequired\":true,\"valueName\":\"search_term_string\"}}],\"inLanguage\":\"en-US\"},{\"@type\":\"Organization\",\"@id\":\"https:\/\/consejoderectores.cl\/en\/#organization\",\"name\":\"Consejo de Rectoras y Rectores de las Universidades Chilenas\",\"url\":\"https:\/\/consejoderectores.cl\/en\/\",\"logo\":{\"@type\":\"ImageObject\",\"inLanguage\":\"en-US\",\"@id\":\"https:\/\/consejoderectores.cl\/en\/#\/schema\/logo\/image\/\",\"url\":\"https:\/\/consejoderectores.cl\/wp-content\/uploads\/2025\/12\/logoheader_2025.png\",\"contentUrl\":\"https:\/\/consejoderectores.cl\/wp-content\/uploads\/2025\/12\/logoheader_2025.png\",\"width\":666,\"height\":305,\"caption\":\"Consejo de Rectoras y Rectores de las Universidades Chilenas\"},\"image\":{\"@id\":\"https:\/\/consejoderectores.cl\/en\/#\/schema\/logo\/image\/\"},\"sameAs\":[\"https:\/\/x.com\/CRUCH_cl\",\"https:\/\/www.instagram.com\/consejoderectores\/\",\"https:\/\/www.linkedin.com\/company\/cruch\/\",\"https:\/\/www.youtube.com\/channel\/UCzgIFRCsDlKoFpimiQmEaOA\"]},{\"@type\":\"Person\",\"@id\":\"https:\/\/consejoderectores.cl\/en\/#\/schema\/person\/d863e44afde067fd4b57fac66ced709e\",\"name\":\"Consejo de Rectores de las Universidades Chilenas\",\"image\":{\"@type\":\"ImageObject\",\"inLanguage\":\"en-US\",\"@id\":\"https:\/\/consejoderectores.cl\/en\/#\/schema\/person\/image\/\",\"url\":\"https:\/\/secure.gravatar.com\/avatar\/c31e2a02401f041926afb8ee21ab666f0925814fe85d25a5c8db80e23722dfc1?s=96&d=mm&r=g\",\"contentUrl\":\"https:\/\/secure.gravatar.com\/avatar\/c31e2a02401f041926afb8ee21ab666f0925814fe85d25a5c8db80e23722dfc1?s=96&d=mm&r=g\",\"caption\":\"Consejo de Rectores de las Universidades Chilenas\"},\"sameAs\":[\"https:\/\/www.consejoderectores.cl\"],\"url\":\"https:\/\/consejoderectores.cl\/en\/author\/cruch\/\"}]}<\/script>\n<!-- \/ Yoast SEO plugin. -->","yoast_head_json":{"title":"Consejo de Rectores ratifica que este a\u00f1o no habr\u00e1 cambios al Ranking de Notas - Consejo de Rectoras y Rectores de las Universidades Chilenas","robots":{"index":"index","follow":"follow","max-snippet":"max-snippet:-1","max-image-preview":"max-image-preview:large","max-video-preview":"max-video-preview:-1"},"canonical":"https:\/\/consejoderectores.cl\/en\/2014\/08\/28\/603c6d807ae54\/","og_locale":"en_US","og_type":"article","og_title":"Consejo de Rectores ratifica que este a\u00f1o no habr\u00e1 cambios al Ranking de Notas - Consejo de Rectoras y Rectores de las Universidades Chilenas","og_description":"A partir del pr\u00f3ximo a\u00f1o, el Ranking de Notas se calcular\u00e1 en base a cada uno de los establecimientos en los que un estudiante desarroll\u00f3 su ense\u00f1anza media. El CRUCH pedir\u00e1 al Ministerio de Educaci\u00f3n que analice la situaci\u00f3n de los estudiantes de colegios que est\u00e1n recibiendo a los alumnos y que podr\u00edan ver amenazada [&hellip;]","og_url":"https:\/\/consejoderectores.cl\/en\/2014\/08\/28\/603c6d807ae54\/","og_site_name":"Consejo de Rectoras y Rectores de las Universidades Chilenas","article_published_time":"2014-08-28T00:00:00+00:00","article_modified_time":"2022-01-17T22:35:45+00:00","og_image":[{"width":700,"height":354,"url":"https:\/\/consejoderectores.cl\/wp-content\/uploads\/2014\/08\/foto_0000000120140829124712.jpg","type":"image\/jpeg"}],"author":"Consejo de Rectores de las Universidades Chilenas","twitter_card":"summary_large_image","twitter_creator":"@CRUCH_cl","twitter_site":"@CRUCH_cl","twitter_misc":{"Written by":"Consejo de Rectores de las Universidades Chilenas","Est. reading time":"2 minutes"},"schema":{"@context":"https:\/\/schema.org","@graph":[{"@type":"Article","@id":"https:\/\/consejoderectores.cl\/2014\/08\/28\/603c6d807ae54\/#article","isPartOf":{"@id":"https:\/\/consejoderectores.cl\/2014\/08\/28\/603c6d807ae54\/"},"author":{"name":"Consejo de Rectores de las Universidades Chilenas","@id":"https:\/\/consejoderectores.cl\/en\/#\/schema\/person\/d863e44afde067fd4b57fac66ced709e"},"headline":"Consejo de Rectores ratifica que este a\u00f1o no habr\u00e1 cambios al Ranking de Notas","datePublished":"2014-08-28T00:00:00+00:00","dateModified":"2022-01-17T22:35:45+00:00","mainEntityOfPage":{"@id":"https:\/\/consejoderectores.cl\/2014\/08\/28\/603c6d807ae54\/"},"wordCount":452,"commentCount":0,"publisher":{"@id":"https:\/\/consejoderectores.cl\/en\/#organization"},"image":{"@id":"https:\/\/consejoderectores.cl\/2014\/08\/28\/603c6d807ae54\/#primaryimage"},"thumbnailUrl":"https:\/\/consejoderectores.cl\/wp-content\/uploads\/2014\/08\/foto_0000000120140829124712.jpg","articleSection":["Noticias"],"inLanguage":"en-US","potentialAction":[{"@type":"CommentAction","name":"Comment","target":["https:\/\/consejoderectores.cl\/2014\/08\/28\/603c6d807ae54\/#respond"]}]},{"@type":"WebPage","@id":"https:\/\/consejoderectores.cl\/2014\/08\/28\/603c6d807ae54\/","url":"https:\/\/consejoderectores.cl\/2014\/08\/28\/603c6d807ae54\/","name":"Consejo de Rectores ratifica que este a\u00f1o no habr\u00e1 cambios al Ranking de Notas - Consejo de Rectoras y Rectores de las Universidades Chilenas","isPartOf":{"@id":"https:\/\/consejoderectores.cl\/en\/#website"},"primaryImageOfPage":{"@id":"https:\/\/consejoderectores.cl\/2014\/08\/28\/603c6d807ae54\/#primaryimage"},"image":{"@id":"https:\/\/consejoderectores.cl\/2014\/08\/28\/603c6d807ae54\/#primaryimage"},"thumbnailUrl":"https:\/\/consejoderectores.cl\/wp-content\/uploads\/2014\/08\/foto_0000000120140829124712.jpg","datePublished":"2014-08-28T00:00:00+00:00","dateModified":"2022-01-17T22:35:45+00:00","breadcrumb":{"@id":"https:\/\/consejoderectores.cl\/2014\/08\/28\/603c6d807ae54\/#breadcrumb"},"inLanguage":"en-US","potentialAction":[{"@type":"ReadAction","target":["https:\/\/consejoderectores.cl\/2014\/08\/28\/603c6d807ae54\/"]}]},{"@type":"ImageObject","inLanguage":"en-US","@id":"https:\/\/consejoderectores.cl\/2014\/08\/28\/603c6d807ae54\/#primaryimage","url":"https:\/\/consejoderectores.cl\/wp-content\/uploads\/2014\/08\/foto_0000000120140829124712.jpg","contentUrl":"https:\/\/consejoderectores.cl\/wp-content\/uploads\/2014\/08\/foto_0000000120140829124712.jpg","width":700,"height":354},{"@type":"BreadcrumbList","@id":"https:\/\/consejoderectores.cl\/2014\/08\/28\/603c6d807ae54\/#breadcrumb","itemListElement":[{"@type":"ListItem","position":1,"name":"Home","item":"https:\/\/consejoderectores.cl\/"},{"@type":"ListItem","position":2,"name":"Consejo de Rectores ratifica que este a\u00f1o no habr\u00e1 cambios al Ranking de Notas"}]},{"@type":"WebSite","@id":"https:\/\/consejoderectores.cl\/en\/#website","url":"https:\/\/consejoderectores.cl\/en\/","name":"Council of Rectors of Chilean Universities","description":"","publisher":{"@id":"https:\/\/consejoderectores.cl\/en\/#organization"},"potentialAction":[{"@type":"SearchAction","target":{"@type":"EntryPoint","urlTemplate":"https:\/\/consejoderectores.cl\/en\/?s={search_term_string}"},"query-input":{"@type":"PropertyValueSpecification","valueRequired":true,"valueName":"search_term_string"}}],"inLanguage":"en-US"},{"@type":"Organization","@id":"https:\/\/consejoderectores.cl\/en\/#organization","name":"Council of Rectors of Chilean Universities","url":"https:\/\/consejoderectores.cl\/en\/","logo":{"@type":"ImageObject","inLanguage":"en-US","@id":"https:\/\/consejoderectores.cl\/en\/#\/schema\/logo\/image\/","url":"https:\/\/consejoderectores.cl\/wp-content\/uploads\/2025\/12\/logoheader_2025.png","contentUrl":"https:\/\/consejoderectores.cl\/wp-content\/uploads\/2025\/12\/logoheader_2025.png","width":666,"height":305,"caption":"Consejo de Rectoras y Rectores de las Universidades Chilenas"},"image":{"@id":"https:\/\/consejoderectores.cl\/en\/#\/schema\/logo\/image\/"},"sameAs":["https:\/\/x.com\/CRUCH_cl","https:\/\/www.instagram.com\/consejoderectores\/","https:\/\/www.linkedin.com\/company\/cruch\/","https:\/\/www.youtube.com\/channel\/UCzgIFRCsDlKoFpimiQmEaOA"]},{"@type":"Person","@id":"https:\/\/consejoderectores.cl\/en\/#\/schema\/person\/d863e44afde067fd4b57fac66ced709e","name":"Council of Rectors of Chilean Universities","image":{"@type":"ImageObject","inLanguage":"en-US","@id":"https:\/\/consejoderectores.cl\/en\/#\/schema\/person\/image\/","url":"https:\/\/secure.gravatar.com\/avatar\/c31e2a02401f041926afb8ee21ab666f0925814fe85d25a5c8db80e23722dfc1?s=96&d=mm&r=g","contentUrl":"https:\/\/secure.gravatar.com\/avatar\/c31e2a02401f041926afb8ee21ab666f0925814fe85d25a5c8db80e23722dfc1?s=96&d=mm&r=g","caption":"Consejo de Rectores de las Universidades Chilenas"},"sameAs":["https:\/\/www.consejoderectores.cl"],"url":"https:\/\/consejoderectores.cl\/en\/author\/cruch\/"}]}},"_links":{"self":[{"href":"https:\/\/consejoderectores.cl\/en\/wp-json\/wp\/v2\/posts\/1395","targetHints":{"allow":["GET"]}}],"collection":[{"href":"https:\/\/consejoderectores.cl\/en\/wp-json\/wp\/v2\/posts"}],"about":[{"href":"https:\/\/consejoderectores.cl\/en\/wp-json\/wp\/v2\/types\/post"}],"author":[{"embeddable":true,"href":"https:\/\/consejoderectores.cl\/en\/wp-json\/wp\/v2\/users\/1"}],"replies":[{"embeddable":true,"href":"https:\/\/consejoderectores.cl\/en\/wp-json\/wp\/v2\/comments?post=1395"}],"version-history":[{"count":2,"href":"https:\/\/consejoderectores.cl\/en\/wp-json\/wp\/v2\/posts\/1395\/revisions"}],"predecessor-version":[{"id":5349,"href":"https:\/\/consejoderectores.cl\/en\/wp-json\/wp\/v2\/posts\/1395\/revisions\/5349"}],"wp:featuredmedia":[{"embeddable":true,"href":"https:\/\/consejoderectores.cl\/en\/wp-json\/wp\/v2\/media\/5348"}],"wp:attachment":[{"href":"https:\/\/consejoderectores.cl\/en\/wp-json\/wp\/v2\/media?parent=1395"}],"wp:term":[{"taxonomy":"category","embeddable":true,"href":"https:\/\/consejoderectores.cl\/en\/wp-json\/wp\/v2\/categories?post=1395"},{"taxonomy":"post_tag","embeddable":true,"href":"https:\/\/consejoderectores.cl\/en\/wp-json\/wp\/v2\/tags?post=1395"}],"curies":[{"name":"wp","href":"https:\/\/api.w.org\/{rel}","templated":true}]}}