{"id":1394,"date":"2014-08-25T00:00:00","date_gmt":"2014-08-25T00:00:00","guid":{"rendered":""},"modified":"2022-01-18T16:12:20","modified_gmt":"2022-01-18T16:12:20","slug":"603c6d807ad9c","status":"publish","type":"post","link":"https:\/\/consejoderectores.cl\/en\/2014\/08\/25\/603c6d807ad9c\/","title":{"rendered":"The formula for calculating the Grade Ranking will be modified for next year."},"content":{"rendered":"<blockquote><p>The Single Admission System of the Council of Rectors is evaluating options to adjust the formula for calculating the Grade Ranking for future admission processes.<\/p>\n<p>The executive vice president of CRUCH, Juan Manuel Zolezzi, stated that &quot;no modifications will be made this year, because the rules for this admission process were communicated in the first semester.&quot;.<\/p><\/blockquote>\n<p>Since the implementation of the Grade Ranking in the 2013 Admission Process, the technical advisors of the Council of Rectors of Chilean Universities (CRUCH) have maintained that it is necessary to evaluate its impact on the system, in order to gradually introduce the necessary adjustments.<\/p>\n<p>Currently, the formula for calculating the Ranking Score only considers the school from which the student graduates in 12th grade (4th year of high school). However, starting with the next admissions process, the student&#039;s entire academic record will be considered. This change means that the Ranking Score will be calculated taking into account each of the schools the student attended during high school. In other words, the Ranking Score will be calculated considering the student&#039;s performance in each of the four years (9th, 10th, 11th, and 12th grade). For example, if the student attended four different schools, the historical average of each school will be considered in the final calculation of their Ranking Score.<\/p>\n<p>This adjustment would eliminate the incentive to change schools in 4th year of high school to improve the Ranking score, allowing for a more accurate evaluation of the student&#039;s performance in their relative context, which is consistent with the spirit of this selection factor.<\/p>\n<p>However, \u201cno modifications will be made this year, because the rules for this admission process were communicated in the first semester, but for next year the necessary changes will be introduced to avoid possible distortions of the system,\u201d explained Rector Juan Manuel Zolezzi, Executive Vice President of the Council of Rectors.<\/p>\n<h4>Ranking Commission<\/h4>\n<p>More than a month ago, the Single Admission System (SUA) of the Council of Rectors convened experts to form a commission whose objective is to analyze the formula for calculating the Grade Ranking and propose improvements.<\/p>\n<p>This commission is already working and is made up of academics and professionals from the Ministry of Education, CRUCH universities, research centers and the Single Admission System.<\/p>","protected":false},"excerpt":{"rendered":"<p>El Sistema \u00danico de Admisi\u00f3n del Consejo de Rectores est\u00e1 evaluando opciones para ajustar la f\u00f3rmula de c\u00e1lculo del Ranking de Notas para los futuros procesos de admisi\u00f3n. El vicepresidente ejecutivo del CRUCH, Juan Manuel Zolezzi, sostuvo que \u00abeste a\u00f1o no se har\u00e1n modificaciones, porque las normas para este proceso de admisi\u00f3n fueron comunicadas en [&hellip;]<\/p>\n","protected":false},"author":1,"featured_media":3592,"comment_status":"open","ping_status":"open","sticky":false,"template":"","format":"standard","meta":{"_acf_changed":false,"footnotes":""},"categories":[3],"tags":[],"class_list":["post-1394","post","type-post","status-publish","format-standard","has-post-thumbnail","hentry","category-noticias"],"acf":[],"yoast_head":"<!-- This site is optimized with the Yoast SEO plugin v27.1.1 - https:\/\/yoast.com\/product\/yoast-seo-wordpress\/ -->\n<title>F\u00f3rmula de c\u00e1lculo del Ranking de Notas tendr\u00e1 modificaciones para el pr\u00f3ximo a\u00f1o - Consejo de Rectoras y Rectores de las Universidades Chilenas<\/title>\n<meta name=\"robots\" content=\"index, follow, max-snippet:-1, max-image-preview:large, max-video-preview:-1\" \/>\n<link rel=\"canonical\" href=\"https:\/\/consejoderectores.cl\/en\/2014\/08\/25\/603c6d807ad9c\/\" \/>\n<meta property=\"og:locale\" content=\"en_US\" \/>\n<meta property=\"og:type\" content=\"article\" \/>\n<meta property=\"og:title\" content=\"F\u00f3rmula de c\u00e1lculo del Ranking de Notas tendr\u00e1 modificaciones para el pr\u00f3ximo a\u00f1o - Consejo de Rectoras y Rectores de las Universidades Chilenas\" \/>\n<meta property=\"og:description\" content=\"El Sistema \u00danico de Admisi\u00f3n del Consejo de Rectores est\u00e1 evaluando opciones para ajustar la f\u00f3rmula de c\u00e1lculo del Ranking de Notas para los futuros procesos de admisi\u00f3n. El vicepresidente ejecutivo del CRUCH, Juan Manuel Zolezzi, sostuvo que \u00abeste a\u00f1o no se har\u00e1n modificaciones, porque las normas para este proceso de admisi\u00f3n fueron comunicadas en [&hellip;]\" \/>\n<meta property=\"og:url\" content=\"https:\/\/consejoderectores.cl\/en\/2014\/08\/25\/603c6d807ad9c\/\" \/>\n<meta property=\"og:site_name\" content=\"Consejo de Rectoras y Rectores de las Universidades Chilenas\" \/>\n<meta property=\"article:published_time\" content=\"2014-08-25T00:00:00+00:00\" \/>\n<meta property=\"article:modified_time\" content=\"2022-01-18T16:12:20+00:00\" \/>\n<meta property=\"og:image\" content=\"https:\/\/consejoderectores.cl\/wp-content\/uploads\/2021\/10\/declaraciones-publicas.jpg\" \/>\n\t<meta property=\"og:image:width\" content=\"1024\" \/>\n\t<meta property=\"og:image:height\" content=\"500\" \/>\n\t<meta property=\"og:image:type\" content=\"image\/jpeg\" \/>\n<meta name=\"author\" content=\"Consejo de Rectores de las Universidades Chilenas\" \/>\n<meta name=\"twitter:card\" content=\"summary_large_image\" \/>\n<meta name=\"twitter:creator\" content=\"@CRUCH_cl\" \/>\n<meta name=\"twitter:site\" content=\"@CRUCH_cl\" \/>\n<meta name=\"twitter:label1\" content=\"Written by\" \/>\n\t<meta name=\"twitter:data1\" content=\"Consejo de Rectores de las Universidades Chilenas\" \/>\n\t<meta name=\"twitter:label2\" content=\"Est. reading time\" \/>\n\t<meta name=\"twitter:data2\" content=\"2 minutes\" \/>\n<script type=\"application\/ld+json\" class=\"yoast-schema-graph\">{\"@context\":\"https:\/\/schema.org\",\"@graph\":[{\"@type\":\"Article\",\"@id\":\"https:\/\/consejoderectores.cl\/2014\/08\/25\/603c6d807ad9c\/#article\",\"isPartOf\":{\"@id\":\"https:\/\/consejoderectores.cl\/2014\/08\/25\/603c6d807ad9c\/\"},\"author\":{\"name\":\"Consejo de Rectores de las Universidades Chilenas\",\"@id\":\"https:\/\/consejoderectores.cl\/en\/#\/schema\/person\/d863e44afde067fd4b57fac66ced709e\"},\"headline\":\"F\u00f3rmula de c\u00e1lculo del Ranking de Notas tendr\u00e1 modificaciones para el pr\u00f3ximo a\u00f1o\",\"datePublished\":\"2014-08-25T00:00:00+00:00\",\"dateModified\":\"2022-01-18T16:12:20+00:00\",\"mainEntityOfPage\":{\"@id\":\"https:\/\/consejoderectores.cl\/2014\/08\/25\/603c6d807ad9c\/\"},\"wordCount\":440,\"commentCount\":0,\"publisher\":{\"@id\":\"https:\/\/consejoderectores.cl\/en\/#organization\"},\"image\":{\"@id\":\"https:\/\/consejoderectores.cl\/2014\/08\/25\/603c6d807ad9c\/#primaryimage\"},\"thumbnailUrl\":\"https:\/\/consejoderectores.cl\/wp-content\/uploads\/2021\/10\/declaraciones-publicas.jpg\",\"articleSection\":[\"Noticias\"],\"inLanguage\":\"en-US\",\"potentialAction\":[{\"@type\":\"CommentAction\",\"name\":\"Comment\",\"target\":[\"https:\/\/consejoderectores.cl\/2014\/08\/25\/603c6d807ad9c\/#respond\"]}]},{\"@type\":\"WebPage\",\"@id\":\"https:\/\/consejoderectores.cl\/2014\/08\/25\/603c6d807ad9c\/\",\"url\":\"https:\/\/consejoderectores.cl\/2014\/08\/25\/603c6d807ad9c\/\",\"name\":\"F\u00f3rmula de c\u00e1lculo del Ranking de Notas tendr\u00e1 modificaciones para el pr\u00f3ximo a\u00f1o - Consejo de Rectoras y Rectores de las Universidades Chilenas\",\"isPartOf\":{\"@id\":\"https:\/\/consejoderectores.cl\/en\/#website\"},\"primaryImageOfPage\":{\"@id\":\"https:\/\/consejoderectores.cl\/2014\/08\/25\/603c6d807ad9c\/#primaryimage\"},\"image\":{\"@id\":\"https:\/\/consejoderectores.cl\/2014\/08\/25\/603c6d807ad9c\/#primaryimage\"},\"thumbnailUrl\":\"https:\/\/consejoderectores.cl\/wp-content\/uploads\/2021\/10\/declaraciones-publicas.jpg\",\"datePublished\":\"2014-08-25T00:00:00+00:00\",\"dateModified\":\"2022-01-18T16:12:20+00:00\",\"breadcrumb\":{\"@id\":\"https:\/\/consejoderectores.cl\/2014\/08\/25\/603c6d807ad9c\/#breadcrumb\"},\"inLanguage\":\"en-US\",\"potentialAction\":[{\"@type\":\"ReadAction\",\"target\":[\"https:\/\/consejoderectores.cl\/2014\/08\/25\/603c6d807ad9c\/\"]}]},{\"@type\":\"ImageObject\",\"inLanguage\":\"en-US\",\"@id\":\"https:\/\/consejoderectores.cl\/2014\/08\/25\/603c6d807ad9c\/#primaryimage\",\"url\":\"https:\/\/consejoderectores.cl\/wp-content\/uploads\/2021\/10\/declaraciones-publicas.jpg\",\"contentUrl\":\"https:\/\/consejoderectores.cl\/wp-content\/uploads\/2021\/10\/declaraciones-publicas.jpg\",\"width\":1024,\"height\":500},{\"@type\":\"BreadcrumbList\",\"@id\":\"https:\/\/consejoderectores.cl\/2014\/08\/25\/603c6d807ad9c\/#breadcrumb\",\"itemListElement\":[{\"@type\":\"ListItem\",\"position\":1,\"name\":\"Home\",\"item\":\"https:\/\/consejoderectores.cl\/\"},{\"@type\":\"ListItem\",\"position\":2,\"name\":\"F\u00f3rmula de c\u00e1lculo del Ranking de Notas tendr\u00e1 modificaciones para el pr\u00f3ximo a\u00f1o\"}]},{\"@type\":\"WebSite\",\"@id\":\"https:\/\/consejoderectores.cl\/en\/#website\",\"url\":\"https:\/\/consejoderectores.cl\/en\/\",\"name\":\"Consejo de Rectoras y Rectores de las Universidades Chilenas\",\"description\":\"\",\"publisher\":{\"@id\":\"https:\/\/consejoderectores.cl\/en\/#organization\"},\"potentialAction\":[{\"@type\":\"SearchAction\",\"target\":{\"@type\":\"EntryPoint\",\"urlTemplate\":\"https:\/\/consejoderectores.cl\/en\/?s={search_term_string}\"},\"query-input\":{\"@type\":\"PropertyValueSpecification\",\"valueRequired\":true,\"valueName\":\"search_term_string\"}}],\"inLanguage\":\"en-US\"},{\"@type\":\"Organization\",\"@id\":\"https:\/\/consejoderectores.cl\/en\/#organization\",\"name\":\"Consejo de Rectoras y Rectores de las Universidades Chilenas\",\"url\":\"https:\/\/consejoderectores.cl\/en\/\",\"logo\":{\"@type\":\"ImageObject\",\"inLanguage\":\"en-US\",\"@id\":\"https:\/\/consejoderectores.cl\/en\/#\/schema\/logo\/image\/\",\"url\":\"https:\/\/consejoderectores.cl\/wp-content\/uploads\/2025\/12\/logoheader_2025.png\",\"contentUrl\":\"https:\/\/consejoderectores.cl\/wp-content\/uploads\/2025\/12\/logoheader_2025.png\",\"width\":666,\"height\":305,\"caption\":\"Consejo de Rectoras y Rectores de las Universidades Chilenas\"},\"image\":{\"@id\":\"https:\/\/consejoderectores.cl\/en\/#\/schema\/logo\/image\/\"},\"sameAs\":[\"https:\/\/x.com\/CRUCH_cl\",\"https:\/\/www.instagram.com\/consejoderectores\/\",\"https:\/\/www.linkedin.com\/company\/cruch\/\",\"https:\/\/www.youtube.com\/channel\/UCzgIFRCsDlKoFpimiQmEaOA\"]},{\"@type\":\"Person\",\"@id\":\"https:\/\/consejoderectores.cl\/en\/#\/schema\/person\/d863e44afde067fd4b57fac66ced709e\",\"name\":\"Consejo de Rectores de las Universidades Chilenas\",\"image\":{\"@type\":\"ImageObject\",\"inLanguage\":\"en-US\",\"@id\":\"https:\/\/consejoderectores.cl\/en\/#\/schema\/person\/image\/\",\"url\":\"https:\/\/secure.gravatar.com\/avatar\/c31e2a02401f041926afb8ee21ab666f0925814fe85d25a5c8db80e23722dfc1?s=96&d=mm&r=g\",\"contentUrl\":\"https:\/\/secure.gravatar.com\/avatar\/c31e2a02401f041926afb8ee21ab666f0925814fe85d25a5c8db80e23722dfc1?s=96&d=mm&r=g\",\"caption\":\"Consejo de Rectores de las Universidades Chilenas\"},\"sameAs\":[\"https:\/\/www.consejoderectores.cl\"],\"url\":\"https:\/\/consejoderectores.cl\/en\/author\/cruch\/\"}]}<\/script>\n<!-- \/ Yoast SEO plugin. -->","yoast_head_json":{"title":"F\u00f3rmula de c\u00e1lculo del Ranking de Notas tendr\u00e1 modificaciones para el pr\u00f3ximo a\u00f1o - Consejo de Rectoras y Rectores de las Universidades Chilenas","robots":{"index":"index","follow":"follow","max-snippet":"max-snippet:-1","max-image-preview":"max-image-preview:large","max-video-preview":"max-video-preview:-1"},"canonical":"https:\/\/consejoderectores.cl\/en\/2014\/08\/25\/603c6d807ad9c\/","og_locale":"en_US","og_type":"article","og_title":"F\u00f3rmula de c\u00e1lculo del Ranking de Notas tendr\u00e1 modificaciones para el pr\u00f3ximo a\u00f1o - Consejo de Rectoras y Rectores de las Universidades Chilenas","og_description":"El Sistema \u00danico de Admisi\u00f3n del Consejo de Rectores est\u00e1 evaluando opciones para ajustar la f\u00f3rmula de c\u00e1lculo del Ranking de Notas para los futuros procesos de admisi\u00f3n. El vicepresidente ejecutivo del CRUCH, Juan Manuel Zolezzi, sostuvo que \u00abeste a\u00f1o no se har\u00e1n modificaciones, porque las normas para este proceso de admisi\u00f3n fueron comunicadas en [&hellip;]","og_url":"https:\/\/consejoderectores.cl\/en\/2014\/08\/25\/603c6d807ad9c\/","og_site_name":"Consejo de Rectoras y Rectores de las Universidades Chilenas","article_published_time":"2014-08-25T00:00:00+00:00","article_modified_time":"2022-01-18T16:12:20+00:00","og_image":[{"width":1024,"height":500,"url":"https:\/\/consejoderectores.cl\/wp-content\/uploads\/2021\/10\/declaraciones-publicas.jpg","type":"image\/jpeg"}],"author":"Consejo de Rectores de las Universidades Chilenas","twitter_card":"summary_large_image","twitter_creator":"@CRUCH_cl","twitter_site":"@CRUCH_cl","twitter_misc":{"Written by":"Consejo de Rectores de las Universidades Chilenas","Est. reading time":"2 minutes"},"schema":{"@context":"https:\/\/schema.org","@graph":[{"@type":"Article","@id":"https:\/\/consejoderectores.cl\/2014\/08\/25\/603c6d807ad9c\/#article","isPartOf":{"@id":"https:\/\/consejoderectores.cl\/2014\/08\/25\/603c6d807ad9c\/"},"author":{"name":"Consejo de Rectores de las Universidades Chilenas","@id":"https:\/\/consejoderectores.cl\/en\/#\/schema\/person\/d863e44afde067fd4b57fac66ced709e"},"headline":"F\u00f3rmula de c\u00e1lculo del Ranking de Notas tendr\u00e1 modificaciones para el pr\u00f3ximo a\u00f1o","datePublished":"2014-08-25T00:00:00+00:00","dateModified":"2022-01-18T16:12:20+00:00","mainEntityOfPage":{"@id":"https:\/\/consejoderectores.cl\/2014\/08\/25\/603c6d807ad9c\/"},"wordCount":440,"commentCount":0,"publisher":{"@id":"https:\/\/consejoderectores.cl\/en\/#organization"},"image":{"@id":"https:\/\/consejoderectores.cl\/2014\/08\/25\/603c6d807ad9c\/#primaryimage"},"thumbnailUrl":"https:\/\/consejoderectores.cl\/wp-content\/uploads\/2021\/10\/declaraciones-publicas.jpg","articleSection":["Noticias"],"inLanguage":"en-US","potentialAction":[{"@type":"CommentAction","name":"Comment","target":["https:\/\/consejoderectores.cl\/2014\/08\/25\/603c6d807ad9c\/#respond"]}]},{"@type":"WebPage","@id":"https:\/\/consejoderectores.cl\/2014\/08\/25\/603c6d807ad9c\/","url":"https:\/\/consejoderectores.cl\/2014\/08\/25\/603c6d807ad9c\/","name":"F\u00f3rmula de c\u00e1lculo del Ranking de Notas tendr\u00e1 modificaciones para el pr\u00f3ximo a\u00f1o - Consejo de Rectoras y Rectores de las Universidades Chilenas","isPartOf":{"@id":"https:\/\/consejoderectores.cl\/en\/#website"},"primaryImageOfPage":{"@id":"https:\/\/consejoderectores.cl\/2014\/08\/25\/603c6d807ad9c\/#primaryimage"},"image":{"@id":"https:\/\/consejoderectores.cl\/2014\/08\/25\/603c6d807ad9c\/#primaryimage"},"thumbnailUrl":"https:\/\/consejoderectores.cl\/wp-content\/uploads\/2021\/10\/declaraciones-publicas.jpg","datePublished":"2014-08-25T00:00:00+00:00","dateModified":"2022-01-18T16:12:20+00:00","breadcrumb":{"@id":"https:\/\/consejoderectores.cl\/2014\/08\/25\/603c6d807ad9c\/#breadcrumb"},"inLanguage":"en-US","potentialAction":[{"@type":"ReadAction","target":["https:\/\/consejoderectores.cl\/2014\/08\/25\/603c6d807ad9c\/"]}]},{"@type":"ImageObject","inLanguage":"en-US","@id":"https:\/\/consejoderectores.cl\/2014\/08\/25\/603c6d807ad9c\/#primaryimage","url":"https:\/\/consejoderectores.cl\/wp-content\/uploads\/2021\/10\/declaraciones-publicas.jpg","contentUrl":"https:\/\/consejoderectores.cl\/wp-content\/uploads\/2021\/10\/declaraciones-publicas.jpg","width":1024,"height":500},{"@type":"BreadcrumbList","@id":"https:\/\/consejoderectores.cl\/2014\/08\/25\/603c6d807ad9c\/#breadcrumb","itemListElement":[{"@type":"ListItem","position":1,"name":"Home","item":"https:\/\/consejoderectores.cl\/"},{"@type":"ListItem","position":2,"name":"F\u00f3rmula de c\u00e1lculo del Ranking de Notas tendr\u00e1 modificaciones para el pr\u00f3ximo a\u00f1o"}]},{"@type":"WebSite","@id":"https:\/\/consejoderectores.cl\/en\/#website","url":"https:\/\/consejoderectores.cl\/en\/","name":"Council of Rectors of Chilean Universities","description":"","publisher":{"@id":"https:\/\/consejoderectores.cl\/en\/#organization"},"potentialAction":[{"@type":"SearchAction","target":{"@type":"EntryPoint","urlTemplate":"https:\/\/consejoderectores.cl\/en\/?s={search_term_string}"},"query-input":{"@type":"PropertyValueSpecification","valueRequired":true,"valueName":"search_term_string"}}],"inLanguage":"en-US"},{"@type":"Organization","@id":"https:\/\/consejoderectores.cl\/en\/#organization","name":"Council of Rectors of Chilean Universities","url":"https:\/\/consejoderectores.cl\/en\/","logo":{"@type":"ImageObject","inLanguage":"en-US","@id":"https:\/\/consejoderectores.cl\/en\/#\/schema\/logo\/image\/","url":"https:\/\/consejoderectores.cl\/wp-content\/uploads\/2025\/12\/logoheader_2025.png","contentUrl":"https:\/\/consejoderectores.cl\/wp-content\/uploads\/2025\/12\/logoheader_2025.png","width":666,"height":305,"caption":"Consejo de Rectoras y Rectores de las Universidades Chilenas"},"image":{"@id":"https:\/\/consejoderectores.cl\/en\/#\/schema\/logo\/image\/"},"sameAs":["https:\/\/x.com\/CRUCH_cl","https:\/\/www.instagram.com\/consejoderectores\/","https:\/\/www.linkedin.com\/company\/cruch\/","https:\/\/www.youtube.com\/channel\/UCzgIFRCsDlKoFpimiQmEaOA"]},{"@type":"Person","@id":"https:\/\/consejoderectores.cl\/en\/#\/schema\/person\/d863e44afde067fd4b57fac66ced709e","name":"Council of Rectors of Chilean Universities","image":{"@type":"ImageObject","inLanguage":"en-US","@id":"https:\/\/consejoderectores.cl\/en\/#\/schema\/person\/image\/","url":"https:\/\/secure.gravatar.com\/avatar\/c31e2a02401f041926afb8ee21ab666f0925814fe85d25a5c8db80e23722dfc1?s=96&d=mm&r=g","contentUrl":"https:\/\/secure.gravatar.com\/avatar\/c31e2a02401f041926afb8ee21ab666f0925814fe85d25a5c8db80e23722dfc1?s=96&d=mm&r=g","caption":"Consejo de Rectores de las Universidades Chilenas"},"sameAs":["https:\/\/www.consejoderectores.cl"],"url":"https:\/\/consejoderectores.cl\/en\/author\/cruch\/"}]}},"_links":{"self":[{"href":"https:\/\/consejoderectores.cl\/en\/wp-json\/wp\/v2\/posts\/1394","targetHints":{"allow":["GET"]}}],"collection":[{"href":"https:\/\/consejoderectores.cl\/en\/wp-json\/wp\/v2\/posts"}],"about":[{"href":"https:\/\/consejoderectores.cl\/en\/wp-json\/wp\/v2\/types\/post"}],"author":[{"embeddable":true,"href":"https:\/\/consejoderectores.cl\/en\/wp-json\/wp\/v2\/users\/1"}],"replies":[{"embeddable":true,"href":"https:\/\/consejoderectores.cl\/en\/wp-json\/wp\/v2\/comments?post=1394"}],"version-history":[{"count":3,"href":"https:\/\/consejoderectores.cl\/en\/wp-json\/wp\/v2\/posts\/1394\/revisions"}],"predecessor-version":[{"id":5461,"href":"https:\/\/consejoderectores.cl\/en\/wp-json\/wp\/v2\/posts\/1394\/revisions\/5461"}],"wp:featuredmedia":[{"embeddable":true,"href":"https:\/\/consejoderectores.cl\/en\/wp-json\/wp\/v2\/media\/3592"}],"wp:attachment":[{"href":"https:\/\/consejoderectores.cl\/en\/wp-json\/wp\/v2\/media?parent=1394"}],"wp:term":[{"taxonomy":"category","embeddable":true,"href":"https:\/\/consejoderectores.cl\/en\/wp-json\/wp\/v2\/categories?post=1394"},{"taxonomy":"post_tag","embeddable":true,"href":"https:\/\/consejoderectores.cl\/en\/wp-json\/wp\/v2\/tags?post=1394"}],"curies":[{"name":"wp","href":"https:\/\/api.w.org\/{rel}","templated":true}]}}