{"id":1392,"date":"2014-08-20T00:00:00","date_gmt":"2014-08-20T00:00:00","guid":{"rendered":""},"modified":"2022-01-18T18:32:57","modified_gmt":"2022-01-18T18:32:57","slug":"603c6d807ac00","status":"publish","type":"post","link":"https:\/\/consejoderectores.cl\/en\/2014\/08\/20\/603c6d807ac00\/","title":{"rendered":"Rectors Zolezzi and Lavanchy meet with the National Council of Workers of Chilean Universities"},"content":{"rendered":"<blockquote><p>Representatives of university workers met with members of the CRUCH executive committee to deliver a document with their proposals for higher education<\/p><\/blockquote>\n<p>A dozen representatives from the National Council of Chilean University Workers (Conatuch) met with rectors Juan Manuel Zolezzi and Sergio Lavanchy at the Council of Rectors&#039; offices. During the meeting, the union leaders presented a document outlining their proposals for a higher education policy, addressing issues related to anticipated reforms within the system.<\/p>\n<p>The leaders \u2013 representatives of the universities of Concepci\u00f3n, Catholic University of Valpara\u00edso, University of Chile, Catholic University Silva Henr\u00edquez, Central University and Austral University \u2013 expressed their position regarding the reform, indicating that they expect a greater contribution from the State to the institutions, as well as greater elements of participation of the university bodies and job stability for their members.<\/p>\n<p>The university rectors pledged to disseminate the CONATUCH document among CRUCH members. They also agreed with the workers&#039; representatives in valuing the guidelines known so far regarding the higher education reform and welcomed measures such as the bill that repeals the provisions of DFL 2, which prohibited the participation of workers and students in higher education institutions.<\/p>","protected":false},"excerpt":{"rendered":"<p>Representantes de los trabajadores de las universidades se reunieron con miembros del comit\u00e9 ejecutivo del CRUCH para entregar un documento con sus propuestas para la educaci\u00f3n superior Una docena de representantes del Consejo Nacional de Trabajadores de la Universidades Chilenas (Conatuch) se reuni\u00f3 con los rectores Juan Manuel Zolezzi y Sergio Lavanchy, en dependencias del [&hellip;]<\/p>\n","protected":false},"author":1,"featured_media":3592,"comment_status":"open","ping_status":"open","sticky":false,"template":"","format":"standard","meta":{"_acf_changed":false,"footnotes":""},"categories":[3],"tags":[],"class_list":["post-1392","post","type-post","status-publish","format-standard","has-post-thumbnail","hentry","category-noticias"],"acf":[],"yoast_head":"<!-- This site is optimized with the Yoast SEO plugin v27.1.1 - https:\/\/yoast.com\/product\/yoast-seo-wordpress\/ -->\n<title>Rectores Zolezzi y Lavanchy se re\u00fanen con el Consejo Nacional de Trabajadores de la Universidades Chilenas - Consejo de Rectoras y Rectores de las Universidades Chilenas<\/title>\n<meta name=\"robots\" content=\"index, follow, max-snippet:-1, max-image-preview:large, max-video-preview:-1\" \/>\n<link rel=\"canonical\" href=\"https:\/\/consejoderectores.cl\/en\/2014\/08\/20\/603c6d807ac00\/\" \/>\n<meta property=\"og:locale\" content=\"en_US\" \/>\n<meta property=\"og:type\" content=\"article\" \/>\n<meta property=\"og:title\" content=\"Rectores Zolezzi y Lavanchy se re\u00fanen con el Consejo Nacional de Trabajadores de la Universidades Chilenas - Consejo de Rectoras y Rectores de las Universidades Chilenas\" \/>\n<meta property=\"og:description\" content=\"Representantes de los trabajadores de las universidades se reunieron con miembros del comit\u00e9 ejecutivo del CRUCH para entregar un documento con sus propuestas para la educaci\u00f3n superior Una docena de representantes del Consejo Nacional de Trabajadores de la Universidades Chilenas (Conatuch) se reuni\u00f3 con los rectores Juan Manuel Zolezzi y Sergio Lavanchy, en dependencias del [&hellip;]\" \/>\n<meta property=\"og:url\" content=\"https:\/\/consejoderectores.cl\/en\/2014\/08\/20\/603c6d807ac00\/\" \/>\n<meta property=\"og:site_name\" content=\"Consejo de Rectoras y Rectores de las Universidades Chilenas\" \/>\n<meta property=\"article:published_time\" content=\"2014-08-20T00:00:00+00:00\" \/>\n<meta property=\"article:modified_time\" content=\"2022-01-18T18:32:57+00:00\" \/>\n<meta property=\"og:image\" content=\"https:\/\/consejoderectores.cl\/wp-content\/uploads\/2021\/10\/declaraciones-publicas.jpg\" \/>\n\t<meta property=\"og:image:width\" content=\"1024\" \/>\n\t<meta property=\"og:image:height\" content=\"500\" \/>\n\t<meta property=\"og:image:type\" content=\"image\/jpeg\" \/>\n<meta name=\"author\" content=\"Consejo de Rectores de las Universidades Chilenas\" \/>\n<meta name=\"twitter:card\" content=\"summary_large_image\" \/>\n<meta name=\"twitter:creator\" content=\"@CRUCH_cl\" \/>\n<meta name=\"twitter:site\" content=\"@CRUCH_cl\" \/>\n<meta name=\"twitter:label1\" content=\"Written by\" \/>\n\t<meta name=\"twitter:data1\" content=\"Consejo de Rectores de las Universidades Chilenas\" \/>\n\t<meta name=\"twitter:label2\" content=\"Est. reading time\" \/>\n\t<meta name=\"twitter:data2\" content=\"1 minute\" \/>\n<script type=\"application\/ld+json\" class=\"yoast-schema-graph\">{\"@context\":\"https:\/\/schema.org\",\"@graph\":[{\"@type\":\"Article\",\"@id\":\"https:\/\/consejoderectores.cl\/2014\/08\/20\/603c6d807ac00\/#article\",\"isPartOf\":{\"@id\":\"https:\/\/consejoderectores.cl\/2014\/08\/20\/603c6d807ac00\/\"},\"author\":{\"name\":\"Consejo de Rectores de las Universidades Chilenas\",\"@id\":\"https:\/\/consejoderectores.cl\/en\/#\/schema\/person\/d863e44afde067fd4b57fac66ced709e\"},\"headline\":\"Rectores Zolezzi y Lavanchy se re\u00fanen con el Consejo Nacional de Trabajadores de la Universidades Chilenas\",\"datePublished\":\"2014-08-20T00:00:00+00:00\",\"dateModified\":\"2022-01-18T18:32:57+00:00\",\"mainEntityOfPage\":{\"@id\":\"https:\/\/consejoderectores.cl\/2014\/08\/20\/603c6d807ac00\/\"},\"wordCount\":244,\"commentCount\":0,\"publisher\":{\"@id\":\"https:\/\/consejoderectores.cl\/en\/#organization\"},\"image\":{\"@id\":\"https:\/\/consejoderectores.cl\/2014\/08\/20\/603c6d807ac00\/#primaryimage\"},\"thumbnailUrl\":\"https:\/\/consejoderectores.cl\/wp-content\/uploads\/2021\/10\/declaraciones-publicas.jpg\",\"articleSection\":[\"Noticias\"],\"inLanguage\":\"en-US\",\"potentialAction\":[{\"@type\":\"CommentAction\",\"name\":\"Comment\",\"target\":[\"https:\/\/consejoderectores.cl\/2014\/08\/20\/603c6d807ac00\/#respond\"]}]},{\"@type\":\"WebPage\",\"@id\":\"https:\/\/consejoderectores.cl\/2014\/08\/20\/603c6d807ac00\/\",\"url\":\"https:\/\/consejoderectores.cl\/2014\/08\/20\/603c6d807ac00\/\",\"name\":\"Rectores Zolezzi y Lavanchy se re\u00fanen con el Consejo Nacional de Trabajadores de la Universidades Chilenas - Consejo de Rectoras y Rectores de las Universidades Chilenas\",\"isPartOf\":{\"@id\":\"https:\/\/consejoderectores.cl\/en\/#website\"},\"primaryImageOfPage\":{\"@id\":\"https:\/\/consejoderectores.cl\/2014\/08\/20\/603c6d807ac00\/#primaryimage\"},\"image\":{\"@id\":\"https:\/\/consejoderectores.cl\/2014\/08\/20\/603c6d807ac00\/#primaryimage\"},\"thumbnailUrl\":\"https:\/\/consejoderectores.cl\/wp-content\/uploads\/2021\/10\/declaraciones-publicas.jpg\",\"datePublished\":\"2014-08-20T00:00:00+00:00\",\"dateModified\":\"2022-01-18T18:32:57+00:00\",\"breadcrumb\":{\"@id\":\"https:\/\/consejoderectores.cl\/2014\/08\/20\/603c6d807ac00\/#breadcrumb\"},\"inLanguage\":\"en-US\",\"potentialAction\":[{\"@type\":\"ReadAction\",\"target\":[\"https:\/\/consejoderectores.cl\/2014\/08\/20\/603c6d807ac00\/\"]}]},{\"@type\":\"ImageObject\",\"inLanguage\":\"en-US\",\"@id\":\"https:\/\/consejoderectores.cl\/2014\/08\/20\/603c6d807ac00\/#primaryimage\",\"url\":\"https:\/\/consejoderectores.cl\/wp-content\/uploads\/2021\/10\/declaraciones-publicas.jpg\",\"contentUrl\":\"https:\/\/consejoderectores.cl\/wp-content\/uploads\/2021\/10\/declaraciones-publicas.jpg\",\"width\":1024,\"height\":500},{\"@type\":\"BreadcrumbList\",\"@id\":\"https:\/\/consejoderectores.cl\/2014\/08\/20\/603c6d807ac00\/#breadcrumb\",\"itemListElement\":[{\"@type\":\"ListItem\",\"position\":1,\"name\":\"Home\",\"item\":\"https:\/\/consejoderectores.cl\/\"},{\"@type\":\"ListItem\",\"position\":2,\"name\":\"Rectores Zolezzi y Lavanchy se re\u00fanen con el Consejo Nacional de Trabajadores de la Universidades Chilenas\"}]},{\"@type\":\"WebSite\",\"@id\":\"https:\/\/consejoderectores.cl\/en\/#website\",\"url\":\"https:\/\/consejoderectores.cl\/en\/\",\"name\":\"Consejo de Rectoras y Rectores de las Universidades Chilenas\",\"description\":\"\",\"publisher\":{\"@id\":\"https:\/\/consejoderectores.cl\/en\/#organization\"},\"potentialAction\":[{\"@type\":\"SearchAction\",\"target\":{\"@type\":\"EntryPoint\",\"urlTemplate\":\"https:\/\/consejoderectores.cl\/en\/?s={search_term_string}\"},\"query-input\":{\"@type\":\"PropertyValueSpecification\",\"valueRequired\":true,\"valueName\":\"search_term_string\"}}],\"inLanguage\":\"en-US\"},{\"@type\":\"Organization\",\"@id\":\"https:\/\/consejoderectores.cl\/en\/#organization\",\"name\":\"Consejo de Rectoras y Rectores de las Universidades Chilenas\",\"url\":\"https:\/\/consejoderectores.cl\/en\/\",\"logo\":{\"@type\":\"ImageObject\",\"inLanguage\":\"en-US\",\"@id\":\"https:\/\/consejoderectores.cl\/en\/#\/schema\/logo\/image\/\",\"url\":\"https:\/\/consejoderectores.cl\/wp-content\/uploads\/2025\/12\/logoheader_2025.png\",\"contentUrl\":\"https:\/\/consejoderectores.cl\/wp-content\/uploads\/2025\/12\/logoheader_2025.png\",\"width\":666,\"height\":305,\"caption\":\"Consejo de Rectoras y Rectores de las Universidades Chilenas\"},\"image\":{\"@id\":\"https:\/\/consejoderectores.cl\/en\/#\/schema\/logo\/image\/\"},\"sameAs\":[\"https:\/\/x.com\/CRUCH_cl\",\"https:\/\/www.instagram.com\/consejoderectores\/\",\"https:\/\/www.linkedin.com\/company\/cruch\/\",\"https:\/\/www.youtube.com\/channel\/UCzgIFRCsDlKoFpimiQmEaOA\"]},{\"@type\":\"Person\",\"@id\":\"https:\/\/consejoderectores.cl\/en\/#\/schema\/person\/d863e44afde067fd4b57fac66ced709e\",\"name\":\"Consejo de Rectores de las Universidades Chilenas\",\"image\":{\"@type\":\"ImageObject\",\"inLanguage\":\"en-US\",\"@id\":\"https:\/\/consejoderectores.cl\/en\/#\/schema\/person\/image\/\",\"url\":\"https:\/\/secure.gravatar.com\/avatar\/c31e2a02401f041926afb8ee21ab666f0925814fe85d25a5c8db80e23722dfc1?s=96&d=mm&r=g\",\"contentUrl\":\"https:\/\/secure.gravatar.com\/avatar\/c31e2a02401f041926afb8ee21ab666f0925814fe85d25a5c8db80e23722dfc1?s=96&d=mm&r=g\",\"caption\":\"Consejo de Rectores de las Universidades Chilenas\"},\"sameAs\":[\"https:\/\/www.consejoderectores.cl\"],\"url\":\"https:\/\/consejoderectores.cl\/en\/author\/cruch\/\"}]}<\/script>\n<!-- \/ Yoast SEO plugin. -->","yoast_head_json":{"title":"Rectores Zolezzi y Lavanchy se re\u00fanen con el Consejo Nacional de Trabajadores de la Universidades Chilenas - Consejo de Rectoras y Rectores de las Universidades Chilenas","robots":{"index":"index","follow":"follow","max-snippet":"max-snippet:-1","max-image-preview":"max-image-preview:large","max-video-preview":"max-video-preview:-1"},"canonical":"https:\/\/consejoderectores.cl\/en\/2014\/08\/20\/603c6d807ac00\/","og_locale":"en_US","og_type":"article","og_title":"Rectores Zolezzi y Lavanchy se re\u00fanen con el Consejo Nacional de Trabajadores de la Universidades Chilenas - Consejo de Rectoras y Rectores de las Universidades Chilenas","og_description":"Representantes de los trabajadores de las universidades se reunieron con miembros del comit\u00e9 ejecutivo del CRUCH para entregar un documento con sus propuestas para la educaci\u00f3n superior Una docena de representantes del Consejo Nacional de Trabajadores de la Universidades Chilenas (Conatuch) se reuni\u00f3 con los rectores Juan Manuel Zolezzi y Sergio Lavanchy, en dependencias del [&hellip;]","og_url":"https:\/\/consejoderectores.cl\/en\/2014\/08\/20\/603c6d807ac00\/","og_site_name":"Consejo de Rectoras y Rectores de las Universidades Chilenas","article_published_time":"2014-08-20T00:00:00+00:00","article_modified_time":"2022-01-18T18:32:57+00:00","og_image":[{"width":1024,"height":500,"url":"https:\/\/consejoderectores.cl\/wp-content\/uploads\/2021\/10\/declaraciones-publicas.jpg","type":"image\/jpeg"}],"author":"Consejo de Rectores de las Universidades Chilenas","twitter_card":"summary_large_image","twitter_creator":"@CRUCH_cl","twitter_site":"@CRUCH_cl","twitter_misc":{"Written by":"Consejo de Rectores de las Universidades Chilenas","Est. reading time":"1 minute"},"schema":{"@context":"https:\/\/schema.org","@graph":[{"@type":"Article","@id":"https:\/\/consejoderectores.cl\/2014\/08\/20\/603c6d807ac00\/#article","isPartOf":{"@id":"https:\/\/consejoderectores.cl\/2014\/08\/20\/603c6d807ac00\/"},"author":{"name":"Consejo de Rectores de las Universidades Chilenas","@id":"https:\/\/consejoderectores.cl\/en\/#\/schema\/person\/d863e44afde067fd4b57fac66ced709e"},"headline":"Rectores Zolezzi y Lavanchy se re\u00fanen con el Consejo Nacional de Trabajadores de la Universidades Chilenas","datePublished":"2014-08-20T00:00:00+00:00","dateModified":"2022-01-18T18:32:57+00:00","mainEntityOfPage":{"@id":"https:\/\/consejoderectores.cl\/2014\/08\/20\/603c6d807ac00\/"},"wordCount":244,"commentCount":0,"publisher":{"@id":"https:\/\/consejoderectores.cl\/en\/#organization"},"image":{"@id":"https:\/\/consejoderectores.cl\/2014\/08\/20\/603c6d807ac00\/#primaryimage"},"thumbnailUrl":"https:\/\/consejoderectores.cl\/wp-content\/uploads\/2021\/10\/declaraciones-publicas.jpg","articleSection":["Noticias"],"inLanguage":"en-US","potentialAction":[{"@type":"CommentAction","name":"Comment","target":["https:\/\/consejoderectores.cl\/2014\/08\/20\/603c6d807ac00\/#respond"]}]},{"@type":"WebPage","@id":"https:\/\/consejoderectores.cl\/2014\/08\/20\/603c6d807ac00\/","url":"https:\/\/consejoderectores.cl\/2014\/08\/20\/603c6d807ac00\/","name":"Rectores Zolezzi y Lavanchy se re\u00fanen con el Consejo Nacional de Trabajadores de la Universidades Chilenas - Consejo de Rectoras y Rectores de las Universidades Chilenas","isPartOf":{"@id":"https:\/\/consejoderectores.cl\/en\/#website"},"primaryImageOfPage":{"@id":"https:\/\/consejoderectores.cl\/2014\/08\/20\/603c6d807ac00\/#primaryimage"},"image":{"@id":"https:\/\/consejoderectores.cl\/2014\/08\/20\/603c6d807ac00\/#primaryimage"},"thumbnailUrl":"https:\/\/consejoderectores.cl\/wp-content\/uploads\/2021\/10\/declaraciones-publicas.jpg","datePublished":"2014-08-20T00:00:00+00:00","dateModified":"2022-01-18T18:32:57+00:00","breadcrumb":{"@id":"https:\/\/consejoderectores.cl\/2014\/08\/20\/603c6d807ac00\/#breadcrumb"},"inLanguage":"en-US","potentialAction":[{"@type":"ReadAction","target":["https:\/\/consejoderectores.cl\/2014\/08\/20\/603c6d807ac00\/"]}]},{"@type":"ImageObject","inLanguage":"en-US","@id":"https:\/\/consejoderectores.cl\/2014\/08\/20\/603c6d807ac00\/#primaryimage","url":"https:\/\/consejoderectores.cl\/wp-content\/uploads\/2021\/10\/declaraciones-publicas.jpg","contentUrl":"https:\/\/consejoderectores.cl\/wp-content\/uploads\/2021\/10\/declaraciones-publicas.jpg","width":1024,"height":500},{"@type":"BreadcrumbList","@id":"https:\/\/consejoderectores.cl\/2014\/08\/20\/603c6d807ac00\/#breadcrumb","itemListElement":[{"@type":"ListItem","position":1,"name":"Home","item":"https:\/\/consejoderectores.cl\/"},{"@type":"ListItem","position":2,"name":"Rectores Zolezzi y Lavanchy se re\u00fanen con el Consejo Nacional de Trabajadores de la Universidades Chilenas"}]},{"@type":"WebSite","@id":"https:\/\/consejoderectores.cl\/en\/#website","url":"https:\/\/consejoderectores.cl\/en\/","name":"Council of Rectors of Chilean Universities","description":"","publisher":{"@id":"https:\/\/consejoderectores.cl\/en\/#organization"},"potentialAction":[{"@type":"SearchAction","target":{"@type":"EntryPoint","urlTemplate":"https:\/\/consejoderectores.cl\/en\/?s={search_term_string}"},"query-input":{"@type":"PropertyValueSpecification","valueRequired":true,"valueName":"search_term_string"}}],"inLanguage":"en-US"},{"@type":"Organization","@id":"https:\/\/consejoderectores.cl\/en\/#organization","name":"Council of Rectors of Chilean Universities","url":"https:\/\/consejoderectores.cl\/en\/","logo":{"@type":"ImageObject","inLanguage":"en-US","@id":"https:\/\/consejoderectores.cl\/en\/#\/schema\/logo\/image\/","url":"https:\/\/consejoderectores.cl\/wp-content\/uploads\/2025\/12\/logoheader_2025.png","contentUrl":"https:\/\/consejoderectores.cl\/wp-content\/uploads\/2025\/12\/logoheader_2025.png","width":666,"height":305,"caption":"Consejo de Rectoras y Rectores de las Universidades Chilenas"},"image":{"@id":"https:\/\/consejoderectores.cl\/en\/#\/schema\/logo\/image\/"},"sameAs":["https:\/\/x.com\/CRUCH_cl","https:\/\/www.instagram.com\/consejoderectores\/","https:\/\/www.linkedin.com\/company\/cruch\/","https:\/\/www.youtube.com\/channel\/UCzgIFRCsDlKoFpimiQmEaOA"]},{"@type":"Person","@id":"https:\/\/consejoderectores.cl\/en\/#\/schema\/person\/d863e44afde067fd4b57fac66ced709e","name":"Council of Rectors of Chilean Universities","image":{"@type":"ImageObject","inLanguage":"en-US","@id":"https:\/\/consejoderectores.cl\/en\/#\/schema\/person\/image\/","url":"https:\/\/secure.gravatar.com\/avatar\/c31e2a02401f041926afb8ee21ab666f0925814fe85d25a5c8db80e23722dfc1?s=96&d=mm&r=g","contentUrl":"https:\/\/secure.gravatar.com\/avatar\/c31e2a02401f041926afb8ee21ab666f0925814fe85d25a5c8db80e23722dfc1?s=96&d=mm&r=g","caption":"Consejo de Rectores de las Universidades Chilenas"},"sameAs":["https:\/\/www.consejoderectores.cl"],"url":"https:\/\/consejoderectores.cl\/en\/author\/cruch\/"}]}},"_links":{"self":[{"href":"https:\/\/consejoderectores.cl\/en\/wp-json\/wp\/v2\/posts\/1392","targetHints":{"allow":["GET"]}}],"collection":[{"href":"https:\/\/consejoderectores.cl\/en\/wp-json\/wp\/v2\/posts"}],"about":[{"href":"https:\/\/consejoderectores.cl\/en\/wp-json\/wp\/v2\/types\/post"}],"author":[{"embeddable":true,"href":"https:\/\/consejoderectores.cl\/en\/wp-json\/wp\/v2\/users\/1"}],"replies":[{"embeddable":true,"href":"https:\/\/consejoderectores.cl\/en\/wp-json\/wp\/v2\/comments?post=1392"}],"version-history":[{"count":2,"href":"https:\/\/consejoderectores.cl\/en\/wp-json\/wp\/v2\/posts\/1392\/revisions"}],"predecessor-version":[{"id":5468,"href":"https:\/\/consejoderectores.cl\/en\/wp-json\/wp\/v2\/posts\/1392\/revisions\/5468"}],"wp:featuredmedia":[{"embeddable":true,"href":"https:\/\/consejoderectores.cl\/en\/wp-json\/wp\/v2\/media\/3592"}],"wp:attachment":[{"href":"https:\/\/consejoderectores.cl\/en\/wp-json\/wp\/v2\/media?parent=1392"}],"wp:term":[{"taxonomy":"category","embeddable":true,"href":"https:\/\/consejoderectores.cl\/en\/wp-json\/wp\/v2\/categories?post=1392"},{"taxonomy":"post_tag","embeddable":true,"href":"https:\/\/consejoderectores.cl\/en\/wp-json\/wp\/v2\/tags?post=1392"}],"curies":[{"name":"wp","href":"https:\/\/api.w.org\/{rel}","templated":true}]}}