{"id":1387,"date":"2014-07-08T00:00:00","date_gmt":"2014-07-08T00:00:00","guid":{"rendered":""},"modified":"2022-01-18T19:02:10","modified_gmt":"2022-01-18T19:02:10","slug":"603c6d807a884","status":"publish","type":"post","link":"https:\/\/consejoderectores.cl\/en\/2014\/07\/08\/603c6d807a884\/","title":{"rendered":"Unique Admission System participates in equity and retention seminar organized by Universidad de La Serena"},"content":{"rendered":"<blockquote><p>The meeting brought together researchers and exhibitors from ten universities of the Council of Rectors, as well as a representative from the Ministry of Education.<\/p><\/blockquote>\n<p>The seminar &quot;Equity and Retention in Higher Education: Are we moving towards a structural change?&quot;, organized by the University of La Serena on June 26 and 27, was successfully held.<\/p>\n<p>The event was inaugurated by the Academic Vice-Rector of the University of La Serena, Dr. Jorge Catal\u00e1n, and was attended by the Head of the Academic Innovation Performance Agreement and FIAC, of the Higher Education Division (DIVESUP) of the Ministry of Education, Diana Veneros.<\/p>\n<p>Representing the Council of Rectors (CRUCH) were two researchers from the Unit of Studies of the Unified Admission System (SUA). Tom\u00e1s Larroucau presented the study \u201cGrade Ranking in the 2014 Admission Process,\u201d and Valeria Signorini led a panel discussion on the presentation \u201cMethodological Proposal for Dropout Studies in Universities.\u201d.<\/p>\n<p>The presence of the Council of Rectors was positively valued by the organizers.<\/p>\n<h4>Participating Universities<\/h4>\n<p>The seminar program included presentations and lectures by academics from ten universities of the Council of Rectors, who shared the initiatives they have developed to improve equity and student retention.<\/p>\n<p>The following universities participated: Catholic University of Temuco, Catholic University of the North (Antofagasta and Coquimbo campuses), Pontifical Catholic University, University of Magallanes, Pontifical Catholic University of Valpara\u00edso, University of La Frontera, University of Santiago de Chile, University of Chile, Metropolitan University of Educational Sciences and University of La Serena.<\/p>\n<p><em>Photo: University of La Serena.\u00a0<\/em><\/p>\n<p>&nbsp;<\/p>","protected":false},"excerpt":{"rendered":"<p>El encuentro congreg\u00f3 a investigadores y expositores de diez universidades del Consejo de Rectores, adem\u00e1s de una representante del Ministerio de Educaci\u00f3n. Con \u00e9xito se desarroll\u00f3 el seminario \u00abEquidad y Retenci\u00f3n en la Educaci\u00f3n Superior: \u00bfEstamos avanzando hacia un cambio estructural?\u00bb, organizado por la Universidad de La Serena el 26 y 27 de junio. El [&hellip;]<\/p>\n","protected":false},"author":1,"featured_media":5480,"comment_status":"open","ping_status":"open","sticky":false,"template":"","format":"standard","meta":{"_acf_changed":false,"footnotes":""},"categories":[3],"tags":[],"class_list":["post-1387","post","type-post","status-publish","format-standard","has-post-thumbnail","hentry","category-noticias"],"acf":[],"yoast_head":"<!-- This site is optimized with the Yoast SEO plugin v27.1.1 - https:\/\/yoast.com\/product\/yoast-seo-wordpress\/ -->\n<title>Sistema \u00danico de Admisi\u00f3n participa en seminario de equidad y retenci\u00f3n organizado por Universidad de La Serena - Consejo de Rectoras y Rectores de las Universidades Chilenas<\/title>\n<meta name=\"robots\" content=\"index, follow, max-snippet:-1, max-image-preview:large, max-video-preview:-1\" \/>\n<link rel=\"canonical\" href=\"https:\/\/consejoderectores.cl\/en\/2014\/07\/08\/603c6d807a884\/\" \/>\n<meta property=\"og:locale\" content=\"en_US\" \/>\n<meta property=\"og:type\" content=\"article\" \/>\n<meta property=\"og:title\" content=\"Sistema \u00danico de Admisi\u00f3n participa en seminario de equidad y retenci\u00f3n organizado por Universidad de La Serena - Consejo de Rectoras y Rectores de las Universidades Chilenas\" \/>\n<meta property=\"og:description\" content=\"El encuentro congreg\u00f3 a investigadores y expositores de diez universidades del Consejo de Rectores, adem\u00e1s de una representante del Ministerio de Educaci\u00f3n. Con \u00e9xito se desarroll\u00f3 el seminario \u00abEquidad y Retenci\u00f3n en la Educaci\u00f3n Superior: \u00bfEstamos avanzando hacia un cambio estructural?\u00bb, organizado por la Universidad de La Serena el 26 y 27 de junio. El [&hellip;]\" \/>\n<meta property=\"og:url\" content=\"https:\/\/consejoderectores.cl\/en\/2014\/07\/08\/603c6d807a884\/\" \/>\n<meta property=\"og:site_name\" content=\"Consejo de Rectoras y Rectores de las Universidades Chilenas\" \/>\n<meta property=\"article:published_time\" content=\"2014-07-08T00:00:00+00:00\" \/>\n<meta property=\"article:modified_time\" content=\"2022-01-18T19:02:10+00:00\" \/>\n<meta property=\"og:image\" content=\"https:\/\/consejoderectores.cl\/wp-content\/uploads\/2014\/07\/seminario_equidad_1.jpg\" \/>\n\t<meta property=\"og:image:width\" content=\"850\" \/>\n\t<meta property=\"og:image:height\" content=\"350\" \/>\n\t<meta property=\"og:image:type\" content=\"image\/jpeg\" \/>\n<meta name=\"author\" content=\"Consejo de Rectores de las Universidades Chilenas\" \/>\n<meta name=\"twitter:card\" content=\"summary_large_image\" \/>\n<meta name=\"twitter:creator\" content=\"@CRUCH_cl\" \/>\n<meta name=\"twitter:site\" content=\"@CRUCH_cl\" \/>\n<meta name=\"twitter:label1\" content=\"Written by\" \/>\n\t<meta name=\"twitter:data1\" content=\"Consejo de Rectores de las Universidades Chilenas\" \/>\n\t<meta name=\"twitter:label2\" content=\"Est. reading time\" \/>\n\t<meta name=\"twitter:data2\" content=\"1 minute\" \/>\n<script type=\"application\/ld+json\" class=\"yoast-schema-graph\">{\"@context\":\"https:\/\/schema.org\",\"@graph\":[{\"@type\":\"Article\",\"@id\":\"https:\/\/consejoderectores.cl\/2014\/07\/08\/603c6d807a884\/#article\",\"isPartOf\":{\"@id\":\"https:\/\/consejoderectores.cl\/2014\/07\/08\/603c6d807a884\/\"},\"author\":{\"name\":\"Consejo de Rectores de las Universidades Chilenas\",\"@id\":\"https:\/\/consejoderectores.cl\/en\/#\/schema\/person\/d863e44afde067fd4b57fac66ced709e\"},\"headline\":\"Sistema \u00danico de Admisi\u00f3n participa en seminario de equidad y retenci\u00f3n organizado por Universidad de La Serena\",\"datePublished\":\"2014-07-08T00:00:00+00:00\",\"dateModified\":\"2022-01-18T19:02:10+00:00\",\"mainEntityOfPage\":{\"@id\":\"https:\/\/consejoderectores.cl\/2014\/07\/08\/603c6d807a884\/\"},\"wordCount\":311,\"commentCount\":0,\"publisher\":{\"@id\":\"https:\/\/consejoderectores.cl\/en\/#organization\"},\"image\":{\"@id\":\"https:\/\/consejoderectores.cl\/2014\/07\/08\/603c6d807a884\/#primaryimage\"},\"thumbnailUrl\":\"https:\/\/consejoderectores.cl\/wp-content\/uploads\/2014\/07\/seminario_equidad_1.jpg\",\"articleSection\":[\"Noticias\"],\"inLanguage\":\"en-US\",\"potentialAction\":[{\"@type\":\"CommentAction\",\"name\":\"Comment\",\"target\":[\"https:\/\/consejoderectores.cl\/2014\/07\/08\/603c6d807a884\/#respond\"]}]},{\"@type\":\"WebPage\",\"@id\":\"https:\/\/consejoderectores.cl\/2014\/07\/08\/603c6d807a884\/\",\"url\":\"https:\/\/consejoderectores.cl\/2014\/07\/08\/603c6d807a884\/\",\"name\":\"Sistema \u00danico de Admisi\u00f3n participa en seminario de equidad y retenci\u00f3n organizado por Universidad de La Serena - Consejo de Rectoras y Rectores de las Universidades Chilenas\",\"isPartOf\":{\"@id\":\"https:\/\/consejoderectores.cl\/en\/#website\"},\"primaryImageOfPage\":{\"@id\":\"https:\/\/consejoderectores.cl\/2014\/07\/08\/603c6d807a884\/#primaryimage\"},\"image\":{\"@id\":\"https:\/\/consejoderectores.cl\/2014\/07\/08\/603c6d807a884\/#primaryimage\"},\"thumbnailUrl\":\"https:\/\/consejoderectores.cl\/wp-content\/uploads\/2014\/07\/seminario_equidad_1.jpg\",\"datePublished\":\"2014-07-08T00:00:00+00:00\",\"dateModified\":\"2022-01-18T19:02:10+00:00\",\"breadcrumb\":{\"@id\":\"https:\/\/consejoderectores.cl\/2014\/07\/08\/603c6d807a884\/#breadcrumb\"},\"inLanguage\":\"en-US\",\"potentialAction\":[{\"@type\":\"ReadAction\",\"target\":[\"https:\/\/consejoderectores.cl\/2014\/07\/08\/603c6d807a884\/\"]}]},{\"@type\":\"ImageObject\",\"inLanguage\":\"en-US\",\"@id\":\"https:\/\/consejoderectores.cl\/2014\/07\/08\/603c6d807a884\/#primaryimage\",\"url\":\"https:\/\/consejoderectores.cl\/wp-content\/uploads\/2014\/07\/seminario_equidad_1.jpg\",\"contentUrl\":\"https:\/\/consejoderectores.cl\/wp-content\/uploads\/2014\/07\/seminario_equidad_1.jpg\",\"width\":850,\"height\":350},{\"@type\":\"BreadcrumbList\",\"@id\":\"https:\/\/consejoderectores.cl\/2014\/07\/08\/603c6d807a884\/#breadcrumb\",\"itemListElement\":[{\"@type\":\"ListItem\",\"position\":1,\"name\":\"Home\",\"item\":\"https:\/\/consejoderectores.cl\/\"},{\"@type\":\"ListItem\",\"position\":2,\"name\":\"Sistema \u00danico de Admisi\u00f3n participa en seminario de equidad y retenci\u00f3n organizado por Universidad de La Serena\"}]},{\"@type\":\"WebSite\",\"@id\":\"https:\/\/consejoderectores.cl\/en\/#website\",\"url\":\"https:\/\/consejoderectores.cl\/en\/\",\"name\":\"Consejo de Rectoras y Rectores de las Universidades Chilenas\",\"description\":\"\",\"publisher\":{\"@id\":\"https:\/\/consejoderectores.cl\/en\/#organization\"},\"potentialAction\":[{\"@type\":\"SearchAction\",\"target\":{\"@type\":\"EntryPoint\",\"urlTemplate\":\"https:\/\/consejoderectores.cl\/en\/?s={search_term_string}\"},\"query-input\":{\"@type\":\"PropertyValueSpecification\",\"valueRequired\":true,\"valueName\":\"search_term_string\"}}],\"inLanguage\":\"en-US\"},{\"@type\":\"Organization\",\"@id\":\"https:\/\/consejoderectores.cl\/en\/#organization\",\"name\":\"Consejo de Rectoras y Rectores de las Universidades Chilenas\",\"url\":\"https:\/\/consejoderectores.cl\/en\/\",\"logo\":{\"@type\":\"ImageObject\",\"inLanguage\":\"en-US\",\"@id\":\"https:\/\/consejoderectores.cl\/en\/#\/schema\/logo\/image\/\",\"url\":\"https:\/\/consejoderectores.cl\/wp-content\/uploads\/2025\/12\/logoheader_2025.png\",\"contentUrl\":\"https:\/\/consejoderectores.cl\/wp-content\/uploads\/2025\/12\/logoheader_2025.png\",\"width\":666,\"height\":305,\"caption\":\"Consejo de Rectoras y Rectores de las Universidades Chilenas\"},\"image\":{\"@id\":\"https:\/\/consejoderectores.cl\/en\/#\/schema\/logo\/image\/\"},\"sameAs\":[\"https:\/\/x.com\/CRUCH_cl\",\"https:\/\/www.instagram.com\/consejoderectores\/\",\"https:\/\/www.linkedin.com\/company\/cruch\/\",\"https:\/\/www.youtube.com\/channel\/UCzgIFRCsDlKoFpimiQmEaOA\"]},{\"@type\":\"Person\",\"@id\":\"https:\/\/consejoderectores.cl\/en\/#\/schema\/person\/d863e44afde067fd4b57fac66ced709e\",\"name\":\"Consejo de Rectores de las Universidades Chilenas\",\"image\":{\"@type\":\"ImageObject\",\"inLanguage\":\"en-US\",\"@id\":\"https:\/\/consejoderectores.cl\/en\/#\/schema\/person\/image\/\",\"url\":\"https:\/\/secure.gravatar.com\/avatar\/c31e2a02401f041926afb8ee21ab666f0925814fe85d25a5c8db80e23722dfc1?s=96&d=mm&r=g\",\"contentUrl\":\"https:\/\/secure.gravatar.com\/avatar\/c31e2a02401f041926afb8ee21ab666f0925814fe85d25a5c8db80e23722dfc1?s=96&d=mm&r=g\",\"caption\":\"Consejo de Rectores de las Universidades Chilenas\"},\"sameAs\":[\"https:\/\/www.consejoderectores.cl\"],\"url\":\"https:\/\/consejoderectores.cl\/en\/author\/cruch\/\"}]}<\/script>\n<!-- \/ Yoast SEO plugin. -->","yoast_head_json":{"title":"Sistema \u00danico de Admisi\u00f3n participa en seminario de equidad y retenci\u00f3n organizado por Universidad de La Serena - Consejo de Rectoras y Rectores de las Universidades Chilenas","robots":{"index":"index","follow":"follow","max-snippet":"max-snippet:-1","max-image-preview":"max-image-preview:large","max-video-preview":"max-video-preview:-1"},"canonical":"https:\/\/consejoderectores.cl\/en\/2014\/07\/08\/603c6d807a884\/","og_locale":"en_US","og_type":"article","og_title":"Sistema \u00danico de Admisi\u00f3n participa en seminario de equidad y retenci\u00f3n organizado por Universidad de La Serena - Consejo de Rectoras y Rectores de las Universidades Chilenas","og_description":"El encuentro congreg\u00f3 a investigadores y expositores de diez universidades del Consejo de Rectores, adem\u00e1s de una representante del Ministerio de Educaci\u00f3n. Con \u00e9xito se desarroll\u00f3 el seminario \u00abEquidad y Retenci\u00f3n en la Educaci\u00f3n Superior: \u00bfEstamos avanzando hacia un cambio estructural?\u00bb, organizado por la Universidad de La Serena el 26 y 27 de junio. El [&hellip;]","og_url":"https:\/\/consejoderectores.cl\/en\/2014\/07\/08\/603c6d807a884\/","og_site_name":"Consejo de Rectoras y Rectores de las Universidades Chilenas","article_published_time":"2014-07-08T00:00:00+00:00","article_modified_time":"2022-01-18T19:02:10+00:00","og_image":[{"width":850,"height":350,"url":"https:\/\/consejoderectores.cl\/wp-content\/uploads\/2014\/07\/seminario_equidad_1.jpg","type":"image\/jpeg"}],"author":"Consejo de Rectores de las Universidades Chilenas","twitter_card":"summary_large_image","twitter_creator":"@CRUCH_cl","twitter_site":"@CRUCH_cl","twitter_misc":{"Written by":"Consejo de Rectores de las Universidades Chilenas","Est. reading time":"1 minute"},"schema":{"@context":"https:\/\/schema.org","@graph":[{"@type":"Article","@id":"https:\/\/consejoderectores.cl\/2014\/07\/08\/603c6d807a884\/#article","isPartOf":{"@id":"https:\/\/consejoderectores.cl\/2014\/07\/08\/603c6d807a884\/"},"author":{"name":"Consejo de Rectores de las Universidades Chilenas","@id":"https:\/\/consejoderectores.cl\/en\/#\/schema\/person\/d863e44afde067fd4b57fac66ced709e"},"headline":"Sistema \u00danico de Admisi\u00f3n participa en seminario de equidad y retenci\u00f3n organizado por Universidad de La Serena","datePublished":"2014-07-08T00:00:00+00:00","dateModified":"2022-01-18T19:02:10+00:00","mainEntityOfPage":{"@id":"https:\/\/consejoderectores.cl\/2014\/07\/08\/603c6d807a884\/"},"wordCount":311,"commentCount":0,"publisher":{"@id":"https:\/\/consejoderectores.cl\/en\/#organization"},"image":{"@id":"https:\/\/consejoderectores.cl\/2014\/07\/08\/603c6d807a884\/#primaryimage"},"thumbnailUrl":"https:\/\/consejoderectores.cl\/wp-content\/uploads\/2014\/07\/seminario_equidad_1.jpg","articleSection":["Noticias"],"inLanguage":"en-US","potentialAction":[{"@type":"CommentAction","name":"Comment","target":["https:\/\/consejoderectores.cl\/2014\/07\/08\/603c6d807a884\/#respond"]}]},{"@type":"WebPage","@id":"https:\/\/consejoderectores.cl\/2014\/07\/08\/603c6d807a884\/","url":"https:\/\/consejoderectores.cl\/2014\/07\/08\/603c6d807a884\/","name":"Sistema \u00danico de Admisi\u00f3n participa en seminario de equidad y retenci\u00f3n organizado por Universidad de La Serena - Consejo de Rectoras y Rectores de las Universidades Chilenas","isPartOf":{"@id":"https:\/\/consejoderectores.cl\/en\/#website"},"primaryImageOfPage":{"@id":"https:\/\/consejoderectores.cl\/2014\/07\/08\/603c6d807a884\/#primaryimage"},"image":{"@id":"https:\/\/consejoderectores.cl\/2014\/07\/08\/603c6d807a884\/#primaryimage"},"thumbnailUrl":"https:\/\/consejoderectores.cl\/wp-content\/uploads\/2014\/07\/seminario_equidad_1.jpg","datePublished":"2014-07-08T00:00:00+00:00","dateModified":"2022-01-18T19:02:10+00:00","breadcrumb":{"@id":"https:\/\/consejoderectores.cl\/2014\/07\/08\/603c6d807a884\/#breadcrumb"},"inLanguage":"en-US","potentialAction":[{"@type":"ReadAction","target":["https:\/\/consejoderectores.cl\/2014\/07\/08\/603c6d807a884\/"]}]},{"@type":"ImageObject","inLanguage":"en-US","@id":"https:\/\/consejoderectores.cl\/2014\/07\/08\/603c6d807a884\/#primaryimage","url":"https:\/\/consejoderectores.cl\/wp-content\/uploads\/2014\/07\/seminario_equidad_1.jpg","contentUrl":"https:\/\/consejoderectores.cl\/wp-content\/uploads\/2014\/07\/seminario_equidad_1.jpg","width":850,"height":350},{"@type":"BreadcrumbList","@id":"https:\/\/consejoderectores.cl\/2014\/07\/08\/603c6d807a884\/#breadcrumb","itemListElement":[{"@type":"ListItem","position":1,"name":"Home","item":"https:\/\/consejoderectores.cl\/"},{"@type":"ListItem","position":2,"name":"Sistema \u00danico de Admisi\u00f3n participa en seminario de equidad y retenci\u00f3n organizado por Universidad de La Serena"}]},{"@type":"WebSite","@id":"https:\/\/consejoderectores.cl\/en\/#website","url":"https:\/\/consejoderectores.cl\/en\/","name":"Council of Rectors of Chilean Universities","description":"","publisher":{"@id":"https:\/\/consejoderectores.cl\/en\/#organization"},"potentialAction":[{"@type":"SearchAction","target":{"@type":"EntryPoint","urlTemplate":"https:\/\/consejoderectores.cl\/en\/?s={search_term_string}"},"query-input":{"@type":"PropertyValueSpecification","valueRequired":true,"valueName":"search_term_string"}}],"inLanguage":"en-US"},{"@type":"Organization","@id":"https:\/\/consejoderectores.cl\/en\/#organization","name":"Council of Rectors of Chilean Universities","url":"https:\/\/consejoderectores.cl\/en\/","logo":{"@type":"ImageObject","inLanguage":"en-US","@id":"https:\/\/consejoderectores.cl\/en\/#\/schema\/logo\/image\/","url":"https:\/\/consejoderectores.cl\/wp-content\/uploads\/2025\/12\/logoheader_2025.png","contentUrl":"https:\/\/consejoderectores.cl\/wp-content\/uploads\/2025\/12\/logoheader_2025.png","width":666,"height":305,"caption":"Consejo de Rectoras y Rectores de las Universidades Chilenas"},"image":{"@id":"https:\/\/consejoderectores.cl\/en\/#\/schema\/logo\/image\/"},"sameAs":["https:\/\/x.com\/CRUCH_cl","https:\/\/www.instagram.com\/consejoderectores\/","https:\/\/www.linkedin.com\/company\/cruch\/","https:\/\/www.youtube.com\/channel\/UCzgIFRCsDlKoFpimiQmEaOA"]},{"@type":"Person","@id":"https:\/\/consejoderectores.cl\/en\/#\/schema\/person\/d863e44afde067fd4b57fac66ced709e","name":"Council of Rectors of Chilean Universities","image":{"@type":"ImageObject","inLanguage":"en-US","@id":"https:\/\/consejoderectores.cl\/en\/#\/schema\/person\/image\/","url":"https:\/\/secure.gravatar.com\/avatar\/c31e2a02401f041926afb8ee21ab666f0925814fe85d25a5c8db80e23722dfc1?s=96&d=mm&r=g","contentUrl":"https:\/\/secure.gravatar.com\/avatar\/c31e2a02401f041926afb8ee21ab666f0925814fe85d25a5c8db80e23722dfc1?s=96&d=mm&r=g","caption":"Consejo de Rectores de las Universidades Chilenas"},"sameAs":["https:\/\/www.consejoderectores.cl"],"url":"https:\/\/consejoderectores.cl\/en\/author\/cruch\/"}]}},"_links":{"self":[{"href":"https:\/\/consejoderectores.cl\/en\/wp-json\/wp\/v2\/posts\/1387","targetHints":{"allow":["GET"]}}],"collection":[{"href":"https:\/\/consejoderectores.cl\/en\/wp-json\/wp\/v2\/posts"}],"about":[{"href":"https:\/\/consejoderectores.cl\/en\/wp-json\/wp\/v2\/types\/post"}],"author":[{"embeddable":true,"href":"https:\/\/consejoderectores.cl\/en\/wp-json\/wp\/v2\/users\/1"}],"replies":[{"embeddable":true,"href":"https:\/\/consejoderectores.cl\/en\/wp-json\/wp\/v2\/comments?post=1387"}],"version-history":[{"count":2,"href":"https:\/\/consejoderectores.cl\/en\/wp-json\/wp\/v2\/posts\/1387\/revisions"}],"predecessor-version":[{"id":5481,"href":"https:\/\/consejoderectores.cl\/en\/wp-json\/wp\/v2\/posts\/1387\/revisions\/5481"}],"wp:featuredmedia":[{"embeddable":true,"href":"https:\/\/consejoderectores.cl\/en\/wp-json\/wp\/v2\/media\/5480"}],"wp:attachment":[{"href":"https:\/\/consejoderectores.cl\/en\/wp-json\/wp\/v2\/media?parent=1387"}],"wp:term":[{"taxonomy":"category","embeddable":true,"href":"https:\/\/consejoderectores.cl\/en\/wp-json\/wp\/v2\/categories?post=1387"},{"taxonomy":"post_tag","embeddable":true,"href":"https:\/\/consejoderectores.cl\/en\/wp-json\/wp\/v2\/tags?post=1387"}],"curies":[{"name":"wp","href":"https:\/\/api.w.org\/{rel}","templated":true}]}}