{"id":1382,"date":"2014-06-12T00:00:00","date_gmt":"2014-06-12T00:00:00","guid":{"rendered":""},"modified":"2022-01-18T19:28:56","modified_gmt":"2022-01-18T19:28:56","slug":"603c6d807a4f8","status":"publish","type":"post","link":"https:\/\/consejoderectores.cl\/en\/2014\/06\/12\/603c6d807a4f8\/","title":{"rendered":"Weightings: Universities consolidate Ranking of Notes in Admission Process 2015"},"content":{"rendered":"<blockquote><p>Approximately 90% of the programs maintain the same ranking weighting as last year. The publication of the PSU\u00ae test battery facsimiles, incorporating the changes made due to the Curriculum Adjustment, is expected during the last week of June.<\/p><\/blockquote>\n<p>The executive vice president of the Council of Rectors, Juan Manuel Zolezzi, together with the acting director of the Single Admission System (SUA), Ang\u00e9lica Bosch and the acting director of the Department of Educational Evaluation, Measurement and Registration (DEMRE) of the University of Chile, Sergio Carum\u00e1n, announced details of the innovations that the University Selection Tests (PSU) will have, as well as the weightings that each university assigned to its careers.<\/p>\n<p>Regarding the innovations, they noted that this year the penalty for incorrect answers has been eliminated and pilot questions have been added to the Mathematics test. Furthermore, during the week of June 23, practice tests for each exam will be published, based on the new syllabi adapted to the Curriculum Adjustment, which were announced in May.<\/p>\n<h4>Weightings<\/h4>\n<p>Regarding the weightings, it should be noted that of the 1,385 programs offered last year and also to be offered in 2015, 88.71% (TP3T) maintain the same weightings (PSU Battery \u2013 NEM-Ranking). 89.31% (TP3T) maintain the same weighting for the Grade Ranking. Of those that change, 132 increase their Ranking weighting and 15 decrease it.<\/p>\n<p>On average, the universities that have seen the greatest increase in their ranking weight are the University of Valpara\u00edso (11.1%), the Metropolitan Technological University (10.7%), and the Catholic University of the North (5%). Meanwhile, the University of Magallanes has experienced an average decrease in its ranking weight of 4.2%.<\/p>\n<p>Thus, a total of 302 races set their Ranking weighting at 40%, 81 races at 30%, 136 races at 25%, 473 races at 20%, 108 races at 15%, and 291 races at 10%. In total, this year the system will offer 1,391 races.<\/p>\n<h4>2015 Admission Process Calendar<\/h4>\n<p>Regarding the schedule, it&#039;s important to remember that the PSU exams will be administered on December 1st and 2nd, and the results will be released on Sunday, December 21st at 8:00 a.m. The application period begins at 9:00 a.m. that same day and will run until Wednesday, December 24th at 1:00 p.m.<\/p>\n<p>The results of the applications will be announced on Sunday, January 4th at 11:00 PM and the registration period will run from Monday, January 5th to Wednesday, January 7th, 2015.<\/p>","protected":false},"excerpt":{"rendered":"<p>Aproximadamente el 90% de las carreras mantiene ponderaci\u00f3n Ranking del a\u00f1o pasado. Para la \u00faltima semana de junio se espera la publicaci\u00f3n de los facs\u00edmiles de la bater\u00eda PSU\u00ae que incorporan los cambios efectuados debido al Ajuste Curricular. El vicepresidente ejecutivo del Consejo de Rectores, Juan Manuel Zolezzi, junto con la directora (s) del Sistema [&hellip;]<\/p>\n","protected":false},"author":1,"featured_media":3592,"comment_status":"open","ping_status":"open","sticky":false,"template":"","format":"standard","meta":{"_acf_changed":false,"footnotes":""},"categories":[3],"tags":[],"class_list":["post-1382","post","type-post","status-publish","format-standard","has-post-thumbnail","hentry","category-noticias"],"acf":[],"yoast_head":"<!-- This site is optimized with the Yoast SEO plugin v27.1.1 - https:\/\/yoast.com\/product\/yoast-seo-wordpress\/ -->\n<title>Ponderaciones: Universidades consolidan Ranking de Notas en Proceso de Admisi\u00f3n 2015 - Consejo de Rectoras y Rectores de las Universidades Chilenas<\/title>\n<meta name=\"robots\" content=\"index, follow, max-snippet:-1, max-image-preview:large, max-video-preview:-1\" \/>\n<link rel=\"canonical\" href=\"https:\/\/consejoderectores.cl\/en\/2014\/06\/12\/603c6d807a4f8\/\" \/>\n<meta property=\"og:locale\" content=\"en_US\" \/>\n<meta property=\"og:type\" content=\"article\" \/>\n<meta property=\"og:title\" content=\"Ponderaciones: Universidades consolidan Ranking de Notas en Proceso de Admisi\u00f3n 2015 - Consejo de Rectoras y Rectores de las Universidades Chilenas\" \/>\n<meta property=\"og:description\" content=\"Aproximadamente el 90% de las carreras mantiene ponderaci\u00f3n Ranking del a\u00f1o pasado. Para la \u00faltima semana de junio se espera la publicaci\u00f3n de los facs\u00edmiles de la bater\u00eda PSU\u00ae que incorporan los cambios efectuados debido al Ajuste Curricular. El vicepresidente ejecutivo del Consejo de Rectores, Juan Manuel Zolezzi, junto con la directora (s) del Sistema [&hellip;]\" \/>\n<meta property=\"og:url\" content=\"https:\/\/consejoderectores.cl\/en\/2014\/06\/12\/603c6d807a4f8\/\" \/>\n<meta property=\"og:site_name\" content=\"Consejo de Rectoras y Rectores de las Universidades Chilenas\" \/>\n<meta property=\"article:published_time\" content=\"2014-06-12T00:00:00+00:00\" \/>\n<meta property=\"article:modified_time\" content=\"2022-01-18T19:28:56+00:00\" \/>\n<meta property=\"og:image\" content=\"https:\/\/consejoderectores.cl\/wp-content\/uploads\/2021\/10\/declaraciones-publicas.jpg\" \/>\n\t<meta property=\"og:image:width\" content=\"1024\" \/>\n\t<meta property=\"og:image:height\" content=\"500\" \/>\n\t<meta property=\"og:image:type\" content=\"image\/jpeg\" \/>\n<meta name=\"author\" content=\"Consejo de Rectores de las Universidades Chilenas\" \/>\n<meta name=\"twitter:card\" content=\"summary_large_image\" \/>\n<meta name=\"twitter:creator\" content=\"@CRUCH_cl\" \/>\n<meta name=\"twitter:site\" content=\"@CRUCH_cl\" \/>\n<meta name=\"twitter:label1\" content=\"Written by\" \/>\n\t<meta name=\"twitter:data1\" content=\"Consejo de Rectores de las Universidades Chilenas\" \/>\n\t<meta name=\"twitter:label2\" content=\"Est. reading time\" \/>\n\t<meta name=\"twitter:data2\" content=\"2 minutes\" \/>\n<script type=\"application\/ld+json\" class=\"yoast-schema-graph\">{\"@context\":\"https:\/\/schema.org\",\"@graph\":[{\"@type\":\"Article\",\"@id\":\"https:\/\/consejoderectores.cl\/2014\/06\/12\/603c6d807a4f8\/#article\",\"isPartOf\":{\"@id\":\"https:\/\/consejoderectores.cl\/2014\/06\/12\/603c6d807a4f8\/\"},\"author\":{\"name\":\"Consejo de Rectores de las Universidades Chilenas\",\"@id\":\"https:\/\/consejoderectores.cl\/en\/#\/schema\/person\/d863e44afde067fd4b57fac66ced709e\"},\"headline\":\"Ponderaciones: Universidades consolidan Ranking de Notas en Proceso de Admisi\u00f3n 2015\",\"datePublished\":\"2014-06-12T00:00:00+00:00\",\"dateModified\":\"2022-01-18T19:28:56+00:00\",\"mainEntityOfPage\":{\"@id\":\"https:\/\/consejoderectores.cl\/2014\/06\/12\/603c6d807a4f8\/\"},\"wordCount\":432,\"commentCount\":0,\"publisher\":{\"@id\":\"https:\/\/consejoderectores.cl\/en\/#organization\"},\"image\":{\"@id\":\"https:\/\/consejoderectores.cl\/2014\/06\/12\/603c6d807a4f8\/#primaryimage\"},\"thumbnailUrl\":\"https:\/\/consejoderectores.cl\/wp-content\/uploads\/2021\/10\/declaraciones-publicas.jpg\",\"articleSection\":[\"Noticias\"],\"inLanguage\":\"en-US\",\"potentialAction\":[{\"@type\":\"CommentAction\",\"name\":\"Comment\",\"target\":[\"https:\/\/consejoderectores.cl\/2014\/06\/12\/603c6d807a4f8\/#respond\"]}]},{\"@type\":\"WebPage\",\"@id\":\"https:\/\/consejoderectores.cl\/2014\/06\/12\/603c6d807a4f8\/\",\"url\":\"https:\/\/consejoderectores.cl\/2014\/06\/12\/603c6d807a4f8\/\",\"name\":\"Ponderaciones: Universidades consolidan Ranking de Notas en Proceso de Admisi\u00f3n 2015 - Consejo de Rectoras y Rectores de las Universidades Chilenas\",\"isPartOf\":{\"@id\":\"https:\/\/consejoderectores.cl\/en\/#website\"},\"primaryImageOfPage\":{\"@id\":\"https:\/\/consejoderectores.cl\/2014\/06\/12\/603c6d807a4f8\/#primaryimage\"},\"image\":{\"@id\":\"https:\/\/consejoderectores.cl\/2014\/06\/12\/603c6d807a4f8\/#primaryimage\"},\"thumbnailUrl\":\"https:\/\/consejoderectores.cl\/wp-content\/uploads\/2021\/10\/declaraciones-publicas.jpg\",\"datePublished\":\"2014-06-12T00:00:00+00:00\",\"dateModified\":\"2022-01-18T19:28:56+00:00\",\"breadcrumb\":{\"@id\":\"https:\/\/consejoderectores.cl\/2014\/06\/12\/603c6d807a4f8\/#breadcrumb\"},\"inLanguage\":\"en-US\",\"potentialAction\":[{\"@type\":\"ReadAction\",\"target\":[\"https:\/\/consejoderectores.cl\/2014\/06\/12\/603c6d807a4f8\/\"]}]},{\"@type\":\"ImageObject\",\"inLanguage\":\"en-US\",\"@id\":\"https:\/\/consejoderectores.cl\/2014\/06\/12\/603c6d807a4f8\/#primaryimage\",\"url\":\"https:\/\/consejoderectores.cl\/wp-content\/uploads\/2021\/10\/declaraciones-publicas.jpg\",\"contentUrl\":\"https:\/\/consejoderectores.cl\/wp-content\/uploads\/2021\/10\/declaraciones-publicas.jpg\",\"width\":1024,\"height\":500},{\"@type\":\"BreadcrumbList\",\"@id\":\"https:\/\/consejoderectores.cl\/2014\/06\/12\/603c6d807a4f8\/#breadcrumb\",\"itemListElement\":[{\"@type\":\"ListItem\",\"position\":1,\"name\":\"Home\",\"item\":\"https:\/\/consejoderectores.cl\/\"},{\"@type\":\"ListItem\",\"position\":2,\"name\":\"Ponderaciones: Universidades consolidan Ranking de Notas en Proceso de Admisi\u00f3n 2015\"}]},{\"@type\":\"WebSite\",\"@id\":\"https:\/\/consejoderectores.cl\/en\/#website\",\"url\":\"https:\/\/consejoderectores.cl\/en\/\",\"name\":\"Consejo de Rectoras y Rectores de las Universidades Chilenas\",\"description\":\"\",\"publisher\":{\"@id\":\"https:\/\/consejoderectores.cl\/en\/#organization\"},\"potentialAction\":[{\"@type\":\"SearchAction\",\"target\":{\"@type\":\"EntryPoint\",\"urlTemplate\":\"https:\/\/consejoderectores.cl\/en\/?s={search_term_string}\"},\"query-input\":{\"@type\":\"PropertyValueSpecification\",\"valueRequired\":true,\"valueName\":\"search_term_string\"}}],\"inLanguage\":\"en-US\"},{\"@type\":\"Organization\",\"@id\":\"https:\/\/consejoderectores.cl\/en\/#organization\",\"name\":\"Consejo de Rectoras y Rectores de las Universidades Chilenas\",\"url\":\"https:\/\/consejoderectores.cl\/en\/\",\"logo\":{\"@type\":\"ImageObject\",\"inLanguage\":\"en-US\",\"@id\":\"https:\/\/consejoderectores.cl\/en\/#\/schema\/logo\/image\/\",\"url\":\"https:\/\/consejoderectores.cl\/wp-content\/uploads\/2025\/12\/logoheader_2025.png\",\"contentUrl\":\"https:\/\/consejoderectores.cl\/wp-content\/uploads\/2025\/12\/logoheader_2025.png\",\"width\":666,\"height\":305,\"caption\":\"Consejo de Rectoras y Rectores de las Universidades Chilenas\"},\"image\":{\"@id\":\"https:\/\/consejoderectores.cl\/en\/#\/schema\/logo\/image\/\"},\"sameAs\":[\"https:\/\/x.com\/CRUCH_cl\",\"https:\/\/www.instagram.com\/consejoderectores\/\",\"https:\/\/www.linkedin.com\/company\/cruch\/\",\"https:\/\/www.youtube.com\/channel\/UCzgIFRCsDlKoFpimiQmEaOA\"]},{\"@type\":\"Person\",\"@id\":\"https:\/\/consejoderectores.cl\/en\/#\/schema\/person\/d863e44afde067fd4b57fac66ced709e\",\"name\":\"Consejo de Rectores de las Universidades Chilenas\",\"image\":{\"@type\":\"ImageObject\",\"inLanguage\":\"en-US\",\"@id\":\"https:\/\/consejoderectores.cl\/en\/#\/schema\/person\/image\/\",\"url\":\"https:\/\/secure.gravatar.com\/avatar\/c31e2a02401f041926afb8ee21ab666f0925814fe85d25a5c8db80e23722dfc1?s=96&d=mm&r=g\",\"contentUrl\":\"https:\/\/secure.gravatar.com\/avatar\/c31e2a02401f041926afb8ee21ab666f0925814fe85d25a5c8db80e23722dfc1?s=96&d=mm&r=g\",\"caption\":\"Consejo de Rectores de las Universidades Chilenas\"},\"sameAs\":[\"https:\/\/www.consejoderectores.cl\"],\"url\":\"https:\/\/consejoderectores.cl\/en\/author\/cruch\/\"}]}<\/script>\n<!-- \/ Yoast SEO plugin. -->","yoast_head_json":{"title":"Ponderaciones: Universidades consolidan Ranking de Notas en Proceso de Admisi\u00f3n 2015 - Consejo de Rectoras y Rectores de las Universidades Chilenas","robots":{"index":"index","follow":"follow","max-snippet":"max-snippet:-1","max-image-preview":"max-image-preview:large","max-video-preview":"max-video-preview:-1"},"canonical":"https:\/\/consejoderectores.cl\/en\/2014\/06\/12\/603c6d807a4f8\/","og_locale":"en_US","og_type":"article","og_title":"Ponderaciones: Universidades consolidan Ranking de Notas en Proceso de Admisi\u00f3n 2015 - Consejo de Rectoras y Rectores de las Universidades Chilenas","og_description":"Aproximadamente el 90% de las carreras mantiene ponderaci\u00f3n Ranking del a\u00f1o pasado. Para la \u00faltima semana de junio se espera la publicaci\u00f3n de los facs\u00edmiles de la bater\u00eda PSU\u00ae que incorporan los cambios efectuados debido al Ajuste Curricular. El vicepresidente ejecutivo del Consejo de Rectores, Juan Manuel Zolezzi, junto con la directora (s) del Sistema [&hellip;]","og_url":"https:\/\/consejoderectores.cl\/en\/2014\/06\/12\/603c6d807a4f8\/","og_site_name":"Consejo de Rectoras y Rectores de las Universidades Chilenas","article_published_time":"2014-06-12T00:00:00+00:00","article_modified_time":"2022-01-18T19:28:56+00:00","og_image":[{"width":1024,"height":500,"url":"https:\/\/consejoderectores.cl\/wp-content\/uploads\/2021\/10\/declaraciones-publicas.jpg","type":"image\/jpeg"}],"author":"Consejo de Rectores de las Universidades Chilenas","twitter_card":"summary_large_image","twitter_creator":"@CRUCH_cl","twitter_site":"@CRUCH_cl","twitter_misc":{"Written by":"Consejo de Rectores de las Universidades Chilenas","Est. reading time":"2 minutes"},"schema":{"@context":"https:\/\/schema.org","@graph":[{"@type":"Article","@id":"https:\/\/consejoderectores.cl\/2014\/06\/12\/603c6d807a4f8\/#article","isPartOf":{"@id":"https:\/\/consejoderectores.cl\/2014\/06\/12\/603c6d807a4f8\/"},"author":{"name":"Consejo de Rectores de las Universidades Chilenas","@id":"https:\/\/consejoderectores.cl\/en\/#\/schema\/person\/d863e44afde067fd4b57fac66ced709e"},"headline":"Ponderaciones: Universidades consolidan Ranking de Notas en Proceso de Admisi\u00f3n 2015","datePublished":"2014-06-12T00:00:00+00:00","dateModified":"2022-01-18T19:28:56+00:00","mainEntityOfPage":{"@id":"https:\/\/consejoderectores.cl\/2014\/06\/12\/603c6d807a4f8\/"},"wordCount":432,"commentCount":0,"publisher":{"@id":"https:\/\/consejoderectores.cl\/en\/#organization"},"image":{"@id":"https:\/\/consejoderectores.cl\/2014\/06\/12\/603c6d807a4f8\/#primaryimage"},"thumbnailUrl":"https:\/\/consejoderectores.cl\/wp-content\/uploads\/2021\/10\/declaraciones-publicas.jpg","articleSection":["Noticias"],"inLanguage":"en-US","potentialAction":[{"@type":"CommentAction","name":"Comment","target":["https:\/\/consejoderectores.cl\/2014\/06\/12\/603c6d807a4f8\/#respond"]}]},{"@type":"WebPage","@id":"https:\/\/consejoderectores.cl\/2014\/06\/12\/603c6d807a4f8\/","url":"https:\/\/consejoderectores.cl\/2014\/06\/12\/603c6d807a4f8\/","name":"Ponderaciones: Universidades consolidan Ranking de Notas en Proceso de Admisi\u00f3n 2015 - Consejo de Rectoras y Rectores de las Universidades Chilenas","isPartOf":{"@id":"https:\/\/consejoderectores.cl\/en\/#website"},"primaryImageOfPage":{"@id":"https:\/\/consejoderectores.cl\/2014\/06\/12\/603c6d807a4f8\/#primaryimage"},"image":{"@id":"https:\/\/consejoderectores.cl\/2014\/06\/12\/603c6d807a4f8\/#primaryimage"},"thumbnailUrl":"https:\/\/consejoderectores.cl\/wp-content\/uploads\/2021\/10\/declaraciones-publicas.jpg","datePublished":"2014-06-12T00:00:00+00:00","dateModified":"2022-01-18T19:28:56+00:00","breadcrumb":{"@id":"https:\/\/consejoderectores.cl\/2014\/06\/12\/603c6d807a4f8\/#breadcrumb"},"inLanguage":"en-US","potentialAction":[{"@type":"ReadAction","target":["https:\/\/consejoderectores.cl\/2014\/06\/12\/603c6d807a4f8\/"]}]},{"@type":"ImageObject","inLanguage":"en-US","@id":"https:\/\/consejoderectores.cl\/2014\/06\/12\/603c6d807a4f8\/#primaryimage","url":"https:\/\/consejoderectores.cl\/wp-content\/uploads\/2021\/10\/declaraciones-publicas.jpg","contentUrl":"https:\/\/consejoderectores.cl\/wp-content\/uploads\/2021\/10\/declaraciones-publicas.jpg","width":1024,"height":500},{"@type":"BreadcrumbList","@id":"https:\/\/consejoderectores.cl\/2014\/06\/12\/603c6d807a4f8\/#breadcrumb","itemListElement":[{"@type":"ListItem","position":1,"name":"Home","item":"https:\/\/consejoderectores.cl\/"},{"@type":"ListItem","position":2,"name":"Ponderaciones: Universidades consolidan Ranking de Notas en Proceso de Admisi\u00f3n 2015"}]},{"@type":"WebSite","@id":"https:\/\/consejoderectores.cl\/en\/#website","url":"https:\/\/consejoderectores.cl\/en\/","name":"Council of Rectors of Chilean Universities","description":"","publisher":{"@id":"https:\/\/consejoderectores.cl\/en\/#organization"},"potentialAction":[{"@type":"SearchAction","target":{"@type":"EntryPoint","urlTemplate":"https:\/\/consejoderectores.cl\/en\/?s={search_term_string}"},"query-input":{"@type":"PropertyValueSpecification","valueRequired":true,"valueName":"search_term_string"}}],"inLanguage":"en-US"},{"@type":"Organization","@id":"https:\/\/consejoderectores.cl\/en\/#organization","name":"Council of Rectors of Chilean Universities","url":"https:\/\/consejoderectores.cl\/en\/","logo":{"@type":"ImageObject","inLanguage":"en-US","@id":"https:\/\/consejoderectores.cl\/en\/#\/schema\/logo\/image\/","url":"https:\/\/consejoderectores.cl\/wp-content\/uploads\/2025\/12\/logoheader_2025.png","contentUrl":"https:\/\/consejoderectores.cl\/wp-content\/uploads\/2025\/12\/logoheader_2025.png","width":666,"height":305,"caption":"Consejo de Rectoras y Rectores de las Universidades Chilenas"},"image":{"@id":"https:\/\/consejoderectores.cl\/en\/#\/schema\/logo\/image\/"},"sameAs":["https:\/\/x.com\/CRUCH_cl","https:\/\/www.instagram.com\/consejoderectores\/","https:\/\/www.linkedin.com\/company\/cruch\/","https:\/\/www.youtube.com\/channel\/UCzgIFRCsDlKoFpimiQmEaOA"]},{"@type":"Person","@id":"https:\/\/consejoderectores.cl\/en\/#\/schema\/person\/d863e44afde067fd4b57fac66ced709e","name":"Council of Rectors of Chilean Universities","image":{"@type":"ImageObject","inLanguage":"en-US","@id":"https:\/\/consejoderectores.cl\/en\/#\/schema\/person\/image\/","url":"https:\/\/secure.gravatar.com\/avatar\/c31e2a02401f041926afb8ee21ab666f0925814fe85d25a5c8db80e23722dfc1?s=96&d=mm&r=g","contentUrl":"https:\/\/secure.gravatar.com\/avatar\/c31e2a02401f041926afb8ee21ab666f0925814fe85d25a5c8db80e23722dfc1?s=96&d=mm&r=g","caption":"Consejo de Rectores de las Universidades Chilenas"},"sameAs":["https:\/\/www.consejoderectores.cl"],"url":"https:\/\/consejoderectores.cl\/en\/author\/cruch\/"}]}},"_links":{"self":[{"href":"https:\/\/consejoderectores.cl\/en\/wp-json\/wp\/v2\/posts\/1382","targetHints":{"allow":["GET"]}}],"collection":[{"href":"https:\/\/consejoderectores.cl\/en\/wp-json\/wp\/v2\/posts"}],"about":[{"href":"https:\/\/consejoderectores.cl\/en\/wp-json\/wp\/v2\/types\/post"}],"author":[{"embeddable":true,"href":"https:\/\/consejoderectores.cl\/en\/wp-json\/wp\/v2\/users\/1"}],"replies":[{"embeddable":true,"href":"https:\/\/consejoderectores.cl\/en\/wp-json\/wp\/v2\/comments?post=1382"}],"version-history":[{"count":1,"href":"https:\/\/consejoderectores.cl\/en\/wp-json\/wp\/v2\/posts\/1382\/revisions"}],"predecessor-version":[{"id":5496,"href":"https:\/\/consejoderectores.cl\/en\/wp-json\/wp\/v2\/posts\/1382\/revisions\/5496"}],"wp:featuredmedia":[{"embeddable":true,"href":"https:\/\/consejoderectores.cl\/en\/wp-json\/wp\/v2\/media\/3592"}],"wp:attachment":[{"href":"https:\/\/consejoderectores.cl\/en\/wp-json\/wp\/v2\/media?parent=1382"}],"wp:term":[{"taxonomy":"category","embeddable":true,"href":"https:\/\/consejoderectores.cl\/en\/wp-json\/wp\/v2\/categories?post=1382"},{"taxonomy":"post_tag","embeddable":true,"href":"https:\/\/consejoderectores.cl\/en\/wp-json\/wp\/v2\/tags?post=1382"}],"curies":[{"name":"wp","href":"https:\/\/api.w.org\/{rel}","templated":true}]}}