{"id":1377,"date":"2014-05-22T00:00:00","date_gmt":"2014-05-22T00:00:00","guid":{"rendered":""},"modified":"2022-01-18T20:26:42","modified_gmt":"2022-01-18T20:26:42","slug":"603c6d807a112","status":"publish","type":"post","link":"https:\/\/consejoderectores.cl\/en\/2014\/05\/22\/603c6d807a112\/","title":{"rendered":"Adjustments to upcoming University Selection Tests correspond to curricular adjustments promoted by Mineduc"},"content":{"rendered":"<blockquote><p>The executive vice president of the Council of Rectors, Juan Manuel Zolezzi, stated that &quot;this change in the PSU is beneficial for students because it is about the test measuring the mandatory content that educational establishments must teach today.&quot;.<\/p>\n<p>The CRUCH warned that this adaptation process will be carried out gradually, between this year and the 2017 Admission Process.<\/p><\/blockquote>\n<p>At the end of 2014, the first generation of students graduated after being exposed to the implementation of the changes established in the 2009 Curriculum Update, so it is necessary to adapt the battery of tests to reflect the current curriculum.<\/p>\n<p>The Single Admission System (SUA) of the Council of Rectors of Chilean Universities (CRUCH), taking into account the curricular changes in Secondary Education implemented by the Ministry of Education for the past five years, presented the adjustments for the University Selection Tests (PSU).<\/p>\n<p>Since their creation in 2003, the PSU (University Selection Test) has been aligned with the curriculum, so whenever modifications are made, the test battery must be adapted to reflect the educational experience of graduating seniors. To adapt this year&#039;s test, it was necessary for the first generation of students exposed to the 2009 Curriculum Update throughout their four years of secondary education to graduate.<\/p>\n<p>\u201cThis change in the PSU is beneficial for students because it ensures that the test measures the mandatory content that educational establishments must currently teach,\u201d said Rector Juan Manuel Zolezzi, Executive Vice President of the Council of Rectors.<\/p>\n<p>It is important to note that this adaptation process will be carried out gradually, between this year and the 2017 Admission Process.<\/p>\n<h4>Changes to mandatory tests<\/h4>\n<p>The changes to the PSU Language and Communication exam contemplated in the Curriculum Update imply transformations in its structure.<\/p>\n<p>Therefore, Section I (\u00abBasic Knowledge and Skills in Spanish Language and Communication\u00bb), which contained 15 questions, will be eliminated. To compensate for the elimination of this section, the number of questions in the sections on connectors, writing plans, and reading comprehension will be increased. Specifically, the number of connector questions will increase from 5 to 10; the number of writing plan questions will increase from 10 to 15; and the number of reading comprehension questions will increase from 35 to 40.<\/p>\n<p>The Mathematics test, for its part, will measure content that is common to the 1998 Curriculum Framework (previous curriculum) and the 2009 Curriculum Update. In relation to the past test, the thematic axes of &#039;Numbers&#039; and &#039;Data and Chance&#039; will acquire greater importance, while the axis of &#039;Geometry&#039; maintains its relevance and that of &#039;Algebra&#039; decreases.<\/p>\n<h4>Elective tests<\/h4>\n<p>The History, Geography, and Social Sciences test features a reorganization of content compared to the previous curriculum. The greatest emphasis on this test is on Chilean History, which is covered in two years of secondary education (grades 10 and 11). In addition, a new thematic axis, &#039;Democracy and Development,&#039; is included. Furthermore, since World History content prior to 19th-century imperialism is covered in primary education, it will no longer be included in the PSU (University Selection Test).<\/p>\n<p>The Science Test presents a content matrix that has been established as temporary for this process (Admission 2015). Therefore, any content from the adjustment that does not correspond to any content in the previous curriculum framework at any level of Secondary Education will be excluded from this year&#039;s test.<\/p>\n<p>The above implies that Scientific Thinking Skills will be evaluated starting from the 2016 Admission Process (PSU 2015).<\/p>\n<h4>Other considerations for this year<\/h4>\n<p>One change that was announced last year and is important to keep in mind is that in the next PSU there will be no discount for incorrect answers.<\/p>\n<p>On the other hand, pilot questions will again be included in the tests, meaning that the Language and Communication, History, Geography and Social Sciences, and Mathematics tests will each have 80 questions. Of these, 75 questions will be valid for scoring purposes.<\/p>","protected":false},"excerpt":{"rendered":"<p>El vicepresidente ejecutivo del Consejo de Rectores, Juan Manuel Zolezzi, plante\u00f3 que \u00abeste cambio en las PSU es beneficioso para los estudiantes porque se trata de que la prueba mida los contenidos obligatorios que los establecimientos educacionales deben ense\u00f1ar en la actualidad\u00bb. El CRUCH advirti\u00f3 que este proceso de adecuaci\u00f3n se realizar\u00e1 de manera gradual, [&hellip;]<\/p>\n","protected":false},"author":1,"featured_media":3592,"comment_status":"open","ping_status":"open","sticky":false,"template":"","format":"standard","meta":{"_acf_changed":false,"footnotes":""},"categories":[3],"tags":[],"class_list":["post-1377","post","type-post","status-publish","format-standard","has-post-thumbnail","hentry","category-noticias"],"acf":[],"yoast_head":"<!-- This site is optimized with the Yoast SEO plugin v27.1.1 - https:\/\/yoast.com\/product\/yoast-seo-wordpress\/ -->\n<title>Adecuaciones de pr\u00f3ximas Pruebas de Selecci\u00f3n Universitaria corresponden a ajustes curriculares impulsados por Mineduc - Consejo de Rectoras y Rectores de las Universidades Chilenas<\/title>\n<meta name=\"robots\" content=\"index, follow, max-snippet:-1, max-image-preview:large, max-video-preview:-1\" \/>\n<link rel=\"canonical\" href=\"https:\/\/consejoderectores.cl\/en\/2014\/05\/22\/603c6d807a112\/\" \/>\n<meta property=\"og:locale\" content=\"en_US\" \/>\n<meta property=\"og:type\" content=\"article\" \/>\n<meta property=\"og:title\" content=\"Adecuaciones de pr\u00f3ximas Pruebas de Selecci\u00f3n Universitaria corresponden a ajustes curriculares impulsados por Mineduc - Consejo de Rectoras y Rectores de las Universidades Chilenas\" \/>\n<meta property=\"og:description\" content=\"El vicepresidente ejecutivo del Consejo de Rectores, Juan Manuel Zolezzi, plante\u00f3 que \u00abeste cambio en las PSU es beneficioso para los estudiantes porque se trata de que la prueba mida los contenidos obligatorios que los establecimientos educacionales deben ense\u00f1ar en la actualidad\u00bb. El CRUCH advirti\u00f3 que este proceso de adecuaci\u00f3n se realizar\u00e1 de manera gradual, [&hellip;]\" \/>\n<meta property=\"og:url\" content=\"https:\/\/consejoderectores.cl\/en\/2014\/05\/22\/603c6d807a112\/\" \/>\n<meta property=\"og:site_name\" content=\"Consejo de Rectoras y Rectores de las Universidades Chilenas\" \/>\n<meta property=\"article:published_time\" content=\"2014-05-22T00:00:00+00:00\" \/>\n<meta property=\"article:modified_time\" content=\"2022-01-18T20:26:42+00:00\" \/>\n<meta property=\"og:image\" content=\"https:\/\/consejoderectores.cl\/wp-content\/uploads\/2021\/10\/declaraciones-publicas.jpg\" \/>\n\t<meta property=\"og:image:width\" content=\"1024\" \/>\n\t<meta property=\"og:image:height\" content=\"500\" \/>\n\t<meta property=\"og:image:type\" content=\"image\/jpeg\" \/>\n<meta name=\"author\" content=\"Consejo de Rectores de las Universidades Chilenas\" \/>\n<meta name=\"twitter:card\" content=\"summary_large_image\" \/>\n<meta name=\"twitter:creator\" content=\"@CRUCH_cl\" \/>\n<meta name=\"twitter:site\" content=\"@CRUCH_cl\" \/>\n<meta name=\"twitter:label1\" content=\"Written by\" \/>\n\t<meta name=\"twitter:data1\" content=\"Consejo de Rectores de las Universidades Chilenas\" \/>\n\t<meta name=\"twitter:label2\" content=\"Est. reading time\" \/>\n\t<meta name=\"twitter:data2\" content=\"4 minutes\" \/>\n<script type=\"application\/ld+json\" class=\"yoast-schema-graph\">{\"@context\":\"https:\/\/schema.org\",\"@graph\":[{\"@type\":\"Article\",\"@id\":\"https:\/\/consejoderectores.cl\/2014\/05\/22\/603c6d807a112\/#article\",\"isPartOf\":{\"@id\":\"https:\/\/consejoderectores.cl\/2014\/05\/22\/603c6d807a112\/\"},\"author\":{\"name\":\"Consejo de Rectores de las Universidades Chilenas\",\"@id\":\"https:\/\/consejoderectores.cl\/en\/#\/schema\/person\/d863e44afde067fd4b57fac66ced709e\"},\"headline\":\"Adecuaciones de pr\u00f3ximas Pruebas de Selecci\u00f3n Universitaria corresponden a ajustes curriculares impulsados por Mineduc\",\"datePublished\":\"2014-05-22T00:00:00+00:00\",\"dateModified\":\"2022-01-18T20:26:42+00:00\",\"mainEntityOfPage\":{\"@id\":\"https:\/\/consejoderectores.cl\/2014\/05\/22\/603c6d807a112\/\"},\"wordCount\":751,\"commentCount\":0,\"publisher\":{\"@id\":\"https:\/\/consejoderectores.cl\/en\/#organization\"},\"image\":{\"@id\":\"https:\/\/consejoderectores.cl\/2014\/05\/22\/603c6d807a112\/#primaryimage\"},\"thumbnailUrl\":\"https:\/\/consejoderectores.cl\/wp-content\/uploads\/2021\/10\/declaraciones-publicas.jpg\",\"articleSection\":[\"Noticias\"],\"inLanguage\":\"en-US\",\"potentialAction\":[{\"@type\":\"CommentAction\",\"name\":\"Comment\",\"target\":[\"https:\/\/consejoderectores.cl\/2014\/05\/22\/603c6d807a112\/#respond\"]}]},{\"@type\":\"WebPage\",\"@id\":\"https:\/\/consejoderectores.cl\/2014\/05\/22\/603c6d807a112\/\",\"url\":\"https:\/\/consejoderectores.cl\/2014\/05\/22\/603c6d807a112\/\",\"name\":\"Adecuaciones de pr\u00f3ximas Pruebas de Selecci\u00f3n Universitaria corresponden a ajustes curriculares impulsados por Mineduc - Consejo de Rectoras y Rectores de las Universidades Chilenas\",\"isPartOf\":{\"@id\":\"https:\/\/consejoderectores.cl\/en\/#website\"},\"primaryImageOfPage\":{\"@id\":\"https:\/\/consejoderectores.cl\/2014\/05\/22\/603c6d807a112\/#primaryimage\"},\"image\":{\"@id\":\"https:\/\/consejoderectores.cl\/2014\/05\/22\/603c6d807a112\/#primaryimage\"},\"thumbnailUrl\":\"https:\/\/consejoderectores.cl\/wp-content\/uploads\/2021\/10\/declaraciones-publicas.jpg\",\"datePublished\":\"2014-05-22T00:00:00+00:00\",\"dateModified\":\"2022-01-18T20:26:42+00:00\",\"breadcrumb\":{\"@id\":\"https:\/\/consejoderectores.cl\/2014\/05\/22\/603c6d807a112\/#breadcrumb\"},\"inLanguage\":\"en-US\",\"potentialAction\":[{\"@type\":\"ReadAction\",\"target\":[\"https:\/\/consejoderectores.cl\/2014\/05\/22\/603c6d807a112\/\"]}]},{\"@type\":\"ImageObject\",\"inLanguage\":\"en-US\",\"@id\":\"https:\/\/consejoderectores.cl\/2014\/05\/22\/603c6d807a112\/#primaryimage\",\"url\":\"https:\/\/consejoderectores.cl\/wp-content\/uploads\/2021\/10\/declaraciones-publicas.jpg\",\"contentUrl\":\"https:\/\/consejoderectores.cl\/wp-content\/uploads\/2021\/10\/declaraciones-publicas.jpg\",\"width\":1024,\"height\":500},{\"@type\":\"BreadcrumbList\",\"@id\":\"https:\/\/consejoderectores.cl\/2014\/05\/22\/603c6d807a112\/#breadcrumb\",\"itemListElement\":[{\"@type\":\"ListItem\",\"position\":1,\"name\":\"Home\",\"item\":\"https:\/\/consejoderectores.cl\/\"},{\"@type\":\"ListItem\",\"position\":2,\"name\":\"Adecuaciones de pr\u00f3ximas Pruebas de Selecci\u00f3n Universitaria corresponden a ajustes curriculares impulsados por Mineduc\"}]},{\"@type\":\"WebSite\",\"@id\":\"https:\/\/consejoderectores.cl\/en\/#website\",\"url\":\"https:\/\/consejoderectores.cl\/en\/\",\"name\":\"Consejo de Rectoras y Rectores de las Universidades Chilenas\",\"description\":\"\",\"publisher\":{\"@id\":\"https:\/\/consejoderectores.cl\/en\/#organization\"},\"potentialAction\":[{\"@type\":\"SearchAction\",\"target\":{\"@type\":\"EntryPoint\",\"urlTemplate\":\"https:\/\/consejoderectores.cl\/en\/?s={search_term_string}\"},\"query-input\":{\"@type\":\"PropertyValueSpecification\",\"valueRequired\":true,\"valueName\":\"search_term_string\"}}],\"inLanguage\":\"en-US\"},{\"@type\":\"Organization\",\"@id\":\"https:\/\/consejoderectores.cl\/en\/#organization\",\"name\":\"Consejo de Rectoras y Rectores de las Universidades Chilenas\",\"url\":\"https:\/\/consejoderectores.cl\/en\/\",\"logo\":{\"@type\":\"ImageObject\",\"inLanguage\":\"en-US\",\"@id\":\"https:\/\/consejoderectores.cl\/en\/#\/schema\/logo\/image\/\",\"url\":\"https:\/\/consejoderectores.cl\/wp-content\/uploads\/2025\/12\/logoheader_2025.png\",\"contentUrl\":\"https:\/\/consejoderectores.cl\/wp-content\/uploads\/2025\/12\/logoheader_2025.png\",\"width\":666,\"height\":305,\"caption\":\"Consejo de Rectoras y Rectores de las Universidades Chilenas\"},\"image\":{\"@id\":\"https:\/\/consejoderectores.cl\/en\/#\/schema\/logo\/image\/\"},\"sameAs\":[\"https:\/\/x.com\/CRUCH_cl\",\"https:\/\/www.instagram.com\/consejoderectores\/\",\"https:\/\/www.linkedin.com\/company\/cruch\/\",\"https:\/\/www.youtube.com\/channel\/UCzgIFRCsDlKoFpimiQmEaOA\"]},{\"@type\":\"Person\",\"@id\":\"https:\/\/consejoderectores.cl\/en\/#\/schema\/person\/d863e44afde067fd4b57fac66ced709e\",\"name\":\"Consejo de Rectores de las Universidades Chilenas\",\"image\":{\"@type\":\"ImageObject\",\"inLanguage\":\"en-US\",\"@id\":\"https:\/\/consejoderectores.cl\/en\/#\/schema\/person\/image\/\",\"url\":\"https:\/\/secure.gravatar.com\/avatar\/c31e2a02401f041926afb8ee21ab666f0925814fe85d25a5c8db80e23722dfc1?s=96&d=mm&r=g\",\"contentUrl\":\"https:\/\/secure.gravatar.com\/avatar\/c31e2a02401f041926afb8ee21ab666f0925814fe85d25a5c8db80e23722dfc1?s=96&d=mm&r=g\",\"caption\":\"Consejo de Rectores de las Universidades Chilenas\"},\"sameAs\":[\"https:\/\/www.consejoderectores.cl\"],\"url\":\"https:\/\/consejoderectores.cl\/en\/author\/cruch\/\"}]}<\/script>\n<!-- \/ Yoast SEO plugin. -->","yoast_head_json":{"title":"Adecuaciones de pr\u00f3ximas Pruebas de Selecci\u00f3n Universitaria corresponden a ajustes curriculares impulsados por Mineduc - Consejo de Rectoras y Rectores de las Universidades Chilenas","robots":{"index":"index","follow":"follow","max-snippet":"max-snippet:-1","max-image-preview":"max-image-preview:large","max-video-preview":"max-video-preview:-1"},"canonical":"https:\/\/consejoderectores.cl\/en\/2014\/05\/22\/603c6d807a112\/","og_locale":"en_US","og_type":"article","og_title":"Adecuaciones de pr\u00f3ximas Pruebas de Selecci\u00f3n Universitaria corresponden a ajustes curriculares impulsados por Mineduc - Consejo de Rectoras y Rectores de las Universidades Chilenas","og_description":"El vicepresidente ejecutivo del Consejo de Rectores, Juan Manuel Zolezzi, plante\u00f3 que \u00abeste cambio en las PSU es beneficioso para los estudiantes porque se trata de que la prueba mida los contenidos obligatorios que los establecimientos educacionales deben ense\u00f1ar en la actualidad\u00bb. El CRUCH advirti\u00f3 que este proceso de adecuaci\u00f3n se realizar\u00e1 de manera gradual, [&hellip;]","og_url":"https:\/\/consejoderectores.cl\/en\/2014\/05\/22\/603c6d807a112\/","og_site_name":"Consejo de Rectoras y Rectores de las Universidades Chilenas","article_published_time":"2014-05-22T00:00:00+00:00","article_modified_time":"2022-01-18T20:26:42+00:00","og_image":[{"width":1024,"height":500,"url":"https:\/\/consejoderectores.cl\/wp-content\/uploads\/2021\/10\/declaraciones-publicas.jpg","type":"image\/jpeg"}],"author":"Consejo de Rectores de las Universidades Chilenas","twitter_card":"summary_large_image","twitter_creator":"@CRUCH_cl","twitter_site":"@CRUCH_cl","twitter_misc":{"Written by":"Consejo de Rectores de las Universidades Chilenas","Est. reading time":"4 minutes"},"schema":{"@context":"https:\/\/schema.org","@graph":[{"@type":"Article","@id":"https:\/\/consejoderectores.cl\/2014\/05\/22\/603c6d807a112\/#article","isPartOf":{"@id":"https:\/\/consejoderectores.cl\/2014\/05\/22\/603c6d807a112\/"},"author":{"name":"Consejo de Rectores de las Universidades Chilenas","@id":"https:\/\/consejoderectores.cl\/en\/#\/schema\/person\/d863e44afde067fd4b57fac66ced709e"},"headline":"Adecuaciones de pr\u00f3ximas Pruebas de Selecci\u00f3n Universitaria corresponden a ajustes curriculares impulsados por Mineduc","datePublished":"2014-05-22T00:00:00+00:00","dateModified":"2022-01-18T20:26:42+00:00","mainEntityOfPage":{"@id":"https:\/\/consejoderectores.cl\/2014\/05\/22\/603c6d807a112\/"},"wordCount":751,"commentCount":0,"publisher":{"@id":"https:\/\/consejoderectores.cl\/en\/#organization"},"image":{"@id":"https:\/\/consejoderectores.cl\/2014\/05\/22\/603c6d807a112\/#primaryimage"},"thumbnailUrl":"https:\/\/consejoderectores.cl\/wp-content\/uploads\/2021\/10\/declaraciones-publicas.jpg","articleSection":["Noticias"],"inLanguage":"en-US","potentialAction":[{"@type":"CommentAction","name":"Comment","target":["https:\/\/consejoderectores.cl\/2014\/05\/22\/603c6d807a112\/#respond"]}]},{"@type":"WebPage","@id":"https:\/\/consejoderectores.cl\/2014\/05\/22\/603c6d807a112\/","url":"https:\/\/consejoderectores.cl\/2014\/05\/22\/603c6d807a112\/","name":"Adecuaciones de pr\u00f3ximas Pruebas de Selecci\u00f3n Universitaria corresponden a ajustes curriculares impulsados por Mineduc - Consejo de Rectoras y Rectores de las Universidades Chilenas","isPartOf":{"@id":"https:\/\/consejoderectores.cl\/en\/#website"},"primaryImageOfPage":{"@id":"https:\/\/consejoderectores.cl\/2014\/05\/22\/603c6d807a112\/#primaryimage"},"image":{"@id":"https:\/\/consejoderectores.cl\/2014\/05\/22\/603c6d807a112\/#primaryimage"},"thumbnailUrl":"https:\/\/consejoderectores.cl\/wp-content\/uploads\/2021\/10\/declaraciones-publicas.jpg","datePublished":"2014-05-22T00:00:00+00:00","dateModified":"2022-01-18T20:26:42+00:00","breadcrumb":{"@id":"https:\/\/consejoderectores.cl\/2014\/05\/22\/603c6d807a112\/#breadcrumb"},"inLanguage":"en-US","potentialAction":[{"@type":"ReadAction","target":["https:\/\/consejoderectores.cl\/2014\/05\/22\/603c6d807a112\/"]}]},{"@type":"ImageObject","inLanguage":"en-US","@id":"https:\/\/consejoderectores.cl\/2014\/05\/22\/603c6d807a112\/#primaryimage","url":"https:\/\/consejoderectores.cl\/wp-content\/uploads\/2021\/10\/declaraciones-publicas.jpg","contentUrl":"https:\/\/consejoderectores.cl\/wp-content\/uploads\/2021\/10\/declaraciones-publicas.jpg","width":1024,"height":500},{"@type":"BreadcrumbList","@id":"https:\/\/consejoderectores.cl\/2014\/05\/22\/603c6d807a112\/#breadcrumb","itemListElement":[{"@type":"ListItem","position":1,"name":"Home","item":"https:\/\/consejoderectores.cl\/"},{"@type":"ListItem","position":2,"name":"Adecuaciones de pr\u00f3ximas Pruebas de Selecci\u00f3n Universitaria corresponden a ajustes curriculares impulsados por Mineduc"}]},{"@type":"WebSite","@id":"https:\/\/consejoderectores.cl\/en\/#website","url":"https:\/\/consejoderectores.cl\/en\/","name":"Council of Rectors of Chilean Universities","description":"","publisher":{"@id":"https:\/\/consejoderectores.cl\/en\/#organization"},"potentialAction":[{"@type":"SearchAction","target":{"@type":"EntryPoint","urlTemplate":"https:\/\/consejoderectores.cl\/en\/?s={search_term_string}"},"query-input":{"@type":"PropertyValueSpecification","valueRequired":true,"valueName":"search_term_string"}}],"inLanguage":"en-US"},{"@type":"Organization","@id":"https:\/\/consejoderectores.cl\/en\/#organization","name":"Council of Rectors of Chilean Universities","url":"https:\/\/consejoderectores.cl\/en\/","logo":{"@type":"ImageObject","inLanguage":"en-US","@id":"https:\/\/consejoderectores.cl\/en\/#\/schema\/logo\/image\/","url":"https:\/\/consejoderectores.cl\/wp-content\/uploads\/2025\/12\/logoheader_2025.png","contentUrl":"https:\/\/consejoderectores.cl\/wp-content\/uploads\/2025\/12\/logoheader_2025.png","width":666,"height":305,"caption":"Consejo de Rectoras y Rectores de las Universidades Chilenas"},"image":{"@id":"https:\/\/consejoderectores.cl\/en\/#\/schema\/logo\/image\/"},"sameAs":["https:\/\/x.com\/CRUCH_cl","https:\/\/www.instagram.com\/consejoderectores\/","https:\/\/www.linkedin.com\/company\/cruch\/","https:\/\/www.youtube.com\/channel\/UCzgIFRCsDlKoFpimiQmEaOA"]},{"@type":"Person","@id":"https:\/\/consejoderectores.cl\/en\/#\/schema\/person\/d863e44afde067fd4b57fac66ced709e","name":"Council of Rectors of Chilean Universities","image":{"@type":"ImageObject","inLanguage":"en-US","@id":"https:\/\/consejoderectores.cl\/en\/#\/schema\/person\/image\/","url":"https:\/\/secure.gravatar.com\/avatar\/c31e2a02401f041926afb8ee21ab666f0925814fe85d25a5c8db80e23722dfc1?s=96&d=mm&r=g","contentUrl":"https:\/\/secure.gravatar.com\/avatar\/c31e2a02401f041926afb8ee21ab666f0925814fe85d25a5c8db80e23722dfc1?s=96&d=mm&r=g","caption":"Consejo de Rectores de las Universidades Chilenas"},"sameAs":["https:\/\/www.consejoderectores.cl"],"url":"https:\/\/consejoderectores.cl\/en\/author\/cruch\/"}]}},"_links":{"self":[{"href":"https:\/\/consejoderectores.cl\/en\/wp-json\/wp\/v2\/posts\/1377","targetHints":{"allow":["GET"]}}],"collection":[{"href":"https:\/\/consejoderectores.cl\/en\/wp-json\/wp\/v2\/posts"}],"about":[{"href":"https:\/\/consejoderectores.cl\/en\/wp-json\/wp\/v2\/types\/post"}],"author":[{"embeddable":true,"href":"https:\/\/consejoderectores.cl\/en\/wp-json\/wp\/v2\/users\/1"}],"replies":[{"embeddable":true,"href":"https:\/\/consejoderectores.cl\/en\/wp-json\/wp\/v2\/comments?post=1377"}],"version-history":[{"count":2,"href":"https:\/\/consejoderectores.cl\/en\/wp-json\/wp\/v2\/posts\/1377\/revisions"}],"predecessor-version":[{"id":5517,"href":"https:\/\/consejoderectores.cl\/en\/wp-json\/wp\/v2\/posts\/1377\/revisions\/5517"}],"wp:featuredmedia":[{"embeddable":true,"href":"https:\/\/consejoderectores.cl\/en\/wp-json\/wp\/v2\/media\/3592"}],"wp:attachment":[{"href":"https:\/\/consejoderectores.cl\/en\/wp-json\/wp\/v2\/media?parent=1377"}],"wp:term":[{"taxonomy":"category","embeddable":true,"href":"https:\/\/consejoderectores.cl\/en\/wp-json\/wp\/v2\/categories?post=1377"},{"taxonomy":"post_tag","embeddable":true,"href":"https:\/\/consejoderectores.cl\/en\/wp-json\/wp\/v2\/tags?post=1377"}],"curies":[{"name":"wp","href":"https:\/\/api.w.org\/{rel}","templated":true}]}}