{"id":1333,"date":"2014-03-31T00:00:00","date_gmt":"2014-03-31T00:00:00","guid":{"rendered":""},"modified":"2022-01-19T20:26:03","modified_gmt":"2022-01-19T20:26:03","slug":"603c6d80780ae","status":"publish","type":"post","link":"https:\/\/consejoderectores.cl\/en\/2014\/03\/31\/603c6d80780ae\/","title":{"rendered":"Council of Rectors defines the 2015 Admission Process calendar"},"content":{"rendered":"<blockquote><p>Students will be able to access the weightings for each degree program in June, a process that was previously carried out in October.<\/p><\/blockquote>\n<p>The Council of Rectors of Chilean Universities (CRUCH) approved the calendar for the 2015 Admission Process, which sets the dates for taking the University Selection Tests (PSU) for December 1 and 2, 2014.<\/p>\n<p>The main change agreed for this year is to release the list of degree programs and their weightings in June, so that applicants to the 33 universities in the Single Admission System have this information earlier than in previous years, as anticipated in January by the executive vice president of CRUCH, Rector Juan Manuel Zolezzi.<\/p>\n<p>The other relevant dates for the 2015 Admission Process are listed below:<\/p>\n<p><strong>May<\/strong><br \/>\n29 \u2013 05 \u2013 2014<br \/>\nPublication of Standards<\/p>\n<p><strong>June<\/strong><br \/>\n05 \u2013 06 \u2013 2014<br \/>\nPublication of Career Lists and Weightings<\/p>\n<p>16 \u2013 06 \u2013 2014<br \/>\nRegistration Start<\/p>\n<p><strong>August<\/strong><br \/>\n01 - 08 - 2014 (13: 00hrs)<br \/>\nPublication of Career Lists and Weightings<\/p>\n<p><strong>September<\/strong><br \/>\n25 \u2013 09 \u2013 2014<br \/>\nJob Openings by Career (vacancies for those already listed and new careers)<\/p>\n<p><strong>November<\/strong><br \/>\n30 \u2013 11 \u2013 2014<br \/>\nRoom recognition<\/p>\n<p>01 \u2013 12 \u2013 2014<br \/>\nLanguage and Science Tests<\/p>\n<p>02 \u2013 12 \u2013 2014<br \/>\nMath and History Tests<\/p>\n<p>21 - 12 - 2014 (at 8:00 a.m.)<br \/>\nPublication of Results<\/p>\n<p>21 - 12 - 2014 (9:00 a.m.) to 24 - 12 - 2014 (1:00 p.m.)<br \/>\nApplications<\/p>\n<p><strong>December - January 2015<\/strong><br \/>\n04 - 01 - 2014 (23:00 hrs.)<br \/>\nPublication of application results<\/p>\n<p>January 05 to 16, 2015<br \/>\nRegistrations<\/p>\n<p>January 14, 2015<br \/>\nRight of withdrawal<\/p>","protected":false},"excerpt":{"rendered":"<p>Los estudiantes podr\u00e1n tener acceso a las ponderaciones de cada carrera en junio, proceso que antes se realizaba en octubre. El Consejo de Rectores de las Universidades Chilenas (CRUCH) aprob\u00f3 el calendario del Proceso de Admisi\u00f3n 2015, que fija las fechas de rendici\u00f3n de las Pruebas de Selecci\u00f3n Universitaria (PSU) para el 1 y 2 [&hellip;]<\/p>\n","protected":false},"author":1,"featured_media":3592,"comment_status":"open","ping_status":"open","sticky":false,"template":"","format":"standard","meta":{"_acf_changed":false,"footnotes":""},"categories":[3],"tags":[],"class_list":["post-1333","post","type-post","status-publish","format-standard","has-post-thumbnail","hentry","category-noticias"],"acf":[],"yoast_head":"<!-- This site is optimized with the Yoast SEO plugin v27.1.1 - https:\/\/yoast.com\/product\/yoast-seo-wordpress\/ -->\n<title>Consejo de Rectores define calendario del Proceso de Admisi\u00f3n 2015 - Consejo de Rectoras y Rectores de las Universidades Chilenas<\/title>\n<meta name=\"robots\" content=\"index, follow, max-snippet:-1, max-image-preview:large, max-video-preview:-1\" \/>\n<link rel=\"canonical\" href=\"https:\/\/consejoderectores.cl\/en\/2014\/03\/31\/603c6d80780ae\/\" \/>\n<meta property=\"og:locale\" content=\"en_US\" \/>\n<meta property=\"og:type\" content=\"article\" \/>\n<meta property=\"og:title\" content=\"Consejo de Rectores define calendario del Proceso de Admisi\u00f3n 2015 - Consejo de Rectoras y Rectores de las Universidades Chilenas\" \/>\n<meta property=\"og:description\" content=\"Los estudiantes podr\u00e1n tener acceso a las ponderaciones de cada carrera en junio, proceso que antes se realizaba en octubre. El Consejo de Rectores de las Universidades Chilenas (CRUCH) aprob\u00f3 el calendario del Proceso de Admisi\u00f3n 2015, que fija las fechas de rendici\u00f3n de las Pruebas de Selecci\u00f3n Universitaria (PSU) para el 1 y 2 [&hellip;]\" \/>\n<meta property=\"og:url\" content=\"https:\/\/consejoderectores.cl\/en\/2014\/03\/31\/603c6d80780ae\/\" \/>\n<meta property=\"og:site_name\" content=\"Consejo de Rectoras y Rectores de las Universidades Chilenas\" \/>\n<meta property=\"article:published_time\" content=\"2014-03-31T00:00:00+00:00\" \/>\n<meta property=\"article:modified_time\" content=\"2022-01-19T20:26:03+00:00\" \/>\n<meta property=\"og:image\" content=\"https:\/\/consejoderectores.cl\/wp-content\/uploads\/2021\/10\/declaraciones-publicas.jpg\" \/>\n\t<meta property=\"og:image:width\" content=\"1024\" \/>\n\t<meta property=\"og:image:height\" content=\"500\" \/>\n\t<meta property=\"og:image:type\" content=\"image\/jpeg\" \/>\n<meta name=\"author\" content=\"Consejo de Rectores de las Universidades Chilenas\" \/>\n<meta name=\"twitter:card\" content=\"summary_large_image\" \/>\n<meta name=\"twitter:creator\" content=\"@CRUCH_cl\" \/>\n<meta name=\"twitter:site\" content=\"@CRUCH_cl\" \/>\n<meta name=\"twitter:label1\" content=\"Written by\" \/>\n\t<meta name=\"twitter:data1\" content=\"Consejo de Rectores de las Universidades Chilenas\" \/>\n\t<meta name=\"twitter:label2\" content=\"Est. reading time\" \/>\n\t<meta name=\"twitter:data2\" content=\"1 minute\" \/>\n<script type=\"application\/ld+json\" class=\"yoast-schema-graph\">{\"@context\":\"https:\/\/schema.org\",\"@graph\":[{\"@type\":\"Article\",\"@id\":\"https:\/\/consejoderectores.cl\/2014\/03\/31\/603c6d80780ae\/#article\",\"isPartOf\":{\"@id\":\"https:\/\/consejoderectores.cl\/2014\/03\/31\/603c6d80780ae\/\"},\"author\":{\"name\":\"Consejo de Rectores de las Universidades Chilenas\",\"@id\":\"https:\/\/consejoderectores.cl\/en\/#\/schema\/person\/d863e44afde067fd4b57fac66ced709e\"},\"headline\":\"Consejo de Rectores define calendario del Proceso de Admisi\u00f3n 2015\",\"datePublished\":\"2014-03-31T00:00:00+00:00\",\"dateModified\":\"2022-01-19T20:26:03+00:00\",\"mainEntityOfPage\":{\"@id\":\"https:\/\/consejoderectores.cl\/2014\/03\/31\/603c6d80780ae\/\"},\"wordCount\":257,\"commentCount\":0,\"publisher\":{\"@id\":\"https:\/\/consejoderectores.cl\/en\/#organization\"},\"image\":{\"@id\":\"https:\/\/consejoderectores.cl\/2014\/03\/31\/603c6d80780ae\/#primaryimage\"},\"thumbnailUrl\":\"https:\/\/consejoderectores.cl\/wp-content\/uploads\/2021\/10\/declaraciones-publicas.jpg\",\"articleSection\":[\"Noticias\"],\"inLanguage\":\"en-US\",\"potentialAction\":[{\"@type\":\"CommentAction\",\"name\":\"Comment\",\"target\":[\"https:\/\/consejoderectores.cl\/2014\/03\/31\/603c6d80780ae\/#respond\"]}]},{\"@type\":\"WebPage\",\"@id\":\"https:\/\/consejoderectores.cl\/2014\/03\/31\/603c6d80780ae\/\",\"url\":\"https:\/\/consejoderectores.cl\/2014\/03\/31\/603c6d80780ae\/\",\"name\":\"Consejo de Rectores define calendario del Proceso de Admisi\u00f3n 2015 - Consejo de Rectoras y Rectores de las Universidades Chilenas\",\"isPartOf\":{\"@id\":\"https:\/\/consejoderectores.cl\/en\/#website\"},\"primaryImageOfPage\":{\"@id\":\"https:\/\/consejoderectores.cl\/2014\/03\/31\/603c6d80780ae\/#primaryimage\"},\"image\":{\"@id\":\"https:\/\/consejoderectores.cl\/2014\/03\/31\/603c6d80780ae\/#primaryimage\"},\"thumbnailUrl\":\"https:\/\/consejoderectores.cl\/wp-content\/uploads\/2021\/10\/declaraciones-publicas.jpg\",\"datePublished\":\"2014-03-31T00:00:00+00:00\",\"dateModified\":\"2022-01-19T20:26:03+00:00\",\"breadcrumb\":{\"@id\":\"https:\/\/consejoderectores.cl\/2014\/03\/31\/603c6d80780ae\/#breadcrumb\"},\"inLanguage\":\"en-US\",\"potentialAction\":[{\"@type\":\"ReadAction\",\"target\":[\"https:\/\/consejoderectores.cl\/2014\/03\/31\/603c6d80780ae\/\"]}]},{\"@type\":\"ImageObject\",\"inLanguage\":\"en-US\",\"@id\":\"https:\/\/consejoderectores.cl\/2014\/03\/31\/603c6d80780ae\/#primaryimage\",\"url\":\"https:\/\/consejoderectores.cl\/wp-content\/uploads\/2021\/10\/declaraciones-publicas.jpg\",\"contentUrl\":\"https:\/\/consejoderectores.cl\/wp-content\/uploads\/2021\/10\/declaraciones-publicas.jpg\",\"width\":1024,\"height\":500},{\"@type\":\"BreadcrumbList\",\"@id\":\"https:\/\/consejoderectores.cl\/2014\/03\/31\/603c6d80780ae\/#breadcrumb\",\"itemListElement\":[{\"@type\":\"ListItem\",\"position\":1,\"name\":\"Home\",\"item\":\"https:\/\/consejoderectores.cl\/\"},{\"@type\":\"ListItem\",\"position\":2,\"name\":\"Consejo de Rectores define calendario del Proceso de Admisi\u00f3n 2015\"}]},{\"@type\":\"WebSite\",\"@id\":\"https:\/\/consejoderectores.cl\/en\/#website\",\"url\":\"https:\/\/consejoderectores.cl\/en\/\",\"name\":\"Consejo de Rectoras y Rectores de las Universidades Chilenas\",\"description\":\"\",\"publisher\":{\"@id\":\"https:\/\/consejoderectores.cl\/en\/#organization\"},\"potentialAction\":[{\"@type\":\"SearchAction\",\"target\":{\"@type\":\"EntryPoint\",\"urlTemplate\":\"https:\/\/consejoderectores.cl\/en\/?s={search_term_string}\"},\"query-input\":{\"@type\":\"PropertyValueSpecification\",\"valueRequired\":true,\"valueName\":\"search_term_string\"}}],\"inLanguage\":\"en-US\"},{\"@type\":\"Organization\",\"@id\":\"https:\/\/consejoderectores.cl\/en\/#organization\",\"name\":\"Consejo de Rectoras y Rectores de las Universidades Chilenas\",\"url\":\"https:\/\/consejoderectores.cl\/en\/\",\"logo\":{\"@type\":\"ImageObject\",\"inLanguage\":\"en-US\",\"@id\":\"https:\/\/consejoderectores.cl\/en\/#\/schema\/logo\/image\/\",\"url\":\"https:\/\/consejoderectores.cl\/wp-content\/uploads\/2025\/12\/logoheader_2025.png\",\"contentUrl\":\"https:\/\/consejoderectores.cl\/wp-content\/uploads\/2025\/12\/logoheader_2025.png\",\"width\":666,\"height\":305,\"caption\":\"Consejo de Rectoras y Rectores de las Universidades Chilenas\"},\"image\":{\"@id\":\"https:\/\/consejoderectores.cl\/en\/#\/schema\/logo\/image\/\"},\"sameAs\":[\"https:\/\/x.com\/CRUCH_cl\",\"https:\/\/www.instagram.com\/consejoderectores\/\",\"https:\/\/www.linkedin.com\/company\/cruch\/\",\"https:\/\/www.youtube.com\/channel\/UCzgIFRCsDlKoFpimiQmEaOA\"]},{\"@type\":\"Person\",\"@id\":\"https:\/\/consejoderectores.cl\/en\/#\/schema\/person\/d863e44afde067fd4b57fac66ced709e\",\"name\":\"Consejo de Rectores de las Universidades Chilenas\",\"image\":{\"@type\":\"ImageObject\",\"inLanguage\":\"en-US\",\"@id\":\"https:\/\/consejoderectores.cl\/en\/#\/schema\/person\/image\/\",\"url\":\"https:\/\/secure.gravatar.com\/avatar\/c31e2a02401f041926afb8ee21ab666f0925814fe85d25a5c8db80e23722dfc1?s=96&d=mm&r=g\",\"contentUrl\":\"https:\/\/secure.gravatar.com\/avatar\/c31e2a02401f041926afb8ee21ab666f0925814fe85d25a5c8db80e23722dfc1?s=96&d=mm&r=g\",\"caption\":\"Consejo de Rectores de las Universidades Chilenas\"},\"sameAs\":[\"https:\/\/www.consejoderectores.cl\"],\"url\":\"https:\/\/consejoderectores.cl\/en\/author\/cruch\/\"}]}<\/script>\n<!-- \/ Yoast SEO plugin. -->","yoast_head_json":{"title":"Consejo de Rectores define calendario del Proceso de Admisi\u00f3n 2015 - Consejo de Rectoras y Rectores de las Universidades Chilenas","robots":{"index":"index","follow":"follow","max-snippet":"max-snippet:-1","max-image-preview":"max-image-preview:large","max-video-preview":"max-video-preview:-1"},"canonical":"https:\/\/consejoderectores.cl\/en\/2014\/03\/31\/603c6d80780ae\/","og_locale":"en_US","og_type":"article","og_title":"Consejo de Rectores define calendario del Proceso de Admisi\u00f3n 2015 - Consejo de Rectoras y Rectores de las Universidades Chilenas","og_description":"Los estudiantes podr\u00e1n tener acceso a las ponderaciones de cada carrera en junio, proceso que antes se realizaba en octubre. El Consejo de Rectores de las Universidades Chilenas (CRUCH) aprob\u00f3 el calendario del Proceso de Admisi\u00f3n 2015, que fija las fechas de rendici\u00f3n de las Pruebas de Selecci\u00f3n Universitaria (PSU) para el 1 y 2 [&hellip;]","og_url":"https:\/\/consejoderectores.cl\/en\/2014\/03\/31\/603c6d80780ae\/","og_site_name":"Consejo de Rectoras y Rectores de las Universidades Chilenas","article_published_time":"2014-03-31T00:00:00+00:00","article_modified_time":"2022-01-19T20:26:03+00:00","og_image":[{"width":1024,"height":500,"url":"https:\/\/consejoderectores.cl\/wp-content\/uploads\/2021\/10\/declaraciones-publicas.jpg","type":"image\/jpeg"}],"author":"Consejo de Rectores de las Universidades Chilenas","twitter_card":"summary_large_image","twitter_creator":"@CRUCH_cl","twitter_site":"@CRUCH_cl","twitter_misc":{"Written by":"Consejo de Rectores de las Universidades Chilenas","Est. reading time":"1 minute"},"schema":{"@context":"https:\/\/schema.org","@graph":[{"@type":"Article","@id":"https:\/\/consejoderectores.cl\/2014\/03\/31\/603c6d80780ae\/#article","isPartOf":{"@id":"https:\/\/consejoderectores.cl\/2014\/03\/31\/603c6d80780ae\/"},"author":{"name":"Consejo de Rectores de las Universidades Chilenas","@id":"https:\/\/consejoderectores.cl\/en\/#\/schema\/person\/d863e44afde067fd4b57fac66ced709e"},"headline":"Consejo de Rectores define calendario del Proceso de Admisi\u00f3n 2015","datePublished":"2014-03-31T00:00:00+00:00","dateModified":"2022-01-19T20:26:03+00:00","mainEntityOfPage":{"@id":"https:\/\/consejoderectores.cl\/2014\/03\/31\/603c6d80780ae\/"},"wordCount":257,"commentCount":0,"publisher":{"@id":"https:\/\/consejoderectores.cl\/en\/#organization"},"image":{"@id":"https:\/\/consejoderectores.cl\/2014\/03\/31\/603c6d80780ae\/#primaryimage"},"thumbnailUrl":"https:\/\/consejoderectores.cl\/wp-content\/uploads\/2021\/10\/declaraciones-publicas.jpg","articleSection":["Noticias"],"inLanguage":"en-US","potentialAction":[{"@type":"CommentAction","name":"Comment","target":["https:\/\/consejoderectores.cl\/2014\/03\/31\/603c6d80780ae\/#respond"]}]},{"@type":"WebPage","@id":"https:\/\/consejoderectores.cl\/2014\/03\/31\/603c6d80780ae\/","url":"https:\/\/consejoderectores.cl\/2014\/03\/31\/603c6d80780ae\/","name":"Consejo de Rectores define calendario del Proceso de Admisi\u00f3n 2015 - Consejo de Rectoras y Rectores de las Universidades Chilenas","isPartOf":{"@id":"https:\/\/consejoderectores.cl\/en\/#website"},"primaryImageOfPage":{"@id":"https:\/\/consejoderectores.cl\/2014\/03\/31\/603c6d80780ae\/#primaryimage"},"image":{"@id":"https:\/\/consejoderectores.cl\/2014\/03\/31\/603c6d80780ae\/#primaryimage"},"thumbnailUrl":"https:\/\/consejoderectores.cl\/wp-content\/uploads\/2021\/10\/declaraciones-publicas.jpg","datePublished":"2014-03-31T00:00:00+00:00","dateModified":"2022-01-19T20:26:03+00:00","breadcrumb":{"@id":"https:\/\/consejoderectores.cl\/2014\/03\/31\/603c6d80780ae\/#breadcrumb"},"inLanguage":"en-US","potentialAction":[{"@type":"ReadAction","target":["https:\/\/consejoderectores.cl\/2014\/03\/31\/603c6d80780ae\/"]}]},{"@type":"ImageObject","inLanguage":"en-US","@id":"https:\/\/consejoderectores.cl\/2014\/03\/31\/603c6d80780ae\/#primaryimage","url":"https:\/\/consejoderectores.cl\/wp-content\/uploads\/2021\/10\/declaraciones-publicas.jpg","contentUrl":"https:\/\/consejoderectores.cl\/wp-content\/uploads\/2021\/10\/declaraciones-publicas.jpg","width":1024,"height":500},{"@type":"BreadcrumbList","@id":"https:\/\/consejoderectores.cl\/2014\/03\/31\/603c6d80780ae\/#breadcrumb","itemListElement":[{"@type":"ListItem","position":1,"name":"Home","item":"https:\/\/consejoderectores.cl\/"},{"@type":"ListItem","position":2,"name":"Consejo de Rectores define calendario del Proceso de Admisi\u00f3n 2015"}]},{"@type":"WebSite","@id":"https:\/\/consejoderectores.cl\/en\/#website","url":"https:\/\/consejoderectores.cl\/en\/","name":"Council of Rectors of Chilean Universities","description":"","publisher":{"@id":"https:\/\/consejoderectores.cl\/en\/#organization"},"potentialAction":[{"@type":"SearchAction","target":{"@type":"EntryPoint","urlTemplate":"https:\/\/consejoderectores.cl\/en\/?s={search_term_string}"},"query-input":{"@type":"PropertyValueSpecification","valueRequired":true,"valueName":"search_term_string"}}],"inLanguage":"en-US"},{"@type":"Organization","@id":"https:\/\/consejoderectores.cl\/en\/#organization","name":"Council of Rectors of Chilean Universities","url":"https:\/\/consejoderectores.cl\/en\/","logo":{"@type":"ImageObject","inLanguage":"en-US","@id":"https:\/\/consejoderectores.cl\/en\/#\/schema\/logo\/image\/","url":"https:\/\/consejoderectores.cl\/wp-content\/uploads\/2025\/12\/logoheader_2025.png","contentUrl":"https:\/\/consejoderectores.cl\/wp-content\/uploads\/2025\/12\/logoheader_2025.png","width":666,"height":305,"caption":"Consejo de Rectoras y Rectores de las Universidades Chilenas"},"image":{"@id":"https:\/\/consejoderectores.cl\/en\/#\/schema\/logo\/image\/"},"sameAs":["https:\/\/x.com\/CRUCH_cl","https:\/\/www.instagram.com\/consejoderectores\/","https:\/\/www.linkedin.com\/company\/cruch\/","https:\/\/www.youtube.com\/channel\/UCzgIFRCsDlKoFpimiQmEaOA"]},{"@type":"Person","@id":"https:\/\/consejoderectores.cl\/en\/#\/schema\/person\/d863e44afde067fd4b57fac66ced709e","name":"Council of Rectors of Chilean Universities","image":{"@type":"ImageObject","inLanguage":"en-US","@id":"https:\/\/consejoderectores.cl\/en\/#\/schema\/person\/image\/","url":"https:\/\/secure.gravatar.com\/avatar\/c31e2a02401f041926afb8ee21ab666f0925814fe85d25a5c8db80e23722dfc1?s=96&d=mm&r=g","contentUrl":"https:\/\/secure.gravatar.com\/avatar\/c31e2a02401f041926afb8ee21ab666f0925814fe85d25a5c8db80e23722dfc1?s=96&d=mm&r=g","caption":"Consejo de Rectores de las Universidades Chilenas"},"sameAs":["https:\/\/www.consejoderectores.cl"],"url":"https:\/\/consejoderectores.cl\/en\/author\/cruch\/"}]}},"_links":{"self":[{"href":"https:\/\/consejoderectores.cl\/en\/wp-json\/wp\/v2\/posts\/1333","targetHints":{"allow":["GET"]}}],"collection":[{"href":"https:\/\/consejoderectores.cl\/en\/wp-json\/wp\/v2\/posts"}],"about":[{"href":"https:\/\/consejoderectores.cl\/en\/wp-json\/wp\/v2\/types\/post"}],"author":[{"embeddable":true,"href":"https:\/\/consejoderectores.cl\/en\/wp-json\/wp\/v2\/users\/1"}],"replies":[{"embeddable":true,"href":"https:\/\/consejoderectores.cl\/en\/wp-json\/wp\/v2\/comments?post=1333"}],"version-history":[{"count":2,"href":"https:\/\/consejoderectores.cl\/en\/wp-json\/wp\/v2\/posts\/1333\/revisions"}],"predecessor-version":[{"id":5578,"href":"https:\/\/consejoderectores.cl\/en\/wp-json\/wp\/v2\/posts\/1333\/revisions\/5578"}],"wp:featuredmedia":[{"embeddable":true,"href":"https:\/\/consejoderectores.cl\/en\/wp-json\/wp\/v2\/media\/3592"}],"wp:attachment":[{"href":"https:\/\/consejoderectores.cl\/en\/wp-json\/wp\/v2\/media?parent=1333"}],"wp:term":[{"taxonomy":"category","embeddable":true,"href":"https:\/\/consejoderectores.cl\/en\/wp-json\/wp\/v2\/categories?post=1333"},{"taxonomy":"post_tag","embeddable":true,"href":"https:\/\/consejoderectores.cl\/en\/wp-json\/wp\/v2\/tags?post=1333"}],"curies":[{"name":"wp","href":"https:\/\/api.w.org\/{rel}","templated":true}]}}