{"id":1323,"date":"2014-01-08T00:00:00","date_gmt":"2014-01-08T00:00:00","guid":{"rendered":""},"modified":"2022-01-20T15:58:43","modified_gmt":"2022-01-20T15:58:43","slug":"603c6d80779ab","status":"publish","type":"post","link":"https:\/\/consejoderectores.cl\/en\/2014\/01\/08\/603c6d80779ab\/","title":{"rendered":"Meeting of Academic Vice-Rectors analyzed studies and defined strategies for the Council of Rectors"},"content":{"rendered":"<blockquote><p>In Santiago, the Academic Vice-Rectors and representatives of the CRUCH universities met to take stock of the year, review the scope and conclusions of three studies commissioned by the Committee of Vice-Rectors.<\/p><\/blockquote>\n<p>The main objectives of the meeting of vice-rectors of the Council&#039;s universities, held on January 7 and 8 in Santiago, were to present the conclusions of three studies commissioned by the Committee of Academic Vice-Rectors and to discuss the pending challenges for the CRUCH universities.<\/p>\n<p>At the event, the findings of three research projects were presented. The first, on Curriculum Innovation, was conducted by Roxana Pey and Francisco Dur\u00e1n from the University of Chile and Cenda. The second, on Teacher Training, was conducted by Andr\u00e9s Bernasconi and Paula Clasing from Ceppe-UC, and the third, on Equity and Retention, was carried out by Lorena L\u00f3pez and Paulina P\u00e9rez from the University of Santiago.<\/p>\n<p>Furthermore, the Academic Vice-Rector of Usach, Fernanda Kri, reported on the progress of the SCT-Chile project. At the meeting, she indicated that by 2014, the 60% program for CRUCH (Council of Rectors of Chilean Universities) programs would be operating under this system.<\/p>\n<p>The studies cited reflected how ministerial programs\u2014stemming from a lack of clear guidelines, regulations, and policies\u2014have generated fragmentation within the higher education system. Despite this fragmented landscape, it is acknowledged that the Council of Rectors must take ownership of its progress in terms of proposals, justifications, advancements, and joint tasks; developing a shared roadmap that is understandable to all and can be monitored and evaluated, ensuring an appropriate and sustained pace. It is imperative for everyone to recognize that there is a favorable environment for articulating higher education policy proposals. These assessments are shared when analyzing progress in curriculum innovation processes, initial teacher training, and equity programs.<\/p>\n<p>The day was closed by the rector of the University of La Frontera, Sergio Bravo, who recognized the relevance of the contribution of the studies and debates of the vice-rectors to contribute to the design of the changes, stating that there are now spaces to build new proposals and assuring that as a Council of Rectors it is expected to contribute in these directions.<\/p>","protected":false},"excerpt":{"rendered":"<p>En Santiago se reunieron los vicerrectores Acad\u00e9micos y representantes de las universidades del CRUCH para hacer un balance del a\u00f1o, revisar los alcances y conclusiones de tres estudios encargados por el Comit\u00e9 de Vicerrectores. Dar a conocer las conclusiones de tres estudios encargados por el Comit\u00e9 de Vicerrectores Acad\u00e9micos y dialogar acerca de los desaf\u00edos [&hellip;]<\/p>\n","protected":false},"author":1,"featured_media":3592,"comment_status":"open","ping_status":"open","sticky":false,"template":"","format":"standard","meta":{"_acf_changed":false,"footnotes":""},"categories":[3,16],"tags":[],"class_list":["post-1323","post","type-post","status-publish","format-standard","has-post-thumbnail","hentry","category-noticias","category-noticias-comision-de-vicerrectores-as-academicos-as"],"acf":[],"yoast_head":"<!-- This site is optimized with the Yoast SEO plugin v27.1.1 - https:\/\/yoast.com\/product\/yoast-seo-wordpress\/ -->\n<title>Encuentro de Vicerrectores Acad\u00e9micos analiz\u00f3 estudios y defini\u00f3 estrategias para el Consejo de Rectores - Consejo de Rectoras y Rectores de las Universidades Chilenas<\/title>\n<meta name=\"robots\" content=\"index, follow, max-snippet:-1, max-image-preview:large, max-video-preview:-1\" \/>\n<link rel=\"canonical\" href=\"https:\/\/consejoderectores.cl\/en\/2014\/01\/08\/603c6d80779ab\/\" \/>\n<meta property=\"og:locale\" content=\"en_US\" \/>\n<meta property=\"og:type\" content=\"article\" \/>\n<meta property=\"og:title\" content=\"Encuentro de Vicerrectores Acad\u00e9micos analiz\u00f3 estudios y defini\u00f3 estrategias para el Consejo de Rectores - Consejo de Rectoras y Rectores de las Universidades Chilenas\" \/>\n<meta property=\"og:description\" content=\"En Santiago se reunieron los vicerrectores Acad\u00e9micos y representantes de las universidades del CRUCH para hacer un balance del a\u00f1o, revisar los alcances y conclusiones de tres estudios encargados por el Comit\u00e9 de Vicerrectores. Dar a conocer las conclusiones de tres estudios encargados por el Comit\u00e9 de Vicerrectores Acad\u00e9micos y dialogar acerca de los desaf\u00edos [&hellip;]\" \/>\n<meta property=\"og:url\" content=\"https:\/\/consejoderectores.cl\/en\/2014\/01\/08\/603c6d80779ab\/\" \/>\n<meta property=\"og:site_name\" content=\"Consejo de Rectoras y Rectores de las Universidades Chilenas\" \/>\n<meta property=\"article:published_time\" content=\"2014-01-08T00:00:00+00:00\" \/>\n<meta property=\"article:modified_time\" content=\"2022-01-20T15:58:43+00:00\" \/>\n<meta property=\"og:image\" content=\"https:\/\/consejoderectores.cl\/wp-content\/uploads\/2021\/10\/declaraciones-publicas.jpg\" \/>\n\t<meta property=\"og:image:width\" content=\"1024\" \/>\n\t<meta property=\"og:image:height\" content=\"500\" \/>\n\t<meta property=\"og:image:type\" content=\"image\/jpeg\" \/>\n<meta name=\"author\" content=\"Consejo de Rectores de las Universidades Chilenas\" \/>\n<meta name=\"twitter:card\" content=\"summary_large_image\" \/>\n<meta name=\"twitter:creator\" content=\"@CRUCH_cl\" \/>\n<meta name=\"twitter:site\" content=\"@CRUCH_cl\" \/>\n<meta name=\"twitter:label1\" content=\"Written by\" \/>\n\t<meta name=\"twitter:data1\" content=\"Consejo de Rectores de las Universidades Chilenas\" \/>\n\t<meta name=\"twitter:label2\" content=\"Est. reading time\" \/>\n\t<meta name=\"twitter:data2\" content=\"2 minutes\" \/>\n<script type=\"application\/ld+json\" class=\"yoast-schema-graph\">{\"@context\":\"https:\/\/schema.org\",\"@graph\":[{\"@type\":\"Article\",\"@id\":\"https:\/\/consejoderectores.cl\/2014\/01\/08\/603c6d80779ab\/#article\",\"isPartOf\":{\"@id\":\"https:\/\/consejoderectores.cl\/2014\/01\/08\/603c6d80779ab\/\"},\"author\":{\"name\":\"Consejo de Rectores de las Universidades Chilenas\",\"@id\":\"https:\/\/consejoderectores.cl\/en\/#\/schema\/person\/d863e44afde067fd4b57fac66ced709e\"},\"headline\":\"Encuentro de Vicerrectores Acad\u00e9micos analiz\u00f3 estudios y defini\u00f3 estrategias para el Consejo de Rectores\",\"datePublished\":\"2014-01-08T00:00:00+00:00\",\"dateModified\":\"2022-01-20T15:58:43+00:00\",\"mainEntityOfPage\":{\"@id\":\"https:\/\/consejoderectores.cl\/2014\/01\/08\/603c6d80779ab\/\"},\"wordCount\":413,\"commentCount\":0,\"publisher\":{\"@id\":\"https:\/\/consejoderectores.cl\/en\/#organization\"},\"image\":{\"@id\":\"https:\/\/consejoderectores.cl\/2014\/01\/08\/603c6d80779ab\/#primaryimage\"},\"thumbnailUrl\":\"https:\/\/consejoderectores.cl\/wp-content\/uploads\/2021\/10\/declaraciones-publicas.jpg\",\"articleSection\":[\"Noticias\",\"Noticias Comisi\u00f3n de Vicerrectores\/as Acad\u00e9micos\/as\"],\"inLanguage\":\"en-US\",\"potentialAction\":[{\"@type\":\"CommentAction\",\"name\":\"Comment\",\"target\":[\"https:\/\/consejoderectores.cl\/2014\/01\/08\/603c6d80779ab\/#respond\"]}]},{\"@type\":\"WebPage\",\"@id\":\"https:\/\/consejoderectores.cl\/2014\/01\/08\/603c6d80779ab\/\",\"url\":\"https:\/\/consejoderectores.cl\/2014\/01\/08\/603c6d80779ab\/\",\"name\":\"Encuentro de Vicerrectores Acad\u00e9micos analiz\u00f3 estudios y defini\u00f3 estrategias para el Consejo de Rectores - Consejo de Rectoras y Rectores de las Universidades Chilenas\",\"isPartOf\":{\"@id\":\"https:\/\/consejoderectores.cl\/en\/#website\"},\"primaryImageOfPage\":{\"@id\":\"https:\/\/consejoderectores.cl\/2014\/01\/08\/603c6d80779ab\/#primaryimage\"},\"image\":{\"@id\":\"https:\/\/consejoderectores.cl\/2014\/01\/08\/603c6d80779ab\/#primaryimage\"},\"thumbnailUrl\":\"https:\/\/consejoderectores.cl\/wp-content\/uploads\/2021\/10\/declaraciones-publicas.jpg\",\"datePublished\":\"2014-01-08T00:00:00+00:00\",\"dateModified\":\"2022-01-20T15:58:43+00:00\",\"breadcrumb\":{\"@id\":\"https:\/\/consejoderectores.cl\/2014\/01\/08\/603c6d80779ab\/#breadcrumb\"},\"inLanguage\":\"en-US\",\"potentialAction\":[{\"@type\":\"ReadAction\",\"target\":[\"https:\/\/consejoderectores.cl\/2014\/01\/08\/603c6d80779ab\/\"]}]},{\"@type\":\"ImageObject\",\"inLanguage\":\"en-US\",\"@id\":\"https:\/\/consejoderectores.cl\/2014\/01\/08\/603c6d80779ab\/#primaryimage\",\"url\":\"https:\/\/consejoderectores.cl\/wp-content\/uploads\/2021\/10\/declaraciones-publicas.jpg\",\"contentUrl\":\"https:\/\/consejoderectores.cl\/wp-content\/uploads\/2021\/10\/declaraciones-publicas.jpg\",\"width\":1024,\"height\":500},{\"@type\":\"BreadcrumbList\",\"@id\":\"https:\/\/consejoderectores.cl\/2014\/01\/08\/603c6d80779ab\/#breadcrumb\",\"itemListElement\":[{\"@type\":\"ListItem\",\"position\":1,\"name\":\"Home\",\"item\":\"https:\/\/consejoderectores.cl\/\"},{\"@type\":\"ListItem\",\"position\":2,\"name\":\"Encuentro de Vicerrectores Acad\u00e9micos analiz\u00f3 estudios y defini\u00f3 estrategias para el Consejo de Rectores\"}]},{\"@type\":\"WebSite\",\"@id\":\"https:\/\/consejoderectores.cl\/en\/#website\",\"url\":\"https:\/\/consejoderectores.cl\/en\/\",\"name\":\"Consejo de Rectoras y Rectores de las Universidades Chilenas\",\"description\":\"\",\"publisher\":{\"@id\":\"https:\/\/consejoderectores.cl\/en\/#organization\"},\"potentialAction\":[{\"@type\":\"SearchAction\",\"target\":{\"@type\":\"EntryPoint\",\"urlTemplate\":\"https:\/\/consejoderectores.cl\/en\/?s={search_term_string}\"},\"query-input\":{\"@type\":\"PropertyValueSpecification\",\"valueRequired\":true,\"valueName\":\"search_term_string\"}}],\"inLanguage\":\"en-US\"},{\"@type\":\"Organization\",\"@id\":\"https:\/\/consejoderectores.cl\/en\/#organization\",\"name\":\"Consejo de Rectoras y Rectores de las Universidades Chilenas\",\"url\":\"https:\/\/consejoderectores.cl\/en\/\",\"logo\":{\"@type\":\"ImageObject\",\"inLanguage\":\"en-US\",\"@id\":\"https:\/\/consejoderectores.cl\/en\/#\/schema\/logo\/image\/\",\"url\":\"https:\/\/consejoderectores.cl\/wp-content\/uploads\/2025\/12\/logoheader_2025.png\",\"contentUrl\":\"https:\/\/consejoderectores.cl\/wp-content\/uploads\/2025\/12\/logoheader_2025.png\",\"width\":666,\"height\":305,\"caption\":\"Consejo de Rectoras y Rectores de las Universidades Chilenas\"},\"image\":{\"@id\":\"https:\/\/consejoderectores.cl\/en\/#\/schema\/logo\/image\/\"},\"sameAs\":[\"https:\/\/x.com\/CRUCH_cl\",\"https:\/\/www.instagram.com\/consejoderectores\/\",\"https:\/\/www.linkedin.com\/company\/cruch\/\",\"https:\/\/www.youtube.com\/channel\/UCzgIFRCsDlKoFpimiQmEaOA\"]},{\"@type\":\"Person\",\"@id\":\"https:\/\/consejoderectores.cl\/en\/#\/schema\/person\/d863e44afde067fd4b57fac66ced709e\",\"name\":\"Consejo de Rectores de las Universidades Chilenas\",\"image\":{\"@type\":\"ImageObject\",\"inLanguage\":\"en-US\",\"@id\":\"https:\/\/consejoderectores.cl\/en\/#\/schema\/person\/image\/\",\"url\":\"https:\/\/secure.gravatar.com\/avatar\/c31e2a02401f041926afb8ee21ab666f0925814fe85d25a5c8db80e23722dfc1?s=96&d=mm&r=g\",\"contentUrl\":\"https:\/\/secure.gravatar.com\/avatar\/c31e2a02401f041926afb8ee21ab666f0925814fe85d25a5c8db80e23722dfc1?s=96&d=mm&r=g\",\"caption\":\"Consejo de Rectores de las Universidades Chilenas\"},\"sameAs\":[\"https:\/\/www.consejoderectores.cl\"],\"url\":\"https:\/\/consejoderectores.cl\/en\/author\/cruch\/\"}]}<\/script>\n<!-- \/ Yoast SEO plugin. -->","yoast_head_json":{"title":"Encuentro de Vicerrectores Acad\u00e9micos analiz\u00f3 estudios y defini\u00f3 estrategias para el Consejo de Rectores - Consejo de Rectoras y Rectores de las Universidades Chilenas","robots":{"index":"index","follow":"follow","max-snippet":"max-snippet:-1","max-image-preview":"max-image-preview:large","max-video-preview":"max-video-preview:-1"},"canonical":"https:\/\/consejoderectores.cl\/en\/2014\/01\/08\/603c6d80779ab\/","og_locale":"en_US","og_type":"article","og_title":"Encuentro de Vicerrectores Acad\u00e9micos analiz\u00f3 estudios y defini\u00f3 estrategias para el Consejo de Rectores - Consejo de Rectoras y Rectores de las Universidades Chilenas","og_description":"En Santiago se reunieron los vicerrectores Acad\u00e9micos y representantes de las universidades del CRUCH para hacer un balance del a\u00f1o, revisar los alcances y conclusiones de tres estudios encargados por el Comit\u00e9 de Vicerrectores. Dar a conocer las conclusiones de tres estudios encargados por el Comit\u00e9 de Vicerrectores Acad\u00e9micos y dialogar acerca de los desaf\u00edos [&hellip;]","og_url":"https:\/\/consejoderectores.cl\/en\/2014\/01\/08\/603c6d80779ab\/","og_site_name":"Consejo de Rectoras y Rectores de las Universidades Chilenas","article_published_time":"2014-01-08T00:00:00+00:00","article_modified_time":"2022-01-20T15:58:43+00:00","og_image":[{"width":1024,"height":500,"url":"https:\/\/consejoderectores.cl\/wp-content\/uploads\/2021\/10\/declaraciones-publicas.jpg","type":"image\/jpeg"}],"author":"Consejo de Rectores de las Universidades Chilenas","twitter_card":"summary_large_image","twitter_creator":"@CRUCH_cl","twitter_site":"@CRUCH_cl","twitter_misc":{"Written by":"Consejo de Rectores de las Universidades Chilenas","Est. reading time":"2 minutes"},"schema":{"@context":"https:\/\/schema.org","@graph":[{"@type":"Article","@id":"https:\/\/consejoderectores.cl\/2014\/01\/08\/603c6d80779ab\/#article","isPartOf":{"@id":"https:\/\/consejoderectores.cl\/2014\/01\/08\/603c6d80779ab\/"},"author":{"name":"Consejo de Rectores de las Universidades Chilenas","@id":"https:\/\/consejoderectores.cl\/en\/#\/schema\/person\/d863e44afde067fd4b57fac66ced709e"},"headline":"Encuentro de Vicerrectores Acad\u00e9micos analiz\u00f3 estudios y defini\u00f3 estrategias para el Consejo de Rectores","datePublished":"2014-01-08T00:00:00+00:00","dateModified":"2022-01-20T15:58:43+00:00","mainEntityOfPage":{"@id":"https:\/\/consejoderectores.cl\/2014\/01\/08\/603c6d80779ab\/"},"wordCount":413,"commentCount":0,"publisher":{"@id":"https:\/\/consejoderectores.cl\/en\/#organization"},"image":{"@id":"https:\/\/consejoderectores.cl\/2014\/01\/08\/603c6d80779ab\/#primaryimage"},"thumbnailUrl":"https:\/\/consejoderectores.cl\/wp-content\/uploads\/2021\/10\/declaraciones-publicas.jpg","articleSection":["Noticias","Noticias Comisi\u00f3n de Vicerrectores\/as Acad\u00e9micos\/as"],"inLanguage":"en-US","potentialAction":[{"@type":"CommentAction","name":"Comment","target":["https:\/\/consejoderectores.cl\/2014\/01\/08\/603c6d80779ab\/#respond"]}]},{"@type":"WebPage","@id":"https:\/\/consejoderectores.cl\/2014\/01\/08\/603c6d80779ab\/","url":"https:\/\/consejoderectores.cl\/2014\/01\/08\/603c6d80779ab\/","name":"Encuentro de Vicerrectores Acad\u00e9micos analiz\u00f3 estudios y defini\u00f3 estrategias para el Consejo de Rectores - Consejo de Rectoras y Rectores de las Universidades Chilenas","isPartOf":{"@id":"https:\/\/consejoderectores.cl\/en\/#website"},"primaryImageOfPage":{"@id":"https:\/\/consejoderectores.cl\/2014\/01\/08\/603c6d80779ab\/#primaryimage"},"image":{"@id":"https:\/\/consejoderectores.cl\/2014\/01\/08\/603c6d80779ab\/#primaryimage"},"thumbnailUrl":"https:\/\/consejoderectores.cl\/wp-content\/uploads\/2021\/10\/declaraciones-publicas.jpg","datePublished":"2014-01-08T00:00:00+00:00","dateModified":"2022-01-20T15:58:43+00:00","breadcrumb":{"@id":"https:\/\/consejoderectores.cl\/2014\/01\/08\/603c6d80779ab\/#breadcrumb"},"inLanguage":"en-US","potentialAction":[{"@type":"ReadAction","target":["https:\/\/consejoderectores.cl\/2014\/01\/08\/603c6d80779ab\/"]}]},{"@type":"ImageObject","inLanguage":"en-US","@id":"https:\/\/consejoderectores.cl\/2014\/01\/08\/603c6d80779ab\/#primaryimage","url":"https:\/\/consejoderectores.cl\/wp-content\/uploads\/2021\/10\/declaraciones-publicas.jpg","contentUrl":"https:\/\/consejoderectores.cl\/wp-content\/uploads\/2021\/10\/declaraciones-publicas.jpg","width":1024,"height":500},{"@type":"BreadcrumbList","@id":"https:\/\/consejoderectores.cl\/2014\/01\/08\/603c6d80779ab\/#breadcrumb","itemListElement":[{"@type":"ListItem","position":1,"name":"Home","item":"https:\/\/consejoderectores.cl\/"},{"@type":"ListItem","position":2,"name":"Encuentro de Vicerrectores Acad\u00e9micos analiz\u00f3 estudios y defini\u00f3 estrategias para el Consejo de Rectores"}]},{"@type":"WebSite","@id":"https:\/\/consejoderectores.cl\/en\/#website","url":"https:\/\/consejoderectores.cl\/en\/","name":"Council of Rectors of Chilean Universities","description":"","publisher":{"@id":"https:\/\/consejoderectores.cl\/en\/#organization"},"potentialAction":[{"@type":"SearchAction","target":{"@type":"EntryPoint","urlTemplate":"https:\/\/consejoderectores.cl\/en\/?s={search_term_string}"},"query-input":{"@type":"PropertyValueSpecification","valueRequired":true,"valueName":"search_term_string"}}],"inLanguage":"en-US"},{"@type":"Organization","@id":"https:\/\/consejoderectores.cl\/en\/#organization","name":"Council of Rectors of Chilean Universities","url":"https:\/\/consejoderectores.cl\/en\/","logo":{"@type":"ImageObject","inLanguage":"en-US","@id":"https:\/\/consejoderectores.cl\/en\/#\/schema\/logo\/image\/","url":"https:\/\/consejoderectores.cl\/wp-content\/uploads\/2025\/12\/logoheader_2025.png","contentUrl":"https:\/\/consejoderectores.cl\/wp-content\/uploads\/2025\/12\/logoheader_2025.png","width":666,"height":305,"caption":"Consejo de Rectoras y Rectores de las Universidades Chilenas"},"image":{"@id":"https:\/\/consejoderectores.cl\/en\/#\/schema\/logo\/image\/"},"sameAs":["https:\/\/x.com\/CRUCH_cl","https:\/\/www.instagram.com\/consejoderectores\/","https:\/\/www.linkedin.com\/company\/cruch\/","https:\/\/www.youtube.com\/channel\/UCzgIFRCsDlKoFpimiQmEaOA"]},{"@type":"Person","@id":"https:\/\/consejoderectores.cl\/en\/#\/schema\/person\/d863e44afde067fd4b57fac66ced709e","name":"Council of Rectors of Chilean Universities","image":{"@type":"ImageObject","inLanguage":"en-US","@id":"https:\/\/consejoderectores.cl\/en\/#\/schema\/person\/image\/","url":"https:\/\/secure.gravatar.com\/avatar\/c31e2a02401f041926afb8ee21ab666f0925814fe85d25a5c8db80e23722dfc1?s=96&d=mm&r=g","contentUrl":"https:\/\/secure.gravatar.com\/avatar\/c31e2a02401f041926afb8ee21ab666f0925814fe85d25a5c8db80e23722dfc1?s=96&d=mm&r=g","caption":"Consejo de Rectores de las Universidades Chilenas"},"sameAs":["https:\/\/www.consejoderectores.cl"],"url":"https:\/\/consejoderectores.cl\/en\/author\/cruch\/"}]}},"_links":{"self":[{"href":"https:\/\/consejoderectores.cl\/en\/wp-json\/wp\/v2\/posts\/1323","targetHints":{"allow":["GET"]}}],"collection":[{"href":"https:\/\/consejoderectores.cl\/en\/wp-json\/wp\/v2\/posts"}],"about":[{"href":"https:\/\/consejoderectores.cl\/en\/wp-json\/wp\/v2\/types\/post"}],"author":[{"embeddable":true,"href":"https:\/\/consejoderectores.cl\/en\/wp-json\/wp\/v2\/users\/1"}],"replies":[{"embeddable":true,"href":"https:\/\/consejoderectores.cl\/en\/wp-json\/wp\/v2\/comments?post=1323"}],"version-history":[{"count":2,"href":"https:\/\/consejoderectores.cl\/en\/wp-json\/wp\/v2\/posts\/1323\/revisions"}],"predecessor-version":[{"id":5686,"href":"https:\/\/consejoderectores.cl\/en\/wp-json\/wp\/v2\/posts\/1323\/revisions\/5686"}],"wp:featuredmedia":[{"embeddable":true,"href":"https:\/\/consejoderectores.cl\/en\/wp-json\/wp\/v2\/media\/3592"}],"wp:attachment":[{"href":"https:\/\/consejoderectores.cl\/en\/wp-json\/wp\/v2\/media?parent=1323"}],"wp:term":[{"taxonomy":"category","embeddable":true,"href":"https:\/\/consejoderectores.cl\/en\/wp-json\/wp\/v2\/categories?post=1323"},{"taxonomy":"post_tag","embeddable":true,"href":"https:\/\/consejoderectores.cl\/en\/wp-json\/wp\/v2\/tags?post=1323"}],"curies":[{"name":"wp","href":"https:\/\/api.w.org\/{rel}","templated":true}]}}