{"id":1313,"date":"2013-12-01T00:00:00","date_gmt":"2013-12-01T00:00:00","guid":{"rendered":""},"modified":"2022-01-20T14:27:43","modified_gmt":"2022-01-20T14:27:43","slug":"603c6d80772ad","status":"publish","type":"post","link":"https:\/\/consejoderectores.cl\/en\/2013\/12\/01\/603c6d80772ad\/","title":{"rendered":"With recognition of rooms a new process of surrender of the PSU begins"},"content":{"rendered":"<blockquote><p>The 271,000 students taking the PSU this year will have the opportunity today to familiarize themselves with their assigned room, reducing uncertainty before taking the test. The executive vice president of the Council of Rectors, along with the executive director of the Unified Admission System, Mar\u00eda Elena Gonz\u00e1lez, urged students to take the test calmly.<\/p><\/blockquote>\n<p>A new university admissions process begins, and the more than 271,000 students registered to take the University Selection Tests (PSU) will be able to go to their assigned establishment as a venue for the room recognition process, the traditional step prior to taking the tests.<\/p>\n<p>With a visit to the Compa\u00f1\u00eda de Mar\u00eda school, the executive vice president of CRUCH, Juan Manuel Zolezzi, accompanied by the rector of the University of Chile, V\u00edctor P\u00e9rez, the Minister of Education, Carolina Schmidt, the Academic Vice-Rector of the University of Chile, Patricio Aceituno, the director of the Single Admission System (SUA), Mar\u00eda Elena Gonz\u00e1lez and the director of the Department of Educational Evaluation, Measurement and Registration (DEMRE) of the University of Chile, Eduardo Rodr\u00edguez, kicked off a new selection process.<\/p>\n<p>According to DEMRE data, this year there are 170 locations authorized to receive applicants, distributed across 562 premises, for a total of 7,966 testing rooms.<\/p>\n<p>These offices will employ 21,844 people, including delegates, supervisors, site managers, and examiners, among others.<\/p>\n<p>Among the interesting facts about this process, it&#039;s worth noting that the location with the highest number of registered participants is Maip\u00fa, with 10,090 people. The location with the fewest is Juan Fern\u00e1ndez, with 3 registered participants.<\/p>\n<p>According to the data breakdown by age, 17 people aged 70 or older registered to take the test. Among them, the oldest is an 83-year-old man. At the other end of the spectrum, 129 young people between the ages of 15 and 16 are registered.<\/p>\n<p>In addition, this year the PSU (University Selection Test) will be administered in 50 correctional facilities. A total of 1,937 people will participate.<\/p>\n<p>The executive vice president of CRUCH, Juan Manuel Zolezzi, urged applicants to take the test with complete peace of mind. \u201cWe are confident that, as in previous years, the process will proceed smoothly. We have all the necessary technical and human resources to ensure this, and we encourage everyone to arrive calmly at the testing centers.\u201d.<\/p>\n<p>The executive director of the Unified Admission System, Mar\u00eda Elena Gonz\u00e1lez, stated that \u201cbehind this test is the combined effort of thousands of people, each contributing their expertise to ensure everything runs smoothly,\u201d and therefore reiterated the call for applicants to focus on taking the test. She also thanked everyone who contributes to the success of this process and \u201cespecially the Chilean National Police (Carabineros de Chile) for their extraordinary contribution to security and the opportunity to administer the PSU simultaneously throughout the country.\u201d.<\/p>","protected":false},"excerpt":{"rendered":"<p>Los 271 mil j\u00f3venes que rinden la PSU este a\u00f1o tendr\u00e1n hoy la oportunidad de reconocer su sala, lo que reduce la incertidumbre al momento de rendir el test. El vicepresidente ejecutivo del Consejo de Rectores, en conjunto con la directora ejecutiva del Sistema \u00danico de Admisi\u00f3n, Mar\u00eda Elena Gonz\u00e1lez, hicieron un llamado a rendir [&hellip;]<\/p>\n","protected":false},"author":1,"featured_media":3592,"comment_status":"open","ping_status":"open","sticky":false,"template":"","format":"standard","meta":{"_acf_changed":false,"footnotes":""},"categories":[3],"tags":[],"class_list":["post-1313","post","type-post","status-publish","format-standard","has-post-thumbnail","hentry","category-noticias"],"acf":[],"yoast_head":"<!-- This site is optimized with the Yoast SEO plugin v27.1.1 - https:\/\/yoast.com\/product\/yoast-seo-wordpress\/ -->\n<title>Con reconocimiento de salas comienza un nuevo proceso de rendici\u00f3n de la PSU - Consejo de Rectoras y Rectores de las Universidades Chilenas<\/title>\n<meta name=\"robots\" content=\"index, follow, max-snippet:-1, max-image-preview:large, max-video-preview:-1\" \/>\n<link rel=\"canonical\" href=\"https:\/\/consejoderectores.cl\/en\/2013\/12\/01\/603c6d80772ad\/\" \/>\n<meta property=\"og:locale\" content=\"en_US\" \/>\n<meta property=\"og:type\" content=\"article\" \/>\n<meta property=\"og:title\" content=\"Con reconocimiento de salas comienza un nuevo proceso de rendici\u00f3n de la PSU - Consejo de Rectoras y Rectores de las Universidades Chilenas\" \/>\n<meta property=\"og:description\" content=\"Los 271 mil j\u00f3venes que rinden la PSU este a\u00f1o tendr\u00e1n hoy la oportunidad de reconocer su sala, lo que reduce la incertidumbre al momento de rendir el test. El vicepresidente ejecutivo del Consejo de Rectores, en conjunto con la directora ejecutiva del Sistema \u00danico de Admisi\u00f3n, Mar\u00eda Elena Gonz\u00e1lez, hicieron un llamado a rendir [&hellip;]\" \/>\n<meta property=\"og:url\" content=\"https:\/\/consejoderectores.cl\/en\/2013\/12\/01\/603c6d80772ad\/\" \/>\n<meta property=\"og:site_name\" content=\"Consejo de Rectoras y Rectores de las Universidades Chilenas\" \/>\n<meta property=\"article:published_time\" content=\"2013-12-01T00:00:00+00:00\" \/>\n<meta property=\"article:modified_time\" content=\"2022-01-20T14:27:43+00:00\" \/>\n<meta property=\"og:image\" content=\"https:\/\/consejoderectores.cl\/wp-content\/uploads\/2021\/10\/declaraciones-publicas.jpg\" \/>\n\t<meta property=\"og:image:width\" content=\"1024\" \/>\n\t<meta property=\"og:image:height\" content=\"500\" \/>\n\t<meta property=\"og:image:type\" content=\"image\/jpeg\" \/>\n<meta name=\"author\" content=\"Consejo de Rectores de las Universidades Chilenas\" \/>\n<meta name=\"twitter:card\" content=\"summary_large_image\" \/>\n<meta name=\"twitter:creator\" content=\"@CRUCH_cl\" \/>\n<meta name=\"twitter:site\" content=\"@CRUCH_cl\" \/>\n<meta name=\"twitter:label1\" content=\"Written by\" \/>\n\t<meta name=\"twitter:data1\" content=\"Consejo de Rectores de las Universidades Chilenas\" \/>\n\t<meta name=\"twitter:label2\" content=\"Est. reading time\" \/>\n\t<meta name=\"twitter:data2\" content=\"3 minutes\" \/>\n<script type=\"application\/ld+json\" class=\"yoast-schema-graph\">{\"@context\":\"https:\/\/schema.org\",\"@graph\":[{\"@type\":\"Article\",\"@id\":\"https:\/\/consejoderectores.cl\/2013\/12\/01\/603c6d80772ad\/#article\",\"isPartOf\":{\"@id\":\"https:\/\/consejoderectores.cl\/2013\/12\/01\/603c6d80772ad\/\"},\"author\":{\"name\":\"Consejo de Rectores de las Universidades Chilenas\",\"@id\":\"https:\/\/consejoderectores.cl\/en\/#\/schema\/person\/d863e44afde067fd4b57fac66ced709e\"},\"headline\":\"Con reconocimiento de salas comienza un nuevo proceso de rendici\u00f3n de la PSU\",\"datePublished\":\"2013-12-01T00:00:00+00:00\",\"dateModified\":\"2022-01-20T14:27:43+00:00\",\"mainEntityOfPage\":{\"@id\":\"https:\/\/consejoderectores.cl\/2013\/12\/01\/603c6d80772ad\/\"},\"wordCount\":545,\"commentCount\":0,\"publisher\":{\"@id\":\"https:\/\/consejoderectores.cl\/en\/#organization\"},\"image\":{\"@id\":\"https:\/\/consejoderectores.cl\/2013\/12\/01\/603c6d80772ad\/#primaryimage\"},\"thumbnailUrl\":\"https:\/\/consejoderectores.cl\/wp-content\/uploads\/2021\/10\/declaraciones-publicas.jpg\",\"articleSection\":[\"Noticias\"],\"inLanguage\":\"en-US\",\"potentialAction\":[{\"@type\":\"CommentAction\",\"name\":\"Comment\",\"target\":[\"https:\/\/consejoderectores.cl\/2013\/12\/01\/603c6d80772ad\/#respond\"]}]},{\"@type\":\"WebPage\",\"@id\":\"https:\/\/consejoderectores.cl\/2013\/12\/01\/603c6d80772ad\/\",\"url\":\"https:\/\/consejoderectores.cl\/2013\/12\/01\/603c6d80772ad\/\",\"name\":\"Con reconocimiento de salas comienza un nuevo proceso de rendici\u00f3n de la PSU - Consejo de Rectoras y Rectores de las Universidades Chilenas\",\"isPartOf\":{\"@id\":\"https:\/\/consejoderectores.cl\/en\/#website\"},\"primaryImageOfPage\":{\"@id\":\"https:\/\/consejoderectores.cl\/2013\/12\/01\/603c6d80772ad\/#primaryimage\"},\"image\":{\"@id\":\"https:\/\/consejoderectores.cl\/2013\/12\/01\/603c6d80772ad\/#primaryimage\"},\"thumbnailUrl\":\"https:\/\/consejoderectores.cl\/wp-content\/uploads\/2021\/10\/declaraciones-publicas.jpg\",\"datePublished\":\"2013-12-01T00:00:00+00:00\",\"dateModified\":\"2022-01-20T14:27:43+00:00\",\"breadcrumb\":{\"@id\":\"https:\/\/consejoderectores.cl\/2013\/12\/01\/603c6d80772ad\/#breadcrumb\"},\"inLanguage\":\"en-US\",\"potentialAction\":[{\"@type\":\"ReadAction\",\"target\":[\"https:\/\/consejoderectores.cl\/2013\/12\/01\/603c6d80772ad\/\"]}]},{\"@type\":\"ImageObject\",\"inLanguage\":\"en-US\",\"@id\":\"https:\/\/consejoderectores.cl\/2013\/12\/01\/603c6d80772ad\/#primaryimage\",\"url\":\"https:\/\/consejoderectores.cl\/wp-content\/uploads\/2021\/10\/declaraciones-publicas.jpg\",\"contentUrl\":\"https:\/\/consejoderectores.cl\/wp-content\/uploads\/2021\/10\/declaraciones-publicas.jpg\",\"width\":1024,\"height\":500},{\"@type\":\"BreadcrumbList\",\"@id\":\"https:\/\/consejoderectores.cl\/2013\/12\/01\/603c6d80772ad\/#breadcrumb\",\"itemListElement\":[{\"@type\":\"ListItem\",\"position\":1,\"name\":\"Home\",\"item\":\"https:\/\/consejoderectores.cl\/\"},{\"@type\":\"ListItem\",\"position\":2,\"name\":\"Con reconocimiento de salas comienza un nuevo proceso de rendici\u00f3n de la PSU\"}]},{\"@type\":\"WebSite\",\"@id\":\"https:\/\/consejoderectores.cl\/en\/#website\",\"url\":\"https:\/\/consejoderectores.cl\/en\/\",\"name\":\"Consejo de Rectoras y Rectores de las Universidades Chilenas\",\"description\":\"\",\"publisher\":{\"@id\":\"https:\/\/consejoderectores.cl\/en\/#organization\"},\"potentialAction\":[{\"@type\":\"SearchAction\",\"target\":{\"@type\":\"EntryPoint\",\"urlTemplate\":\"https:\/\/consejoderectores.cl\/en\/?s={search_term_string}\"},\"query-input\":{\"@type\":\"PropertyValueSpecification\",\"valueRequired\":true,\"valueName\":\"search_term_string\"}}],\"inLanguage\":\"en-US\"},{\"@type\":\"Organization\",\"@id\":\"https:\/\/consejoderectores.cl\/en\/#organization\",\"name\":\"Consejo de Rectoras y Rectores de las Universidades Chilenas\",\"url\":\"https:\/\/consejoderectores.cl\/en\/\",\"logo\":{\"@type\":\"ImageObject\",\"inLanguage\":\"en-US\",\"@id\":\"https:\/\/consejoderectores.cl\/en\/#\/schema\/logo\/image\/\",\"url\":\"https:\/\/consejoderectores.cl\/wp-content\/uploads\/2025\/12\/logoheader_2025.png\",\"contentUrl\":\"https:\/\/consejoderectores.cl\/wp-content\/uploads\/2025\/12\/logoheader_2025.png\",\"width\":666,\"height\":305,\"caption\":\"Consejo de Rectoras y Rectores de las Universidades Chilenas\"},\"image\":{\"@id\":\"https:\/\/consejoderectores.cl\/en\/#\/schema\/logo\/image\/\"},\"sameAs\":[\"https:\/\/x.com\/CRUCH_cl\",\"https:\/\/www.instagram.com\/consejoderectores\/\",\"https:\/\/www.linkedin.com\/company\/cruch\/\",\"https:\/\/www.youtube.com\/channel\/UCzgIFRCsDlKoFpimiQmEaOA\"]},{\"@type\":\"Person\",\"@id\":\"https:\/\/consejoderectores.cl\/en\/#\/schema\/person\/d863e44afde067fd4b57fac66ced709e\",\"name\":\"Consejo de Rectores de las Universidades Chilenas\",\"image\":{\"@type\":\"ImageObject\",\"inLanguage\":\"en-US\",\"@id\":\"https:\/\/consejoderectores.cl\/en\/#\/schema\/person\/image\/\",\"url\":\"https:\/\/secure.gravatar.com\/avatar\/c31e2a02401f041926afb8ee21ab666f0925814fe85d25a5c8db80e23722dfc1?s=96&d=mm&r=g\",\"contentUrl\":\"https:\/\/secure.gravatar.com\/avatar\/c31e2a02401f041926afb8ee21ab666f0925814fe85d25a5c8db80e23722dfc1?s=96&d=mm&r=g\",\"caption\":\"Consejo de Rectores de las Universidades Chilenas\"},\"sameAs\":[\"https:\/\/www.consejoderectores.cl\"],\"url\":\"https:\/\/consejoderectores.cl\/en\/author\/cruch\/\"}]}<\/script>\n<!-- \/ Yoast SEO plugin. -->","yoast_head_json":{"title":"Con reconocimiento de salas comienza un nuevo proceso de rendici\u00f3n de la PSU - Consejo de Rectoras y Rectores de las Universidades Chilenas","robots":{"index":"index","follow":"follow","max-snippet":"max-snippet:-1","max-image-preview":"max-image-preview:large","max-video-preview":"max-video-preview:-1"},"canonical":"https:\/\/consejoderectores.cl\/en\/2013\/12\/01\/603c6d80772ad\/","og_locale":"en_US","og_type":"article","og_title":"Con reconocimiento de salas comienza un nuevo proceso de rendici\u00f3n de la PSU - Consejo de Rectoras y Rectores de las Universidades Chilenas","og_description":"Los 271 mil j\u00f3venes que rinden la PSU este a\u00f1o tendr\u00e1n hoy la oportunidad de reconocer su sala, lo que reduce la incertidumbre al momento de rendir el test. El vicepresidente ejecutivo del Consejo de Rectores, en conjunto con la directora ejecutiva del Sistema \u00danico de Admisi\u00f3n, Mar\u00eda Elena Gonz\u00e1lez, hicieron un llamado a rendir [&hellip;]","og_url":"https:\/\/consejoderectores.cl\/en\/2013\/12\/01\/603c6d80772ad\/","og_site_name":"Consejo de Rectoras y Rectores de las Universidades Chilenas","article_published_time":"2013-12-01T00:00:00+00:00","article_modified_time":"2022-01-20T14:27:43+00:00","og_image":[{"width":1024,"height":500,"url":"https:\/\/consejoderectores.cl\/wp-content\/uploads\/2021\/10\/declaraciones-publicas.jpg","type":"image\/jpeg"}],"author":"Consejo de Rectores de las Universidades Chilenas","twitter_card":"summary_large_image","twitter_creator":"@CRUCH_cl","twitter_site":"@CRUCH_cl","twitter_misc":{"Written by":"Consejo de Rectores de las Universidades Chilenas","Est. reading time":"3 minutes"},"schema":{"@context":"https:\/\/schema.org","@graph":[{"@type":"Article","@id":"https:\/\/consejoderectores.cl\/2013\/12\/01\/603c6d80772ad\/#article","isPartOf":{"@id":"https:\/\/consejoderectores.cl\/2013\/12\/01\/603c6d80772ad\/"},"author":{"name":"Consejo de Rectores de las Universidades Chilenas","@id":"https:\/\/consejoderectores.cl\/en\/#\/schema\/person\/d863e44afde067fd4b57fac66ced709e"},"headline":"Con reconocimiento de salas comienza un nuevo proceso de rendici\u00f3n de la PSU","datePublished":"2013-12-01T00:00:00+00:00","dateModified":"2022-01-20T14:27:43+00:00","mainEntityOfPage":{"@id":"https:\/\/consejoderectores.cl\/2013\/12\/01\/603c6d80772ad\/"},"wordCount":545,"commentCount":0,"publisher":{"@id":"https:\/\/consejoderectores.cl\/en\/#organization"},"image":{"@id":"https:\/\/consejoderectores.cl\/2013\/12\/01\/603c6d80772ad\/#primaryimage"},"thumbnailUrl":"https:\/\/consejoderectores.cl\/wp-content\/uploads\/2021\/10\/declaraciones-publicas.jpg","articleSection":["Noticias"],"inLanguage":"en-US","potentialAction":[{"@type":"CommentAction","name":"Comment","target":["https:\/\/consejoderectores.cl\/2013\/12\/01\/603c6d80772ad\/#respond"]}]},{"@type":"WebPage","@id":"https:\/\/consejoderectores.cl\/2013\/12\/01\/603c6d80772ad\/","url":"https:\/\/consejoderectores.cl\/2013\/12\/01\/603c6d80772ad\/","name":"Con reconocimiento de salas comienza un nuevo proceso de rendici\u00f3n de la PSU - Consejo de Rectoras y Rectores de las Universidades Chilenas","isPartOf":{"@id":"https:\/\/consejoderectores.cl\/en\/#website"},"primaryImageOfPage":{"@id":"https:\/\/consejoderectores.cl\/2013\/12\/01\/603c6d80772ad\/#primaryimage"},"image":{"@id":"https:\/\/consejoderectores.cl\/2013\/12\/01\/603c6d80772ad\/#primaryimage"},"thumbnailUrl":"https:\/\/consejoderectores.cl\/wp-content\/uploads\/2021\/10\/declaraciones-publicas.jpg","datePublished":"2013-12-01T00:00:00+00:00","dateModified":"2022-01-20T14:27:43+00:00","breadcrumb":{"@id":"https:\/\/consejoderectores.cl\/2013\/12\/01\/603c6d80772ad\/#breadcrumb"},"inLanguage":"en-US","potentialAction":[{"@type":"ReadAction","target":["https:\/\/consejoderectores.cl\/2013\/12\/01\/603c6d80772ad\/"]}]},{"@type":"ImageObject","inLanguage":"en-US","@id":"https:\/\/consejoderectores.cl\/2013\/12\/01\/603c6d80772ad\/#primaryimage","url":"https:\/\/consejoderectores.cl\/wp-content\/uploads\/2021\/10\/declaraciones-publicas.jpg","contentUrl":"https:\/\/consejoderectores.cl\/wp-content\/uploads\/2021\/10\/declaraciones-publicas.jpg","width":1024,"height":500},{"@type":"BreadcrumbList","@id":"https:\/\/consejoderectores.cl\/2013\/12\/01\/603c6d80772ad\/#breadcrumb","itemListElement":[{"@type":"ListItem","position":1,"name":"Home","item":"https:\/\/consejoderectores.cl\/"},{"@type":"ListItem","position":2,"name":"Con reconocimiento de salas comienza un nuevo proceso de rendici\u00f3n de la PSU"}]},{"@type":"WebSite","@id":"https:\/\/consejoderectores.cl\/en\/#website","url":"https:\/\/consejoderectores.cl\/en\/","name":"Council of Rectors of Chilean Universities","description":"","publisher":{"@id":"https:\/\/consejoderectores.cl\/en\/#organization"},"potentialAction":[{"@type":"SearchAction","target":{"@type":"EntryPoint","urlTemplate":"https:\/\/consejoderectores.cl\/en\/?s={search_term_string}"},"query-input":{"@type":"PropertyValueSpecification","valueRequired":true,"valueName":"search_term_string"}}],"inLanguage":"en-US"},{"@type":"Organization","@id":"https:\/\/consejoderectores.cl\/en\/#organization","name":"Council of Rectors of Chilean Universities","url":"https:\/\/consejoderectores.cl\/en\/","logo":{"@type":"ImageObject","inLanguage":"en-US","@id":"https:\/\/consejoderectores.cl\/en\/#\/schema\/logo\/image\/","url":"https:\/\/consejoderectores.cl\/wp-content\/uploads\/2025\/12\/logoheader_2025.png","contentUrl":"https:\/\/consejoderectores.cl\/wp-content\/uploads\/2025\/12\/logoheader_2025.png","width":666,"height":305,"caption":"Consejo de Rectoras y Rectores de las Universidades Chilenas"},"image":{"@id":"https:\/\/consejoderectores.cl\/en\/#\/schema\/logo\/image\/"},"sameAs":["https:\/\/x.com\/CRUCH_cl","https:\/\/www.instagram.com\/consejoderectores\/","https:\/\/www.linkedin.com\/company\/cruch\/","https:\/\/www.youtube.com\/channel\/UCzgIFRCsDlKoFpimiQmEaOA"]},{"@type":"Person","@id":"https:\/\/consejoderectores.cl\/en\/#\/schema\/person\/d863e44afde067fd4b57fac66ced709e","name":"Council of Rectors of Chilean Universities","image":{"@type":"ImageObject","inLanguage":"en-US","@id":"https:\/\/consejoderectores.cl\/en\/#\/schema\/person\/image\/","url":"https:\/\/secure.gravatar.com\/avatar\/c31e2a02401f041926afb8ee21ab666f0925814fe85d25a5c8db80e23722dfc1?s=96&d=mm&r=g","contentUrl":"https:\/\/secure.gravatar.com\/avatar\/c31e2a02401f041926afb8ee21ab666f0925814fe85d25a5c8db80e23722dfc1?s=96&d=mm&r=g","caption":"Consejo de Rectores de las Universidades Chilenas"},"sameAs":["https:\/\/www.consejoderectores.cl"],"url":"https:\/\/consejoderectores.cl\/en\/author\/cruch\/"}]}},"_links":{"self":[{"href":"https:\/\/consejoderectores.cl\/en\/wp-json\/wp\/v2\/posts\/1313","targetHints":{"allow":["GET"]}}],"collection":[{"href":"https:\/\/consejoderectores.cl\/en\/wp-json\/wp\/v2\/posts"}],"about":[{"href":"https:\/\/consejoderectores.cl\/en\/wp-json\/wp\/v2\/types\/post"}],"author":[{"embeddable":true,"href":"https:\/\/consejoderectores.cl\/en\/wp-json\/wp\/v2\/users\/1"}],"replies":[{"embeddable":true,"href":"https:\/\/consejoderectores.cl\/en\/wp-json\/wp\/v2\/comments?post=1313"}],"version-history":[{"count":2,"href":"https:\/\/consejoderectores.cl\/en\/wp-json\/wp\/v2\/posts\/1313\/revisions"}],"predecessor-version":[{"id":5646,"href":"https:\/\/consejoderectores.cl\/en\/wp-json\/wp\/v2\/posts\/1313\/revisions\/5646"}],"wp:featuredmedia":[{"embeddable":true,"href":"https:\/\/consejoderectores.cl\/en\/wp-json\/wp\/v2\/media\/3592"}],"wp:attachment":[{"href":"https:\/\/consejoderectores.cl\/en\/wp-json\/wp\/v2\/media?parent=1313"}],"wp:term":[{"taxonomy":"category","embeddable":true,"href":"https:\/\/consejoderectores.cl\/en\/wp-json\/wp\/v2\/categories?post=1313"},{"taxonomy":"post_tag","embeddable":true,"href":"https:\/\/consejoderectores.cl\/en\/wp-json\/wp\/v2\/tags?post=1313"}],"curies":[{"name":"wp","href":"https:\/\/api.w.org\/{rel}","templated":true}]}}