{"id":1311,"date":"2013-11-21T00:00:00","date_gmt":"2013-11-21T00:00:00","guid":{"rendered":""},"modified":"2022-01-20T14:44:40","modified_gmt":"2022-01-20T14:44:40","slug":"603c6d807714f","status":"publish","type":"post","link":"https:\/\/consejoderectores.cl\/en\/2013\/11\/21\/603c6d807714f\/","title":{"rendered":"Successful seminar on Teacher Training in Valpara\u00edso"},"content":{"rendered":"<blockquote><p>The Seminar on Initial Teacher Training, which brought together academics and education experts from across the country in Valpara\u00edso over two days, received a very positive evaluation. The event was organized by the University of Playa Ancha and the Council of Rectors.<\/p><\/blockquote>\n<p>The Seminar on Initial Teacher Training, which drew a large number of experts, was held in Valpara\u00edso over two days (November 20 and 21) at the University of Playa Ancha. The meeting analyzed policies related to teacher training and reviewed both teacher evaluation systems (with an emphasis on the Inicia test) and the practicums of student teachers and their situation within their training institutions.<\/p>\n<p>The meeting brought together leading experts in the field. The first presentation, \u201cInitial Evaluation and Teacher Management,\u201d was given by the distinguished academic Erika Himmel (Pontifical Catholic University of Chile), recipient of the 2011 National Education Award. After outlining the complex current situation regarding teacher evaluation, she concluded that \u201cteacher evaluation has begun in Chile, but it lacks further development in areas such as the creation of more effective instruments for evaluating curriculum designs.\u201d.<\/p>\n<p>Her presentation was commented on by academics Mar\u00eda Liliana Delgadillo (Pontifical Catholic University of Valpara\u00edso), Cristi\u00e1n S\u00e1nchez (Pontifical Catholic University of Chile) and Jaqueline Gysling (University of Chile), plus the contributions of other seminar attendees.<\/p>\n<h4>Student as center<\/h4>\n<p>On the first day of the seminar, the importance of practical experience in the training process of future teachers was highlighted, a topic that was analyzed extensively the following day by Horacio Walker (Diego Portales University) and discussed by academics Carla Barr\u00eda (University of Concepci\u00f3n), Pelusa Orellana (University of Los Andes) and Claudio Almonacid (Metropolitan University of Educational Sciences).<\/p>\n<p>Walker highlighted the significant heterogeneity that exists in our country when it comes to addressing teaching practices, despite the consensus on their importance. \u201cIt seems that, as a country, we still lack a consensus regarding what a student should be doing in the final stages of their teacher training, in something that defines a teacher, such as teaching classes.\u201d.<\/p>\n<p>This is not the only uncertainty regarding students. A quick exercise proposed by the Academic Vice-Rector of UPLA, Tito Larrondo Gonz\u00e1lez, yielded a unanimous opinion from the seminar attendees: there are no policies regarding university students, especially those in teacher training programs.<\/p>\n<h4>Positive balance<\/h4>\n<p>Mar\u00eda Teresa Marshall, executive director of the Council of Rectors, described this seminar as \u201cthe most thought-provoking\u201d of those organized annually by her organization within the framework of the working committees of the academic vice-rectors of the Council of Rectors of Chilean Universities (CRUCH). This event, organized jointly with UPLA, featured for the first time a collaborative analysis of \u201cthe lack of public awareness, both nationally and among universities, regarding initial teacher training.\u201d.<\/p>\n<p>This lack has generated an inorganic and even competitive work of the universities, so Marshall proposed to continue working on this issue with the vice-rectors and other groups of academics &quot;to raise this vision on initial teacher training, which from there will go to public policies, to evaluation systems and to universities&quot;\u201c<\/p>","protected":false},"excerpt":{"rendered":"<p>Muy positiva fue la evaluaci\u00f3n del Seminario sobre Formaci\u00f3n Inicial Docente que durante dos d\u00edas reuni\u00f3 en Valpara\u00edso a acad\u00e9micos y expertos en educaci\u00f3n de todo el pa\u00eds. El encuentro fue organizado por la Universidad de Playa Ancha y el Consejo de Rectores. Con gran convocatoria de expertos se celebr\u00f3 en Valpara\u00edso el Seminario sobre [&hellip;]<\/p>\n","protected":false},"author":1,"featured_media":3592,"comment_status":"open","ping_status":"open","sticky":false,"template":"","format":"standard","meta":{"_acf_changed":false,"footnotes":""},"categories":[3],"tags":[],"class_list":["post-1311","post","type-post","status-publish","format-standard","has-post-thumbnail","hentry","category-noticias"],"acf":[],"yoast_head":"<!-- This site is optimized with the Yoast SEO plugin v27.1.1 - https:\/\/yoast.com\/product\/yoast-seo-wordpress\/ -->\n<title>Exitoso seminario sobre Formaci\u00f3n Docente en Valpara\u00edso - Consejo de Rectoras y Rectores de las Universidades Chilenas<\/title>\n<meta name=\"robots\" content=\"index, follow, max-snippet:-1, max-image-preview:large, max-video-preview:-1\" \/>\n<link rel=\"canonical\" href=\"https:\/\/consejoderectores.cl\/en\/2013\/11\/21\/603c6d807714f\/\" \/>\n<meta property=\"og:locale\" content=\"en_US\" \/>\n<meta property=\"og:type\" content=\"article\" \/>\n<meta property=\"og:title\" content=\"Exitoso seminario sobre Formaci\u00f3n Docente en Valpara\u00edso - Consejo de Rectoras y Rectores de las Universidades Chilenas\" \/>\n<meta property=\"og:description\" content=\"Muy positiva fue la evaluaci\u00f3n del Seminario sobre Formaci\u00f3n Inicial Docente que durante dos d\u00edas reuni\u00f3 en Valpara\u00edso a acad\u00e9micos y expertos en educaci\u00f3n de todo el pa\u00eds. El encuentro fue organizado por la Universidad de Playa Ancha y el Consejo de Rectores. Con gran convocatoria de expertos se celebr\u00f3 en Valpara\u00edso el Seminario sobre [&hellip;]\" \/>\n<meta property=\"og:url\" content=\"https:\/\/consejoderectores.cl\/en\/2013\/11\/21\/603c6d807714f\/\" \/>\n<meta property=\"og:site_name\" content=\"Consejo de Rectoras y Rectores de las Universidades Chilenas\" \/>\n<meta property=\"article:published_time\" content=\"2013-11-21T00:00:00+00:00\" \/>\n<meta property=\"article:modified_time\" content=\"2022-01-20T14:44:40+00:00\" \/>\n<meta property=\"og:image\" content=\"https:\/\/consejoderectores.cl\/wp-content\/uploads\/2021\/10\/declaraciones-publicas.jpg\" \/>\n\t<meta property=\"og:image:width\" content=\"1024\" \/>\n\t<meta property=\"og:image:height\" content=\"500\" \/>\n\t<meta property=\"og:image:type\" content=\"image\/jpeg\" \/>\n<meta name=\"author\" content=\"Consejo de Rectores de las Universidades Chilenas\" \/>\n<meta name=\"twitter:card\" content=\"summary_large_image\" \/>\n<meta name=\"twitter:creator\" content=\"@CRUCH_cl\" \/>\n<meta name=\"twitter:site\" content=\"@CRUCH_cl\" \/>\n<meta name=\"twitter:label1\" content=\"Written by\" \/>\n\t<meta name=\"twitter:data1\" content=\"Consejo de Rectores de las Universidades Chilenas\" \/>\n\t<meta name=\"twitter:label2\" content=\"Est. reading time\" \/>\n\t<meta name=\"twitter:data2\" content=\"3 minutes\" \/>\n<script type=\"application\/ld+json\" class=\"yoast-schema-graph\">{\"@context\":\"https:\/\/schema.org\",\"@graph\":[{\"@type\":\"Article\",\"@id\":\"https:\/\/consejoderectores.cl\/2013\/11\/21\/603c6d807714f\/#article\",\"isPartOf\":{\"@id\":\"https:\/\/consejoderectores.cl\/2013\/11\/21\/603c6d807714f\/\"},\"author\":{\"name\":\"Consejo de Rectores de las Universidades Chilenas\",\"@id\":\"https:\/\/consejoderectores.cl\/en\/#\/schema\/person\/d863e44afde067fd4b57fac66ced709e\"},\"headline\":\"Exitoso seminario sobre Formaci\u00f3n Docente en Valpara\u00edso\",\"datePublished\":\"2013-11-21T00:00:00+00:00\",\"dateModified\":\"2022-01-20T14:44:40+00:00\",\"mainEntityOfPage\":{\"@id\":\"https:\/\/consejoderectores.cl\/2013\/11\/21\/603c6d807714f\/\"},\"wordCount\":620,\"commentCount\":0,\"publisher\":{\"@id\":\"https:\/\/consejoderectores.cl\/en\/#organization\"},\"image\":{\"@id\":\"https:\/\/consejoderectores.cl\/2013\/11\/21\/603c6d807714f\/#primaryimage\"},\"thumbnailUrl\":\"https:\/\/consejoderectores.cl\/wp-content\/uploads\/2021\/10\/declaraciones-publicas.jpg\",\"articleSection\":[\"Noticias\"],\"inLanguage\":\"en-US\",\"potentialAction\":[{\"@type\":\"CommentAction\",\"name\":\"Comment\",\"target\":[\"https:\/\/consejoderectores.cl\/2013\/11\/21\/603c6d807714f\/#respond\"]}]},{\"@type\":\"WebPage\",\"@id\":\"https:\/\/consejoderectores.cl\/2013\/11\/21\/603c6d807714f\/\",\"url\":\"https:\/\/consejoderectores.cl\/2013\/11\/21\/603c6d807714f\/\",\"name\":\"Exitoso seminario sobre Formaci\u00f3n Docente en Valpara\u00edso - Consejo de Rectoras y Rectores de las Universidades Chilenas\",\"isPartOf\":{\"@id\":\"https:\/\/consejoderectores.cl\/en\/#website\"},\"primaryImageOfPage\":{\"@id\":\"https:\/\/consejoderectores.cl\/2013\/11\/21\/603c6d807714f\/#primaryimage\"},\"image\":{\"@id\":\"https:\/\/consejoderectores.cl\/2013\/11\/21\/603c6d807714f\/#primaryimage\"},\"thumbnailUrl\":\"https:\/\/consejoderectores.cl\/wp-content\/uploads\/2021\/10\/declaraciones-publicas.jpg\",\"datePublished\":\"2013-11-21T00:00:00+00:00\",\"dateModified\":\"2022-01-20T14:44:40+00:00\",\"breadcrumb\":{\"@id\":\"https:\/\/consejoderectores.cl\/2013\/11\/21\/603c6d807714f\/#breadcrumb\"},\"inLanguage\":\"en-US\",\"potentialAction\":[{\"@type\":\"ReadAction\",\"target\":[\"https:\/\/consejoderectores.cl\/2013\/11\/21\/603c6d807714f\/\"]}]},{\"@type\":\"ImageObject\",\"inLanguage\":\"en-US\",\"@id\":\"https:\/\/consejoderectores.cl\/2013\/11\/21\/603c6d807714f\/#primaryimage\",\"url\":\"https:\/\/consejoderectores.cl\/wp-content\/uploads\/2021\/10\/declaraciones-publicas.jpg\",\"contentUrl\":\"https:\/\/consejoderectores.cl\/wp-content\/uploads\/2021\/10\/declaraciones-publicas.jpg\",\"width\":1024,\"height\":500},{\"@type\":\"BreadcrumbList\",\"@id\":\"https:\/\/consejoderectores.cl\/2013\/11\/21\/603c6d807714f\/#breadcrumb\",\"itemListElement\":[{\"@type\":\"ListItem\",\"position\":1,\"name\":\"Home\",\"item\":\"https:\/\/consejoderectores.cl\/\"},{\"@type\":\"ListItem\",\"position\":2,\"name\":\"Exitoso seminario sobre Formaci\u00f3n Docente en Valpara\u00edso\"}]},{\"@type\":\"WebSite\",\"@id\":\"https:\/\/consejoderectores.cl\/en\/#website\",\"url\":\"https:\/\/consejoderectores.cl\/en\/\",\"name\":\"Consejo de Rectoras y Rectores de las Universidades Chilenas\",\"description\":\"\",\"publisher\":{\"@id\":\"https:\/\/consejoderectores.cl\/en\/#organization\"},\"potentialAction\":[{\"@type\":\"SearchAction\",\"target\":{\"@type\":\"EntryPoint\",\"urlTemplate\":\"https:\/\/consejoderectores.cl\/en\/?s={search_term_string}\"},\"query-input\":{\"@type\":\"PropertyValueSpecification\",\"valueRequired\":true,\"valueName\":\"search_term_string\"}}],\"inLanguage\":\"en-US\"},{\"@type\":\"Organization\",\"@id\":\"https:\/\/consejoderectores.cl\/en\/#organization\",\"name\":\"Consejo de Rectoras y Rectores de las Universidades Chilenas\",\"url\":\"https:\/\/consejoderectores.cl\/en\/\",\"logo\":{\"@type\":\"ImageObject\",\"inLanguage\":\"en-US\",\"@id\":\"https:\/\/consejoderectores.cl\/en\/#\/schema\/logo\/image\/\",\"url\":\"https:\/\/consejoderectores.cl\/wp-content\/uploads\/2025\/12\/logoheader_2025.png\",\"contentUrl\":\"https:\/\/consejoderectores.cl\/wp-content\/uploads\/2025\/12\/logoheader_2025.png\",\"width\":666,\"height\":305,\"caption\":\"Consejo de Rectoras y Rectores de las Universidades Chilenas\"},\"image\":{\"@id\":\"https:\/\/consejoderectores.cl\/en\/#\/schema\/logo\/image\/\"},\"sameAs\":[\"https:\/\/x.com\/CRUCH_cl\",\"https:\/\/www.instagram.com\/consejoderectores\/\",\"https:\/\/www.linkedin.com\/company\/cruch\/\",\"https:\/\/www.youtube.com\/channel\/UCzgIFRCsDlKoFpimiQmEaOA\"]},{\"@type\":\"Person\",\"@id\":\"https:\/\/consejoderectores.cl\/en\/#\/schema\/person\/d863e44afde067fd4b57fac66ced709e\",\"name\":\"Consejo de Rectores de las Universidades Chilenas\",\"image\":{\"@type\":\"ImageObject\",\"inLanguage\":\"en-US\",\"@id\":\"https:\/\/consejoderectores.cl\/en\/#\/schema\/person\/image\/\",\"url\":\"https:\/\/secure.gravatar.com\/avatar\/c31e2a02401f041926afb8ee21ab666f0925814fe85d25a5c8db80e23722dfc1?s=96&d=mm&r=g\",\"contentUrl\":\"https:\/\/secure.gravatar.com\/avatar\/c31e2a02401f041926afb8ee21ab666f0925814fe85d25a5c8db80e23722dfc1?s=96&d=mm&r=g\",\"caption\":\"Consejo de Rectores de las Universidades Chilenas\"},\"sameAs\":[\"https:\/\/www.consejoderectores.cl\"],\"url\":\"https:\/\/consejoderectores.cl\/en\/author\/cruch\/\"}]}<\/script>\n<!-- \/ Yoast SEO plugin. -->","yoast_head_json":{"title":"Exitoso seminario sobre Formaci\u00f3n Docente en Valpara\u00edso - Consejo de Rectoras y Rectores de las Universidades Chilenas","robots":{"index":"index","follow":"follow","max-snippet":"max-snippet:-1","max-image-preview":"max-image-preview:large","max-video-preview":"max-video-preview:-1"},"canonical":"https:\/\/consejoderectores.cl\/en\/2013\/11\/21\/603c6d807714f\/","og_locale":"en_US","og_type":"article","og_title":"Exitoso seminario sobre Formaci\u00f3n Docente en Valpara\u00edso - Consejo de Rectoras y Rectores de las Universidades Chilenas","og_description":"Muy positiva fue la evaluaci\u00f3n del Seminario sobre Formaci\u00f3n Inicial Docente que durante dos d\u00edas reuni\u00f3 en Valpara\u00edso a acad\u00e9micos y expertos en educaci\u00f3n de todo el pa\u00eds. El encuentro fue organizado por la Universidad de Playa Ancha y el Consejo de Rectores. Con gran convocatoria de expertos se celebr\u00f3 en Valpara\u00edso el Seminario sobre [&hellip;]","og_url":"https:\/\/consejoderectores.cl\/en\/2013\/11\/21\/603c6d807714f\/","og_site_name":"Consejo de Rectoras y Rectores de las Universidades Chilenas","article_published_time":"2013-11-21T00:00:00+00:00","article_modified_time":"2022-01-20T14:44:40+00:00","og_image":[{"width":1024,"height":500,"url":"https:\/\/consejoderectores.cl\/wp-content\/uploads\/2021\/10\/declaraciones-publicas.jpg","type":"image\/jpeg"}],"author":"Consejo de Rectores de las Universidades Chilenas","twitter_card":"summary_large_image","twitter_creator":"@CRUCH_cl","twitter_site":"@CRUCH_cl","twitter_misc":{"Written by":"Consejo de Rectores de las Universidades Chilenas","Est. reading time":"3 minutes"},"schema":{"@context":"https:\/\/schema.org","@graph":[{"@type":"Article","@id":"https:\/\/consejoderectores.cl\/2013\/11\/21\/603c6d807714f\/#article","isPartOf":{"@id":"https:\/\/consejoderectores.cl\/2013\/11\/21\/603c6d807714f\/"},"author":{"name":"Consejo de Rectores de las Universidades Chilenas","@id":"https:\/\/consejoderectores.cl\/en\/#\/schema\/person\/d863e44afde067fd4b57fac66ced709e"},"headline":"Exitoso seminario sobre Formaci\u00f3n Docente en Valpara\u00edso","datePublished":"2013-11-21T00:00:00+00:00","dateModified":"2022-01-20T14:44:40+00:00","mainEntityOfPage":{"@id":"https:\/\/consejoderectores.cl\/2013\/11\/21\/603c6d807714f\/"},"wordCount":620,"commentCount":0,"publisher":{"@id":"https:\/\/consejoderectores.cl\/en\/#organization"},"image":{"@id":"https:\/\/consejoderectores.cl\/2013\/11\/21\/603c6d807714f\/#primaryimage"},"thumbnailUrl":"https:\/\/consejoderectores.cl\/wp-content\/uploads\/2021\/10\/declaraciones-publicas.jpg","articleSection":["Noticias"],"inLanguage":"en-US","potentialAction":[{"@type":"CommentAction","name":"Comment","target":["https:\/\/consejoderectores.cl\/2013\/11\/21\/603c6d807714f\/#respond"]}]},{"@type":"WebPage","@id":"https:\/\/consejoderectores.cl\/2013\/11\/21\/603c6d807714f\/","url":"https:\/\/consejoderectores.cl\/2013\/11\/21\/603c6d807714f\/","name":"Exitoso seminario sobre Formaci\u00f3n Docente en Valpara\u00edso - Consejo de Rectoras y Rectores de las Universidades Chilenas","isPartOf":{"@id":"https:\/\/consejoderectores.cl\/en\/#website"},"primaryImageOfPage":{"@id":"https:\/\/consejoderectores.cl\/2013\/11\/21\/603c6d807714f\/#primaryimage"},"image":{"@id":"https:\/\/consejoderectores.cl\/2013\/11\/21\/603c6d807714f\/#primaryimage"},"thumbnailUrl":"https:\/\/consejoderectores.cl\/wp-content\/uploads\/2021\/10\/declaraciones-publicas.jpg","datePublished":"2013-11-21T00:00:00+00:00","dateModified":"2022-01-20T14:44:40+00:00","breadcrumb":{"@id":"https:\/\/consejoderectores.cl\/2013\/11\/21\/603c6d807714f\/#breadcrumb"},"inLanguage":"en-US","potentialAction":[{"@type":"ReadAction","target":["https:\/\/consejoderectores.cl\/2013\/11\/21\/603c6d807714f\/"]}]},{"@type":"ImageObject","inLanguage":"en-US","@id":"https:\/\/consejoderectores.cl\/2013\/11\/21\/603c6d807714f\/#primaryimage","url":"https:\/\/consejoderectores.cl\/wp-content\/uploads\/2021\/10\/declaraciones-publicas.jpg","contentUrl":"https:\/\/consejoderectores.cl\/wp-content\/uploads\/2021\/10\/declaraciones-publicas.jpg","width":1024,"height":500},{"@type":"BreadcrumbList","@id":"https:\/\/consejoderectores.cl\/2013\/11\/21\/603c6d807714f\/#breadcrumb","itemListElement":[{"@type":"ListItem","position":1,"name":"Home","item":"https:\/\/consejoderectores.cl\/"},{"@type":"ListItem","position":2,"name":"Exitoso seminario sobre Formaci\u00f3n Docente en Valpara\u00edso"}]},{"@type":"WebSite","@id":"https:\/\/consejoderectores.cl\/en\/#website","url":"https:\/\/consejoderectores.cl\/en\/","name":"Council of Rectors of Chilean Universities","description":"","publisher":{"@id":"https:\/\/consejoderectores.cl\/en\/#organization"},"potentialAction":[{"@type":"SearchAction","target":{"@type":"EntryPoint","urlTemplate":"https:\/\/consejoderectores.cl\/en\/?s={search_term_string}"},"query-input":{"@type":"PropertyValueSpecification","valueRequired":true,"valueName":"search_term_string"}}],"inLanguage":"en-US"},{"@type":"Organization","@id":"https:\/\/consejoderectores.cl\/en\/#organization","name":"Council of Rectors of Chilean Universities","url":"https:\/\/consejoderectores.cl\/en\/","logo":{"@type":"ImageObject","inLanguage":"en-US","@id":"https:\/\/consejoderectores.cl\/en\/#\/schema\/logo\/image\/","url":"https:\/\/consejoderectores.cl\/wp-content\/uploads\/2025\/12\/logoheader_2025.png","contentUrl":"https:\/\/consejoderectores.cl\/wp-content\/uploads\/2025\/12\/logoheader_2025.png","width":666,"height":305,"caption":"Consejo de Rectoras y Rectores de las Universidades Chilenas"},"image":{"@id":"https:\/\/consejoderectores.cl\/en\/#\/schema\/logo\/image\/"},"sameAs":["https:\/\/x.com\/CRUCH_cl","https:\/\/www.instagram.com\/consejoderectores\/","https:\/\/www.linkedin.com\/company\/cruch\/","https:\/\/www.youtube.com\/channel\/UCzgIFRCsDlKoFpimiQmEaOA"]},{"@type":"Person","@id":"https:\/\/consejoderectores.cl\/en\/#\/schema\/person\/d863e44afde067fd4b57fac66ced709e","name":"Council of Rectors of Chilean Universities","image":{"@type":"ImageObject","inLanguage":"en-US","@id":"https:\/\/consejoderectores.cl\/en\/#\/schema\/person\/image\/","url":"https:\/\/secure.gravatar.com\/avatar\/c31e2a02401f041926afb8ee21ab666f0925814fe85d25a5c8db80e23722dfc1?s=96&d=mm&r=g","contentUrl":"https:\/\/secure.gravatar.com\/avatar\/c31e2a02401f041926afb8ee21ab666f0925814fe85d25a5c8db80e23722dfc1?s=96&d=mm&r=g","caption":"Consejo de Rectores de las Universidades Chilenas"},"sameAs":["https:\/\/www.consejoderectores.cl"],"url":"https:\/\/consejoderectores.cl\/en\/author\/cruch\/"}]}},"_links":{"self":[{"href":"https:\/\/consejoderectores.cl\/en\/wp-json\/wp\/v2\/posts\/1311","targetHints":{"allow":["GET"]}}],"collection":[{"href":"https:\/\/consejoderectores.cl\/en\/wp-json\/wp\/v2\/posts"}],"about":[{"href":"https:\/\/consejoderectores.cl\/en\/wp-json\/wp\/v2\/types\/post"}],"author":[{"embeddable":true,"href":"https:\/\/consejoderectores.cl\/en\/wp-json\/wp\/v2\/users\/1"}],"replies":[{"embeddable":true,"href":"https:\/\/consejoderectores.cl\/en\/wp-json\/wp\/v2\/comments?post=1311"}],"version-history":[{"count":2,"href":"https:\/\/consejoderectores.cl\/en\/wp-json\/wp\/v2\/posts\/1311\/revisions"}],"predecessor-version":[{"id":5655,"href":"https:\/\/consejoderectores.cl\/en\/wp-json\/wp\/v2\/posts\/1311\/revisions\/5655"}],"wp:featuredmedia":[{"embeddable":true,"href":"https:\/\/consejoderectores.cl\/en\/wp-json\/wp\/v2\/media\/3592"}],"wp:attachment":[{"href":"https:\/\/consejoderectores.cl\/en\/wp-json\/wp\/v2\/media?parent=1311"}],"wp:term":[{"taxonomy":"category","embeddable":true,"href":"https:\/\/consejoderectores.cl\/en\/wp-json\/wp\/v2\/categories?post=1311"},{"taxonomy":"post_tag","embeddable":true,"href":"https:\/\/consejoderectores.cl\/en\/wp-json\/wp\/v2\/tags?post=1311"}],"curies":[{"name":"wp","href":"https:\/\/api.w.org\/{rel}","templated":true}]}}